{"id":15808,"date":"2023-06-27T01:03:02","date_gmt":"2023-06-27T01:03:02","guid":{"rendered":"https:\/\/www.valparaisocreativo.cl\/?p=15808"},"modified":"2023-06-27T01:03:07","modified_gmt":"2023-06-27T01:03:07","slug":"no-somos-el-clasico-colectivo-taikuma-de-limache","status":"publish","type":"post","link":"https:\/\/dev.antudigital.cl\/sites\/vc\/no-somos-el-clasico-colectivo-taikuma-de-limache\/","title":{"rendered":"\u00abNo somos el cl\u00e1sico colectivo\u00bb Taikuma de Limache"},"content":{"rendered":"\n<p>Hace un tiempo tuvimos el honor de conocer a <a href=\"https:\/\/www.instagram.com\/taikumaarte\/\">Taikuma<\/a>, colectivo de artes compuesto por una familia interdisciplinaria, quienes desde el 2003 decidieron emprender en el \u00e1rea cultural, buscando apoyarse en la uni\u00f3n de fuerzas y colaboraci\u00f3n principalmente.<\/p>\n\n\n\n<p>Al principio, eran s\u00f3lo Marcela Cajigal, licenciada en arte y diplomada en Interculturalidad, junto a Oscar Ricardo Ortiz, m\u00fasico con estudios de composici\u00f3n y arreglo. Ambos son pareja y decidieron ofrecer sus servicios en conjunto, producir actividades y as\u00ed poder unir fuerzas. Luego se sum\u00f3 su hija, Manuela Guti\u00e9rrez Cajigal, licenciada en artes visuales, y Sim\u00f3n Ortiz Cjigal, su hijo, escritor.<\/p>\n\n\n\n<p>As\u00ed terminaron siendo cuatro creativos de distintas disciplinas y formaciones, quienes ya llevan m\u00e1s de 20 a\u00f1os como colectivo vinculado al tema territorial, \u201cen especial nos interesa la cultura patrimonial del territorio, las artes visuales, la m\u00fasica, lo audiovisual y ahora la literatura\u201d.<\/p>\n\n\n\n<p>Esto les ha permitido experimentar en distintas \u00e1reas, no s\u00f3lo como Taikuma, por ejemplo: \u201cOfrecemos nuestros servicios de composici\u00f3n y armamos una peque\u00f1a productora audiovisual y fotogr\u00e1fica, llamada De Culto producciones, con eso tambi\u00e9n brindamos servicios de registro de conciertos o actividades vinculadas a las artes y el patrimonio\u201d.<\/p>\n\n\n\n<figure class=\"wp-block-image size-large\"><img fetchpriority=\"high\" decoding=\"async\" width=\"1024\" height=\"683\" src=\"https:\/\/www.valparaisocreativo.cl\/wp-content\/uploads\/2023\/06\/Taikuma-3-1024x683.jpeg\" alt=\"\" class=\"wp-image-15811\" srcset=\"https:\/\/dev.antudigital.cl\/sites\/vc\/wp-content\/uploads\/2023\/06\/Taikuma-3-1024x683.jpeg 1024w, https:\/\/dev.antudigital.cl\/sites\/vc\/wp-content\/uploads\/2023\/06\/Taikuma-3-300x200.jpeg 300w, https:\/\/dev.antudigital.cl\/sites\/vc\/wp-content\/uploads\/2023\/06\/Taikuma-3-768x512.jpeg 768w, https:\/\/dev.antudigital.cl\/sites\/vc\/wp-content\/uploads\/2023\/06\/Taikuma-3-1536x1024.jpeg 1536w, https:\/\/dev.antudigital.cl\/sites\/vc\/wp-content\/uploads\/2023\/06\/Taikuma-3-1080x720.jpeg 1080w, https:\/\/dev.antudigital.cl\/sites\/vc\/wp-content\/uploads\/2023\/06\/Taikuma-3-1280x853.jpeg 1280w, https:\/\/dev.antudigital.cl\/sites\/vc\/wp-content\/uploads\/2023\/06\/Taikuma-3-980x653.jpeg 980w, https:\/\/dev.antudigital.cl\/sites\/vc\/wp-content\/uploads\/2023\/06\/Taikuma-3-480x320.jpeg 480w, https:\/\/dev.antudigital.cl\/sites\/vc\/wp-content\/uploads\/2023\/06\/Taikuma-3-24x16.jpeg 24w, https:\/\/dev.antudigital.cl\/sites\/vc\/wp-content\/uploads\/2023\/06\/Taikuma-3-36x24.jpeg 36w, https:\/\/dev.antudigital.cl\/sites\/vc\/wp-content\/uploads\/2023\/06\/Taikuma-3-48x32.jpeg 48w, https:\/\/dev.antudigital.cl\/sites\/vc\/wp-content\/uploads\/2023\/06\/Taikuma-3.jpeg 2048w\" sizes=\"(max-width: 1024px) 100vw, 1024px\" \/><\/figure>\n\n\n\n<p><a href=\"https:\/\/taikuma.cl\/\">Taikuma<\/a> es un colectivo familiar de Limache, y trabajan desde ac\u00e1 poniendo a disposici\u00f3n su talento e infraestructura: \u201cTenemos de todo a nivel de t\u00e9cnica y contamos con un espacio para artes esc\u00e9nicas, un taller de artes visuales, pero todo en Limache\u201d.<\/p>\n\n\n\n<p>Actualmente est\u00e1n buscando financiamiento para crecer y difundir su labor m\u00e1s ampliamente. Han estado postulando a instrumentos Corfo, por ejemplo un PAR Impulsa para poder realizar una itinerancia art\u00edstica por la Regi\u00f3n de Valpara\u00edso. A\u00fan as\u00ed, necesitan ampliar sus redes y fondos.<\/p>\n\n\n\n<p>\u201cLo que el Colectivo Taikuma propone tiene que ver con la difusi\u00f3n de la cultura territorial, a trav\u00e9s de talleres, clases y a\u00fan se necesitan m\u00e1s instancias para esta promoci\u00f3n\u201d afirman como misi\u00f3n y visi\u00f3n.&nbsp;<\/p>\n\n\n\n<p>Por otra parte, tambi\u00e9n nos comentan su visi\u00f3n de este territorio que quieren afectar: \u201cAc\u00e1 en Limache se han venido a radicar muchos artistas que buscan mejor calidad de vida. La mayor\u00eda de la gente es m\u00e1s joven con ni\u00f1os peque\u00f1os, quienes intentan criar en la ruralidad y se arman espacios y grupos culturales, focos culturales que intentan rescatar la identidad igual que nosotros. Los espacios urbanos no tienen mucho contacto con la tierra y con la gente del espacio. Ac\u00e1, para no olvidar de donde somos, se da una din\u00e1mica que rescata y que podr\u00eda transformarse en lo patrimonial de los territorios\u201d.<\/p>\n\n\n\n<figure class=\"wp-block-image size-large\"><img decoding=\"async\" width=\"1024\" height=\"1024\" src=\"https:\/\/www.valparaisocreativo.cl\/wp-content\/uploads\/2023\/06\/Taikuma-2-1024x1024.jpeg\" alt=\"\" class=\"wp-image-15809\" srcset=\"https:\/\/dev.antudigital.cl\/sites\/vc\/wp-content\/uploads\/2023\/06\/Taikuma-2-1024x1024.jpeg 1024w, https:\/\/dev.antudigital.cl\/sites\/vc\/wp-content\/uploads\/2023\/06\/Taikuma-2-300x300.jpeg 300w, https:\/\/dev.antudigital.cl\/sites\/vc\/wp-content\/uploads\/2023\/06\/Taikuma-2-150x150.jpeg 150w, https:\/\/dev.antudigital.cl\/sites\/vc\/wp-content\/uploads\/2023\/06\/Taikuma-2-768x768.jpeg 768w, https:\/\/dev.antudigital.cl\/sites\/vc\/wp-content\/uploads\/2023\/06\/Taikuma-2-1080x1080.jpeg 1080w, https:\/\/dev.antudigital.cl\/sites\/vc\/wp-content\/uploads\/2023\/06\/Taikuma-2-1280x1280.jpeg 1280w, https:\/\/dev.antudigital.cl\/sites\/vc\/wp-content\/uploads\/2023\/06\/Taikuma-2-980x980.jpeg 980w, https:\/\/dev.antudigital.cl\/sites\/vc\/wp-content\/uploads\/2023\/06\/Taikuma-2-480x480.jpeg 480w, https:\/\/dev.antudigital.cl\/sites\/vc\/wp-content\/uploads\/2023\/06\/Taikuma-2-24x24.jpeg 24w, https:\/\/dev.antudigital.cl\/sites\/vc\/wp-content\/uploads\/2023\/06\/Taikuma-2-36x36.jpeg 36w, https:\/\/dev.antudigital.cl\/sites\/vc\/wp-content\/uploads\/2023\/06\/Taikuma-2-48x48.jpeg 48w, https:\/\/dev.antudigital.cl\/sites\/vc\/wp-content\/uploads\/2023\/06\/Taikuma-2.jpeg 1461w\" sizes=\"(max-width: 1024px) 100vw, 1024px\" \/><\/figure>\n\n\n\n<p>\u00d3scar Ricardo nos comenta que hay un grupo grande de artistas en Limache, pero por lo general tambi\u00e9n se vinculan m\u00e1s con la zona urbana. Les pregunto si hay espacios para la cultural, y me comentan que s\u00ed, pero \u201cFalta generar esa impronta en la audiencia, en la gente, de curiosear cultura. Falta una inquietud en la comunidad que como artistas debemos crear, que puedan ver cosas que nunca han visto\u201d.<\/p>\n\n\n\n<p>Les pregunto c\u00f3mo ha sido esta experiencia de emprender en familia, y dicen que sin duda ha sido positivo. \u201cHemos vivido en la ruralidad, por lo que generamos un n\u00facleo familiar muy fuerte, siempre dedic\u00e1ndonos a nuestros oficios y nuestros hijos han ido trabajando en ese mismo sentido. Nuestro objetivo ha sido abrirnos camino y sabemos que es dif\u00edcil en el \u00e1mbito art\u00edstico, por lo que queremos forjar m\u00e1s camino para ellos\u201d.<\/p>\n\n\n\n<p>\u201cLos ni\u00f1os han estado desde peque\u00f1os en nuestras giras, ayud\u00e1ndonos a hacer montajes, y de a poco interes\u00e1ndose m\u00e1s profundamente en sus respectivas \u00e1reas. As\u00ed pudieron ver que ten\u00edan talento, entonces ese trabajo colectivo les sirvi\u00f3\u201d, comentan Ricardo y Marcela<\/p>\n\n\n\n<p>En cuanto al trabajo que realizan, comentan que es muy en equipo, donde eval\u00faan y conversan las decisiones en conjunto. Actualmente viven en su taller de Artes Visuales, donde est\u00e1n buscando cimentar e impulsar una escuela de artes esc\u00e9nicas, musicales y visuales, aportando con una alternativa innovadora.<\/p>\n\n\n\n<figure class=\"wp-block-image size-large\"><img decoding=\"async\" width=\"1024\" height=\"769\" src=\"https:\/\/www.valparaisocreativo.cl\/wp-content\/uploads\/2023\/06\/Taikuma-4-1024x769.jpeg\" alt=\"\" class=\"wp-image-15810\" srcset=\"https:\/\/dev.antudigital.cl\/sites\/vc\/wp-content\/uploads\/2023\/06\/Taikuma-4-1024x769.jpeg 1024w, https:\/\/dev.antudigital.cl\/sites\/vc\/wp-content\/uploads\/2023\/06\/Taikuma-4-300x225.jpeg 300w, https:\/\/dev.antudigital.cl\/sites\/vc\/wp-content\/uploads\/2023\/06\/Taikuma-4-768x576.jpeg 768w, https:\/\/dev.antudigital.cl\/sites\/vc\/wp-content\/uploads\/2023\/06\/Taikuma-4-510x382.jpeg 510w, https:\/\/dev.antudigital.cl\/sites\/vc\/wp-content\/uploads\/2023\/06\/Taikuma-4-1080x811.jpeg 1080w, https:\/\/dev.antudigital.cl\/sites\/vc\/wp-content\/uploads\/2023\/06\/Taikuma-4-980x736.jpeg 980w, https:\/\/dev.antudigital.cl\/sites\/vc\/wp-content\/uploads\/2023\/06\/Taikuma-4-480x360.jpeg 480w, https:\/\/dev.antudigital.cl\/sites\/vc\/wp-content\/uploads\/2023\/06\/Taikuma-4-24x18.jpeg 24w, https:\/\/dev.antudigital.cl\/sites\/vc\/wp-content\/uploads\/2023\/06\/Taikuma-4-36x27.jpeg 36w, https:\/\/dev.antudigital.cl\/sites\/vc\/wp-content\/uploads\/2023\/06\/Taikuma-4-48x36.jpeg 48w, https:\/\/dev.antudigital.cl\/sites\/vc\/wp-content\/uploads\/2023\/06\/Taikuma-4.jpeg 1215w\" sizes=\"(max-width: 1024px) 100vw, 1024px\" \/><\/figure>\n\n\n\n<p>Rastros de nuestro origen<\/p>\n\n\n\n<p>Este es uno de los proyectos del Colectivo Taikuma, que ha circulado por la Regi\u00f3n de Valpara\u00edso en escuelas p\u00fablicas y liceos. Tiene por prop\u00f3sito visibilizar y posicionar el legado de las culturas originarias en el territorio. rastros de nuestro origen a\u00fan est\u00e1 vigente y parte fundamental de su visi\u00f3n y misi\u00f3n.<\/p>\n\n\n\n<p>Adem\u00e1s de eso, han estado buscando formalizarse en algunos de sus quehaceres, como en el \u00e1rea de la m\u00fasica con una agrupaci\u00f3n para poder aportar m\u00e1s a la comuna.<\/p>\n\n\n\n<p>\u201cInvitamos a que nos conozcan. Tenemos un trabajo innovador en c\u00f3mo abarcamos nuestras exploraciones art\u00edsticas en las distintas disciplinas, incluyendo a la naturaleza en estos procesos. Nos focalizamos en la expresi\u00f3n propia de cada persona, que se abra la expresi\u00f3n propia del territorio. Tenemos un perfil bastante novedoso, no somos el cl\u00e1sico colectivo, y adem\u00e1s es interesante que somos una familia y este es nuestro camino de vida: el camino del arte, por el que nos hemos jugado, y que tenemos distintas perspectivas\u201d, sentencian.<\/p>\n","protected":false},"excerpt":{"rendered":"<p>Hace un tiempo tuvimos el honor de conocer a Taikuma, colectivo de artes compuesto por una familia interdisciplinaria, quienes desde el 2003 decidieron emprender en el \u00e1rea cultural, buscando apoyarse en la uni\u00f3n de fuerzas y colaboraci\u00f3n principalmente. Al principio, eran s\u00f3lo Marcela Cajigal, licenciada en arte y diplomada en Interculturalidad, junto a Oscar Ricardo [&hellip;]<\/p>\n","protected":false},"author":1,"featured_media":15812,"comment_status":"open","ping_status":"closed","sticky":false,"template":"","format":"standard","meta":{"_acf_changed":false,"footnotes":""},"categories":[218],"tags":[],"class_list":["post-15808","post","type-post","status-publish","format-standard","has-post-thumbnail","hentry","category-blog"],"acf":[],"yoast_head":"<!-- This site is optimized with the Yoast SEO plugin v27.1.1 - https:\/\/yoast.com\/product\/yoast-seo-wordpress\/ -->\n<title>&quot;No somos el cl\u00e1sico colectivo&quot; Taikuma de Limache - Valpara\u00ed\u00adso Creativo<\/title>\n<meta name=\"robots\" content=\"index, follow, max-snippet:-1, max-image-preview:large, max-video-preview:-1\" \/>\n<link rel=\"canonical\" href=\"https:\/\/dev.antudigital.cl\/sites\/vc\/no-somos-el-clasico-colectivo-taikuma-de-limache\/\" \/>\n<meta property=\"og:locale\" content=\"es_ES\" \/>\n<meta property=\"og:type\" content=\"article\" \/>\n<meta property=\"og:title\" content=\"&quot;No somos el cl\u00e1sico colectivo&quot; Taikuma de Limache - Valpara\u00ed\u00adso Creativo\" \/>\n<meta property=\"og:description\" content=\"Hace un tiempo tuvimos el honor de conocer a Taikuma, colectivo de artes compuesto por una familia interdisciplinaria, quienes desde el 2003 decidieron emprender en el \u00e1rea cultural, buscando apoyarse en la uni\u00f3n de fuerzas y colaboraci\u00f3n principalmente. Al principio, eran s\u00f3lo Marcela Cajigal, licenciada en arte y diplomada en Interculturalidad, junto a Oscar Ricardo [&hellip;]\" \/>\n<meta property=\"og:url\" content=\"https:\/\/dev.antudigital.cl\/sites\/vc\/no-somos-el-clasico-colectivo-taikuma-de-limache\/\" \/>\n<meta property=\"og:site_name\" content=\"Valpara\u00ed\u00adso Creativo\" \/>\n<meta property=\"article:published_time\" content=\"2023-06-27T01:03:02+00:00\" \/>\n<meta property=\"article:modified_time\" content=\"2023-06-27T01:03:07+00:00\" \/>\n<meta property=\"og:image\" content=\"https:\/\/dev.antudigital.cl\/sites\/vc\/wp-content\/uploads\/2023\/06\/Taikuma.jpeg\" \/>\n\t<meta property=\"og:image:width\" content=\"960\" \/>\n\t<meta property=\"og:image:height\" content=\"540\" \/>\n\t<meta property=\"og:image:type\" content=\"image\/jpeg\" \/>\n<meta name=\"author\" content=\"Valpara\u00edso Creativo\" \/>\n<meta name=\"twitter:card\" content=\"summary_large_image\" \/>\n<meta name=\"twitter:label1\" content=\"Escrito por\" \/>\n\t<meta name=\"twitter:data1\" content=\"Valpara\u00edso Creativo\" \/>\n\t<meta name=\"twitter:label2\" content=\"Tiempo de lectura\" \/>\n\t<meta name=\"twitter:data2\" content=\"5 minutos\" \/>\n<script type=\"application\/ld+json\" class=\"yoast-schema-graph\">{\"@context\":\"https:\/\/schema.org\",\"@graph\":[{\"@type\":\"Article\",\"@id\":\"https:\/\/dev.antudigital.cl\/sites\/vc\/no-somos-el-clasico-colectivo-taikuma-de-limache\/#article\",\"isPartOf\":{\"@id\":\"https:\/\/dev.antudigital.cl\/sites\/vc\/no-somos-el-clasico-colectivo-taikuma-de-limache\/\"},\"author\":{\"name\":\"Valpara\u00edso Creativo\",\"@id\":\"https:\/\/dev.antudigital.cl\/sites\/vc\/#\/schema\/person\/c2b9da8dd545e27166fc5ab232837318\"},\"headline\":\"\u00abNo somos el cl\u00e1sico colectivo\u00bb Taikuma de Limache\",\"datePublished\":\"2023-06-27T01:03:02+00:00\",\"dateModified\":\"2023-06-27T01:03:07+00:00\",\"mainEntityOfPage\":{\"@id\":\"https:\/\/dev.antudigital.cl\/sites\/vc\/no-somos-el-clasico-colectivo-taikuma-de-limache\/\"},\"wordCount\":893,\"commentCount\":0,\"image\":{\"@id\":\"https:\/\/dev.antudigital.cl\/sites\/vc\/no-somos-el-clasico-colectivo-taikuma-de-limache\/#primaryimage\"},\"thumbnailUrl\":\"https:\/\/dev.antudigital.cl\/sites\/vc\/wp-content\/uploads\/2023\/06\/Taikuma.jpeg\",\"articleSection\":[\"Blog\"],\"inLanguage\":\"es\",\"potentialAction\":[{\"@type\":\"CommentAction\",\"name\":\"Comment\",\"target\":[\"https:\/\/dev.antudigital.cl\/sites\/vc\/no-somos-el-clasico-colectivo-taikuma-de-limache\/#respond\"]}]},{\"@type\":\"WebPage\",\"@id\":\"https:\/\/dev.antudigital.cl\/sites\/vc\/no-somos-el-clasico-colectivo-taikuma-de-limache\/\",\"url\":\"https:\/\/dev.antudigital.cl\/sites\/vc\/no-somos-el-clasico-colectivo-taikuma-de-limache\/\",\"name\":\"\\\"No somos el cl\u00e1sico colectivo\\\" Taikuma de Limache - Valpara\u00ed\u00adso Creativo\",\"isPartOf\":{\"@id\":\"https:\/\/dev.antudigital.cl\/sites\/vc\/#website\"},\"primaryImageOfPage\":{\"@id\":\"https:\/\/dev.antudigital.cl\/sites\/vc\/no-somos-el-clasico-colectivo-taikuma-de-limache\/#primaryimage\"},\"image\":{\"@id\":\"https:\/\/dev.antudigital.cl\/sites\/vc\/no-somos-el-clasico-colectivo-taikuma-de-limache\/#primaryimage\"},\"thumbnailUrl\":\"https:\/\/dev.antudigital.cl\/sites\/vc\/wp-content\/uploads\/2023\/06\/Taikuma.jpeg\",\"datePublished\":\"2023-06-27T01:03:02+00:00\",\"dateModified\":\"2023-06-27T01:03:07+00:00\",\"author\":{\"@id\":\"https:\/\/dev.antudigital.cl\/sites\/vc\/#\/schema\/person\/c2b9da8dd545e27166fc5ab232837318\"},\"breadcrumb\":{\"@id\":\"https:\/\/dev.antudigital.cl\/sites\/vc\/no-somos-el-clasico-colectivo-taikuma-de-limache\/#breadcrumb\"},\"inLanguage\":\"es\",\"potentialAction\":[{\"@type\":\"ReadAction\",\"target\":[\"https:\/\/dev.antudigital.cl\/sites\/vc\/no-somos-el-clasico-colectivo-taikuma-de-limache\/\"]}]},{\"@type\":\"ImageObject\",\"inLanguage\":\"es\",\"@id\":\"https:\/\/dev.antudigital.cl\/sites\/vc\/no-somos-el-clasico-colectivo-taikuma-de-limache\/#primaryimage\",\"url\":\"https:\/\/dev.antudigital.cl\/sites\/vc\/wp-content\/uploads\/2023\/06\/Taikuma.jpeg\",\"contentUrl\":\"https:\/\/dev.antudigital.cl\/sites\/vc\/wp-content\/uploads\/2023\/06\/Taikuma.jpeg\",\"width\":960,\"height\":540},{\"@type\":\"BreadcrumbList\",\"@id\":\"https:\/\/dev.antudigital.cl\/sites\/vc\/no-somos-el-clasico-colectivo-taikuma-de-limache\/#breadcrumb\",\"itemListElement\":[{\"@type\":\"ListItem\",\"position\":1,\"name\":\"Home\",\"item\":\"https:\/\/dev.antudigital.cl\/sites\/vc\/\"},{\"@type\":\"ListItem\",\"position\":2,\"name\":\"\u00abNo somos el cl\u00e1sico colectivo\u00bb Taikuma de Limache\"}]},{\"@type\":\"WebSite\",\"@id\":\"https:\/\/dev.antudigital.cl\/sites\/vc\/#website\",\"url\":\"https:\/\/dev.antudigital.cl\/sites\/vc\/\",\"name\":\"Valpara\u00ed\u00adso Creativo\",\"description\":\"\",\"potentialAction\":[{\"@type\":\"SearchAction\",\"target\":{\"@type\":\"EntryPoint\",\"urlTemplate\":\"https:\/\/dev.antudigital.cl\/sites\/vc\/?s={search_term_string}\"},\"query-input\":{\"@type\":\"PropertyValueSpecification\",\"valueRequired\":true,\"valueName\":\"search_term_string\"}}],\"inLanguage\":\"es\"},{\"@type\":\"Person\",\"@id\":\"https:\/\/dev.antudigital.cl\/sites\/vc\/#\/schema\/person\/c2b9da8dd545e27166fc5ab232837318\",\"name\":\"Valpara\u00edso Creativo\",\"description\":\"Periodista de cultura en la Regi\u00f3n de Valpara\u00edso.\",\"url\":\"https:\/\/dev.antudigital.cl\/sites\/vc\/author\/valpoadmin\/\"}]}<\/script>\n<!-- \/ Yoast SEO plugin. -->","yoast_head_json":{"title":"\"No somos el cl\u00e1sico colectivo\" Taikuma de Limache - Valpara\u00ed\u00adso Creativo","robots":{"index":"index","follow":"follow","max-snippet":"max-snippet:-1","max-image-preview":"max-image-preview:large","max-video-preview":"max-video-preview:-1"},"canonical":"https:\/\/dev.antudigital.cl\/sites\/vc\/no-somos-el-clasico-colectivo-taikuma-de-limache\/","og_locale":"es_ES","og_type":"article","og_title":"\"No somos el cl\u00e1sico colectivo\" Taikuma de Limache - Valpara\u00ed\u00adso Creativo","og_description":"Hace un tiempo tuvimos el honor de conocer a Taikuma, colectivo de artes compuesto por una familia interdisciplinaria, quienes desde el 2003 decidieron emprender en el \u00e1rea cultural, buscando apoyarse en la uni\u00f3n de fuerzas y colaboraci\u00f3n principalmente. Al principio, eran s\u00f3lo Marcela Cajigal, licenciada en arte y diplomada en Interculturalidad, junto a Oscar Ricardo [&hellip;]","og_url":"https:\/\/dev.antudigital.cl\/sites\/vc\/no-somos-el-clasico-colectivo-taikuma-de-limache\/","og_site_name":"Valpara\u00ed\u00adso Creativo","article_published_time":"2023-06-27T01:03:02+00:00","article_modified_time":"2023-06-27T01:03:07+00:00","og_image":[{"width":960,"height":540,"url":"https:\/\/dev.antudigital.cl\/sites\/vc\/wp-content\/uploads\/2023\/06\/Taikuma.jpeg","type":"image\/jpeg"}],"author":"Valpara\u00edso Creativo","twitter_card":"summary_large_image","twitter_misc":{"Escrito por":"Valpara\u00edso Creativo","Tiempo de lectura":"5 minutos"},"schema":{"@context":"https:\/\/schema.org","@graph":[{"@type":"Article","@id":"https:\/\/dev.antudigital.cl\/sites\/vc\/no-somos-el-clasico-colectivo-taikuma-de-limache\/#article","isPartOf":{"@id":"https:\/\/dev.antudigital.cl\/sites\/vc\/no-somos-el-clasico-colectivo-taikuma-de-limache\/"},"author":{"name":"Valpara\u00edso Creativo","@id":"https:\/\/dev.antudigital.cl\/sites\/vc\/#\/schema\/person\/c2b9da8dd545e27166fc5ab232837318"},"headline":"\u00abNo somos el cl\u00e1sico colectivo\u00bb Taikuma de Limache","datePublished":"2023-06-27T01:03:02+00:00","dateModified":"2023-06-27T01:03:07+00:00","mainEntityOfPage":{"@id":"https:\/\/dev.antudigital.cl\/sites\/vc\/no-somos-el-clasico-colectivo-taikuma-de-limache\/"},"wordCount":893,"commentCount":0,"image":{"@id":"https:\/\/dev.antudigital.cl\/sites\/vc\/no-somos-el-clasico-colectivo-taikuma-de-limache\/#primaryimage"},"thumbnailUrl":"https:\/\/dev.antudigital.cl\/sites\/vc\/wp-content\/uploads\/2023\/06\/Taikuma.jpeg","articleSection":["Blog"],"inLanguage":"es","potentialAction":[{"@type":"CommentAction","name":"Comment","target":["https:\/\/dev.antudigital.cl\/sites\/vc\/no-somos-el-clasico-colectivo-taikuma-de-limache\/#respond"]}]},{"@type":"WebPage","@id":"https:\/\/dev.antudigital.cl\/sites\/vc\/no-somos-el-clasico-colectivo-taikuma-de-limache\/","url":"https:\/\/dev.antudigital.cl\/sites\/vc\/no-somos-el-clasico-colectivo-taikuma-de-limache\/","name":"\"No somos el cl\u00e1sico colectivo\" Taikuma de Limache - Valpara\u00ed\u00adso Creativo","isPartOf":{"@id":"https:\/\/dev.antudigital.cl\/sites\/vc\/#website"},"primaryImageOfPage":{"@id":"https:\/\/dev.antudigital.cl\/sites\/vc\/no-somos-el-clasico-colectivo-taikuma-de-limache\/#primaryimage"},"image":{"@id":"https:\/\/dev.antudigital.cl\/sites\/vc\/no-somos-el-clasico-colectivo-taikuma-de-limache\/#primaryimage"},"thumbnailUrl":"https:\/\/dev.antudigital.cl\/sites\/vc\/wp-content\/uploads\/2023\/06\/Taikuma.jpeg","datePublished":"2023-06-27T01:03:02+00:00","dateModified":"2023-06-27T01:03:07+00:00","author":{"@id":"https:\/\/dev.antudigital.cl\/sites\/vc\/#\/schema\/person\/c2b9da8dd545e27166fc5ab232837318"},"breadcrumb":{"@id":"https:\/\/dev.antudigital.cl\/sites\/vc\/no-somos-el-clasico-colectivo-taikuma-de-limache\/#breadcrumb"},"inLanguage":"es","potentialAction":[{"@type":"ReadAction","target":["https:\/\/dev.antudigital.cl\/sites\/vc\/no-somos-el-clasico-colectivo-taikuma-de-limache\/"]}]},{"@type":"ImageObject","inLanguage":"es","@id":"https:\/\/dev.antudigital.cl\/sites\/vc\/no-somos-el-clasico-colectivo-taikuma-de-limache\/#primaryimage","url":"https:\/\/dev.antudigital.cl\/sites\/vc\/wp-content\/uploads\/2023\/06\/Taikuma.jpeg","contentUrl":"https:\/\/dev.antudigital.cl\/sites\/vc\/wp-content\/uploads\/2023\/06\/Taikuma.jpeg","width":960,"height":540},{"@type":"BreadcrumbList","@id":"https:\/\/dev.antudigital.cl\/sites\/vc\/no-somos-el-clasico-colectivo-taikuma-de-limache\/#breadcrumb","itemListElement":[{"@type":"ListItem","position":1,"name":"Home","item":"https:\/\/dev.antudigital.cl\/sites\/vc\/"},{"@type":"ListItem","position":2,"name":"\u00abNo somos el cl\u00e1sico colectivo\u00bb Taikuma de Limache"}]},{"@type":"WebSite","@id":"https:\/\/dev.antudigital.cl\/sites\/vc\/#website","url":"https:\/\/dev.antudigital.cl\/sites\/vc\/","name":"Valpara\u00ed\u00adso Creativo","description":"","potentialAction":[{"@type":"SearchAction","target":{"@type":"EntryPoint","urlTemplate":"https:\/\/dev.antudigital.cl\/sites\/vc\/?s={search_term_string}"},"query-input":{"@type":"PropertyValueSpecification","valueRequired":true,"valueName":"search_term_string"}}],"inLanguage":"es"},{"@type":"Person","@id":"https:\/\/dev.antudigital.cl\/sites\/vc\/#\/schema\/person\/c2b9da8dd545e27166fc5ab232837318","name":"Valpara\u00edso Creativo","description":"Periodista de cultura en la Regi\u00f3n de Valpara\u00edso.","url":"https:\/\/dev.antudigital.cl\/sites\/vc\/author\/valpoadmin\/"}]}},"_links":{"self":[{"href":"https:\/\/dev.antudigital.cl\/sites\/vc\/wp-json\/wp\/v2\/posts\/15808","targetHints":{"allow":["GET"]}}],"collection":[{"href":"https:\/\/dev.antudigital.cl\/sites\/vc\/wp-json\/wp\/v2\/posts"}],"about":[{"href":"https:\/\/dev.antudigital.cl\/sites\/vc\/wp-json\/wp\/v2\/types\/post"}],"author":[{"embeddable":true,"href":"https:\/\/dev.antudigital.cl\/sites\/vc\/wp-json\/wp\/v2\/users\/1"}],"replies":[{"embeddable":true,"href":"https:\/\/dev.antudigital.cl\/sites\/vc\/wp-json\/wp\/v2\/comments?post=15808"}],"version-history":[{"count":1,"href":"https:\/\/dev.antudigital.cl\/sites\/vc\/wp-json\/wp\/v2\/posts\/15808\/revisions"}],"predecessor-version":[{"id":15813,"href":"https:\/\/dev.antudigital.cl\/sites\/vc\/wp-json\/wp\/v2\/posts\/15808\/revisions\/15813"}],"wp:featuredmedia":[{"embeddable":true,"href":"https:\/\/dev.antudigital.cl\/sites\/vc\/wp-json\/wp\/v2\/media\/15812"}],"wp:attachment":[{"href":"https:\/\/dev.antudigital.cl\/sites\/vc\/wp-json\/wp\/v2\/media?parent=15808"}],"wp:term":[{"taxonomy":"category","embeddable":true,"href":"https:\/\/dev.antudigital.cl\/sites\/vc\/wp-json\/wp\/v2\/categories?post=15808"},{"taxonomy":"post_tag","embeddable":true,"href":"https:\/\/dev.antudigital.cl\/sites\/vc\/wp-json\/wp\/v2\/tags?post=15808"}],"curies":[{"name":"wp","href":"https:\/\/api.w.org\/{rel}","templated":true}]}}