{"id":15815,"date":"2023-06-27T16:14:10","date_gmt":"2023-06-27T16:14:10","guid":{"rendered":"https:\/\/www.valparaisocreativo.cl\/?p=15815"},"modified":"2023-06-27T16:14:18","modified_gmt":"2023-06-27T16:14:18","slug":"molo-y-mandracula-se-presentan-en-trotamundos-terraza-de-quilpue-en-una-noche-cargada-de-rock","status":"publish","type":"post","link":"https:\/\/dev.antudigital.cl\/sites\/vc\/molo-y-mandracula-se-presentan-en-trotamundos-terraza-de-quilpue-en-una-noche-cargada-de-rock\/","title":{"rendered":"Molo y Mandr\u00e1cula se presentan en Trotamundos Terraza de Quilpu\u00e9 en una noche cargada de rock"},"content":{"rendered":"\n<p>Una noche cargada al rock &amp; roll de altos decibeles se llevar\u00e1 a cabo el jueves 29 de junio a partir de las 21:30 hrs en el Trotamundos Terraza de Quilpu\u00e9 (An\u00edbal Pinto 851), cuando la banda porte\u00f1a Molo se presente junto a Mandr\u00e1cula.<\/p>\n\n\n\n<p>Ambas agrupaciones se caracterizan por sus sonidos crudos donde predominan las guitarras, la bater\u00eda y el bajo como un engranaje s\u00f3lido que sale por los parlantes sin matices. Si hubiera que definirlos, la palabra rock los describe en todas sus letras.<\/p>\n\n\n\n<figure class=\"wp-block-image size-large\"><img fetchpriority=\"high\" decoding=\"async\" width=\"1024\" height=\"682\" src=\"https:\/\/www.valparaisocreativo.cl\/wp-content\/uploads\/2023\/06\/Molo-1024x682.jpeg\" alt=\"\" class=\"wp-image-15817\" srcset=\"https:\/\/dev.antudigital.cl\/sites\/vc\/wp-content\/uploads\/2023\/06\/Molo-1024x682.jpeg 1024w, https:\/\/dev.antudigital.cl\/sites\/vc\/wp-content\/uploads\/2023\/06\/Molo-300x200.jpeg 300w, https:\/\/dev.antudigital.cl\/sites\/vc\/wp-content\/uploads\/2023\/06\/Molo-768x512.jpeg 768w, https:\/\/dev.antudigital.cl\/sites\/vc\/wp-content\/uploads\/2023\/06\/Molo-1536x1023.jpeg 1536w, https:\/\/dev.antudigital.cl\/sites\/vc\/wp-content\/uploads\/2023\/06\/Molo-1080x720.jpeg 1080w, https:\/\/dev.antudigital.cl\/sites\/vc\/wp-content\/uploads\/2023\/06\/Molo-1280x853.jpeg 1280w, https:\/\/dev.antudigital.cl\/sites\/vc\/wp-content\/uploads\/2023\/06\/Molo-980x653.jpeg 980w, https:\/\/dev.antudigital.cl\/sites\/vc\/wp-content\/uploads\/2023\/06\/Molo-480x320.jpeg 480w, https:\/\/dev.antudigital.cl\/sites\/vc\/wp-content\/uploads\/2023\/06\/Molo-24x16.jpeg 24w, https:\/\/dev.antudigital.cl\/sites\/vc\/wp-content\/uploads\/2023\/06\/Molo-36x24.jpeg 36w, https:\/\/dev.antudigital.cl\/sites\/vc\/wp-content\/uploads\/2023\/06\/Molo-48x32.jpeg 48w, https:\/\/dev.antudigital.cl\/sites\/vc\/wp-content\/uploads\/2023\/06\/Molo.jpeg 1600w\" sizes=\"(max-width: 1024px) 100vw, 1024px\" \/><\/figure>\n\n\n\n<p>Mandr\u00e1cula fue una de las bandas estelares de este estilo musical a fines de los 90 y principios de los 2000, con canciones como Verde Claro y Buenos Muchachos, cuyo video estuvo en rotaci\u00f3n en MTV. Con dos \u00e1lbumes, Mandr\u00e1cula (1998) y Sexy (2001), obtuvieron el premio Mejor Grupo Rock-Pop del a\u00f1o 1999 por la SCD y fue catalogada en su momento como una de las mejores bandas en vivo de Chile. Luego de un receso de m\u00e1s de 15 a\u00f1os, vuelven a reunirse el 2016.<\/p>\n\n\n\n<p>Por su parte Molo es una de las bandas de rock m\u00e1s reconocidas de Valpara\u00edso. Con m\u00e1s de una d\u00e9cada de trayectoria y dos discos publicados, el a\u00f1o 2018 abrieron el show de La Renga en la Quinta Vergara frente a miles de personas. A fines del a\u00f1o pasado lanzaron dos canciones nuevas, su \u00faltimo material antes de un receso que comenzar\u00e1 luego del show junto a Mandr\u00e1cula.<\/p>\n\n\n\n<figure class=\"wp-block-image size-large\"><img decoding=\"async\" width=\"1024\" height=\"1024\" src=\"https:\/\/www.valparaisocreativo.cl\/wp-content\/uploads\/2023\/06\/afiche-1024x1024.jpeg\" alt=\"\" class=\"wp-image-15818\" srcset=\"https:\/\/dev.antudigital.cl\/sites\/vc\/wp-content\/uploads\/2023\/06\/afiche-1024x1024.jpeg 1024w, https:\/\/dev.antudigital.cl\/sites\/vc\/wp-content\/uploads\/2023\/06\/afiche-300x300.jpeg 300w, https:\/\/dev.antudigital.cl\/sites\/vc\/wp-content\/uploads\/2023\/06\/afiche-150x150.jpeg 150w, https:\/\/dev.antudigital.cl\/sites\/vc\/wp-content\/uploads\/2023\/06\/afiche-768x768.jpeg 768w, https:\/\/dev.antudigital.cl\/sites\/vc\/wp-content\/uploads\/2023\/06\/afiche-980x980.jpeg 980w, https:\/\/dev.antudigital.cl\/sites\/vc\/wp-content\/uploads\/2023\/06\/afiche-480x480.jpeg 480w, https:\/\/dev.antudigital.cl\/sites\/vc\/wp-content\/uploads\/2023\/06\/afiche-24x24.jpeg 24w, https:\/\/dev.antudigital.cl\/sites\/vc\/wp-content\/uploads\/2023\/06\/afiche-36x36.jpeg 36w, https:\/\/dev.antudigital.cl\/sites\/vc\/wp-content\/uploads\/2023\/06\/afiche-48x48.jpeg 48w, https:\/\/dev.antudigital.cl\/sites\/vc\/wp-content\/uploads\/2023\/06\/afiche.jpeg 1080w\" sizes=\"(max-width: 1024px) 100vw, 1024px\" \/><\/figure>\n\n\n\n<p>Seg\u00fan Pedro Pavez, vocalista y guitarrista de Molo, \u201ceste concierto en Trotamundos Terraza ser\u00e1 especial porque vamos a parar un tiempo para dedicarnos a otros proyectos. Pero tambi\u00e9n, y lo m\u00e1s importante, es que tocaremos con m\u00fasicos a los que yo personalmente admiro mucho, como lo son Mandr\u00e1cula. Soy fanatico y los escucho desde sus inicios, por lo que tocar con ellos ser\u00e1 muy especial y algo muy significativo como para cerrar este ciclo\u201d.<\/p>\n\n\n\n<p>Las entradas pueden ser adquiridas a trav\u00e9s de Passline.<br><strong>Entradas<\/strong>: <a href=\"https:\/\/www.passline.com\/eventos\/mandracula-molo-en-vivo-trotamundos-quilpue\">https:\/\/www.passline.com\/eventos\/mandracula-molo-en-vivo-trotamundos-quilpue<\/a><\/p>\n\n\n\n<figure class=\"wp-block-embed is-type-video is-provider-youtube wp-block-embed-youtube wp-embed-aspect-4-3 wp-has-aspect-ratio\"><div class=\"wp-block-embed__wrapper\">\n<iframe title=\"Mandr\u00e1cula - Buenos Muchachos\" width=\"800\" height=\"600\" src=\"https:\/\/www.youtube.com\/embed\/N-j7P4WlFIU?feature=oembed\" frameborder=\"0\" allow=\"accelerometer; autoplay; clipboard-write; encrypted-media; gyroscope; picture-in-picture; web-share\" referrerpolicy=\"strict-origin-when-cross-origin\" allowfullscreen><\/iframe>\n<\/div><\/figure>\n","protected":false},"excerpt":{"rendered":"<p>Una noche cargada al rock &amp; roll de altos decibeles se llevar\u00e1 a cabo el jueves 29 de junio a partir de las 21:30 hrs en el Trotamundos Terraza de Quilpu\u00e9 (An\u00edbal Pinto 851), cuando la banda porte\u00f1a Molo se presente junto a Mandr\u00e1cula. Ambas agrupaciones se caracterizan por sus sonidos crudos donde predominan las [&hellip;]<\/p>\n","protected":false},"author":1,"featured_media":15816,"comment_status":"open","ping_status":"closed","sticky":false,"template":"","format":"standard","meta":{"_acf_changed":false,"footnotes":""},"categories":[1],"tags":[],"class_list":["post-15815","post","type-post","status-publish","format-standard","has-post-thumbnail","hentry","category-uncategorized"],"acf":[],"yoast_head":"<!-- This site is optimized with the Yoast SEO plugin v27.1.1 - https:\/\/yoast.com\/product\/yoast-seo-wordpress\/ -->\n<title>Molo y Mandr\u00e1cula se presentan en Trotamundos Terraza de Quilpu\u00e9 en una noche cargada de rock - Valpara\u00ed\u00adso Creativo<\/title>\n<meta name=\"robots\" content=\"index, follow, max-snippet:-1, max-image-preview:large, max-video-preview:-1\" \/>\n<link rel=\"canonical\" href=\"https:\/\/dev.antudigital.cl\/sites\/vc\/molo-y-mandracula-se-presentan-en-trotamundos-terraza-de-quilpue-en-una-noche-cargada-de-rock\/\" \/>\n<meta property=\"og:locale\" content=\"es_ES\" \/>\n<meta property=\"og:type\" content=\"article\" \/>\n<meta property=\"og:title\" content=\"Molo y Mandr\u00e1cula se presentan en Trotamundos Terraza de Quilpu\u00e9 en una noche cargada de rock - Valpara\u00ed\u00adso Creativo\" \/>\n<meta property=\"og:description\" content=\"Una noche cargada al rock &amp; roll de altos decibeles se llevar\u00e1 a cabo el jueves 29 de junio a partir de las 21:30 hrs en el Trotamundos Terraza de Quilpu\u00e9 (An\u00edbal Pinto 851), cuando la banda porte\u00f1a Molo se presente junto a Mandr\u00e1cula. Ambas agrupaciones se caracterizan por sus sonidos crudos donde predominan las [&hellip;]\" \/>\n<meta property=\"og:url\" content=\"https:\/\/dev.antudigital.cl\/sites\/vc\/molo-y-mandracula-se-presentan-en-trotamundos-terraza-de-quilpue-en-una-noche-cargada-de-rock\/\" \/>\n<meta property=\"og:site_name\" content=\"Valpara\u00ed\u00adso Creativo\" \/>\n<meta property=\"article:published_time\" content=\"2023-06-27T16:14:10+00:00\" \/>\n<meta property=\"article:modified_time\" content=\"2023-06-27T16:14:18+00:00\" \/>\n<meta property=\"og:image\" content=\"https:\/\/dev.antudigital.cl\/sites\/vc\/wp-content\/uploads\/2023\/06\/Molo-Quinta-Vergara.jpeg\" \/>\n\t<meta property=\"og:image:width\" content=\"1600\" \/>\n\t<meta property=\"og:image:height\" content=\"1066\" \/>\n\t<meta property=\"og:image:type\" content=\"image\/jpeg\" \/>\n<meta name=\"author\" content=\"Valpara\u00edso Creativo\" \/>\n<meta name=\"twitter:card\" content=\"summary_large_image\" \/>\n<meta name=\"twitter:label1\" content=\"Escrito por\" \/>\n\t<meta name=\"twitter:data1\" content=\"Valpara\u00edso Creativo\" \/>\n\t<meta name=\"twitter:label2\" content=\"Tiempo de lectura\" \/>\n\t<meta name=\"twitter:data2\" content=\"2 minutos\" \/>\n<script type=\"application\/ld+json\" class=\"yoast-schema-graph\">{\"@context\":\"https:\/\/schema.org\",\"@graph\":[{\"@type\":\"Article\",\"@id\":\"https:\/\/dev.antudigital.cl\/sites\/vc\/molo-y-mandracula-se-presentan-en-trotamundos-terraza-de-quilpue-en-una-noche-cargada-de-rock\/#article\",\"isPartOf\":{\"@id\":\"https:\/\/dev.antudigital.cl\/sites\/vc\/molo-y-mandracula-se-presentan-en-trotamundos-terraza-de-quilpue-en-una-noche-cargada-de-rock\/\"},\"author\":{\"name\":\"Valpara\u00edso Creativo\",\"@id\":\"https:\/\/dev.antudigital.cl\/sites\/vc\/#\/schema\/person\/c2b9da8dd545e27166fc5ab232837318\"},\"headline\":\"Molo y Mandr\u00e1cula se presentan en Trotamundos Terraza de Quilpu\u00e9 en una noche cargada de rock\",\"datePublished\":\"2023-06-27T16:14:10+00:00\",\"dateModified\":\"2023-06-27T16:14:18+00:00\",\"mainEntityOfPage\":{\"@id\":\"https:\/\/dev.antudigital.cl\/sites\/vc\/molo-y-mandracula-se-presentan-en-trotamundos-terraza-de-quilpue-en-una-noche-cargada-de-rock\/\"},\"wordCount\":365,\"commentCount\":0,\"image\":{\"@id\":\"https:\/\/dev.antudigital.cl\/sites\/vc\/molo-y-mandracula-se-presentan-en-trotamundos-terraza-de-quilpue-en-una-noche-cargada-de-rock\/#primaryimage\"},\"thumbnailUrl\":\"https:\/\/dev.antudigital.cl\/sites\/vc\/wp-content\/uploads\/2023\/06\/Molo-Quinta-Vergara.jpeg\",\"articleSection\":[\"Uncategorized\"],\"inLanguage\":\"es\",\"potentialAction\":[{\"@type\":\"CommentAction\",\"name\":\"Comment\",\"target\":[\"https:\/\/dev.antudigital.cl\/sites\/vc\/molo-y-mandracula-se-presentan-en-trotamundos-terraza-de-quilpue-en-una-noche-cargada-de-rock\/#respond\"]}]},{\"@type\":\"WebPage\",\"@id\":\"https:\/\/dev.antudigital.cl\/sites\/vc\/molo-y-mandracula-se-presentan-en-trotamundos-terraza-de-quilpue-en-una-noche-cargada-de-rock\/\",\"url\":\"https:\/\/dev.antudigital.cl\/sites\/vc\/molo-y-mandracula-se-presentan-en-trotamundos-terraza-de-quilpue-en-una-noche-cargada-de-rock\/\",\"name\":\"Molo y Mandr\u00e1cula se presentan en Trotamundos Terraza de Quilpu\u00e9 en una noche cargada de rock - Valpara\u00ed\u00adso Creativo\",\"isPartOf\":{\"@id\":\"https:\/\/dev.antudigital.cl\/sites\/vc\/#website\"},\"primaryImageOfPage\":{\"@id\":\"https:\/\/dev.antudigital.cl\/sites\/vc\/molo-y-mandracula-se-presentan-en-trotamundos-terraza-de-quilpue-en-una-noche-cargada-de-rock\/#primaryimage\"},\"image\":{\"@id\":\"https:\/\/dev.antudigital.cl\/sites\/vc\/molo-y-mandracula-se-presentan-en-trotamundos-terraza-de-quilpue-en-una-noche-cargada-de-rock\/#primaryimage\"},\"thumbnailUrl\":\"https:\/\/dev.antudigital.cl\/sites\/vc\/wp-content\/uploads\/2023\/06\/Molo-Quinta-Vergara.jpeg\",\"datePublished\":\"2023-06-27T16:14:10+00:00\",\"dateModified\":\"2023-06-27T16:14:18+00:00\",\"author\":{\"@id\":\"https:\/\/dev.antudigital.cl\/sites\/vc\/#\/schema\/person\/c2b9da8dd545e27166fc5ab232837318\"},\"breadcrumb\":{\"@id\":\"https:\/\/dev.antudigital.cl\/sites\/vc\/molo-y-mandracula-se-presentan-en-trotamundos-terraza-de-quilpue-en-una-noche-cargada-de-rock\/#breadcrumb\"},\"inLanguage\":\"es\",\"potentialAction\":[{\"@type\":\"ReadAction\",\"target\":[\"https:\/\/dev.antudigital.cl\/sites\/vc\/molo-y-mandracula-se-presentan-en-trotamundos-terraza-de-quilpue-en-una-noche-cargada-de-rock\/\"]}]},{\"@type\":\"ImageObject\",\"inLanguage\":\"es\",\"@id\":\"https:\/\/dev.antudigital.cl\/sites\/vc\/molo-y-mandracula-se-presentan-en-trotamundos-terraza-de-quilpue-en-una-noche-cargada-de-rock\/#primaryimage\",\"url\":\"https:\/\/dev.antudigital.cl\/sites\/vc\/wp-content\/uploads\/2023\/06\/Molo-Quinta-Vergara.jpeg\",\"contentUrl\":\"https:\/\/dev.antudigital.cl\/sites\/vc\/wp-content\/uploads\/2023\/06\/Molo-Quinta-Vergara.jpeg\",\"width\":1600,\"height\":1066},{\"@type\":\"BreadcrumbList\",\"@id\":\"https:\/\/dev.antudigital.cl\/sites\/vc\/molo-y-mandracula-se-presentan-en-trotamundos-terraza-de-quilpue-en-una-noche-cargada-de-rock\/#breadcrumb\",\"itemListElement\":[{\"@type\":\"ListItem\",\"position\":1,\"name\":\"Home\",\"item\":\"https:\/\/dev.antudigital.cl\/sites\/vc\/\"},{\"@type\":\"ListItem\",\"position\":2,\"name\":\"Molo y Mandr\u00e1cula se presentan en Trotamundos Terraza de Quilpu\u00e9 en una noche cargada de rock\"}]},{\"@type\":\"WebSite\",\"@id\":\"https:\/\/dev.antudigital.cl\/sites\/vc\/#website\",\"url\":\"https:\/\/dev.antudigital.cl\/sites\/vc\/\",\"name\":\"Valpara\u00ed\u00adso Creativo\",\"description\":\"\",\"potentialAction\":[{\"@type\":\"SearchAction\",\"target\":{\"@type\":\"EntryPoint\",\"urlTemplate\":\"https:\/\/dev.antudigital.cl\/sites\/vc\/?s={search_term_string}\"},\"query-input\":{\"@type\":\"PropertyValueSpecification\",\"valueRequired\":true,\"valueName\":\"search_term_string\"}}],\"inLanguage\":\"es\"},{\"@type\":\"Person\",\"@id\":\"https:\/\/dev.antudigital.cl\/sites\/vc\/#\/schema\/person\/c2b9da8dd545e27166fc5ab232837318\",\"name\":\"Valpara\u00edso Creativo\",\"description\":\"Periodista de cultura en la Regi\u00f3n de Valpara\u00edso.\",\"url\":\"https:\/\/dev.antudigital.cl\/sites\/vc\/author\/valpoadmin\/\"}]}<\/script>\n<!-- \/ Yoast SEO plugin. -->","yoast_head_json":{"title":"Molo y Mandr\u00e1cula se presentan en Trotamundos Terraza de Quilpu\u00e9 en una noche cargada de rock - Valpara\u00ed\u00adso Creativo","robots":{"index":"index","follow":"follow","max-snippet":"max-snippet:-1","max-image-preview":"max-image-preview:large","max-video-preview":"max-video-preview:-1"},"canonical":"https:\/\/dev.antudigital.cl\/sites\/vc\/molo-y-mandracula-se-presentan-en-trotamundos-terraza-de-quilpue-en-una-noche-cargada-de-rock\/","og_locale":"es_ES","og_type":"article","og_title":"Molo y Mandr\u00e1cula se presentan en Trotamundos Terraza de Quilpu\u00e9 en una noche cargada de rock - Valpara\u00ed\u00adso Creativo","og_description":"Una noche cargada al rock &amp; roll de altos decibeles se llevar\u00e1 a cabo el jueves 29 de junio a partir de las 21:30 hrs en el Trotamundos Terraza de Quilpu\u00e9 (An\u00edbal Pinto 851), cuando la banda porte\u00f1a Molo se presente junto a Mandr\u00e1cula. Ambas agrupaciones se caracterizan por sus sonidos crudos donde predominan las [&hellip;]","og_url":"https:\/\/dev.antudigital.cl\/sites\/vc\/molo-y-mandracula-se-presentan-en-trotamundos-terraza-de-quilpue-en-una-noche-cargada-de-rock\/","og_site_name":"Valpara\u00ed\u00adso Creativo","article_published_time":"2023-06-27T16:14:10+00:00","article_modified_time":"2023-06-27T16:14:18+00:00","og_image":[{"width":1600,"height":1066,"url":"https:\/\/dev.antudigital.cl\/sites\/vc\/wp-content\/uploads\/2023\/06\/Molo-Quinta-Vergara.jpeg","type":"image\/jpeg"}],"author":"Valpara\u00edso Creativo","twitter_card":"summary_large_image","twitter_misc":{"Escrito por":"Valpara\u00edso Creativo","Tiempo de lectura":"2 minutos"},"schema":{"@context":"https:\/\/schema.org","@graph":[{"@type":"Article","@id":"https:\/\/dev.antudigital.cl\/sites\/vc\/molo-y-mandracula-se-presentan-en-trotamundos-terraza-de-quilpue-en-una-noche-cargada-de-rock\/#article","isPartOf":{"@id":"https:\/\/dev.antudigital.cl\/sites\/vc\/molo-y-mandracula-se-presentan-en-trotamundos-terraza-de-quilpue-en-una-noche-cargada-de-rock\/"},"author":{"name":"Valpara\u00edso Creativo","@id":"https:\/\/dev.antudigital.cl\/sites\/vc\/#\/schema\/person\/c2b9da8dd545e27166fc5ab232837318"},"headline":"Molo y Mandr\u00e1cula se presentan en Trotamundos Terraza de Quilpu\u00e9 en una noche cargada de rock","datePublished":"2023-06-27T16:14:10+00:00","dateModified":"2023-06-27T16:14:18+00:00","mainEntityOfPage":{"@id":"https:\/\/dev.antudigital.cl\/sites\/vc\/molo-y-mandracula-se-presentan-en-trotamundos-terraza-de-quilpue-en-una-noche-cargada-de-rock\/"},"wordCount":365,"commentCount":0,"image":{"@id":"https:\/\/dev.antudigital.cl\/sites\/vc\/molo-y-mandracula-se-presentan-en-trotamundos-terraza-de-quilpue-en-una-noche-cargada-de-rock\/#primaryimage"},"thumbnailUrl":"https:\/\/dev.antudigital.cl\/sites\/vc\/wp-content\/uploads\/2023\/06\/Molo-Quinta-Vergara.jpeg","articleSection":["Uncategorized"],"inLanguage":"es","potentialAction":[{"@type":"CommentAction","name":"Comment","target":["https:\/\/dev.antudigital.cl\/sites\/vc\/molo-y-mandracula-se-presentan-en-trotamundos-terraza-de-quilpue-en-una-noche-cargada-de-rock\/#respond"]}]},{"@type":"WebPage","@id":"https:\/\/dev.antudigital.cl\/sites\/vc\/molo-y-mandracula-se-presentan-en-trotamundos-terraza-de-quilpue-en-una-noche-cargada-de-rock\/","url":"https:\/\/dev.antudigital.cl\/sites\/vc\/molo-y-mandracula-se-presentan-en-trotamundos-terraza-de-quilpue-en-una-noche-cargada-de-rock\/","name":"Molo y Mandr\u00e1cula se presentan en Trotamundos Terraza de Quilpu\u00e9 en una noche cargada de rock - Valpara\u00ed\u00adso Creativo","isPartOf":{"@id":"https:\/\/dev.antudigital.cl\/sites\/vc\/#website"},"primaryImageOfPage":{"@id":"https:\/\/dev.antudigital.cl\/sites\/vc\/molo-y-mandracula-se-presentan-en-trotamundos-terraza-de-quilpue-en-una-noche-cargada-de-rock\/#primaryimage"},"image":{"@id":"https:\/\/dev.antudigital.cl\/sites\/vc\/molo-y-mandracula-se-presentan-en-trotamundos-terraza-de-quilpue-en-una-noche-cargada-de-rock\/#primaryimage"},"thumbnailUrl":"https:\/\/dev.antudigital.cl\/sites\/vc\/wp-content\/uploads\/2023\/06\/Molo-Quinta-Vergara.jpeg","datePublished":"2023-06-27T16:14:10+00:00","dateModified":"2023-06-27T16:14:18+00:00","author":{"@id":"https:\/\/dev.antudigital.cl\/sites\/vc\/#\/schema\/person\/c2b9da8dd545e27166fc5ab232837318"},"breadcrumb":{"@id":"https:\/\/dev.antudigital.cl\/sites\/vc\/molo-y-mandracula-se-presentan-en-trotamundos-terraza-de-quilpue-en-una-noche-cargada-de-rock\/#breadcrumb"},"inLanguage":"es","potentialAction":[{"@type":"ReadAction","target":["https:\/\/dev.antudigital.cl\/sites\/vc\/molo-y-mandracula-se-presentan-en-trotamundos-terraza-de-quilpue-en-una-noche-cargada-de-rock\/"]}]},{"@type":"ImageObject","inLanguage":"es","@id":"https:\/\/dev.antudigital.cl\/sites\/vc\/molo-y-mandracula-se-presentan-en-trotamundos-terraza-de-quilpue-en-una-noche-cargada-de-rock\/#primaryimage","url":"https:\/\/dev.antudigital.cl\/sites\/vc\/wp-content\/uploads\/2023\/06\/Molo-Quinta-Vergara.jpeg","contentUrl":"https:\/\/dev.antudigital.cl\/sites\/vc\/wp-content\/uploads\/2023\/06\/Molo-Quinta-Vergara.jpeg","width":1600,"height":1066},{"@type":"BreadcrumbList","@id":"https:\/\/dev.antudigital.cl\/sites\/vc\/molo-y-mandracula-se-presentan-en-trotamundos-terraza-de-quilpue-en-una-noche-cargada-de-rock\/#breadcrumb","itemListElement":[{"@type":"ListItem","position":1,"name":"Home","item":"https:\/\/dev.antudigital.cl\/sites\/vc\/"},{"@type":"ListItem","position":2,"name":"Molo y Mandr\u00e1cula se presentan en Trotamundos Terraza de Quilpu\u00e9 en una noche cargada de rock"}]},{"@type":"WebSite","@id":"https:\/\/dev.antudigital.cl\/sites\/vc\/#website","url":"https:\/\/dev.antudigital.cl\/sites\/vc\/","name":"Valpara\u00ed\u00adso Creativo","description":"","potentialAction":[{"@type":"SearchAction","target":{"@type":"EntryPoint","urlTemplate":"https:\/\/dev.antudigital.cl\/sites\/vc\/?s={search_term_string}"},"query-input":{"@type":"PropertyValueSpecification","valueRequired":true,"valueName":"search_term_string"}}],"inLanguage":"es"},{"@type":"Person","@id":"https:\/\/dev.antudigital.cl\/sites\/vc\/#\/schema\/person\/c2b9da8dd545e27166fc5ab232837318","name":"Valpara\u00edso Creativo","description":"Periodista de cultura en la Regi\u00f3n de Valpara\u00edso.","url":"https:\/\/dev.antudigital.cl\/sites\/vc\/author\/valpoadmin\/"}]}},"_links":{"self":[{"href":"https:\/\/dev.antudigital.cl\/sites\/vc\/wp-json\/wp\/v2\/posts\/15815","targetHints":{"allow":["GET"]}}],"collection":[{"href":"https:\/\/dev.antudigital.cl\/sites\/vc\/wp-json\/wp\/v2\/posts"}],"about":[{"href":"https:\/\/dev.antudigital.cl\/sites\/vc\/wp-json\/wp\/v2\/types\/post"}],"author":[{"embeddable":true,"href":"https:\/\/dev.antudigital.cl\/sites\/vc\/wp-json\/wp\/v2\/users\/1"}],"replies":[{"embeddable":true,"href":"https:\/\/dev.antudigital.cl\/sites\/vc\/wp-json\/wp\/v2\/comments?post=15815"}],"version-history":[{"count":1,"href":"https:\/\/dev.antudigital.cl\/sites\/vc\/wp-json\/wp\/v2\/posts\/15815\/revisions"}],"predecessor-version":[{"id":15819,"href":"https:\/\/dev.antudigital.cl\/sites\/vc\/wp-json\/wp\/v2\/posts\/15815\/revisions\/15819"}],"wp:featuredmedia":[{"embeddable":true,"href":"https:\/\/dev.antudigital.cl\/sites\/vc\/wp-json\/wp\/v2\/media\/15816"}],"wp:attachment":[{"href":"https:\/\/dev.antudigital.cl\/sites\/vc\/wp-json\/wp\/v2\/media?parent=15815"}],"wp:term":[{"taxonomy":"category","embeddable":true,"href":"https:\/\/dev.antudigital.cl\/sites\/vc\/wp-json\/wp\/v2\/categories?post=15815"},{"taxonomy":"post_tag","embeddable":true,"href":"https:\/\/dev.antudigital.cl\/sites\/vc\/wp-json\/wp\/v2\/tags?post=15815"}],"curies":[{"name":"wp","href":"https:\/\/api.w.org\/{rel}","templated":true}]}}