{"id":15836,"date":"2023-06-30T14:25:57","date_gmt":"2023-06-30T14:25:57","guid":{"rendered":"https:\/\/www.valparaisocreativo.cl\/?p=15836"},"modified":"2023-07-03T17:19:25","modified_gmt":"2023-07-03T17:19:25","slug":"nuevo-presidente-asume-liderazgo-de-comite-ejecutivo-de-per-corfo-valparaiso-creativo","status":"publish","type":"post","link":"https:\/\/dev.antudigital.cl\/sites\/vc\/nuevo-presidente-asume-liderazgo-de-comite-ejecutivo-de-per-corfo-valparaiso-creativo\/","title":{"rendered":"Nuevo Presidente asume liderazgo de Comit\u00e9 Ejecutivo de PER CORFO Valpara\u00edso Creativo"},"content":{"rendered":"\n<p>El pasado jueves 24 se realiz\u00f3 la primera sesi\u00f3n de Comit\u00e9 Ejecutivo del Programa Estrat\u00e9gico Regional Valpara\u00edso Creativo de la CORFO, que est\u00e1 en su s\u00e9ptimo ciclo de ejecuci\u00f3n, aprobando el funcionamiento del programa por tres a\u00f1os m\u00e1s.<\/p>\n\n\n\n<p>En la instancia participaron los diversos organismos p\u00fablico y privados que conforman a la gobernanza de Valpara\u00edso Creativo, habiendo nuevos rostros que se suman en participaci\u00f3n. Estos son: Manuela G\u00f3mezjurado como Punto Focal UNESCO de la Municipalidad de Valpara\u00edso, Gianni Rivera por la CRUV; Javier Torrej\u00f3n de la CRCP Valpara\u00edso y Catalina Serrano de Chile Valora.<\/p>\n\n\n\n<p>A la vez, se sum\u00f3 a la conversaci\u00f3n la nueva miembro del equipo de Valpara\u00edso Creativo, Alexandra Gar\u00edn, quien comienza su labor como Ejecutiva de Activaci\u00f3n Territorial.&nbsp;<\/p>\n\n\n\n<p>Vale recordar que el Comit\u00e9 Ejecutivo adem\u00e1s est\u00e1 compuesto por: Sernatur; Corporaci\u00f3n Regional de Turismo; Gobierno Regional de Valpara\u00edso; Seremi de las Culturas, las Artes y el Patrimonio; EFE; Ex Maestranza Bar\u00f3n; Seremi de Econom\u00eda; IMUVA; CORFO Valpara\u00edso; Codesser; Instituto Arcos; CRCP Valpara\u00edso; DUOC Valpara\u00edso; Corporaci\u00f3n Cultural La Matriz y ProChile.<\/p>\n\n\n\n<p>Entre los hitos de la jornada, el Director Regional de CORFO, Etienne Choupay, destac\u00f3 el financiamiento aprobado para el nuevo tri\u00e9nio de funcionamiento que permite hacer m\u00e1s actividades y proyectos en el territorio. A la vez, se\u00f1al\u00f3 que las convocatorias de innovaci\u00f3n y emprendimiento estaban apuntando cada vez m\u00e1s a las Econom\u00edas Creativas \u201cEnfoc\u00e1ndose en el desarrollo de nuevos productos y servicios para la Regi\u00f3n\u201d.<\/p>\n\n\n\n<p><strong>Labor de Valpara\u00edso Creativo<\/strong><\/p>\n\n\n\n<p>Durante el \u00faltimo tiempo el programa Valpara\u00edso Creativo ha estado ejecutando gestiones y alianzas, cerrando el primer semestre con reuniones bilaterales para el levantamiento de proyectos del ciclo, fortaleciendo redes de actores, formulando nuevos instrumentos de impacto en Econom\u00edas Creativas y acompa\u00f1ando a trav\u00e9s de asesor\u00edas a creativos y creativas regionales.<\/p>\n\n\n\n<p>En palabras de Camila Bolados, Jefa Divisi\u00f3n de Fomento e Industria Gobierno Regional Valpara\u00edso, \u201cHemos ido estrechando el v\u00ednculo con Valpara\u00edso Creativo para el desarrollo de la Econom\u00eda Creativa a nivel regional. Queremos posicionar el valor econ\u00f3mico de la cultura, haciendo entender que la diversificaci\u00f3n productiva genera valor en la Regi\u00f3n\u201d.<\/p>\n\n\n\n<p>Dentro de estas articulaciones, hay un proyecto FIC-R ejecutado con la Universidad Vi\u00f1a del Mar, quienes han estado potenciando su l\u00ednea de investigaci\u00f3n en torno a la Econom\u00eda Creativa. Bolados se\u00f1ala que \u201cLo interesante es que nos permite tener una l\u00ednea base de cu\u00e1les son las vocaciones de los potenciales distritos creativos y cu\u00e1les son \u00e9stos\u201d.<\/p>\n\n\n\n<p>Por otra parte, se ha estado desarrollando una l\u00ednea concursable de innovaci\u00f3n para la competitividad, ya que desde el Gobierno Regional se ha abierto una nueva l\u00ednea de Econom\u00eda Creativa, lo que da cuenta de una mirada estrat\u00e9gica para potenciar el desarrollo de esta diversificaci\u00f3n de la matriz productiva regional. \u00c9ste instrumento busca recoger algunas l\u00edneas de trabajo como la incubaci\u00f3n, con \u00e9nfasis en intercambio de experiencias con enfoque en los territorios, lo que pueda nutrir c\u00f3mo vamos dinamizando la escena creativa.<\/p>\n\n\n\n<p>De esta manera, se contribuye a la construcci\u00f3n de una imagen Regi\u00f3n que permite visibilizar la Econom\u00eda Creativa en Chile y en el mundo, demostr\u00e1ndolo a trav\u00e9s de alianzas virtuosas con otros sectores como el turismo.<\/p>\n\n\n\n<p>Finalmente cabe destacar el trabajo conjunto con el Gobierno Regional y el Ministerio de Cultura de Colombia, que se ha traducido en reuniones del gobernador con actores clave para fortalecer l\u00edneas de trabajo, para firmar un convenio de colaboraci\u00f3n, lo que es un hito.<\/p>\n\n\n\n<p><strong>Nuevo presidente Comit\u00e9 Ejecutivo<\/strong><\/p>\n\n\n\n<p>En la jornada se present\u00f3 las dos candidaturas ante la presidencia del Comit\u00e9 Ejecutivo de Valpara\u00edso Creativo, cuyo nuevo representante es Tom\u00e1s Albagly, Director de Sede Arcos Valpara\u00edso.&nbsp;<\/p>\n\n\n\n<p>\u201cQuisiera agradecer a Corfo y al coordinador del Programa, Mauricio Cifuentes, por su compromiso con el territorio y por la confianza en m\u00ed para postularme\u201d, coment\u00f3.&nbsp;<\/p>\n\n\n\n<p>En su declaraci\u00f3n, mencion\u00f3 que: \u201cDesde el Instituto Profesional Arcos, nosotros consideramos como parte de nuestro plan estrat\u00e9gico de desarrollo el v\u00ednculo y alianza con Valpara\u00edso Creativo, implementando acciones que tributan hacia lo mismo. Hemos estado trabajando fuertemente para impulsar el desarrollo de la econom\u00eda local a trav\u00e9s de nuestros artesanos y nuestros creativos de la comunidad\u00bb.<\/p>\n\n\n\n<p>\u00abComo instituto, entendemos que debemos permearnos con el territorio y poner al servicio del mismo nuestro quehacer. Como Arcos, el hecho de tener una nueva sede en Valpara\u00edso y de construir el proyecto de nuestra casa propia, lo pensamos entendiendo todo el campo de desarrollo que tenemos ac\u00e1 a partir de nuestras carreras, que est\u00e1n ancladas exclusivamente en el \u00e1mbito de la Econom\u00eda Creativa, y por tanto entendemos y relevamos el talento del territorio y nosotros podemos aportar a que este talento fructifique y desarrolle el mejor potencial posible\u201d.&nbsp;<\/p>\n\n\n\n<p>Estamos contentos del desaf\u00edo que emprende Tom\u00e1s Albagly como Presidente del Comit\u00e9 Ejecutivo, le damos su bienvenida y felicitaciones. Pronto les contaremos m\u00e1s de qu\u00e9 trata este rol.<\/p>\n","protected":false},"excerpt":{"rendered":"<p>El pasado jueves 24 se realiz\u00f3 la primera sesi\u00f3n de Comit\u00e9 Ejecutivo del Programa Estrat\u00e9gico Regional Valpara\u00edso Creativo de la CORFO, que est\u00e1 en su s\u00e9ptimo ciclo de ejecuci\u00f3n, aprobando el funcionamiento del programa por tres a\u00f1os m\u00e1s. En la instancia participaron los diversos organismos p\u00fablico y privados que conforman a la gobernanza de Valpara\u00edso [&hellip;]<\/p>\n","protected":false},"author":1,"featured_media":15837,"comment_status":"open","ping_status":"closed","sticky":false,"template":"","format":"standard","meta":{"_acf_changed":false,"footnotes":""},"categories":[218],"tags":[],"class_list":["post-15836","post","type-post","status-publish","format-standard","has-post-thumbnail","hentry","category-blog"],"acf":[],"yoast_head":"<!-- This site is optimized with the Yoast SEO plugin v27.1.1 - https:\/\/yoast.com\/product\/yoast-seo-wordpress\/ -->\n<title>Nuevo Presidente asume liderazgo de Comit\u00e9 Ejecutivo de PER CORFO Valpara\u00edso Creativo - Valpara\u00ed\u00adso Creativo<\/title>\n<meta name=\"robots\" content=\"index, follow, max-snippet:-1, max-image-preview:large, max-video-preview:-1\" \/>\n<link rel=\"canonical\" href=\"https:\/\/dev.antudigital.cl\/sites\/vc\/nuevo-presidente-asume-liderazgo-de-comite-ejecutivo-de-per-corfo-valparaiso-creativo\/\" \/>\n<meta property=\"og:locale\" content=\"es_ES\" \/>\n<meta property=\"og:type\" content=\"article\" \/>\n<meta property=\"og:title\" content=\"Nuevo Presidente asume liderazgo de Comit\u00e9 Ejecutivo de PER CORFO Valpara\u00edso Creativo - Valpara\u00ed\u00adso Creativo\" \/>\n<meta property=\"og:description\" content=\"El pasado jueves 24 se realiz\u00f3 la primera sesi\u00f3n de Comit\u00e9 Ejecutivo del Programa Estrat\u00e9gico Regional Valpara\u00edso Creativo de la CORFO, que est\u00e1 en su s\u00e9ptimo ciclo de ejecuci\u00f3n, aprobando el funcionamiento del programa por tres a\u00f1os m\u00e1s. En la instancia participaron los diversos organismos p\u00fablico y privados que conforman a la gobernanza de Valpara\u00edso [&hellip;]\" \/>\n<meta property=\"og:url\" content=\"https:\/\/dev.antudigital.cl\/sites\/vc\/nuevo-presidente-asume-liderazgo-de-comite-ejecutivo-de-per-corfo-valparaiso-creativo\/\" \/>\n<meta property=\"og:site_name\" content=\"Valpara\u00ed\u00adso Creativo\" \/>\n<meta property=\"article:published_time\" content=\"2023-06-30T14:25:57+00:00\" \/>\n<meta property=\"article:modified_time\" content=\"2023-07-03T17:19:25+00:00\" \/>\n<meta property=\"og:image\" content=\"https:\/\/dev.antudigital.cl\/sites\/vc\/wp-content\/uploads\/2023\/06\/WhatsApp-Image-2023-06-30-at-10.24.37.jpeg\" \/>\n\t<meta property=\"og:image:width\" content=\"1600\" \/>\n\t<meta property=\"og:image:height\" content=\"1200\" \/>\n\t<meta property=\"og:image:type\" content=\"image\/jpeg\" \/>\n<meta name=\"author\" content=\"Valpara\u00edso Creativo\" \/>\n<meta name=\"twitter:card\" content=\"summary_large_image\" \/>\n<meta name=\"twitter:label1\" content=\"Escrito por\" \/>\n\t<meta name=\"twitter:data1\" content=\"Valpara\u00edso Creativo\" \/>\n\t<meta name=\"twitter:label2\" content=\"Tiempo de lectura\" \/>\n\t<meta name=\"twitter:data2\" content=\"4 minutos\" \/>\n<script type=\"application\/ld+json\" class=\"yoast-schema-graph\">{\"@context\":\"https:\/\/schema.org\",\"@graph\":[{\"@type\":\"Article\",\"@id\":\"https:\/\/dev.antudigital.cl\/sites\/vc\/nuevo-presidente-asume-liderazgo-de-comite-ejecutivo-de-per-corfo-valparaiso-creativo\/#article\",\"isPartOf\":{\"@id\":\"https:\/\/dev.antudigital.cl\/sites\/vc\/nuevo-presidente-asume-liderazgo-de-comite-ejecutivo-de-per-corfo-valparaiso-creativo\/\"},\"author\":{\"name\":\"Valpara\u00edso Creativo\",\"@id\":\"https:\/\/dev.antudigital.cl\/sites\/vc\/#\/schema\/person\/c2b9da8dd545e27166fc5ab232837318\"},\"headline\":\"Nuevo Presidente asume liderazgo de Comit\u00e9 Ejecutivo de PER CORFO Valpara\u00edso Creativo\",\"datePublished\":\"2023-06-30T14:25:57+00:00\",\"dateModified\":\"2023-07-03T17:19:25+00:00\",\"mainEntityOfPage\":{\"@id\":\"https:\/\/dev.antudigital.cl\/sites\/vc\/nuevo-presidente-asume-liderazgo-de-comite-ejecutivo-de-per-corfo-valparaiso-creativo\/\"},\"wordCount\":897,\"commentCount\":0,\"image\":{\"@id\":\"https:\/\/dev.antudigital.cl\/sites\/vc\/nuevo-presidente-asume-liderazgo-de-comite-ejecutivo-de-per-corfo-valparaiso-creativo\/#primaryimage\"},\"thumbnailUrl\":\"https:\/\/dev.antudigital.cl\/sites\/vc\/wp-content\/uploads\/2023\/06\/WhatsApp-Image-2023-06-30-at-10.24.37.jpeg\",\"articleSection\":[\"Blog\"],\"inLanguage\":\"es\",\"potentialAction\":[{\"@type\":\"CommentAction\",\"name\":\"Comment\",\"target\":[\"https:\/\/dev.antudigital.cl\/sites\/vc\/nuevo-presidente-asume-liderazgo-de-comite-ejecutivo-de-per-corfo-valparaiso-creativo\/#respond\"]}]},{\"@type\":\"WebPage\",\"@id\":\"https:\/\/dev.antudigital.cl\/sites\/vc\/nuevo-presidente-asume-liderazgo-de-comite-ejecutivo-de-per-corfo-valparaiso-creativo\/\",\"url\":\"https:\/\/dev.antudigital.cl\/sites\/vc\/nuevo-presidente-asume-liderazgo-de-comite-ejecutivo-de-per-corfo-valparaiso-creativo\/\",\"name\":\"Nuevo Presidente asume liderazgo de Comit\u00e9 Ejecutivo de PER CORFO Valpara\u00edso Creativo - Valpara\u00ed\u00adso Creativo\",\"isPartOf\":{\"@id\":\"https:\/\/dev.antudigital.cl\/sites\/vc\/#website\"},\"primaryImageOfPage\":{\"@id\":\"https:\/\/dev.antudigital.cl\/sites\/vc\/nuevo-presidente-asume-liderazgo-de-comite-ejecutivo-de-per-corfo-valparaiso-creativo\/#primaryimage\"},\"image\":{\"@id\":\"https:\/\/dev.antudigital.cl\/sites\/vc\/nuevo-presidente-asume-liderazgo-de-comite-ejecutivo-de-per-corfo-valparaiso-creativo\/#primaryimage\"},\"thumbnailUrl\":\"https:\/\/dev.antudigital.cl\/sites\/vc\/wp-content\/uploads\/2023\/06\/WhatsApp-Image-2023-06-30-at-10.24.37.jpeg\",\"datePublished\":\"2023-06-30T14:25:57+00:00\",\"dateModified\":\"2023-07-03T17:19:25+00:00\",\"author\":{\"@id\":\"https:\/\/dev.antudigital.cl\/sites\/vc\/#\/schema\/person\/c2b9da8dd545e27166fc5ab232837318\"},\"breadcrumb\":{\"@id\":\"https:\/\/dev.antudigital.cl\/sites\/vc\/nuevo-presidente-asume-liderazgo-de-comite-ejecutivo-de-per-corfo-valparaiso-creativo\/#breadcrumb\"},\"inLanguage\":\"es\",\"potentialAction\":[{\"@type\":\"ReadAction\",\"target\":[\"https:\/\/dev.antudigital.cl\/sites\/vc\/nuevo-presidente-asume-liderazgo-de-comite-ejecutivo-de-per-corfo-valparaiso-creativo\/\"]}]},{\"@type\":\"ImageObject\",\"inLanguage\":\"es\",\"@id\":\"https:\/\/dev.antudigital.cl\/sites\/vc\/nuevo-presidente-asume-liderazgo-de-comite-ejecutivo-de-per-corfo-valparaiso-creativo\/#primaryimage\",\"url\":\"https:\/\/dev.antudigital.cl\/sites\/vc\/wp-content\/uploads\/2023\/06\/WhatsApp-Image-2023-06-30-at-10.24.37.jpeg\",\"contentUrl\":\"https:\/\/dev.antudigital.cl\/sites\/vc\/wp-content\/uploads\/2023\/06\/WhatsApp-Image-2023-06-30-at-10.24.37.jpeg\",\"width\":1600,\"height\":1200},{\"@type\":\"BreadcrumbList\",\"@id\":\"https:\/\/dev.antudigital.cl\/sites\/vc\/nuevo-presidente-asume-liderazgo-de-comite-ejecutivo-de-per-corfo-valparaiso-creativo\/#breadcrumb\",\"itemListElement\":[{\"@type\":\"ListItem\",\"position\":1,\"name\":\"Home\",\"item\":\"https:\/\/dev.antudigital.cl\/sites\/vc\/\"},{\"@type\":\"ListItem\",\"position\":2,\"name\":\"Nuevo Presidente asume liderazgo de Comit\u00e9 Ejecutivo de PER CORFO Valpara\u00edso Creativo\"}]},{\"@type\":\"WebSite\",\"@id\":\"https:\/\/dev.antudigital.cl\/sites\/vc\/#website\",\"url\":\"https:\/\/dev.antudigital.cl\/sites\/vc\/\",\"name\":\"Valpara\u00ed\u00adso Creativo\",\"description\":\"\",\"potentialAction\":[{\"@type\":\"SearchAction\",\"target\":{\"@type\":\"EntryPoint\",\"urlTemplate\":\"https:\/\/dev.antudigital.cl\/sites\/vc\/?s={search_term_string}\"},\"query-input\":{\"@type\":\"PropertyValueSpecification\",\"valueRequired\":true,\"valueName\":\"search_term_string\"}}],\"inLanguage\":\"es\"},{\"@type\":\"Person\",\"@id\":\"https:\/\/dev.antudigital.cl\/sites\/vc\/#\/schema\/person\/c2b9da8dd545e27166fc5ab232837318\",\"name\":\"Valpara\u00edso Creativo\",\"description\":\"Periodista de cultura en la Regi\u00f3n de Valpara\u00edso.\",\"url\":\"https:\/\/dev.antudigital.cl\/sites\/vc\/author\/valpoadmin\/\"}]}<\/script>\n<!-- \/ Yoast SEO plugin. -->","yoast_head_json":{"title":"Nuevo Presidente asume liderazgo de Comit\u00e9 Ejecutivo de PER CORFO Valpara\u00edso Creativo - Valpara\u00ed\u00adso Creativo","robots":{"index":"index","follow":"follow","max-snippet":"max-snippet:-1","max-image-preview":"max-image-preview:large","max-video-preview":"max-video-preview:-1"},"canonical":"https:\/\/dev.antudigital.cl\/sites\/vc\/nuevo-presidente-asume-liderazgo-de-comite-ejecutivo-de-per-corfo-valparaiso-creativo\/","og_locale":"es_ES","og_type":"article","og_title":"Nuevo Presidente asume liderazgo de Comit\u00e9 Ejecutivo de PER CORFO Valpara\u00edso Creativo - Valpara\u00ed\u00adso Creativo","og_description":"El pasado jueves 24 se realiz\u00f3 la primera sesi\u00f3n de Comit\u00e9 Ejecutivo del Programa Estrat\u00e9gico Regional Valpara\u00edso Creativo de la CORFO, que est\u00e1 en su s\u00e9ptimo ciclo de ejecuci\u00f3n, aprobando el funcionamiento del programa por tres a\u00f1os m\u00e1s. En la instancia participaron los diversos organismos p\u00fablico y privados que conforman a la gobernanza de Valpara\u00edso [&hellip;]","og_url":"https:\/\/dev.antudigital.cl\/sites\/vc\/nuevo-presidente-asume-liderazgo-de-comite-ejecutivo-de-per-corfo-valparaiso-creativo\/","og_site_name":"Valpara\u00ed\u00adso Creativo","article_published_time":"2023-06-30T14:25:57+00:00","article_modified_time":"2023-07-03T17:19:25+00:00","og_image":[{"width":1600,"height":1200,"url":"https:\/\/dev.antudigital.cl\/sites\/vc\/wp-content\/uploads\/2023\/06\/WhatsApp-Image-2023-06-30-at-10.24.37.jpeg","type":"image\/jpeg"}],"author":"Valpara\u00edso Creativo","twitter_card":"summary_large_image","twitter_misc":{"Escrito por":"Valpara\u00edso Creativo","Tiempo de lectura":"4 minutos"},"schema":{"@context":"https:\/\/schema.org","@graph":[{"@type":"Article","@id":"https:\/\/dev.antudigital.cl\/sites\/vc\/nuevo-presidente-asume-liderazgo-de-comite-ejecutivo-de-per-corfo-valparaiso-creativo\/#article","isPartOf":{"@id":"https:\/\/dev.antudigital.cl\/sites\/vc\/nuevo-presidente-asume-liderazgo-de-comite-ejecutivo-de-per-corfo-valparaiso-creativo\/"},"author":{"name":"Valpara\u00edso Creativo","@id":"https:\/\/dev.antudigital.cl\/sites\/vc\/#\/schema\/person\/c2b9da8dd545e27166fc5ab232837318"},"headline":"Nuevo Presidente asume liderazgo de Comit\u00e9 Ejecutivo de PER CORFO Valpara\u00edso Creativo","datePublished":"2023-06-30T14:25:57+00:00","dateModified":"2023-07-03T17:19:25+00:00","mainEntityOfPage":{"@id":"https:\/\/dev.antudigital.cl\/sites\/vc\/nuevo-presidente-asume-liderazgo-de-comite-ejecutivo-de-per-corfo-valparaiso-creativo\/"},"wordCount":897,"commentCount":0,"image":{"@id":"https:\/\/dev.antudigital.cl\/sites\/vc\/nuevo-presidente-asume-liderazgo-de-comite-ejecutivo-de-per-corfo-valparaiso-creativo\/#primaryimage"},"thumbnailUrl":"https:\/\/dev.antudigital.cl\/sites\/vc\/wp-content\/uploads\/2023\/06\/WhatsApp-Image-2023-06-30-at-10.24.37.jpeg","articleSection":["Blog"],"inLanguage":"es","potentialAction":[{"@type":"CommentAction","name":"Comment","target":["https:\/\/dev.antudigital.cl\/sites\/vc\/nuevo-presidente-asume-liderazgo-de-comite-ejecutivo-de-per-corfo-valparaiso-creativo\/#respond"]}]},{"@type":"WebPage","@id":"https:\/\/dev.antudigital.cl\/sites\/vc\/nuevo-presidente-asume-liderazgo-de-comite-ejecutivo-de-per-corfo-valparaiso-creativo\/","url":"https:\/\/dev.antudigital.cl\/sites\/vc\/nuevo-presidente-asume-liderazgo-de-comite-ejecutivo-de-per-corfo-valparaiso-creativo\/","name":"Nuevo Presidente asume liderazgo de Comit\u00e9 Ejecutivo de PER CORFO Valpara\u00edso Creativo - Valpara\u00ed\u00adso Creativo","isPartOf":{"@id":"https:\/\/dev.antudigital.cl\/sites\/vc\/#website"},"primaryImageOfPage":{"@id":"https:\/\/dev.antudigital.cl\/sites\/vc\/nuevo-presidente-asume-liderazgo-de-comite-ejecutivo-de-per-corfo-valparaiso-creativo\/#primaryimage"},"image":{"@id":"https:\/\/dev.antudigital.cl\/sites\/vc\/nuevo-presidente-asume-liderazgo-de-comite-ejecutivo-de-per-corfo-valparaiso-creativo\/#primaryimage"},"thumbnailUrl":"https:\/\/dev.antudigital.cl\/sites\/vc\/wp-content\/uploads\/2023\/06\/WhatsApp-Image-2023-06-30-at-10.24.37.jpeg","datePublished":"2023-06-30T14:25:57+00:00","dateModified":"2023-07-03T17:19:25+00:00","author":{"@id":"https:\/\/dev.antudigital.cl\/sites\/vc\/#\/schema\/person\/c2b9da8dd545e27166fc5ab232837318"},"breadcrumb":{"@id":"https:\/\/dev.antudigital.cl\/sites\/vc\/nuevo-presidente-asume-liderazgo-de-comite-ejecutivo-de-per-corfo-valparaiso-creativo\/#breadcrumb"},"inLanguage":"es","potentialAction":[{"@type":"ReadAction","target":["https:\/\/dev.antudigital.cl\/sites\/vc\/nuevo-presidente-asume-liderazgo-de-comite-ejecutivo-de-per-corfo-valparaiso-creativo\/"]}]},{"@type":"ImageObject","inLanguage":"es","@id":"https:\/\/dev.antudigital.cl\/sites\/vc\/nuevo-presidente-asume-liderazgo-de-comite-ejecutivo-de-per-corfo-valparaiso-creativo\/#primaryimage","url":"https:\/\/dev.antudigital.cl\/sites\/vc\/wp-content\/uploads\/2023\/06\/WhatsApp-Image-2023-06-30-at-10.24.37.jpeg","contentUrl":"https:\/\/dev.antudigital.cl\/sites\/vc\/wp-content\/uploads\/2023\/06\/WhatsApp-Image-2023-06-30-at-10.24.37.jpeg","width":1600,"height":1200},{"@type":"BreadcrumbList","@id":"https:\/\/dev.antudigital.cl\/sites\/vc\/nuevo-presidente-asume-liderazgo-de-comite-ejecutivo-de-per-corfo-valparaiso-creativo\/#breadcrumb","itemListElement":[{"@type":"ListItem","position":1,"name":"Home","item":"https:\/\/dev.antudigital.cl\/sites\/vc\/"},{"@type":"ListItem","position":2,"name":"Nuevo Presidente asume liderazgo de Comit\u00e9 Ejecutivo de PER CORFO Valpara\u00edso Creativo"}]},{"@type":"WebSite","@id":"https:\/\/dev.antudigital.cl\/sites\/vc\/#website","url":"https:\/\/dev.antudigital.cl\/sites\/vc\/","name":"Valpara\u00ed\u00adso Creativo","description":"","potentialAction":[{"@type":"SearchAction","target":{"@type":"EntryPoint","urlTemplate":"https:\/\/dev.antudigital.cl\/sites\/vc\/?s={search_term_string}"},"query-input":{"@type":"PropertyValueSpecification","valueRequired":true,"valueName":"search_term_string"}}],"inLanguage":"es"},{"@type":"Person","@id":"https:\/\/dev.antudigital.cl\/sites\/vc\/#\/schema\/person\/c2b9da8dd545e27166fc5ab232837318","name":"Valpara\u00edso Creativo","description":"Periodista de cultura en la Regi\u00f3n de Valpara\u00edso.","url":"https:\/\/dev.antudigital.cl\/sites\/vc\/author\/valpoadmin\/"}]}},"_links":{"self":[{"href":"https:\/\/dev.antudigital.cl\/sites\/vc\/wp-json\/wp\/v2\/posts\/15836","targetHints":{"allow":["GET"]}}],"collection":[{"href":"https:\/\/dev.antudigital.cl\/sites\/vc\/wp-json\/wp\/v2\/posts"}],"about":[{"href":"https:\/\/dev.antudigital.cl\/sites\/vc\/wp-json\/wp\/v2\/types\/post"}],"author":[{"embeddable":true,"href":"https:\/\/dev.antudigital.cl\/sites\/vc\/wp-json\/wp\/v2\/users\/1"}],"replies":[{"embeddable":true,"href":"https:\/\/dev.antudigital.cl\/sites\/vc\/wp-json\/wp\/v2\/comments?post=15836"}],"version-history":[{"count":2,"href":"https:\/\/dev.antudigital.cl\/sites\/vc\/wp-json\/wp\/v2\/posts\/15836\/revisions"}],"predecessor-version":[{"id":15840,"href":"https:\/\/dev.antudigital.cl\/sites\/vc\/wp-json\/wp\/v2\/posts\/15836\/revisions\/15840"}],"wp:featuredmedia":[{"embeddable":true,"href":"https:\/\/dev.antudigital.cl\/sites\/vc\/wp-json\/wp\/v2\/media\/15837"}],"wp:attachment":[{"href":"https:\/\/dev.antudigital.cl\/sites\/vc\/wp-json\/wp\/v2\/media?parent=15836"}],"wp:term":[{"taxonomy":"category","embeddable":true,"href":"https:\/\/dev.antudigital.cl\/sites\/vc\/wp-json\/wp\/v2\/categories?post=15836"},{"taxonomy":"post_tag","embeddable":true,"href":"https:\/\/dev.antudigital.cl\/sites\/vc\/wp-json\/wp\/v2\/tags?post=15836"}],"curies":[{"name":"wp","href":"https:\/\/api.w.org\/{rel}","templated":true}]}}