{"id":15863,"date":"2023-07-04T00:01:43","date_gmt":"2023-07-04T00:01:43","guid":{"rendered":"https:\/\/www.valparaisocreativo.cl\/?p=15863"},"modified":"2023-07-26T03:37:08","modified_gmt":"2023-07-26T03:37:08","slug":"ven-a-las-actividades-gratuitas-de-sala-teatro-ipa","status":"publish","type":"post","link":"https:\/\/dev.antudigital.cl\/sites\/vc\/ven-a-las-actividades-gratuitas-de-sala-teatro-ipa\/","title":{"rendered":"Ven a las actividades gratuitas de Sala Teatro IPA"},"content":{"rendered":"\n<p><img decoding=\"async\" height=\"16\" width=\"16\" alt=\"&#x203c;&#xfe0f;\" src=\"https:\/\/ci6.googleusercontent.com\/proxy\/e7XEqtyyfjvxDBWWuQ4uczQ8Eo--HmI207vJojMTHeeq7b4j7VKlkEU1iuNOeHMjxEMuDL1_s7QLcwmrQNvkM1XpJup9tAHYNQye0vdz3bmp2efIlek=s0-d-e1-ft#https:\/\/static.xx.fbcdn.net\/images\/emoji.php\/v9\/tfe\/1.5\/16\/203c.png\">&nbsp;VACACIONES DE INVIERNO EN SALA TEATRO IPA&nbsp;<img decoding=\"async\" height=\"16\" width=\"16\" alt=\"&#x1f3ad;\" src=\"https:\/\/ci6.googleusercontent.com\/proxy\/Em-OU1P3auTPZafdHY_sTN-rCDkY1OCNWEi5zJAa1-7qQgiyMZZc9xV24laxZDxH1c7DxfSrG7EwSrX_0votrvNnVT810u-OB35WEuNgP2J-Q3niMrI=s0-d-e1-ft#https:\/\/static.xx.fbcdn.net\/images\/emoji.php\/v9\/t7\/1.5\/16\/1f3ad.png\"><\/p>\n\n\n\n<p><img decoding=\"async\" height=\"16\" width=\"16\" alt=\"&#x1f4e3;\" src=\"https:\/\/ci3.googleusercontent.com\/proxy\/bFs6nDzlx8Ogf_e5GG4RCcV7c3zMg1APrg0P2bStJtkARh211U6EziBiElNkzQ9bXbk8VHWv6KVlTfqqiTuMWfMfCSR4bCrdS7mbD4WV7aOPGJjsTAD1=s0-d-e1-ft#https:\/\/static.xx.fbcdn.net\/images\/emoji.php\/v9\/t13\/1.5\/16\/1f4e3.png\">&nbsp;No te pierdas la hermosa obra&nbsp;<img loading=\"lazy\" decoding=\"async\" height=\"16\" width=\"16\" alt=\"&#x1f343;\" src=\"https:\/\/ci5.googleusercontent.com\/proxy\/fy8vqE1P7fgDFgPgjilw3JcUfSpo9RRiCUMEfI-bYOsZSZArtgpnzmh7_1LzovhU_Le4wN0LPV0L-J-Qy5FxRT8qKqtKWB0YFb4A1OCKv2K6lK6qAF61=s0-d-e1-ft#https:\/\/static.xx.fbcdn.net\/images\/emoji.php\/v9\/t63\/1.5\/16\/1f343.png\">Almendra y el misterio de Lagar&nbsp;<img loading=\"lazy\" decoding=\"async\" height=\"16\" width=\"16\" alt=\"&#x1f337;\" src=\"https:\/\/ci5.googleusercontent.com\/proxy\/OtKxTQilY-56zNn5sLIF59QaVfmUc6xu3fix_Y2jhV6WbeBzjAykjiKj-a2miTMab4j0R12Y5_J3uF2Xh27bxDEbtYKfDtoGi48YEu7LXImF3UVF2m2s=s0-d-e1-ft#https:\/\/static.xx.fbcdn.net\/images\/emoji.php\/v9\/tc8\/1.5\/16\/1f337.png\">de Compa\u00f1\u00eda de teatro Moviendohilos @moviendo.hilos este Viernes 7 de julio a las 18:00 hrs. en nuestra sala ubicada en el centro de Valpara\u00edso,<\/p>\n\n\n\n<p><img loading=\"lazy\" decoding=\"async\" height=\"16\" width=\"16\" alt=\"&#x1f343;\" src=\"https:\/\/ci5.googleusercontent.com\/proxy\/fy8vqE1P7fgDFgPgjilw3JcUfSpo9RRiCUMEfI-bYOsZSZArtgpnzmh7_1LzovhU_Le4wN0LPV0L-J-Qy5FxRT8qKqtKWB0YFb4A1OCKv2K6lK6qAF61=s0-d-e1-ft#https:\/\/static.xx.fbcdn.net\/images\/emoji.php\/v9\/t63\/1.5\/16\/1f343.png\"><img loading=\"lazy\" decoding=\"async\" height=\"16\" width=\"16\" alt=\"&#x1f40c;\" src=\"https:\/\/ci6.googleusercontent.com\/proxy\/oB81-tvrAkDiMJCRWOy-S6ddl4VPHOUosm35hSCvCuRcYCEWuxscgcei7nNfiJXzNHdqY1WfbjlBd_zq4La-Nu-DstfFqpuby-WeWQDb_ZgnuJ543h95=s0-d-e1-ft#https:\/\/static.xx.fbcdn.net\/images\/emoji.php\/v9\/t58\/1.5\/16\/1f40c.png\">&nbsp;El siguiente fin de semana, viernes 14 de julio, nos visitar\u00e1 en SALA TEATRO IPA la m\u00e1gica puesta en escena \u00abLa Caracol\u00bb, de @laenredadera.colectivoescenico. Tambi\u00e9n a las 18:00 hrs y para todo espectador.<\/p>\n\n\n\n<p><img loading=\"lazy\" decoding=\"async\" height=\"16\" width=\"16\" alt=\"&#x1f54a;&#xfe0f;\" src=\"https:\/\/ci5.googleusercontent.com\/proxy\/I1HKOtvK3ZlMvI3a8qgMTm4Qu_ur39Nz2jDyAJ16hK8voXTX4V5cXqpM7L-FqxSgzYpe0xr2yvxlZWwH5ujWoZgbSiHbwOCT82SIoeGVw3Um8ieFxTNA=s0-d-e1-ft#https:\/\/static.xx.fbcdn.net\/images\/emoji.php\/v9\/t13\/1.5\/16\/1f54a.png\">&nbsp;Y recuerda que, como todos los meses, cerramos con una actividad de mediaci\u00f3n online en nuestro canal de Youtube disponible durante 1 semana para todo el mundo&nbsp;<img loading=\"lazy\" decoding=\"async\" height=\"16\" width=\"16\" alt=\"&#x1f30e;\" src=\"https:\/\/ci6.googleusercontent.com\/proxy\/g7yRkPGQKNdGODk-fW5xaIBrTBApja62HGFVqA81sNRTlsue7L5onlXd6ruRlcLxEfhz7pUi-8KDlQ9AuJ4n9opA6_gi-ofSE9Ccx6NhVtEDZoLEr4Kb=s0-d-e1-ft#https:\/\/static.xx.fbcdn.net\/images\/emoji.php\/v9\/t19\/1.5\/16\/1f30e.png\"><\/p>\n\n\n\n<p><img loading=\"lazy\" decoding=\"async\" height=\"16\" width=\"16\" alt=\"&#x1f518;\" src=\"https:\/\/ci4.googleusercontent.com\/proxy\/Dk-4ufO1rvEEVBRD8241mlRkPKsnlT7skchshYwUZqDTJLnocSEqz_QDw6FWoDkkvRrK23f51LQvbsiB6YMbjGgGClgGzdbMku1jsXZL6yaxYRp8OW-A=s0-d-e1-ft#https:\/\/static.xx.fbcdn.net\/images\/emoji.php\/v9\/t8d\/1.5\/16\/1f518.png\">&nbsp;Coordenadas:<\/p>\n\n\n\n<p><img loading=\"lazy\" decoding=\"async\" height=\"16\" width=\"16\" alt=\"&#x1f4cd;\" src=\"https:\/\/ci3.googleusercontent.com\/proxy\/k1cyftyG2T4WZsjWkaUbL1wGIWIZ46K4tf3ILvLVgo9No7oDckgbNgzy_FycdIliFIJyv3ox0i_zEoRaUMpdrlAgn7w2EAIpKJE2pwjYawgLTKjTsxk3=s0-d-e1-ft#https:\/\/static.xx.fbcdn.net\/images\/emoji.php\/v9\/t86\/1.5\/16\/1f4cd.png\">Calle Condell #1349, Valpara\u00edso&nbsp;<img loading=\"lazy\" decoding=\"async\" height=\"16\" width=\"16\" alt=\"&#x1f4cd;\" src=\"https:\/\/ci3.googleusercontent.com\/proxy\/k1cyftyG2T4WZsjWkaUbL1wGIWIZ46K4tf3ILvLVgo9No7oDckgbNgzy_FycdIliFIJyv3ox0i_zEoRaUMpdrlAgn7w2EAIpKJE2pwjYawgLTKjTsxk3=s0-d-e1-ft#https:\/\/static.xx.fbcdn.net\/images\/emoji.php\/v9\/t86\/1.5\/16\/1f4cd.png\"><\/p>\n\n\n\n<p><img loading=\"lazy\" decoding=\"async\" height=\"16\" width=\"16\" alt=\"&#x1f4cd;\" src=\"https:\/\/ci3.googleusercontent.com\/proxy\/k1cyftyG2T4WZsjWkaUbL1wGIWIZ46K4tf3ILvLVgo9No7oDckgbNgzy_FycdIliFIJyv3ox0i_zEoRaUMpdrlAgn7w2EAIpKJE2pwjYawgLTKjTsxk3=s0-d-e1-ft#https:\/\/static.xx.fbcdn.net\/images\/emoji.php\/v9\/t86\/1.5\/16\/1f4cd.png\">RESERVA TUS CUPOS AL MAIL&nbsp;<a href=\"mailto:reservas.teatro.ipa@gmail.com\" target=\"_blank\" rel=\"noreferrer noopener\">reservas.teatro.ipa@gmail.com<\/a><\/p>\n\n\n\n<p><img decoding=\"async\" height=\"16\" width=\"16\" alt=\"&#x1f4e3;\" src=\"https:\/\/ci3.googleusercontent.com\/proxy\/bFs6nDzlx8Ogf_e5GG4RCcV7c3zMg1APrg0P2bStJtkARh211U6EziBiElNkzQ9bXbk8VHWv6KVlTfqqiTuMWfMfCSR4bCrdS7mbD4WV7aOPGJjsTAD1=s0-d-e1-ft#https:\/\/static.xx.fbcdn.net\/images\/emoji.php\/v9\/t13\/1.5\/16\/1f4e3.png\">&nbsp;O COPIANDO Y PINCHANDO ESTE ENLACE:<\/p>\n\n\n\n<p><a href=\"https:\/\/forms.gle\/Tebag55k2vUcTzAz5\">https:\/\/forms.gle\/Tebag55k2vUcTzAz5<\/a><\/p>\n\n\n\n<p><img loading=\"lazy\" decoding=\"async\" height=\"16\" width=\"16\" alt=\"&#x1f308;\" src=\"https:\/\/ci3.googleusercontent.com\/proxy\/42VTvqpL3ogcWXimCzsnsAuSh1RqFfDtoJ1Nfjoc1NpThBM9bjrqeOjYweVmOX0aIVQunyb6hDjej8bmeSk-YDYktWC8qtAIze_1KsEqAd90hzHV_iqI=s0-d-e1-ft#https:\/\/static.xx.fbcdn.net\/images\/emoji.php\/v9\/t6c\/1.5\/16\/1f308.png\">&nbsp;Actividades para seres desde 0 a 1000 a\u00f1os&nbsp;<img loading=\"lazy\" decoding=\"async\" height=\"16\" width=\"16\" alt=\"&#x1f64c;&#x1f3fc;\" src=\"https:\/\/ci4.googleusercontent.com\/proxy\/K8PjcxIEghWFyd65SvUNJhI5haWLg0BslV5NVk5lgNxpj4h4iF6SgRJhdofVTNTpfyRclBj3scD83rT-Ogws2XlNNsirA7vlLBcXKOh878qramzJUWi-1Mcjds9L=s0-d-e1-ft#https:\/\/static.xx.fbcdn.net\/images\/emoji.php\/v9\/td2\/1.5\/16\/1f64c_1f3fc.png\"><\/p>\n\n\n\n<p>NOS VEMOS EN EL TEATRO<img decoding=\"async\" height=\"16\" width=\"16\" alt=\"&#x203c;&#xfe0f;\" src=\"https:\/\/ci6.googleusercontent.com\/proxy\/e7XEqtyyfjvxDBWWuQ4uczQ8Eo--HmI207vJojMTHeeq7b4j7VKlkEU1iuNOeHMjxEMuDL1_s7QLcwmrQNvkM1XpJup9tAHYNQye0vdz3bmp2efIlek=s0-d-e1-ft#https:\/\/static.xx.fbcdn.net\/images\/emoji.php\/v9\/tfe\/1.5\/16\/203c.png\"><img decoding=\"async\" height=\"16\" width=\"16\" alt=\"&#x1f3ad;\" src=\"https:\/\/ci6.googleusercontent.com\/proxy\/Em-OU1P3auTPZafdHY_sTN-rCDkY1OCNWEi5zJAa1-7qQgiyMZZc9xV24laxZDxH1c7DxfSrG7EwSrX_0votrvNnVT810u-OB35WEuNgP2J-Q3niMrI=s0-d-e1-ft#https:\/\/static.xx.fbcdn.net\/images\/emoji.php\/v9\/t7\/1.5\/16\/1f3ad.png\"><\/p>\n\n\n\n<p>Invita EQUIPO SALA TEATRO IPA:<\/p>\n\n\n\n<p>@jenny.a.cortes<\/p>\n\n\n\n<p>@pamearave<\/p>\n\n\n\n<p>@pepe.escenolux<\/p>\n\n\n\n<p>@marcepazibar<\/p>\n\n\n\n<p>@val.photographyyy<\/p>\n\n\n\n<p><a href=\"https:\/\/www.facebook.com\/hashtag\/andr%C3%A9sp%C3%A9rez?__eep__=6&amp;__cft__[0]=AZUe0S2aoKrIFhrVtxj4DMKfx-wpOKuUil5tuCPDyEiH32cXxVsEEokgM3Em3QZ-1WvykBWY7n_FUkRJKzgydIjNeu1sPoYFnoRnb2TnO-hO3PvOLfRfjVYlhQW8DFpAyGQ&amp;__tn__=*NK-R\" target=\"_blank\" rel=\"noreferrer noopener\">#Andr\u00e9sP\u00e9rez<\/a><\/p>\n\n\n\n<p><img loading=\"lazy\" decoding=\"async\" height=\"16\" width=\"16\" src=\"https:\/\/ci5.googleusercontent.com\/proxy\/oqXnwdUP2iwW46F2G2goi2LZVuBULi-As2LODrzgBky1Ej-07WWGWsJHZv4gkaP9XAeC_gClF4gBNbALApmzbn9ketxjOG4Oic-_2buWDHJeMlLbCwY=s0-d-e1-ft#https:\/\/static.xx.fbcdn.net\/images\/emoji.php\/v9\/t5\/1.5\/16\/1f4cc.png\" alt=\"&#x1f4cc;\">\u00a0Financia: @culturas_cl Bajo el programa de apoyo a organizaciones colaboradoras del Estado, PAOCC 2022.<\/p>\n\n\n\n<figure class=\"wp-block-image size-large\"><img loading=\"lazy\" decoding=\"async\" width=\"724\" height=\"1024\" src=\"https:\/\/www.valparaisocreativo.cl\/wp-content\/uploads\/2023\/07\/JULIO_IPA-1-724x1024.jpg\" alt=\"\" class=\"wp-image-15866\" srcset=\"https:\/\/dev.antudigital.cl\/sites\/vc\/wp-content\/uploads\/2023\/07\/JULIO_IPA-1-724x1024.jpg 724w, https:\/\/dev.antudigital.cl\/sites\/vc\/wp-content\/uploads\/2023\/07\/JULIO_IPA-1-212x300.jpg 212w, https:\/\/dev.antudigital.cl\/sites\/vc\/wp-content\/uploads\/2023\/07\/JULIO_IPA-1-768x1087.jpg 768w, https:\/\/dev.antudigital.cl\/sites\/vc\/wp-content\/uploads\/2023\/07\/JULIO_IPA-1-980x1387.jpg 980w, https:\/\/dev.antudigital.cl\/sites\/vc\/wp-content\/uploads\/2023\/07\/JULIO_IPA-1-480x679.jpg 480w, https:\/\/dev.antudigital.cl\/sites\/vc\/wp-content\/uploads\/2023\/07\/JULIO_IPA-1-17x24.jpg 17w, https:\/\/dev.antudigital.cl\/sites\/vc\/wp-content\/uploads\/2023\/07\/JULIO_IPA-1-25x36.jpg 25w, https:\/\/dev.antudigital.cl\/sites\/vc\/wp-content\/uploads\/2023\/07\/JULIO_IPA-1-34x48.jpg 34w, https:\/\/dev.antudigital.cl\/sites\/vc\/wp-content\/uploads\/2023\/07\/JULIO_IPA-1.jpg 1080w\" sizes=\"(max-width: 724px) 100vw, 724px\" \/><\/figure>\n","protected":false},"excerpt":{"rendered":"<p>&nbsp;VACACIONES DE INVIERNO EN SALA TEATRO IPA&nbsp; &nbsp;No te pierdas la hermosa obra&nbsp;Almendra y el misterio de Lagar&nbsp;de Compa\u00f1\u00eda de teatro Moviendohilos @moviendo.hilos este Viernes 7 de julio a las 18:00 hrs. en nuestra sala ubicada en el centro de Valpara\u00edso, &nbsp;El siguiente fin de semana, viernes 14 de julio, nos visitar\u00e1 en SALA TEATRO [&hellip;]<\/p>\n","protected":false},"author":1,"featured_media":15865,"comment_status":"closed","ping_status":"closed","sticky":false,"template":"","format":"standard","meta":{"_acf_changed":false,"footnotes":""},"categories":[1],"tags":[],"class_list":["post-15863","post","type-post","status-publish","format-standard","has-post-thumbnail","hentry","category-uncategorized"],"acf":[],"yoast_head":"<!-- This site is optimized with the Yoast SEO plugin v27.1.1 - https:\/\/yoast.com\/product\/yoast-seo-wordpress\/ -->\n<title>Ven a las actividades gratuitas de Sala Teatro IPA - Valpara\u00ed\u00adso Creativo<\/title>\n<meta name=\"robots\" content=\"index, follow, max-snippet:-1, max-image-preview:large, max-video-preview:-1\" \/>\n<link rel=\"canonical\" href=\"https:\/\/dev.antudigital.cl\/sites\/vc\/ven-a-las-actividades-gratuitas-de-sala-teatro-ipa\/\" \/>\n<meta property=\"og:locale\" content=\"es_ES\" \/>\n<meta property=\"og:type\" content=\"article\" \/>\n<meta property=\"og:title\" content=\"Ven a las actividades gratuitas de Sala Teatro IPA - Valpara\u00ed\u00adso Creativo\" \/>\n<meta property=\"og:description\" content=\"&nbsp;VACACIONES DE INVIERNO EN SALA TEATRO IPA&nbsp; &nbsp;No te pierdas la hermosa obra&nbsp;Almendra y el misterio de Lagar&nbsp;de Compa\u00f1\u00eda de teatro Moviendohilos @moviendo.hilos este Viernes 7 de julio a las 18:00 hrs. en nuestra sala ubicada en el centro de Valpara\u00edso, &nbsp;El siguiente fin de semana, viernes 14 de julio, nos visitar\u00e1 en SALA TEATRO [&hellip;]\" \/>\n<meta property=\"og:url\" content=\"https:\/\/dev.antudigital.cl\/sites\/vc\/ven-a-las-actividades-gratuitas-de-sala-teatro-ipa\/\" \/>\n<meta property=\"og:site_name\" content=\"Valpara\u00ed\u00adso Creativo\" \/>\n<meta property=\"article:published_time\" content=\"2023-07-04T00:01:43+00:00\" \/>\n<meta property=\"article:modified_time\" content=\"2023-07-26T03:37:08+00:00\" \/>\n<meta property=\"og:image\" content=\"https:\/\/dev.antudigital.cl\/sites\/vc\/wp-content\/uploads\/2023\/07\/Captura-de-Pantalla-2023-07-03-a-las-20.01.08.png\" \/>\n\t<meta property=\"og:image:width\" content=\"854\" \/>\n\t<meta property=\"og:image:height\" content=\"296\" \/>\n\t<meta property=\"og:image:type\" content=\"image\/png\" \/>\n<meta name=\"author\" content=\"Valpara\u00edso Creativo\" \/>\n<meta name=\"twitter:card\" content=\"summary_large_image\" \/>\n<meta name=\"twitter:label1\" content=\"Escrito por\" \/>\n\t<meta name=\"twitter:data1\" content=\"Valpara\u00edso Creativo\" \/>\n\t<meta name=\"twitter:label2\" content=\"Tiempo de lectura\" \/>\n\t<meta name=\"twitter:data2\" content=\"5 minutos\" \/>\n<script type=\"application\/ld+json\" class=\"yoast-schema-graph\">{\"@context\":\"https:\/\/schema.org\",\"@graph\":[{\"@type\":\"Article\",\"@id\":\"https:\/\/dev.antudigital.cl\/sites\/vc\/ven-a-las-actividades-gratuitas-de-sala-teatro-ipa\/#article\",\"isPartOf\":{\"@id\":\"https:\/\/dev.antudigital.cl\/sites\/vc\/ven-a-las-actividades-gratuitas-de-sala-teatro-ipa\/\"},\"author\":{\"name\":\"Valpara\u00edso Creativo\",\"@id\":\"https:\/\/dev.antudigital.cl\/sites\/vc\/#\/schema\/person\/c2b9da8dd545e27166fc5ab232837318\"},\"headline\":\"Ven a las actividades gratuitas de Sala Teatro IPA\",\"datePublished\":\"2023-07-04T00:01:43+00:00\",\"dateModified\":\"2023-07-26T03:37:08+00:00\",\"mainEntityOfPage\":{\"@id\":\"https:\/\/dev.antudigital.cl\/sites\/vc\/ven-a-las-actividades-gratuitas-de-sala-teatro-ipa\/\"},\"wordCount\":198,\"image\":{\"@id\":\"https:\/\/dev.antudigital.cl\/sites\/vc\/ven-a-las-actividades-gratuitas-de-sala-teatro-ipa\/#primaryimage\"},\"thumbnailUrl\":\"https:\/\/dev.antudigital.cl\/sites\/vc\/wp-content\/uploads\/2023\/07\/Captura-de-Pantalla-2023-07-03-a-las-20.01.08.png\",\"articleSection\":[\"Uncategorized\"],\"inLanguage\":\"es\"},{\"@type\":\"WebPage\",\"@id\":\"https:\/\/dev.antudigital.cl\/sites\/vc\/ven-a-las-actividades-gratuitas-de-sala-teatro-ipa\/\",\"url\":\"https:\/\/dev.antudigital.cl\/sites\/vc\/ven-a-las-actividades-gratuitas-de-sala-teatro-ipa\/\",\"name\":\"Ven a las actividades gratuitas de Sala Teatro IPA - Valpara\u00ed\u00adso Creativo\",\"isPartOf\":{\"@id\":\"https:\/\/dev.antudigital.cl\/sites\/vc\/#website\"},\"primaryImageOfPage\":{\"@id\":\"https:\/\/dev.antudigital.cl\/sites\/vc\/ven-a-las-actividades-gratuitas-de-sala-teatro-ipa\/#primaryimage\"},\"image\":{\"@id\":\"https:\/\/dev.antudigital.cl\/sites\/vc\/ven-a-las-actividades-gratuitas-de-sala-teatro-ipa\/#primaryimage\"},\"thumbnailUrl\":\"https:\/\/dev.antudigital.cl\/sites\/vc\/wp-content\/uploads\/2023\/07\/Captura-de-Pantalla-2023-07-03-a-las-20.01.08.png\",\"datePublished\":\"2023-07-04T00:01:43+00:00\",\"dateModified\":\"2023-07-26T03:37:08+00:00\",\"author\":{\"@id\":\"https:\/\/dev.antudigital.cl\/sites\/vc\/#\/schema\/person\/c2b9da8dd545e27166fc5ab232837318\"},\"breadcrumb\":{\"@id\":\"https:\/\/dev.antudigital.cl\/sites\/vc\/ven-a-las-actividades-gratuitas-de-sala-teatro-ipa\/#breadcrumb\"},\"inLanguage\":\"es\",\"potentialAction\":[{\"@type\":\"ReadAction\",\"target\":[\"https:\/\/dev.antudigital.cl\/sites\/vc\/ven-a-las-actividades-gratuitas-de-sala-teatro-ipa\/\"]}]},{\"@type\":\"ImageObject\",\"inLanguage\":\"es\",\"@id\":\"https:\/\/dev.antudigital.cl\/sites\/vc\/ven-a-las-actividades-gratuitas-de-sala-teatro-ipa\/#primaryimage\",\"url\":\"https:\/\/dev.antudigital.cl\/sites\/vc\/wp-content\/uploads\/2023\/07\/Captura-de-Pantalla-2023-07-03-a-las-20.01.08.png\",\"contentUrl\":\"https:\/\/dev.antudigital.cl\/sites\/vc\/wp-content\/uploads\/2023\/07\/Captura-de-Pantalla-2023-07-03-a-las-20.01.08.png\",\"width\":854,\"height\":296},{\"@type\":\"BreadcrumbList\",\"@id\":\"https:\/\/dev.antudigital.cl\/sites\/vc\/ven-a-las-actividades-gratuitas-de-sala-teatro-ipa\/#breadcrumb\",\"itemListElement\":[{\"@type\":\"ListItem\",\"position\":1,\"name\":\"Home\",\"item\":\"https:\/\/dev.antudigital.cl\/sites\/vc\/\"},{\"@type\":\"ListItem\",\"position\":2,\"name\":\"Ven a las actividades gratuitas de Sala Teatro IPA\"}]},{\"@type\":\"WebSite\",\"@id\":\"https:\/\/dev.antudigital.cl\/sites\/vc\/#website\",\"url\":\"https:\/\/dev.antudigital.cl\/sites\/vc\/\",\"name\":\"Valpara\u00ed\u00adso Creativo\",\"description\":\"\",\"potentialAction\":[{\"@type\":\"SearchAction\",\"target\":{\"@type\":\"EntryPoint\",\"urlTemplate\":\"https:\/\/dev.antudigital.cl\/sites\/vc\/?s={search_term_string}\"},\"query-input\":{\"@type\":\"PropertyValueSpecification\",\"valueRequired\":true,\"valueName\":\"search_term_string\"}}],\"inLanguage\":\"es\"},{\"@type\":\"Person\",\"@id\":\"https:\/\/dev.antudigital.cl\/sites\/vc\/#\/schema\/person\/c2b9da8dd545e27166fc5ab232837318\",\"name\":\"Valpara\u00edso Creativo\",\"description\":\"Periodista de cultura en la Regi\u00f3n de Valpara\u00edso.\",\"url\":\"https:\/\/dev.antudigital.cl\/sites\/vc\/author\/valpoadmin\/\"}]}<\/script>\n<!-- \/ Yoast SEO plugin. -->","yoast_head_json":{"title":"Ven a las actividades gratuitas de Sala Teatro IPA - Valpara\u00ed\u00adso Creativo","robots":{"index":"index","follow":"follow","max-snippet":"max-snippet:-1","max-image-preview":"max-image-preview:large","max-video-preview":"max-video-preview:-1"},"canonical":"https:\/\/dev.antudigital.cl\/sites\/vc\/ven-a-las-actividades-gratuitas-de-sala-teatro-ipa\/","og_locale":"es_ES","og_type":"article","og_title":"Ven a las actividades gratuitas de Sala Teatro IPA - Valpara\u00ed\u00adso Creativo","og_description":"&nbsp;VACACIONES DE INVIERNO EN SALA TEATRO IPA&nbsp; &nbsp;No te pierdas la hermosa obra&nbsp;Almendra y el misterio de Lagar&nbsp;de Compa\u00f1\u00eda de teatro Moviendohilos @moviendo.hilos este Viernes 7 de julio a las 18:00 hrs. en nuestra sala ubicada en el centro de Valpara\u00edso, &nbsp;El siguiente fin de semana, viernes 14 de julio, nos visitar\u00e1 en SALA TEATRO [&hellip;]","og_url":"https:\/\/dev.antudigital.cl\/sites\/vc\/ven-a-las-actividades-gratuitas-de-sala-teatro-ipa\/","og_site_name":"Valpara\u00ed\u00adso Creativo","article_published_time":"2023-07-04T00:01:43+00:00","article_modified_time":"2023-07-26T03:37:08+00:00","og_image":[{"width":854,"height":296,"url":"https:\/\/dev.antudigital.cl\/sites\/vc\/wp-content\/uploads\/2023\/07\/Captura-de-Pantalla-2023-07-03-a-las-20.01.08.png","type":"image\/png"}],"author":"Valpara\u00edso Creativo","twitter_card":"summary_large_image","twitter_misc":{"Escrito por":"Valpara\u00edso Creativo","Tiempo de lectura":"5 minutos"},"schema":{"@context":"https:\/\/schema.org","@graph":[{"@type":"Article","@id":"https:\/\/dev.antudigital.cl\/sites\/vc\/ven-a-las-actividades-gratuitas-de-sala-teatro-ipa\/#article","isPartOf":{"@id":"https:\/\/dev.antudigital.cl\/sites\/vc\/ven-a-las-actividades-gratuitas-de-sala-teatro-ipa\/"},"author":{"name":"Valpara\u00edso Creativo","@id":"https:\/\/dev.antudigital.cl\/sites\/vc\/#\/schema\/person\/c2b9da8dd545e27166fc5ab232837318"},"headline":"Ven a las actividades gratuitas de Sala Teatro IPA","datePublished":"2023-07-04T00:01:43+00:00","dateModified":"2023-07-26T03:37:08+00:00","mainEntityOfPage":{"@id":"https:\/\/dev.antudigital.cl\/sites\/vc\/ven-a-las-actividades-gratuitas-de-sala-teatro-ipa\/"},"wordCount":198,"image":{"@id":"https:\/\/dev.antudigital.cl\/sites\/vc\/ven-a-las-actividades-gratuitas-de-sala-teatro-ipa\/#primaryimage"},"thumbnailUrl":"https:\/\/dev.antudigital.cl\/sites\/vc\/wp-content\/uploads\/2023\/07\/Captura-de-Pantalla-2023-07-03-a-las-20.01.08.png","articleSection":["Uncategorized"],"inLanguage":"es"},{"@type":"WebPage","@id":"https:\/\/dev.antudigital.cl\/sites\/vc\/ven-a-las-actividades-gratuitas-de-sala-teatro-ipa\/","url":"https:\/\/dev.antudigital.cl\/sites\/vc\/ven-a-las-actividades-gratuitas-de-sala-teatro-ipa\/","name":"Ven a las actividades gratuitas de Sala Teatro IPA - Valpara\u00ed\u00adso Creativo","isPartOf":{"@id":"https:\/\/dev.antudigital.cl\/sites\/vc\/#website"},"primaryImageOfPage":{"@id":"https:\/\/dev.antudigital.cl\/sites\/vc\/ven-a-las-actividades-gratuitas-de-sala-teatro-ipa\/#primaryimage"},"image":{"@id":"https:\/\/dev.antudigital.cl\/sites\/vc\/ven-a-las-actividades-gratuitas-de-sala-teatro-ipa\/#primaryimage"},"thumbnailUrl":"https:\/\/dev.antudigital.cl\/sites\/vc\/wp-content\/uploads\/2023\/07\/Captura-de-Pantalla-2023-07-03-a-las-20.01.08.png","datePublished":"2023-07-04T00:01:43+00:00","dateModified":"2023-07-26T03:37:08+00:00","author":{"@id":"https:\/\/dev.antudigital.cl\/sites\/vc\/#\/schema\/person\/c2b9da8dd545e27166fc5ab232837318"},"breadcrumb":{"@id":"https:\/\/dev.antudigital.cl\/sites\/vc\/ven-a-las-actividades-gratuitas-de-sala-teatro-ipa\/#breadcrumb"},"inLanguage":"es","potentialAction":[{"@type":"ReadAction","target":["https:\/\/dev.antudigital.cl\/sites\/vc\/ven-a-las-actividades-gratuitas-de-sala-teatro-ipa\/"]}]},{"@type":"ImageObject","inLanguage":"es","@id":"https:\/\/dev.antudigital.cl\/sites\/vc\/ven-a-las-actividades-gratuitas-de-sala-teatro-ipa\/#primaryimage","url":"https:\/\/dev.antudigital.cl\/sites\/vc\/wp-content\/uploads\/2023\/07\/Captura-de-Pantalla-2023-07-03-a-las-20.01.08.png","contentUrl":"https:\/\/dev.antudigital.cl\/sites\/vc\/wp-content\/uploads\/2023\/07\/Captura-de-Pantalla-2023-07-03-a-las-20.01.08.png","width":854,"height":296},{"@type":"BreadcrumbList","@id":"https:\/\/dev.antudigital.cl\/sites\/vc\/ven-a-las-actividades-gratuitas-de-sala-teatro-ipa\/#breadcrumb","itemListElement":[{"@type":"ListItem","position":1,"name":"Home","item":"https:\/\/dev.antudigital.cl\/sites\/vc\/"},{"@type":"ListItem","position":2,"name":"Ven a las actividades gratuitas de Sala Teatro IPA"}]},{"@type":"WebSite","@id":"https:\/\/dev.antudigital.cl\/sites\/vc\/#website","url":"https:\/\/dev.antudigital.cl\/sites\/vc\/","name":"Valpara\u00ed\u00adso Creativo","description":"","potentialAction":[{"@type":"SearchAction","target":{"@type":"EntryPoint","urlTemplate":"https:\/\/dev.antudigital.cl\/sites\/vc\/?s={search_term_string}"},"query-input":{"@type":"PropertyValueSpecification","valueRequired":true,"valueName":"search_term_string"}}],"inLanguage":"es"},{"@type":"Person","@id":"https:\/\/dev.antudigital.cl\/sites\/vc\/#\/schema\/person\/c2b9da8dd545e27166fc5ab232837318","name":"Valpara\u00edso Creativo","description":"Periodista de cultura en la Regi\u00f3n de Valpara\u00edso.","url":"https:\/\/dev.antudigital.cl\/sites\/vc\/author\/valpoadmin\/"}]}},"_links":{"self":[{"href":"https:\/\/dev.antudigital.cl\/sites\/vc\/wp-json\/wp\/v2\/posts\/15863","targetHints":{"allow":["GET"]}}],"collection":[{"href":"https:\/\/dev.antudigital.cl\/sites\/vc\/wp-json\/wp\/v2\/posts"}],"about":[{"href":"https:\/\/dev.antudigital.cl\/sites\/vc\/wp-json\/wp\/v2\/types\/post"}],"author":[{"embeddable":true,"href":"https:\/\/dev.antudigital.cl\/sites\/vc\/wp-json\/wp\/v2\/users\/1"}],"replies":[{"embeddable":true,"href":"https:\/\/dev.antudigital.cl\/sites\/vc\/wp-json\/wp\/v2\/comments?post=15863"}],"version-history":[{"count":1,"href":"https:\/\/dev.antudigital.cl\/sites\/vc\/wp-json\/wp\/v2\/posts\/15863\/revisions"}],"predecessor-version":[{"id":15867,"href":"https:\/\/dev.antudigital.cl\/sites\/vc\/wp-json\/wp\/v2\/posts\/15863\/revisions\/15867"}],"wp:featuredmedia":[{"embeddable":true,"href":"https:\/\/dev.antudigital.cl\/sites\/vc\/wp-json\/wp\/v2\/media\/15865"}],"wp:attachment":[{"href":"https:\/\/dev.antudigital.cl\/sites\/vc\/wp-json\/wp\/v2\/media?parent=15863"}],"wp:term":[{"taxonomy":"category","embeddable":true,"href":"https:\/\/dev.antudigital.cl\/sites\/vc\/wp-json\/wp\/v2\/categories?post=15863"},{"taxonomy":"post_tag","embeddable":true,"href":"https:\/\/dev.antudigital.cl\/sites\/vc\/wp-json\/wp\/v2\/tags?post=15863"}],"curies":[{"name":"wp","href":"https:\/\/api.w.org\/{rel}","templated":true}]}}