{"id":15868,"date":"2023-07-04T00:12:30","date_gmt":"2023-07-04T00:12:30","guid":{"rendered":"https:\/\/www.valparaisocreativo.cl\/?p=15868"},"modified":"2023-07-26T03:37:06","modified_gmt":"2023-07-26T03:37:06","slug":"ojo-de-pescado-celebra-la-previa-de-sus-doce-anos-con-talleres-y-funciones-de-cine-en-valparaiso","status":"publish","type":"post","link":"https:\/\/dev.antudigital.cl\/sites\/vc\/ojo-de-pescado-celebra-la-previa-de-sus-doce-anos-con-talleres-y-funciones-de-cine-en-valparaiso\/","title":{"rendered":"Ojo de Pescado celebra la previa de sus doce a\u00f1os con talleres y funciones de cine en Valpara\u00edso"},"content":{"rendered":"\n<p>Como antesala a una nueva edici\u00f3n, el <a href=\"http:\/\/www.ojodepescado.cl\">12\u00b0 Festival Internacional de Cine para Ni\u00f1os, Ni\u00f1as y J\u00f3venes Ojo de Pescado<\/a> <em>\u2014<\/em>proyecto<em> <\/em>financiado por el Fondo de Fomento Audiovisual Convocatoria 2023 del Ministerio de las Culturas, las Artes y el Patrimonio\u2014 realizar\u00e1 una serie de actividades gratuitas para las ni\u00f1eces de Valpara\u00edso, desde el pr\u00f3ximo mes de julio,<\/p>\n\n\n\n<p>Dentro de este calendario, destaca la realizaci\u00f3n de dos talleres de cine junto a reconocidos cineastas chilenos: Fernando Lavanderos y Pachi Bustos, quienes durante tres sesiones consecutivas compartir\u00e1n sus conocimientos con los participantes de manera presencial en el tradicional <a href=\"https:\/\/parquecultural.cl\/\">Parque Cultural de Valpara\u00edso<\/a> (PCDV).<\/p>\n\n\n\n<p>\u201cEl Festival ha consolidado una comunidad de ni\u00f1os, ni\u00f1as y j\u00f3venes que han hallado en el cine una forma amable y apropiada para expresarse y crear. Esta ni\u00f1ez y adolescencia cautivada por el cine demanda procesos formativos m\u00e1s especializados, por eso, hemos querido ofrecerles estas instancias de acercamiento desde una dimensi\u00f3n m\u00e1s profesional, de la mano de dos importantes cineastas chilenos, para que conozcan de fuente directa c\u00f3mo se hace el cine en Chile, y que ellos y ellas, a\u00fan siendo ni\u00f1os o ni\u00f1as, tambi\u00e9n pueden hacerlo\u201d, explica <strong>Alejandra Fritis Zapata, directora art\u00edstica del Festival.&nbsp;<\/strong><\/p>\n\n\n\n<p>El primer taller llamado <strong><em>\u201cHagamos historia, \u00a1y film\u00e9mosla!\u201d<\/em><\/strong> <em>\u2014que <\/em>se realizar\u00e1 los d\u00edas 2, 3 y 5 de agosto a las 16 horas<em>\u2014<\/em>, tendr\u00e1 foco en el cine ficci\u00f3n y ser\u00e1 dictado por el cineasta, guionista y docente <strong>Fernando Lavanderos<\/strong>, quien ha realizado pel\u00edculas como <em>Y las vacas vuelan<\/em> (2004), <em>Las cosas como son <\/em>(2012) y<em> Sin Norte<\/em> (2015).\u00a0<\/p>\n\n\n\n<figure class=\"wp-block-image size-large\"><img fetchpriority=\"high\" decoding=\"async\" width=\"1024\" height=\"1024\" src=\"https:\/\/www.valparaisocreativo.cl\/wp-content\/uploads\/2023\/07\/Fernando-Lavanderos-1024x1024.jpg\" alt=\"\" class=\"wp-image-15872\" srcset=\"https:\/\/dev.antudigital.cl\/sites\/vc\/wp-content\/uploads\/2023\/07\/Fernando-Lavanderos-1024x1024.jpg 1024w, https:\/\/dev.antudigital.cl\/sites\/vc\/wp-content\/uploads\/2023\/07\/Fernando-Lavanderos-300x300.jpg 300w, https:\/\/dev.antudigital.cl\/sites\/vc\/wp-content\/uploads\/2023\/07\/Fernando-Lavanderos-150x150.jpg 150w, https:\/\/dev.antudigital.cl\/sites\/vc\/wp-content\/uploads\/2023\/07\/Fernando-Lavanderos-768x768.jpg 768w, https:\/\/dev.antudigital.cl\/sites\/vc\/wp-content\/uploads\/2023\/07\/Fernando-Lavanderos-1536x1536.jpg 1536w, https:\/\/dev.antudigital.cl\/sites\/vc\/wp-content\/uploads\/2023\/07\/Fernando-Lavanderos-2048x2048.jpg 2048w, https:\/\/dev.antudigital.cl\/sites\/vc\/wp-content\/uploads\/2023\/07\/Fernando-Lavanderos-1080x1080.jpg 1080w, https:\/\/dev.antudigital.cl\/sites\/vc\/wp-content\/uploads\/2023\/07\/Fernando-Lavanderos-1280x1280.jpg 1280w, https:\/\/dev.antudigital.cl\/sites\/vc\/wp-content\/uploads\/2023\/07\/Fernando-Lavanderos-980x980.jpg 980w, https:\/\/dev.antudigital.cl\/sites\/vc\/wp-content\/uploads\/2023\/07\/Fernando-Lavanderos-480x480.jpg 480w, https:\/\/dev.antudigital.cl\/sites\/vc\/wp-content\/uploads\/2023\/07\/Fernando-Lavanderos-24x24.jpg 24w, https:\/\/dev.antudigital.cl\/sites\/vc\/wp-content\/uploads\/2023\/07\/Fernando-Lavanderos-36x36.jpg 36w, https:\/\/dev.antudigital.cl\/sites\/vc\/wp-content\/uploads\/2023\/07\/Fernando-Lavanderos-48x48.jpg 48w\" sizes=\"(max-width: 1024px) 100vw, 1024px\" \/><\/figure>\n\n\n\n<p>Por su parte, el segundo taller llamado <strong><em>\u201cHagamos documentales, \u00a1hagamos historia!\u201d <\/em><\/strong>\u2014que se realizar\u00e1 los d\u00edas 16, 17 y 18 de agosto a las 16 horas\u2014 tendr\u00e1 foco en el cine documental y ser\u00e1 dictado por la realizadora audiovisual y docente <strong>Pachi Bustos<\/strong>, quien ha realizado documentales como<em> \u00c1ngeles negros<\/em> (2008), C<em>uentos sobre el futuro<\/em> (2012) y <em>Haydee y el pez volado<\/em>r (2019).\u00a0<\/p>\n\n\n\n<figure class=\"wp-block-image size-full\"><img decoding=\"async\" width=\"686\" height=\"739\" src=\"https:\/\/www.valparaisocreativo.cl\/wp-content\/uploads\/2023\/07\/Pachi-Bustos.jpg\" alt=\"\" class=\"wp-image-15870\" srcset=\"https:\/\/dev.antudigital.cl\/sites\/vc\/wp-content\/uploads\/2023\/07\/Pachi-Bustos.jpg 686w, https:\/\/dev.antudigital.cl\/sites\/vc\/wp-content\/uploads\/2023\/07\/Pachi-Bustos-278x300.jpg 278w, https:\/\/dev.antudigital.cl\/sites\/vc\/wp-content\/uploads\/2023\/07\/Pachi-Bustos-480x517.jpg 480w, https:\/\/dev.antudigital.cl\/sites\/vc\/wp-content\/uploads\/2023\/07\/Pachi-Bustos-22x24.jpg 22w, https:\/\/dev.antudigital.cl\/sites\/vc\/wp-content\/uploads\/2023\/07\/Pachi-Bustos-33x36.jpg 33w, https:\/\/dev.antudigital.cl\/sites\/vc\/wp-content\/uploads\/2023\/07\/Pachi-Bustos-45x48.jpg 45w\" sizes=\"(max-width: 686px) 100vw, 686px\" \/><\/figure>\n\n\n\n<p>\u201cA trav\u00e9s de estos talleres, queremos poner en valor las capacidades creativas y narrativas de ni\u00f1os, ni\u00f1as y adolescentes, quienes pueden y deben integrarse a las voces del cine chileno, desde los contextos creativos que proponen sus escuelas y\/o comunidades, pero tambi\u00e9n proyectando hacia un cine colaborativo con las y los profesionales del cine nacional\u201d, agrega Alejandra Fritis Zapata.<\/p>\n\n\n\n<p>Ambos talleres tienen un car\u00e1cter pr\u00e1ctico y participativo, y est\u00e1n enfocados a ni\u00f1os, ni\u00f1as y adolescentes entre los 12 y los 16 a\u00f1os. Las inscripciones est\u00e1n abiertas hasta el domingo 16 de julio de 2023 en el sitio web del Festival <a href=\"http:\/\/www.ojodepescado.cl\/talleres-cine\">www.ojodepescado.cl\/talleres-cine<\/a>&nbsp;&nbsp;<\/p>\n\n\n\n<p><strong>Vacaciones de invierno<\/strong><\/p>\n\n\n\n<p>Con el objetivo de potenciar la participaci\u00f3n de las ni\u00f1eces y acercarlos al mundo del cine durante las vacaciones de invierno, el 12\u00b0 Festival Ojo de Pescado tambi\u00e9n exhibir\u00e1 pel\u00edculas y cortometrajes, con entrada liberada para toda la familia, en diversos territorios de Valpara\u00edso.&nbsp;<\/p>\n\n\n\n<p>\u201cEl prop\u00f3sito de estas funciones es que ni\u00f1os, ni\u00f1as, j\u00f3venes y sus familias gocen y se acerquen al cine. Nuestro llamado es a participar y disfrutar de una experiencia colectiva en sus territorios, para que puedan compartir en conjunto y reflexionar junto a sus propias comunidades\u201d, explica Valentina Grau Cerda, encargada de Mediaci\u00f3n y Audiencias del Festival.&nbsp;<\/p>\n\n\n\n<p>De este modo, el <strong>jueves 13 de julio a las 16:30 horas en el Teatro Municipal de Valpara\u00edso <\/strong>se exhibir\u00e1, de manera gratuita, el largometraje <strong><em>El patalarga<\/em><\/strong>, una pel\u00edcula de animaci\u00f3n argentina, que relata el acontecer de tres ni\u00f1os que viven en un pueblo acechado por esta temible leyenda.\u00a0<\/p>\n\n\n\n<figure class=\"wp-block-image size-large\"><img decoding=\"async\" width=\"768\" height=\"1024\" src=\"https:\/\/www.valparaisocreativo.cl\/wp-content\/uploads\/2023\/07\/Taller_Ojo-de-Pescado-768x1024.jpg\" alt=\"\" class=\"wp-image-15871\" srcset=\"https:\/\/dev.antudigital.cl\/sites\/vc\/wp-content\/uploads\/2023\/07\/Taller_Ojo-de-Pescado-768x1024.jpg 768w, https:\/\/dev.antudigital.cl\/sites\/vc\/wp-content\/uploads\/2023\/07\/Taller_Ojo-de-Pescado-225x300.jpg 225w, https:\/\/dev.antudigital.cl\/sites\/vc\/wp-content\/uploads\/2023\/07\/Taller_Ojo-de-Pescado-1152x1536.jpg 1152w, https:\/\/dev.antudigital.cl\/sites\/vc\/wp-content\/uploads\/2023\/07\/Taller_Ojo-de-Pescado-1536x2048.jpg 1536w, https:\/\/dev.antudigital.cl\/sites\/vc\/wp-content\/uploads\/2023\/07\/Taller_Ojo-de-Pescado-1080x1440.jpg 1080w, https:\/\/dev.antudigital.cl\/sites\/vc\/wp-content\/uploads\/2023\/07\/Taller_Ojo-de-Pescado-1280x1707.jpg 1280w, https:\/\/dev.antudigital.cl\/sites\/vc\/wp-content\/uploads\/2023\/07\/Taller_Ojo-de-Pescado-980x1307.jpg 980w, https:\/\/dev.antudigital.cl\/sites\/vc\/wp-content\/uploads\/2023\/07\/Taller_Ojo-de-Pescado-480x640.jpg 480w, https:\/\/dev.antudigital.cl\/sites\/vc\/wp-content\/uploads\/2023\/07\/Taller_Ojo-de-Pescado-18x24.jpg 18w, https:\/\/dev.antudigital.cl\/sites\/vc\/wp-content\/uploads\/2023\/07\/Taller_Ojo-de-Pescado-27x36.jpg 27w, https:\/\/dev.antudigital.cl\/sites\/vc\/wp-content\/uploads\/2023\/07\/Taller_Ojo-de-Pescado-36x48.jpg 36w, https:\/\/dev.antudigital.cl\/sites\/vc\/wp-content\/uploads\/2023\/07\/Taller_Ojo-de-Pescado-scaled.jpg 1920w\" sizes=\"(max-width: 768px) 100vw, 768px\" \/><\/figure>\n\n\n\n<p>Tambi\u00e9n se realizar\u00e1 una funci\u00f3n el <strong>mi\u00e9rcoles 5 de julio a las 16 horas <\/strong>en la Poblaci\u00f3n B\u00e1sica de Rodelillo, donde se exhibir\u00e1 una selecci\u00f3n de cortometrajes internacionales.&nbsp;<\/p>\n\n\n\n<p>Posteriormente, tambi\u00e9n se mostrar\u00e1n cortometrajes en el Centro Comunitario de Rodelillo, el<strong> viernes 7 de julio a las 17 horas.<\/strong>&nbsp;<\/p>\n\n\n\n<p>Para finalizar, ser\u00e1 el turno de la la Biblioteca P\u00fablica Placilla de Pe\u00f1uelas, <strong>el d\u00eda martes 11 de julio a las 17 horas.&nbsp;&nbsp;<\/strong><\/p>\n\n\n\n<p>Cabe mencionar, que el 12\u00b0 Festival Ojo de Pescado se realizar\u00e1 desde el 25 de agosto al 1 de septiembre de 2023, de manera completamente presencial en Valpara\u00edso. Este a\u00f1o, el llamado es a recordar y crear historias, desde la memoria y la libertad de expresi\u00f3n.&nbsp;<\/p>\n","protected":false},"excerpt":{"rendered":"<p>Como antesala a una nueva edici\u00f3n, el 12\u00b0 Festival Internacional de Cine para Ni\u00f1os, Ni\u00f1as y J\u00f3venes Ojo de Pescado \u2014proyecto financiado por el Fondo de Fomento Audiovisual Convocatoria 2023 del Ministerio de las Culturas, las Artes y el Patrimonio\u2014 realizar\u00e1 una serie de actividades gratuitas para las ni\u00f1eces de Valpara\u00edso, desde el pr\u00f3ximo mes [&hellip;]<\/p>\n","protected":false},"author":1,"featured_media":15869,"comment_status":"closed","ping_status":"closed","sticky":false,"template":"","format":"standard","meta":{"_acf_changed":false,"footnotes":""},"categories":[1],"tags":[],"class_list":["post-15868","post","type-post","status-publish","format-standard","has-post-thumbnail","hentry","category-uncategorized"],"acf":[],"yoast_head":"<!-- This site is optimized with the Yoast SEO plugin v27.1.1 - https:\/\/yoast.com\/product\/yoast-seo-wordpress\/ -->\n<title>Ojo de Pescado celebra la previa de sus doce a\u00f1os con talleres y funciones de cine en Valpara\u00edso - Valpara\u00ed\u00adso Creativo<\/title>\n<meta name=\"robots\" content=\"index, follow, max-snippet:-1, max-image-preview:large, max-video-preview:-1\" \/>\n<link rel=\"canonical\" href=\"https:\/\/dev.antudigital.cl\/sites\/vc\/ojo-de-pescado-celebra-la-previa-de-sus-doce-anos-con-talleres-y-funciones-de-cine-en-valparaiso\/\" \/>\n<meta property=\"og:locale\" content=\"es_ES\" \/>\n<meta property=\"og:type\" content=\"article\" \/>\n<meta property=\"og:title\" content=\"Ojo de Pescado celebra la previa de sus doce a\u00f1os con talleres y funciones de cine en Valpara\u00edso - Valpara\u00ed\u00adso Creativo\" \/>\n<meta property=\"og:description\" content=\"Como antesala a una nueva edici\u00f3n, el 12\u00b0 Festival Internacional de Cine para Ni\u00f1os, Ni\u00f1as y J\u00f3venes Ojo de Pescado \u2014proyecto financiado por el Fondo de Fomento Audiovisual Convocatoria 2023 del Ministerio de las Culturas, las Artes y el Patrimonio\u2014 realizar\u00e1 una serie de actividades gratuitas para las ni\u00f1eces de Valpara\u00edso, desde el pr\u00f3ximo mes [&hellip;]\" \/>\n<meta property=\"og:url\" content=\"https:\/\/dev.antudigital.cl\/sites\/vc\/ojo-de-pescado-celebra-la-previa-de-sus-doce-anos-con-talleres-y-funciones-de-cine-en-valparaiso\/\" \/>\n<meta property=\"og:site_name\" content=\"Valpara\u00ed\u00adso Creativo\" \/>\n<meta property=\"article:published_time\" content=\"2023-07-04T00:12:30+00:00\" \/>\n<meta property=\"article:modified_time\" content=\"2023-07-26T03:37:06+00:00\" \/>\n<meta property=\"og:image\" content=\"https:\/\/dev.antudigital.cl\/sites\/vc\/wp-content\/uploads\/2023\/07\/El_Patalarga.png\" \/>\n\t<meta property=\"og:image:width\" content=\"1920\" \/>\n\t<meta property=\"og:image:height\" content=\"1080\" \/>\n\t<meta property=\"og:image:type\" content=\"image\/png\" \/>\n<meta name=\"author\" content=\"Valpara\u00edso Creativo\" \/>\n<meta name=\"twitter:card\" content=\"summary_large_image\" \/>\n<meta name=\"twitter:label1\" content=\"Escrito por\" \/>\n\t<meta name=\"twitter:data1\" content=\"Valpara\u00edso Creativo\" \/>\n\t<meta name=\"twitter:label2\" content=\"Tiempo de lectura\" \/>\n\t<meta name=\"twitter:data2\" content=\"4 minutos\" \/>\n<script type=\"application\/ld+json\" class=\"yoast-schema-graph\">{\"@context\":\"https:\/\/schema.org\",\"@graph\":[{\"@type\":\"Article\",\"@id\":\"https:\/\/dev.antudigital.cl\/sites\/vc\/ojo-de-pescado-celebra-la-previa-de-sus-doce-anos-con-talleres-y-funciones-de-cine-en-valparaiso\/#article\",\"isPartOf\":{\"@id\":\"https:\/\/dev.antudigital.cl\/sites\/vc\/ojo-de-pescado-celebra-la-previa-de-sus-doce-anos-con-talleres-y-funciones-de-cine-en-valparaiso\/\"},\"author\":{\"name\":\"Valpara\u00edso Creativo\",\"@id\":\"https:\/\/dev.antudigital.cl\/sites\/vc\/#\/schema\/person\/c2b9da8dd545e27166fc5ab232837318\"},\"headline\":\"Ojo de Pescado celebra la previa de sus doce a\u00f1os con talleres y funciones de cine en Valpara\u00edso\",\"datePublished\":\"2023-07-04T00:12:30+00:00\",\"dateModified\":\"2023-07-26T03:37:06+00:00\",\"mainEntityOfPage\":{\"@id\":\"https:\/\/dev.antudigital.cl\/sites\/vc\/ojo-de-pescado-celebra-la-previa-de-sus-doce-anos-con-talleres-y-funciones-de-cine-en-valparaiso\/\"},\"wordCount\":757,\"image\":{\"@id\":\"https:\/\/dev.antudigital.cl\/sites\/vc\/ojo-de-pescado-celebra-la-previa-de-sus-doce-anos-con-talleres-y-funciones-de-cine-en-valparaiso\/#primaryimage\"},\"thumbnailUrl\":\"https:\/\/dev.antudigital.cl\/sites\/vc\/wp-content\/uploads\/2023\/07\/El_Patalarga.png\",\"articleSection\":[\"Uncategorized\"],\"inLanguage\":\"es\"},{\"@type\":\"WebPage\",\"@id\":\"https:\/\/dev.antudigital.cl\/sites\/vc\/ojo-de-pescado-celebra-la-previa-de-sus-doce-anos-con-talleres-y-funciones-de-cine-en-valparaiso\/\",\"url\":\"https:\/\/dev.antudigital.cl\/sites\/vc\/ojo-de-pescado-celebra-la-previa-de-sus-doce-anos-con-talleres-y-funciones-de-cine-en-valparaiso\/\",\"name\":\"Ojo de Pescado celebra la previa de sus doce a\u00f1os con talleres y funciones de cine en Valpara\u00edso - Valpara\u00ed\u00adso Creativo\",\"isPartOf\":{\"@id\":\"https:\/\/dev.antudigital.cl\/sites\/vc\/#website\"},\"primaryImageOfPage\":{\"@id\":\"https:\/\/dev.antudigital.cl\/sites\/vc\/ojo-de-pescado-celebra-la-previa-de-sus-doce-anos-con-talleres-y-funciones-de-cine-en-valparaiso\/#primaryimage\"},\"image\":{\"@id\":\"https:\/\/dev.antudigital.cl\/sites\/vc\/ojo-de-pescado-celebra-la-previa-de-sus-doce-anos-con-talleres-y-funciones-de-cine-en-valparaiso\/#primaryimage\"},\"thumbnailUrl\":\"https:\/\/dev.antudigital.cl\/sites\/vc\/wp-content\/uploads\/2023\/07\/El_Patalarga.png\",\"datePublished\":\"2023-07-04T00:12:30+00:00\",\"dateModified\":\"2023-07-26T03:37:06+00:00\",\"author\":{\"@id\":\"https:\/\/dev.antudigital.cl\/sites\/vc\/#\/schema\/person\/c2b9da8dd545e27166fc5ab232837318\"},\"breadcrumb\":{\"@id\":\"https:\/\/dev.antudigital.cl\/sites\/vc\/ojo-de-pescado-celebra-la-previa-de-sus-doce-anos-con-talleres-y-funciones-de-cine-en-valparaiso\/#breadcrumb\"},\"inLanguage\":\"es\",\"potentialAction\":[{\"@type\":\"ReadAction\",\"target\":[\"https:\/\/dev.antudigital.cl\/sites\/vc\/ojo-de-pescado-celebra-la-previa-de-sus-doce-anos-con-talleres-y-funciones-de-cine-en-valparaiso\/\"]}]},{\"@type\":\"ImageObject\",\"inLanguage\":\"es\",\"@id\":\"https:\/\/dev.antudigital.cl\/sites\/vc\/ojo-de-pescado-celebra-la-previa-de-sus-doce-anos-con-talleres-y-funciones-de-cine-en-valparaiso\/#primaryimage\",\"url\":\"https:\/\/dev.antudigital.cl\/sites\/vc\/wp-content\/uploads\/2023\/07\/El_Patalarga.png\",\"contentUrl\":\"https:\/\/dev.antudigital.cl\/sites\/vc\/wp-content\/uploads\/2023\/07\/El_Patalarga.png\",\"width\":1920,\"height\":1080},{\"@type\":\"BreadcrumbList\",\"@id\":\"https:\/\/dev.antudigital.cl\/sites\/vc\/ojo-de-pescado-celebra-la-previa-de-sus-doce-anos-con-talleres-y-funciones-de-cine-en-valparaiso\/#breadcrumb\",\"itemListElement\":[{\"@type\":\"ListItem\",\"position\":1,\"name\":\"Home\",\"item\":\"https:\/\/dev.antudigital.cl\/sites\/vc\/\"},{\"@type\":\"ListItem\",\"position\":2,\"name\":\"Ojo de Pescado celebra la previa de sus doce a\u00f1os con talleres y funciones de cine en Valpara\u00edso\"}]},{\"@type\":\"WebSite\",\"@id\":\"https:\/\/dev.antudigital.cl\/sites\/vc\/#website\",\"url\":\"https:\/\/dev.antudigital.cl\/sites\/vc\/\",\"name\":\"Valpara\u00ed\u00adso Creativo\",\"description\":\"\",\"potentialAction\":[{\"@type\":\"SearchAction\",\"target\":{\"@type\":\"EntryPoint\",\"urlTemplate\":\"https:\/\/dev.antudigital.cl\/sites\/vc\/?s={search_term_string}\"},\"query-input\":{\"@type\":\"PropertyValueSpecification\",\"valueRequired\":true,\"valueName\":\"search_term_string\"}}],\"inLanguage\":\"es\"},{\"@type\":\"Person\",\"@id\":\"https:\/\/dev.antudigital.cl\/sites\/vc\/#\/schema\/person\/c2b9da8dd545e27166fc5ab232837318\",\"name\":\"Valpara\u00edso Creativo\",\"description\":\"Periodista de cultura en la Regi\u00f3n de Valpara\u00edso.\",\"url\":\"https:\/\/dev.antudigital.cl\/sites\/vc\/author\/valpoadmin\/\"}]}<\/script>\n<!-- \/ Yoast SEO plugin. -->","yoast_head_json":{"title":"Ojo de Pescado celebra la previa de sus doce a\u00f1os con talleres y funciones de cine en Valpara\u00edso - Valpara\u00ed\u00adso Creativo","robots":{"index":"index","follow":"follow","max-snippet":"max-snippet:-1","max-image-preview":"max-image-preview:large","max-video-preview":"max-video-preview:-1"},"canonical":"https:\/\/dev.antudigital.cl\/sites\/vc\/ojo-de-pescado-celebra-la-previa-de-sus-doce-anos-con-talleres-y-funciones-de-cine-en-valparaiso\/","og_locale":"es_ES","og_type":"article","og_title":"Ojo de Pescado celebra la previa de sus doce a\u00f1os con talleres y funciones de cine en Valpara\u00edso - Valpara\u00ed\u00adso Creativo","og_description":"Como antesala a una nueva edici\u00f3n, el 12\u00b0 Festival Internacional de Cine para Ni\u00f1os, Ni\u00f1as y J\u00f3venes Ojo de Pescado \u2014proyecto financiado por el Fondo de Fomento Audiovisual Convocatoria 2023 del Ministerio de las Culturas, las Artes y el Patrimonio\u2014 realizar\u00e1 una serie de actividades gratuitas para las ni\u00f1eces de Valpara\u00edso, desde el pr\u00f3ximo mes [&hellip;]","og_url":"https:\/\/dev.antudigital.cl\/sites\/vc\/ojo-de-pescado-celebra-la-previa-de-sus-doce-anos-con-talleres-y-funciones-de-cine-en-valparaiso\/","og_site_name":"Valpara\u00ed\u00adso Creativo","article_published_time":"2023-07-04T00:12:30+00:00","article_modified_time":"2023-07-26T03:37:06+00:00","og_image":[{"width":1920,"height":1080,"url":"https:\/\/dev.antudigital.cl\/sites\/vc\/wp-content\/uploads\/2023\/07\/El_Patalarga.png","type":"image\/png"}],"author":"Valpara\u00edso Creativo","twitter_card":"summary_large_image","twitter_misc":{"Escrito por":"Valpara\u00edso Creativo","Tiempo de lectura":"4 minutos"},"schema":{"@context":"https:\/\/schema.org","@graph":[{"@type":"Article","@id":"https:\/\/dev.antudigital.cl\/sites\/vc\/ojo-de-pescado-celebra-la-previa-de-sus-doce-anos-con-talleres-y-funciones-de-cine-en-valparaiso\/#article","isPartOf":{"@id":"https:\/\/dev.antudigital.cl\/sites\/vc\/ojo-de-pescado-celebra-la-previa-de-sus-doce-anos-con-talleres-y-funciones-de-cine-en-valparaiso\/"},"author":{"name":"Valpara\u00edso Creativo","@id":"https:\/\/dev.antudigital.cl\/sites\/vc\/#\/schema\/person\/c2b9da8dd545e27166fc5ab232837318"},"headline":"Ojo de Pescado celebra la previa de sus doce a\u00f1os con talleres y funciones de cine en Valpara\u00edso","datePublished":"2023-07-04T00:12:30+00:00","dateModified":"2023-07-26T03:37:06+00:00","mainEntityOfPage":{"@id":"https:\/\/dev.antudigital.cl\/sites\/vc\/ojo-de-pescado-celebra-la-previa-de-sus-doce-anos-con-talleres-y-funciones-de-cine-en-valparaiso\/"},"wordCount":757,"image":{"@id":"https:\/\/dev.antudigital.cl\/sites\/vc\/ojo-de-pescado-celebra-la-previa-de-sus-doce-anos-con-talleres-y-funciones-de-cine-en-valparaiso\/#primaryimage"},"thumbnailUrl":"https:\/\/dev.antudigital.cl\/sites\/vc\/wp-content\/uploads\/2023\/07\/El_Patalarga.png","articleSection":["Uncategorized"],"inLanguage":"es"},{"@type":"WebPage","@id":"https:\/\/dev.antudigital.cl\/sites\/vc\/ojo-de-pescado-celebra-la-previa-de-sus-doce-anos-con-talleres-y-funciones-de-cine-en-valparaiso\/","url":"https:\/\/dev.antudigital.cl\/sites\/vc\/ojo-de-pescado-celebra-la-previa-de-sus-doce-anos-con-talleres-y-funciones-de-cine-en-valparaiso\/","name":"Ojo de Pescado celebra la previa de sus doce a\u00f1os con talleres y funciones de cine en Valpara\u00edso - Valpara\u00ed\u00adso Creativo","isPartOf":{"@id":"https:\/\/dev.antudigital.cl\/sites\/vc\/#website"},"primaryImageOfPage":{"@id":"https:\/\/dev.antudigital.cl\/sites\/vc\/ojo-de-pescado-celebra-la-previa-de-sus-doce-anos-con-talleres-y-funciones-de-cine-en-valparaiso\/#primaryimage"},"image":{"@id":"https:\/\/dev.antudigital.cl\/sites\/vc\/ojo-de-pescado-celebra-la-previa-de-sus-doce-anos-con-talleres-y-funciones-de-cine-en-valparaiso\/#primaryimage"},"thumbnailUrl":"https:\/\/dev.antudigital.cl\/sites\/vc\/wp-content\/uploads\/2023\/07\/El_Patalarga.png","datePublished":"2023-07-04T00:12:30+00:00","dateModified":"2023-07-26T03:37:06+00:00","author":{"@id":"https:\/\/dev.antudigital.cl\/sites\/vc\/#\/schema\/person\/c2b9da8dd545e27166fc5ab232837318"},"breadcrumb":{"@id":"https:\/\/dev.antudigital.cl\/sites\/vc\/ojo-de-pescado-celebra-la-previa-de-sus-doce-anos-con-talleres-y-funciones-de-cine-en-valparaiso\/#breadcrumb"},"inLanguage":"es","potentialAction":[{"@type":"ReadAction","target":["https:\/\/dev.antudigital.cl\/sites\/vc\/ojo-de-pescado-celebra-la-previa-de-sus-doce-anos-con-talleres-y-funciones-de-cine-en-valparaiso\/"]}]},{"@type":"ImageObject","inLanguage":"es","@id":"https:\/\/dev.antudigital.cl\/sites\/vc\/ojo-de-pescado-celebra-la-previa-de-sus-doce-anos-con-talleres-y-funciones-de-cine-en-valparaiso\/#primaryimage","url":"https:\/\/dev.antudigital.cl\/sites\/vc\/wp-content\/uploads\/2023\/07\/El_Patalarga.png","contentUrl":"https:\/\/dev.antudigital.cl\/sites\/vc\/wp-content\/uploads\/2023\/07\/El_Patalarga.png","width":1920,"height":1080},{"@type":"BreadcrumbList","@id":"https:\/\/dev.antudigital.cl\/sites\/vc\/ojo-de-pescado-celebra-la-previa-de-sus-doce-anos-con-talleres-y-funciones-de-cine-en-valparaiso\/#breadcrumb","itemListElement":[{"@type":"ListItem","position":1,"name":"Home","item":"https:\/\/dev.antudigital.cl\/sites\/vc\/"},{"@type":"ListItem","position":2,"name":"Ojo de Pescado celebra la previa de sus doce a\u00f1os con talleres y funciones de cine en Valpara\u00edso"}]},{"@type":"WebSite","@id":"https:\/\/dev.antudigital.cl\/sites\/vc\/#website","url":"https:\/\/dev.antudigital.cl\/sites\/vc\/","name":"Valpara\u00ed\u00adso Creativo","description":"","potentialAction":[{"@type":"SearchAction","target":{"@type":"EntryPoint","urlTemplate":"https:\/\/dev.antudigital.cl\/sites\/vc\/?s={search_term_string}"},"query-input":{"@type":"PropertyValueSpecification","valueRequired":true,"valueName":"search_term_string"}}],"inLanguage":"es"},{"@type":"Person","@id":"https:\/\/dev.antudigital.cl\/sites\/vc\/#\/schema\/person\/c2b9da8dd545e27166fc5ab232837318","name":"Valpara\u00edso Creativo","description":"Periodista de cultura en la Regi\u00f3n de Valpara\u00edso.","url":"https:\/\/dev.antudigital.cl\/sites\/vc\/author\/valpoadmin\/"}]}},"_links":{"self":[{"href":"https:\/\/dev.antudigital.cl\/sites\/vc\/wp-json\/wp\/v2\/posts\/15868","targetHints":{"allow":["GET"]}}],"collection":[{"href":"https:\/\/dev.antudigital.cl\/sites\/vc\/wp-json\/wp\/v2\/posts"}],"about":[{"href":"https:\/\/dev.antudigital.cl\/sites\/vc\/wp-json\/wp\/v2\/types\/post"}],"author":[{"embeddable":true,"href":"https:\/\/dev.antudigital.cl\/sites\/vc\/wp-json\/wp\/v2\/users\/1"}],"replies":[{"embeddable":true,"href":"https:\/\/dev.antudigital.cl\/sites\/vc\/wp-json\/wp\/v2\/comments?post=15868"}],"version-history":[{"count":1,"href":"https:\/\/dev.antudigital.cl\/sites\/vc\/wp-json\/wp\/v2\/posts\/15868\/revisions"}],"predecessor-version":[{"id":15873,"href":"https:\/\/dev.antudigital.cl\/sites\/vc\/wp-json\/wp\/v2\/posts\/15868\/revisions\/15873"}],"wp:featuredmedia":[{"embeddable":true,"href":"https:\/\/dev.antudigital.cl\/sites\/vc\/wp-json\/wp\/v2\/media\/15869"}],"wp:attachment":[{"href":"https:\/\/dev.antudigital.cl\/sites\/vc\/wp-json\/wp\/v2\/media?parent=15868"}],"wp:term":[{"taxonomy":"category","embeddable":true,"href":"https:\/\/dev.antudigital.cl\/sites\/vc\/wp-json\/wp\/v2\/categories?post=15868"},{"taxonomy":"post_tag","embeddable":true,"href":"https:\/\/dev.antudigital.cl\/sites\/vc\/wp-json\/wp\/v2\/tags?post=15868"}],"curies":[{"name":"wp","href":"https:\/\/api.w.org\/{rel}","templated":true}]}}