{"id":15874,"date":"2023-07-04T00:18:59","date_gmt":"2023-07-04T00:18:59","guid":{"rendered":"https:\/\/www.valparaisocreativo.cl\/?p=15874"},"modified":"2023-07-26T03:37:03","modified_gmt":"2023-07-26T03:37:03","slug":"clases-de-canto-de-valparaiso-en-colores","status":"publish","type":"post","link":"https:\/\/dev.antudigital.cl\/sites\/vc\/clases-de-canto-de-valparaiso-en-colores\/","title":{"rendered":"Clases de Canto de Valpara\u00edso en Colores"},"content":{"rendered":"\n<p>Vuelven las Clases de Canto en nuestra ONG En Colores. (Gratuito)<\/p>\n\n\n\n<p>Los domingos 9 &#8211; 16 &#8211; 23 &#8211; 30 de julio desde las 16:00 horas en Centro Comunitario Las Huaitecas de Cerro La Cruz. Valpara\u00edso. El Vergel 1073.<br><a href=\"https:\/\/www.instagram.com\/comunitario.lashuaitecas\/\">@comunitario.lashuaitecas<\/a><\/p>\n\n\n\n<p>Las clases ser\u00e1n impartidas por&nbsp;<a href=\"https:\/\/www.instagram.com\/sopranomarcelasilva\/\">@sopranomarcelasilva<\/a><br><a href=\"https:\/\/www.instagram.com\/damaduarte_\/\">@damaduarte_<\/a><\/p>\n\n\n\n<p>Quien ya ha dado m\u00e1s de 10 talleres de canto con masiva participaci\u00f3n y 15 conciertos educativos desde nuestra gesti\u00f3n como ONG, acercando el canto y la m\u00fasica a ni\u00f1<a href=\"https:\/\/www.instagram.com\/s\/\">@s<\/a>, j\u00f3venes, adultos y personas de la tercera edad.<\/p>\n\n\n\n<p>Inscripciones en mail<br>contactomusicadecamara@gmail.com<br>Whatsapp +56996363503<\/p>\n\n\n\n<p>Con las gestiones y colaboraci\u00f3n de\u00a0<a href=\"https:\/\/www.instagram.com\/valpocultura\/\">@valpocultura<\/a><br><a href=\"https:\/\/www.instagram.com\/municipiovalpo\/\">@municipiovalpo<\/a>\u00a0para lograr este taller.<\/p>\n\n\n\n<p>Av\u00edsale a tus amig@s que deseen aprender t\u00e9cnicas b\u00e1sicas de canto y respiraci\u00f3n.<\/p>\n\n\n\n<figure class=\"wp-block-image size-large\"><img fetchpriority=\"high\" decoding=\"async\" width=\"1024\" height=\"1024\" src=\"https:\/\/www.valparaisocreativo.cl\/wp-content\/uploads\/2023\/07\/WhatsApp-Image-2023-07-03-at-09.31.39-1024x1024.jpeg\" alt=\"\" class=\"wp-image-15876\" srcset=\"https:\/\/dev.antudigital.cl\/sites\/vc\/wp-content\/uploads\/2023\/07\/WhatsApp-Image-2023-07-03-at-09.31.39-1024x1024.jpeg 1024w, https:\/\/dev.antudigital.cl\/sites\/vc\/wp-content\/uploads\/2023\/07\/WhatsApp-Image-2023-07-03-at-09.31.39-300x300.jpeg 300w, https:\/\/dev.antudigital.cl\/sites\/vc\/wp-content\/uploads\/2023\/07\/WhatsApp-Image-2023-07-03-at-09.31.39-150x150.jpeg 150w, https:\/\/dev.antudigital.cl\/sites\/vc\/wp-content\/uploads\/2023\/07\/WhatsApp-Image-2023-07-03-at-09.31.39-768x768.jpeg 768w, https:\/\/dev.antudigital.cl\/sites\/vc\/wp-content\/uploads\/2023\/07\/WhatsApp-Image-2023-07-03-at-09.31.39-980x980.jpeg 980w, https:\/\/dev.antudigital.cl\/sites\/vc\/wp-content\/uploads\/2023\/07\/WhatsApp-Image-2023-07-03-at-09.31.39-480x480.jpeg 480w, https:\/\/dev.antudigital.cl\/sites\/vc\/wp-content\/uploads\/2023\/07\/WhatsApp-Image-2023-07-03-at-09.31.39-24x24.jpeg 24w, https:\/\/dev.antudigital.cl\/sites\/vc\/wp-content\/uploads\/2023\/07\/WhatsApp-Image-2023-07-03-at-09.31.39-36x36.jpeg 36w, https:\/\/dev.antudigital.cl\/sites\/vc\/wp-content\/uploads\/2023\/07\/WhatsApp-Image-2023-07-03-at-09.31.39-48x48.jpeg 48w, https:\/\/dev.antudigital.cl\/sites\/vc\/wp-content\/uploads\/2023\/07\/WhatsApp-Image-2023-07-03-at-09.31.39.jpeg 1080w\" sizes=\"(max-width: 1024px) 100vw, 1024px\" \/><\/figure>\n","protected":false},"excerpt":{"rendered":"<p>Vuelven las Clases de Canto en nuestra ONG En Colores. (Gratuito) Los domingos 9 &#8211; 16 &#8211; 23 &#8211; 30 de julio desde las 16:00 horas en Centro Comunitario Las Huaitecas de Cerro La Cruz. Valpara\u00edso. El Vergel 1073.@comunitario.lashuaitecas Las clases ser\u00e1n impartidas por&nbsp;@sopranomarcelasilva@damaduarte_ Quien ya ha dado m\u00e1s de 10 talleres de canto con [&hellip;]<\/p>\n","protected":false},"author":1,"featured_media":15875,"comment_status":"closed","ping_status":"closed","sticky":false,"template":"","format":"standard","meta":{"_acf_changed":false,"footnotes":""},"categories":[1],"tags":[],"class_list":["post-15874","post","type-post","status-publish","format-standard","has-post-thumbnail","hentry","category-uncategorized"],"acf":[],"yoast_head":"<!-- This site is optimized with the Yoast SEO plugin v27.1.1 - https:\/\/yoast.com\/product\/yoast-seo-wordpress\/ -->\n<title>Clases de Canto de Valpara\u00edso en Colores - Valpara\u00ed\u00adso Creativo<\/title>\n<meta name=\"robots\" content=\"index, follow, max-snippet:-1, max-image-preview:large, max-video-preview:-1\" \/>\n<link rel=\"canonical\" href=\"https:\/\/dev.antudigital.cl\/sites\/vc\/clases-de-canto-de-valparaiso-en-colores\/\" \/>\n<meta property=\"og:locale\" content=\"es_ES\" \/>\n<meta property=\"og:type\" content=\"article\" \/>\n<meta property=\"og:title\" content=\"Clases de Canto de Valpara\u00edso en Colores - Valpara\u00ed\u00adso Creativo\" \/>\n<meta property=\"og:description\" content=\"Vuelven las Clases de Canto en nuestra ONG En Colores. (Gratuito) Los domingos 9 &#8211; 16 &#8211; 23 &#8211; 30 de julio desde las 16:00 horas en Centro Comunitario Las Huaitecas de Cerro La Cruz. Valpara\u00edso. El Vergel 1073.@comunitario.lashuaitecas Las clases ser\u00e1n impartidas por&nbsp;@sopranomarcelasilva@damaduarte_ Quien ya ha dado m\u00e1s de 10 talleres de canto con [&hellip;]\" \/>\n<meta property=\"og:url\" content=\"https:\/\/dev.antudigital.cl\/sites\/vc\/clases-de-canto-de-valparaiso-en-colores\/\" \/>\n<meta property=\"og:site_name\" content=\"Valpara\u00ed\u00adso Creativo\" \/>\n<meta property=\"article:published_time\" content=\"2023-07-04T00:18:59+00:00\" \/>\n<meta property=\"article:modified_time\" content=\"2023-07-26T03:37:03+00:00\" \/>\n<meta property=\"og:image\" content=\"https:\/\/dev.antudigital.cl\/sites\/vc\/wp-content\/uploads\/2023\/07\/20170317-cantarafinado640x320.jpeg\" \/>\n\t<meta property=\"og:image:width\" content=\"640\" \/>\n\t<meta property=\"og:image:height\" content=\"320\" \/>\n\t<meta property=\"og:image:type\" content=\"image\/jpeg\" \/>\n<meta name=\"author\" content=\"Valpara\u00edso Creativo\" \/>\n<meta name=\"twitter:card\" content=\"summary_large_image\" \/>\n<meta name=\"twitter:label1\" content=\"Escrito por\" \/>\n\t<meta name=\"twitter:data1\" content=\"Valpara\u00edso Creativo\" \/>\n\t<meta name=\"twitter:label2\" content=\"Tiempo de lectura\" \/>\n\t<meta name=\"twitter:data2\" content=\"1 minuto\" \/>\n<script type=\"application\/ld+json\" class=\"yoast-schema-graph\">{\"@context\":\"https:\/\/schema.org\",\"@graph\":[{\"@type\":\"Article\",\"@id\":\"https:\/\/dev.antudigital.cl\/sites\/vc\/clases-de-canto-de-valparaiso-en-colores\/#article\",\"isPartOf\":{\"@id\":\"https:\/\/dev.antudigital.cl\/sites\/vc\/clases-de-canto-de-valparaiso-en-colores\/\"},\"author\":{\"name\":\"Valpara\u00edso Creativo\",\"@id\":\"https:\/\/dev.antudigital.cl\/sites\/vc\/#\/schema\/person\/c2b9da8dd545e27166fc5ab232837318\"},\"headline\":\"Clases de Canto de Valpara\u00edso en Colores\",\"datePublished\":\"2023-07-04T00:18:59+00:00\",\"dateModified\":\"2023-07-26T03:37:03+00:00\",\"mainEntityOfPage\":{\"@id\":\"https:\/\/dev.antudigital.cl\/sites\/vc\/clases-de-canto-de-valparaiso-en-colores\/\"},\"wordCount\":131,\"image\":{\"@id\":\"https:\/\/dev.antudigital.cl\/sites\/vc\/clases-de-canto-de-valparaiso-en-colores\/#primaryimage\"},\"thumbnailUrl\":\"https:\/\/dev.antudigital.cl\/sites\/vc\/wp-content\/uploads\/2023\/07\/20170317-cantarafinado640x320.jpeg\",\"articleSection\":[\"Uncategorized\"],\"inLanguage\":\"es\"},{\"@type\":\"WebPage\",\"@id\":\"https:\/\/dev.antudigital.cl\/sites\/vc\/clases-de-canto-de-valparaiso-en-colores\/\",\"url\":\"https:\/\/dev.antudigital.cl\/sites\/vc\/clases-de-canto-de-valparaiso-en-colores\/\",\"name\":\"Clases de Canto de Valpara\u00edso en Colores - Valpara\u00ed\u00adso Creativo\",\"isPartOf\":{\"@id\":\"https:\/\/dev.antudigital.cl\/sites\/vc\/#website\"},\"primaryImageOfPage\":{\"@id\":\"https:\/\/dev.antudigital.cl\/sites\/vc\/clases-de-canto-de-valparaiso-en-colores\/#primaryimage\"},\"image\":{\"@id\":\"https:\/\/dev.antudigital.cl\/sites\/vc\/clases-de-canto-de-valparaiso-en-colores\/#primaryimage\"},\"thumbnailUrl\":\"https:\/\/dev.antudigital.cl\/sites\/vc\/wp-content\/uploads\/2023\/07\/20170317-cantarafinado640x320.jpeg\",\"datePublished\":\"2023-07-04T00:18:59+00:00\",\"dateModified\":\"2023-07-26T03:37:03+00:00\",\"author\":{\"@id\":\"https:\/\/dev.antudigital.cl\/sites\/vc\/#\/schema\/person\/c2b9da8dd545e27166fc5ab232837318\"},\"breadcrumb\":{\"@id\":\"https:\/\/dev.antudigital.cl\/sites\/vc\/clases-de-canto-de-valparaiso-en-colores\/#breadcrumb\"},\"inLanguage\":\"es\",\"potentialAction\":[{\"@type\":\"ReadAction\",\"target\":[\"https:\/\/dev.antudigital.cl\/sites\/vc\/clases-de-canto-de-valparaiso-en-colores\/\"]}]},{\"@type\":\"ImageObject\",\"inLanguage\":\"es\",\"@id\":\"https:\/\/dev.antudigital.cl\/sites\/vc\/clases-de-canto-de-valparaiso-en-colores\/#primaryimage\",\"url\":\"https:\/\/dev.antudigital.cl\/sites\/vc\/wp-content\/uploads\/2023\/07\/20170317-cantarafinado640x320.jpeg\",\"contentUrl\":\"https:\/\/dev.antudigital.cl\/sites\/vc\/wp-content\/uploads\/2023\/07\/20170317-cantarafinado640x320.jpeg\",\"width\":640,\"height\":320},{\"@type\":\"BreadcrumbList\",\"@id\":\"https:\/\/dev.antudigital.cl\/sites\/vc\/clases-de-canto-de-valparaiso-en-colores\/#breadcrumb\",\"itemListElement\":[{\"@type\":\"ListItem\",\"position\":1,\"name\":\"Home\",\"item\":\"https:\/\/dev.antudigital.cl\/sites\/vc\/\"},{\"@type\":\"ListItem\",\"position\":2,\"name\":\"Clases de Canto de Valpara\u00edso en Colores\"}]},{\"@type\":\"WebSite\",\"@id\":\"https:\/\/dev.antudigital.cl\/sites\/vc\/#website\",\"url\":\"https:\/\/dev.antudigital.cl\/sites\/vc\/\",\"name\":\"Valpara\u00ed\u00adso Creativo\",\"description\":\"\",\"potentialAction\":[{\"@type\":\"SearchAction\",\"target\":{\"@type\":\"EntryPoint\",\"urlTemplate\":\"https:\/\/dev.antudigital.cl\/sites\/vc\/?s={search_term_string}\"},\"query-input\":{\"@type\":\"PropertyValueSpecification\",\"valueRequired\":true,\"valueName\":\"search_term_string\"}}],\"inLanguage\":\"es\"},{\"@type\":\"Person\",\"@id\":\"https:\/\/dev.antudigital.cl\/sites\/vc\/#\/schema\/person\/c2b9da8dd545e27166fc5ab232837318\",\"name\":\"Valpara\u00edso Creativo\",\"description\":\"Periodista de cultura en la Regi\u00f3n de Valpara\u00edso.\",\"url\":\"https:\/\/dev.antudigital.cl\/sites\/vc\/author\/valpoadmin\/\"}]}<\/script>\n<!-- \/ Yoast SEO plugin. -->","yoast_head_json":{"title":"Clases de Canto de Valpara\u00edso en Colores - Valpara\u00ed\u00adso Creativo","robots":{"index":"index","follow":"follow","max-snippet":"max-snippet:-1","max-image-preview":"max-image-preview:large","max-video-preview":"max-video-preview:-1"},"canonical":"https:\/\/dev.antudigital.cl\/sites\/vc\/clases-de-canto-de-valparaiso-en-colores\/","og_locale":"es_ES","og_type":"article","og_title":"Clases de Canto de Valpara\u00edso en Colores - Valpara\u00ed\u00adso Creativo","og_description":"Vuelven las Clases de Canto en nuestra ONG En Colores. (Gratuito) Los domingos 9 &#8211; 16 &#8211; 23 &#8211; 30 de julio desde las 16:00 horas en Centro Comunitario Las Huaitecas de Cerro La Cruz. Valpara\u00edso. El Vergel 1073.@comunitario.lashuaitecas Las clases ser\u00e1n impartidas por&nbsp;@sopranomarcelasilva@damaduarte_ Quien ya ha dado m\u00e1s de 10 talleres de canto con [&hellip;]","og_url":"https:\/\/dev.antudigital.cl\/sites\/vc\/clases-de-canto-de-valparaiso-en-colores\/","og_site_name":"Valpara\u00ed\u00adso Creativo","article_published_time":"2023-07-04T00:18:59+00:00","article_modified_time":"2023-07-26T03:37:03+00:00","og_image":[{"width":640,"height":320,"url":"https:\/\/dev.antudigital.cl\/sites\/vc\/wp-content\/uploads\/2023\/07\/20170317-cantarafinado640x320.jpeg","type":"image\/jpeg"}],"author":"Valpara\u00edso Creativo","twitter_card":"summary_large_image","twitter_misc":{"Escrito por":"Valpara\u00edso Creativo","Tiempo de lectura":"1 minuto"},"schema":{"@context":"https:\/\/schema.org","@graph":[{"@type":"Article","@id":"https:\/\/dev.antudigital.cl\/sites\/vc\/clases-de-canto-de-valparaiso-en-colores\/#article","isPartOf":{"@id":"https:\/\/dev.antudigital.cl\/sites\/vc\/clases-de-canto-de-valparaiso-en-colores\/"},"author":{"name":"Valpara\u00edso Creativo","@id":"https:\/\/dev.antudigital.cl\/sites\/vc\/#\/schema\/person\/c2b9da8dd545e27166fc5ab232837318"},"headline":"Clases de Canto de Valpara\u00edso en Colores","datePublished":"2023-07-04T00:18:59+00:00","dateModified":"2023-07-26T03:37:03+00:00","mainEntityOfPage":{"@id":"https:\/\/dev.antudigital.cl\/sites\/vc\/clases-de-canto-de-valparaiso-en-colores\/"},"wordCount":131,"image":{"@id":"https:\/\/dev.antudigital.cl\/sites\/vc\/clases-de-canto-de-valparaiso-en-colores\/#primaryimage"},"thumbnailUrl":"https:\/\/dev.antudigital.cl\/sites\/vc\/wp-content\/uploads\/2023\/07\/20170317-cantarafinado640x320.jpeg","articleSection":["Uncategorized"],"inLanguage":"es"},{"@type":"WebPage","@id":"https:\/\/dev.antudigital.cl\/sites\/vc\/clases-de-canto-de-valparaiso-en-colores\/","url":"https:\/\/dev.antudigital.cl\/sites\/vc\/clases-de-canto-de-valparaiso-en-colores\/","name":"Clases de Canto de Valpara\u00edso en Colores - Valpara\u00ed\u00adso Creativo","isPartOf":{"@id":"https:\/\/dev.antudigital.cl\/sites\/vc\/#website"},"primaryImageOfPage":{"@id":"https:\/\/dev.antudigital.cl\/sites\/vc\/clases-de-canto-de-valparaiso-en-colores\/#primaryimage"},"image":{"@id":"https:\/\/dev.antudigital.cl\/sites\/vc\/clases-de-canto-de-valparaiso-en-colores\/#primaryimage"},"thumbnailUrl":"https:\/\/dev.antudigital.cl\/sites\/vc\/wp-content\/uploads\/2023\/07\/20170317-cantarafinado640x320.jpeg","datePublished":"2023-07-04T00:18:59+00:00","dateModified":"2023-07-26T03:37:03+00:00","author":{"@id":"https:\/\/dev.antudigital.cl\/sites\/vc\/#\/schema\/person\/c2b9da8dd545e27166fc5ab232837318"},"breadcrumb":{"@id":"https:\/\/dev.antudigital.cl\/sites\/vc\/clases-de-canto-de-valparaiso-en-colores\/#breadcrumb"},"inLanguage":"es","potentialAction":[{"@type":"ReadAction","target":["https:\/\/dev.antudigital.cl\/sites\/vc\/clases-de-canto-de-valparaiso-en-colores\/"]}]},{"@type":"ImageObject","inLanguage":"es","@id":"https:\/\/dev.antudigital.cl\/sites\/vc\/clases-de-canto-de-valparaiso-en-colores\/#primaryimage","url":"https:\/\/dev.antudigital.cl\/sites\/vc\/wp-content\/uploads\/2023\/07\/20170317-cantarafinado640x320.jpeg","contentUrl":"https:\/\/dev.antudigital.cl\/sites\/vc\/wp-content\/uploads\/2023\/07\/20170317-cantarafinado640x320.jpeg","width":640,"height":320},{"@type":"BreadcrumbList","@id":"https:\/\/dev.antudigital.cl\/sites\/vc\/clases-de-canto-de-valparaiso-en-colores\/#breadcrumb","itemListElement":[{"@type":"ListItem","position":1,"name":"Home","item":"https:\/\/dev.antudigital.cl\/sites\/vc\/"},{"@type":"ListItem","position":2,"name":"Clases de Canto de Valpara\u00edso en Colores"}]},{"@type":"WebSite","@id":"https:\/\/dev.antudigital.cl\/sites\/vc\/#website","url":"https:\/\/dev.antudigital.cl\/sites\/vc\/","name":"Valpara\u00ed\u00adso Creativo","description":"","potentialAction":[{"@type":"SearchAction","target":{"@type":"EntryPoint","urlTemplate":"https:\/\/dev.antudigital.cl\/sites\/vc\/?s={search_term_string}"},"query-input":{"@type":"PropertyValueSpecification","valueRequired":true,"valueName":"search_term_string"}}],"inLanguage":"es"},{"@type":"Person","@id":"https:\/\/dev.antudigital.cl\/sites\/vc\/#\/schema\/person\/c2b9da8dd545e27166fc5ab232837318","name":"Valpara\u00edso Creativo","description":"Periodista de cultura en la Regi\u00f3n de Valpara\u00edso.","url":"https:\/\/dev.antudigital.cl\/sites\/vc\/author\/valpoadmin\/"}]}},"_links":{"self":[{"href":"https:\/\/dev.antudigital.cl\/sites\/vc\/wp-json\/wp\/v2\/posts\/15874","targetHints":{"allow":["GET"]}}],"collection":[{"href":"https:\/\/dev.antudigital.cl\/sites\/vc\/wp-json\/wp\/v2\/posts"}],"about":[{"href":"https:\/\/dev.antudigital.cl\/sites\/vc\/wp-json\/wp\/v2\/types\/post"}],"author":[{"embeddable":true,"href":"https:\/\/dev.antudigital.cl\/sites\/vc\/wp-json\/wp\/v2\/users\/1"}],"replies":[{"embeddable":true,"href":"https:\/\/dev.antudigital.cl\/sites\/vc\/wp-json\/wp\/v2\/comments?post=15874"}],"version-history":[{"count":1,"href":"https:\/\/dev.antudigital.cl\/sites\/vc\/wp-json\/wp\/v2\/posts\/15874\/revisions"}],"predecessor-version":[{"id":15877,"href":"https:\/\/dev.antudigital.cl\/sites\/vc\/wp-json\/wp\/v2\/posts\/15874\/revisions\/15877"}],"wp:featuredmedia":[{"embeddable":true,"href":"https:\/\/dev.antudigital.cl\/sites\/vc\/wp-json\/wp\/v2\/media\/15875"}],"wp:attachment":[{"href":"https:\/\/dev.antudigital.cl\/sites\/vc\/wp-json\/wp\/v2\/media?parent=15874"}],"wp:term":[{"taxonomy":"category","embeddable":true,"href":"https:\/\/dev.antudigital.cl\/sites\/vc\/wp-json\/wp\/v2\/categories?post=15874"},{"taxonomy":"post_tag","embeddable":true,"href":"https:\/\/dev.antudigital.cl\/sites\/vc\/wp-json\/wp\/v2\/tags?post=15874"}],"curies":[{"name":"wp","href":"https:\/\/api.w.org\/{rel}","templated":true}]}}