{"id":15878,"date":"2023-07-04T00:22:52","date_gmt":"2023-07-04T00:22:52","guid":{"rendered":"https:\/\/www.valparaisocreativo.cl\/?p=15878"},"modified":"2023-07-26T03:37:01","modified_gmt":"2023-07-26T03:37:01","slug":"clase-magistral-en-linea-con-julio-rojas","status":"publish","type":"post","link":"https:\/\/dev.antudigital.cl\/sites\/vc\/clase-magistral-en-linea-con-julio-rojas\/","title":{"rendered":"Clase magistral en l\u00ednea con Julio Rojas"},"content":{"rendered":"\n<p>\u00a0Te invitamos a la primera masterclass totalmente abierta al p\u00fablico de <a href=\"https:\/\/www.instagram.com\/incubadora_av\/\">Incubadora Valpara\u00edsoLab 2023<\/a>, \u00a1y en l\u00ednea para todo el pa\u00eds! <\/p>\n\n\n\n<p>En esta ocasi\u00f3n estaremos con el guionista Julio Rojas en \u00abEl narrador, la informaci\u00f3n y la composici\u00f3n de la escena\u00bb el pr\u00f3ximo 6 de julio a las 18:00hrs.  V\u00eda Zoom con previa inscripci\u00f3n (en nuestro link en Bio). <\/p>\n\n\n\n<p>\u00a1Descubre los secretos de la narraci\u00f3n cinematogr\u00e1fica en nuestra masterclass! Aprende sobre el papel del narrador y el punto de vista en la construcci\u00f3n de historias audiovisuales, as\u00ed como t\u00e9cnicas para componer escenas. &#x1f3a5;&#x1f3ac; Exploraremos c\u00f3mo utilizar la informaci\u00f3n de manera efectiva para cautivar a la audiencia. \u00a1No te lo pierdas! &#x2728;<\/p>\n\n\n\n<p>Julio Rojas &#x1f3ac;<br>Guionista &#x1f4dd; Desde 1999, viaja anualmente a Cuba para ense\u00f1ar en la Escuela Internacional de Cine y Televisi\u00f3n de Los Ba\u00f1os, compartiendo su experiencia en estructura de gui\u00f3n cinematogr\u00e1fico. Imparte clases de gui\u00f3n en la Escuela de Cine de Chile y en la Universidad Arcis. Sus guiones han dejado huella en pel\u00edculas como \u00abEn la cama\u00bb y \u00abLa vida de los peces\u00bb, ganadora del Premio Goya. En sus trabajos m\u00e1s actuales, se encuentra la reconocida audioserie\u00a0<a href=\"https:\/\/www.instagram.com\/explore\/tags\/caso63\/\">#Caso63<\/a>\u00a0&#x1f31f;<\/p>\n\n\n\n<p>Inscr\u00edbete en el siguiente enlace: <a href=\"https:\/\/forms.gle\/VLZK6wJACv1pbBa49\">https:\/\/forms.gle\/VLZK6wJACv1pbBa49<\/a><\/p>\n\n\n\n<figure class=\"wp-block-image size-large\"><img fetchpriority=\"high\" decoding=\"async\" width=\"1024\" height=\"1024\" src=\"https:\/\/www.valparaisocreativo.cl\/wp-content\/uploads\/2023\/07\/WhatsApp-Image-2023-06-28-at-11.36.01-1024x1024.jpeg\" alt=\"\" class=\"wp-image-15879\" srcset=\"https:\/\/dev.antudigital.cl\/sites\/vc\/wp-content\/uploads\/2023\/07\/WhatsApp-Image-2023-06-28-at-11.36.01-1024x1024.jpeg 1024w, https:\/\/dev.antudigital.cl\/sites\/vc\/wp-content\/uploads\/2023\/07\/WhatsApp-Image-2023-06-28-at-11.36.01-300x300.jpeg 300w, https:\/\/dev.antudigital.cl\/sites\/vc\/wp-content\/uploads\/2023\/07\/WhatsApp-Image-2023-06-28-at-11.36.01-150x150.jpeg 150w, https:\/\/dev.antudigital.cl\/sites\/vc\/wp-content\/uploads\/2023\/07\/WhatsApp-Image-2023-06-28-at-11.36.01-768x768.jpeg 768w, https:\/\/dev.antudigital.cl\/sites\/vc\/wp-content\/uploads\/2023\/07\/WhatsApp-Image-2023-06-28-at-11.36.01-1080x1080.jpeg 1080w, https:\/\/dev.antudigital.cl\/sites\/vc\/wp-content\/uploads\/2023\/07\/WhatsApp-Image-2023-06-28-at-11.36.01-980x980.jpeg 980w, https:\/\/dev.antudigital.cl\/sites\/vc\/wp-content\/uploads\/2023\/07\/WhatsApp-Image-2023-06-28-at-11.36.01-480x480.jpeg 480w, https:\/\/dev.antudigital.cl\/sites\/vc\/wp-content\/uploads\/2023\/07\/WhatsApp-Image-2023-06-28-at-11.36.01-24x24.jpeg 24w, https:\/\/dev.antudigital.cl\/sites\/vc\/wp-content\/uploads\/2023\/07\/WhatsApp-Image-2023-06-28-at-11.36.01-36x36.jpeg 36w, https:\/\/dev.antudigital.cl\/sites\/vc\/wp-content\/uploads\/2023\/07\/WhatsApp-Image-2023-06-28-at-11.36.01-48x48.jpeg 48w, https:\/\/dev.antudigital.cl\/sites\/vc\/wp-content\/uploads\/2023\/07\/WhatsApp-Image-2023-06-28-at-11.36.01.jpeg 1181w\" sizes=\"(max-width: 1024px) 100vw, 1024px\" \/><\/figure>\n","protected":false},"excerpt":{"rendered":"<p>\u00a0Te invitamos a la primera masterclass totalmente abierta al p\u00fablico de Incubadora Valpara\u00edsoLab 2023, \u00a1y en l\u00ednea para todo el pa\u00eds! En esta ocasi\u00f3n estaremos con el guionista Julio Rojas en \u00abEl narrador, la informaci\u00f3n y la composici\u00f3n de la escena\u00bb el pr\u00f3ximo 6 de julio a las 18:00hrs. V\u00eda Zoom con previa inscripci\u00f3n (en [&hellip;]<\/p>\n","protected":false},"author":1,"featured_media":15880,"comment_status":"closed","ping_status":"closed","sticky":false,"template":"","format":"standard","meta":{"_acf_changed":false,"footnotes":""},"categories":[1],"tags":[],"class_list":["post-15878","post","type-post","status-publish","format-standard","has-post-thumbnail","hentry","category-uncategorized"],"acf":[],"yoast_head":"<!-- This site is optimized with the Yoast SEO plugin v27.1.1 - https:\/\/yoast.com\/product\/yoast-seo-wordpress\/ -->\n<title>Clase magistral en l\u00ednea con Julio Rojas - Valpara\u00ed\u00adso Creativo<\/title>\n<meta name=\"robots\" content=\"index, follow, max-snippet:-1, max-image-preview:large, max-video-preview:-1\" \/>\n<link rel=\"canonical\" href=\"https:\/\/dev.antudigital.cl\/sites\/vc\/clase-magistral-en-linea-con-julio-rojas\/\" \/>\n<meta property=\"og:locale\" content=\"es_ES\" \/>\n<meta property=\"og:type\" content=\"article\" \/>\n<meta property=\"og:title\" content=\"Clase magistral en l\u00ednea con Julio Rojas - Valpara\u00ed\u00adso Creativo\" \/>\n<meta property=\"og:description\" content=\"\u00a0Te invitamos a la primera masterclass totalmente abierta al p\u00fablico de Incubadora Valpara\u00edsoLab 2023, \u00a1y en l\u00ednea para todo el pa\u00eds! En esta ocasi\u00f3n estaremos con el guionista Julio Rojas en \u00abEl narrador, la informaci\u00f3n y la composici\u00f3n de la escena\u00bb el pr\u00f3ximo 6 de julio a las 18:00hrs. V\u00eda Zoom con previa inscripci\u00f3n (en [&hellip;]\" \/>\n<meta property=\"og:url\" content=\"https:\/\/dev.antudigital.cl\/sites\/vc\/clase-magistral-en-linea-con-julio-rojas\/\" \/>\n<meta property=\"og:site_name\" content=\"Valpara\u00ed\u00adso Creativo\" \/>\n<meta property=\"article:published_time\" content=\"2023-07-04T00:22:52+00:00\" \/>\n<meta property=\"article:modified_time\" content=\"2023-07-26T03:37:01+00:00\" \/>\n<meta property=\"og:image\" content=\"https:\/\/dev.antudigital.cl\/sites\/vc\/wp-content\/uploads\/2023\/07\/Julio-Rojas-scaled.jpeg\" \/>\n\t<meta property=\"og:image:width\" content=\"2560\" \/>\n\t<meta property=\"og:image:height\" content=\"1708\" \/>\n\t<meta property=\"og:image:type\" content=\"image\/jpeg\" \/>\n<meta name=\"author\" content=\"Valpara\u00edso Creativo\" \/>\n<meta name=\"twitter:card\" content=\"summary_large_image\" \/>\n<meta name=\"twitter:label1\" content=\"Escrito por\" \/>\n\t<meta name=\"twitter:data1\" content=\"Valpara\u00edso Creativo\" \/>\n\t<meta name=\"twitter:label2\" content=\"Tiempo de lectura\" \/>\n\t<meta name=\"twitter:data2\" content=\"2 minutos\" \/>\n<script type=\"application\/ld+json\" class=\"yoast-schema-graph\">{\"@context\":\"https:\/\/schema.org\",\"@graph\":[{\"@type\":\"Article\",\"@id\":\"https:\/\/dev.antudigital.cl\/sites\/vc\/clase-magistral-en-linea-con-julio-rojas\/#article\",\"isPartOf\":{\"@id\":\"https:\/\/dev.antudigital.cl\/sites\/vc\/clase-magistral-en-linea-con-julio-rojas\/\"},\"author\":{\"name\":\"Valpara\u00edso Creativo\",\"@id\":\"https:\/\/dev.antudigital.cl\/sites\/vc\/#\/schema\/person\/c2b9da8dd545e27166fc5ab232837318\"},\"headline\":\"Clase magistral en l\u00ednea con Julio Rojas\",\"datePublished\":\"2023-07-04T00:22:52+00:00\",\"dateModified\":\"2023-07-26T03:37:01+00:00\",\"mainEntityOfPage\":{\"@id\":\"https:\/\/dev.antudigital.cl\/sites\/vc\/clase-magistral-en-linea-con-julio-rojas\/\"},\"wordCount\":244,\"image\":{\"@id\":\"https:\/\/dev.antudigital.cl\/sites\/vc\/clase-magistral-en-linea-con-julio-rojas\/#primaryimage\"},\"thumbnailUrl\":\"https:\/\/dev.antudigital.cl\/sites\/vc\/wp-content\/uploads\/2023\/07\/Julio-Rojas-scaled.jpeg\",\"articleSection\":[\"Uncategorized\"],\"inLanguage\":\"es\"},{\"@type\":\"WebPage\",\"@id\":\"https:\/\/dev.antudigital.cl\/sites\/vc\/clase-magistral-en-linea-con-julio-rojas\/\",\"url\":\"https:\/\/dev.antudigital.cl\/sites\/vc\/clase-magistral-en-linea-con-julio-rojas\/\",\"name\":\"Clase magistral en l\u00ednea con Julio Rojas - Valpara\u00ed\u00adso Creativo\",\"isPartOf\":{\"@id\":\"https:\/\/dev.antudigital.cl\/sites\/vc\/#website\"},\"primaryImageOfPage\":{\"@id\":\"https:\/\/dev.antudigital.cl\/sites\/vc\/clase-magistral-en-linea-con-julio-rojas\/#primaryimage\"},\"image\":{\"@id\":\"https:\/\/dev.antudigital.cl\/sites\/vc\/clase-magistral-en-linea-con-julio-rojas\/#primaryimage\"},\"thumbnailUrl\":\"https:\/\/dev.antudigital.cl\/sites\/vc\/wp-content\/uploads\/2023\/07\/Julio-Rojas-scaled.jpeg\",\"datePublished\":\"2023-07-04T00:22:52+00:00\",\"dateModified\":\"2023-07-26T03:37:01+00:00\",\"author\":{\"@id\":\"https:\/\/dev.antudigital.cl\/sites\/vc\/#\/schema\/person\/c2b9da8dd545e27166fc5ab232837318\"},\"breadcrumb\":{\"@id\":\"https:\/\/dev.antudigital.cl\/sites\/vc\/clase-magistral-en-linea-con-julio-rojas\/#breadcrumb\"},\"inLanguage\":\"es\",\"potentialAction\":[{\"@type\":\"ReadAction\",\"target\":[\"https:\/\/dev.antudigital.cl\/sites\/vc\/clase-magistral-en-linea-con-julio-rojas\/\"]}]},{\"@type\":\"ImageObject\",\"inLanguage\":\"es\",\"@id\":\"https:\/\/dev.antudigital.cl\/sites\/vc\/clase-magistral-en-linea-con-julio-rojas\/#primaryimage\",\"url\":\"https:\/\/dev.antudigital.cl\/sites\/vc\/wp-content\/uploads\/2023\/07\/Julio-Rojas-scaled.jpeg\",\"contentUrl\":\"https:\/\/dev.antudigital.cl\/sites\/vc\/wp-content\/uploads\/2023\/07\/Julio-Rojas-scaled.jpeg\",\"width\":2560,\"height\":1708},{\"@type\":\"BreadcrumbList\",\"@id\":\"https:\/\/dev.antudigital.cl\/sites\/vc\/clase-magistral-en-linea-con-julio-rojas\/#breadcrumb\",\"itemListElement\":[{\"@type\":\"ListItem\",\"position\":1,\"name\":\"Home\",\"item\":\"https:\/\/dev.antudigital.cl\/sites\/vc\/\"},{\"@type\":\"ListItem\",\"position\":2,\"name\":\"Clase magistral en l\u00ednea con Julio Rojas\"}]},{\"@type\":\"WebSite\",\"@id\":\"https:\/\/dev.antudigital.cl\/sites\/vc\/#website\",\"url\":\"https:\/\/dev.antudigital.cl\/sites\/vc\/\",\"name\":\"Valpara\u00ed\u00adso Creativo\",\"description\":\"\",\"potentialAction\":[{\"@type\":\"SearchAction\",\"target\":{\"@type\":\"EntryPoint\",\"urlTemplate\":\"https:\/\/dev.antudigital.cl\/sites\/vc\/?s={search_term_string}\"},\"query-input\":{\"@type\":\"PropertyValueSpecification\",\"valueRequired\":true,\"valueName\":\"search_term_string\"}}],\"inLanguage\":\"es\"},{\"@type\":\"Person\",\"@id\":\"https:\/\/dev.antudigital.cl\/sites\/vc\/#\/schema\/person\/c2b9da8dd545e27166fc5ab232837318\",\"name\":\"Valpara\u00edso Creativo\",\"description\":\"Periodista de cultura en la Regi\u00f3n de Valpara\u00edso.\",\"url\":\"https:\/\/dev.antudigital.cl\/sites\/vc\/author\/valpoadmin\/\"}]}<\/script>\n<!-- \/ Yoast SEO plugin. -->","yoast_head_json":{"title":"Clase magistral en l\u00ednea con Julio Rojas - Valpara\u00ed\u00adso Creativo","robots":{"index":"index","follow":"follow","max-snippet":"max-snippet:-1","max-image-preview":"max-image-preview:large","max-video-preview":"max-video-preview:-1"},"canonical":"https:\/\/dev.antudigital.cl\/sites\/vc\/clase-magistral-en-linea-con-julio-rojas\/","og_locale":"es_ES","og_type":"article","og_title":"Clase magistral en l\u00ednea con Julio Rojas - Valpara\u00ed\u00adso Creativo","og_description":"\u00a0Te invitamos a la primera masterclass totalmente abierta al p\u00fablico de Incubadora Valpara\u00edsoLab 2023, \u00a1y en l\u00ednea para todo el pa\u00eds! En esta ocasi\u00f3n estaremos con el guionista Julio Rojas en \u00abEl narrador, la informaci\u00f3n y la composici\u00f3n de la escena\u00bb el pr\u00f3ximo 6 de julio a las 18:00hrs. V\u00eda Zoom con previa inscripci\u00f3n (en [&hellip;]","og_url":"https:\/\/dev.antudigital.cl\/sites\/vc\/clase-magistral-en-linea-con-julio-rojas\/","og_site_name":"Valpara\u00ed\u00adso Creativo","article_published_time":"2023-07-04T00:22:52+00:00","article_modified_time":"2023-07-26T03:37:01+00:00","og_image":[{"width":2560,"height":1708,"url":"https:\/\/dev.antudigital.cl\/sites\/vc\/wp-content\/uploads\/2023\/07\/Julio-Rojas-scaled.jpeg","type":"image\/jpeg"}],"author":"Valpara\u00edso Creativo","twitter_card":"summary_large_image","twitter_misc":{"Escrito por":"Valpara\u00edso Creativo","Tiempo de lectura":"2 minutos"},"schema":{"@context":"https:\/\/schema.org","@graph":[{"@type":"Article","@id":"https:\/\/dev.antudigital.cl\/sites\/vc\/clase-magistral-en-linea-con-julio-rojas\/#article","isPartOf":{"@id":"https:\/\/dev.antudigital.cl\/sites\/vc\/clase-magistral-en-linea-con-julio-rojas\/"},"author":{"name":"Valpara\u00edso Creativo","@id":"https:\/\/dev.antudigital.cl\/sites\/vc\/#\/schema\/person\/c2b9da8dd545e27166fc5ab232837318"},"headline":"Clase magistral en l\u00ednea con Julio Rojas","datePublished":"2023-07-04T00:22:52+00:00","dateModified":"2023-07-26T03:37:01+00:00","mainEntityOfPage":{"@id":"https:\/\/dev.antudigital.cl\/sites\/vc\/clase-magistral-en-linea-con-julio-rojas\/"},"wordCount":244,"image":{"@id":"https:\/\/dev.antudigital.cl\/sites\/vc\/clase-magistral-en-linea-con-julio-rojas\/#primaryimage"},"thumbnailUrl":"https:\/\/dev.antudigital.cl\/sites\/vc\/wp-content\/uploads\/2023\/07\/Julio-Rojas-scaled.jpeg","articleSection":["Uncategorized"],"inLanguage":"es"},{"@type":"WebPage","@id":"https:\/\/dev.antudigital.cl\/sites\/vc\/clase-magistral-en-linea-con-julio-rojas\/","url":"https:\/\/dev.antudigital.cl\/sites\/vc\/clase-magistral-en-linea-con-julio-rojas\/","name":"Clase magistral en l\u00ednea con Julio Rojas - Valpara\u00ed\u00adso Creativo","isPartOf":{"@id":"https:\/\/dev.antudigital.cl\/sites\/vc\/#website"},"primaryImageOfPage":{"@id":"https:\/\/dev.antudigital.cl\/sites\/vc\/clase-magistral-en-linea-con-julio-rojas\/#primaryimage"},"image":{"@id":"https:\/\/dev.antudigital.cl\/sites\/vc\/clase-magistral-en-linea-con-julio-rojas\/#primaryimage"},"thumbnailUrl":"https:\/\/dev.antudigital.cl\/sites\/vc\/wp-content\/uploads\/2023\/07\/Julio-Rojas-scaled.jpeg","datePublished":"2023-07-04T00:22:52+00:00","dateModified":"2023-07-26T03:37:01+00:00","author":{"@id":"https:\/\/dev.antudigital.cl\/sites\/vc\/#\/schema\/person\/c2b9da8dd545e27166fc5ab232837318"},"breadcrumb":{"@id":"https:\/\/dev.antudigital.cl\/sites\/vc\/clase-magistral-en-linea-con-julio-rojas\/#breadcrumb"},"inLanguage":"es","potentialAction":[{"@type":"ReadAction","target":["https:\/\/dev.antudigital.cl\/sites\/vc\/clase-magistral-en-linea-con-julio-rojas\/"]}]},{"@type":"ImageObject","inLanguage":"es","@id":"https:\/\/dev.antudigital.cl\/sites\/vc\/clase-magistral-en-linea-con-julio-rojas\/#primaryimage","url":"https:\/\/dev.antudigital.cl\/sites\/vc\/wp-content\/uploads\/2023\/07\/Julio-Rojas-scaled.jpeg","contentUrl":"https:\/\/dev.antudigital.cl\/sites\/vc\/wp-content\/uploads\/2023\/07\/Julio-Rojas-scaled.jpeg","width":2560,"height":1708},{"@type":"BreadcrumbList","@id":"https:\/\/dev.antudigital.cl\/sites\/vc\/clase-magistral-en-linea-con-julio-rojas\/#breadcrumb","itemListElement":[{"@type":"ListItem","position":1,"name":"Home","item":"https:\/\/dev.antudigital.cl\/sites\/vc\/"},{"@type":"ListItem","position":2,"name":"Clase magistral en l\u00ednea con Julio Rojas"}]},{"@type":"WebSite","@id":"https:\/\/dev.antudigital.cl\/sites\/vc\/#website","url":"https:\/\/dev.antudigital.cl\/sites\/vc\/","name":"Valpara\u00ed\u00adso Creativo","description":"","potentialAction":[{"@type":"SearchAction","target":{"@type":"EntryPoint","urlTemplate":"https:\/\/dev.antudigital.cl\/sites\/vc\/?s={search_term_string}"},"query-input":{"@type":"PropertyValueSpecification","valueRequired":true,"valueName":"search_term_string"}}],"inLanguage":"es"},{"@type":"Person","@id":"https:\/\/dev.antudigital.cl\/sites\/vc\/#\/schema\/person\/c2b9da8dd545e27166fc5ab232837318","name":"Valpara\u00edso Creativo","description":"Periodista de cultura en la Regi\u00f3n de Valpara\u00edso.","url":"https:\/\/dev.antudigital.cl\/sites\/vc\/author\/valpoadmin\/"}]}},"_links":{"self":[{"href":"https:\/\/dev.antudigital.cl\/sites\/vc\/wp-json\/wp\/v2\/posts\/15878","targetHints":{"allow":["GET"]}}],"collection":[{"href":"https:\/\/dev.antudigital.cl\/sites\/vc\/wp-json\/wp\/v2\/posts"}],"about":[{"href":"https:\/\/dev.antudigital.cl\/sites\/vc\/wp-json\/wp\/v2\/types\/post"}],"author":[{"embeddable":true,"href":"https:\/\/dev.antudigital.cl\/sites\/vc\/wp-json\/wp\/v2\/users\/1"}],"replies":[{"embeddable":true,"href":"https:\/\/dev.antudigital.cl\/sites\/vc\/wp-json\/wp\/v2\/comments?post=15878"}],"version-history":[{"count":1,"href":"https:\/\/dev.antudigital.cl\/sites\/vc\/wp-json\/wp\/v2\/posts\/15878\/revisions"}],"predecessor-version":[{"id":15881,"href":"https:\/\/dev.antudigital.cl\/sites\/vc\/wp-json\/wp\/v2\/posts\/15878\/revisions\/15881"}],"wp:featuredmedia":[{"embeddable":true,"href":"https:\/\/dev.antudigital.cl\/sites\/vc\/wp-json\/wp\/v2\/media\/15880"}],"wp:attachment":[{"href":"https:\/\/dev.antudigital.cl\/sites\/vc\/wp-json\/wp\/v2\/media?parent=15878"}],"wp:term":[{"taxonomy":"category","embeddable":true,"href":"https:\/\/dev.antudigital.cl\/sites\/vc\/wp-json\/wp\/v2\/categories?post=15878"},{"taxonomy":"post_tag","embeddable":true,"href":"https:\/\/dev.antudigital.cl\/sites\/vc\/wp-json\/wp\/v2\/tags?post=15878"}],"curies":[{"name":"wp","href":"https:\/\/api.w.org\/{rel}","templated":true}]}}