{"id":15883,"date":"2023-07-04T00:32:18","date_gmt":"2023-07-04T00:32:18","guid":{"rendered":"https:\/\/www.valparaisocreativo.cl\/?p=15883"},"modified":"2023-07-26T03:36:58","modified_gmt":"2023-07-26T03:36:58","slug":"capital-abeja-emprende-region-de-valparaiso-2023","status":"publish","type":"post","link":"https:\/\/dev.antudigital.cl\/sites\/vc\/capital-abeja-emprende-region-de-valparaiso-2023\/","title":{"rendered":"Capital Abeja Emprende Regi\u00f3n de Valpara\u00edso 2023"},"content":{"rendered":"\n<h3 class=\"wp-block-heading\">\u00bfQu\u00e9 es?<\/h3>\n\n\n\n<p>Es un fondo concursable de Sercotec que promueve la creaci\u00f3n de nuevos negocios con oportunidad de participar en el mercado a trav\u00e9s de su formalizaci\u00f3n.<br>Para implementar el proyecto de negocio, cofinancia un plan de trabajo que incluye acciones de gesti\u00f3n empresarial e inversiones en bienes necesarios para cumplir el objetivo del proyecto.<\/p>\n\n\n\n<h3 class=\"wp-block-heading\">\u00bfQui\u00e9nes pueden acceder?<\/h3>\n\n\n\n<p>Emprendedoras, mayores de edad (igual o mayor a 18 a\u00f1os), sin inicio de actividades en primera categor\u00eda ante el Servicio de Impuestos Internos, con sexo registral femenino ante Registro Civil y que presenten un proyecto de negocio que cumpla con el foco definido por la convocatoria de Sercotec en su regi\u00f3n, se\u00f1alado en las bases de postulaci\u00f3n.<\/p>\n\n\n\n<h3 class=\"wp-block-heading\">\u00bfC\u00f3mo Postular?<\/h3>\n\n\n\n<p><strong>Paso 1.<\/strong>&nbsp;Registrarse como usuaria en www.sercotec.cl<br><strong>Paso 2.<\/strong>&nbsp;Descargar y leer detenidamente las bases y anexos de la convocatoria.<br><strong>Paso 3.<\/strong>&nbsp;Completar y enviar el formulario de postulaci\u00f3n, video de presentaci\u00f3n y los documentos requeridos, verificando que cumplan con el formato y contenido solicitados, en el plazo establecido.<\/p>\n\n\n\n<p>El n\u00famero estimado de postulantes que ser\u00e1n beneficiarios y beneficiarias de esta convocatoria es de\u00a0<strong>161\u00a0<\/strong>a nivel regional.<\/p>\n\n\n\n<p><strong>Descarga las bases ac\u00e1: <a href=\"https:\/\/www.sercotec.cl\/capital-abeja-emprende-region-de-valparaiso-2023\/\">https:\/\/www.sercotec.cl\/capital-abeja-emprende-region-de-valparaiso-2023\/<\/a><\/strong><\/p>\n","protected":false},"excerpt":{"rendered":"<p>\u00bfQu\u00e9 es? Es un fondo concursable de Sercotec que promueve la creaci\u00f3n de nuevos negocios con oportunidad de participar en el mercado a trav\u00e9s de su formalizaci\u00f3n.Para implementar el proyecto de negocio, cofinancia un plan de trabajo que incluye acciones de gesti\u00f3n empresarial e inversiones en bienes necesarios para cumplir el objetivo del proyecto. \u00bfQui\u00e9nes [&hellip;]<\/p>\n","protected":false},"author":1,"featured_media":15884,"comment_status":"closed","ping_status":"closed","sticky":false,"template":"","format":"standard","meta":{"_acf_changed":false,"footnotes":""},"categories":[1],"tags":[],"class_list":["post-15883","post","type-post","status-publish","format-standard","has-post-thumbnail","hentry","category-uncategorized"],"acf":[],"yoast_head":"<!-- This site is optimized with the Yoast SEO plugin v27.1.1 - https:\/\/yoast.com\/product\/yoast-seo-wordpress\/ -->\n<title>Capital Abeja Emprende Regi\u00f3n de Valpara\u00edso 2023 - Valpara\u00ed\u00adso Creativo<\/title>\n<meta name=\"robots\" content=\"index, follow, max-snippet:-1, max-image-preview:large, max-video-preview:-1\" \/>\n<link rel=\"canonical\" href=\"https:\/\/dev.antudigital.cl\/sites\/vc\/capital-abeja-emprende-region-de-valparaiso-2023\/\" \/>\n<meta property=\"og:locale\" content=\"es_ES\" \/>\n<meta property=\"og:type\" content=\"article\" \/>\n<meta property=\"og:title\" content=\"Capital Abeja Emprende Regi\u00f3n de Valpara\u00edso 2023 - Valpara\u00ed\u00adso Creativo\" \/>\n<meta property=\"og:description\" content=\"\u00bfQu\u00e9 es? Es un fondo concursable de Sercotec que promueve la creaci\u00f3n de nuevos negocios con oportunidad de participar en el mercado a trav\u00e9s de su formalizaci\u00f3n.Para implementar el proyecto de negocio, cofinancia un plan de trabajo que incluye acciones de gesti\u00f3n empresarial e inversiones en bienes necesarios para cumplir el objetivo del proyecto. \u00bfQui\u00e9nes [&hellip;]\" \/>\n<meta property=\"og:url\" content=\"https:\/\/dev.antudigital.cl\/sites\/vc\/capital-abeja-emprende-region-de-valparaiso-2023\/\" \/>\n<meta property=\"og:site_name\" content=\"Valpara\u00ed\u00adso Creativo\" \/>\n<meta property=\"article:published_time\" content=\"2023-07-04T00:32:18+00:00\" \/>\n<meta property=\"article:modified_time\" content=\"2023-07-26T03:36:58+00:00\" \/>\n<meta property=\"og:image\" content=\"https:\/\/dev.antudigital.cl\/sites\/vc\/wp-content\/uploads\/2023\/07\/Captura-de-Pantalla-2023-07-03-a-las-20.31.00.png\" \/>\n\t<meta property=\"og:image:width\" content=\"918\" \/>\n\t<meta property=\"og:image:height\" content=\"201\" \/>\n\t<meta property=\"og:image:type\" content=\"image\/png\" \/>\n<meta name=\"author\" content=\"Valpara\u00edso Creativo\" \/>\n<meta name=\"twitter:card\" content=\"summary_large_image\" \/>\n<meta name=\"twitter:label1\" content=\"Escrito por\" \/>\n\t<meta name=\"twitter:data1\" content=\"Valpara\u00edso Creativo\" \/>\n\t<meta name=\"twitter:label2\" content=\"Tiempo de lectura\" \/>\n\t<meta name=\"twitter:data2\" content=\"1 minuto\" \/>\n<script type=\"application\/ld+json\" class=\"yoast-schema-graph\">{\"@context\":\"https:\/\/schema.org\",\"@graph\":[{\"@type\":\"Article\",\"@id\":\"https:\/\/dev.antudigital.cl\/sites\/vc\/capital-abeja-emprende-region-de-valparaiso-2023\/#article\",\"isPartOf\":{\"@id\":\"https:\/\/dev.antudigital.cl\/sites\/vc\/capital-abeja-emprende-region-de-valparaiso-2023\/\"},\"author\":{\"name\":\"Valpara\u00edso Creativo\",\"@id\":\"https:\/\/dev.antudigital.cl\/sites\/vc\/#\/schema\/person\/c2b9da8dd545e27166fc5ab232837318\"},\"headline\":\"Capital Abeja Emprende Regi\u00f3n de Valpara\u00edso 2023\",\"datePublished\":\"2023-07-04T00:32:18+00:00\",\"dateModified\":\"2023-07-26T03:36:58+00:00\",\"mainEntityOfPage\":{\"@id\":\"https:\/\/dev.antudigital.cl\/sites\/vc\/capital-abeja-emprende-region-de-valparaiso-2023\/\"},\"wordCount\":217,\"image\":{\"@id\":\"https:\/\/dev.antudigital.cl\/sites\/vc\/capital-abeja-emprende-region-de-valparaiso-2023\/#primaryimage\"},\"thumbnailUrl\":\"https:\/\/dev.antudigital.cl\/sites\/vc\/wp-content\/uploads\/2023\/07\/Captura-de-Pantalla-2023-07-03-a-las-20.31.00.png\",\"articleSection\":[\"Uncategorized\"],\"inLanguage\":\"es\"},{\"@type\":\"WebPage\",\"@id\":\"https:\/\/dev.antudigital.cl\/sites\/vc\/capital-abeja-emprende-region-de-valparaiso-2023\/\",\"url\":\"https:\/\/dev.antudigital.cl\/sites\/vc\/capital-abeja-emprende-region-de-valparaiso-2023\/\",\"name\":\"Capital Abeja Emprende Regi\u00f3n de Valpara\u00edso 2023 - Valpara\u00ed\u00adso Creativo\",\"isPartOf\":{\"@id\":\"https:\/\/dev.antudigital.cl\/sites\/vc\/#website\"},\"primaryImageOfPage\":{\"@id\":\"https:\/\/dev.antudigital.cl\/sites\/vc\/capital-abeja-emprende-region-de-valparaiso-2023\/#primaryimage\"},\"image\":{\"@id\":\"https:\/\/dev.antudigital.cl\/sites\/vc\/capital-abeja-emprende-region-de-valparaiso-2023\/#primaryimage\"},\"thumbnailUrl\":\"https:\/\/dev.antudigital.cl\/sites\/vc\/wp-content\/uploads\/2023\/07\/Captura-de-Pantalla-2023-07-03-a-las-20.31.00.png\",\"datePublished\":\"2023-07-04T00:32:18+00:00\",\"dateModified\":\"2023-07-26T03:36:58+00:00\",\"author\":{\"@id\":\"https:\/\/dev.antudigital.cl\/sites\/vc\/#\/schema\/person\/c2b9da8dd545e27166fc5ab232837318\"},\"breadcrumb\":{\"@id\":\"https:\/\/dev.antudigital.cl\/sites\/vc\/capital-abeja-emprende-region-de-valparaiso-2023\/#breadcrumb\"},\"inLanguage\":\"es\",\"potentialAction\":[{\"@type\":\"ReadAction\",\"target\":[\"https:\/\/dev.antudigital.cl\/sites\/vc\/capital-abeja-emprende-region-de-valparaiso-2023\/\"]}]},{\"@type\":\"ImageObject\",\"inLanguage\":\"es\",\"@id\":\"https:\/\/dev.antudigital.cl\/sites\/vc\/capital-abeja-emprende-region-de-valparaiso-2023\/#primaryimage\",\"url\":\"https:\/\/dev.antudigital.cl\/sites\/vc\/wp-content\/uploads\/2023\/07\/Captura-de-Pantalla-2023-07-03-a-las-20.31.00.png\",\"contentUrl\":\"https:\/\/dev.antudigital.cl\/sites\/vc\/wp-content\/uploads\/2023\/07\/Captura-de-Pantalla-2023-07-03-a-las-20.31.00.png\",\"width\":918,\"height\":201},{\"@type\":\"BreadcrumbList\",\"@id\":\"https:\/\/dev.antudigital.cl\/sites\/vc\/capital-abeja-emprende-region-de-valparaiso-2023\/#breadcrumb\",\"itemListElement\":[{\"@type\":\"ListItem\",\"position\":1,\"name\":\"Home\",\"item\":\"https:\/\/dev.antudigital.cl\/sites\/vc\/\"},{\"@type\":\"ListItem\",\"position\":2,\"name\":\"Capital Abeja Emprende Regi\u00f3n de Valpara\u00edso 2023\"}]},{\"@type\":\"WebSite\",\"@id\":\"https:\/\/dev.antudigital.cl\/sites\/vc\/#website\",\"url\":\"https:\/\/dev.antudigital.cl\/sites\/vc\/\",\"name\":\"Valpara\u00ed\u00adso Creativo\",\"description\":\"\",\"potentialAction\":[{\"@type\":\"SearchAction\",\"target\":{\"@type\":\"EntryPoint\",\"urlTemplate\":\"https:\/\/dev.antudigital.cl\/sites\/vc\/?s={search_term_string}\"},\"query-input\":{\"@type\":\"PropertyValueSpecification\",\"valueRequired\":true,\"valueName\":\"search_term_string\"}}],\"inLanguage\":\"es\"},{\"@type\":\"Person\",\"@id\":\"https:\/\/dev.antudigital.cl\/sites\/vc\/#\/schema\/person\/c2b9da8dd545e27166fc5ab232837318\",\"name\":\"Valpara\u00edso Creativo\",\"description\":\"Periodista de cultura en la Regi\u00f3n de Valpara\u00edso.\",\"url\":\"https:\/\/dev.antudigital.cl\/sites\/vc\/author\/valpoadmin\/\"}]}<\/script>\n<!-- \/ Yoast SEO plugin. -->","yoast_head_json":{"title":"Capital Abeja Emprende Regi\u00f3n de Valpara\u00edso 2023 - Valpara\u00ed\u00adso Creativo","robots":{"index":"index","follow":"follow","max-snippet":"max-snippet:-1","max-image-preview":"max-image-preview:large","max-video-preview":"max-video-preview:-1"},"canonical":"https:\/\/dev.antudigital.cl\/sites\/vc\/capital-abeja-emprende-region-de-valparaiso-2023\/","og_locale":"es_ES","og_type":"article","og_title":"Capital Abeja Emprende Regi\u00f3n de Valpara\u00edso 2023 - Valpara\u00ed\u00adso Creativo","og_description":"\u00bfQu\u00e9 es? Es un fondo concursable de Sercotec que promueve la creaci\u00f3n de nuevos negocios con oportunidad de participar en el mercado a trav\u00e9s de su formalizaci\u00f3n.Para implementar el proyecto de negocio, cofinancia un plan de trabajo que incluye acciones de gesti\u00f3n empresarial e inversiones en bienes necesarios para cumplir el objetivo del proyecto. \u00bfQui\u00e9nes [&hellip;]","og_url":"https:\/\/dev.antudigital.cl\/sites\/vc\/capital-abeja-emprende-region-de-valparaiso-2023\/","og_site_name":"Valpara\u00ed\u00adso Creativo","article_published_time":"2023-07-04T00:32:18+00:00","article_modified_time":"2023-07-26T03:36:58+00:00","og_image":[{"width":918,"height":201,"url":"https:\/\/dev.antudigital.cl\/sites\/vc\/wp-content\/uploads\/2023\/07\/Captura-de-Pantalla-2023-07-03-a-las-20.31.00.png","type":"image\/png"}],"author":"Valpara\u00edso Creativo","twitter_card":"summary_large_image","twitter_misc":{"Escrito por":"Valpara\u00edso Creativo","Tiempo de lectura":"1 minuto"},"schema":{"@context":"https:\/\/schema.org","@graph":[{"@type":"Article","@id":"https:\/\/dev.antudigital.cl\/sites\/vc\/capital-abeja-emprende-region-de-valparaiso-2023\/#article","isPartOf":{"@id":"https:\/\/dev.antudigital.cl\/sites\/vc\/capital-abeja-emprende-region-de-valparaiso-2023\/"},"author":{"name":"Valpara\u00edso Creativo","@id":"https:\/\/dev.antudigital.cl\/sites\/vc\/#\/schema\/person\/c2b9da8dd545e27166fc5ab232837318"},"headline":"Capital Abeja Emprende Regi\u00f3n de Valpara\u00edso 2023","datePublished":"2023-07-04T00:32:18+00:00","dateModified":"2023-07-26T03:36:58+00:00","mainEntityOfPage":{"@id":"https:\/\/dev.antudigital.cl\/sites\/vc\/capital-abeja-emprende-region-de-valparaiso-2023\/"},"wordCount":217,"image":{"@id":"https:\/\/dev.antudigital.cl\/sites\/vc\/capital-abeja-emprende-region-de-valparaiso-2023\/#primaryimage"},"thumbnailUrl":"https:\/\/dev.antudigital.cl\/sites\/vc\/wp-content\/uploads\/2023\/07\/Captura-de-Pantalla-2023-07-03-a-las-20.31.00.png","articleSection":["Uncategorized"],"inLanguage":"es"},{"@type":"WebPage","@id":"https:\/\/dev.antudigital.cl\/sites\/vc\/capital-abeja-emprende-region-de-valparaiso-2023\/","url":"https:\/\/dev.antudigital.cl\/sites\/vc\/capital-abeja-emprende-region-de-valparaiso-2023\/","name":"Capital Abeja Emprende Regi\u00f3n de Valpara\u00edso 2023 - Valpara\u00ed\u00adso Creativo","isPartOf":{"@id":"https:\/\/dev.antudigital.cl\/sites\/vc\/#website"},"primaryImageOfPage":{"@id":"https:\/\/dev.antudigital.cl\/sites\/vc\/capital-abeja-emprende-region-de-valparaiso-2023\/#primaryimage"},"image":{"@id":"https:\/\/dev.antudigital.cl\/sites\/vc\/capital-abeja-emprende-region-de-valparaiso-2023\/#primaryimage"},"thumbnailUrl":"https:\/\/dev.antudigital.cl\/sites\/vc\/wp-content\/uploads\/2023\/07\/Captura-de-Pantalla-2023-07-03-a-las-20.31.00.png","datePublished":"2023-07-04T00:32:18+00:00","dateModified":"2023-07-26T03:36:58+00:00","author":{"@id":"https:\/\/dev.antudigital.cl\/sites\/vc\/#\/schema\/person\/c2b9da8dd545e27166fc5ab232837318"},"breadcrumb":{"@id":"https:\/\/dev.antudigital.cl\/sites\/vc\/capital-abeja-emprende-region-de-valparaiso-2023\/#breadcrumb"},"inLanguage":"es","potentialAction":[{"@type":"ReadAction","target":["https:\/\/dev.antudigital.cl\/sites\/vc\/capital-abeja-emprende-region-de-valparaiso-2023\/"]}]},{"@type":"ImageObject","inLanguage":"es","@id":"https:\/\/dev.antudigital.cl\/sites\/vc\/capital-abeja-emprende-region-de-valparaiso-2023\/#primaryimage","url":"https:\/\/dev.antudigital.cl\/sites\/vc\/wp-content\/uploads\/2023\/07\/Captura-de-Pantalla-2023-07-03-a-las-20.31.00.png","contentUrl":"https:\/\/dev.antudigital.cl\/sites\/vc\/wp-content\/uploads\/2023\/07\/Captura-de-Pantalla-2023-07-03-a-las-20.31.00.png","width":918,"height":201},{"@type":"BreadcrumbList","@id":"https:\/\/dev.antudigital.cl\/sites\/vc\/capital-abeja-emprende-region-de-valparaiso-2023\/#breadcrumb","itemListElement":[{"@type":"ListItem","position":1,"name":"Home","item":"https:\/\/dev.antudigital.cl\/sites\/vc\/"},{"@type":"ListItem","position":2,"name":"Capital Abeja Emprende Regi\u00f3n de Valpara\u00edso 2023"}]},{"@type":"WebSite","@id":"https:\/\/dev.antudigital.cl\/sites\/vc\/#website","url":"https:\/\/dev.antudigital.cl\/sites\/vc\/","name":"Valpara\u00ed\u00adso Creativo","description":"","potentialAction":[{"@type":"SearchAction","target":{"@type":"EntryPoint","urlTemplate":"https:\/\/dev.antudigital.cl\/sites\/vc\/?s={search_term_string}"},"query-input":{"@type":"PropertyValueSpecification","valueRequired":true,"valueName":"search_term_string"}}],"inLanguage":"es"},{"@type":"Person","@id":"https:\/\/dev.antudigital.cl\/sites\/vc\/#\/schema\/person\/c2b9da8dd545e27166fc5ab232837318","name":"Valpara\u00edso Creativo","description":"Periodista de cultura en la Regi\u00f3n de Valpara\u00edso.","url":"https:\/\/dev.antudigital.cl\/sites\/vc\/author\/valpoadmin\/"}]}},"_links":{"self":[{"href":"https:\/\/dev.antudigital.cl\/sites\/vc\/wp-json\/wp\/v2\/posts\/15883","targetHints":{"allow":["GET"]}}],"collection":[{"href":"https:\/\/dev.antudigital.cl\/sites\/vc\/wp-json\/wp\/v2\/posts"}],"about":[{"href":"https:\/\/dev.antudigital.cl\/sites\/vc\/wp-json\/wp\/v2\/types\/post"}],"author":[{"embeddable":true,"href":"https:\/\/dev.antudigital.cl\/sites\/vc\/wp-json\/wp\/v2\/users\/1"}],"replies":[{"embeddable":true,"href":"https:\/\/dev.antudigital.cl\/sites\/vc\/wp-json\/wp\/v2\/comments?post=15883"}],"version-history":[{"count":1,"href":"https:\/\/dev.antudigital.cl\/sites\/vc\/wp-json\/wp\/v2\/posts\/15883\/revisions"}],"predecessor-version":[{"id":15885,"href":"https:\/\/dev.antudigital.cl\/sites\/vc\/wp-json\/wp\/v2\/posts\/15883\/revisions\/15885"}],"wp:featuredmedia":[{"embeddable":true,"href":"https:\/\/dev.antudigital.cl\/sites\/vc\/wp-json\/wp\/v2\/media\/15884"}],"wp:attachment":[{"href":"https:\/\/dev.antudigital.cl\/sites\/vc\/wp-json\/wp\/v2\/media?parent=15883"}],"wp:term":[{"taxonomy":"category","embeddable":true,"href":"https:\/\/dev.antudigital.cl\/sites\/vc\/wp-json\/wp\/v2\/categories?post=15883"},{"taxonomy":"post_tag","embeddable":true,"href":"https:\/\/dev.antudigital.cl\/sites\/vc\/wp-json\/wp\/v2\/tags?post=15883"}],"curies":[{"name":"wp","href":"https:\/\/api.w.org\/{rel}","templated":true}]}}