{"id":15886,"date":"2023-07-04T00:34:29","date_gmt":"2023-07-04T00:34:29","guid":{"rendered":"https:\/\/www.valparaisocreativo.cl\/?p=15886"},"modified":"2023-07-26T03:36:56","modified_gmt":"2023-07-26T03:36:56","slug":"desarrollo-de-ferias-libres-region-de-valparaiso-2023","status":"publish","type":"post","link":"https:\/\/dev.antudigital.cl\/sites\/vc\/desarrollo-de-ferias-libres-region-de-valparaiso-2023\/","title":{"rendered":"Desarrollo de Ferias Libres regi\u00f3n de Valpara\u00edso 2023"},"content":{"rendered":"\n<h3 class=\"wp-block-heading\">\u00bfQu\u00e9 es?<\/h3>\n\n\n\n<p>Es un fondo concursable destinado a fortalecer la asociatividad, la comercializaci\u00f3n y la innovaci\u00f3n de las ferias libres, con el objetivo de promover su desarrollo integral como sector clave de la econom\u00eda, la seguridad alimentaria y el patrimonio cultural del pa\u00eds. El fondo busca contribuir a la generaci\u00f3n de ferias exitosas reconociendo la diversidad del sector.<\/p>\n\n\n\n<h3 class=\"wp-block-heading\">\u00bfQui\u00e9nes pueden acceder?<\/h3>\n\n\n\n<p>Pueden acceder ferias libres representadas a trav\u00e9s de organizaciones legalmente constituidas (con personalidad jur\u00eddica) como asociaciones empresariales, asociaciones gremiales, sindicatos de trabajadores independientes, asociaciones ind\u00edgenas, organizaciones funcionales u otro tipo de organizaciones habilitadas jur\u00eddicamente, existentes al interior de la feria.<\/p>\n\n\n\n<p>La postulaci\u00f3n debe realizarse a trav\u00e9s de una sola organizaci\u00f3n, concurriendo al acuerdo en la postulaci\u00f3n las organizaciones que compongan al menos el 51% de los puestos totales de la feria.<\/p>\n\n\n\n<p><strong>\u00bfC\u00f3mo postular?<\/strong><\/p>\n\n\n\n<p><strong>Paso 1.<\/strong>&nbsp;Registrarse como usuario o usuaria en www.sercotec.cl o, si ya tiene registro, actualizar sus antecedentes y vincular su perfil con la organizaci\u00f3n postulante. La informaci\u00f3n ingresada es aquella con la que se realiza la postulaci\u00f3n y usada por Sercotec durante todo el proceso.<\/p>\n\n\n\n<p><strong>Paso 2.<\/strong>&nbsp;Descargar y leer detenidamente las bases y anexos de la convocatoria.<\/p>\n\n\n\n<p><strong>Paso 3.<\/strong>&nbsp;Completar y enviar la ficha de postulaci\u00f3n y los documentos requeridos, verificando que cumplan con el formato, contenido y firmas solicitadas, en el plazo establecido.<\/p>\n\n\n\n<p>La presente convocatoria tiene una cobertura proyectada de&nbsp;<strong>13<\/strong>&nbsp;ferias a nivel regional.<\/p>\n","protected":false},"excerpt":{"rendered":"<p>\u00bfQu\u00e9 es? Es un fondo concursable destinado a fortalecer la asociatividad, la comercializaci\u00f3n y la innovaci\u00f3n de las ferias libres, con el objetivo de promover su desarrollo integral como sector clave de la econom\u00eda, la seguridad alimentaria y el patrimonio cultural del pa\u00eds. El fondo busca contribuir a la generaci\u00f3n de ferias exitosas reconociendo la [&hellip;]<\/p>\n","protected":false},"author":1,"featured_media":15887,"comment_status":"closed","ping_status":"closed","sticky":false,"template":"","format":"standard","meta":{"_acf_changed":false,"footnotes":""},"categories":[1],"tags":[],"class_list":["post-15886","post","type-post","status-publish","format-standard","has-post-thumbnail","hentry","category-uncategorized"],"acf":[],"yoast_head":"<!-- This site is optimized with the Yoast SEO plugin v27.1.1 - https:\/\/yoast.com\/product\/yoast-seo-wordpress\/ -->\n<title>Desarrollo de Ferias Libres regi\u00f3n de Valpara\u00edso 2023 - Valpara\u00ed\u00adso Creativo<\/title>\n<meta name=\"robots\" content=\"index, follow, max-snippet:-1, max-image-preview:large, max-video-preview:-1\" \/>\n<link rel=\"canonical\" href=\"https:\/\/dev.antudigital.cl\/sites\/vc\/desarrollo-de-ferias-libres-region-de-valparaiso-2023\/\" \/>\n<meta property=\"og:locale\" content=\"es_ES\" \/>\n<meta property=\"og:type\" content=\"article\" \/>\n<meta property=\"og:title\" content=\"Desarrollo de Ferias Libres regi\u00f3n de Valpara\u00edso 2023 - Valpara\u00ed\u00adso Creativo\" \/>\n<meta property=\"og:description\" content=\"\u00bfQu\u00e9 es? Es un fondo concursable destinado a fortalecer la asociatividad, la comercializaci\u00f3n y la innovaci\u00f3n de las ferias libres, con el objetivo de promover su desarrollo integral como sector clave de la econom\u00eda, la seguridad alimentaria y el patrimonio cultural del pa\u00eds. El fondo busca contribuir a la generaci\u00f3n de ferias exitosas reconociendo la [&hellip;]\" \/>\n<meta property=\"og:url\" content=\"https:\/\/dev.antudigital.cl\/sites\/vc\/desarrollo-de-ferias-libres-region-de-valparaiso-2023\/\" \/>\n<meta property=\"og:site_name\" content=\"Valpara\u00ed\u00adso Creativo\" \/>\n<meta property=\"article:published_time\" content=\"2023-07-04T00:34:29+00:00\" \/>\n<meta property=\"article:modified_time\" content=\"2023-07-26T03:36:56+00:00\" \/>\n<meta property=\"og:image\" content=\"https:\/\/dev.antudigital.cl\/sites\/vc\/wp-content\/uploads\/2023\/07\/Captura-de-Pantalla-2023-07-03-a-las-20.30.54.png\" \/>\n\t<meta property=\"og:image:width\" content=\"1007\" \/>\n\t<meta property=\"og:image:height\" content=\"207\" \/>\n\t<meta property=\"og:image:type\" content=\"image\/png\" \/>\n<meta name=\"author\" content=\"Valpara\u00edso Creativo\" \/>\n<meta name=\"twitter:card\" content=\"summary_large_image\" \/>\n<meta name=\"twitter:label1\" content=\"Escrito por\" \/>\n\t<meta name=\"twitter:data1\" content=\"Valpara\u00edso Creativo\" \/>\n\t<meta name=\"twitter:label2\" content=\"Tiempo de lectura\" \/>\n\t<meta name=\"twitter:data2\" content=\"2 minutos\" \/>\n<script type=\"application\/ld+json\" class=\"yoast-schema-graph\">{\"@context\":\"https:\/\/schema.org\",\"@graph\":[{\"@type\":\"Article\",\"@id\":\"https:\/\/dev.antudigital.cl\/sites\/vc\/desarrollo-de-ferias-libres-region-de-valparaiso-2023\/#article\",\"isPartOf\":{\"@id\":\"https:\/\/dev.antudigital.cl\/sites\/vc\/desarrollo-de-ferias-libres-region-de-valparaiso-2023\/\"},\"author\":{\"name\":\"Valpara\u00edso Creativo\",\"@id\":\"https:\/\/dev.antudigital.cl\/sites\/vc\/#\/schema\/person\/c2b9da8dd545e27166fc5ab232837318\"},\"headline\":\"Desarrollo de Ferias Libres regi\u00f3n de Valpara\u00edso 2023\",\"datePublished\":\"2023-07-04T00:34:29+00:00\",\"dateModified\":\"2023-07-26T03:36:56+00:00\",\"mainEntityOfPage\":{\"@id\":\"https:\/\/dev.antudigital.cl\/sites\/vc\/desarrollo-de-ferias-libres-region-de-valparaiso-2023\/\"},\"wordCount\":262,\"image\":{\"@id\":\"https:\/\/dev.antudigital.cl\/sites\/vc\/desarrollo-de-ferias-libres-region-de-valparaiso-2023\/#primaryimage\"},\"thumbnailUrl\":\"https:\/\/dev.antudigital.cl\/sites\/vc\/wp-content\/uploads\/2023\/07\/Captura-de-Pantalla-2023-07-03-a-las-20.30.54.png\",\"articleSection\":[\"Uncategorized\"],\"inLanguage\":\"es\"},{\"@type\":\"WebPage\",\"@id\":\"https:\/\/dev.antudigital.cl\/sites\/vc\/desarrollo-de-ferias-libres-region-de-valparaiso-2023\/\",\"url\":\"https:\/\/dev.antudigital.cl\/sites\/vc\/desarrollo-de-ferias-libres-region-de-valparaiso-2023\/\",\"name\":\"Desarrollo de Ferias Libres regi\u00f3n de Valpara\u00edso 2023 - Valpara\u00ed\u00adso Creativo\",\"isPartOf\":{\"@id\":\"https:\/\/dev.antudigital.cl\/sites\/vc\/#website\"},\"primaryImageOfPage\":{\"@id\":\"https:\/\/dev.antudigital.cl\/sites\/vc\/desarrollo-de-ferias-libres-region-de-valparaiso-2023\/#primaryimage\"},\"image\":{\"@id\":\"https:\/\/dev.antudigital.cl\/sites\/vc\/desarrollo-de-ferias-libres-region-de-valparaiso-2023\/#primaryimage\"},\"thumbnailUrl\":\"https:\/\/dev.antudigital.cl\/sites\/vc\/wp-content\/uploads\/2023\/07\/Captura-de-Pantalla-2023-07-03-a-las-20.30.54.png\",\"datePublished\":\"2023-07-04T00:34:29+00:00\",\"dateModified\":\"2023-07-26T03:36:56+00:00\",\"author\":{\"@id\":\"https:\/\/dev.antudigital.cl\/sites\/vc\/#\/schema\/person\/c2b9da8dd545e27166fc5ab232837318\"},\"breadcrumb\":{\"@id\":\"https:\/\/dev.antudigital.cl\/sites\/vc\/desarrollo-de-ferias-libres-region-de-valparaiso-2023\/#breadcrumb\"},\"inLanguage\":\"es\",\"potentialAction\":[{\"@type\":\"ReadAction\",\"target\":[\"https:\/\/dev.antudigital.cl\/sites\/vc\/desarrollo-de-ferias-libres-region-de-valparaiso-2023\/\"]}]},{\"@type\":\"ImageObject\",\"inLanguage\":\"es\",\"@id\":\"https:\/\/dev.antudigital.cl\/sites\/vc\/desarrollo-de-ferias-libres-region-de-valparaiso-2023\/#primaryimage\",\"url\":\"https:\/\/dev.antudigital.cl\/sites\/vc\/wp-content\/uploads\/2023\/07\/Captura-de-Pantalla-2023-07-03-a-las-20.30.54.png\",\"contentUrl\":\"https:\/\/dev.antudigital.cl\/sites\/vc\/wp-content\/uploads\/2023\/07\/Captura-de-Pantalla-2023-07-03-a-las-20.30.54.png\",\"width\":1007,\"height\":207},{\"@type\":\"BreadcrumbList\",\"@id\":\"https:\/\/dev.antudigital.cl\/sites\/vc\/desarrollo-de-ferias-libres-region-de-valparaiso-2023\/#breadcrumb\",\"itemListElement\":[{\"@type\":\"ListItem\",\"position\":1,\"name\":\"Home\",\"item\":\"https:\/\/dev.antudigital.cl\/sites\/vc\/\"},{\"@type\":\"ListItem\",\"position\":2,\"name\":\"Desarrollo de Ferias Libres regi\u00f3n de Valpara\u00edso 2023\"}]},{\"@type\":\"WebSite\",\"@id\":\"https:\/\/dev.antudigital.cl\/sites\/vc\/#website\",\"url\":\"https:\/\/dev.antudigital.cl\/sites\/vc\/\",\"name\":\"Valpara\u00ed\u00adso Creativo\",\"description\":\"\",\"potentialAction\":[{\"@type\":\"SearchAction\",\"target\":{\"@type\":\"EntryPoint\",\"urlTemplate\":\"https:\/\/dev.antudigital.cl\/sites\/vc\/?s={search_term_string}\"},\"query-input\":{\"@type\":\"PropertyValueSpecification\",\"valueRequired\":true,\"valueName\":\"search_term_string\"}}],\"inLanguage\":\"es\"},{\"@type\":\"Person\",\"@id\":\"https:\/\/dev.antudigital.cl\/sites\/vc\/#\/schema\/person\/c2b9da8dd545e27166fc5ab232837318\",\"name\":\"Valpara\u00edso Creativo\",\"description\":\"Periodista de cultura en la Regi\u00f3n de Valpara\u00edso.\",\"url\":\"https:\/\/dev.antudigital.cl\/sites\/vc\/author\/valpoadmin\/\"}]}<\/script>\n<!-- \/ Yoast SEO plugin. -->","yoast_head_json":{"title":"Desarrollo de Ferias Libres regi\u00f3n de Valpara\u00edso 2023 - Valpara\u00ed\u00adso Creativo","robots":{"index":"index","follow":"follow","max-snippet":"max-snippet:-1","max-image-preview":"max-image-preview:large","max-video-preview":"max-video-preview:-1"},"canonical":"https:\/\/dev.antudigital.cl\/sites\/vc\/desarrollo-de-ferias-libres-region-de-valparaiso-2023\/","og_locale":"es_ES","og_type":"article","og_title":"Desarrollo de Ferias Libres regi\u00f3n de Valpara\u00edso 2023 - Valpara\u00ed\u00adso Creativo","og_description":"\u00bfQu\u00e9 es? Es un fondo concursable destinado a fortalecer la asociatividad, la comercializaci\u00f3n y la innovaci\u00f3n de las ferias libres, con el objetivo de promover su desarrollo integral como sector clave de la econom\u00eda, la seguridad alimentaria y el patrimonio cultural del pa\u00eds. El fondo busca contribuir a la generaci\u00f3n de ferias exitosas reconociendo la [&hellip;]","og_url":"https:\/\/dev.antudigital.cl\/sites\/vc\/desarrollo-de-ferias-libres-region-de-valparaiso-2023\/","og_site_name":"Valpara\u00ed\u00adso Creativo","article_published_time":"2023-07-04T00:34:29+00:00","article_modified_time":"2023-07-26T03:36:56+00:00","og_image":[{"width":1007,"height":207,"url":"https:\/\/dev.antudigital.cl\/sites\/vc\/wp-content\/uploads\/2023\/07\/Captura-de-Pantalla-2023-07-03-a-las-20.30.54.png","type":"image\/png"}],"author":"Valpara\u00edso Creativo","twitter_card":"summary_large_image","twitter_misc":{"Escrito por":"Valpara\u00edso Creativo","Tiempo de lectura":"2 minutos"},"schema":{"@context":"https:\/\/schema.org","@graph":[{"@type":"Article","@id":"https:\/\/dev.antudigital.cl\/sites\/vc\/desarrollo-de-ferias-libres-region-de-valparaiso-2023\/#article","isPartOf":{"@id":"https:\/\/dev.antudigital.cl\/sites\/vc\/desarrollo-de-ferias-libres-region-de-valparaiso-2023\/"},"author":{"name":"Valpara\u00edso Creativo","@id":"https:\/\/dev.antudigital.cl\/sites\/vc\/#\/schema\/person\/c2b9da8dd545e27166fc5ab232837318"},"headline":"Desarrollo de Ferias Libres regi\u00f3n de Valpara\u00edso 2023","datePublished":"2023-07-04T00:34:29+00:00","dateModified":"2023-07-26T03:36:56+00:00","mainEntityOfPage":{"@id":"https:\/\/dev.antudigital.cl\/sites\/vc\/desarrollo-de-ferias-libres-region-de-valparaiso-2023\/"},"wordCount":262,"image":{"@id":"https:\/\/dev.antudigital.cl\/sites\/vc\/desarrollo-de-ferias-libres-region-de-valparaiso-2023\/#primaryimage"},"thumbnailUrl":"https:\/\/dev.antudigital.cl\/sites\/vc\/wp-content\/uploads\/2023\/07\/Captura-de-Pantalla-2023-07-03-a-las-20.30.54.png","articleSection":["Uncategorized"],"inLanguage":"es"},{"@type":"WebPage","@id":"https:\/\/dev.antudigital.cl\/sites\/vc\/desarrollo-de-ferias-libres-region-de-valparaiso-2023\/","url":"https:\/\/dev.antudigital.cl\/sites\/vc\/desarrollo-de-ferias-libres-region-de-valparaiso-2023\/","name":"Desarrollo de Ferias Libres regi\u00f3n de Valpara\u00edso 2023 - Valpara\u00ed\u00adso Creativo","isPartOf":{"@id":"https:\/\/dev.antudigital.cl\/sites\/vc\/#website"},"primaryImageOfPage":{"@id":"https:\/\/dev.antudigital.cl\/sites\/vc\/desarrollo-de-ferias-libres-region-de-valparaiso-2023\/#primaryimage"},"image":{"@id":"https:\/\/dev.antudigital.cl\/sites\/vc\/desarrollo-de-ferias-libres-region-de-valparaiso-2023\/#primaryimage"},"thumbnailUrl":"https:\/\/dev.antudigital.cl\/sites\/vc\/wp-content\/uploads\/2023\/07\/Captura-de-Pantalla-2023-07-03-a-las-20.30.54.png","datePublished":"2023-07-04T00:34:29+00:00","dateModified":"2023-07-26T03:36:56+00:00","author":{"@id":"https:\/\/dev.antudigital.cl\/sites\/vc\/#\/schema\/person\/c2b9da8dd545e27166fc5ab232837318"},"breadcrumb":{"@id":"https:\/\/dev.antudigital.cl\/sites\/vc\/desarrollo-de-ferias-libres-region-de-valparaiso-2023\/#breadcrumb"},"inLanguage":"es","potentialAction":[{"@type":"ReadAction","target":["https:\/\/dev.antudigital.cl\/sites\/vc\/desarrollo-de-ferias-libres-region-de-valparaiso-2023\/"]}]},{"@type":"ImageObject","inLanguage":"es","@id":"https:\/\/dev.antudigital.cl\/sites\/vc\/desarrollo-de-ferias-libres-region-de-valparaiso-2023\/#primaryimage","url":"https:\/\/dev.antudigital.cl\/sites\/vc\/wp-content\/uploads\/2023\/07\/Captura-de-Pantalla-2023-07-03-a-las-20.30.54.png","contentUrl":"https:\/\/dev.antudigital.cl\/sites\/vc\/wp-content\/uploads\/2023\/07\/Captura-de-Pantalla-2023-07-03-a-las-20.30.54.png","width":1007,"height":207},{"@type":"BreadcrumbList","@id":"https:\/\/dev.antudigital.cl\/sites\/vc\/desarrollo-de-ferias-libres-region-de-valparaiso-2023\/#breadcrumb","itemListElement":[{"@type":"ListItem","position":1,"name":"Home","item":"https:\/\/dev.antudigital.cl\/sites\/vc\/"},{"@type":"ListItem","position":2,"name":"Desarrollo de Ferias Libres regi\u00f3n de Valpara\u00edso 2023"}]},{"@type":"WebSite","@id":"https:\/\/dev.antudigital.cl\/sites\/vc\/#website","url":"https:\/\/dev.antudigital.cl\/sites\/vc\/","name":"Valpara\u00ed\u00adso Creativo","description":"","potentialAction":[{"@type":"SearchAction","target":{"@type":"EntryPoint","urlTemplate":"https:\/\/dev.antudigital.cl\/sites\/vc\/?s={search_term_string}"},"query-input":{"@type":"PropertyValueSpecification","valueRequired":true,"valueName":"search_term_string"}}],"inLanguage":"es"},{"@type":"Person","@id":"https:\/\/dev.antudigital.cl\/sites\/vc\/#\/schema\/person\/c2b9da8dd545e27166fc5ab232837318","name":"Valpara\u00edso Creativo","description":"Periodista de cultura en la Regi\u00f3n de Valpara\u00edso.","url":"https:\/\/dev.antudigital.cl\/sites\/vc\/author\/valpoadmin\/"}]}},"_links":{"self":[{"href":"https:\/\/dev.antudigital.cl\/sites\/vc\/wp-json\/wp\/v2\/posts\/15886","targetHints":{"allow":["GET"]}}],"collection":[{"href":"https:\/\/dev.antudigital.cl\/sites\/vc\/wp-json\/wp\/v2\/posts"}],"about":[{"href":"https:\/\/dev.antudigital.cl\/sites\/vc\/wp-json\/wp\/v2\/types\/post"}],"author":[{"embeddable":true,"href":"https:\/\/dev.antudigital.cl\/sites\/vc\/wp-json\/wp\/v2\/users\/1"}],"replies":[{"embeddable":true,"href":"https:\/\/dev.antudigital.cl\/sites\/vc\/wp-json\/wp\/v2\/comments?post=15886"}],"version-history":[{"count":1,"href":"https:\/\/dev.antudigital.cl\/sites\/vc\/wp-json\/wp\/v2\/posts\/15886\/revisions"}],"predecessor-version":[{"id":15888,"href":"https:\/\/dev.antudigital.cl\/sites\/vc\/wp-json\/wp\/v2\/posts\/15886\/revisions\/15888"}],"wp:featuredmedia":[{"embeddable":true,"href":"https:\/\/dev.antudigital.cl\/sites\/vc\/wp-json\/wp\/v2\/media\/15887"}],"wp:attachment":[{"href":"https:\/\/dev.antudigital.cl\/sites\/vc\/wp-json\/wp\/v2\/media?parent=15886"}],"wp:term":[{"taxonomy":"category","embeddable":true,"href":"https:\/\/dev.antudigital.cl\/sites\/vc\/wp-json\/wp\/v2\/categories?post=15886"},{"taxonomy":"post_tag","embeddable":true,"href":"https:\/\/dev.antudigital.cl\/sites\/vc\/wp-json\/wp\/v2\/tags?post=15886"}],"curies":[{"name":"wp","href":"https:\/\/api.w.org\/{rel}","templated":true}]}}