{"id":15889,"date":"2023-07-04T01:45:16","date_gmt":"2023-07-04T01:45:16","guid":{"rendered":"https:\/\/www.valparaisocreativo.cl\/?p=15889"},"modified":"2023-07-26T03:36:53","modified_gmt":"2023-07-26T03:36:53","slug":"una-vision-fantastica-de-valparaiso","status":"publish","type":"post","link":"https:\/\/dev.antudigital.cl\/sites\/vc\/una-vision-fantastica-de-valparaiso\/","title":{"rendered":"Una visi\u00f3n fant\u00e1stica de Valpara\u00edso"},"content":{"rendered":"\n<p><strong>Daniel Aspillaga, <\/strong>es <a href=\"https:\/\/www.instagram.com\/humanoproductions\/\">Humano Productions<\/a>, quienes est\u00e1n desarrollando el proyecto audiovisual \u201cPlasma\u201d, pel\u00edcula del g\u00e9nero body horror que llega a darnos una nueva visi\u00f3n de Valpara\u00edso, una m\u00e1s fant\u00e1stica y tenebrosa en cierto sentido. Todo esto vino de la idea de Daniel, quien ha fortalecido un grupo humano que est\u00e1 llevando a cabo esta producci\u00f3n.<\/p>\n\n\n\n<p><strong>Daniel, cu\u00e9ntame de ti, de tu trayectoria e intereses.<\/strong><\/p>\n\n\n\n<p>-Nac\u00ed en Santiago y crec\u00ed en Villa Alemana, y comenc\u00e9 a involucrarme con la m\u00fasica de manera muy activa. Me met\u00ed en los Mil Tambores mucho tiempo, y estudi\u00e9 m\u00fasica, Licenciatura y Pedagog\u00eda en M\u00fasica y percusi\u00f3n en el conservatorio, y durante unos 10 a\u00f1os grab\u00e9 discos, toqu\u00e9 en el Ensamble de Percusi\u00f3n de la universidad, pero siempre fui muy cin\u00e9filo, ya que de chico me mostraban muchas pel\u00edculas mis padres. Siempre me ha gustado m\u00e1s el cine, aunque no me atrev\u00ed a estudiar eso, pero la pandemia me trajo eso de vuelta a mi vida y ah\u00ed sali\u00f3 el guion de la pel\u00edcula Plasma.<\/p>\n\n\n\n<p>De todos modos, siempre he estado vinculado con las artes. Mi pap\u00e1 y hermana se dedican al teatro, por ejemplo, y he trabajado haciendo bandas sonoras, mezcl\u00e1ndolo y entrelaz\u00e1ndome con otras artes. Yo no s\u00f3lo pienso en la m\u00fasica, me gusta esa mixtura del lenguaje.<\/p>\n\n\n\n<p><strong>\u00bfComo a qu\u00e9 edad comenzaste con la m\u00fasica?<\/strong><\/p>\n\n\n\n<p>-Realmente como desde 5to b\u00e1sico que tocaba en un cuarteto de flauta en el colegio, y luego como en la media del colegio me met\u00ed en batucadas, y de ah\u00ed estudi\u00e9, y entre el 2010 y el 2020 me dediqu\u00e9 enteramente a la m\u00fasica, hasta que empec\u00e9 a escribir guiones.<\/p>\n\n\n\n<figure class=\"wp-block-image size-large\"><img fetchpriority=\"high\" decoding=\"async\" width=\"1024\" height=\"683\" src=\"https:\/\/www.valparaisocreativo.cl\/wp-content\/uploads\/2023\/07\/Daniel-Aspillaga-1024x683.jpg\" alt=\"\" class=\"wp-image-15890\" srcset=\"https:\/\/dev.antudigital.cl\/sites\/vc\/wp-content\/uploads\/2023\/07\/Daniel-Aspillaga-1024x683.jpg 1024w, https:\/\/dev.antudigital.cl\/sites\/vc\/wp-content\/uploads\/2023\/07\/Daniel-Aspillaga-300x200.jpg 300w, https:\/\/dev.antudigital.cl\/sites\/vc\/wp-content\/uploads\/2023\/07\/Daniel-Aspillaga-768x512.jpg 768w, https:\/\/dev.antudigital.cl\/sites\/vc\/wp-content\/uploads\/2023\/07\/Daniel-Aspillaga-1536x1024.jpg 1536w, https:\/\/dev.antudigital.cl\/sites\/vc\/wp-content\/uploads\/2023\/07\/Daniel-Aspillaga-2048x1365.jpg 2048w, https:\/\/dev.antudigital.cl\/sites\/vc\/wp-content\/uploads\/2023\/07\/Daniel-Aspillaga-1080x720.jpg 1080w, https:\/\/dev.antudigital.cl\/sites\/vc\/wp-content\/uploads\/2023\/07\/Daniel-Aspillaga-1280x854.jpg 1280w, https:\/\/dev.antudigital.cl\/sites\/vc\/wp-content\/uploads\/2023\/07\/Daniel-Aspillaga-980x653.jpg 980w, https:\/\/dev.antudigital.cl\/sites\/vc\/wp-content\/uploads\/2023\/07\/Daniel-Aspillaga-480x320.jpg 480w, https:\/\/dev.antudigital.cl\/sites\/vc\/wp-content\/uploads\/2023\/07\/Daniel-Aspillaga-24x16.jpg 24w, https:\/\/dev.antudigital.cl\/sites\/vc\/wp-content\/uploads\/2023\/07\/Daniel-Aspillaga-36x24.jpg 36w, https:\/\/dev.antudigital.cl\/sites\/vc\/wp-content\/uploads\/2023\/07\/Daniel-Aspillaga-48x32.jpg 48w\" sizes=\"(max-width: 1024px) 100vw, 1024px\" \/><\/figure>\n\n\n\n<p><strong>\u00bfEs primera vez que escribes un guion?<\/strong><\/p>\n\n\n\n<p>-S\u00ed. Me lanc\u00e9 no m\u00e1s. Creo bastante en los discursos en los que se habla de directores como los de videocassette, que no se formaron necesariamente en escuelas de cine, sino que de chicos vieron muchas pel\u00edculas. Esa noci\u00f3n me result\u00f3 inspiradora y me motiv\u00f3 a aventurarme. Siempre he cre\u00eddo un poco en lo que te puede entregar ver muchas pel\u00edculas. Primera vez que escribo un guion, y voy en la versi\u00f3n como 20.000, pero va avanzando.<\/p>\n\n\n\n<p><strong>\u00bfQu\u00e9 te inspir\u00f3 o gatill\u00f3 a este punto? Por ejemplo, quienes son tus referentes.<\/strong><\/p>\n\n\n\n<p>-La pandemia para m\u00ed fue algo transformador, me hizo revisar qu\u00e9 quer\u00eda hacer con mi vida y as\u00ed. Me impuls\u00f3 a finalizar un proceso y comenzar otro. Tuve la fortuna de poder seguir trabajando en l\u00ednea, y eso me permiti\u00f3 pensar harto en lo que quiero hacer. Me concentr\u00e9 harto en m\u00ed y comenc\u00e9 a encaminar mi convicci\u00f3n en lo del guion. Y yo soy el director y el guionista, pero he aprendido bastante de mis amigos que han estudiado cine y son parte del equipo. Creo que ellos en parte son mis referentes.\u00a0<\/p>\n\n\n\n<p>Mis referentes son varios, pero me gusta el cine que tenga un contenido de impacto, que cueste olvidar por su narraci\u00f3n o por sus im\u00e1genes. Muchas veces esto se asocia con la violencia, y esto puede estar vinculado a una reflexi\u00f3n m\u00e1s profunda. En este sentido me gusta Michael Haneke, un austriaco que tiene una pel\u00edcula llamada <em>Funny games. <\/em>Tambi\u00e9n todo lo que sea <em>body horror, <\/em>que es el g\u00e9nero de mi pel\u00edcula que estoy llevando a cabo, Plasma, que es un g\u00e9nero de terror que tiene que ver con lo interno, con lo que se despliega de manera personal. Un hombre lobo o un vampiro se transforman debido a algo externo que les afect\u00f3, pero, \u00bfqu\u00e9 nos cambia de manera interna? Por ejemplo, estresarse y rascarse mucho es body horror. Tiene que ver con lo hereditario, con lo ancestral, y siempre muy f\u00edsico y sin tanto efecto digital, sino m\u00e1s maquillaje. Un cl\u00e1sico en este sentido es la pel\u00edcula <em>La Mosca, <\/em>de David Cronenberg. En Jap\u00f3n tambi\u00e9n hay una gran tradici\u00f3n de body horror, y todo va a lo mismo: \u00bfcu\u00e1les son las posibilidades humanas de la monstruosidad? Hay algo dram\u00e1tico en ello. Es llevar algo humano al extremo, por lo que es f\u00e1cil identificarse con ello.<\/p>\n\n\n\n<p><strong>\u00bfTodo eso nos lleva a Plasma?<\/strong><\/p>\n\n\n\n<p>-De ac\u00e1 nace Plasma, que es una pel\u00edcula que tiene que ver con transformaciones y los personajes lo explican. Es una especie de s\u00e1tira al mercurio retr\u00f3grado y la luna en c\u00e1ncer, que no es que no crea eso, pero me llama la atenci\u00f3n. Entonces, yo dije, \u00bfqu\u00e9 pasar\u00eda si un trozo de carne gigante con tent\u00e1culos pasa por el cielo en Valpara\u00edso? Es una estrella que pasa y que afecta a los habitantes de la ciudad, por lo que la pel\u00edcula est\u00e1 compuesta por los personajes y sus afecciones, que van desde la comedia al terror. <\/p>\n\n\n\n<p>Son unos cinco o seis personajes que sufrieron mutaciones y que tuvieron que tomar decisiones en su vida, en un formato medio mockumentary (documental ir\u00f3nico). Es un relato medio collage audiovisual, donde se reflexiona acerca de estas transformaciones a trav\u00e9s de la reflexi\u00f3n m\u00e1s profunda.<\/p>\n\n\n\n<p><strong>\u00bfC\u00f3mo ha sido este proceso para ti?<\/strong><\/p>\n\n\n\n<p>-Bueno lo primero que hice fue escribir los testimonios. Este documental es autogestionado, no tiene fondos de por medio, por lo que el proceso de rodaje por ejemplo ha sido lento, pero esto nos permite investigar el proceso creativo de la pel\u00edcula. Puedo ver que las personas hacen en el guion por un tiempo indeterminado y despu\u00e9s reci\u00e9n postulan a un fondo, es un proceso largo de guion. Ac\u00e1 nosotros estamos funcionando de manera distinta, ya que vamos avanzando en la historia y a la vez grabar, lo que nos ha permitido grabar un<em> teaser <\/em>mientras seguimos trabajando en el guion.<\/p>\n\n\n\n<figure class=\"wp-block-image size-large\"><img decoding=\"async\" width=\"1024\" height=\"576\" src=\"https:\/\/www.valparaisocreativo.cl\/wp-content\/uploads\/2023\/07\/Plasma_Portada-1024x576.jpg\" alt=\"\" class=\"wp-image-15891\" srcset=\"https:\/\/dev.antudigital.cl\/sites\/vc\/wp-content\/uploads\/2023\/07\/Plasma_Portada-1024x576.jpg 1024w, https:\/\/dev.antudigital.cl\/sites\/vc\/wp-content\/uploads\/2023\/07\/Plasma_Portada-300x169.jpg 300w, https:\/\/dev.antudigital.cl\/sites\/vc\/wp-content\/uploads\/2023\/07\/Plasma_Portada-768x432.jpg 768w, https:\/\/dev.antudigital.cl\/sites\/vc\/wp-content\/uploads\/2023\/07\/Plasma_Portada-1536x864.jpg 1536w, https:\/\/dev.antudigital.cl\/sites\/vc\/wp-content\/uploads\/2023\/07\/Plasma_Portada-2048x1152.jpg 2048w, https:\/\/dev.antudigital.cl\/sites\/vc\/wp-content\/uploads\/2023\/07\/Plasma_Portada-1080x608.jpg 1080w, https:\/\/dev.antudigital.cl\/sites\/vc\/wp-content\/uploads\/2023\/07\/Plasma_Portada-1280x720.jpg 1280w, https:\/\/dev.antudigital.cl\/sites\/vc\/wp-content\/uploads\/2023\/07\/Plasma_Portada-980x551.jpg 980w, https:\/\/dev.antudigital.cl\/sites\/vc\/wp-content\/uploads\/2023\/07\/Plasma_Portada-480x270.jpg 480w, https:\/\/dev.antudigital.cl\/sites\/vc\/wp-content\/uploads\/2023\/07\/Plasma_Portada-24x14.jpg 24w, https:\/\/dev.antudigital.cl\/sites\/vc\/wp-content\/uploads\/2023\/07\/Plasma_Portada-36x20.jpg 36w, https:\/\/dev.antudigital.cl\/sites\/vc\/wp-content\/uploads\/2023\/07\/Plasma_Portada-48x27.jpg 48w\" sizes=\"(max-width: 1024px) 100vw, 1024px\" \/><\/figure>\n\n\n\n<p><strong>\u00bfC\u00f3mo es el proceso de estar grabando pero ir a festivales y as\u00ed?<\/strong><\/p>\n\n\n\n<p>-Tambi\u00e9n hay premios audiovisuales cuando est\u00e1s en etapas de desarrollo, por ejemplo nosotros iremos a un Festival en Corea (lo que est\u00e1 sucediendo actualmente) y ah\u00ed hay premios vinculados al desarrollo de \u00e1reas de la pel\u00edcula. Es parte de estar haciendo una pel\u00edcula el ir haciendo redes y \u201cpromocionando\u201d lo que est\u00e1s haciendo, que creo que es importante de hacer, hay que abrirse al mundo y pertenecer y contarle al resto que est\u00e1s haciendo un trabajo.&nbsp;<\/p>\n\n\n\n<p>Yo fui de a poco. Primero postul\u00e9 a SANFIC, ah\u00ed para ser parte de un laboratorio que ellos tienen. Postul\u00e9 luego a <a href=\"https:\/\/www.bloodwindow.com.ar\/\">Blood Window<\/a>, donde gan\u00e9 el pase al Festival de Cine fant\u00e1stico de Corea del Sur, Bucheon. En cada instancia se te abren puertas para conocer gente de otro pa\u00edses y otros festivales, que no siempre se traduce en aportes monetarios pero a veces s\u00ed en contactos u oportunidades que son importantes para desarrollar tu proyecto.<\/p>\n\n\n\n<p><strong>En paralelo, \u00bfsigues trabajando como m\u00fasico?<\/strong><\/p>\n\n\n\n<p>-Soy profesor de m\u00fasica en dos liceos locales, hago clases particulares, y tambi\u00e9n compongo bandas sonoras. Y con ese trabajo estoy financiando la pel\u00edcula. Me han dicho que no deber\u00eda hacer esto, pero para m\u00ed es un sue\u00f1o hecho realidad, por lo que invertir es algo que me da real satisfacci\u00f3n.&nbsp;<\/p>\n\n\n\n<p><strong>\u00bfA qu\u00e9 otras instancias vas a postular por lo pronto?<\/strong><\/p>\n\n\n\n<p>-Voy a seguir explorando conexiones y oportunidades de cine fant\u00e1stico, por ejemplo. Adem\u00e1s, continuamos rodando, as\u00ed que de a poco. Y quiero erradicar la idea de que si la pel\u00edcula se hace sin fondos es terrible, y nosotros hemos ido ganando visibilidad en oportunidades, y eso se traduce en algo positivo para la producci\u00f3n.&nbsp;<\/p>\n\n\n\n<p><strong>Finalmente, \u00bfqu\u00e9 crees que tu pel\u00edcula aporta a la escena audiovisual de Valpara\u00edso?<\/strong><\/p>\n\n\n\n<p>-Siento que Valpara\u00edso es una ciudad llena de est\u00edmulos, por lo que nos distrae f\u00e1cilmente, entonces siento que solo hacer una pel\u00edcula ac\u00e1 puede ser inspirador. M\u00e1s all\u00e1 del g\u00e9nero y de la trama, estar en una ciudad como \u00e9sta ya es inspirador y eso ayuda. Con respecto a Plasma en particular, creo que le da una mirada distinta a Valpara\u00edso, la documenta de otra manera, que es este Valpara\u00edso fant\u00e1stico y que es entretenido. Es una ciudad bizarra adem\u00e1s, potenciemos esta imagen de Valpara\u00edso, que es una ciudad loca igual si lo pensamos, y mostremosle al mundo aquello. Por \u00faltimo, hay pocas pel\u00edculas de body horror trabajadas en el pa\u00eds, y en eso podemos aportar: en ver los problemas psicol\u00f3gicos y filos\u00f3ficos de los personajes y que se representan en el cuerpo.<\/p>\n\n\n\n<p>Actualmente se encuentran junto a Humano Productions en el <a href=\"https:\/\/www.instagram.com\/bifanofficial\/\">festival de Bucheon<\/a>, en Corea del Sur, donde son el \u00fanico proyecto latinoamericano participando en la secci\u00f3n para pel\u00edculas en desarrollo.<\/p>\n","protected":false},"excerpt":{"rendered":"<p>Daniel Aspillaga, es Humano Productions, quienes est\u00e1n desarrollando el proyecto audiovisual \u201cPlasma\u201d, pel\u00edcula del g\u00e9nero body horror que llega a darnos una nueva visi\u00f3n de Valpara\u00edso, una m\u00e1s fant\u00e1stica y tenebrosa en cierto sentido. Todo esto vino de la idea de Daniel, quien ha fortalecido un grupo humano que est\u00e1 llevando a cabo esta producci\u00f3n. [&hellip;]<\/p>\n","protected":false},"author":1,"featured_media":15892,"comment_status":"closed","ping_status":"closed","sticky":false,"template":"","format":"standard","meta":{"_acf_changed":false,"footnotes":""},"categories":[218],"tags":[],"class_list":["post-15889","post","type-post","status-publish","format-standard","has-post-thumbnail","hentry","category-blog"],"acf":[],"yoast_head":"<!-- This site is optimized with the Yoast SEO plugin v27.1.1 - https:\/\/yoast.com\/product\/yoast-seo-wordpress\/ -->\n<title>Una visi\u00f3n fant\u00e1stica de Valpara\u00edso - Valpara\u00ed\u00adso Creativo<\/title>\n<meta name=\"robots\" content=\"index, follow, max-snippet:-1, max-image-preview:large, max-video-preview:-1\" \/>\n<link rel=\"canonical\" href=\"https:\/\/dev.antudigital.cl\/sites\/vc\/una-vision-fantastica-de-valparaiso\/\" \/>\n<meta property=\"og:locale\" content=\"es_ES\" \/>\n<meta property=\"og:type\" content=\"article\" \/>\n<meta property=\"og:title\" content=\"Una visi\u00f3n fant\u00e1stica de Valpara\u00edso - Valpara\u00ed\u00adso Creativo\" \/>\n<meta property=\"og:description\" content=\"Daniel Aspillaga, es Humano Productions, quienes est\u00e1n desarrollando el proyecto audiovisual \u201cPlasma\u201d, pel\u00edcula del g\u00e9nero body horror que llega a darnos una nueva visi\u00f3n de Valpara\u00edso, una m\u00e1s fant\u00e1stica y tenebrosa en cierto sentido. Todo esto vino de la idea de Daniel, quien ha fortalecido un grupo humano que est\u00e1 llevando a cabo esta producci\u00f3n. [&hellip;]\" \/>\n<meta property=\"og:url\" content=\"https:\/\/dev.antudigital.cl\/sites\/vc\/una-vision-fantastica-de-valparaiso\/\" \/>\n<meta property=\"og:site_name\" content=\"Valpara\u00ed\u00adso Creativo\" \/>\n<meta property=\"article:published_time\" content=\"2023-07-04T01:45:16+00:00\" \/>\n<meta property=\"article:modified_time\" content=\"2023-07-26T03:36:53+00:00\" \/>\n<meta property=\"og:image\" content=\"https:\/\/dev.antudigital.cl\/sites\/vc\/wp-content\/uploads\/2023\/07\/Plasma_Still.jpg\" \/>\n\t<meta property=\"og:image:width\" content=\"1920\" \/>\n\t<meta property=\"og:image:height\" content=\"1080\" \/>\n\t<meta property=\"og:image:type\" content=\"image\/jpeg\" \/>\n<meta name=\"author\" content=\"Valpara\u00edso Creativo\" \/>\n<meta name=\"twitter:card\" content=\"summary_large_image\" \/>\n<meta name=\"twitter:label1\" content=\"Escrito por\" \/>\n\t<meta name=\"twitter:data1\" content=\"Valpara\u00edso Creativo\" \/>\n\t<meta name=\"twitter:label2\" content=\"Tiempo de lectura\" \/>\n\t<meta name=\"twitter:data2\" content=\"7 minutos\" \/>\n<script type=\"application\/ld+json\" class=\"yoast-schema-graph\">{\"@context\":\"https:\/\/schema.org\",\"@graph\":[{\"@type\":\"Article\",\"@id\":\"https:\/\/dev.antudigital.cl\/sites\/vc\/una-vision-fantastica-de-valparaiso\/#article\",\"isPartOf\":{\"@id\":\"https:\/\/dev.antudigital.cl\/sites\/vc\/una-vision-fantastica-de-valparaiso\/\"},\"author\":{\"name\":\"Valpara\u00edso Creativo\",\"@id\":\"https:\/\/dev.antudigital.cl\/sites\/vc\/#\/schema\/person\/c2b9da8dd545e27166fc5ab232837318\"},\"headline\":\"Una visi\u00f3n fant\u00e1stica de Valpara\u00edso\",\"datePublished\":\"2023-07-04T01:45:16+00:00\",\"dateModified\":\"2023-07-26T03:36:53+00:00\",\"mainEntityOfPage\":{\"@id\":\"https:\/\/dev.antudigital.cl\/sites\/vc\/una-vision-fantastica-de-valparaiso\/\"},\"wordCount\":1509,\"image\":{\"@id\":\"https:\/\/dev.antudigital.cl\/sites\/vc\/una-vision-fantastica-de-valparaiso\/#primaryimage\"},\"thumbnailUrl\":\"https:\/\/dev.antudigital.cl\/sites\/vc\/wp-content\/uploads\/2023\/07\/Plasma_Still.jpg\",\"articleSection\":[\"Blog\"],\"inLanguage\":\"es\"},{\"@type\":\"WebPage\",\"@id\":\"https:\/\/dev.antudigital.cl\/sites\/vc\/una-vision-fantastica-de-valparaiso\/\",\"url\":\"https:\/\/dev.antudigital.cl\/sites\/vc\/una-vision-fantastica-de-valparaiso\/\",\"name\":\"Una visi\u00f3n fant\u00e1stica de Valpara\u00edso - Valpara\u00ed\u00adso Creativo\",\"isPartOf\":{\"@id\":\"https:\/\/dev.antudigital.cl\/sites\/vc\/#website\"},\"primaryImageOfPage\":{\"@id\":\"https:\/\/dev.antudigital.cl\/sites\/vc\/una-vision-fantastica-de-valparaiso\/#primaryimage\"},\"image\":{\"@id\":\"https:\/\/dev.antudigital.cl\/sites\/vc\/una-vision-fantastica-de-valparaiso\/#primaryimage\"},\"thumbnailUrl\":\"https:\/\/dev.antudigital.cl\/sites\/vc\/wp-content\/uploads\/2023\/07\/Plasma_Still.jpg\",\"datePublished\":\"2023-07-04T01:45:16+00:00\",\"dateModified\":\"2023-07-26T03:36:53+00:00\",\"author\":{\"@id\":\"https:\/\/dev.antudigital.cl\/sites\/vc\/#\/schema\/person\/c2b9da8dd545e27166fc5ab232837318\"},\"breadcrumb\":{\"@id\":\"https:\/\/dev.antudigital.cl\/sites\/vc\/una-vision-fantastica-de-valparaiso\/#breadcrumb\"},\"inLanguage\":\"es\",\"potentialAction\":[{\"@type\":\"ReadAction\",\"target\":[\"https:\/\/dev.antudigital.cl\/sites\/vc\/una-vision-fantastica-de-valparaiso\/\"]}]},{\"@type\":\"ImageObject\",\"inLanguage\":\"es\",\"@id\":\"https:\/\/dev.antudigital.cl\/sites\/vc\/una-vision-fantastica-de-valparaiso\/#primaryimage\",\"url\":\"https:\/\/dev.antudigital.cl\/sites\/vc\/wp-content\/uploads\/2023\/07\/Plasma_Still.jpg\",\"contentUrl\":\"https:\/\/dev.antudigital.cl\/sites\/vc\/wp-content\/uploads\/2023\/07\/Plasma_Still.jpg\",\"width\":1920,\"height\":1080},{\"@type\":\"BreadcrumbList\",\"@id\":\"https:\/\/dev.antudigital.cl\/sites\/vc\/una-vision-fantastica-de-valparaiso\/#breadcrumb\",\"itemListElement\":[{\"@type\":\"ListItem\",\"position\":1,\"name\":\"Home\",\"item\":\"https:\/\/dev.antudigital.cl\/sites\/vc\/\"},{\"@type\":\"ListItem\",\"position\":2,\"name\":\"Una visi\u00f3n fant\u00e1stica de Valpara\u00edso\"}]},{\"@type\":\"WebSite\",\"@id\":\"https:\/\/dev.antudigital.cl\/sites\/vc\/#website\",\"url\":\"https:\/\/dev.antudigital.cl\/sites\/vc\/\",\"name\":\"Valpara\u00ed\u00adso Creativo\",\"description\":\"\",\"potentialAction\":[{\"@type\":\"SearchAction\",\"target\":{\"@type\":\"EntryPoint\",\"urlTemplate\":\"https:\/\/dev.antudigital.cl\/sites\/vc\/?s={search_term_string}\"},\"query-input\":{\"@type\":\"PropertyValueSpecification\",\"valueRequired\":true,\"valueName\":\"search_term_string\"}}],\"inLanguage\":\"es\"},{\"@type\":\"Person\",\"@id\":\"https:\/\/dev.antudigital.cl\/sites\/vc\/#\/schema\/person\/c2b9da8dd545e27166fc5ab232837318\",\"name\":\"Valpara\u00edso Creativo\",\"description\":\"Periodista de cultura en la Regi\u00f3n de Valpara\u00edso.\",\"url\":\"https:\/\/dev.antudigital.cl\/sites\/vc\/author\/valpoadmin\/\"}]}<\/script>\n<!-- \/ Yoast SEO plugin. -->","yoast_head_json":{"title":"Una visi\u00f3n fant\u00e1stica de Valpara\u00edso - Valpara\u00ed\u00adso Creativo","robots":{"index":"index","follow":"follow","max-snippet":"max-snippet:-1","max-image-preview":"max-image-preview:large","max-video-preview":"max-video-preview:-1"},"canonical":"https:\/\/dev.antudigital.cl\/sites\/vc\/una-vision-fantastica-de-valparaiso\/","og_locale":"es_ES","og_type":"article","og_title":"Una visi\u00f3n fant\u00e1stica de Valpara\u00edso - Valpara\u00ed\u00adso Creativo","og_description":"Daniel Aspillaga, es Humano Productions, quienes est\u00e1n desarrollando el proyecto audiovisual \u201cPlasma\u201d, pel\u00edcula del g\u00e9nero body horror que llega a darnos una nueva visi\u00f3n de Valpara\u00edso, una m\u00e1s fant\u00e1stica y tenebrosa en cierto sentido. Todo esto vino de la idea de Daniel, quien ha fortalecido un grupo humano que est\u00e1 llevando a cabo esta producci\u00f3n. [&hellip;]","og_url":"https:\/\/dev.antudigital.cl\/sites\/vc\/una-vision-fantastica-de-valparaiso\/","og_site_name":"Valpara\u00ed\u00adso Creativo","article_published_time":"2023-07-04T01:45:16+00:00","article_modified_time":"2023-07-26T03:36:53+00:00","og_image":[{"width":1920,"height":1080,"url":"https:\/\/dev.antudigital.cl\/sites\/vc\/wp-content\/uploads\/2023\/07\/Plasma_Still.jpg","type":"image\/jpeg"}],"author":"Valpara\u00edso Creativo","twitter_card":"summary_large_image","twitter_misc":{"Escrito por":"Valpara\u00edso Creativo","Tiempo de lectura":"7 minutos"},"schema":{"@context":"https:\/\/schema.org","@graph":[{"@type":"Article","@id":"https:\/\/dev.antudigital.cl\/sites\/vc\/una-vision-fantastica-de-valparaiso\/#article","isPartOf":{"@id":"https:\/\/dev.antudigital.cl\/sites\/vc\/una-vision-fantastica-de-valparaiso\/"},"author":{"name":"Valpara\u00edso Creativo","@id":"https:\/\/dev.antudigital.cl\/sites\/vc\/#\/schema\/person\/c2b9da8dd545e27166fc5ab232837318"},"headline":"Una visi\u00f3n fant\u00e1stica de Valpara\u00edso","datePublished":"2023-07-04T01:45:16+00:00","dateModified":"2023-07-26T03:36:53+00:00","mainEntityOfPage":{"@id":"https:\/\/dev.antudigital.cl\/sites\/vc\/una-vision-fantastica-de-valparaiso\/"},"wordCount":1509,"image":{"@id":"https:\/\/dev.antudigital.cl\/sites\/vc\/una-vision-fantastica-de-valparaiso\/#primaryimage"},"thumbnailUrl":"https:\/\/dev.antudigital.cl\/sites\/vc\/wp-content\/uploads\/2023\/07\/Plasma_Still.jpg","articleSection":["Blog"],"inLanguage":"es"},{"@type":"WebPage","@id":"https:\/\/dev.antudigital.cl\/sites\/vc\/una-vision-fantastica-de-valparaiso\/","url":"https:\/\/dev.antudigital.cl\/sites\/vc\/una-vision-fantastica-de-valparaiso\/","name":"Una visi\u00f3n fant\u00e1stica de Valpara\u00edso - Valpara\u00ed\u00adso Creativo","isPartOf":{"@id":"https:\/\/dev.antudigital.cl\/sites\/vc\/#website"},"primaryImageOfPage":{"@id":"https:\/\/dev.antudigital.cl\/sites\/vc\/una-vision-fantastica-de-valparaiso\/#primaryimage"},"image":{"@id":"https:\/\/dev.antudigital.cl\/sites\/vc\/una-vision-fantastica-de-valparaiso\/#primaryimage"},"thumbnailUrl":"https:\/\/dev.antudigital.cl\/sites\/vc\/wp-content\/uploads\/2023\/07\/Plasma_Still.jpg","datePublished":"2023-07-04T01:45:16+00:00","dateModified":"2023-07-26T03:36:53+00:00","author":{"@id":"https:\/\/dev.antudigital.cl\/sites\/vc\/#\/schema\/person\/c2b9da8dd545e27166fc5ab232837318"},"breadcrumb":{"@id":"https:\/\/dev.antudigital.cl\/sites\/vc\/una-vision-fantastica-de-valparaiso\/#breadcrumb"},"inLanguage":"es","potentialAction":[{"@type":"ReadAction","target":["https:\/\/dev.antudigital.cl\/sites\/vc\/una-vision-fantastica-de-valparaiso\/"]}]},{"@type":"ImageObject","inLanguage":"es","@id":"https:\/\/dev.antudigital.cl\/sites\/vc\/una-vision-fantastica-de-valparaiso\/#primaryimage","url":"https:\/\/dev.antudigital.cl\/sites\/vc\/wp-content\/uploads\/2023\/07\/Plasma_Still.jpg","contentUrl":"https:\/\/dev.antudigital.cl\/sites\/vc\/wp-content\/uploads\/2023\/07\/Plasma_Still.jpg","width":1920,"height":1080},{"@type":"BreadcrumbList","@id":"https:\/\/dev.antudigital.cl\/sites\/vc\/una-vision-fantastica-de-valparaiso\/#breadcrumb","itemListElement":[{"@type":"ListItem","position":1,"name":"Home","item":"https:\/\/dev.antudigital.cl\/sites\/vc\/"},{"@type":"ListItem","position":2,"name":"Una visi\u00f3n fant\u00e1stica de Valpara\u00edso"}]},{"@type":"WebSite","@id":"https:\/\/dev.antudigital.cl\/sites\/vc\/#website","url":"https:\/\/dev.antudigital.cl\/sites\/vc\/","name":"Valpara\u00ed\u00adso Creativo","description":"","potentialAction":[{"@type":"SearchAction","target":{"@type":"EntryPoint","urlTemplate":"https:\/\/dev.antudigital.cl\/sites\/vc\/?s={search_term_string}"},"query-input":{"@type":"PropertyValueSpecification","valueRequired":true,"valueName":"search_term_string"}}],"inLanguage":"es"},{"@type":"Person","@id":"https:\/\/dev.antudigital.cl\/sites\/vc\/#\/schema\/person\/c2b9da8dd545e27166fc5ab232837318","name":"Valpara\u00edso Creativo","description":"Periodista de cultura en la Regi\u00f3n de Valpara\u00edso.","url":"https:\/\/dev.antudigital.cl\/sites\/vc\/author\/valpoadmin\/"}]}},"_links":{"self":[{"href":"https:\/\/dev.antudigital.cl\/sites\/vc\/wp-json\/wp\/v2\/posts\/15889","targetHints":{"allow":["GET"]}}],"collection":[{"href":"https:\/\/dev.antudigital.cl\/sites\/vc\/wp-json\/wp\/v2\/posts"}],"about":[{"href":"https:\/\/dev.antudigital.cl\/sites\/vc\/wp-json\/wp\/v2\/types\/post"}],"author":[{"embeddable":true,"href":"https:\/\/dev.antudigital.cl\/sites\/vc\/wp-json\/wp\/v2\/users\/1"}],"replies":[{"embeddable":true,"href":"https:\/\/dev.antudigital.cl\/sites\/vc\/wp-json\/wp\/v2\/comments?post=15889"}],"version-history":[{"count":1,"href":"https:\/\/dev.antudigital.cl\/sites\/vc\/wp-json\/wp\/v2\/posts\/15889\/revisions"}],"predecessor-version":[{"id":15893,"href":"https:\/\/dev.antudigital.cl\/sites\/vc\/wp-json\/wp\/v2\/posts\/15889\/revisions\/15893"}],"wp:featuredmedia":[{"embeddable":true,"href":"https:\/\/dev.antudigital.cl\/sites\/vc\/wp-json\/wp\/v2\/media\/15892"}],"wp:attachment":[{"href":"https:\/\/dev.antudigital.cl\/sites\/vc\/wp-json\/wp\/v2\/media?parent=15889"}],"wp:term":[{"taxonomy":"category","embeddable":true,"href":"https:\/\/dev.antudigital.cl\/sites\/vc\/wp-json\/wp\/v2\/categories?post=15889"},{"taxonomy":"post_tag","embeddable":true,"href":"https:\/\/dev.antudigital.cl\/sites\/vc\/wp-json\/wp\/v2\/tags?post=15889"}],"curies":[{"name":"wp","href":"https:\/\/api.w.org\/{rel}","templated":true}]}}