{"id":15951,"date":"2023-07-11T02:07:00","date_gmt":"2023-07-11T02:07:00","guid":{"rendered":"https:\/\/www.valparaisocreativo.cl\/?p=15951"},"modified":"2023-07-26T03:36:34","modified_gmt":"2023-07-26T03:36:34","slug":"no-te-pierdas-la-nueva-version-expovino-fiesta","status":"publish","type":"post","link":"https:\/\/dev.antudigital.cl\/sites\/vc\/no-te-pierdas-la-nueva-version-expovino-fiesta\/","title":{"rendered":"No te pierdas la nueva versi\u00f3n \u00a1Expovino + Fiesta!"},"content":{"rendered":"\n<p>&#x1f525;ExpoVino &amp; Gastronom\u00eda + Fiesta 2023&#x1f57a;<br>Parte la preventa del evento m\u00e1s esperado de la A\u00d1O!<br>Se reagend\u00f3 para el 28 y 29 de de Julio se celebrar\u00e1 la XVIII versi\u00f3n de la ExpoVino m\u00e1s grande de nuestra historia, en el Terminal de cruceros de Valpara\u00edso VTP.<\/p>\n\n\n\n<p>Su organizador, Braulio Elicer, nos comenta que \u201cTendremos m\u00e1s de 120 stands, donde se encuentran grandes vi\u00f1as, boutiques y peque\u00f1os emprendedores de vino. Tambi\u00e9n tenemos gastronom\u00eda, cerveza artesanal, destiler\u00eda chilena. Una de las grandes novedades que tenemos un sector, un pabell\u00f3n, de destiler\u00eda chilena con gin y pisco chileno, adem\u00e1s de cerveza artesanal, tambi\u00e9n chilena obviamente, y hemos llamado a este evento la exposici\u00f3n m\u00e1s grande de nuestra historia, con estos m\u00e1s de 120 stands confirmados para este evento, donde va a crecer casi el doble de lo que hemos hecho otros a\u00f1os\u201d.&nbsp;<\/p>\n\n\n\n<p>Adem\u00e1s, agrega que: \u201cEl evento tiene m\u00fasica en vivo. Va a venir la banda Puerto Group, que es toca los \u00e9xitos de los a\u00f1os 70, 80s y 90s: funky, soul, es muy entretenida. Luego viene la fiesta, tem\u00e1tica 80-90 tambi\u00e9n, que durar\u00e1 hasta las 3 de la ma\u00f1ana. La preventa es hasta el 16 de julio as\u00ed que les invitamos a asegurar su preventa. Esta entrada asegura las degustaciones que quieras dentro del evento\u201d.<\/p>\n\n\n\n<p>&#x1f929; Ser\u00e1n m\u00e1s de 100 Expositores &#x1f929;<br>&#x1f377;Vi\u00f1as de todo Chile<br>&#x1f37a;Sector de Cerveza Artesanal<br>&#x1f378;Pisco y Gin Chileno<br>&#x1f959;Grandes Restaurantes de la regi\u00f3n<br>&#x1f4a5;Productores Gourmet, quesos, charcuter\u00eda, pasteler\u00edas y artesan\u00eda regional.<\/p>\n\n\n\n<p>M\u00fasica en vivo a cargo de \u00abPuerto Grove\u00bb la tremenda banda nacional que tocar\u00e1 los mejores \u00e9xitos de los 70 al 2000<br>Y una gran fiesta con 2 ambientes y tremendos Dj Nacionales hasta las 3 am.<\/p>\n\n\n\n<p>&#x1f39f; \u00bfQu\u00e9 incluye tu ticket? &#x1f39f;<\/p>\n\n\n\n<p>&#x1f377;La copa Expovino, con la que podr\u00e1s degustar tus vinos, gin, pisco y cervezas favoritas.<br>&#x1f538;Dj Set \u00b7 con 2 ambientes incre\u00edbles<br>&#x1f538;M\u00fasica en vivo \u201cPuerto Grove\u201d<br>&#x1f538;Podr\u00e1s participar de entretenidas catas de cervezas, gin, cocteler\u00eda y vinos.<br>&#x1f538;Gran Patio de Comidas<br>&#x1f538;Activaciones de marcas, concursos y regalo de los Stand.<\/p>\n\n\n\n<p>&#x1f39f;Valor PREVENTA: $19.000 pesos (hasta el 17 de Julio) + cargo por servicio<\/p>\n\n\n\n<p>&#x1f39f;Valor normal y puerta: $25.000 pesos<\/p>\n\n\n\n<p>&#x1f4c6; Entrada v\u00e1lida para un d\u00eda de evento, desde las 19:00<\/p>\n\n\n\n<p>&#x23f0;19:00 Cata de Vinos, Cervezas y Licores Premium<br>&#x23f0;23:00 M\u00fasica en vivo<br>&#x23f0;00:00 Fiesta ExpoVino<\/p>\n\n\n\n<p>&#x1f4cd;Terminal de Cruceros de Valpara\u00edso<\/p>\n\n\n\n<p>&#x1f686; Acceso peatonal directo por Estaci\u00f3n de Metro Francia por av. Errazuriz<br>&#x1f697; Estacionamiento privado, Valor $3.000 (Si vas a beber NO MANEJES)<br>&#x274c; Prohibido el Ingreso de alimentos y bebidas<br>&#x1f6ab; Evento para mayores de 18 a\u00f1os<\/p>\n\n\n\n<p>Compra tu entrada en el siguiente enlace: <a href=\"https:\/\/vesti.cl\/company\/e-y-v-producciones\">https:\/\/vesti.cl\/company\/e-y-v-producciones<\/a><\/p>\n\n\n\n<figure class=\"wp-block-image size-full\"><img fetchpriority=\"high\" decoding=\"async\" width=\"605\" height=\"605\" src=\"https:\/\/www.valparaisocreativo.cl\/wp-content\/uploads\/2023\/07\/Captura-de-Pantalla-2023-07-10-a-las-21.58.08.png\" alt=\"\" class=\"wp-image-15953\" srcset=\"https:\/\/dev.antudigital.cl\/sites\/vc\/wp-content\/uploads\/2023\/07\/Captura-de-Pantalla-2023-07-10-a-las-21.58.08.png 605w, https:\/\/dev.antudigital.cl\/sites\/vc\/wp-content\/uploads\/2023\/07\/Captura-de-Pantalla-2023-07-10-a-las-21.58.08-300x300.png 300w, https:\/\/dev.antudigital.cl\/sites\/vc\/wp-content\/uploads\/2023\/07\/Captura-de-Pantalla-2023-07-10-a-las-21.58.08-150x150.png 150w, https:\/\/dev.antudigital.cl\/sites\/vc\/wp-content\/uploads\/2023\/07\/Captura-de-Pantalla-2023-07-10-a-las-21.58.08-480x480.png 480w, https:\/\/dev.antudigital.cl\/sites\/vc\/wp-content\/uploads\/2023\/07\/Captura-de-Pantalla-2023-07-10-a-las-21.58.08-24x24.png 24w, https:\/\/dev.antudigital.cl\/sites\/vc\/wp-content\/uploads\/2023\/07\/Captura-de-Pantalla-2023-07-10-a-las-21.58.08-36x36.png 36w, https:\/\/dev.antudigital.cl\/sites\/vc\/wp-content\/uploads\/2023\/07\/Captura-de-Pantalla-2023-07-10-a-las-21.58.08-48x48.png 48w\" sizes=\"(max-width: 605px) 100vw, 605px\" \/><\/figure>\n","protected":false},"excerpt":{"rendered":"<p>&#x1f525;ExpoVino &amp; Gastronom\u00eda + Fiesta 2023&#x1f57a;Parte la preventa del evento m\u00e1s esperado de la A\u00d1O!Se reagend\u00f3 para el 28 y 29 de de Julio se celebrar\u00e1 la XVIII versi\u00f3n de la ExpoVino m\u00e1s grande de nuestra historia, en el Terminal de cruceros de Valpara\u00edso VTP. Su organizador, Braulio Elicer, nos comenta que \u201cTendremos m\u00e1s de [&hellip;]<\/p>\n","protected":false},"author":1,"featured_media":15952,"comment_status":"closed","ping_status":"closed","sticky":false,"template":"","format":"standard","meta":{"_acf_changed":false,"footnotes":""},"categories":[1],"tags":[],"class_list":["post-15951","post","type-post","status-publish","format-standard","has-post-thumbnail","hentry","category-uncategorized"],"acf":[],"yoast_head":"<!-- This site is optimized with the Yoast SEO plugin v27.1.1 - https:\/\/yoast.com\/product\/yoast-seo-wordpress\/ -->\n<title>No te pierdas la nueva versi\u00f3n \u00a1Expovino + Fiesta! - Valpara\u00ed\u00adso Creativo<\/title>\n<meta name=\"robots\" content=\"index, follow, max-snippet:-1, max-image-preview:large, max-video-preview:-1\" \/>\n<link rel=\"canonical\" href=\"https:\/\/dev.antudigital.cl\/sites\/vc\/no-te-pierdas-la-nueva-version-expovino-fiesta\/\" \/>\n<meta property=\"og:locale\" content=\"es_ES\" \/>\n<meta property=\"og:type\" content=\"article\" \/>\n<meta property=\"og:title\" content=\"No te pierdas la nueva versi\u00f3n \u00a1Expovino + Fiesta! - Valpara\u00ed\u00adso Creativo\" \/>\n<meta property=\"og:description\" content=\"&#x1f525;ExpoVino &amp; Gastronom\u00eda + Fiesta 2023&#x1f57a;Parte la preventa del evento m\u00e1s esperado de la A\u00d1O!Se reagend\u00f3 para el 28 y 29 de de Julio se celebrar\u00e1 la XVIII versi\u00f3n de la ExpoVino m\u00e1s grande de nuestra historia, en el Terminal de cruceros de Valpara\u00edso VTP. Su organizador, Braulio Elicer, nos comenta que \u201cTendremos m\u00e1s de [&hellip;]\" \/>\n<meta property=\"og:url\" content=\"https:\/\/dev.antudigital.cl\/sites\/vc\/no-te-pierdas-la-nueva-version-expovino-fiesta\/\" \/>\n<meta property=\"og:site_name\" content=\"Valpara\u00ed\u00adso Creativo\" \/>\n<meta property=\"article:published_time\" content=\"2023-07-11T02:07:00+00:00\" \/>\n<meta property=\"article:modified_time\" content=\"2023-07-26T03:36:34+00:00\" \/>\n<meta property=\"og:image\" content=\"https:\/\/dev.antudigital.cl\/sites\/vc\/wp-content\/uploads\/2023\/07\/Captura-de-Pantalla-2023-07-10-a-las-22.04.28.png\" \/>\n\t<meta property=\"og:image:width\" content=\"806\" \/>\n\t<meta property=\"og:image:height\" content=\"362\" \/>\n\t<meta property=\"og:image:type\" content=\"image\/png\" \/>\n<meta name=\"author\" content=\"Valpara\u00edso Creativo\" \/>\n<meta name=\"twitter:card\" content=\"summary_large_image\" \/>\n<meta name=\"twitter:label1\" content=\"Escrito por\" \/>\n\t<meta name=\"twitter:data1\" content=\"Valpara\u00edso Creativo\" \/>\n\t<meta name=\"twitter:label2\" content=\"Tiempo de lectura\" \/>\n\t<meta name=\"twitter:data2\" content=\"3 minutos\" \/>\n<script type=\"application\/ld+json\" class=\"yoast-schema-graph\">{\"@context\":\"https:\/\/schema.org\",\"@graph\":[{\"@type\":\"Article\",\"@id\":\"https:\/\/dev.antudigital.cl\/sites\/vc\/no-te-pierdas-la-nueva-version-expovino-fiesta\/#article\",\"isPartOf\":{\"@id\":\"https:\/\/dev.antudigital.cl\/sites\/vc\/no-te-pierdas-la-nueva-version-expovino-fiesta\/\"},\"author\":{\"name\":\"Valpara\u00edso Creativo\",\"@id\":\"https:\/\/dev.antudigital.cl\/sites\/vc\/#\/schema\/person\/c2b9da8dd545e27166fc5ab232837318\"},\"headline\":\"No te pierdas la nueva versi\u00f3n \u00a1Expovino + Fiesta!\",\"datePublished\":\"2023-07-11T02:07:00+00:00\",\"dateModified\":\"2023-07-26T03:36:34+00:00\",\"mainEntityOfPage\":{\"@id\":\"https:\/\/dev.antudigital.cl\/sites\/vc\/no-te-pierdas-la-nueva-version-expovino-fiesta\/\"},\"wordCount\":526,\"image\":{\"@id\":\"https:\/\/dev.antudigital.cl\/sites\/vc\/no-te-pierdas-la-nueva-version-expovino-fiesta\/#primaryimage\"},\"thumbnailUrl\":\"https:\/\/dev.antudigital.cl\/sites\/vc\/wp-content\/uploads\/2023\/07\/Captura-de-Pantalla-2023-07-10-a-las-22.04.28.png\",\"articleSection\":[\"Uncategorized\"],\"inLanguage\":\"es\"},{\"@type\":\"WebPage\",\"@id\":\"https:\/\/dev.antudigital.cl\/sites\/vc\/no-te-pierdas-la-nueva-version-expovino-fiesta\/\",\"url\":\"https:\/\/dev.antudigital.cl\/sites\/vc\/no-te-pierdas-la-nueva-version-expovino-fiesta\/\",\"name\":\"No te pierdas la nueva versi\u00f3n \u00a1Expovino + Fiesta! - Valpara\u00ed\u00adso Creativo\",\"isPartOf\":{\"@id\":\"https:\/\/dev.antudigital.cl\/sites\/vc\/#website\"},\"primaryImageOfPage\":{\"@id\":\"https:\/\/dev.antudigital.cl\/sites\/vc\/no-te-pierdas-la-nueva-version-expovino-fiesta\/#primaryimage\"},\"image\":{\"@id\":\"https:\/\/dev.antudigital.cl\/sites\/vc\/no-te-pierdas-la-nueva-version-expovino-fiesta\/#primaryimage\"},\"thumbnailUrl\":\"https:\/\/dev.antudigital.cl\/sites\/vc\/wp-content\/uploads\/2023\/07\/Captura-de-Pantalla-2023-07-10-a-las-22.04.28.png\",\"datePublished\":\"2023-07-11T02:07:00+00:00\",\"dateModified\":\"2023-07-26T03:36:34+00:00\",\"author\":{\"@id\":\"https:\/\/dev.antudigital.cl\/sites\/vc\/#\/schema\/person\/c2b9da8dd545e27166fc5ab232837318\"},\"breadcrumb\":{\"@id\":\"https:\/\/dev.antudigital.cl\/sites\/vc\/no-te-pierdas-la-nueva-version-expovino-fiesta\/#breadcrumb\"},\"inLanguage\":\"es\",\"potentialAction\":[{\"@type\":\"ReadAction\",\"target\":[\"https:\/\/dev.antudigital.cl\/sites\/vc\/no-te-pierdas-la-nueva-version-expovino-fiesta\/\"]}]},{\"@type\":\"ImageObject\",\"inLanguage\":\"es\",\"@id\":\"https:\/\/dev.antudigital.cl\/sites\/vc\/no-te-pierdas-la-nueva-version-expovino-fiesta\/#primaryimage\",\"url\":\"https:\/\/dev.antudigital.cl\/sites\/vc\/wp-content\/uploads\/2023\/07\/Captura-de-Pantalla-2023-07-10-a-las-22.04.28.png\",\"contentUrl\":\"https:\/\/dev.antudigital.cl\/sites\/vc\/wp-content\/uploads\/2023\/07\/Captura-de-Pantalla-2023-07-10-a-las-22.04.28.png\",\"width\":806,\"height\":362},{\"@type\":\"BreadcrumbList\",\"@id\":\"https:\/\/dev.antudigital.cl\/sites\/vc\/no-te-pierdas-la-nueva-version-expovino-fiesta\/#breadcrumb\",\"itemListElement\":[{\"@type\":\"ListItem\",\"position\":1,\"name\":\"Home\",\"item\":\"https:\/\/dev.antudigital.cl\/sites\/vc\/\"},{\"@type\":\"ListItem\",\"position\":2,\"name\":\"No te pierdas la nueva versi\u00f3n \u00a1Expovino + Fiesta!\"}]},{\"@type\":\"WebSite\",\"@id\":\"https:\/\/dev.antudigital.cl\/sites\/vc\/#website\",\"url\":\"https:\/\/dev.antudigital.cl\/sites\/vc\/\",\"name\":\"Valpara\u00ed\u00adso Creativo\",\"description\":\"\",\"potentialAction\":[{\"@type\":\"SearchAction\",\"target\":{\"@type\":\"EntryPoint\",\"urlTemplate\":\"https:\/\/dev.antudigital.cl\/sites\/vc\/?s={search_term_string}\"},\"query-input\":{\"@type\":\"PropertyValueSpecification\",\"valueRequired\":true,\"valueName\":\"search_term_string\"}}],\"inLanguage\":\"es\"},{\"@type\":\"Person\",\"@id\":\"https:\/\/dev.antudigital.cl\/sites\/vc\/#\/schema\/person\/c2b9da8dd545e27166fc5ab232837318\",\"name\":\"Valpara\u00edso Creativo\",\"description\":\"Periodista de cultura en la Regi\u00f3n de Valpara\u00edso.\",\"url\":\"https:\/\/dev.antudigital.cl\/sites\/vc\/author\/valpoadmin\/\"}]}<\/script>\n<!-- \/ Yoast SEO plugin. -->","yoast_head_json":{"title":"No te pierdas la nueva versi\u00f3n \u00a1Expovino + Fiesta! - Valpara\u00ed\u00adso Creativo","robots":{"index":"index","follow":"follow","max-snippet":"max-snippet:-1","max-image-preview":"max-image-preview:large","max-video-preview":"max-video-preview:-1"},"canonical":"https:\/\/dev.antudigital.cl\/sites\/vc\/no-te-pierdas-la-nueva-version-expovino-fiesta\/","og_locale":"es_ES","og_type":"article","og_title":"No te pierdas la nueva versi\u00f3n \u00a1Expovino + Fiesta! - Valpara\u00ed\u00adso Creativo","og_description":"&#x1f525;ExpoVino &amp; Gastronom\u00eda + Fiesta 2023&#x1f57a;Parte la preventa del evento m\u00e1s esperado de la A\u00d1O!Se reagend\u00f3 para el 28 y 29 de de Julio se celebrar\u00e1 la XVIII versi\u00f3n de la ExpoVino m\u00e1s grande de nuestra historia, en el Terminal de cruceros de Valpara\u00edso VTP. Su organizador, Braulio Elicer, nos comenta que \u201cTendremos m\u00e1s de [&hellip;]","og_url":"https:\/\/dev.antudigital.cl\/sites\/vc\/no-te-pierdas-la-nueva-version-expovino-fiesta\/","og_site_name":"Valpara\u00ed\u00adso Creativo","article_published_time":"2023-07-11T02:07:00+00:00","article_modified_time":"2023-07-26T03:36:34+00:00","og_image":[{"width":806,"height":362,"url":"https:\/\/dev.antudigital.cl\/sites\/vc\/wp-content\/uploads\/2023\/07\/Captura-de-Pantalla-2023-07-10-a-las-22.04.28.png","type":"image\/png"}],"author":"Valpara\u00edso Creativo","twitter_card":"summary_large_image","twitter_misc":{"Escrito por":"Valpara\u00edso Creativo","Tiempo de lectura":"3 minutos"},"schema":{"@context":"https:\/\/schema.org","@graph":[{"@type":"Article","@id":"https:\/\/dev.antudigital.cl\/sites\/vc\/no-te-pierdas-la-nueva-version-expovino-fiesta\/#article","isPartOf":{"@id":"https:\/\/dev.antudigital.cl\/sites\/vc\/no-te-pierdas-la-nueva-version-expovino-fiesta\/"},"author":{"name":"Valpara\u00edso Creativo","@id":"https:\/\/dev.antudigital.cl\/sites\/vc\/#\/schema\/person\/c2b9da8dd545e27166fc5ab232837318"},"headline":"No te pierdas la nueva versi\u00f3n \u00a1Expovino + Fiesta!","datePublished":"2023-07-11T02:07:00+00:00","dateModified":"2023-07-26T03:36:34+00:00","mainEntityOfPage":{"@id":"https:\/\/dev.antudigital.cl\/sites\/vc\/no-te-pierdas-la-nueva-version-expovino-fiesta\/"},"wordCount":526,"image":{"@id":"https:\/\/dev.antudigital.cl\/sites\/vc\/no-te-pierdas-la-nueva-version-expovino-fiesta\/#primaryimage"},"thumbnailUrl":"https:\/\/dev.antudigital.cl\/sites\/vc\/wp-content\/uploads\/2023\/07\/Captura-de-Pantalla-2023-07-10-a-las-22.04.28.png","articleSection":["Uncategorized"],"inLanguage":"es"},{"@type":"WebPage","@id":"https:\/\/dev.antudigital.cl\/sites\/vc\/no-te-pierdas-la-nueva-version-expovino-fiesta\/","url":"https:\/\/dev.antudigital.cl\/sites\/vc\/no-te-pierdas-la-nueva-version-expovino-fiesta\/","name":"No te pierdas la nueva versi\u00f3n \u00a1Expovino + Fiesta! - Valpara\u00ed\u00adso Creativo","isPartOf":{"@id":"https:\/\/dev.antudigital.cl\/sites\/vc\/#website"},"primaryImageOfPage":{"@id":"https:\/\/dev.antudigital.cl\/sites\/vc\/no-te-pierdas-la-nueva-version-expovino-fiesta\/#primaryimage"},"image":{"@id":"https:\/\/dev.antudigital.cl\/sites\/vc\/no-te-pierdas-la-nueva-version-expovino-fiesta\/#primaryimage"},"thumbnailUrl":"https:\/\/dev.antudigital.cl\/sites\/vc\/wp-content\/uploads\/2023\/07\/Captura-de-Pantalla-2023-07-10-a-las-22.04.28.png","datePublished":"2023-07-11T02:07:00+00:00","dateModified":"2023-07-26T03:36:34+00:00","author":{"@id":"https:\/\/dev.antudigital.cl\/sites\/vc\/#\/schema\/person\/c2b9da8dd545e27166fc5ab232837318"},"breadcrumb":{"@id":"https:\/\/dev.antudigital.cl\/sites\/vc\/no-te-pierdas-la-nueva-version-expovino-fiesta\/#breadcrumb"},"inLanguage":"es","potentialAction":[{"@type":"ReadAction","target":["https:\/\/dev.antudigital.cl\/sites\/vc\/no-te-pierdas-la-nueva-version-expovino-fiesta\/"]}]},{"@type":"ImageObject","inLanguage":"es","@id":"https:\/\/dev.antudigital.cl\/sites\/vc\/no-te-pierdas-la-nueva-version-expovino-fiesta\/#primaryimage","url":"https:\/\/dev.antudigital.cl\/sites\/vc\/wp-content\/uploads\/2023\/07\/Captura-de-Pantalla-2023-07-10-a-las-22.04.28.png","contentUrl":"https:\/\/dev.antudigital.cl\/sites\/vc\/wp-content\/uploads\/2023\/07\/Captura-de-Pantalla-2023-07-10-a-las-22.04.28.png","width":806,"height":362},{"@type":"BreadcrumbList","@id":"https:\/\/dev.antudigital.cl\/sites\/vc\/no-te-pierdas-la-nueva-version-expovino-fiesta\/#breadcrumb","itemListElement":[{"@type":"ListItem","position":1,"name":"Home","item":"https:\/\/dev.antudigital.cl\/sites\/vc\/"},{"@type":"ListItem","position":2,"name":"No te pierdas la nueva versi\u00f3n \u00a1Expovino + Fiesta!"}]},{"@type":"WebSite","@id":"https:\/\/dev.antudigital.cl\/sites\/vc\/#website","url":"https:\/\/dev.antudigital.cl\/sites\/vc\/","name":"Valpara\u00ed\u00adso Creativo","description":"","potentialAction":[{"@type":"SearchAction","target":{"@type":"EntryPoint","urlTemplate":"https:\/\/dev.antudigital.cl\/sites\/vc\/?s={search_term_string}"},"query-input":{"@type":"PropertyValueSpecification","valueRequired":true,"valueName":"search_term_string"}}],"inLanguage":"es"},{"@type":"Person","@id":"https:\/\/dev.antudigital.cl\/sites\/vc\/#\/schema\/person\/c2b9da8dd545e27166fc5ab232837318","name":"Valpara\u00edso Creativo","description":"Periodista de cultura en la Regi\u00f3n de Valpara\u00edso.","url":"https:\/\/dev.antudigital.cl\/sites\/vc\/author\/valpoadmin\/"}]}},"_links":{"self":[{"href":"https:\/\/dev.antudigital.cl\/sites\/vc\/wp-json\/wp\/v2\/posts\/15951","targetHints":{"allow":["GET"]}}],"collection":[{"href":"https:\/\/dev.antudigital.cl\/sites\/vc\/wp-json\/wp\/v2\/posts"}],"about":[{"href":"https:\/\/dev.antudigital.cl\/sites\/vc\/wp-json\/wp\/v2\/types\/post"}],"author":[{"embeddable":true,"href":"https:\/\/dev.antudigital.cl\/sites\/vc\/wp-json\/wp\/v2\/users\/1"}],"replies":[{"embeddable":true,"href":"https:\/\/dev.antudigital.cl\/sites\/vc\/wp-json\/wp\/v2\/comments?post=15951"}],"version-history":[{"count":3,"href":"https:\/\/dev.antudigital.cl\/sites\/vc\/wp-json\/wp\/v2\/posts\/15951\/revisions"}],"predecessor-version":[{"id":15997,"href":"https:\/\/dev.antudigital.cl\/sites\/vc\/wp-json\/wp\/v2\/posts\/15951\/revisions\/15997"}],"wp:featuredmedia":[{"embeddable":true,"href":"https:\/\/dev.antudigital.cl\/sites\/vc\/wp-json\/wp\/v2\/media\/15952"}],"wp:attachment":[{"href":"https:\/\/dev.antudigital.cl\/sites\/vc\/wp-json\/wp\/v2\/media?parent=15951"}],"wp:term":[{"taxonomy":"category","embeddable":true,"href":"https:\/\/dev.antudigital.cl\/sites\/vc\/wp-json\/wp\/v2\/categories?post=15951"},{"taxonomy":"post_tag","embeddable":true,"href":"https:\/\/dev.antudigital.cl\/sites\/vc\/wp-json\/wp\/v2\/tags?post=15951"}],"curies":[{"name":"wp","href":"https:\/\/api.w.org\/{rel}","templated":true}]}}