{"id":15956,"date":"2023-07-11T02:31:25","date_gmt":"2023-07-11T02:31:25","guid":{"rendered":"https:\/\/www.valparaisocreativo.cl\/?p=15956"},"modified":"2023-07-26T03:36:31","modified_gmt":"2023-07-26T03:36:31","slug":"ministerio-de-las-culturas-las-artes-y-el-patrimonio-anuncia-apertura-de-la-convocatoria-de-nuevo-programa-de-ecosistemas-creativos","status":"publish","type":"post","link":"https:\/\/dev.antudigital.cl\/sites\/vc\/ministerio-de-las-culturas-las-artes-y-el-patrimonio-anuncia-apertura-de-la-convocatoria-de-nuevo-programa-de-ecosistemas-creativos\/","title":{"rendered":"Ministerio de las Culturas, las Artes y el Patrimonio anuncia apertura de la convocatoria de nuevo programa de ecosistemas creativos."},"content":{"rendered":"\n<p><strong>La convocatoria \u201cActivaci\u00f3n de Ecosistemas Creativos Territoriales: Fortalecimiento de Ferias, Festivales, Encuentros y Mercados de la Econom\u00eda Creativa\u201d est\u00e1 enfocada en el fortalecimiento de las instancias que re\u00fanen a las distintas disciplinas de las econom\u00edas creativas y otros sectores art\u00edsticos.<\/strong><\/p>\n\n\n\n<p>Hasta el 28 de julio, a las 17:00 horas, estar\u00e1 abierta la primera convocatoria para el Programa de Ecosistemas Creativos del Ministerio de las Culturas, las Artes y el Patrimonio, y que se refiere a la convocatoria&nbsp;\u201cActivaci\u00f3n de Ecosistemas Creativos Territoriales: Fortalecimiento de Ferias, Festivales, Encuentros y Mercados de la Econom\u00eda Creativa\u201d.&nbsp;<strong>Toda la informaci\u00f3n en la p\u00e1gina del Programa en&nbsp;<a href=\"https:\/\/ec.cultura.gob.cl\/ecosistemas-creativos\">este enlace<\/a>.<\/strong><\/p>\n\n\n\n<p>Esta activaci\u00f3n, que busca fortalecer ferias, festivales, encuentros y mercados de la econom\u00eda creativa, est\u00e1 enfocada en el financiamiento total o parcial de acciones interdisciplinares y\/o intersectoriales en todo el territorio, a fin de potenciar el desarrollo econ\u00f3mico, el impacto comunitario y el fortalecimiento de los ecosistemas creativos locales.<\/p>\n\n\n\n<p>En particular, se busca financiar total o parcialmente,&nbsp;<strong>actividades complementarias en instancias como festivales, ferias, encuentros, mercados u otras similares<\/strong>&nbsp;que se desarrollen en las diferentes regiones de Chile, en el campo de la econom\u00eda creativa.<\/p>\n\n\n\n<p>Se pretende beneficiar el desarrollo e impacto de, por ejemplo, festivales de m\u00fasica, de artes esc\u00e9nicas, de cine, encuentros y mercados del sector cultural, ferias del libro, de artesan\u00eda, m\u00fasica, dise\u00f1o, entre otras instancias que incorporen disciplinas como el dise\u00f1o, artesan\u00eda, arquitectura, m\u00fasica, libro y lectura, artes esc\u00e9nicas, audiovisual, artes de la visualidad, y que se vinculen con otros sectores productivos como el turismo, la gastronom\u00eda, el deporte, la salud, entre muchos otros.<\/p>\n\n\n\n<p>Este programa busca promover el trabajo&nbsp;<strong>interdisciplinar<\/strong>, entendi\u00e9ndolo como los procesos de dise\u00f1o y trabajo coordinado entre dos o m\u00e1s disciplinas art\u00edsticas de la econom\u00eda creativa, y, tambi\u00e9n, el trabajo&nbsp;<strong>intersectorial<\/strong>, entendi\u00e9ndolo como aquellos procesos de dise\u00f1o y trabajo coordinado con otros sectores productivos distintos al sector de las culturas, las artes y el patrimonio. Esto permite mejorar la sostenibilidad y crecimiento org\u00e1nico en la actividad cultural realizada por agentes culturales nacionales, y aumentar su participaci\u00f3n, implicancia e impacto en el desarrollo creativo, art\u00edstico y cultural de las comunidades en donde se insertan<\/p>\n\n\n\n<p>El presupuesto del programa es de&nbsp;<strong>$736.000.000.-&nbsp;<\/strong>(setecientos treinta y seis millones de pesos chilenos), que corresponden al a\u00f1o 2023 para el financiamiento total o parcial de los proyectos seleccionados en esta convocatoria. El monto m\u00e1ximo de por cada proyecto seleccionado es de&nbsp;<strong>$23.000.000<\/strong>.- (veintitr\u00e9s millones de pesos chilenos).<\/p>\n\n\n\n<p>Las organizaciones que quieran postular deber\u00e1n tener a su cargo la organizaci\u00f3n de un festival, feria, encuentro, mercado o actividad similar de la econom\u00eda creativa&nbsp;<strong>a realizarse entre septiembre de 2023 y agosto de 2024,<\/strong>&nbsp;o contar con el patrocinio de una. Las organizaciones, adem\u00e1s, deben estar inscritas en el&nbsp;<strong>Registro Nacional de Agentes Culturales, Art\u00edsticos y Patrimoniales<\/strong>&nbsp;del Ministerio de las Culturas, las Artes y el Patrimonio (RAC).<\/p>\n\n\n\n<p>Solo podr\u00e1n postular personas jur\u00eddicas chilenas de derecho p\u00fablico o privado, con o sin fines de lucro, y quedan expresamente excluidas las sociedades de hecho. El festival, feria, encuentro, mercado o instancia similar de la econom\u00eda creativa que se busca complementar deber\u00e1 tener una trayectoria de, al menos, 5 versiones para la Regi\u00f3n Metropolitana y de Valpara\u00edso, y de al menos 3 versiones para el resto de las regiones.<\/p>\n\n\n\n<p>Tanto el programa en general, como la convocatoria en espec\u00edfico, buscan potenciar proyectos con enfoque territorial, es decir, que incluyan actividades que aporten a la integraci\u00f3n social y fortalezcan las identidades territoriales y diversidades culturales de la localidad en la cual se desarrollan.<\/p>\n\n\n\n<p><strong>Para postular<\/strong><\/p>\n\n\n\n<p>-Ingresar al sitio&nbsp;<strong><a href=\"https:\/\/ec.cultura.gob.cl\/ecosistemas-creativos\">https:\/\/ec.cultura.gob.cl\/ecosistemas-creativos<\/a><\/strong><br>-Verificar si est\u00e1s inscrito o necesitar activar o actualizar tus datos en el&nbsp;<strong>Registro Nacional de Agentes Culturales, Art\u00edsticos y Patrimoniales<\/strong>&nbsp;del Ministerio de las Culturas, las Artes y el Patrimonio (RAC).<br>-Posteriormente te podr\u00e1s dirigir al&nbsp;<strong>Sistema Cuenta Cultura<\/strong>&nbsp;y generar tu postulaci\u00f3n para esta convocatoria.<\/p>\n","protected":false},"excerpt":{"rendered":"<p>La convocatoria \u201cActivaci\u00f3n de Ecosistemas Creativos Territoriales: Fortalecimiento de Ferias, Festivales, Encuentros y Mercados de la Econom\u00eda Creativa\u201d est\u00e1 enfocada en el fortalecimiento de las instancias que re\u00fanen a las distintas disciplinas de las econom\u00edas creativas y otros sectores art\u00edsticos. Hasta el 28 de julio, a las 17:00 horas, estar\u00e1 abierta la primera convocatoria para [&hellip;]<\/p>\n","protected":false},"author":1,"featured_media":15957,"comment_status":"closed","ping_status":"closed","sticky":false,"template":"","format":"standard","meta":{"_acf_changed":false,"footnotes":""},"categories":[8],"tags":[],"class_list":["post-15956","post","type-post","status-publish","format-standard","has-post-thumbnail","hentry","category-noticia"],"acf":[],"yoast_head":"<!-- This site is optimized with the Yoast SEO plugin v27.1.1 - https:\/\/yoast.com\/product\/yoast-seo-wordpress\/ -->\n<title>Ministerio de las Culturas, las Artes y el Patrimonio anuncia apertura de la convocatoria de nuevo programa de ecosistemas creativos. - Valpara\u00ed\u00adso Creativo<\/title>\n<meta name=\"robots\" content=\"index, follow, max-snippet:-1, max-image-preview:large, max-video-preview:-1\" \/>\n<link rel=\"canonical\" href=\"https:\/\/dev.antudigital.cl\/sites\/vc\/ministerio-de-las-culturas-las-artes-y-el-patrimonio-anuncia-apertura-de-la-convocatoria-de-nuevo-programa-de-ecosistemas-creativos\/\" \/>\n<meta property=\"og:locale\" content=\"es_ES\" \/>\n<meta property=\"og:type\" content=\"article\" \/>\n<meta property=\"og:title\" content=\"Ministerio de las Culturas, las Artes y el Patrimonio anuncia apertura de la convocatoria de nuevo programa de ecosistemas creativos. - Valpara\u00ed\u00adso Creativo\" \/>\n<meta property=\"og:description\" content=\"La convocatoria \u201cActivaci\u00f3n de Ecosistemas Creativos Territoriales: Fortalecimiento de Ferias, Festivales, Encuentros y Mercados de la Econom\u00eda Creativa\u201d est\u00e1 enfocada en el fortalecimiento de las instancias que re\u00fanen a las distintas disciplinas de las econom\u00edas creativas y otros sectores art\u00edsticos. Hasta el 28 de julio, a las 17:00 horas, estar\u00e1 abierta la primera convocatoria para [&hellip;]\" \/>\n<meta property=\"og:url\" content=\"https:\/\/dev.antudigital.cl\/sites\/vc\/ministerio-de-las-culturas-las-artes-y-el-patrimonio-anuncia-apertura-de-la-convocatoria-de-nuevo-programa-de-ecosistemas-creativos\/\" \/>\n<meta property=\"og:site_name\" content=\"Valpara\u00ed\u00adso Creativo\" \/>\n<meta property=\"article:published_time\" content=\"2023-07-11T02:31:25+00:00\" \/>\n<meta property=\"article:modified_time\" content=\"2023-07-26T03:36:31+00:00\" \/>\n<meta property=\"og:image\" content=\"https:\/\/dev.antudigital.cl\/sites\/vc\/wp-content\/uploads\/2023\/07\/Captura-de-Pantalla-2023-07-10-a-las-22.27.53.png\" \/>\n\t<meta property=\"og:image:width\" content=\"1183\" \/>\n\t<meta property=\"og:image:height\" content=\"542\" \/>\n\t<meta property=\"og:image:type\" content=\"image\/png\" \/>\n<meta name=\"author\" content=\"Valpara\u00edso Creativo\" \/>\n<meta name=\"twitter:card\" content=\"summary_large_image\" \/>\n<meta name=\"twitter:label1\" content=\"Escrito por\" \/>\n\t<meta name=\"twitter:data1\" content=\"Valpara\u00edso Creativo\" \/>\n\t<meta name=\"twitter:label2\" content=\"Tiempo de lectura\" \/>\n\t<meta name=\"twitter:data2\" content=\"3 minutos\" \/>\n<script type=\"application\/ld+json\" class=\"yoast-schema-graph\">{\"@context\":\"https:\/\/schema.org\",\"@graph\":[{\"@type\":\"Article\",\"@id\":\"https:\/\/dev.antudigital.cl\/sites\/vc\/ministerio-de-las-culturas-las-artes-y-el-patrimonio-anuncia-apertura-de-la-convocatoria-de-nuevo-programa-de-ecosistemas-creativos\/#article\",\"isPartOf\":{\"@id\":\"https:\/\/dev.antudigital.cl\/sites\/vc\/ministerio-de-las-culturas-las-artes-y-el-patrimonio-anuncia-apertura-de-la-convocatoria-de-nuevo-programa-de-ecosistemas-creativos\/\"},\"author\":{\"name\":\"Valpara\u00edso Creativo\",\"@id\":\"https:\/\/dev.antudigital.cl\/sites\/vc\/#\/schema\/person\/c2b9da8dd545e27166fc5ab232837318\"},\"headline\":\"Ministerio de las Culturas, las Artes y el Patrimonio anuncia apertura de la convocatoria de nuevo programa de ecosistemas creativos.\",\"datePublished\":\"2023-07-11T02:31:25+00:00\",\"dateModified\":\"2023-07-26T03:36:31+00:00\",\"mainEntityOfPage\":{\"@id\":\"https:\/\/dev.antudigital.cl\/sites\/vc\/ministerio-de-las-culturas-las-artes-y-el-patrimonio-anuncia-apertura-de-la-convocatoria-de-nuevo-programa-de-ecosistemas-creativos\/\"},\"wordCount\":730,\"image\":{\"@id\":\"https:\/\/dev.antudigital.cl\/sites\/vc\/ministerio-de-las-culturas-las-artes-y-el-patrimonio-anuncia-apertura-de-la-convocatoria-de-nuevo-programa-de-ecosistemas-creativos\/#primaryimage\"},\"thumbnailUrl\":\"https:\/\/dev.antudigital.cl\/sites\/vc\/wp-content\/uploads\/2023\/07\/Captura-de-Pantalla-2023-07-10-a-las-22.27.53.png\",\"articleSection\":[\"Noticia\"],\"inLanguage\":\"es\"},{\"@type\":\"WebPage\",\"@id\":\"https:\/\/dev.antudigital.cl\/sites\/vc\/ministerio-de-las-culturas-las-artes-y-el-patrimonio-anuncia-apertura-de-la-convocatoria-de-nuevo-programa-de-ecosistemas-creativos\/\",\"url\":\"https:\/\/dev.antudigital.cl\/sites\/vc\/ministerio-de-las-culturas-las-artes-y-el-patrimonio-anuncia-apertura-de-la-convocatoria-de-nuevo-programa-de-ecosistemas-creativos\/\",\"name\":\"Ministerio de las Culturas, las Artes y el Patrimonio anuncia apertura de la convocatoria de nuevo programa de ecosistemas creativos. - Valpara\u00ed\u00adso Creativo\",\"isPartOf\":{\"@id\":\"https:\/\/dev.antudigital.cl\/sites\/vc\/#website\"},\"primaryImageOfPage\":{\"@id\":\"https:\/\/dev.antudigital.cl\/sites\/vc\/ministerio-de-las-culturas-las-artes-y-el-patrimonio-anuncia-apertura-de-la-convocatoria-de-nuevo-programa-de-ecosistemas-creativos\/#primaryimage\"},\"image\":{\"@id\":\"https:\/\/dev.antudigital.cl\/sites\/vc\/ministerio-de-las-culturas-las-artes-y-el-patrimonio-anuncia-apertura-de-la-convocatoria-de-nuevo-programa-de-ecosistemas-creativos\/#primaryimage\"},\"thumbnailUrl\":\"https:\/\/dev.antudigital.cl\/sites\/vc\/wp-content\/uploads\/2023\/07\/Captura-de-Pantalla-2023-07-10-a-las-22.27.53.png\",\"datePublished\":\"2023-07-11T02:31:25+00:00\",\"dateModified\":\"2023-07-26T03:36:31+00:00\",\"author\":{\"@id\":\"https:\/\/dev.antudigital.cl\/sites\/vc\/#\/schema\/person\/c2b9da8dd545e27166fc5ab232837318\"},\"breadcrumb\":{\"@id\":\"https:\/\/dev.antudigital.cl\/sites\/vc\/ministerio-de-las-culturas-las-artes-y-el-patrimonio-anuncia-apertura-de-la-convocatoria-de-nuevo-programa-de-ecosistemas-creativos\/#breadcrumb\"},\"inLanguage\":\"es\",\"potentialAction\":[{\"@type\":\"ReadAction\",\"target\":[\"https:\/\/dev.antudigital.cl\/sites\/vc\/ministerio-de-las-culturas-las-artes-y-el-patrimonio-anuncia-apertura-de-la-convocatoria-de-nuevo-programa-de-ecosistemas-creativos\/\"]}]},{\"@type\":\"ImageObject\",\"inLanguage\":\"es\",\"@id\":\"https:\/\/dev.antudigital.cl\/sites\/vc\/ministerio-de-las-culturas-las-artes-y-el-patrimonio-anuncia-apertura-de-la-convocatoria-de-nuevo-programa-de-ecosistemas-creativos\/#primaryimage\",\"url\":\"https:\/\/dev.antudigital.cl\/sites\/vc\/wp-content\/uploads\/2023\/07\/Captura-de-Pantalla-2023-07-10-a-las-22.27.53.png\",\"contentUrl\":\"https:\/\/dev.antudigital.cl\/sites\/vc\/wp-content\/uploads\/2023\/07\/Captura-de-Pantalla-2023-07-10-a-las-22.27.53.png\",\"width\":1183,\"height\":542},{\"@type\":\"BreadcrumbList\",\"@id\":\"https:\/\/dev.antudigital.cl\/sites\/vc\/ministerio-de-las-culturas-las-artes-y-el-patrimonio-anuncia-apertura-de-la-convocatoria-de-nuevo-programa-de-ecosistemas-creativos\/#breadcrumb\",\"itemListElement\":[{\"@type\":\"ListItem\",\"position\":1,\"name\":\"Home\",\"item\":\"https:\/\/dev.antudigital.cl\/sites\/vc\/\"},{\"@type\":\"ListItem\",\"position\":2,\"name\":\"Ministerio de las Culturas, las Artes y el Patrimonio anuncia apertura de la convocatoria de nuevo programa de ecosistemas creativos.\"}]},{\"@type\":\"WebSite\",\"@id\":\"https:\/\/dev.antudigital.cl\/sites\/vc\/#website\",\"url\":\"https:\/\/dev.antudigital.cl\/sites\/vc\/\",\"name\":\"Valpara\u00ed\u00adso Creativo\",\"description\":\"\",\"potentialAction\":[{\"@type\":\"SearchAction\",\"target\":{\"@type\":\"EntryPoint\",\"urlTemplate\":\"https:\/\/dev.antudigital.cl\/sites\/vc\/?s={search_term_string}\"},\"query-input\":{\"@type\":\"PropertyValueSpecification\",\"valueRequired\":true,\"valueName\":\"search_term_string\"}}],\"inLanguage\":\"es\"},{\"@type\":\"Person\",\"@id\":\"https:\/\/dev.antudigital.cl\/sites\/vc\/#\/schema\/person\/c2b9da8dd545e27166fc5ab232837318\",\"name\":\"Valpara\u00edso Creativo\",\"description\":\"Periodista de cultura en la Regi\u00f3n de Valpara\u00edso.\",\"url\":\"https:\/\/dev.antudigital.cl\/sites\/vc\/author\/valpoadmin\/\"}]}<\/script>\n<!-- \/ Yoast SEO plugin. -->","yoast_head_json":{"title":"Ministerio de las Culturas, las Artes y el Patrimonio anuncia apertura de la convocatoria de nuevo programa de ecosistemas creativos. - Valpara\u00ed\u00adso Creativo","robots":{"index":"index","follow":"follow","max-snippet":"max-snippet:-1","max-image-preview":"max-image-preview:large","max-video-preview":"max-video-preview:-1"},"canonical":"https:\/\/dev.antudigital.cl\/sites\/vc\/ministerio-de-las-culturas-las-artes-y-el-patrimonio-anuncia-apertura-de-la-convocatoria-de-nuevo-programa-de-ecosistemas-creativos\/","og_locale":"es_ES","og_type":"article","og_title":"Ministerio de las Culturas, las Artes y el Patrimonio anuncia apertura de la convocatoria de nuevo programa de ecosistemas creativos. - Valpara\u00ed\u00adso Creativo","og_description":"La convocatoria \u201cActivaci\u00f3n de Ecosistemas Creativos Territoriales: Fortalecimiento de Ferias, Festivales, Encuentros y Mercados de la Econom\u00eda Creativa\u201d est\u00e1 enfocada en el fortalecimiento de las instancias que re\u00fanen a las distintas disciplinas de las econom\u00edas creativas y otros sectores art\u00edsticos. Hasta el 28 de julio, a las 17:00 horas, estar\u00e1 abierta la primera convocatoria para [&hellip;]","og_url":"https:\/\/dev.antudigital.cl\/sites\/vc\/ministerio-de-las-culturas-las-artes-y-el-patrimonio-anuncia-apertura-de-la-convocatoria-de-nuevo-programa-de-ecosistemas-creativos\/","og_site_name":"Valpara\u00ed\u00adso Creativo","article_published_time":"2023-07-11T02:31:25+00:00","article_modified_time":"2023-07-26T03:36:31+00:00","og_image":[{"width":1183,"height":542,"url":"https:\/\/dev.antudigital.cl\/sites\/vc\/wp-content\/uploads\/2023\/07\/Captura-de-Pantalla-2023-07-10-a-las-22.27.53.png","type":"image\/png"}],"author":"Valpara\u00edso Creativo","twitter_card":"summary_large_image","twitter_misc":{"Escrito por":"Valpara\u00edso Creativo","Tiempo de lectura":"3 minutos"},"schema":{"@context":"https:\/\/schema.org","@graph":[{"@type":"Article","@id":"https:\/\/dev.antudigital.cl\/sites\/vc\/ministerio-de-las-culturas-las-artes-y-el-patrimonio-anuncia-apertura-de-la-convocatoria-de-nuevo-programa-de-ecosistemas-creativos\/#article","isPartOf":{"@id":"https:\/\/dev.antudigital.cl\/sites\/vc\/ministerio-de-las-culturas-las-artes-y-el-patrimonio-anuncia-apertura-de-la-convocatoria-de-nuevo-programa-de-ecosistemas-creativos\/"},"author":{"name":"Valpara\u00edso Creativo","@id":"https:\/\/dev.antudigital.cl\/sites\/vc\/#\/schema\/person\/c2b9da8dd545e27166fc5ab232837318"},"headline":"Ministerio de las Culturas, las Artes y el Patrimonio anuncia apertura de la convocatoria de nuevo programa de ecosistemas creativos.","datePublished":"2023-07-11T02:31:25+00:00","dateModified":"2023-07-26T03:36:31+00:00","mainEntityOfPage":{"@id":"https:\/\/dev.antudigital.cl\/sites\/vc\/ministerio-de-las-culturas-las-artes-y-el-patrimonio-anuncia-apertura-de-la-convocatoria-de-nuevo-programa-de-ecosistemas-creativos\/"},"wordCount":730,"image":{"@id":"https:\/\/dev.antudigital.cl\/sites\/vc\/ministerio-de-las-culturas-las-artes-y-el-patrimonio-anuncia-apertura-de-la-convocatoria-de-nuevo-programa-de-ecosistemas-creativos\/#primaryimage"},"thumbnailUrl":"https:\/\/dev.antudigital.cl\/sites\/vc\/wp-content\/uploads\/2023\/07\/Captura-de-Pantalla-2023-07-10-a-las-22.27.53.png","articleSection":["Noticia"],"inLanguage":"es"},{"@type":"WebPage","@id":"https:\/\/dev.antudigital.cl\/sites\/vc\/ministerio-de-las-culturas-las-artes-y-el-patrimonio-anuncia-apertura-de-la-convocatoria-de-nuevo-programa-de-ecosistemas-creativos\/","url":"https:\/\/dev.antudigital.cl\/sites\/vc\/ministerio-de-las-culturas-las-artes-y-el-patrimonio-anuncia-apertura-de-la-convocatoria-de-nuevo-programa-de-ecosistemas-creativos\/","name":"Ministerio de las Culturas, las Artes y el Patrimonio anuncia apertura de la convocatoria de nuevo programa de ecosistemas creativos. - Valpara\u00ed\u00adso Creativo","isPartOf":{"@id":"https:\/\/dev.antudigital.cl\/sites\/vc\/#website"},"primaryImageOfPage":{"@id":"https:\/\/dev.antudigital.cl\/sites\/vc\/ministerio-de-las-culturas-las-artes-y-el-patrimonio-anuncia-apertura-de-la-convocatoria-de-nuevo-programa-de-ecosistemas-creativos\/#primaryimage"},"image":{"@id":"https:\/\/dev.antudigital.cl\/sites\/vc\/ministerio-de-las-culturas-las-artes-y-el-patrimonio-anuncia-apertura-de-la-convocatoria-de-nuevo-programa-de-ecosistemas-creativos\/#primaryimage"},"thumbnailUrl":"https:\/\/dev.antudigital.cl\/sites\/vc\/wp-content\/uploads\/2023\/07\/Captura-de-Pantalla-2023-07-10-a-las-22.27.53.png","datePublished":"2023-07-11T02:31:25+00:00","dateModified":"2023-07-26T03:36:31+00:00","author":{"@id":"https:\/\/dev.antudigital.cl\/sites\/vc\/#\/schema\/person\/c2b9da8dd545e27166fc5ab232837318"},"breadcrumb":{"@id":"https:\/\/dev.antudigital.cl\/sites\/vc\/ministerio-de-las-culturas-las-artes-y-el-patrimonio-anuncia-apertura-de-la-convocatoria-de-nuevo-programa-de-ecosistemas-creativos\/#breadcrumb"},"inLanguage":"es","potentialAction":[{"@type":"ReadAction","target":["https:\/\/dev.antudigital.cl\/sites\/vc\/ministerio-de-las-culturas-las-artes-y-el-patrimonio-anuncia-apertura-de-la-convocatoria-de-nuevo-programa-de-ecosistemas-creativos\/"]}]},{"@type":"ImageObject","inLanguage":"es","@id":"https:\/\/dev.antudigital.cl\/sites\/vc\/ministerio-de-las-culturas-las-artes-y-el-patrimonio-anuncia-apertura-de-la-convocatoria-de-nuevo-programa-de-ecosistemas-creativos\/#primaryimage","url":"https:\/\/dev.antudigital.cl\/sites\/vc\/wp-content\/uploads\/2023\/07\/Captura-de-Pantalla-2023-07-10-a-las-22.27.53.png","contentUrl":"https:\/\/dev.antudigital.cl\/sites\/vc\/wp-content\/uploads\/2023\/07\/Captura-de-Pantalla-2023-07-10-a-las-22.27.53.png","width":1183,"height":542},{"@type":"BreadcrumbList","@id":"https:\/\/dev.antudigital.cl\/sites\/vc\/ministerio-de-las-culturas-las-artes-y-el-patrimonio-anuncia-apertura-de-la-convocatoria-de-nuevo-programa-de-ecosistemas-creativos\/#breadcrumb","itemListElement":[{"@type":"ListItem","position":1,"name":"Home","item":"https:\/\/dev.antudigital.cl\/sites\/vc\/"},{"@type":"ListItem","position":2,"name":"Ministerio de las Culturas, las Artes y el Patrimonio anuncia apertura de la convocatoria de nuevo programa de ecosistemas creativos."}]},{"@type":"WebSite","@id":"https:\/\/dev.antudigital.cl\/sites\/vc\/#website","url":"https:\/\/dev.antudigital.cl\/sites\/vc\/","name":"Valpara\u00ed\u00adso Creativo","description":"","potentialAction":[{"@type":"SearchAction","target":{"@type":"EntryPoint","urlTemplate":"https:\/\/dev.antudigital.cl\/sites\/vc\/?s={search_term_string}"},"query-input":{"@type":"PropertyValueSpecification","valueRequired":true,"valueName":"search_term_string"}}],"inLanguage":"es"},{"@type":"Person","@id":"https:\/\/dev.antudigital.cl\/sites\/vc\/#\/schema\/person\/c2b9da8dd545e27166fc5ab232837318","name":"Valpara\u00edso Creativo","description":"Periodista de cultura en la Regi\u00f3n de Valpara\u00edso.","url":"https:\/\/dev.antudigital.cl\/sites\/vc\/author\/valpoadmin\/"}]}},"_links":{"self":[{"href":"https:\/\/dev.antudigital.cl\/sites\/vc\/wp-json\/wp\/v2\/posts\/15956","targetHints":{"allow":["GET"]}}],"collection":[{"href":"https:\/\/dev.antudigital.cl\/sites\/vc\/wp-json\/wp\/v2\/posts"}],"about":[{"href":"https:\/\/dev.antudigital.cl\/sites\/vc\/wp-json\/wp\/v2\/types\/post"}],"author":[{"embeddable":true,"href":"https:\/\/dev.antudigital.cl\/sites\/vc\/wp-json\/wp\/v2\/users\/1"}],"replies":[{"embeddable":true,"href":"https:\/\/dev.antudigital.cl\/sites\/vc\/wp-json\/wp\/v2\/comments?post=15956"}],"version-history":[{"count":1,"href":"https:\/\/dev.antudigital.cl\/sites\/vc\/wp-json\/wp\/v2\/posts\/15956\/revisions"}],"predecessor-version":[{"id":15958,"href":"https:\/\/dev.antudigital.cl\/sites\/vc\/wp-json\/wp\/v2\/posts\/15956\/revisions\/15958"}],"wp:featuredmedia":[{"embeddable":true,"href":"https:\/\/dev.antudigital.cl\/sites\/vc\/wp-json\/wp\/v2\/media\/15957"}],"wp:attachment":[{"href":"https:\/\/dev.antudigital.cl\/sites\/vc\/wp-json\/wp\/v2\/media?parent=15956"}],"wp:term":[{"taxonomy":"category","embeddable":true,"href":"https:\/\/dev.antudigital.cl\/sites\/vc\/wp-json\/wp\/v2\/categories?post=15956"},{"taxonomy":"post_tag","embeddable":true,"href":"https:\/\/dev.antudigital.cl\/sites\/vc\/wp-json\/wp\/v2\/tags?post=15956"}],"curies":[{"name":"wp","href":"https:\/\/api.w.org\/{rel}","templated":true}]}}