{"id":15959,"date":"2023-07-11T02:56:44","date_gmt":"2023-07-11T02:56:44","guid":{"rendered":"https:\/\/www.valparaisocreativo.cl\/?p=15959"},"modified":"2023-07-26T03:36:28","modified_gmt":"2023-07-26T03:36:28","slug":"desarrolla-inversion-productiva-region-de-valparaiso-primera-convocatoria-2023","status":"publish","type":"post","link":"https:\/\/dev.antudigital.cl\/sites\/vc\/desarrolla-inversion-productiva-region-de-valparaiso-primera-convocatoria-2023\/","title":{"rendered":"Desarrolla inversi\u00f3n productiva &#8211; Regi\u00f3n de Valpara\u00edso &#8211; primera convocatoria 2023"},"content":{"rendered":"\n<h2 class=\"wp-block-heading\">\u00bfQu\u00e9 es?<\/h2>\n\n\n\n<p>Este programa tiene por objeto apoyar la materializaci\u00f3n de proyectos de inversi\u00f3n productiva con potencial de generaci\u00f3n de externalidades positivas, mediante el otorgamiento de un cofinanciamiento para la adquisici\u00f3n de activo fijo, habilitaci\u00f3n de infraestructura productiva y capital de trabajo. Se entender\u00e1 por proyectos de inversi\u00f3n productiva, aquellos que tengan por objeto la producci\u00f3n y comercializaci\u00f3n de bienes o servicios, que contribuyan al incremento de la actividad econ\u00f3mica y generen nuevos empleos.\u00a0<\/p>\n\n\n\n<h2 class=\"wp-block-heading\">\u00bfQui\u00e9nes pueden postular?<\/h2>\n\n\n\n<p>Contribuyentes que tributen en Primera Categor\u00eda.<\/p>\n\n\n\n<p>Empresas privadas no constituidas en Chile, que tributen en los t\u00e9rminos se\u00f1alados, o que desarrollen actividades similares a aquellas gravadas por el Impuesto de Primera Categor\u00eda.<\/p>\n\n\n\n<p><a href=\"https:\/\/www.corfo.cl\/sites\/cpp\/convocatorias\/dip_valparaiso_1er23;jsessionid=Rlcw9rp7Yq6fpcnjO3II9Rv0svLkf46lZRDoCqoW0IeLGrzDzXb7!361809439!-1991073004#legales\">Bases legales<\/a><\/p>\n\n\n\n<p>Proyectos de inversi\u00f3n productiva, con \u00e9nfasis en inversiones en los \u00e1mbitos de econom\u00eda circular, eficiencia h\u00eddrica y energ\u00e9tica que se ejecuten en los siguientes sectores econ\u00f3micos (empresas que cuenten con giro ante el SII)::<\/p>\n\n\n\n<p>1. Sector Agroalimentario.<br>2. Sector Industrias Creativas.<br>3. Sector Turismo de Intereses Especiales.<br>4. Sector Log\u00edstica mar\u00edtima Portuaria.<br>5. Sector Miner\u00eda.<br>6. Sector Servicios.<\/p>\n\n\n\n<p>Proyecto de inversi\u00f3n estimado debe ser igual o superior a $ 12.000.000 (doce millones de pesos).<\/p>\n\n\n\n<p>Cuando el beneficiario sea una empresa de base ind\u00edgena o una cooperativa ind\u00edgena, Proyecto de inversi\u00f3n estimado sea igual o superior a $ 10.000.000 (diez millones de pesos).<\/p>\n\n\n\n<h2 class=\"wp-block-heading\">\u00bfQu\u00e9 beneficio entrega?<\/h2>\n\n\n\n<p>Corfo cofinanciar\u00e1 hasta un 50% del costo total del proyecto Individual, con un tope de hasta $20.000.000.- (veinte millones de pesos) por cada uno.<\/p>\n\n\n\n<p>El cofinanciamiento total para los proyectos postulados no podr\u00e1 exceder de $20.000.000 (un mill\u00f3n de pesos) y corresponder\u00e1 como m\u00e1ximo al 50% de costo total del proyecto de inversi\u00f3n.<\/p>\n\n\n\n<p>Para las empresas de base ind\u00edgena o cooperativas ind\u00edgenas regir\u00e1 el mismo tope de $20.000.000.- (veinte millones de pesos), manteniendo los porcentajes especiales para este tipo de empresas, definidos en la letra e) del numeral 18.4 de las Bases.<\/p>\n\n\n\n<p>La convocatoria se focalizar\u00e1 territorialmente en la Regi\u00f3n de Valpara\u00edso, debiendo los postulantes tener domicilio registrado ante el SII en la Regi\u00f3n de Valpara\u00edso y los proyectos deber\u00e1n ejecutarse en esta regi\u00f3n.<\/p>\n\n\n\n<p><strong>Encuentra las bases y <a href=\"https:\/\/www.corfo.cl\/sites\/cpp\/convocatorias\/dip_valparaiso_1er23;jsessionid=Rlcw9rp7Yq6fpcnjO3II9Rv0svLkf46lZRDoCqoW0IeLGrzDzXb7!361809439!-1991073004\">detalles haciendo click aqu\u00ed.<\/a><\/strong><\/p>\n","protected":false},"excerpt":{"rendered":"<p>\u00bfQu\u00e9 es? Este programa tiene por objeto apoyar la materializaci\u00f3n de proyectos de inversi\u00f3n productiva con potencial de generaci\u00f3n de externalidades positivas, mediante el otorgamiento de un cofinanciamiento para la adquisici\u00f3n de activo fijo, habilitaci\u00f3n de infraestructura productiva y capital de trabajo. Se entender\u00e1 por proyectos de inversi\u00f3n productiva, aquellos que tengan por objeto la [&hellip;]<\/p>\n","protected":false},"author":1,"featured_media":9938,"comment_status":"closed","ping_status":"closed","sticky":false,"template":"","format":"standard","meta":{"_acf_changed":false,"footnotes":""},"categories":[1],"tags":[],"class_list":["post-15959","post","type-post","status-publish","format-standard","has-post-thumbnail","hentry","category-uncategorized"],"acf":[],"yoast_head":"<!-- This site is optimized with the Yoast SEO plugin v27.1.1 - https:\/\/yoast.com\/product\/yoast-seo-wordpress\/ -->\n<title>Desarrolla inversi\u00f3n productiva - Regi\u00f3n de Valpara\u00edso - primera convocatoria 2023 - Valpara\u00ed\u00adso Creativo<\/title>\n<meta name=\"robots\" content=\"index, follow, max-snippet:-1, max-image-preview:large, max-video-preview:-1\" \/>\n<link rel=\"canonical\" href=\"https:\/\/dev.antudigital.cl\/sites\/vc\/desarrolla-inversion-productiva-region-de-valparaiso-primera-convocatoria-2023\/\" \/>\n<meta property=\"og:locale\" content=\"es_ES\" \/>\n<meta property=\"og:type\" content=\"article\" \/>\n<meta property=\"og:title\" content=\"Desarrolla inversi\u00f3n productiva - Regi\u00f3n de Valpara\u00edso - primera convocatoria 2023 - Valpara\u00ed\u00adso Creativo\" \/>\n<meta property=\"og:description\" content=\"\u00bfQu\u00e9 es? Este programa tiene por objeto apoyar la materializaci\u00f3n de proyectos de inversi\u00f3n productiva con potencial de generaci\u00f3n de externalidades positivas, mediante el otorgamiento de un cofinanciamiento para la adquisici\u00f3n de activo fijo, habilitaci\u00f3n de infraestructura productiva y capital de trabajo. Se entender\u00e1 por proyectos de inversi\u00f3n productiva, aquellos que tengan por objeto la [&hellip;]\" \/>\n<meta property=\"og:url\" content=\"https:\/\/dev.antudigital.cl\/sites\/vc\/desarrolla-inversion-productiva-region-de-valparaiso-primera-convocatoria-2023\/\" \/>\n<meta property=\"og:site_name\" content=\"Valpara\u00ed\u00adso Creativo\" \/>\n<meta property=\"article:published_time\" content=\"2023-07-11T02:56:44+00:00\" \/>\n<meta property=\"article:modified_time\" content=\"2023-07-26T03:36:28+00:00\" \/>\n<meta property=\"og:image\" content=\"https:\/\/dev.antudigital.cl\/sites\/vc\/wp-content\/uploads\/2022\/03\/corfo2.jpg\" \/>\n\t<meta property=\"og:image:width\" content=\"1500\" \/>\n\t<meta property=\"og:image:height\" content=\"500\" \/>\n\t<meta property=\"og:image:type\" content=\"image\/jpeg\" \/>\n<meta name=\"author\" content=\"Valpara\u00edso Creativo\" \/>\n<meta name=\"twitter:card\" content=\"summary_large_image\" \/>\n<meta name=\"twitter:label1\" content=\"Escrito por\" \/>\n\t<meta name=\"twitter:data1\" content=\"Valpara\u00edso Creativo\" \/>\n\t<meta name=\"twitter:label2\" content=\"Tiempo de lectura\" \/>\n\t<meta name=\"twitter:data2\" content=\"2 minutos\" \/>\n<script type=\"application\/ld+json\" class=\"yoast-schema-graph\">{\"@context\":\"https:\/\/schema.org\",\"@graph\":[{\"@type\":\"Article\",\"@id\":\"https:\/\/dev.antudigital.cl\/sites\/vc\/desarrolla-inversion-productiva-region-de-valparaiso-primera-convocatoria-2023\/#article\",\"isPartOf\":{\"@id\":\"https:\/\/dev.antudigital.cl\/sites\/vc\/desarrolla-inversion-productiva-region-de-valparaiso-primera-convocatoria-2023\/\"},\"author\":{\"name\":\"Valpara\u00edso Creativo\",\"@id\":\"https:\/\/dev.antudigital.cl\/sites\/vc\/#\/schema\/person\/c2b9da8dd545e27166fc5ab232837318\"},\"headline\":\"Desarrolla inversi\u00f3n productiva &#8211; Regi\u00f3n de Valpara\u00edso &#8211; primera convocatoria 2023\",\"datePublished\":\"2023-07-11T02:56:44+00:00\",\"dateModified\":\"2023-07-26T03:36:28+00:00\",\"mainEntityOfPage\":{\"@id\":\"https:\/\/dev.antudigital.cl\/sites\/vc\/desarrolla-inversion-productiva-region-de-valparaiso-primera-convocatoria-2023\/\"},\"wordCount\":384,\"image\":{\"@id\":\"https:\/\/dev.antudigital.cl\/sites\/vc\/desarrolla-inversion-productiva-region-de-valparaiso-primera-convocatoria-2023\/#primaryimage\"},\"thumbnailUrl\":\"https:\/\/dev.antudigital.cl\/sites\/vc\/wp-content\/uploads\/2022\/03\/corfo2.jpg\",\"articleSection\":[\"Uncategorized\"],\"inLanguage\":\"es\"},{\"@type\":\"WebPage\",\"@id\":\"https:\/\/dev.antudigital.cl\/sites\/vc\/desarrolla-inversion-productiva-region-de-valparaiso-primera-convocatoria-2023\/\",\"url\":\"https:\/\/dev.antudigital.cl\/sites\/vc\/desarrolla-inversion-productiva-region-de-valparaiso-primera-convocatoria-2023\/\",\"name\":\"Desarrolla inversi\u00f3n productiva - Regi\u00f3n de Valpara\u00edso - primera convocatoria 2023 - Valpara\u00ed\u00adso Creativo\",\"isPartOf\":{\"@id\":\"https:\/\/dev.antudigital.cl\/sites\/vc\/#website\"},\"primaryImageOfPage\":{\"@id\":\"https:\/\/dev.antudigital.cl\/sites\/vc\/desarrolla-inversion-productiva-region-de-valparaiso-primera-convocatoria-2023\/#primaryimage\"},\"image\":{\"@id\":\"https:\/\/dev.antudigital.cl\/sites\/vc\/desarrolla-inversion-productiva-region-de-valparaiso-primera-convocatoria-2023\/#primaryimage\"},\"thumbnailUrl\":\"https:\/\/dev.antudigital.cl\/sites\/vc\/wp-content\/uploads\/2022\/03\/corfo2.jpg\",\"datePublished\":\"2023-07-11T02:56:44+00:00\",\"dateModified\":\"2023-07-26T03:36:28+00:00\",\"author\":{\"@id\":\"https:\/\/dev.antudigital.cl\/sites\/vc\/#\/schema\/person\/c2b9da8dd545e27166fc5ab232837318\"},\"breadcrumb\":{\"@id\":\"https:\/\/dev.antudigital.cl\/sites\/vc\/desarrolla-inversion-productiva-region-de-valparaiso-primera-convocatoria-2023\/#breadcrumb\"},\"inLanguage\":\"es\",\"potentialAction\":[{\"@type\":\"ReadAction\",\"target\":[\"https:\/\/dev.antudigital.cl\/sites\/vc\/desarrolla-inversion-productiva-region-de-valparaiso-primera-convocatoria-2023\/\"]}]},{\"@type\":\"ImageObject\",\"inLanguage\":\"es\",\"@id\":\"https:\/\/dev.antudigital.cl\/sites\/vc\/desarrolla-inversion-productiva-region-de-valparaiso-primera-convocatoria-2023\/#primaryimage\",\"url\":\"https:\/\/dev.antudigital.cl\/sites\/vc\/wp-content\/uploads\/2022\/03\/corfo2.jpg\",\"contentUrl\":\"https:\/\/dev.antudigital.cl\/sites\/vc\/wp-content\/uploads\/2022\/03\/corfo2.jpg\",\"width\":1500,\"height\":500},{\"@type\":\"BreadcrumbList\",\"@id\":\"https:\/\/dev.antudigital.cl\/sites\/vc\/desarrolla-inversion-productiva-region-de-valparaiso-primera-convocatoria-2023\/#breadcrumb\",\"itemListElement\":[{\"@type\":\"ListItem\",\"position\":1,\"name\":\"Home\",\"item\":\"https:\/\/dev.antudigital.cl\/sites\/vc\/\"},{\"@type\":\"ListItem\",\"position\":2,\"name\":\"Desarrolla inversi\u00f3n productiva &#8211; Regi\u00f3n de Valpara\u00edso &#8211; primera convocatoria 2023\"}]},{\"@type\":\"WebSite\",\"@id\":\"https:\/\/dev.antudigital.cl\/sites\/vc\/#website\",\"url\":\"https:\/\/dev.antudigital.cl\/sites\/vc\/\",\"name\":\"Valpara\u00ed\u00adso Creativo\",\"description\":\"\",\"potentialAction\":[{\"@type\":\"SearchAction\",\"target\":{\"@type\":\"EntryPoint\",\"urlTemplate\":\"https:\/\/dev.antudigital.cl\/sites\/vc\/?s={search_term_string}\"},\"query-input\":{\"@type\":\"PropertyValueSpecification\",\"valueRequired\":true,\"valueName\":\"search_term_string\"}}],\"inLanguage\":\"es\"},{\"@type\":\"Person\",\"@id\":\"https:\/\/dev.antudigital.cl\/sites\/vc\/#\/schema\/person\/c2b9da8dd545e27166fc5ab232837318\",\"name\":\"Valpara\u00edso Creativo\",\"description\":\"Periodista de cultura en la Regi\u00f3n de Valpara\u00edso.\",\"url\":\"https:\/\/dev.antudigital.cl\/sites\/vc\/author\/valpoadmin\/\"}]}<\/script>\n<!-- \/ Yoast SEO plugin. -->","yoast_head_json":{"title":"Desarrolla inversi\u00f3n productiva - Regi\u00f3n de Valpara\u00edso - primera convocatoria 2023 - Valpara\u00ed\u00adso Creativo","robots":{"index":"index","follow":"follow","max-snippet":"max-snippet:-1","max-image-preview":"max-image-preview:large","max-video-preview":"max-video-preview:-1"},"canonical":"https:\/\/dev.antudigital.cl\/sites\/vc\/desarrolla-inversion-productiva-region-de-valparaiso-primera-convocatoria-2023\/","og_locale":"es_ES","og_type":"article","og_title":"Desarrolla inversi\u00f3n productiva - Regi\u00f3n de Valpara\u00edso - primera convocatoria 2023 - Valpara\u00ed\u00adso Creativo","og_description":"\u00bfQu\u00e9 es? Este programa tiene por objeto apoyar la materializaci\u00f3n de proyectos de inversi\u00f3n productiva con potencial de generaci\u00f3n de externalidades positivas, mediante el otorgamiento de un cofinanciamiento para la adquisici\u00f3n de activo fijo, habilitaci\u00f3n de infraestructura productiva y capital de trabajo. Se entender\u00e1 por proyectos de inversi\u00f3n productiva, aquellos que tengan por objeto la [&hellip;]","og_url":"https:\/\/dev.antudigital.cl\/sites\/vc\/desarrolla-inversion-productiva-region-de-valparaiso-primera-convocatoria-2023\/","og_site_name":"Valpara\u00ed\u00adso Creativo","article_published_time":"2023-07-11T02:56:44+00:00","article_modified_time":"2023-07-26T03:36:28+00:00","og_image":[{"width":1500,"height":500,"url":"https:\/\/dev.antudigital.cl\/sites\/vc\/wp-content\/uploads\/2022\/03\/corfo2.jpg","type":"image\/jpeg"}],"author":"Valpara\u00edso Creativo","twitter_card":"summary_large_image","twitter_misc":{"Escrito por":"Valpara\u00edso Creativo","Tiempo de lectura":"2 minutos"},"schema":{"@context":"https:\/\/schema.org","@graph":[{"@type":"Article","@id":"https:\/\/dev.antudigital.cl\/sites\/vc\/desarrolla-inversion-productiva-region-de-valparaiso-primera-convocatoria-2023\/#article","isPartOf":{"@id":"https:\/\/dev.antudigital.cl\/sites\/vc\/desarrolla-inversion-productiva-region-de-valparaiso-primera-convocatoria-2023\/"},"author":{"name":"Valpara\u00edso Creativo","@id":"https:\/\/dev.antudigital.cl\/sites\/vc\/#\/schema\/person\/c2b9da8dd545e27166fc5ab232837318"},"headline":"Desarrolla inversi\u00f3n productiva &#8211; Regi\u00f3n de Valpara\u00edso &#8211; primera convocatoria 2023","datePublished":"2023-07-11T02:56:44+00:00","dateModified":"2023-07-26T03:36:28+00:00","mainEntityOfPage":{"@id":"https:\/\/dev.antudigital.cl\/sites\/vc\/desarrolla-inversion-productiva-region-de-valparaiso-primera-convocatoria-2023\/"},"wordCount":384,"image":{"@id":"https:\/\/dev.antudigital.cl\/sites\/vc\/desarrolla-inversion-productiva-region-de-valparaiso-primera-convocatoria-2023\/#primaryimage"},"thumbnailUrl":"https:\/\/dev.antudigital.cl\/sites\/vc\/wp-content\/uploads\/2022\/03\/corfo2.jpg","articleSection":["Uncategorized"],"inLanguage":"es"},{"@type":"WebPage","@id":"https:\/\/dev.antudigital.cl\/sites\/vc\/desarrolla-inversion-productiva-region-de-valparaiso-primera-convocatoria-2023\/","url":"https:\/\/dev.antudigital.cl\/sites\/vc\/desarrolla-inversion-productiva-region-de-valparaiso-primera-convocatoria-2023\/","name":"Desarrolla inversi\u00f3n productiva - Regi\u00f3n de Valpara\u00edso - primera convocatoria 2023 - Valpara\u00ed\u00adso Creativo","isPartOf":{"@id":"https:\/\/dev.antudigital.cl\/sites\/vc\/#website"},"primaryImageOfPage":{"@id":"https:\/\/dev.antudigital.cl\/sites\/vc\/desarrolla-inversion-productiva-region-de-valparaiso-primera-convocatoria-2023\/#primaryimage"},"image":{"@id":"https:\/\/dev.antudigital.cl\/sites\/vc\/desarrolla-inversion-productiva-region-de-valparaiso-primera-convocatoria-2023\/#primaryimage"},"thumbnailUrl":"https:\/\/dev.antudigital.cl\/sites\/vc\/wp-content\/uploads\/2022\/03\/corfo2.jpg","datePublished":"2023-07-11T02:56:44+00:00","dateModified":"2023-07-26T03:36:28+00:00","author":{"@id":"https:\/\/dev.antudigital.cl\/sites\/vc\/#\/schema\/person\/c2b9da8dd545e27166fc5ab232837318"},"breadcrumb":{"@id":"https:\/\/dev.antudigital.cl\/sites\/vc\/desarrolla-inversion-productiva-region-de-valparaiso-primera-convocatoria-2023\/#breadcrumb"},"inLanguage":"es","potentialAction":[{"@type":"ReadAction","target":["https:\/\/dev.antudigital.cl\/sites\/vc\/desarrolla-inversion-productiva-region-de-valparaiso-primera-convocatoria-2023\/"]}]},{"@type":"ImageObject","inLanguage":"es","@id":"https:\/\/dev.antudigital.cl\/sites\/vc\/desarrolla-inversion-productiva-region-de-valparaiso-primera-convocatoria-2023\/#primaryimage","url":"https:\/\/dev.antudigital.cl\/sites\/vc\/wp-content\/uploads\/2022\/03\/corfo2.jpg","contentUrl":"https:\/\/dev.antudigital.cl\/sites\/vc\/wp-content\/uploads\/2022\/03\/corfo2.jpg","width":1500,"height":500},{"@type":"BreadcrumbList","@id":"https:\/\/dev.antudigital.cl\/sites\/vc\/desarrolla-inversion-productiva-region-de-valparaiso-primera-convocatoria-2023\/#breadcrumb","itemListElement":[{"@type":"ListItem","position":1,"name":"Home","item":"https:\/\/dev.antudigital.cl\/sites\/vc\/"},{"@type":"ListItem","position":2,"name":"Desarrolla inversi\u00f3n productiva &#8211; Regi\u00f3n de Valpara\u00edso &#8211; primera convocatoria 2023"}]},{"@type":"WebSite","@id":"https:\/\/dev.antudigital.cl\/sites\/vc\/#website","url":"https:\/\/dev.antudigital.cl\/sites\/vc\/","name":"Valpara\u00ed\u00adso Creativo","description":"","potentialAction":[{"@type":"SearchAction","target":{"@type":"EntryPoint","urlTemplate":"https:\/\/dev.antudigital.cl\/sites\/vc\/?s={search_term_string}"},"query-input":{"@type":"PropertyValueSpecification","valueRequired":true,"valueName":"search_term_string"}}],"inLanguage":"es"},{"@type":"Person","@id":"https:\/\/dev.antudigital.cl\/sites\/vc\/#\/schema\/person\/c2b9da8dd545e27166fc5ab232837318","name":"Valpara\u00edso Creativo","description":"Periodista de cultura en la Regi\u00f3n de Valpara\u00edso.","url":"https:\/\/dev.antudigital.cl\/sites\/vc\/author\/valpoadmin\/"}]}},"_links":{"self":[{"href":"https:\/\/dev.antudigital.cl\/sites\/vc\/wp-json\/wp\/v2\/posts\/15959","targetHints":{"allow":["GET"]}}],"collection":[{"href":"https:\/\/dev.antudigital.cl\/sites\/vc\/wp-json\/wp\/v2\/posts"}],"about":[{"href":"https:\/\/dev.antudigital.cl\/sites\/vc\/wp-json\/wp\/v2\/types\/post"}],"author":[{"embeddable":true,"href":"https:\/\/dev.antudigital.cl\/sites\/vc\/wp-json\/wp\/v2\/users\/1"}],"replies":[{"embeddable":true,"href":"https:\/\/dev.antudigital.cl\/sites\/vc\/wp-json\/wp\/v2\/comments?post=15959"}],"version-history":[{"count":1,"href":"https:\/\/dev.antudigital.cl\/sites\/vc\/wp-json\/wp\/v2\/posts\/15959\/revisions"}],"predecessor-version":[{"id":15965,"href":"https:\/\/dev.antudigital.cl\/sites\/vc\/wp-json\/wp\/v2\/posts\/15959\/revisions\/15965"}],"wp:featuredmedia":[{"embeddable":true,"href":"https:\/\/dev.antudigital.cl\/sites\/vc\/wp-json\/wp\/v2\/media\/9938"}],"wp:attachment":[{"href":"https:\/\/dev.antudigital.cl\/sites\/vc\/wp-json\/wp\/v2\/media?parent=15959"}],"wp:term":[{"taxonomy":"category","embeddable":true,"href":"https:\/\/dev.antudigital.cl\/sites\/vc\/wp-json\/wp\/v2\/categories?post=15959"},{"taxonomy":"post_tag","embeddable":true,"href":"https:\/\/dev.antudigital.cl\/sites\/vc\/wp-json\/wp\/v2\/tags?post=15959"}],"curies":[{"name":"wp","href":"https:\/\/api.w.org\/{rel}","templated":true}]}}