{"id":15966,"date":"2023-07-11T04:11:27","date_gmt":"2023-07-11T04:11:27","guid":{"rendered":"https:\/\/www.valparaisocreativo.cl\/?p=15966"},"modified":"2023-07-26T03:36:26","modified_gmt":"2023-07-26T03:36:26","slug":"que-es-valparaiso-ciudad-creativa-de-la-musica","status":"publish","type":"post","link":"https:\/\/dev.antudigital.cl\/sites\/vc\/que-es-valparaiso-ciudad-creativa-de-la-musica\/","title":{"rendered":"\u00bfQu\u00e9 es Valpara\u00edso Ciudad Creativa de la M\u00fasica?"},"content":{"rendered":"\n<p><em>Por: Valentinne Rudolphy<\/em><\/p>\n\n\n\n<p><em>Fotograf\u00edas de : @valpocultura<\/em><\/p>\n\n\n\n<p>Manuela G\u00f3mezjurado es Coordinadora de Fomento Creativo de la Direcci\u00f3n de Desarrollo Cultural de la Municipalidad de Valpara\u00edso y Punto Focal Unesco de la misma, comprendiendo en sus actividades lo que es la gesti\u00f3n de la nominaci\u00f3n de Valpara\u00edso como Ciudad Creativa de la M\u00fasica.<\/p>\n\n\n\n<p>Abarcamos muchos temas, entre ellos, entender m\u00e1s sobre esta nominaci\u00f3n, en qu\u00e9 enfocan su trabajo cultural en el territorio actualmente y c\u00f3mo se pueden profundizar los lazos con la comunidad. Les invitamos a leer:<\/p>\n\n\n\n<p><strong>\u00bfEn qu\u00e9 cosas observas el impacto que tiene la nominaci\u00f3n de Ciudad Creativa de la M\u00fasica de Valpara\u00edso?<\/strong><\/p>\n\n\n\n<p>-Lo veo primero en reconocer c\u00f3mo toda la actividad cultural que caracteriza a Valpara\u00edso mueve el territorio, o sea, la actividad tanto de vecinos y vecinas como de visitantes de distintos lugares, donde hay un mont\u00f3n de sinergias que son interesantes. Entonces tenemos la activaci\u00f3n hotelera, los restaurantes, hasta lo que son los productores locales, que pueden ser desde artistas, artesanos o cultores. El territorio se mueve en torno a la cultura y creo que eso es algo muy bonito de Valpara\u00edso, algo que a m\u00ed me gusta mucho, y que tiene que ver con la identidad local y con la vida que tiene el espacio p\u00fablico, que es una vida muy cultural.\u00a0<\/p>\n\n\n\n<figure class=\"wp-block-image size-full\"><img fetchpriority=\"high\" decoding=\"async\" width=\"559\" height=\"430\" src=\"https:\/\/www.valparaisocreativo.cl\/wp-content\/uploads\/2023\/07\/Captura-de-Pantalla-2023-07-10-a-las-22.36.54.png\" alt=\"\" class=\"wp-image-15962\" srcset=\"https:\/\/dev.antudigital.cl\/sites\/vc\/wp-content\/uploads\/2023\/07\/Captura-de-Pantalla-2023-07-10-a-las-22.36.54.png 559w, https:\/\/dev.antudigital.cl\/sites\/vc\/wp-content\/uploads\/2023\/07\/Captura-de-Pantalla-2023-07-10-a-las-22.36.54-300x231.png 300w, https:\/\/dev.antudigital.cl\/sites\/vc\/wp-content\/uploads\/2023\/07\/Captura-de-Pantalla-2023-07-10-a-las-22.36.54-480x369.png 480w, https:\/\/dev.antudigital.cl\/sites\/vc\/wp-content\/uploads\/2023\/07\/Captura-de-Pantalla-2023-07-10-a-las-22.36.54-24x18.png 24w, https:\/\/dev.antudigital.cl\/sites\/vc\/wp-content\/uploads\/2023\/07\/Captura-de-Pantalla-2023-07-10-a-las-22.36.54-36x28.png 36w, https:\/\/dev.antudigital.cl\/sites\/vc\/wp-content\/uploads\/2023\/07\/Captura-de-Pantalla-2023-07-10-a-las-22.36.54-48x37.png 48w\" sizes=\"(max-width: 559px) 100vw, 559px\" \/><\/figure>\n\n\n\n<p>Esto lo veo en los eventos musicales, por ejemplo, hace poco terminamos la Cumbre Internacional del Bolero, que se realiza en el Teatro Municipal y luego se articulan con locales nocturos que tienen m\u00fasica en vivo. En esa articulaci\u00f3n, se ve c\u00f3mo se moviliza la gente en torno a la m\u00fasica bohemia tradicional de Valpara\u00edso para participar de actividades que generan un sentido de comunidad y de pertenencia, y adem\u00e1s todo lo que eso genera a nivel econ\u00f3mico local, se vuelve un panorama familiar o de amistades, y eso creo que es muy interesante e intentamos fomentar estos puentes o cruces.<\/p>\n\n\n\n<p>Por eso mismo, surgi\u00f3 una iniciativa que es muy importante para nosotros hoy en d\u00eda que es el Sello Local Musical Emblem\u00e1tico, que es un decreto que busca reconocer y fomentar las buenas pr\u00e1cticas laborales con m\u00fasicos y m\u00fasicas de la comuna. Lo que hace es abrir una convocatoria a locales que tengan su m\u00fasica en vivo, que sean parte de la bohemia tradicional, ya que es algo trabajado en la mesa de cultoras y cultores. Viene de sus necesidades. Entonces se definen requisitos como de pago o camarines y condiciones para recibir a quienes son trabajadores de la m\u00fasica. Se reconoce e incentiva con este sello, desde la capacitaci\u00f3n a la vinculaci\u00f3n institucional, entre otras cosas.<\/p>\n\n\n\n<p>Esto tambi\u00e9n es una articulaci\u00f3n con el Departamento de Turismo, con Valpara\u00edso Creativo y con el Servicio de Patrimonio y la mesa de cultores. Esto es algo que comienza este a\u00f1o pero que queremos que vaya creciendo en el tiempo.<\/p>\n\n\n\n<p><strong>\u00bfC\u00f3mo funciona eso de los sellos? Se ha vuelto una propuesta ante necesidades de los y las trabajadoras, pero, \u00bfc\u00f3mo es la recepci\u00f3n?<\/strong><\/p>\n\n\n\n<p>-Tenemos vinculaci\u00f3n con locatarios y vemos una buena recepci\u00f3n de parte de las comunidades, es una iniciativa necesaria y que contribuye a un cambio cultural de dignificar la labor de cultores y cultoras. S\u00ed hay una diversidad en la realidad de los locales de Valpara\u00edso en c\u00f3mo funcionan, en ese sentido, creo que el trabajo de vinculaci\u00f3n que se hace a partir del sello es importante. Buscamos mostrar que es una necesidad que estas sean pr\u00e1cticas transversales y demostrar que, como Municipio, queremos contribuir a facilitarles ese proceso, entendiendo que necesitamos de otros y otras para generar un cambio con fuerza.&nbsp;<\/p>\n\n\n\n<p>Creo que tambi\u00e9n se ve como una oportunidad para visibilizarse, para los locales, se les reconoce como parte de un circuito y un lugar con buenas pr\u00e1cticas, lo que puede abrir alternativas de colaboraci\u00f3n, lo que se ve con buenos ojos por parte de las comunidades.<\/p>\n\n\n\n<figure class=\"wp-block-image size-full\"><img decoding=\"async\" width=\"572\" height=\"383\" src=\"https:\/\/www.valparaisocreativo.cl\/wp-content\/uploads\/2023\/07\/Captura-de-Pantalla-2023-07-10-a-las-22.37.14.png\" alt=\"\" class=\"wp-image-15961\" srcset=\"https:\/\/dev.antudigital.cl\/sites\/vc\/wp-content\/uploads\/2023\/07\/Captura-de-Pantalla-2023-07-10-a-las-22.37.14.png 572w, https:\/\/dev.antudigital.cl\/sites\/vc\/wp-content\/uploads\/2023\/07\/Captura-de-Pantalla-2023-07-10-a-las-22.37.14-300x201.png 300w, https:\/\/dev.antudigital.cl\/sites\/vc\/wp-content\/uploads\/2023\/07\/Captura-de-Pantalla-2023-07-10-a-las-22.37.14-480x321.png 480w, https:\/\/dev.antudigital.cl\/sites\/vc\/wp-content\/uploads\/2023\/07\/Captura-de-Pantalla-2023-07-10-a-las-22.37.14-24x16.png 24w, https:\/\/dev.antudigital.cl\/sites\/vc\/wp-content\/uploads\/2023\/07\/Captura-de-Pantalla-2023-07-10-a-las-22.37.14-36x24.png 36w, https:\/\/dev.antudigital.cl\/sites\/vc\/wp-content\/uploads\/2023\/07\/Captura-de-Pantalla-2023-07-10-a-las-22.37.14-48x32.png 48w\" sizes=\"(max-width: 572px) 100vw, 572px\" \/><\/figure>\n\n\n\n<p><strong>Te quer\u00eda preguntar, \u00bfc\u00f3mo explicar qu\u00e9 significa que Valpara\u00edso sea Ciudad Creativa de la M\u00fasica? \u00bfC\u00f3mo impacta este sello en la ciudadan\u00eda?<\/strong><\/p>\n\n\n\n<p>-El reconocimiento de la Unesco se da el 2019, surge a trav\u00e9s de un proceso sostenido de trabajo colaborativo entre diversas instituciones, y con los gremios y asociaciones art\u00edsticas, lo que se realiza de manera transversal y participativa donde se establecen l\u00edneas de trabajo. Entonces, la Unesco reconoce que en Valpara\u00edso la vida musical es muy fuerte, que es una comuna que se caracteriza por tener a muchas personas que trabajan en torno a la m\u00fasica, por lo que es una actividad econ\u00f3mica y social muy importante para el desarrollo del territorio. Valpara\u00edso tiene uno de los mayores porcentajes de artistas como poblaci\u00f3n residente de la comuna a nivel nacional, eso se reconoce y se busca apoyar y visibilizar esto a nivel nacional e internacional.<\/p>\n\n\n\n<p>Eso por una parte, por otra, te integra a una red de ciudades creativas, que en Chile compartimos con Frutillar. Son m\u00e1s de 200 ciudades creativas en distintos campos, y eso te permite generar v\u00ednculos para iniciativas conjuntas.<\/p>\n\n\n\n<p>En otra instancia, se constituye un consejo de Valpara\u00edso Ciudad Creativa de la m\u00fasica, una gobernanza con diversas autoridades y representantes de organizaciones que generan un plan de trabajo que busca responder a las necesidades y potencialidades de la m\u00fasica en el territorio. Este plan tiene cuatro \u00e1mbitos de acci\u00f3n: dinamizaci\u00f3n del sector (internacionalizaci\u00f3n, profesionalizaci\u00f3n, estudios y sistemas de innovaci\u00f3n y emprendimiento), m\u00fasica y educaci\u00f3n (tiene que ver con Institutos y Universidades como con instituciones educativas formales e informales), turismo musical (como parte del desarrollo econ\u00f3mico, se debe visibilizar un trabajo intersectorial que realce esta caracter\u00edstica musical del territorio), y el \u00faltimo eje es desarrollo comunitario y buen vivir (que destaca c\u00f3mo la m\u00fasica promueve la construcci\u00f3n de tejido social y v\u00ednculos comunitarios). Todo esto va ligado a la identidad local, lo que contribuye a la vida en general: a la seguridad, por ejemplo, tambi\u00e9n mejora la salud mental, a la organizaci\u00f3n barrial, y as\u00ed a otras potencialidades.<\/p>\n\n\n\n<p><strong>\u00bfC\u00f3mo van con ese plan de acci\u00f3n desde el Consejo?<\/strong><\/p>\n\n\n\n<p>-Este a\u00f1o tenemos pr\u00f3ximamente una reuni\u00f3n de este consejo. Tenemos que evaluar la ejecuci\u00f3n del plan y revisarlo para los pr\u00f3ximos a\u00f1os, por lo que hay que hacer una cuenta p\u00fablica y elaborar los \u00e1mbitos y acciones que se comprometan para a\u00f1os venideros.\u00a0<\/p>\n\n\n\n<p><strong>\u00bfDe qu\u00e9 manera esta nominaci\u00f3n, con las otras que tiene Valpara\u00edso, pueden contribuir al desarrollo local de la comuna?<\/strong><\/p>\n\n\n\n<p>-Es importante mencionar que en el caso de Valpara\u00edso, tenemos la nominaci\u00f3n de Ciudad Creativa de la M\u00fasica, tambi\u00e9n la declaratoria de Sitio de Patrimonio Mundial de la Unesco &#8211; que es el sector del Barrio Puerto y Cerro Alegre -, y adem\u00e1s hay reconocimientos por el patrimonio inmaterial, reconocido por el estado de Chile, como lo es la bohemia tradicional. Entonces Valpara\u00edso ha sido reconocida excepcionalmente. <\/p>\n\n\n\n<p>En cuanto a c\u00f3mo se traduce esto en desarrollo, por ejemplo, para el Sitio de Patrimonio Mundial se cre\u00f3 la Corporaci\u00f3n de Desarrollo y Administraci\u00f3n del mismo, creada hace poco, y esa instituci\u00f3n espec\u00edfica se dedica al desarrollo, administraci\u00f3n y actividades culturales en torno al sector. La idea es generar actividad cultural que de cuenta de c\u00f3mo estos patrimonios van entrelazados, porque por ejemplo los cultores de la bohemia tradicional, se desarrollaron en este sitio hist\u00f3rico que es el territorio de Sitio de Patrimonio Mundial, un punto de intercambio cultural muy grande a nivel hist\u00f3rico. Por el Puerto de Valpara\u00edso entraron las primeras guitarras al pa\u00eds. Entonces, se ha desarrollado una escena muy importante y es necesario dar cuenta c\u00f3mo el patrimonio tanto material como inmaterial existen y relevar la ciudad tur\u00edsticamente desde ah\u00ed y que la gente se de cuenta del valor cultural, patrimonial e hist\u00f3rico que tienen todos estos elementos. Esto genera pertenencia, identidad local, activa el territorio, es circular. Hay que movilizarlo ya que es un aporte a la econom\u00eda local.<\/p>\n\n\n\n<p>Desde Desarrollo Econ\u00f3mico tambi\u00e9n se est\u00e1n llevando a cabo los \u201cboulevard\u201d, que son iniciativas donde se identifican sectores de la ciudad donde hay locales importantes y se hace un cierre de calles para hacer una ocupaci\u00f3n del espacio p\u00fablico y permitirle a la gente que disfrute de la ciudad con actividades musicales y culturales de por medio. Y esto reactiva la econom\u00eda que est\u00e1 abatida tras el estallido y la pandemia.<\/p>\n\n\n\n<p>Otro elemento es que hemos intentado hacer una programaci\u00f3n de plazas en el espacio p\u00fablico, trabajando en el \u00e1rea de Cultura Comunitaria, donde se genera una programaci\u00f3n en diversas plazas para descentralizar este desarrollo, llegar a Placilla, Laguna Verde, a todos los lugares de la comuna, activando el tejido social.&nbsp;<\/p>\n\n\n\n<p>Y ahora todos estas articulaciones se est\u00e1n comenzando a medir junto a Evento Medido, por ejemplo en el caso de la Cumbre del Bolero, para considerar su impacto econ\u00f3mico y tur\u00edstico, sociocultural, y tambi\u00e9n medioambiental. Estos indicadores nos permitir\u00e1n dar cifras y datos sobre todo lo que sucede con un evento como aquel. La idea es ampliar y continuar esta medici\u00f3n con el Festival de Jazz y el Festival Popular, y as\u00ed poder visibilizar esto: somos una ciudad cultural y es importante que nos demos cuenta del valor que esto tiene y c\u00f3mo nos contribuye a todos y todas.<\/p>\n\n\n\n<figure class=\"wp-block-image size-full\"><img decoding=\"async\" width=\"518\" height=\"383\" src=\"https:\/\/www.valparaisocreativo.cl\/wp-content\/uploads\/2023\/07\/Captura-de-Pantalla-2023-07-10-a-las-22.36.27.png\" alt=\"\" class=\"wp-image-15963\" srcset=\"https:\/\/dev.antudigital.cl\/sites\/vc\/wp-content\/uploads\/2023\/07\/Captura-de-Pantalla-2023-07-10-a-las-22.36.27.png 518w, https:\/\/dev.antudigital.cl\/sites\/vc\/wp-content\/uploads\/2023\/07\/Captura-de-Pantalla-2023-07-10-a-las-22.36.27-300x222.png 300w, https:\/\/dev.antudigital.cl\/sites\/vc\/wp-content\/uploads\/2023\/07\/Captura-de-Pantalla-2023-07-10-a-las-22.36.27-480x355.png 480w, https:\/\/dev.antudigital.cl\/sites\/vc\/wp-content\/uploads\/2023\/07\/Captura-de-Pantalla-2023-07-10-a-las-22.36.27-24x18.png 24w, https:\/\/dev.antudigital.cl\/sites\/vc\/wp-content\/uploads\/2023\/07\/Captura-de-Pantalla-2023-07-10-a-las-22.36.27-36x27.png 36w, https:\/\/dev.antudigital.cl\/sites\/vc\/wp-content\/uploads\/2023\/07\/Captura-de-Pantalla-2023-07-10-a-las-22.36.27-48x35.png 48w\" sizes=\"(max-width: 518px) 100vw, 518px\" \/><\/figure>\n\n\n\n<p><strong>\u00bfCu\u00e1les son las brechas que enfrentan hoy en d\u00eda? Que quiz\u00e1s se ver\u00e1 reflejado en las mediciones. Quisiera transmitir el impacto que esto genera a los y las ciudadanas. \u00bfC\u00f3mo observan ese desaf\u00edo?<\/strong><\/p>\n\n\n\n<p>-Es un desaf\u00edo s\u00faper importante. Creo que por una parte debemos continuar con lo que tenemos y hacerlo crecer, en cuanto a programaci\u00f3n por ejemplo, y tambi\u00e9n en cuanto a talleres. Por otro lado, hay un desaf\u00edo comunicacional bien importante, ya que hay que llegar a dialogar con las diversas comunidades. Ac\u00e1 hay brechas como de acceso a la comunicaci\u00f3n, la distancia geogr\u00e1fica que tienen ciertos sectores, hay v\u00ednculos territoriales importantes que tiene la alcald\u00eda que hay que usar y profundizar nuestra estrategia comunicacional como Ciudad Creativa de la M\u00fasica, para que la gente lo entienda como un bien propio el vivir en esta ciudad cultural que la hacemos todos y todas. Nosotros estamos trabajando en generar recursos para generar estudios que nos permitan entender los p\u00fablicos y territorios y crear una estrategia comunicacional que sea m\u00e1s adecuada. Por ejemplo profundizar la comunicaci\u00f3n en radios locales, u otros, por eso el trabajo articulado con otras instituciones es fundamental. En ese sentido hacemos un llamado, las puertas est\u00e1n abiertas, ya que es un activo de todas y todos y que nos podamos apropiar de esto.<\/p>\n\n\n\n<p><strong>\u00bfQu\u00e9 han observado de otras Ciudades creativas de la m\u00fasica?<\/strong><\/p>\n\n\n\n<p>-Han habido algunas instancias de conversaci\u00f3n tanto con Frutillar ac\u00e1 como con otros pa\u00edses, donde hay experiencias muy diversas. El mismo caso de Frutillar, que est\u00e1 mucho m\u00e1s enfocado en el Teatro del Lago, por ejemplo. Es muy interesante tener esos intercambios de experiencias. La idea es propiciarlas para trazar rutas comunes y otras activaciones como corredores culturales, que es un sue\u00f1o. Tambi\u00e9n participamos en la Red Nacional de Territorios Creativos, y tambi\u00e9n la red de Bares Notables de Latinoam\u00e9rica, donde nos articulamos con Buenos Aires, que se enfocan en bares hist\u00f3ricos por infraestructura o tradici\u00f3n. Ah\u00ed tambi\u00e9n participan Brasil y M\u00e9xico y nos hemos conocido y hemos hablado de establecer hitos comunes.<\/p>\n\n\n\n<p><strong>Aparte de tu trabajo como Punto Focal Unesco, \u00bfcu\u00e1les son tus desaf\u00edos actuales?<\/strong><\/p>\n\n\n\n<p>-Como Fomento Creativo trabajamos en las distintas artes y disciplinas que se dan en la ciudad. Por un lado trabajamos fuertemente en la consolidaci\u00f3n de convenios con instituciones locales como la Universidad de Valpara\u00edso y el Instituto Arcos, ah\u00ed hemos empezado a generar unas primeras actividades a trav\u00e9s de la mesa de artesan\u00eda. Tambi\u00e9n los convenios internacionales, trabajamos bastante para consolidarlos y crecer en cuanto a ciudades de Colombia, Per\u00fa y Argentina, para generar intercambios de artistas.<\/p>\n\n\n\n<p>Una cosa muy interesante es la Bienal Internacional de Artes de Valpara\u00edso, a realizarse entre abril y mayo del pr\u00f3ximo a\u00f1o, esto es la recuperaci\u00f3n de una actividad que tuvo mucha importancia, que comenz\u00f3 en el a\u00f1o 1973, el 6 de septiembre, y luego de eso vivi\u00f3 procesos muy complejos en el contexto de la dictadura c\u00edvico-militar, que terminaron con el evento en el a\u00f1o 1995, y este es un a\u00f1o de memoria, \u00bfno? Por lo que es un hito de restituci\u00f3n simb\u00f3lica de lo que ha ocurrido en estos 50 a\u00f1os y es una activaci\u00f3n territorial de la ciudad. La idea es que todos los sectores dialoguen con la Bienal, que toda la escena art\u00edstica de la ciudad se encuentre. Estamos trabajando en lo que va a ser y pr\u00f3ximamente lanzaremos la actividad.<\/p>\n\n\n\n<p>Finalmente estamos trabajando en los festivales que se vienen, Festival de Jazz y Festival popular, junto con el A\u00f1o Nuevo que este a\u00f1o va a crecer, va a ser cada vez m\u00e1s grande. Y siguen las reuniones de las mesas comunales de cultura, que son espacios de participaci\u00f3n ciudadana donde cualquier persona puede venir a aportar al trabajo de la pol\u00edtica local en las distintas \u00e1reas culturales y art\u00edsticas. Y se pueden levantar iniciativas hasta proyectos, y los presupuestos participativos en esto son una forma de superar la concursabilidad. Entonces se dispone un presupuesto para cada mesa por \u00e1rea y se da a una organizaci\u00f3n colectiva que hace un proyecto que aporte a la comunidad desde estos sectores. Ahora julio es el \u00faltimo mes de dise\u00f1o de estos proyectos y luego su ejecuci\u00f3n. Eso nos tiene muy contentos, ya que es una apuesta de esta alcald\u00eda.<\/p>\n\n\n\n<figure class=\"wp-block-image size-full\"><img loading=\"lazy\" decoding=\"async\" width=\"573\" height=\"382\" src=\"https:\/\/www.valparaisocreativo.cl\/wp-content\/uploads\/2023\/07\/Captura-de-Pantalla-2023-07-10-a-las-22.38.30.png\" alt=\"\" class=\"wp-image-15960\" srcset=\"https:\/\/dev.antudigital.cl\/sites\/vc\/wp-content\/uploads\/2023\/07\/Captura-de-Pantalla-2023-07-10-a-las-22.38.30.png 573w, https:\/\/dev.antudigital.cl\/sites\/vc\/wp-content\/uploads\/2023\/07\/Captura-de-Pantalla-2023-07-10-a-las-22.38.30-300x200.png 300w, https:\/\/dev.antudigital.cl\/sites\/vc\/wp-content\/uploads\/2023\/07\/Captura-de-Pantalla-2023-07-10-a-las-22.38.30-480x320.png 480w, https:\/\/dev.antudigital.cl\/sites\/vc\/wp-content\/uploads\/2023\/07\/Captura-de-Pantalla-2023-07-10-a-las-22.38.30-24x16.png 24w, https:\/\/dev.antudigital.cl\/sites\/vc\/wp-content\/uploads\/2023\/07\/Captura-de-Pantalla-2023-07-10-a-las-22.38.30-36x24.png 36w, https:\/\/dev.antudigital.cl\/sites\/vc\/wp-content\/uploads\/2023\/07\/Captura-de-Pantalla-2023-07-10-a-las-22.38.30-48x32.png 48w\" sizes=\"(max-width: 573px) 100vw, 573px\" \/><\/figure>\n\n\n\n<p><strong>Finalmente, \u00bfqu\u00e9 pasa con el Teatro Municipal? \u00bfC\u00f3mo est\u00e1 siendo gestionado hoy?<\/strong><\/p>\n\n\n\n<p>-Este a\u00f1o ha tenido dos mejoras s\u00faper importantes, mejoramiento de iluminaci\u00f3n y de amplificaci\u00f3n y sonido y ha sido un gran cambio. Contamos con una infraestructura de alto nivel para espect\u00e1culos de muy buena calidad, lo que ha hecho que hoy su programaci\u00f3n est\u00e1 bastante robusta entre propuestas externas y la cartelera de la alcald\u00eda. Ahora tenemos una programaci\u00f3n especial de vacaciones de invierno, y esto es totalmente gratuito.&nbsp;<\/p>\n\n\n\n<p>Tambi\u00e9n estamos en fortalecimiento de la Galer\u00eda Municipal de Artes, que se encuentra junto al Museo de Historia Natural, es un espacio muy interesante, yo invito a que las personas vayan ya que una se sorprende. Lo hemos estado cuidando constantemente y tendr\u00e1 una remodelaci\u00f3n a final de a\u00f1o, pero mientras hay exposiciones de ac\u00e1 a noviembre y la idea es usarla tanto para artes visuales, como arte contempor\u00e1neo, sonoro, y as\u00ed. Y lo mismo queremos hacer con el Ascensor Concepci\u00f3n que est\u00e1 rehabilitado y remodelado con unas salas donde haremos hartas actividades.<\/p>\n","protected":false},"excerpt":{"rendered":"<p>Por: Valentinne Rudolphy Fotograf\u00edas de : @valpocultura Manuela G\u00f3mezjurado es Coordinadora de Fomento Creativo de la Direcci\u00f3n de Desarrollo Cultural de la Municipalidad de Valpara\u00edso y Punto Focal Unesco de la misma, comprendiendo en sus actividades lo que es la gesti\u00f3n de la nominaci\u00f3n de Valpara\u00edso como Ciudad Creativa de la M\u00fasica. Abarcamos muchos temas, [&hellip;]<\/p>\n","protected":false},"author":1,"featured_media":15964,"comment_status":"closed","ping_status":"closed","sticky":false,"template":"","format":"standard","meta":{"_acf_changed":false,"footnotes":""},"categories":[1],"tags":[],"class_list":["post-15966","post","type-post","status-publish","format-standard","has-post-thumbnail","hentry","category-uncategorized"],"acf":[],"yoast_head":"<!-- This site is optimized with the Yoast SEO plugin v27.1.1 - https:\/\/yoast.com\/product\/yoast-seo-wordpress\/ -->\n<title>\u00bfQu\u00e9 es Valpara\u00edso Ciudad Creativa de la M\u00fasica? - Valpara\u00ed\u00adso Creativo<\/title>\n<meta name=\"robots\" content=\"index, follow, max-snippet:-1, max-image-preview:large, max-video-preview:-1\" \/>\n<link rel=\"canonical\" href=\"https:\/\/dev.antudigital.cl\/sites\/vc\/que-es-valparaiso-ciudad-creativa-de-la-musica\/\" \/>\n<meta property=\"og:locale\" content=\"es_ES\" \/>\n<meta property=\"og:type\" content=\"article\" \/>\n<meta property=\"og:title\" content=\"\u00bfQu\u00e9 es Valpara\u00edso Ciudad Creativa de la M\u00fasica? - Valpara\u00ed\u00adso Creativo\" \/>\n<meta property=\"og:description\" content=\"Por: Valentinne Rudolphy Fotograf\u00edas de : @valpocultura Manuela G\u00f3mezjurado es Coordinadora de Fomento Creativo de la Direcci\u00f3n de Desarrollo Cultural de la Municipalidad de Valpara\u00edso y Punto Focal Unesco de la misma, comprendiendo en sus actividades lo que es la gesti\u00f3n de la nominaci\u00f3n de Valpara\u00edso como Ciudad Creativa de la M\u00fasica. Abarcamos muchos temas, [&hellip;]\" \/>\n<meta property=\"og:url\" content=\"https:\/\/dev.antudigital.cl\/sites\/vc\/que-es-valparaiso-ciudad-creativa-de-la-musica\/\" \/>\n<meta property=\"og:site_name\" content=\"Valpara\u00ed\u00adso Creativo\" \/>\n<meta property=\"article:published_time\" content=\"2023-07-11T04:11:27+00:00\" \/>\n<meta property=\"article:modified_time\" content=\"2023-07-26T03:36:26+00:00\" \/>\n<meta property=\"og:image\" content=\"https:\/\/dev.antudigital.cl\/sites\/vc\/wp-content\/uploads\/2023\/07\/Captura-de-Pantalla-2023-07-10-a-las-22.36.11.png\" \/>\n\t<meta property=\"og:image:width\" content=\"572\" \/>\n\t<meta property=\"og:image:height\" content=\"386\" \/>\n\t<meta property=\"og:image:type\" content=\"image\/png\" \/>\n<meta name=\"author\" content=\"Valpara\u00edso Creativo\" \/>\n<meta name=\"twitter:card\" content=\"summary_large_image\" \/>\n<meta name=\"twitter:label1\" content=\"Escrito por\" \/>\n\t<meta name=\"twitter:data1\" content=\"Valpara\u00edso Creativo\" \/>\n\t<meta name=\"twitter:label2\" content=\"Tiempo de lectura\" \/>\n\t<meta name=\"twitter:data2\" content=\"12 minutos\" \/>\n<script type=\"application\/ld+json\" class=\"yoast-schema-graph\">{\"@context\":\"https:\/\/schema.org\",\"@graph\":[{\"@type\":\"Article\",\"@id\":\"https:\/\/dev.antudigital.cl\/sites\/vc\/que-es-valparaiso-ciudad-creativa-de-la-musica\/#article\",\"isPartOf\":{\"@id\":\"https:\/\/dev.antudigital.cl\/sites\/vc\/que-es-valparaiso-ciudad-creativa-de-la-musica\/\"},\"author\":{\"name\":\"Valpara\u00edso Creativo\",\"@id\":\"https:\/\/dev.antudigital.cl\/sites\/vc\/#\/schema\/person\/c2b9da8dd545e27166fc5ab232837318\"},\"headline\":\"\u00bfQu\u00e9 es Valpara\u00edso Ciudad Creativa de la M\u00fasica?\",\"datePublished\":\"2023-07-11T04:11:27+00:00\",\"dateModified\":\"2023-07-26T03:36:26+00:00\",\"mainEntityOfPage\":{\"@id\":\"https:\/\/dev.antudigital.cl\/sites\/vc\/que-es-valparaiso-ciudad-creativa-de-la-musica\/\"},\"wordCount\":2623,\"image\":{\"@id\":\"https:\/\/dev.antudigital.cl\/sites\/vc\/que-es-valparaiso-ciudad-creativa-de-la-musica\/#primaryimage\"},\"thumbnailUrl\":\"https:\/\/dev.antudigital.cl\/sites\/vc\/wp-content\/uploads\/2023\/07\/Captura-de-Pantalla-2023-07-10-a-las-22.36.11.png\",\"articleSection\":[\"Uncategorized\"],\"inLanguage\":\"es\"},{\"@type\":\"WebPage\",\"@id\":\"https:\/\/dev.antudigital.cl\/sites\/vc\/que-es-valparaiso-ciudad-creativa-de-la-musica\/\",\"url\":\"https:\/\/dev.antudigital.cl\/sites\/vc\/que-es-valparaiso-ciudad-creativa-de-la-musica\/\",\"name\":\"\u00bfQu\u00e9 es Valpara\u00edso Ciudad Creativa de la M\u00fasica? - Valpara\u00ed\u00adso Creativo\",\"isPartOf\":{\"@id\":\"https:\/\/dev.antudigital.cl\/sites\/vc\/#website\"},\"primaryImageOfPage\":{\"@id\":\"https:\/\/dev.antudigital.cl\/sites\/vc\/que-es-valparaiso-ciudad-creativa-de-la-musica\/#primaryimage\"},\"image\":{\"@id\":\"https:\/\/dev.antudigital.cl\/sites\/vc\/que-es-valparaiso-ciudad-creativa-de-la-musica\/#primaryimage\"},\"thumbnailUrl\":\"https:\/\/dev.antudigital.cl\/sites\/vc\/wp-content\/uploads\/2023\/07\/Captura-de-Pantalla-2023-07-10-a-las-22.36.11.png\",\"datePublished\":\"2023-07-11T04:11:27+00:00\",\"dateModified\":\"2023-07-26T03:36:26+00:00\",\"author\":{\"@id\":\"https:\/\/dev.antudigital.cl\/sites\/vc\/#\/schema\/person\/c2b9da8dd545e27166fc5ab232837318\"},\"breadcrumb\":{\"@id\":\"https:\/\/dev.antudigital.cl\/sites\/vc\/que-es-valparaiso-ciudad-creativa-de-la-musica\/#breadcrumb\"},\"inLanguage\":\"es\",\"potentialAction\":[{\"@type\":\"ReadAction\",\"target\":[\"https:\/\/dev.antudigital.cl\/sites\/vc\/que-es-valparaiso-ciudad-creativa-de-la-musica\/\"]}]},{\"@type\":\"ImageObject\",\"inLanguage\":\"es\",\"@id\":\"https:\/\/dev.antudigital.cl\/sites\/vc\/que-es-valparaiso-ciudad-creativa-de-la-musica\/#primaryimage\",\"url\":\"https:\/\/dev.antudigital.cl\/sites\/vc\/wp-content\/uploads\/2023\/07\/Captura-de-Pantalla-2023-07-10-a-las-22.36.11.png\",\"contentUrl\":\"https:\/\/dev.antudigital.cl\/sites\/vc\/wp-content\/uploads\/2023\/07\/Captura-de-Pantalla-2023-07-10-a-las-22.36.11.png\",\"width\":572,\"height\":386},{\"@type\":\"BreadcrumbList\",\"@id\":\"https:\/\/dev.antudigital.cl\/sites\/vc\/que-es-valparaiso-ciudad-creativa-de-la-musica\/#breadcrumb\",\"itemListElement\":[{\"@type\":\"ListItem\",\"position\":1,\"name\":\"Home\",\"item\":\"https:\/\/dev.antudigital.cl\/sites\/vc\/\"},{\"@type\":\"ListItem\",\"position\":2,\"name\":\"\u00bfQu\u00e9 es Valpara\u00edso Ciudad Creativa de la M\u00fasica?\"}]},{\"@type\":\"WebSite\",\"@id\":\"https:\/\/dev.antudigital.cl\/sites\/vc\/#website\",\"url\":\"https:\/\/dev.antudigital.cl\/sites\/vc\/\",\"name\":\"Valpara\u00ed\u00adso Creativo\",\"description\":\"\",\"potentialAction\":[{\"@type\":\"SearchAction\",\"target\":{\"@type\":\"EntryPoint\",\"urlTemplate\":\"https:\/\/dev.antudigital.cl\/sites\/vc\/?s={search_term_string}\"},\"query-input\":{\"@type\":\"PropertyValueSpecification\",\"valueRequired\":true,\"valueName\":\"search_term_string\"}}],\"inLanguage\":\"es\"},{\"@type\":\"Person\",\"@id\":\"https:\/\/dev.antudigital.cl\/sites\/vc\/#\/schema\/person\/c2b9da8dd545e27166fc5ab232837318\",\"name\":\"Valpara\u00edso Creativo\",\"description\":\"Periodista de cultura en la Regi\u00f3n de Valpara\u00edso.\",\"url\":\"https:\/\/dev.antudigital.cl\/sites\/vc\/author\/valpoadmin\/\"}]}<\/script>\n<!-- \/ Yoast SEO plugin. -->","yoast_head_json":{"title":"\u00bfQu\u00e9 es Valpara\u00edso Ciudad Creativa de la M\u00fasica? - Valpara\u00ed\u00adso Creativo","robots":{"index":"index","follow":"follow","max-snippet":"max-snippet:-1","max-image-preview":"max-image-preview:large","max-video-preview":"max-video-preview:-1"},"canonical":"https:\/\/dev.antudigital.cl\/sites\/vc\/que-es-valparaiso-ciudad-creativa-de-la-musica\/","og_locale":"es_ES","og_type":"article","og_title":"\u00bfQu\u00e9 es Valpara\u00edso Ciudad Creativa de la M\u00fasica? - Valpara\u00ed\u00adso Creativo","og_description":"Por: Valentinne Rudolphy Fotograf\u00edas de : @valpocultura Manuela G\u00f3mezjurado es Coordinadora de Fomento Creativo de la Direcci\u00f3n de Desarrollo Cultural de la Municipalidad de Valpara\u00edso y Punto Focal Unesco de la misma, comprendiendo en sus actividades lo que es la gesti\u00f3n de la nominaci\u00f3n de Valpara\u00edso como Ciudad Creativa de la M\u00fasica. Abarcamos muchos temas, [&hellip;]","og_url":"https:\/\/dev.antudigital.cl\/sites\/vc\/que-es-valparaiso-ciudad-creativa-de-la-musica\/","og_site_name":"Valpara\u00ed\u00adso Creativo","article_published_time":"2023-07-11T04:11:27+00:00","article_modified_time":"2023-07-26T03:36:26+00:00","og_image":[{"width":572,"height":386,"url":"https:\/\/dev.antudigital.cl\/sites\/vc\/wp-content\/uploads\/2023\/07\/Captura-de-Pantalla-2023-07-10-a-las-22.36.11.png","type":"image\/png"}],"author":"Valpara\u00edso Creativo","twitter_card":"summary_large_image","twitter_misc":{"Escrito por":"Valpara\u00edso Creativo","Tiempo de lectura":"12 minutos"},"schema":{"@context":"https:\/\/schema.org","@graph":[{"@type":"Article","@id":"https:\/\/dev.antudigital.cl\/sites\/vc\/que-es-valparaiso-ciudad-creativa-de-la-musica\/#article","isPartOf":{"@id":"https:\/\/dev.antudigital.cl\/sites\/vc\/que-es-valparaiso-ciudad-creativa-de-la-musica\/"},"author":{"name":"Valpara\u00edso Creativo","@id":"https:\/\/dev.antudigital.cl\/sites\/vc\/#\/schema\/person\/c2b9da8dd545e27166fc5ab232837318"},"headline":"\u00bfQu\u00e9 es Valpara\u00edso Ciudad Creativa de la M\u00fasica?","datePublished":"2023-07-11T04:11:27+00:00","dateModified":"2023-07-26T03:36:26+00:00","mainEntityOfPage":{"@id":"https:\/\/dev.antudigital.cl\/sites\/vc\/que-es-valparaiso-ciudad-creativa-de-la-musica\/"},"wordCount":2623,"image":{"@id":"https:\/\/dev.antudigital.cl\/sites\/vc\/que-es-valparaiso-ciudad-creativa-de-la-musica\/#primaryimage"},"thumbnailUrl":"https:\/\/dev.antudigital.cl\/sites\/vc\/wp-content\/uploads\/2023\/07\/Captura-de-Pantalla-2023-07-10-a-las-22.36.11.png","articleSection":["Uncategorized"],"inLanguage":"es"},{"@type":"WebPage","@id":"https:\/\/dev.antudigital.cl\/sites\/vc\/que-es-valparaiso-ciudad-creativa-de-la-musica\/","url":"https:\/\/dev.antudigital.cl\/sites\/vc\/que-es-valparaiso-ciudad-creativa-de-la-musica\/","name":"\u00bfQu\u00e9 es Valpara\u00edso Ciudad Creativa de la M\u00fasica? - Valpara\u00ed\u00adso Creativo","isPartOf":{"@id":"https:\/\/dev.antudigital.cl\/sites\/vc\/#website"},"primaryImageOfPage":{"@id":"https:\/\/dev.antudigital.cl\/sites\/vc\/que-es-valparaiso-ciudad-creativa-de-la-musica\/#primaryimage"},"image":{"@id":"https:\/\/dev.antudigital.cl\/sites\/vc\/que-es-valparaiso-ciudad-creativa-de-la-musica\/#primaryimage"},"thumbnailUrl":"https:\/\/dev.antudigital.cl\/sites\/vc\/wp-content\/uploads\/2023\/07\/Captura-de-Pantalla-2023-07-10-a-las-22.36.11.png","datePublished":"2023-07-11T04:11:27+00:00","dateModified":"2023-07-26T03:36:26+00:00","author":{"@id":"https:\/\/dev.antudigital.cl\/sites\/vc\/#\/schema\/person\/c2b9da8dd545e27166fc5ab232837318"},"breadcrumb":{"@id":"https:\/\/dev.antudigital.cl\/sites\/vc\/que-es-valparaiso-ciudad-creativa-de-la-musica\/#breadcrumb"},"inLanguage":"es","potentialAction":[{"@type":"ReadAction","target":["https:\/\/dev.antudigital.cl\/sites\/vc\/que-es-valparaiso-ciudad-creativa-de-la-musica\/"]}]},{"@type":"ImageObject","inLanguage":"es","@id":"https:\/\/dev.antudigital.cl\/sites\/vc\/que-es-valparaiso-ciudad-creativa-de-la-musica\/#primaryimage","url":"https:\/\/dev.antudigital.cl\/sites\/vc\/wp-content\/uploads\/2023\/07\/Captura-de-Pantalla-2023-07-10-a-las-22.36.11.png","contentUrl":"https:\/\/dev.antudigital.cl\/sites\/vc\/wp-content\/uploads\/2023\/07\/Captura-de-Pantalla-2023-07-10-a-las-22.36.11.png","width":572,"height":386},{"@type":"BreadcrumbList","@id":"https:\/\/dev.antudigital.cl\/sites\/vc\/que-es-valparaiso-ciudad-creativa-de-la-musica\/#breadcrumb","itemListElement":[{"@type":"ListItem","position":1,"name":"Home","item":"https:\/\/dev.antudigital.cl\/sites\/vc\/"},{"@type":"ListItem","position":2,"name":"\u00bfQu\u00e9 es Valpara\u00edso Ciudad Creativa de la M\u00fasica?"}]},{"@type":"WebSite","@id":"https:\/\/dev.antudigital.cl\/sites\/vc\/#website","url":"https:\/\/dev.antudigital.cl\/sites\/vc\/","name":"Valpara\u00ed\u00adso Creativo","description":"","potentialAction":[{"@type":"SearchAction","target":{"@type":"EntryPoint","urlTemplate":"https:\/\/dev.antudigital.cl\/sites\/vc\/?s={search_term_string}"},"query-input":{"@type":"PropertyValueSpecification","valueRequired":true,"valueName":"search_term_string"}}],"inLanguage":"es"},{"@type":"Person","@id":"https:\/\/dev.antudigital.cl\/sites\/vc\/#\/schema\/person\/c2b9da8dd545e27166fc5ab232837318","name":"Valpara\u00edso Creativo","description":"Periodista de cultura en la Regi\u00f3n de Valpara\u00edso.","url":"https:\/\/dev.antudigital.cl\/sites\/vc\/author\/valpoadmin\/"}]}},"_links":{"self":[{"href":"https:\/\/dev.antudigital.cl\/sites\/vc\/wp-json\/wp\/v2\/posts\/15966","targetHints":{"allow":["GET"]}}],"collection":[{"href":"https:\/\/dev.antudigital.cl\/sites\/vc\/wp-json\/wp\/v2\/posts"}],"about":[{"href":"https:\/\/dev.antudigital.cl\/sites\/vc\/wp-json\/wp\/v2\/types\/post"}],"author":[{"embeddable":true,"href":"https:\/\/dev.antudigital.cl\/sites\/vc\/wp-json\/wp\/v2\/users\/1"}],"replies":[{"embeddable":true,"href":"https:\/\/dev.antudigital.cl\/sites\/vc\/wp-json\/wp\/v2\/comments?post=15966"}],"version-history":[{"count":1,"href":"https:\/\/dev.antudigital.cl\/sites\/vc\/wp-json\/wp\/v2\/posts\/15966\/revisions"}],"predecessor-version":[{"id":15967,"href":"https:\/\/dev.antudigital.cl\/sites\/vc\/wp-json\/wp\/v2\/posts\/15966\/revisions\/15967"}],"wp:featuredmedia":[{"embeddable":true,"href":"https:\/\/dev.antudigital.cl\/sites\/vc\/wp-json\/wp\/v2\/media\/15964"}],"wp:attachment":[{"href":"https:\/\/dev.antudigital.cl\/sites\/vc\/wp-json\/wp\/v2\/media?parent=15966"}],"wp:term":[{"taxonomy":"category","embeddable":true,"href":"https:\/\/dev.antudigital.cl\/sites\/vc\/wp-json\/wp\/v2\/categories?post=15966"},{"taxonomy":"post_tag","embeddable":true,"href":"https:\/\/dev.antudigital.cl\/sites\/vc\/wp-json\/wp\/v2\/tags?post=15966"}],"curies":[{"name":"wp","href":"https:\/\/api.w.org\/{rel}","templated":true}]}}