{"id":16017,"date":"2023-07-18T00:18:02","date_gmt":"2023-07-18T00:18:02","guid":{"rendered":"https:\/\/www.valparaisocreativo.cl\/?p=16017"},"modified":"2023-07-26T03:36:04","modified_gmt":"2023-07-26T03:36:04","slug":"doble-inauguracion-en-centex","status":"publish","type":"post","link":"https:\/\/dev.antudigital.cl\/sites\/vc\/doble-inauguracion-en-centex\/","title":{"rendered":"Doble inauguraci\u00f3n en Centex"},"content":{"rendered":"\n<p>La Tribu del Viento presenta una exposici\u00f3n que destaca los grabados de Loro Coir\u00f3n. La muestra se llevar\u00e1 a cabo desde el 29 de julio hasta el 31 de octubre en el Hall Central. Adem\u00e1s, se agregar\u00e1 la inauguraci\u00f3n de la exhibici\u00f3n de fotograf\u00edas de la memoria de Luis Navarro en una doble inauguraci\u00f3n de Centex, ubicado en Sotomayor 233.<\/p>\n\n\n\n<p>La exposici\u00f3n es un reconocimiento al maestro del viento, Loro Coir\u00f3n, quien ha mantenido un di\u00e1logo constante con la ciudad, represent\u00e1ndola a trav\u00e9s de su arte. La muestra busca mostrar la conexi\u00f3n entre la ciudad y estos creadores, quienes han dejado una huella en los rincones m\u00e1s invisibles de Valpara\u00edso.<\/p>\n\n\n\n<p>En palabras de Patricio Gonz\u00e1lez, productor de Centex, \u00abLa Tribu del Viento\u00bb se refiere \u00abal susurro creativo que une a todos los artistas, como un ruido producido por el roce del viento. La exposici\u00f3n incluir\u00e1 diez cuadros que representan diferentes momentos de la m\u00fasica porte\u00f1a, desde m\u00fasicos locales, pasando por m\u00fasicos callejeros, la cueca y el bolero\u00bb.<\/p>\n\n\n\n<p>En la exposici\u00f3n de Loro Coir\u00f3n, se releva la importancia de Valpara\u00edso, que radica en su poder po\u00e9tico e inspirador, su belleza y sus creadores. Estos elementos se apreciar\u00e1n en los grabados.<\/p>\n\n\n\n<p>En paralelo, se exhibir\u00e1n las fotograf\u00edas de la memoria de Luis Navarro, que abarcan temas como los derechos humanos, las pr\u00e1cticas culturales de la comunidad gitana, retratos de la transici\u00f3n democr\u00e1tica y sus viajes por Europa. La memoria es un elemento fuerte en la obra de Navarro. Las im\u00e1genes de reflejan su visi\u00f3n art\u00edstica, sensible, apasionada y valiente, estableciendo una relaci\u00f3n entre formas y colores.<\/p>\n\n\n\n<p>Todos y todas invitados el s\u00e1bado 29 a las 12:00hrs. en Centex.<\/p>\n\n\n\n<figure class=\"wp-block-image size-full\"><img fetchpriority=\"high\" decoding=\"async\" width=\"763\" height=\"692\" src=\"https:\/\/www.valparaisocreativo.cl\/wp-content\/uploads\/2023\/07\/Afiche-Centex-Nuevo-Ciclo.jpg\" alt=\"\" class=\"wp-image-16039\" srcset=\"https:\/\/dev.antudigital.cl\/sites\/vc\/wp-content\/uploads\/2023\/07\/Afiche-Centex-Nuevo-Ciclo.jpg 763w, https:\/\/dev.antudigital.cl\/sites\/vc\/wp-content\/uploads\/2023\/07\/Afiche-Centex-Nuevo-Ciclo-300x272.jpg 300w, https:\/\/dev.antudigital.cl\/sites\/vc\/wp-content\/uploads\/2023\/07\/Afiche-Centex-Nuevo-Ciclo-480x435.jpg 480w, https:\/\/dev.antudigital.cl\/sites\/vc\/wp-content\/uploads\/2023\/07\/Afiche-Centex-Nuevo-Ciclo-24x22.jpg 24w, https:\/\/dev.antudigital.cl\/sites\/vc\/wp-content\/uploads\/2023\/07\/Afiche-Centex-Nuevo-Ciclo-36x33.jpg 36w, https:\/\/dev.antudigital.cl\/sites\/vc\/wp-content\/uploads\/2023\/07\/Afiche-Centex-Nuevo-Ciclo-48x44.jpg 48w\" sizes=\"(max-width: 763px) 100vw, 763px\" \/><\/figure>\n","protected":false},"excerpt":{"rendered":"<p>La Tribu del Viento presenta una exposici\u00f3n que destaca los grabados de Loro Coir\u00f3n. La muestra se llevar\u00e1 a cabo desde el 29 de julio hasta el 31 de octubre en el Hall Central. Adem\u00e1s, se agregar\u00e1 la inauguraci\u00f3n de la exhibici\u00f3n de fotograf\u00edas de la memoria de Luis Navarro en una doble inauguraci\u00f3n de [&hellip;]<\/p>\n","protected":false},"author":1,"featured_media":16019,"comment_status":"closed","ping_status":"closed","sticky":false,"template":"","format":"standard","meta":{"_acf_changed":false,"footnotes":""},"categories":[1],"tags":[],"class_list":["post-16017","post","type-post","status-publish","format-standard","has-post-thumbnail","hentry","category-uncategorized"],"acf":[],"yoast_head":"<!-- This site is optimized with the Yoast SEO plugin v27.1.1 - https:\/\/yoast.com\/product\/yoast-seo-wordpress\/ -->\n<title>Doble inauguraci\u00f3n en Centex - Valpara\u00ed\u00adso Creativo<\/title>\n<meta name=\"robots\" content=\"index, follow, max-snippet:-1, max-image-preview:large, max-video-preview:-1\" \/>\n<link rel=\"canonical\" href=\"https:\/\/dev.antudigital.cl\/sites\/vc\/doble-inauguracion-en-centex\/\" \/>\n<meta property=\"og:locale\" content=\"es_ES\" \/>\n<meta property=\"og:type\" content=\"article\" \/>\n<meta property=\"og:title\" content=\"Doble inauguraci\u00f3n en Centex - Valpara\u00ed\u00adso Creativo\" \/>\n<meta property=\"og:description\" content=\"La Tribu del Viento presenta una exposici\u00f3n que destaca los grabados de Loro Coir\u00f3n. La muestra se llevar\u00e1 a cabo desde el 29 de julio hasta el 31 de octubre en el Hall Central. Adem\u00e1s, se agregar\u00e1 la inauguraci\u00f3n de la exhibici\u00f3n de fotograf\u00edas de la memoria de Luis Navarro en una doble inauguraci\u00f3n de [&hellip;]\" \/>\n<meta property=\"og:url\" content=\"https:\/\/dev.antudigital.cl\/sites\/vc\/doble-inauguracion-en-centex\/\" \/>\n<meta property=\"og:site_name\" content=\"Valpara\u00ed\u00adso Creativo\" \/>\n<meta property=\"article:published_time\" content=\"2023-07-18T00:18:02+00:00\" \/>\n<meta property=\"article:modified_time\" content=\"2023-07-26T03:36:04+00:00\" \/>\n<meta property=\"og:image\" content=\"https:\/\/dev.antudigital.cl\/sites\/vc\/wp-content\/uploads\/2023\/07\/Captura-de-Pantalla-2023-07-17-a-las-20.05.04.png\" \/>\n\t<meta property=\"og:image:width\" content=\"577\" \/>\n\t<meta property=\"og:image:height\" content=\"312\" \/>\n\t<meta property=\"og:image:type\" content=\"image\/png\" \/>\n<meta name=\"author\" content=\"Valpara\u00edso Creativo\" \/>\n<meta name=\"twitter:card\" content=\"summary_large_image\" \/>\n<meta name=\"twitter:label1\" content=\"Escrito por\" \/>\n\t<meta name=\"twitter:data1\" content=\"Valpara\u00edso Creativo\" \/>\n\t<meta name=\"twitter:label2\" content=\"Tiempo de lectura\" \/>\n\t<meta name=\"twitter:data2\" content=\"2 minutos\" \/>\n<script type=\"application\/ld+json\" class=\"yoast-schema-graph\">{\"@context\":\"https:\/\/schema.org\",\"@graph\":[{\"@type\":\"Article\",\"@id\":\"https:\/\/dev.antudigital.cl\/sites\/vc\/doble-inauguracion-en-centex\/#article\",\"isPartOf\":{\"@id\":\"https:\/\/dev.antudigital.cl\/sites\/vc\/doble-inauguracion-en-centex\/\"},\"author\":{\"name\":\"Valpara\u00edso Creativo\",\"@id\":\"https:\/\/dev.antudigital.cl\/sites\/vc\/#\/schema\/person\/c2b9da8dd545e27166fc5ab232837318\"},\"headline\":\"Doble inauguraci\u00f3n en Centex\",\"datePublished\":\"2023-07-18T00:18:02+00:00\",\"dateModified\":\"2023-07-26T03:36:04+00:00\",\"mainEntityOfPage\":{\"@id\":\"https:\/\/dev.antudigital.cl\/sites\/vc\/doble-inauguracion-en-centex\/\"},\"wordCount\":313,\"image\":{\"@id\":\"https:\/\/dev.antudigital.cl\/sites\/vc\/doble-inauguracion-en-centex\/#primaryimage\"},\"thumbnailUrl\":\"https:\/\/dev.antudigital.cl\/sites\/vc\/wp-content\/uploads\/2023\/07\/Captura-de-Pantalla-2023-07-17-a-las-20.05.04.png\",\"articleSection\":[\"Uncategorized\"],\"inLanguage\":\"es\"},{\"@type\":\"WebPage\",\"@id\":\"https:\/\/dev.antudigital.cl\/sites\/vc\/doble-inauguracion-en-centex\/\",\"url\":\"https:\/\/dev.antudigital.cl\/sites\/vc\/doble-inauguracion-en-centex\/\",\"name\":\"Doble inauguraci\u00f3n en Centex - Valpara\u00ed\u00adso Creativo\",\"isPartOf\":{\"@id\":\"https:\/\/dev.antudigital.cl\/sites\/vc\/#website\"},\"primaryImageOfPage\":{\"@id\":\"https:\/\/dev.antudigital.cl\/sites\/vc\/doble-inauguracion-en-centex\/#primaryimage\"},\"image\":{\"@id\":\"https:\/\/dev.antudigital.cl\/sites\/vc\/doble-inauguracion-en-centex\/#primaryimage\"},\"thumbnailUrl\":\"https:\/\/dev.antudigital.cl\/sites\/vc\/wp-content\/uploads\/2023\/07\/Captura-de-Pantalla-2023-07-17-a-las-20.05.04.png\",\"datePublished\":\"2023-07-18T00:18:02+00:00\",\"dateModified\":\"2023-07-26T03:36:04+00:00\",\"author\":{\"@id\":\"https:\/\/dev.antudigital.cl\/sites\/vc\/#\/schema\/person\/c2b9da8dd545e27166fc5ab232837318\"},\"breadcrumb\":{\"@id\":\"https:\/\/dev.antudigital.cl\/sites\/vc\/doble-inauguracion-en-centex\/#breadcrumb\"},\"inLanguage\":\"es\",\"potentialAction\":[{\"@type\":\"ReadAction\",\"target\":[\"https:\/\/dev.antudigital.cl\/sites\/vc\/doble-inauguracion-en-centex\/\"]}]},{\"@type\":\"ImageObject\",\"inLanguage\":\"es\",\"@id\":\"https:\/\/dev.antudigital.cl\/sites\/vc\/doble-inauguracion-en-centex\/#primaryimage\",\"url\":\"https:\/\/dev.antudigital.cl\/sites\/vc\/wp-content\/uploads\/2023\/07\/Captura-de-Pantalla-2023-07-17-a-las-20.05.04.png\",\"contentUrl\":\"https:\/\/dev.antudigital.cl\/sites\/vc\/wp-content\/uploads\/2023\/07\/Captura-de-Pantalla-2023-07-17-a-las-20.05.04.png\",\"width\":577,\"height\":312},{\"@type\":\"BreadcrumbList\",\"@id\":\"https:\/\/dev.antudigital.cl\/sites\/vc\/doble-inauguracion-en-centex\/#breadcrumb\",\"itemListElement\":[{\"@type\":\"ListItem\",\"position\":1,\"name\":\"Home\",\"item\":\"https:\/\/dev.antudigital.cl\/sites\/vc\/\"},{\"@type\":\"ListItem\",\"position\":2,\"name\":\"Doble inauguraci\u00f3n en Centex\"}]},{\"@type\":\"WebSite\",\"@id\":\"https:\/\/dev.antudigital.cl\/sites\/vc\/#website\",\"url\":\"https:\/\/dev.antudigital.cl\/sites\/vc\/\",\"name\":\"Valpara\u00ed\u00adso Creativo\",\"description\":\"\",\"potentialAction\":[{\"@type\":\"SearchAction\",\"target\":{\"@type\":\"EntryPoint\",\"urlTemplate\":\"https:\/\/dev.antudigital.cl\/sites\/vc\/?s={search_term_string}\"},\"query-input\":{\"@type\":\"PropertyValueSpecification\",\"valueRequired\":true,\"valueName\":\"search_term_string\"}}],\"inLanguage\":\"es\"},{\"@type\":\"Person\",\"@id\":\"https:\/\/dev.antudigital.cl\/sites\/vc\/#\/schema\/person\/c2b9da8dd545e27166fc5ab232837318\",\"name\":\"Valpara\u00edso Creativo\",\"description\":\"Periodista de cultura en la Regi\u00f3n de Valpara\u00edso.\",\"url\":\"https:\/\/dev.antudigital.cl\/sites\/vc\/author\/valpoadmin\/\"}]}<\/script>\n<!-- \/ Yoast SEO plugin. -->","yoast_head_json":{"title":"Doble inauguraci\u00f3n en Centex - Valpara\u00ed\u00adso Creativo","robots":{"index":"index","follow":"follow","max-snippet":"max-snippet:-1","max-image-preview":"max-image-preview:large","max-video-preview":"max-video-preview:-1"},"canonical":"https:\/\/dev.antudigital.cl\/sites\/vc\/doble-inauguracion-en-centex\/","og_locale":"es_ES","og_type":"article","og_title":"Doble inauguraci\u00f3n en Centex - Valpara\u00ed\u00adso Creativo","og_description":"La Tribu del Viento presenta una exposici\u00f3n que destaca los grabados de Loro Coir\u00f3n. La muestra se llevar\u00e1 a cabo desde el 29 de julio hasta el 31 de octubre en el Hall Central. Adem\u00e1s, se agregar\u00e1 la inauguraci\u00f3n de la exhibici\u00f3n de fotograf\u00edas de la memoria de Luis Navarro en una doble inauguraci\u00f3n de [&hellip;]","og_url":"https:\/\/dev.antudigital.cl\/sites\/vc\/doble-inauguracion-en-centex\/","og_site_name":"Valpara\u00ed\u00adso Creativo","article_published_time":"2023-07-18T00:18:02+00:00","article_modified_time":"2023-07-26T03:36:04+00:00","og_image":[{"width":577,"height":312,"url":"https:\/\/dev.antudigital.cl\/sites\/vc\/wp-content\/uploads\/2023\/07\/Captura-de-Pantalla-2023-07-17-a-las-20.05.04.png","type":"image\/png"}],"author":"Valpara\u00edso Creativo","twitter_card":"summary_large_image","twitter_misc":{"Escrito por":"Valpara\u00edso Creativo","Tiempo de lectura":"2 minutos"},"schema":{"@context":"https:\/\/schema.org","@graph":[{"@type":"Article","@id":"https:\/\/dev.antudigital.cl\/sites\/vc\/doble-inauguracion-en-centex\/#article","isPartOf":{"@id":"https:\/\/dev.antudigital.cl\/sites\/vc\/doble-inauguracion-en-centex\/"},"author":{"name":"Valpara\u00edso Creativo","@id":"https:\/\/dev.antudigital.cl\/sites\/vc\/#\/schema\/person\/c2b9da8dd545e27166fc5ab232837318"},"headline":"Doble inauguraci\u00f3n en Centex","datePublished":"2023-07-18T00:18:02+00:00","dateModified":"2023-07-26T03:36:04+00:00","mainEntityOfPage":{"@id":"https:\/\/dev.antudigital.cl\/sites\/vc\/doble-inauguracion-en-centex\/"},"wordCount":313,"image":{"@id":"https:\/\/dev.antudigital.cl\/sites\/vc\/doble-inauguracion-en-centex\/#primaryimage"},"thumbnailUrl":"https:\/\/dev.antudigital.cl\/sites\/vc\/wp-content\/uploads\/2023\/07\/Captura-de-Pantalla-2023-07-17-a-las-20.05.04.png","articleSection":["Uncategorized"],"inLanguage":"es"},{"@type":"WebPage","@id":"https:\/\/dev.antudigital.cl\/sites\/vc\/doble-inauguracion-en-centex\/","url":"https:\/\/dev.antudigital.cl\/sites\/vc\/doble-inauguracion-en-centex\/","name":"Doble inauguraci\u00f3n en Centex - Valpara\u00ed\u00adso Creativo","isPartOf":{"@id":"https:\/\/dev.antudigital.cl\/sites\/vc\/#website"},"primaryImageOfPage":{"@id":"https:\/\/dev.antudigital.cl\/sites\/vc\/doble-inauguracion-en-centex\/#primaryimage"},"image":{"@id":"https:\/\/dev.antudigital.cl\/sites\/vc\/doble-inauguracion-en-centex\/#primaryimage"},"thumbnailUrl":"https:\/\/dev.antudigital.cl\/sites\/vc\/wp-content\/uploads\/2023\/07\/Captura-de-Pantalla-2023-07-17-a-las-20.05.04.png","datePublished":"2023-07-18T00:18:02+00:00","dateModified":"2023-07-26T03:36:04+00:00","author":{"@id":"https:\/\/dev.antudigital.cl\/sites\/vc\/#\/schema\/person\/c2b9da8dd545e27166fc5ab232837318"},"breadcrumb":{"@id":"https:\/\/dev.antudigital.cl\/sites\/vc\/doble-inauguracion-en-centex\/#breadcrumb"},"inLanguage":"es","potentialAction":[{"@type":"ReadAction","target":["https:\/\/dev.antudigital.cl\/sites\/vc\/doble-inauguracion-en-centex\/"]}]},{"@type":"ImageObject","inLanguage":"es","@id":"https:\/\/dev.antudigital.cl\/sites\/vc\/doble-inauguracion-en-centex\/#primaryimage","url":"https:\/\/dev.antudigital.cl\/sites\/vc\/wp-content\/uploads\/2023\/07\/Captura-de-Pantalla-2023-07-17-a-las-20.05.04.png","contentUrl":"https:\/\/dev.antudigital.cl\/sites\/vc\/wp-content\/uploads\/2023\/07\/Captura-de-Pantalla-2023-07-17-a-las-20.05.04.png","width":577,"height":312},{"@type":"BreadcrumbList","@id":"https:\/\/dev.antudigital.cl\/sites\/vc\/doble-inauguracion-en-centex\/#breadcrumb","itemListElement":[{"@type":"ListItem","position":1,"name":"Home","item":"https:\/\/dev.antudigital.cl\/sites\/vc\/"},{"@type":"ListItem","position":2,"name":"Doble inauguraci\u00f3n en Centex"}]},{"@type":"WebSite","@id":"https:\/\/dev.antudigital.cl\/sites\/vc\/#website","url":"https:\/\/dev.antudigital.cl\/sites\/vc\/","name":"Valpara\u00ed\u00adso Creativo","description":"","potentialAction":[{"@type":"SearchAction","target":{"@type":"EntryPoint","urlTemplate":"https:\/\/dev.antudigital.cl\/sites\/vc\/?s={search_term_string}"},"query-input":{"@type":"PropertyValueSpecification","valueRequired":true,"valueName":"search_term_string"}}],"inLanguage":"es"},{"@type":"Person","@id":"https:\/\/dev.antudigital.cl\/sites\/vc\/#\/schema\/person\/c2b9da8dd545e27166fc5ab232837318","name":"Valpara\u00edso Creativo","description":"Periodista de cultura en la Regi\u00f3n de Valpara\u00edso.","url":"https:\/\/dev.antudigital.cl\/sites\/vc\/author\/valpoadmin\/"}]}},"_links":{"self":[{"href":"https:\/\/dev.antudigital.cl\/sites\/vc\/wp-json\/wp\/v2\/posts\/16017","targetHints":{"allow":["GET"]}}],"collection":[{"href":"https:\/\/dev.antudigital.cl\/sites\/vc\/wp-json\/wp\/v2\/posts"}],"about":[{"href":"https:\/\/dev.antudigital.cl\/sites\/vc\/wp-json\/wp\/v2\/types\/post"}],"author":[{"embeddable":true,"href":"https:\/\/dev.antudigital.cl\/sites\/vc\/wp-json\/wp\/v2\/users\/1"}],"replies":[{"embeddable":true,"href":"https:\/\/dev.antudigital.cl\/sites\/vc\/wp-json\/wp\/v2\/comments?post=16017"}],"version-history":[{"count":3,"href":"https:\/\/dev.antudigital.cl\/sites\/vc\/wp-json\/wp\/v2\/posts\/16017\/revisions"}],"predecessor-version":[{"id":16041,"href":"https:\/\/dev.antudigital.cl\/sites\/vc\/wp-json\/wp\/v2\/posts\/16017\/revisions\/16041"}],"wp:featuredmedia":[{"embeddable":true,"href":"https:\/\/dev.antudigital.cl\/sites\/vc\/wp-json\/wp\/v2\/media\/16019"}],"wp:attachment":[{"href":"https:\/\/dev.antudigital.cl\/sites\/vc\/wp-json\/wp\/v2\/media?parent=16017"}],"wp:term":[{"taxonomy":"category","embeddable":true,"href":"https:\/\/dev.antudigital.cl\/sites\/vc\/wp-json\/wp\/v2\/categories?post=16017"},{"taxonomy":"post_tag","embeddable":true,"href":"https:\/\/dev.antudigital.cl\/sites\/vc\/wp-json\/wp\/v2\/tags?post=16017"}],"curies":[{"name":"wp","href":"https:\/\/api.w.org\/{rel}","templated":true}]}}