{"id":16021,"date":"2023-07-18T02:06:27","date_gmt":"2023-07-18T02:06:27","guid":{"rendered":"https:\/\/www.valparaisocreativo.cl\/?p=16021"},"modified":"2023-07-26T03:36:01","modified_gmt":"2023-07-26T03:36:01","slug":"la-escritura-como-un-espacio-de-desarrollo-personal","status":"publish","type":"post","link":"https:\/\/dev.antudigital.cl\/sites\/vc\/la-escritura-como-un-espacio-de-desarrollo-personal\/","title":{"rendered":"La escritura como un espacio de desarrollo personal"},"content":{"rendered":"\n<p><em>Por: Valentinne Rudolphy<\/em><\/p>\n\n\n\n<p>Carlos Tromben es un autor ya con amplia trayectoria que fue nacido y criado en la Regi\u00f3n de Valpara\u00edso, donde sigue residiendo hasta el d\u00eda de hoy, con idas y venidas de por medio. Se ha dedicado durante a\u00f1os al periodismo investigativo con inter\u00e9s principal en algunos asuntos econ\u00f3micos de la reciente historia nacional.<\/p>\n\n\n\n<p>Actualmente est\u00e1 promocionando \u201cBaquedano\u201d y ad portas de comenzar el lanzamiento de \u201cAllende\u201d, adem\u00e1s de que se encuentra con su pareja gestionando un proyecto editorial, Rocamar Ediciones.<\/p>\n\n\n\n<p>Sobre contingencia, escritura, procesos creativos y la Regi\u00f3n hablamos con \u00e9l:<\/p>\n\n\n\n<p><strong>\u00bfQu\u00e9 es lo que te interesa a ti de la literatura?<\/strong><\/p>\n\n\n\n<p>-Llevo publicando m\u00e1s de 20 a\u00f1os, pero me demor\u00e9 muchos a\u00f1os en concretar una publicaci\u00f3n. Soy Ingeniero Comercial, entonces los primeros a\u00f1os me dediqu\u00e9 a otros desaf\u00edos profesionales, sobre todo al periodismo econ\u00f3mico. El publicar para m\u00ed es fundamentalmente un medio de ganar libertad personal y a la vez instalar o desarrollar ciertos temas que para m\u00ed eran importantes, que arrastraba desde la infancia, como el Golpe de estado, el poder, las personalidades divergentes y fracturadas. Eso me motiv\u00f3 a escribir: buscar otra forma de vivir y ganarme la vida.<\/p>\n\n\n\n<p><strong>\u00bfEscrib\u00edas desde joven?<\/strong><\/p>\n\n\n\n<p>-S\u00ed, desde el colegio.<\/p>\n\n\n\n<figure class=\"wp-block-image size-large\"><img fetchpriority=\"high\" decoding=\"async\" width=\"768\" height=\"1024\" src=\"https:\/\/www.valparaisocreativo.cl\/wp-content\/uploads\/2023\/07\/WhatsApp-Image-2023-07-04-at-19.41.39-768x1024.jpeg\" alt=\"\" class=\"wp-image-16025\" srcset=\"https:\/\/dev.antudigital.cl\/sites\/vc\/wp-content\/uploads\/2023\/07\/WhatsApp-Image-2023-07-04-at-19.41.39-768x1024.jpeg 768w, https:\/\/dev.antudigital.cl\/sites\/vc\/wp-content\/uploads\/2023\/07\/WhatsApp-Image-2023-07-04-at-19.41.39-225x300.jpeg 225w, https:\/\/dev.antudigital.cl\/sites\/vc\/wp-content\/uploads\/2023\/07\/WhatsApp-Image-2023-07-04-at-19.41.39-1152x1536.jpeg 1152w, https:\/\/dev.antudigital.cl\/sites\/vc\/wp-content\/uploads\/2023\/07\/WhatsApp-Image-2023-07-04-at-19.41.39-1080x1440.jpeg 1080w, https:\/\/dev.antudigital.cl\/sites\/vc\/wp-content\/uploads\/2023\/07\/WhatsApp-Image-2023-07-04-at-19.41.39-980x1307.jpeg 980w, https:\/\/dev.antudigital.cl\/sites\/vc\/wp-content\/uploads\/2023\/07\/WhatsApp-Image-2023-07-04-at-19.41.39-480x640.jpeg 480w, https:\/\/dev.antudigital.cl\/sites\/vc\/wp-content\/uploads\/2023\/07\/WhatsApp-Image-2023-07-04-at-19.41.39-18x24.jpeg 18w, https:\/\/dev.antudigital.cl\/sites\/vc\/wp-content\/uploads\/2023\/07\/WhatsApp-Image-2023-07-04-at-19.41.39-27x36.jpeg 27w, https:\/\/dev.antudigital.cl\/sites\/vc\/wp-content\/uploads\/2023\/07\/WhatsApp-Image-2023-07-04-at-19.41.39-36x48.jpeg 36w, https:\/\/dev.antudigital.cl\/sites\/vc\/wp-content\/uploads\/2023\/07\/WhatsApp-Image-2023-07-04-at-19.41.39.jpeg 1200w\" sizes=\"(max-width: 768px) 100vw, 768px\" \/><\/figure>\n\n\n\n<p><strong>\u00bfC\u00f3mo conviven la escritura y el periodismo?<\/strong><\/p>\n\n\n\n<p>-Precisamente en la misma escritura conviven estos dos mundos, porque el periodismo es una forma de ella basada en las herramientas narrativas junto a otras de documentaci\u00f3n. Yo abordo esta investigaci\u00f3n a partir de tem\u00e1ticas locales, chilenas, relacionadas con lo financiero. A veces uso la ficci\u00f3n, donde uno puede viajar un poco m\u00e1s. En este sentido, ambas \u00e1reas han convivido en m\u00ed. Hoy sal\u00ed del \u00e1rea econ\u00f3mica como analista y de los medios de comunicaci\u00f3n tambi\u00e9n. Me vinculo desde otra vereda, a trav\u00e9s de los libros de investigaci\u00f3n.<\/p>\n\n\n\n<p><strong>\u00bfC\u00f3mo es el proceso para ti de crear un libro?<\/strong><\/p>\n\n\n\n<p>-Hay un conjunto de ideas o personajes y situaciones que me dan vuelta, o yo doy vuelta en torno a ellos. Por ejemplo, ahora el tema de los 50 a\u00f1os del Golpe. Siempre se est\u00e1n cumpliendo ciclos y yo estoy siempre atento a eso. Pero a veces hay situaciones o personajes que te llaman la atenci\u00f3n. Durante el Estallido Social, un elemento que era sumamente esencial era el caballo de la plaza, en este caso, de Baquedano, que adquiri\u00f3 un rol especial. \u00bfPor qu\u00e9 el caballo? Yo tiro de ese hilo, y al hacerlo, vemos que representa a un proceso pol\u00edtico anterior de hace m\u00e1s de 100 a\u00f1os, y ah\u00ed hay coincidencias hist\u00f3ricas interesantes. De ah\u00ed saqu\u00e9 una idea para la novela \u201cBaquedano\u201d, por ejemplo.&nbsp;<\/p>\n\n\n\n<p>A partir de una imagen, doy paso a una investigaci\u00f3n, creando personajes hist\u00f3ricos o ficticios que se refieren a ese momento.<\/p>\n\n\n\n<figure class=\"wp-block-image size-large\"><img decoding=\"async\" width=\"1024\" height=\"538\" src=\"https:\/\/www.valparaisocreativo.cl\/wp-content\/uploads\/2023\/07\/1200x630wz-1024x538.png\" alt=\"\" class=\"wp-image-16022\" srcset=\"https:\/\/dev.antudigital.cl\/sites\/vc\/wp-content\/uploads\/2023\/07\/1200x630wz-1024x538.png 1024w, https:\/\/dev.antudigital.cl\/sites\/vc\/wp-content\/uploads\/2023\/07\/1200x630wz-300x158.png 300w, https:\/\/dev.antudigital.cl\/sites\/vc\/wp-content\/uploads\/2023\/07\/1200x630wz-768x403.png 768w, https:\/\/dev.antudigital.cl\/sites\/vc\/wp-content\/uploads\/2023\/07\/1200x630wz-1080x567.png 1080w, https:\/\/dev.antudigital.cl\/sites\/vc\/wp-content\/uploads\/2023\/07\/1200x630wz-980x515.png 980w, https:\/\/dev.antudigital.cl\/sites\/vc\/wp-content\/uploads\/2023\/07\/1200x630wz-480x252.png 480w, https:\/\/dev.antudigital.cl\/sites\/vc\/wp-content\/uploads\/2023\/07\/1200x630wz-24x13.png 24w, https:\/\/dev.antudigital.cl\/sites\/vc\/wp-content\/uploads\/2023\/07\/1200x630wz-36x19.png 36w, https:\/\/dev.antudigital.cl\/sites\/vc\/wp-content\/uploads\/2023\/07\/1200x630wz-48x25.png 48w, https:\/\/dev.antudigital.cl\/sites\/vc\/wp-content\/uploads\/2023\/07\/1200x630wz.png 1200w\" sizes=\"(max-width: 1024px) 100vw, 1024px\" \/><\/figure>\n\n\n\n<p><strong>\u00bfActualmente est\u00e1s trabajando en un libro?<\/strong><\/p>\n\n\n\n<p>-Siempre. Porque si no estoy escribiendo, estoy promocionando, o en alguna parte del proceso. En este momento estoy en la previa de la novela Allende que saldr\u00e1 en agosto en Chile, en septiembre en Espa\u00f1a y en diciembre en M\u00e9xico. Eso es sobre la \u00e9poca de Allende y ya est\u00e1 editado y diagramado, pero viene la instalaci\u00f3n del libro, que es tan importante como el proceso previo.<\/p>\n\n\n\n<p>Luego, viene otro libro de no ficci\u00f3n con personajes reales, algunos con nombres cambiados, que son personajes del lado b de la historia y de ah\u00ed se desarrolla una investigaci\u00f3n tambi\u00e9n. Pretende correr ciertos velos acerca de algunos temas de la historia nacional.<\/p>\n\n\n\n<p><strong>\u00bfC\u00f3mo es publicar estas tem\u00e1ticas con las que trabajas? Son temas que llaman la atenci\u00f3n.<\/strong><\/p>\n\n\n\n<p>-En verdad en cuanto a mis libros relacionados a los temas econ\u00f3micos, hay un p\u00fablico muy interesado. Nunca he tenido alg\u00fan problema con una publicaci\u00f3n, porque trabajo mucho las fuentes, el archivo, dejar claro lo que es hip\u00f3tesis y cu\u00e1les son los hechos. Soy un periodista de oficio, por lo que hay rigurosidad en este trabajo, pero a veces se generan pol\u00e9micas, es inevitable.&nbsp;<\/p>\n\n\n\n<p><strong>\u00bfQu\u00e9 es lo que te interesa de la no ficci\u00f3n o te interesa ir probando distintos estilos?<\/strong><\/p>\n\n\n\n<p>-Me gusta la idea de m\u00e1quina del tiempo a trav\u00e9s de la literatura, ir a espacios o edificios o momentos que ya no est\u00e1n hoy. Es el tema de la memoria, me parece muy bonito. Quisiera casi que crear una realidad virtual de un Chile que ya no existe, y ojal\u00e1 que las generaciones actuales enganchen con eso, que digan: este es el pa\u00eds en el que vivi\u00f3 mi pap\u00e1 o mi abuelo. Tambi\u00e9n hago mucho eso en la ficci\u00f3n, como mostrar Santiago en los a\u00f1os 20, entre otras cosas.&nbsp;<\/p>\n\n\n\n<figure class=\"wp-block-image size-large\"><img decoding=\"async\" width=\"1024\" height=\"576\" src=\"https:\/\/www.valparaisocreativo.cl\/wp-content\/uploads\/2023\/07\/f1280x720-21759_153434_4432-1024x576.jpg\" alt=\"\" class=\"wp-image-16023\" srcset=\"https:\/\/dev.antudigital.cl\/sites\/vc\/wp-content\/uploads\/2023\/07\/f1280x720-21759_153434_4432-1024x576.jpg 1024w, https:\/\/dev.antudigital.cl\/sites\/vc\/wp-content\/uploads\/2023\/07\/f1280x720-21759_153434_4432-300x169.jpg 300w, https:\/\/dev.antudigital.cl\/sites\/vc\/wp-content\/uploads\/2023\/07\/f1280x720-21759_153434_4432-768x432.jpg 768w, https:\/\/dev.antudigital.cl\/sites\/vc\/wp-content\/uploads\/2023\/07\/f1280x720-21759_153434_4432-1080x608.jpg 1080w, https:\/\/dev.antudigital.cl\/sites\/vc\/wp-content\/uploads\/2023\/07\/f1280x720-21759_153434_4432-980x551.jpg 980w, https:\/\/dev.antudigital.cl\/sites\/vc\/wp-content\/uploads\/2023\/07\/f1280x720-21759_153434_4432-480x270.jpg 480w, https:\/\/dev.antudigital.cl\/sites\/vc\/wp-content\/uploads\/2023\/07\/f1280x720-21759_153434_4432-24x14.jpg 24w, https:\/\/dev.antudigital.cl\/sites\/vc\/wp-content\/uploads\/2023\/07\/f1280x720-21759_153434_4432-36x20.jpg 36w, https:\/\/dev.antudigital.cl\/sites\/vc\/wp-content\/uploads\/2023\/07\/f1280x720-21759_153434_4432-48x27.jpg 48w, https:\/\/dev.antudigital.cl\/sites\/vc\/wp-content\/uploads\/2023\/07\/f1280x720-21759_153434_4432.jpg 1280w\" sizes=\"(max-width: 1024px) 100vw, 1024px\" \/><\/figure>\n\n\n\n<p><strong>\u00bfQu\u00e9 te interesa a ti de la literatura?<\/strong><\/p>\n\n\n\n<p>-Soy un p\u00e9simo lector, debo reconocerlo, hago zapping de libros. Los dejo a la mitad, y despu\u00e9s los retomo &#8211; o no. En ese sentido, hay mucha lectura t\u00e9cnica, como ensayos de econom\u00eda pol\u00edtica que leo m\u00e1s en digital en el Kindle. Y en otras ocasiones leo novelas, me gu\u00edo por rese\u00f1as o por los boletines informativos. Hay pocos libros que he le\u00eddo de corrido, como Mala letra de \u00c1lvaro Bisama, entre otros. O me pego con poes\u00eda, que te vuela un poco la cabeza y las manos, te deposita cierta magia literaria.&nbsp;<\/p>\n\n\n\n<p><strong>\u00bfCu\u00e1l es tu visi\u00f3n del territorio?<\/strong><\/p>\n\n\n\n<p>-S\u00ed, yo soy de Valpara\u00edso, estudi\u00e9 en la PUCV, lo conoc\u00ed de ni\u00f1o, de adolescente, fui pap\u00e1 en Valpara\u00edso\u2026 he ido y vuelto muchas veces. Me considero una persona de la Regi\u00f3n, creo que tengo identidad regional por el ritmo de la vida. Es evidente que ac\u00e1 hay otra velocidad que en Santiago, donde tambi\u00e9n viv\u00ed muchos a\u00f1os. Ac\u00e1 tenemos buena calidad de vida. Y creo que por una parte est\u00e1 la ciudad, y por otra la Regi\u00f3n. La Regi\u00f3n es lo que a m\u00ed me cautiva, con los diversos litorales, con el interior, aunque conozco m\u00e1s la costa. Mi relaci\u00f3n con el territorio es de puro amor e identidad, aunque no he escrito mucho de aquello.<\/p>\n\n\n\n<p>Por supuesto que falta mucho por hacer en cultura, hay cosas que se pueden echar de menos en ese sentido, en el creativo, pero es un entorno muy propicio precisamente para crear, para las ideas y la reflexi\u00f3n.<\/p>\n","protected":false},"excerpt":{"rendered":"<p>Por: Valentinne Rudolphy Carlos Tromben es un autor ya con amplia trayectoria que fue nacido y criado en la Regi\u00f3n de Valpara\u00edso, donde sigue residiendo hasta el d\u00eda de hoy, con idas y venidas de por medio. Se ha dedicado durante a\u00f1os al periodismo investigativo con inter\u00e9s principal en algunos asuntos econ\u00f3micos de la reciente [&hellip;]<\/p>\n","protected":false},"author":1,"featured_media":16024,"comment_status":"closed","ping_status":"closed","sticky":false,"template":"","format":"standard","meta":{"_acf_changed":false,"footnotes":""},"categories":[218],"tags":[],"class_list":["post-16021","post","type-post","status-publish","format-standard","has-post-thumbnail","hentry","category-blog"],"acf":[],"yoast_head":"<!-- This site is optimized with the Yoast SEO plugin v27.1.1 - https:\/\/yoast.com\/product\/yoast-seo-wordpress\/ -->\n<title>La escritura como un espacio de desarrollo personal - Valpara\u00ed\u00adso Creativo<\/title>\n<meta name=\"robots\" content=\"index, follow, max-snippet:-1, max-image-preview:large, max-video-preview:-1\" \/>\n<link rel=\"canonical\" href=\"https:\/\/dev.antudigital.cl\/sites\/vc\/la-escritura-como-un-espacio-de-desarrollo-personal\/\" \/>\n<meta property=\"og:locale\" content=\"es_ES\" \/>\n<meta property=\"og:type\" content=\"article\" \/>\n<meta property=\"og:title\" content=\"La escritura como un espacio de desarrollo personal - Valpara\u00ed\u00adso Creativo\" \/>\n<meta property=\"og:description\" content=\"Por: Valentinne Rudolphy Carlos Tromben es un autor ya con amplia trayectoria que fue nacido y criado en la Regi\u00f3n de Valpara\u00edso, donde sigue residiendo hasta el d\u00eda de hoy, con idas y venidas de por medio. Se ha dedicado durante a\u00f1os al periodismo investigativo con inter\u00e9s principal en algunos asuntos econ\u00f3micos de la reciente [&hellip;]\" \/>\n<meta property=\"og:url\" content=\"https:\/\/dev.antudigital.cl\/sites\/vc\/la-escritura-como-un-espacio-de-desarrollo-personal\/\" \/>\n<meta property=\"og:site_name\" content=\"Valpara\u00ed\u00adso Creativo\" \/>\n<meta property=\"article:published_time\" content=\"2023-07-18T02:06:27+00:00\" \/>\n<meta property=\"article:modified_time\" content=\"2023-07-26T03:36:01+00:00\" \/>\n<meta property=\"og:image\" content=\"https:\/\/dev.antudigital.cl\/sites\/vc\/wp-content\/uploads\/2023\/07\/5c58a34e176c2c0813b22e4b_63659cedac97720893904a8b_1667603693479.jpeg\" \/>\n\t<meta property=\"og:image:width\" content=\"1200\" \/>\n\t<meta property=\"og:image:height\" content=\"794\" \/>\n\t<meta property=\"og:image:type\" content=\"image\/jpeg\" \/>\n<meta name=\"author\" content=\"Valpara\u00edso Creativo\" \/>\n<meta name=\"twitter:card\" content=\"summary_large_image\" \/>\n<meta name=\"twitter:label1\" content=\"Escrito por\" \/>\n\t<meta name=\"twitter:data1\" content=\"Valpara\u00edso Creativo\" \/>\n\t<meta name=\"twitter:label2\" content=\"Tiempo de lectura\" \/>\n\t<meta name=\"twitter:data2\" content=\"6 minutos\" \/>\n<script type=\"application\/ld+json\" class=\"yoast-schema-graph\">{\"@context\":\"https:\/\/schema.org\",\"@graph\":[{\"@type\":\"Article\",\"@id\":\"https:\/\/dev.antudigital.cl\/sites\/vc\/la-escritura-como-un-espacio-de-desarrollo-personal\/#article\",\"isPartOf\":{\"@id\":\"https:\/\/dev.antudigital.cl\/sites\/vc\/la-escritura-como-un-espacio-de-desarrollo-personal\/\"},\"author\":{\"name\":\"Valpara\u00edso Creativo\",\"@id\":\"https:\/\/dev.antudigital.cl\/sites\/vc\/#\/schema\/person\/c2b9da8dd545e27166fc5ab232837318\"},\"headline\":\"La escritura como un espacio de desarrollo personal\",\"datePublished\":\"2023-07-18T02:06:27+00:00\",\"dateModified\":\"2023-07-26T03:36:01+00:00\",\"mainEntityOfPage\":{\"@id\":\"https:\/\/dev.antudigital.cl\/sites\/vc\/la-escritura-como-un-espacio-de-desarrollo-personal\/\"},\"wordCount\":1111,\"image\":{\"@id\":\"https:\/\/dev.antudigital.cl\/sites\/vc\/la-escritura-como-un-espacio-de-desarrollo-personal\/#primaryimage\"},\"thumbnailUrl\":\"https:\/\/dev.antudigital.cl\/sites\/vc\/wp-content\/uploads\/2023\/07\/5c58a34e176c2c0813b22e4b_63659cedac97720893904a8b_1667603693479.jpeg\",\"articleSection\":[\"Blog\"],\"inLanguage\":\"es\"},{\"@type\":\"WebPage\",\"@id\":\"https:\/\/dev.antudigital.cl\/sites\/vc\/la-escritura-como-un-espacio-de-desarrollo-personal\/\",\"url\":\"https:\/\/dev.antudigital.cl\/sites\/vc\/la-escritura-como-un-espacio-de-desarrollo-personal\/\",\"name\":\"La escritura como un espacio de desarrollo personal - Valpara\u00ed\u00adso Creativo\",\"isPartOf\":{\"@id\":\"https:\/\/dev.antudigital.cl\/sites\/vc\/#website\"},\"primaryImageOfPage\":{\"@id\":\"https:\/\/dev.antudigital.cl\/sites\/vc\/la-escritura-como-un-espacio-de-desarrollo-personal\/#primaryimage\"},\"image\":{\"@id\":\"https:\/\/dev.antudigital.cl\/sites\/vc\/la-escritura-como-un-espacio-de-desarrollo-personal\/#primaryimage\"},\"thumbnailUrl\":\"https:\/\/dev.antudigital.cl\/sites\/vc\/wp-content\/uploads\/2023\/07\/5c58a34e176c2c0813b22e4b_63659cedac97720893904a8b_1667603693479.jpeg\",\"datePublished\":\"2023-07-18T02:06:27+00:00\",\"dateModified\":\"2023-07-26T03:36:01+00:00\",\"author\":{\"@id\":\"https:\/\/dev.antudigital.cl\/sites\/vc\/#\/schema\/person\/c2b9da8dd545e27166fc5ab232837318\"},\"breadcrumb\":{\"@id\":\"https:\/\/dev.antudigital.cl\/sites\/vc\/la-escritura-como-un-espacio-de-desarrollo-personal\/#breadcrumb\"},\"inLanguage\":\"es\",\"potentialAction\":[{\"@type\":\"ReadAction\",\"target\":[\"https:\/\/dev.antudigital.cl\/sites\/vc\/la-escritura-como-un-espacio-de-desarrollo-personal\/\"]}]},{\"@type\":\"ImageObject\",\"inLanguage\":\"es\",\"@id\":\"https:\/\/dev.antudigital.cl\/sites\/vc\/la-escritura-como-un-espacio-de-desarrollo-personal\/#primaryimage\",\"url\":\"https:\/\/dev.antudigital.cl\/sites\/vc\/wp-content\/uploads\/2023\/07\/5c58a34e176c2c0813b22e4b_63659cedac97720893904a8b_1667603693479.jpeg\",\"contentUrl\":\"https:\/\/dev.antudigital.cl\/sites\/vc\/wp-content\/uploads\/2023\/07\/5c58a34e176c2c0813b22e4b_63659cedac97720893904a8b_1667603693479.jpeg\",\"width\":1200,\"height\":794},{\"@type\":\"BreadcrumbList\",\"@id\":\"https:\/\/dev.antudigital.cl\/sites\/vc\/la-escritura-como-un-espacio-de-desarrollo-personal\/#breadcrumb\",\"itemListElement\":[{\"@type\":\"ListItem\",\"position\":1,\"name\":\"Home\",\"item\":\"https:\/\/dev.antudigital.cl\/sites\/vc\/\"},{\"@type\":\"ListItem\",\"position\":2,\"name\":\"La escritura como un espacio de desarrollo personal\"}]},{\"@type\":\"WebSite\",\"@id\":\"https:\/\/dev.antudigital.cl\/sites\/vc\/#website\",\"url\":\"https:\/\/dev.antudigital.cl\/sites\/vc\/\",\"name\":\"Valpara\u00ed\u00adso Creativo\",\"description\":\"\",\"potentialAction\":[{\"@type\":\"SearchAction\",\"target\":{\"@type\":\"EntryPoint\",\"urlTemplate\":\"https:\/\/dev.antudigital.cl\/sites\/vc\/?s={search_term_string}\"},\"query-input\":{\"@type\":\"PropertyValueSpecification\",\"valueRequired\":true,\"valueName\":\"search_term_string\"}}],\"inLanguage\":\"es\"},{\"@type\":\"Person\",\"@id\":\"https:\/\/dev.antudigital.cl\/sites\/vc\/#\/schema\/person\/c2b9da8dd545e27166fc5ab232837318\",\"name\":\"Valpara\u00edso Creativo\",\"description\":\"Periodista de cultura en la Regi\u00f3n de Valpara\u00edso.\",\"url\":\"https:\/\/dev.antudigital.cl\/sites\/vc\/author\/valpoadmin\/\"}]}<\/script>\n<!-- \/ Yoast SEO plugin. -->","yoast_head_json":{"title":"La escritura como un espacio de desarrollo personal - Valpara\u00ed\u00adso Creativo","robots":{"index":"index","follow":"follow","max-snippet":"max-snippet:-1","max-image-preview":"max-image-preview:large","max-video-preview":"max-video-preview:-1"},"canonical":"https:\/\/dev.antudigital.cl\/sites\/vc\/la-escritura-como-un-espacio-de-desarrollo-personal\/","og_locale":"es_ES","og_type":"article","og_title":"La escritura como un espacio de desarrollo personal - Valpara\u00ed\u00adso Creativo","og_description":"Por: Valentinne Rudolphy Carlos Tromben es un autor ya con amplia trayectoria que fue nacido y criado en la Regi\u00f3n de Valpara\u00edso, donde sigue residiendo hasta el d\u00eda de hoy, con idas y venidas de por medio. Se ha dedicado durante a\u00f1os al periodismo investigativo con inter\u00e9s principal en algunos asuntos econ\u00f3micos de la reciente [&hellip;]","og_url":"https:\/\/dev.antudigital.cl\/sites\/vc\/la-escritura-como-un-espacio-de-desarrollo-personal\/","og_site_name":"Valpara\u00ed\u00adso Creativo","article_published_time":"2023-07-18T02:06:27+00:00","article_modified_time":"2023-07-26T03:36:01+00:00","og_image":[{"width":1200,"height":794,"url":"https:\/\/dev.antudigital.cl\/sites\/vc\/wp-content\/uploads\/2023\/07\/5c58a34e176c2c0813b22e4b_63659cedac97720893904a8b_1667603693479.jpeg","type":"image\/jpeg"}],"author":"Valpara\u00edso Creativo","twitter_card":"summary_large_image","twitter_misc":{"Escrito por":"Valpara\u00edso Creativo","Tiempo de lectura":"6 minutos"},"schema":{"@context":"https:\/\/schema.org","@graph":[{"@type":"Article","@id":"https:\/\/dev.antudigital.cl\/sites\/vc\/la-escritura-como-un-espacio-de-desarrollo-personal\/#article","isPartOf":{"@id":"https:\/\/dev.antudigital.cl\/sites\/vc\/la-escritura-como-un-espacio-de-desarrollo-personal\/"},"author":{"name":"Valpara\u00edso Creativo","@id":"https:\/\/dev.antudigital.cl\/sites\/vc\/#\/schema\/person\/c2b9da8dd545e27166fc5ab232837318"},"headline":"La escritura como un espacio de desarrollo personal","datePublished":"2023-07-18T02:06:27+00:00","dateModified":"2023-07-26T03:36:01+00:00","mainEntityOfPage":{"@id":"https:\/\/dev.antudigital.cl\/sites\/vc\/la-escritura-como-un-espacio-de-desarrollo-personal\/"},"wordCount":1111,"image":{"@id":"https:\/\/dev.antudigital.cl\/sites\/vc\/la-escritura-como-un-espacio-de-desarrollo-personal\/#primaryimage"},"thumbnailUrl":"https:\/\/dev.antudigital.cl\/sites\/vc\/wp-content\/uploads\/2023\/07\/5c58a34e176c2c0813b22e4b_63659cedac97720893904a8b_1667603693479.jpeg","articleSection":["Blog"],"inLanguage":"es"},{"@type":"WebPage","@id":"https:\/\/dev.antudigital.cl\/sites\/vc\/la-escritura-como-un-espacio-de-desarrollo-personal\/","url":"https:\/\/dev.antudigital.cl\/sites\/vc\/la-escritura-como-un-espacio-de-desarrollo-personal\/","name":"La escritura como un espacio de desarrollo personal - Valpara\u00ed\u00adso Creativo","isPartOf":{"@id":"https:\/\/dev.antudigital.cl\/sites\/vc\/#website"},"primaryImageOfPage":{"@id":"https:\/\/dev.antudigital.cl\/sites\/vc\/la-escritura-como-un-espacio-de-desarrollo-personal\/#primaryimage"},"image":{"@id":"https:\/\/dev.antudigital.cl\/sites\/vc\/la-escritura-como-un-espacio-de-desarrollo-personal\/#primaryimage"},"thumbnailUrl":"https:\/\/dev.antudigital.cl\/sites\/vc\/wp-content\/uploads\/2023\/07\/5c58a34e176c2c0813b22e4b_63659cedac97720893904a8b_1667603693479.jpeg","datePublished":"2023-07-18T02:06:27+00:00","dateModified":"2023-07-26T03:36:01+00:00","author":{"@id":"https:\/\/dev.antudigital.cl\/sites\/vc\/#\/schema\/person\/c2b9da8dd545e27166fc5ab232837318"},"breadcrumb":{"@id":"https:\/\/dev.antudigital.cl\/sites\/vc\/la-escritura-como-un-espacio-de-desarrollo-personal\/#breadcrumb"},"inLanguage":"es","potentialAction":[{"@type":"ReadAction","target":["https:\/\/dev.antudigital.cl\/sites\/vc\/la-escritura-como-un-espacio-de-desarrollo-personal\/"]}]},{"@type":"ImageObject","inLanguage":"es","@id":"https:\/\/dev.antudigital.cl\/sites\/vc\/la-escritura-como-un-espacio-de-desarrollo-personal\/#primaryimage","url":"https:\/\/dev.antudigital.cl\/sites\/vc\/wp-content\/uploads\/2023\/07\/5c58a34e176c2c0813b22e4b_63659cedac97720893904a8b_1667603693479.jpeg","contentUrl":"https:\/\/dev.antudigital.cl\/sites\/vc\/wp-content\/uploads\/2023\/07\/5c58a34e176c2c0813b22e4b_63659cedac97720893904a8b_1667603693479.jpeg","width":1200,"height":794},{"@type":"BreadcrumbList","@id":"https:\/\/dev.antudigital.cl\/sites\/vc\/la-escritura-como-un-espacio-de-desarrollo-personal\/#breadcrumb","itemListElement":[{"@type":"ListItem","position":1,"name":"Home","item":"https:\/\/dev.antudigital.cl\/sites\/vc\/"},{"@type":"ListItem","position":2,"name":"La escritura como un espacio de desarrollo personal"}]},{"@type":"WebSite","@id":"https:\/\/dev.antudigital.cl\/sites\/vc\/#website","url":"https:\/\/dev.antudigital.cl\/sites\/vc\/","name":"Valpara\u00ed\u00adso Creativo","description":"","potentialAction":[{"@type":"SearchAction","target":{"@type":"EntryPoint","urlTemplate":"https:\/\/dev.antudigital.cl\/sites\/vc\/?s={search_term_string}"},"query-input":{"@type":"PropertyValueSpecification","valueRequired":true,"valueName":"search_term_string"}}],"inLanguage":"es"},{"@type":"Person","@id":"https:\/\/dev.antudigital.cl\/sites\/vc\/#\/schema\/person\/c2b9da8dd545e27166fc5ab232837318","name":"Valpara\u00edso Creativo","description":"Periodista de cultura en la Regi\u00f3n de Valpara\u00edso.","url":"https:\/\/dev.antudigital.cl\/sites\/vc\/author\/valpoadmin\/"}]}},"_links":{"self":[{"href":"https:\/\/dev.antudigital.cl\/sites\/vc\/wp-json\/wp\/v2\/posts\/16021","targetHints":{"allow":["GET"]}}],"collection":[{"href":"https:\/\/dev.antudigital.cl\/sites\/vc\/wp-json\/wp\/v2\/posts"}],"about":[{"href":"https:\/\/dev.antudigital.cl\/sites\/vc\/wp-json\/wp\/v2\/types\/post"}],"author":[{"embeddable":true,"href":"https:\/\/dev.antudigital.cl\/sites\/vc\/wp-json\/wp\/v2\/users\/1"}],"replies":[{"embeddable":true,"href":"https:\/\/dev.antudigital.cl\/sites\/vc\/wp-json\/wp\/v2\/comments?post=16021"}],"version-history":[{"count":2,"href":"https:\/\/dev.antudigital.cl\/sites\/vc\/wp-json\/wp\/v2\/posts\/16021\/revisions"}],"predecessor-version":[{"id":16028,"href":"https:\/\/dev.antudigital.cl\/sites\/vc\/wp-json\/wp\/v2\/posts\/16021\/revisions\/16028"}],"wp:featuredmedia":[{"embeddable":true,"href":"https:\/\/dev.antudigital.cl\/sites\/vc\/wp-json\/wp\/v2\/media\/16024"}],"wp:attachment":[{"href":"https:\/\/dev.antudigital.cl\/sites\/vc\/wp-json\/wp\/v2\/media?parent=16021"}],"wp:term":[{"taxonomy":"category","embeddable":true,"href":"https:\/\/dev.antudigital.cl\/sites\/vc\/wp-json\/wp\/v2\/categories?post=16021"},{"taxonomy":"post_tag","embeddable":true,"href":"https:\/\/dev.antudigital.cl\/sites\/vc\/wp-json\/wp\/v2\/tags?post=16021"}],"curies":[{"name":"wp","href":"https:\/\/api.w.org\/{rel}","templated":true}]}}