{"id":16042,"date":"2023-07-24T19:28:39","date_gmt":"2023-07-24T19:28:39","guid":{"rendered":"https:\/\/www.valparaisocreativo.cl\/?p=16042"},"modified":"2023-07-26T03:35:56","modified_gmt":"2023-07-26T03:35:56","slug":"balnearios-populares-rescate-identitario-a-traves-de-la-memoria","status":"publish","type":"post","link":"https:\/\/dev.antudigital.cl\/sites\/vc\/balnearios-populares-rescate-identitario-a-traves-de-la-memoria\/","title":{"rendered":"Balnearios populares: rescate identitario a trav\u00e9s de la memoria"},"content":{"rendered":"\n<p>Ha pasado m\u00e1s de medio siglo desde aquellos d\u00edas del gobierno de Salvador Allende y la Unidad Popular. Fue en esos tiempos que nacieron las \u00abVillas de Turismo Social\u00bb, tambi\u00e9n conocidas como \u00abbalnearios populares\u00bb, que se habilitaron en algunas costas del pa\u00eds durante 1971 y 1973. Asimismo estuvieron presente estas instalaciones en varios puntos de la Regi\u00f3n de Valpara\u00edso.<\/p>\n\n\n\n<p>Estos lugares eran un sue\u00f1o hecho realidad para miles de trabajadores y sus familias, quienes antes apenas pod\u00edan imaginar unas vacaciones en la playa. Las caba\u00f1as con forma de A los recib\u00edan cada quince d\u00edas y, con entusiasmo, llegaban delegaciones de trabajadores sindicalizados, juntas de vecinos y diversas organizaciones sociales para disfrutar del merecido descanso, ba\u00f1arse en el mar, practicar deportes y compartir momentos de alegr\u00eda y m\u00fasica.<\/p>\n\n\n\n<figure class=\"wp-block-image size-large\"><img fetchpriority=\"high\" decoding=\"async\" width=\"1024\" height=\"576\" src=\"https:\/\/www.valparaisocreativo.cl\/wp-content\/uploads\/2023\/07\/LdM_MdL_13_Logo-2-1024x576.jpg\" alt=\"\" class=\"wp-image-16045\" srcset=\"https:\/\/dev.antudigital.cl\/sites\/vc\/wp-content\/uploads\/2023\/07\/LdM_MdL_13_Logo-2-1024x576.jpg 1024w, https:\/\/dev.antudigital.cl\/sites\/vc\/wp-content\/uploads\/2023\/07\/LdM_MdL_13_Logo-2-300x169.jpg 300w, https:\/\/dev.antudigital.cl\/sites\/vc\/wp-content\/uploads\/2023\/07\/LdM_MdL_13_Logo-2-768x432.jpg 768w, https:\/\/dev.antudigital.cl\/sites\/vc\/wp-content\/uploads\/2023\/07\/LdM_MdL_13_Logo-2-1536x864.jpg 1536w, https:\/\/dev.antudigital.cl\/sites\/vc\/wp-content\/uploads\/2023\/07\/LdM_MdL_13_Logo-2-1080x608.jpg 1080w, https:\/\/dev.antudigital.cl\/sites\/vc\/wp-content\/uploads\/2023\/07\/LdM_MdL_13_Logo-2-1280x720.jpg 1280w, https:\/\/dev.antudigital.cl\/sites\/vc\/wp-content\/uploads\/2023\/07\/LdM_MdL_13_Logo-2-980x551.jpg 980w, https:\/\/dev.antudigital.cl\/sites\/vc\/wp-content\/uploads\/2023\/07\/LdM_MdL_13_Logo-2-480x270.jpg 480w, https:\/\/dev.antudigital.cl\/sites\/vc\/wp-content\/uploads\/2023\/07\/LdM_MdL_13_Logo-2-24x14.jpg 24w, https:\/\/dev.antudigital.cl\/sites\/vc\/wp-content\/uploads\/2023\/07\/LdM_MdL_13_Logo-2-36x20.jpg 36w, https:\/\/dev.antudigital.cl\/sites\/vc\/wp-content\/uploads\/2023\/07\/LdM_MdL_13_Logo-2-48x27.jpg 48w, https:\/\/dev.antudigital.cl\/sites\/vc\/wp-content\/uploads\/2023\/07\/LdM_MdL_13_Logo-2.jpg 1920w\" sizes=\"(max-width: 1024px) 100vw, 1024px\" \/><\/figure>\n\n\n\n<p>Todo esto era posible gracias a la medida n\u00ba 29 del programa de las 40 medidas b\u00e1sicas de la UP, que se compromet\u00eda a \u00aborganizar y fomentar el turismo popular\u00bb. Los balnearios populares, fruto del esfuerzo de la Direcci\u00f3n de Planificaci\u00f3n de Equipamiento Comunitario, dependiente del Ministerio de Vivienda y Urbanismo (MINVU), se extendieron desde Iquique hasta Coronel, en la Regi\u00f3n del B\u00edo B\u00edo.<\/p>\n\n\n\n<p>En la costa de nuestra regi\u00f3n, seis de estos balnearios destacaban: Papudo, Puchuncav\u00ed, Loncura, Ritoque, Las Cruces y Rocas de Santo Domingo. Cada uno llevaba un nombre que evocaba significado y resistencia: Che Guevara, Venceremos, 1\u00ba de Mayo, Am\u00e9rica Libre, Piedras Negras (tambi\u00e9n llamado Luciano Cruz, fallecido l\u00edder del MIR) y Carlos Cort\u00e9s D\u00edaz, en honor al ministro de Vivienda y Urbanismo de la UP, quien hab\u00eda fallecido a fines de 1971.<\/p>\n\n\n\n<figure class=\"wp-block-image size-large\"><img decoding=\"async\" width=\"1024\" height=\"576\" src=\"https:\/\/www.valparaisocreativo.cl\/wp-content\/uploads\/2023\/07\/LdM_MdL_6_Papudo-1024x576.jpg\" alt=\"\" class=\"wp-image-16044\" srcset=\"https:\/\/dev.antudigital.cl\/sites\/vc\/wp-content\/uploads\/2023\/07\/LdM_MdL_6_Papudo-1024x576.jpg 1024w, https:\/\/dev.antudigital.cl\/sites\/vc\/wp-content\/uploads\/2023\/07\/LdM_MdL_6_Papudo-300x169.jpg 300w, https:\/\/dev.antudigital.cl\/sites\/vc\/wp-content\/uploads\/2023\/07\/LdM_MdL_6_Papudo-768x432.jpg 768w, https:\/\/dev.antudigital.cl\/sites\/vc\/wp-content\/uploads\/2023\/07\/LdM_MdL_6_Papudo-1536x864.jpg 1536w, https:\/\/dev.antudigital.cl\/sites\/vc\/wp-content\/uploads\/2023\/07\/LdM_MdL_6_Papudo-1080x608.jpg 1080w, https:\/\/dev.antudigital.cl\/sites\/vc\/wp-content\/uploads\/2023\/07\/LdM_MdL_6_Papudo-1280x720.jpg 1280w, https:\/\/dev.antudigital.cl\/sites\/vc\/wp-content\/uploads\/2023\/07\/LdM_MdL_6_Papudo-980x551.jpg 980w, https:\/\/dev.antudigital.cl\/sites\/vc\/wp-content\/uploads\/2023\/07\/LdM_MdL_6_Papudo-480x270.jpg 480w, https:\/\/dev.antudigital.cl\/sites\/vc\/wp-content\/uploads\/2023\/07\/LdM_MdL_6_Papudo-24x14.jpg 24w, https:\/\/dev.antudigital.cl\/sites\/vc\/wp-content\/uploads\/2023\/07\/LdM_MdL_6_Papudo-36x20.jpg 36w, https:\/\/dev.antudigital.cl\/sites\/vc\/wp-content\/uploads\/2023\/07\/LdM_MdL_6_Papudo-48x27.jpg 48w, https:\/\/dev.antudigital.cl\/sites\/vc\/wp-content\/uploads\/2023\/07\/LdM_MdL_6_Papudo.jpg 1920w\" sizes=\"(max-width: 1024px) 100vw, 1024px\" \/><\/figure>\n\n\n\n<p>Pero la historia dio un giro tras el Golpe de Estado. Las Fuerzas Armadas invadieron los balnearios, transformando esos lugares y su original significado. Puchuncav\u00ed, Ritoque y Rocas de Santo Domingo se convirtieron en centros de detenci\u00f3n, donde se vulneraron sistem\u00e1ticamente los derechos humanos de los prisioneros.<\/p>\n\n\n\n<p>Es en este contexto que a\u00f1os despu\u00e9s, en espec\u00edfico en el marco de la conmemoraci\u00f3n de los 50 a\u00f1os del golpe, nacen distintas iniciativas que buscan volver a poner en relevancia estos espacios que fueron tan valiosos durante el tiempo que duraron. As\u00ed tambi\u00e9n surge la serie documental <em>Lugares de Memorias \/ Memorias de Lugares, <\/em>que regresa a los balnearios de la regi\u00f3n para reconstruir esa experiencia \u00fanica en la historia de Chile.\u00a0<\/p>\n\n\n\n<figure class=\"wp-block-image size-large\"><img decoding=\"async\" width=\"1024\" height=\"565\" src=\"https:\/\/www.valparaisocreativo.cl\/wp-content\/uploads\/2023\/07\/LdM_MdL_15_Puchuncavi-1024x565.jpg\" alt=\"\" class=\"wp-image-16046\" srcset=\"https:\/\/dev.antudigital.cl\/sites\/vc\/wp-content\/uploads\/2023\/07\/LdM_MdL_15_Puchuncavi-1024x565.jpg 1024w, https:\/\/dev.antudigital.cl\/sites\/vc\/wp-content\/uploads\/2023\/07\/LdM_MdL_15_Puchuncavi-300x165.jpg 300w, https:\/\/dev.antudigital.cl\/sites\/vc\/wp-content\/uploads\/2023\/07\/LdM_MdL_15_Puchuncavi-768x423.jpg 768w, https:\/\/dev.antudigital.cl\/sites\/vc\/wp-content\/uploads\/2023\/07\/LdM_MdL_15_Puchuncavi-1536x847.jpg 1536w, https:\/\/dev.antudigital.cl\/sites\/vc\/wp-content\/uploads\/2023\/07\/LdM_MdL_15_Puchuncavi-1080x596.jpg 1080w, https:\/\/dev.antudigital.cl\/sites\/vc\/wp-content\/uploads\/2023\/07\/LdM_MdL_15_Puchuncavi-1280x706.jpg 1280w, https:\/\/dev.antudigital.cl\/sites\/vc\/wp-content\/uploads\/2023\/07\/LdM_MdL_15_Puchuncavi-980x540.jpg 980w, https:\/\/dev.antudigital.cl\/sites\/vc\/wp-content\/uploads\/2023\/07\/LdM_MdL_15_Puchuncavi-480x265.jpg 480w, https:\/\/dev.antudigital.cl\/sites\/vc\/wp-content\/uploads\/2023\/07\/LdM_MdL_15_Puchuncavi-24x13.jpg 24w, https:\/\/dev.antudigital.cl\/sites\/vc\/wp-content\/uploads\/2023\/07\/LdM_MdL_15_Puchuncavi-36x20.jpg 36w, https:\/\/dev.antudigital.cl\/sites\/vc\/wp-content\/uploads\/2023\/07\/LdM_MdL_15_Puchuncavi-48x26.jpg 48w, https:\/\/dev.antudigital.cl\/sites\/vc\/wp-content\/uploads\/2023\/07\/LdM_MdL_15_Puchuncavi.jpg 1585w\" sizes=\"(max-width: 1024px) 100vw, 1024px\" \/><\/figure>\n\n\n\n<p>Vecinos, antiguos veraneantes, exmonitores e instructores, y aquellos que padecieron el cautiverio pol\u00edtico, compartieron sus profundos testimonios. De esta manera tambi\u00e9n podemos revivir una iniciativa valiosa y que no se quiere dejar en el pasado.<\/p>\n\n\n\n<p>En espec\u00edfico, el material audiovisual y las entrevistas pretenden darle un nuevo significado a estos balnearios populares que existieron en el territorio, poniendo en valor la memoria, un t\u00e9rmino que hoy en d\u00eda ocupamos con mayor fuerza ya que esta misma construye identidad y es parte del ADN de lo que somos, de nuestra historia.<\/p>\n\n\n\n<figure class=\"wp-block-image size-large\"><img loading=\"lazy\" decoding=\"async\" width=\"1024\" height=\"576\" src=\"https:\/\/www.valparaisocreativo.cl\/wp-content\/uploads\/2023\/07\/LdM_MdL_22_Papudo-1024x576.jpg\" alt=\"\" class=\"wp-image-16047\" srcset=\"https:\/\/dev.antudigital.cl\/sites\/vc\/wp-content\/uploads\/2023\/07\/LdM_MdL_22_Papudo-1024x576.jpg 1024w, https:\/\/dev.antudigital.cl\/sites\/vc\/wp-content\/uploads\/2023\/07\/LdM_MdL_22_Papudo-300x169.jpg 300w, https:\/\/dev.antudigital.cl\/sites\/vc\/wp-content\/uploads\/2023\/07\/LdM_MdL_22_Papudo-768x432.jpg 768w, https:\/\/dev.antudigital.cl\/sites\/vc\/wp-content\/uploads\/2023\/07\/LdM_MdL_22_Papudo-1536x864.jpg 1536w, https:\/\/dev.antudigital.cl\/sites\/vc\/wp-content\/uploads\/2023\/07\/LdM_MdL_22_Papudo-1080x608.jpg 1080w, https:\/\/dev.antudigital.cl\/sites\/vc\/wp-content\/uploads\/2023\/07\/LdM_MdL_22_Papudo-1280x720.jpg 1280w, https:\/\/dev.antudigital.cl\/sites\/vc\/wp-content\/uploads\/2023\/07\/LdM_MdL_22_Papudo-980x551.jpg 980w, https:\/\/dev.antudigital.cl\/sites\/vc\/wp-content\/uploads\/2023\/07\/LdM_MdL_22_Papudo-480x270.jpg 480w, https:\/\/dev.antudigital.cl\/sites\/vc\/wp-content\/uploads\/2023\/07\/LdM_MdL_22_Papudo-24x14.jpg 24w, https:\/\/dev.antudigital.cl\/sites\/vc\/wp-content\/uploads\/2023\/07\/LdM_MdL_22_Papudo-36x20.jpg 36w, https:\/\/dev.antudigital.cl\/sites\/vc\/wp-content\/uploads\/2023\/07\/LdM_MdL_22_Papudo-48x27.jpg 48w, https:\/\/dev.antudigital.cl\/sites\/vc\/wp-content\/uploads\/2023\/07\/LdM_MdL_22_Papudo.jpg 1920w\" sizes=\"(max-width: 1024px) 100vw, 1024px\" \/><\/figure>\n\n\n\n<p>La serie, dirigida por Felipe Montalva Peroni, periodista y realizador audiovisual, surgi\u00f3 a ra\u00edz del encuentro con la pel\u00edcula \u00abUn Verano Feliz\u00bb (1972) de Alejandro Segovia, que promov\u00eda los balnearios populares y fue rodada en Rocas de Santo Domingo. El proyecto cont\u00f3 con el apoyo de CENTEX, del Ministerio de las Culturas, las Artes y el Patrimonio en 2022 y se estren\u00f3 semanalmente, entregando un total de 5 cap\u00edtulos que narran la historia de estos lugares que esconden tantos recuerdos.<\/p>\n\n\n\n<p>Es una invitaci\u00f3n a sumergirse en esta memoria y reflexionar sobre el impacto de la intervenci\u00f3n c\u00edvico-militar ocurrida hace 50 a\u00f1os. Las historias emergieron una vez m\u00e1s, record\u00e1ndonos que, incluso en los lugares destinados al descanso y la alegr\u00eda, la historia puede te\u00f1irse de tragedia y resiliencia.<\/p>\n\n\n\n<p><\/p>\n\n\n\n<p><strong>Te dejamos los cap\u00edtulos disponibles:<\/strong><\/p>\n\n\n\n<figure class=\"wp-block-embed is-type-video is-provider-youtube wp-block-embed-youtube wp-embed-aspect-16-9 wp-has-aspect-ratio\"><div class=\"wp-block-embed__wrapper\">\n<iframe title=\"Lugares de Memorias\/ Memorias de Lugares | Episodio 1: Papudo\" width=\"800\" height=\"450\" src=\"https:\/\/www.youtube.com\/embed\/0EHnQ5CmjN4?feature=oembed\" frameborder=\"0\" allow=\"accelerometer; autoplay; clipboard-write; encrypted-media; gyroscope; picture-in-picture; web-share\" referrerpolicy=\"strict-origin-when-cross-origin\" allowfullscreen><\/iframe>\n<\/div><\/figure>\n\n\n\n<figure class=\"wp-block-embed is-type-video is-provider-youtube wp-block-embed-youtube wp-embed-aspect-16-9 wp-has-aspect-ratio\"><div class=\"wp-block-embed__wrapper\">\n<iframe title=\"Lugares de Memorias\/ Memorias de Lugares | Episodio 2: Ritoque\" width=\"800\" height=\"450\" src=\"https:\/\/www.youtube.com\/embed\/dESK9IgmN50?feature=oembed\" frameborder=\"0\" allow=\"accelerometer; autoplay; clipboard-write; encrypted-media; gyroscope; picture-in-picture; web-share\" referrerpolicy=\"strict-origin-when-cross-origin\" allowfullscreen><\/iframe>\n<\/div><\/figure>\n\n\n\n<figure class=\"wp-block-embed is-type-video is-provider-youtube wp-block-embed-youtube wp-embed-aspect-16-9 wp-has-aspect-ratio\"><div class=\"wp-block-embed__wrapper\">\n<iframe title=\"Lugares de Memorias\/ Memorias de Lugares | Episodio 3: Loncura\" width=\"800\" height=\"450\" src=\"https:\/\/www.youtube.com\/embed\/SpdNGKZQ1sk?feature=oembed\" frameborder=\"0\" allow=\"accelerometer; autoplay; clipboard-write; encrypted-media; gyroscope; picture-in-picture; web-share\" referrerpolicy=\"strict-origin-when-cross-origin\" allowfullscreen><\/iframe>\n<\/div><\/figure>\n\n\n\n<figure class=\"wp-block-embed is-type-video is-provider-youtube wp-block-embed-youtube wp-embed-aspect-16-9 wp-has-aspect-ratio\"><div class=\"wp-block-embed__wrapper\">\n<iframe title=\"Lugares de Memorias\/ Memorias de Lugares | Episodio 4: Puchuncav\u00ed\" width=\"800\" height=\"450\" src=\"https:\/\/www.youtube.com\/embed\/15nMyiHdeAg?feature=oembed\" frameborder=\"0\" allow=\"accelerometer; autoplay; clipboard-write; encrypted-media; gyroscope; picture-in-picture; web-share\" referrerpolicy=\"strict-origin-when-cross-origin\" allowfullscreen><\/iframe>\n<\/div><\/figure>\n\n\n\n<figure class=\"wp-block-embed is-type-video is-provider-youtube wp-block-embed-youtube wp-embed-aspect-16-9 wp-has-aspect-ratio\"><div class=\"wp-block-embed__wrapper\">\n<iframe title=\"Lugares de Memorias\/ Memorias de Lugares | Episodio 5: Las Cruces\" width=\"800\" height=\"450\" src=\"https:\/\/www.youtube.com\/embed\/vPDbCWVVR28?feature=oembed\" frameborder=\"0\" allow=\"accelerometer; autoplay; clipboard-write; encrypted-media; gyroscope; picture-in-picture; web-share\" referrerpolicy=\"strict-origin-when-cross-origin\" allowfullscreen><\/iframe>\n<\/div><\/figure>\n\n\n\n<figure class=\"wp-block-embed is-type-video is-provider-youtube wp-block-embed-youtube wp-embed-aspect-16-9 wp-has-aspect-ratio\"><div class=\"wp-block-embed__wrapper\">\n<iframe title=\"Lugares de Memorias\/ Memorias de Lugares | Episodio 6: Rocas de Santo Domingo\" width=\"800\" height=\"450\" src=\"https:\/\/www.youtube.com\/embed\/jBvYZW8jIGY?feature=oembed\" frameborder=\"0\" allow=\"accelerometer; autoplay; clipboard-write; encrypted-media; gyroscope; picture-in-picture; web-share\" referrerpolicy=\"strict-origin-when-cross-origin\" allowfullscreen><\/iframe>\n<\/div><\/figure>\n","protected":false},"excerpt":{"rendered":"<p>Ha pasado m\u00e1s de medio siglo desde aquellos d\u00edas del gobierno de Salvador Allende y la Unidad Popular. Fue en esos tiempos que nacieron las \u00abVillas de Turismo Social\u00bb, tambi\u00e9n conocidas como \u00abbalnearios populares\u00bb, que se habilitaron en algunas costas del pa\u00eds durante 1971 y 1973. Asimismo estuvieron presente estas instalaciones en varios puntos de [&hellip;]<\/p>\n","protected":false},"author":1,"featured_media":16043,"comment_status":"closed","ping_status":"closed","sticky":false,"template":"","format":"standard","meta":{"_acf_changed":false,"footnotes":""},"categories":[218],"tags":[],"class_list":["post-16042","post","type-post","status-publish","format-standard","has-post-thumbnail","hentry","category-blog"],"acf":[],"yoast_head":"<!-- This site is optimized with the Yoast SEO plugin v27.1.1 - https:\/\/yoast.com\/product\/yoast-seo-wordpress\/ -->\n<title>Balnearios populares: rescate identitario a trav\u00e9s de la memoria - Valpara\u00ed\u00adso Creativo<\/title>\n<meta name=\"robots\" content=\"index, follow, max-snippet:-1, max-image-preview:large, max-video-preview:-1\" \/>\n<link rel=\"canonical\" href=\"https:\/\/dev.antudigital.cl\/sites\/vc\/balnearios-populares-rescate-identitario-a-traves-de-la-memoria\/\" \/>\n<meta property=\"og:locale\" content=\"es_ES\" \/>\n<meta property=\"og:type\" content=\"article\" \/>\n<meta property=\"og:title\" content=\"Balnearios populares: rescate identitario a trav\u00e9s de la memoria - Valpara\u00ed\u00adso Creativo\" \/>\n<meta property=\"og:description\" content=\"Ha pasado m\u00e1s de medio siglo desde aquellos d\u00edas del gobierno de Salvador Allende y la Unidad Popular. Fue en esos tiempos que nacieron las \u00abVillas de Turismo Social\u00bb, tambi\u00e9n conocidas como \u00abbalnearios populares\u00bb, que se habilitaron en algunas costas del pa\u00eds durante 1971 y 1973. Asimismo estuvieron presente estas instalaciones en varios puntos de [&hellip;]\" \/>\n<meta property=\"og:url\" content=\"https:\/\/dev.antudigital.cl\/sites\/vc\/balnearios-populares-rescate-identitario-a-traves-de-la-memoria\/\" \/>\n<meta property=\"og:site_name\" content=\"Valpara\u00ed\u00adso Creativo\" \/>\n<meta property=\"article:published_time\" content=\"2023-07-24T19:28:39+00:00\" \/>\n<meta property=\"article:modified_time\" content=\"2023-07-26T03:35:56+00:00\" \/>\n<meta property=\"og:image\" content=\"https:\/\/dev.antudigital.cl\/sites\/vc\/wp-content\/uploads\/2023\/07\/LdM_MdL_2_Loncura-1.jpg\" \/>\n\t<meta property=\"og:image:width\" content=\"1278\" \/>\n\t<meta property=\"og:image:height\" content=\"709\" \/>\n\t<meta property=\"og:image:type\" content=\"image\/jpeg\" \/>\n<meta name=\"author\" content=\"Valpara\u00edso Creativo\" \/>\n<meta name=\"twitter:card\" content=\"summary_large_image\" \/>\n<meta name=\"twitter:label1\" content=\"Escrito por\" \/>\n\t<meta name=\"twitter:data1\" content=\"Valpara\u00edso Creativo\" \/>\n\t<meta name=\"twitter:label2\" content=\"Tiempo de lectura\" \/>\n\t<meta name=\"twitter:data2\" content=\"4 minutos\" \/>\n<script type=\"application\/ld+json\" class=\"yoast-schema-graph\">{\"@context\":\"https:\/\/schema.org\",\"@graph\":[{\"@type\":\"Article\",\"@id\":\"https:\/\/dev.antudigital.cl\/sites\/vc\/balnearios-populares-rescate-identitario-a-traves-de-la-memoria\/#article\",\"isPartOf\":{\"@id\":\"https:\/\/dev.antudigital.cl\/sites\/vc\/balnearios-populares-rescate-identitario-a-traves-de-la-memoria\/\"},\"author\":{\"name\":\"Valpara\u00edso Creativo\",\"@id\":\"https:\/\/dev.antudigital.cl\/sites\/vc\/#\/schema\/person\/c2b9da8dd545e27166fc5ab232837318\"},\"headline\":\"Balnearios populares: rescate identitario a trav\u00e9s de la memoria\",\"datePublished\":\"2023-07-24T19:28:39+00:00\",\"dateModified\":\"2023-07-26T03:35:56+00:00\",\"mainEntityOfPage\":{\"@id\":\"https:\/\/dev.antudigital.cl\/sites\/vc\/balnearios-populares-rescate-identitario-a-traves-de-la-memoria\/\"},\"wordCount\":686,\"image\":{\"@id\":\"https:\/\/dev.antudigital.cl\/sites\/vc\/balnearios-populares-rescate-identitario-a-traves-de-la-memoria\/#primaryimage\"},\"thumbnailUrl\":\"https:\/\/dev.antudigital.cl\/sites\/vc\/wp-content\/uploads\/2023\/07\/LdM_MdL_2_Loncura-1.jpg\",\"articleSection\":[\"Blog\"],\"inLanguage\":\"es\"},{\"@type\":\"WebPage\",\"@id\":\"https:\/\/dev.antudigital.cl\/sites\/vc\/balnearios-populares-rescate-identitario-a-traves-de-la-memoria\/\",\"url\":\"https:\/\/dev.antudigital.cl\/sites\/vc\/balnearios-populares-rescate-identitario-a-traves-de-la-memoria\/\",\"name\":\"Balnearios populares: rescate identitario a trav\u00e9s de la memoria - Valpara\u00ed\u00adso Creativo\",\"isPartOf\":{\"@id\":\"https:\/\/dev.antudigital.cl\/sites\/vc\/#website\"},\"primaryImageOfPage\":{\"@id\":\"https:\/\/dev.antudigital.cl\/sites\/vc\/balnearios-populares-rescate-identitario-a-traves-de-la-memoria\/#primaryimage\"},\"image\":{\"@id\":\"https:\/\/dev.antudigital.cl\/sites\/vc\/balnearios-populares-rescate-identitario-a-traves-de-la-memoria\/#primaryimage\"},\"thumbnailUrl\":\"https:\/\/dev.antudigital.cl\/sites\/vc\/wp-content\/uploads\/2023\/07\/LdM_MdL_2_Loncura-1.jpg\",\"datePublished\":\"2023-07-24T19:28:39+00:00\",\"dateModified\":\"2023-07-26T03:35:56+00:00\",\"author\":{\"@id\":\"https:\/\/dev.antudigital.cl\/sites\/vc\/#\/schema\/person\/c2b9da8dd545e27166fc5ab232837318\"},\"breadcrumb\":{\"@id\":\"https:\/\/dev.antudigital.cl\/sites\/vc\/balnearios-populares-rescate-identitario-a-traves-de-la-memoria\/#breadcrumb\"},\"inLanguage\":\"es\",\"potentialAction\":[{\"@type\":\"ReadAction\",\"target\":[\"https:\/\/dev.antudigital.cl\/sites\/vc\/balnearios-populares-rescate-identitario-a-traves-de-la-memoria\/\"]}]},{\"@type\":\"ImageObject\",\"inLanguage\":\"es\",\"@id\":\"https:\/\/dev.antudigital.cl\/sites\/vc\/balnearios-populares-rescate-identitario-a-traves-de-la-memoria\/#primaryimage\",\"url\":\"https:\/\/dev.antudigital.cl\/sites\/vc\/wp-content\/uploads\/2023\/07\/LdM_MdL_2_Loncura-1.jpg\",\"contentUrl\":\"https:\/\/dev.antudigital.cl\/sites\/vc\/wp-content\/uploads\/2023\/07\/LdM_MdL_2_Loncura-1.jpg\",\"width\":1278,\"height\":709},{\"@type\":\"BreadcrumbList\",\"@id\":\"https:\/\/dev.antudigital.cl\/sites\/vc\/balnearios-populares-rescate-identitario-a-traves-de-la-memoria\/#breadcrumb\",\"itemListElement\":[{\"@type\":\"ListItem\",\"position\":1,\"name\":\"Home\",\"item\":\"https:\/\/dev.antudigital.cl\/sites\/vc\/\"},{\"@type\":\"ListItem\",\"position\":2,\"name\":\"Balnearios populares: rescate identitario a trav\u00e9s de la memoria\"}]},{\"@type\":\"WebSite\",\"@id\":\"https:\/\/dev.antudigital.cl\/sites\/vc\/#website\",\"url\":\"https:\/\/dev.antudigital.cl\/sites\/vc\/\",\"name\":\"Valpara\u00ed\u00adso Creativo\",\"description\":\"\",\"potentialAction\":[{\"@type\":\"SearchAction\",\"target\":{\"@type\":\"EntryPoint\",\"urlTemplate\":\"https:\/\/dev.antudigital.cl\/sites\/vc\/?s={search_term_string}\"},\"query-input\":{\"@type\":\"PropertyValueSpecification\",\"valueRequired\":true,\"valueName\":\"search_term_string\"}}],\"inLanguage\":\"es\"},{\"@type\":\"Person\",\"@id\":\"https:\/\/dev.antudigital.cl\/sites\/vc\/#\/schema\/person\/c2b9da8dd545e27166fc5ab232837318\",\"name\":\"Valpara\u00edso Creativo\",\"description\":\"Periodista de cultura en la Regi\u00f3n de Valpara\u00edso.\",\"url\":\"https:\/\/dev.antudigital.cl\/sites\/vc\/author\/valpoadmin\/\"}]}<\/script>\n<!-- \/ Yoast SEO plugin. -->","yoast_head_json":{"title":"Balnearios populares: rescate identitario a trav\u00e9s de la memoria - Valpara\u00ed\u00adso Creativo","robots":{"index":"index","follow":"follow","max-snippet":"max-snippet:-1","max-image-preview":"max-image-preview:large","max-video-preview":"max-video-preview:-1"},"canonical":"https:\/\/dev.antudigital.cl\/sites\/vc\/balnearios-populares-rescate-identitario-a-traves-de-la-memoria\/","og_locale":"es_ES","og_type":"article","og_title":"Balnearios populares: rescate identitario a trav\u00e9s de la memoria - Valpara\u00ed\u00adso Creativo","og_description":"Ha pasado m\u00e1s de medio siglo desde aquellos d\u00edas del gobierno de Salvador Allende y la Unidad Popular. Fue en esos tiempos que nacieron las \u00abVillas de Turismo Social\u00bb, tambi\u00e9n conocidas como \u00abbalnearios populares\u00bb, que se habilitaron en algunas costas del pa\u00eds durante 1971 y 1973. Asimismo estuvieron presente estas instalaciones en varios puntos de [&hellip;]","og_url":"https:\/\/dev.antudigital.cl\/sites\/vc\/balnearios-populares-rescate-identitario-a-traves-de-la-memoria\/","og_site_name":"Valpara\u00ed\u00adso Creativo","article_published_time":"2023-07-24T19:28:39+00:00","article_modified_time":"2023-07-26T03:35:56+00:00","og_image":[{"width":1278,"height":709,"url":"https:\/\/dev.antudigital.cl\/sites\/vc\/wp-content\/uploads\/2023\/07\/LdM_MdL_2_Loncura-1.jpg","type":"image\/jpeg"}],"author":"Valpara\u00edso Creativo","twitter_card":"summary_large_image","twitter_misc":{"Escrito por":"Valpara\u00edso Creativo","Tiempo de lectura":"4 minutos"},"schema":{"@context":"https:\/\/schema.org","@graph":[{"@type":"Article","@id":"https:\/\/dev.antudigital.cl\/sites\/vc\/balnearios-populares-rescate-identitario-a-traves-de-la-memoria\/#article","isPartOf":{"@id":"https:\/\/dev.antudigital.cl\/sites\/vc\/balnearios-populares-rescate-identitario-a-traves-de-la-memoria\/"},"author":{"name":"Valpara\u00edso Creativo","@id":"https:\/\/dev.antudigital.cl\/sites\/vc\/#\/schema\/person\/c2b9da8dd545e27166fc5ab232837318"},"headline":"Balnearios populares: rescate identitario a trav\u00e9s de la memoria","datePublished":"2023-07-24T19:28:39+00:00","dateModified":"2023-07-26T03:35:56+00:00","mainEntityOfPage":{"@id":"https:\/\/dev.antudigital.cl\/sites\/vc\/balnearios-populares-rescate-identitario-a-traves-de-la-memoria\/"},"wordCount":686,"image":{"@id":"https:\/\/dev.antudigital.cl\/sites\/vc\/balnearios-populares-rescate-identitario-a-traves-de-la-memoria\/#primaryimage"},"thumbnailUrl":"https:\/\/dev.antudigital.cl\/sites\/vc\/wp-content\/uploads\/2023\/07\/LdM_MdL_2_Loncura-1.jpg","articleSection":["Blog"],"inLanguage":"es"},{"@type":"WebPage","@id":"https:\/\/dev.antudigital.cl\/sites\/vc\/balnearios-populares-rescate-identitario-a-traves-de-la-memoria\/","url":"https:\/\/dev.antudigital.cl\/sites\/vc\/balnearios-populares-rescate-identitario-a-traves-de-la-memoria\/","name":"Balnearios populares: rescate identitario a trav\u00e9s de la memoria - Valpara\u00ed\u00adso Creativo","isPartOf":{"@id":"https:\/\/dev.antudigital.cl\/sites\/vc\/#website"},"primaryImageOfPage":{"@id":"https:\/\/dev.antudigital.cl\/sites\/vc\/balnearios-populares-rescate-identitario-a-traves-de-la-memoria\/#primaryimage"},"image":{"@id":"https:\/\/dev.antudigital.cl\/sites\/vc\/balnearios-populares-rescate-identitario-a-traves-de-la-memoria\/#primaryimage"},"thumbnailUrl":"https:\/\/dev.antudigital.cl\/sites\/vc\/wp-content\/uploads\/2023\/07\/LdM_MdL_2_Loncura-1.jpg","datePublished":"2023-07-24T19:28:39+00:00","dateModified":"2023-07-26T03:35:56+00:00","author":{"@id":"https:\/\/dev.antudigital.cl\/sites\/vc\/#\/schema\/person\/c2b9da8dd545e27166fc5ab232837318"},"breadcrumb":{"@id":"https:\/\/dev.antudigital.cl\/sites\/vc\/balnearios-populares-rescate-identitario-a-traves-de-la-memoria\/#breadcrumb"},"inLanguage":"es","potentialAction":[{"@type":"ReadAction","target":["https:\/\/dev.antudigital.cl\/sites\/vc\/balnearios-populares-rescate-identitario-a-traves-de-la-memoria\/"]}]},{"@type":"ImageObject","inLanguage":"es","@id":"https:\/\/dev.antudigital.cl\/sites\/vc\/balnearios-populares-rescate-identitario-a-traves-de-la-memoria\/#primaryimage","url":"https:\/\/dev.antudigital.cl\/sites\/vc\/wp-content\/uploads\/2023\/07\/LdM_MdL_2_Loncura-1.jpg","contentUrl":"https:\/\/dev.antudigital.cl\/sites\/vc\/wp-content\/uploads\/2023\/07\/LdM_MdL_2_Loncura-1.jpg","width":1278,"height":709},{"@type":"BreadcrumbList","@id":"https:\/\/dev.antudigital.cl\/sites\/vc\/balnearios-populares-rescate-identitario-a-traves-de-la-memoria\/#breadcrumb","itemListElement":[{"@type":"ListItem","position":1,"name":"Home","item":"https:\/\/dev.antudigital.cl\/sites\/vc\/"},{"@type":"ListItem","position":2,"name":"Balnearios populares: rescate identitario a trav\u00e9s de la memoria"}]},{"@type":"WebSite","@id":"https:\/\/dev.antudigital.cl\/sites\/vc\/#website","url":"https:\/\/dev.antudigital.cl\/sites\/vc\/","name":"Valpara\u00ed\u00adso Creativo","description":"","potentialAction":[{"@type":"SearchAction","target":{"@type":"EntryPoint","urlTemplate":"https:\/\/dev.antudigital.cl\/sites\/vc\/?s={search_term_string}"},"query-input":{"@type":"PropertyValueSpecification","valueRequired":true,"valueName":"search_term_string"}}],"inLanguage":"es"},{"@type":"Person","@id":"https:\/\/dev.antudigital.cl\/sites\/vc\/#\/schema\/person\/c2b9da8dd545e27166fc5ab232837318","name":"Valpara\u00edso Creativo","description":"Periodista de cultura en la Regi\u00f3n de Valpara\u00edso.","url":"https:\/\/dev.antudigital.cl\/sites\/vc\/author\/valpoadmin\/"}]}},"_links":{"self":[{"href":"https:\/\/dev.antudigital.cl\/sites\/vc\/wp-json\/wp\/v2\/posts\/16042","targetHints":{"allow":["GET"]}}],"collection":[{"href":"https:\/\/dev.antudigital.cl\/sites\/vc\/wp-json\/wp\/v2\/posts"}],"about":[{"href":"https:\/\/dev.antudigital.cl\/sites\/vc\/wp-json\/wp\/v2\/types\/post"}],"author":[{"embeddable":true,"href":"https:\/\/dev.antudigital.cl\/sites\/vc\/wp-json\/wp\/v2\/users\/1"}],"replies":[{"embeddable":true,"href":"https:\/\/dev.antudigital.cl\/sites\/vc\/wp-json\/wp\/v2\/comments?post=16042"}],"version-history":[{"count":1,"href":"https:\/\/dev.antudigital.cl\/sites\/vc\/wp-json\/wp\/v2\/posts\/16042\/revisions"}],"predecessor-version":[{"id":16048,"href":"https:\/\/dev.antudigital.cl\/sites\/vc\/wp-json\/wp\/v2\/posts\/16042\/revisions\/16048"}],"wp:featuredmedia":[{"embeddable":true,"href":"https:\/\/dev.antudigital.cl\/sites\/vc\/wp-json\/wp\/v2\/media\/16043"}],"wp:attachment":[{"href":"https:\/\/dev.antudigital.cl\/sites\/vc\/wp-json\/wp\/v2\/media?parent=16042"}],"wp:term":[{"taxonomy":"category","embeddable":true,"href":"https:\/\/dev.antudigital.cl\/sites\/vc\/wp-json\/wp\/v2\/categories?post=16042"},{"taxonomy":"post_tag","embeddable":true,"href":"https:\/\/dev.antudigital.cl\/sites\/vc\/wp-json\/wp\/v2\/tags?post=16042"}],"curies":[{"name":"wp","href":"https:\/\/api.w.org\/{rel}","templated":true}]}}