{"id":16049,"date":"2023-07-24T21:44:16","date_gmt":"2023-07-24T21:44:16","guid":{"rendered":"https:\/\/www.valparaisocreativo.cl\/?p=16049"},"modified":"2023-07-26T03:35:53","modified_gmt":"2023-07-26T03:35:53","slug":"se-acerca-el-27o-encuentro-empresarial-de-la-crcp-valparaiso","status":"publish","type":"post","link":"https:\/\/dev.antudigital.cl\/sites\/vc\/se-acerca-el-27o-encuentro-empresarial-de-la-crcp-valparaiso\/","title":{"rendered":"Se acerca el 27\u00ba Encuentro Empresarial de la CRCP Valpara\u00edso"},"content":{"rendered":"\n<p>Con la presencia de autoridades, representantes del mundo empresarial, emprendedores, acad\u00e9micos y de todos quienes han contribuido a posicionar a la regi\u00f3n de Valpara\u00edso como una de las principales plataformas para la innovaci\u00f3n y el emprendimiento dentro de la econom\u00eda nacional, la C\u00e1mara Regional del Comercio de Valpara\u00edso (CRCP) realizar\u00e1 nueva versi\u00f3n del Encuentro Empresarial, <strong>27ee: Encuentro de Ecosistemas <\/strong><em>2023,<\/em> los pr\u00f3ximos 2 y 3 de agosto en el Enjoy de Vi\u00f1a del Mar. Gracias al apoyo de Corfo, EIVA y diversas empresas socias.<\/p>\n\n\n\n<p>El encuentro m\u00e1s importante de la regi\u00f3n, por 27 a\u00f1os ha reunido a las principales empresas y emprendedores de la zona, contempla la realizaci\u00f3n de seminarios, charlas magistrales, talleres, ruedas de negocios, actividades de networking, y una feria de expositores. Adem\u00e1s, se contar\u00e1 con la participaci\u00f3n de destacados expertos nacionales e internacionales que abordar\u00e1n diversas materias de inter\u00e9s para el desarrollo del ecosistema regional como el la innovaci\u00f3n sostenible, inteligencia artificial, entre otros, donde panelistas invitados entregar\u00e1n su opini\u00f3n y dar\u00e1n a conocer su experiencia frente a la tem\u00e1tica.&nbsp;<\/p>\n\n\n\n<p>El presidente de la C\u00e1mara Regional del Comercio de Valpara\u00edso, Javier Torrej\u00f3n, manifest\u00f3 que <em>\u00abcomo CRCP hemos constituido este evento en una importante vitrina de negocios para las empresas de la zona, pero tambi\u00e9n en un espacio de reflexi\u00f3n para abordar los retos actuales del mundo empresarial. Vivimos tiempos complejos, por lo que el desaf\u00edo es trabajar colaborativamente generando un ecosistema que re\u00fana al mundo privado, p\u00fablico, acad\u00e9mico, la sociedad civil y el medioambiente, sinergia que nos permitir\u00e1 caminar hacia una mejor calidad de vida para todas y todos. De esta reflexi\u00f3n surge la idea de denominar al 27\u00ba Encuentro Empresarial como un Encuentro de Ecosistemas\u00bb<\/em>.<\/p>\n\n\n\n<p>Este a\u00f1o estar\u00e1n presentes expositores internacionales de Estados Unidos, M\u00e9xico y Colombia donde se destaca la participaci\u00f3n de Kevin Koym, fundador y director ejecutivo de Tech Ranch, quien dar\u00e1 una charla magistral el mi\u00e9rcoles 02 de agosto a las 11:30 horas, para contarle a todo el p\u00fablico sobre su experiencia y c\u00f3mo potenciar un ecosistema al miundo.<\/p>\n\n\n\n<p>Por su parte, el Director Regional de Corfo, Etienne Choupay Magna, destac\u00f3 la importancia de este evento que tiene por objeto <em>\u201cfortalecer el ecosistema regional de innovaci\u00f3n y emprendimiento de nuestra regi\u00f3n, considerando que el principal tema del evento tiene que ver con los ecosistemas y c\u00f3mo los distintos actores se articulan en torno a un territorio para fortalecer la competitividad y la innovaci\u00f3n de las empresas en nuestra Regi\u00f3n de Valpara\u00edso\u201d.<\/em> Adem\u00e1s, relev\u00f3 el rol de Corfo en esta iniciativa: \u201c<em>Tenemos mucho que aportar, tanto en nuestra experiencia como direcci\u00f3n y tambi\u00e9n en el tr\u00e1nsito a una nueva institucionalidad, que es el Comit\u00e9 de Desarrollo Productivo Regional que est\u00e1 enfocado 100% en fortalecer a la regi\u00f3n\u201d.<\/em><\/p>\n\n\n\n<p>En el marco de este encuentro al cual pueden participar todo publico previa inscripci\u00f3n en www.27ee.cl, tambi\u00e9n se desarrollar\u00e1 la \u00abRueda de Negocios Internacional Valpara\u00edso 2023\u00bb, organizada en conjunto con ProChile, donde representantes de diversos sectores productivos de la regi\u00f3n tendr\u00e1n la posibilidad de vincularse con empresas de M\u00e9xico, Per\u00fa, Colombia y Bolivia, lo que sin duda, es una oportunidad \u00fanica para fomentar el networking, la apertura a nuevos mercados y la alianza colaborativa.<\/p>\n\n\n\n<p><strong>C\u00e1mara Regional del Comercio de Valpara\u00edso<\/strong><\/p>\n\n\n\n<p>La C\u00e1mara Regional del Comercio de Valpara\u00edso (CRCP) es una asociaci\u00f3n gremial que agrupa a m\u00e1s de 200 empresas de diversos rubros de la regi\u00f3n de Valpara\u00edso, realizando un trabajo asociativo p\u00fablico &#8211; privado para ir en beneficio del progreso econ\u00f3mico, pol\u00edtico y social de la regi\u00f3n.<\/p>\n\n\n\n<p>Fundada en 1858, es la asociaci\u00f3n gremial del comercio de mayor trayectoria en Chile y Latinoam\u00e9rica, adem\u00e1s de ser un actor relevante del desarrollo econ\u00f3mico regional, gracias a la capacidad de adaptaci\u00f3n a la contingencia y definir claramente su rol en la sociedad.<\/p>\n\n\n\n<p><a href=\"https:\/\/docs.google.com\/forms\/d\/e\/1FAIpQLSe2J_nWI02dEYcpQlAuehgwCDwET7KG4NFIL_6pFOdozyPtIA\/viewform\">Inscr\u00edbete aqu\u00ed<\/a><\/p>\n\n\n\n<figure class=\"wp-block-image size-full\"><img fetchpriority=\"high\" decoding=\"async\" width=\"669\" height=\"669\" src=\"https:\/\/www.valparaisocreativo.cl\/wp-content\/uploads\/2023\/07\/Captura-de-Pantalla-2023-07-24-a-las-17.35.36.png\" alt=\"\" class=\"wp-image-16051\" srcset=\"https:\/\/dev.antudigital.cl\/sites\/vc\/wp-content\/uploads\/2023\/07\/Captura-de-Pantalla-2023-07-24-a-las-17.35.36.png 669w, https:\/\/dev.antudigital.cl\/sites\/vc\/wp-content\/uploads\/2023\/07\/Captura-de-Pantalla-2023-07-24-a-las-17.35.36-300x300.png 300w, https:\/\/dev.antudigital.cl\/sites\/vc\/wp-content\/uploads\/2023\/07\/Captura-de-Pantalla-2023-07-24-a-las-17.35.36-150x150.png 150w, https:\/\/dev.antudigital.cl\/sites\/vc\/wp-content\/uploads\/2023\/07\/Captura-de-Pantalla-2023-07-24-a-las-17.35.36-480x480.png 480w, https:\/\/dev.antudigital.cl\/sites\/vc\/wp-content\/uploads\/2023\/07\/Captura-de-Pantalla-2023-07-24-a-las-17.35.36-24x24.png 24w, https:\/\/dev.antudigital.cl\/sites\/vc\/wp-content\/uploads\/2023\/07\/Captura-de-Pantalla-2023-07-24-a-las-17.35.36-36x36.png 36w, https:\/\/dev.antudigital.cl\/sites\/vc\/wp-content\/uploads\/2023\/07\/Captura-de-Pantalla-2023-07-24-a-las-17.35.36-48x48.png 48w\" sizes=\"(max-width: 669px) 100vw, 669px\" \/><\/figure>\n","protected":false},"excerpt":{"rendered":"<p>Con la presencia de autoridades, representantes del mundo empresarial, emprendedores, acad\u00e9micos y de todos quienes han contribuido a posicionar a la regi\u00f3n de Valpara\u00edso como una de las principales plataformas para la innovaci\u00f3n y el emprendimiento dentro de la econom\u00eda nacional, la C\u00e1mara Regional del Comercio de Valpara\u00edso (CRCP) realizar\u00e1 nueva versi\u00f3n del Encuentro Empresarial, [&hellip;]<\/p>\n","protected":false},"author":1,"featured_media":16050,"comment_status":"closed","ping_status":"closed","sticky":false,"template":"","format":"standard","meta":{"_acf_changed":false,"footnotes":""},"categories":[1],"tags":[],"class_list":["post-16049","post","type-post","status-publish","format-standard","has-post-thumbnail","hentry","category-uncategorized"],"acf":[],"yoast_head":"<!-- This site is optimized with the Yoast SEO plugin v27.1.1 - https:\/\/yoast.com\/product\/yoast-seo-wordpress\/ -->\n<title>Se acerca el 27\u00ba Encuentro Empresarial de la CRCP Valpara\u00edso - Valpara\u00ed\u00adso Creativo<\/title>\n<meta name=\"robots\" content=\"index, follow, max-snippet:-1, max-image-preview:large, max-video-preview:-1\" \/>\n<link rel=\"canonical\" href=\"https:\/\/dev.antudigital.cl\/sites\/vc\/se-acerca-el-27o-encuentro-empresarial-de-la-crcp-valparaiso\/\" \/>\n<meta property=\"og:locale\" content=\"es_ES\" \/>\n<meta property=\"og:type\" content=\"article\" \/>\n<meta property=\"og:title\" content=\"Se acerca el 27\u00ba Encuentro Empresarial de la CRCP Valpara\u00edso - Valpara\u00ed\u00adso Creativo\" \/>\n<meta property=\"og:description\" content=\"Con la presencia de autoridades, representantes del mundo empresarial, emprendedores, acad\u00e9micos y de todos quienes han contribuido a posicionar a la regi\u00f3n de Valpara\u00edso como una de las principales plataformas para la innovaci\u00f3n y el emprendimiento dentro de la econom\u00eda nacional, la C\u00e1mara Regional del Comercio de Valpara\u00edso (CRCP) realizar\u00e1 nueva versi\u00f3n del Encuentro Empresarial, [&hellip;]\" \/>\n<meta property=\"og:url\" content=\"https:\/\/dev.antudigital.cl\/sites\/vc\/se-acerca-el-27o-encuentro-empresarial-de-la-crcp-valparaiso\/\" \/>\n<meta property=\"og:site_name\" content=\"Valpara\u00ed\u00adso Creativo\" \/>\n<meta property=\"article:published_time\" content=\"2023-07-24T21:44:16+00:00\" \/>\n<meta property=\"article:modified_time\" content=\"2023-07-26T03:35:53+00:00\" \/>\n<meta property=\"og:image\" content=\"https:\/\/dev.antudigital.cl\/sites\/vc\/wp-content\/uploads\/2023\/07\/356875890_678270127646474_2786751070585063961_n.jpeg\" \/>\n\t<meta property=\"og:image:width\" content=\"851\" \/>\n\t<meta property=\"og:image:height\" content=\"315\" \/>\n\t<meta property=\"og:image:type\" content=\"image\/jpeg\" \/>\n<meta name=\"author\" content=\"Valpara\u00edso Creativo\" \/>\n<meta name=\"twitter:card\" content=\"summary_large_image\" \/>\n<meta name=\"twitter:label1\" content=\"Escrito por\" \/>\n\t<meta name=\"twitter:data1\" content=\"Valpara\u00edso Creativo\" \/>\n\t<meta name=\"twitter:label2\" content=\"Tiempo de lectura\" \/>\n\t<meta name=\"twitter:data2\" content=\"4 minutos\" \/>\n<script type=\"application\/ld+json\" class=\"yoast-schema-graph\">{\"@context\":\"https:\/\/schema.org\",\"@graph\":[{\"@type\":\"Article\",\"@id\":\"https:\/\/dev.antudigital.cl\/sites\/vc\/se-acerca-el-27o-encuentro-empresarial-de-la-crcp-valparaiso\/#article\",\"isPartOf\":{\"@id\":\"https:\/\/dev.antudigital.cl\/sites\/vc\/se-acerca-el-27o-encuentro-empresarial-de-la-crcp-valparaiso\/\"},\"author\":{\"name\":\"Valpara\u00edso Creativo\",\"@id\":\"https:\/\/dev.antudigital.cl\/sites\/vc\/#\/schema\/person\/c2b9da8dd545e27166fc5ab232837318\"},\"headline\":\"Se acerca el 27\u00ba Encuentro Empresarial de la CRCP Valpara\u00edso\",\"datePublished\":\"2023-07-24T21:44:16+00:00\",\"dateModified\":\"2023-07-26T03:35:53+00:00\",\"mainEntityOfPage\":{\"@id\":\"https:\/\/dev.antudigital.cl\/sites\/vc\/se-acerca-el-27o-encuentro-empresarial-de-la-crcp-valparaiso\/\"},\"wordCount\":702,\"image\":{\"@id\":\"https:\/\/dev.antudigital.cl\/sites\/vc\/se-acerca-el-27o-encuentro-empresarial-de-la-crcp-valparaiso\/#primaryimage\"},\"thumbnailUrl\":\"https:\/\/dev.antudigital.cl\/sites\/vc\/wp-content\/uploads\/2023\/07\/356875890_678270127646474_2786751070585063961_n.jpeg\",\"articleSection\":[\"Uncategorized\"],\"inLanguage\":\"es\"},{\"@type\":\"WebPage\",\"@id\":\"https:\/\/dev.antudigital.cl\/sites\/vc\/se-acerca-el-27o-encuentro-empresarial-de-la-crcp-valparaiso\/\",\"url\":\"https:\/\/dev.antudigital.cl\/sites\/vc\/se-acerca-el-27o-encuentro-empresarial-de-la-crcp-valparaiso\/\",\"name\":\"Se acerca el 27\u00ba Encuentro Empresarial de la CRCP Valpara\u00edso - Valpara\u00ed\u00adso Creativo\",\"isPartOf\":{\"@id\":\"https:\/\/dev.antudigital.cl\/sites\/vc\/#website\"},\"primaryImageOfPage\":{\"@id\":\"https:\/\/dev.antudigital.cl\/sites\/vc\/se-acerca-el-27o-encuentro-empresarial-de-la-crcp-valparaiso\/#primaryimage\"},\"image\":{\"@id\":\"https:\/\/dev.antudigital.cl\/sites\/vc\/se-acerca-el-27o-encuentro-empresarial-de-la-crcp-valparaiso\/#primaryimage\"},\"thumbnailUrl\":\"https:\/\/dev.antudigital.cl\/sites\/vc\/wp-content\/uploads\/2023\/07\/356875890_678270127646474_2786751070585063961_n.jpeg\",\"datePublished\":\"2023-07-24T21:44:16+00:00\",\"dateModified\":\"2023-07-26T03:35:53+00:00\",\"author\":{\"@id\":\"https:\/\/dev.antudigital.cl\/sites\/vc\/#\/schema\/person\/c2b9da8dd545e27166fc5ab232837318\"},\"breadcrumb\":{\"@id\":\"https:\/\/dev.antudigital.cl\/sites\/vc\/se-acerca-el-27o-encuentro-empresarial-de-la-crcp-valparaiso\/#breadcrumb\"},\"inLanguage\":\"es\",\"potentialAction\":[{\"@type\":\"ReadAction\",\"target\":[\"https:\/\/dev.antudigital.cl\/sites\/vc\/se-acerca-el-27o-encuentro-empresarial-de-la-crcp-valparaiso\/\"]}]},{\"@type\":\"ImageObject\",\"inLanguage\":\"es\",\"@id\":\"https:\/\/dev.antudigital.cl\/sites\/vc\/se-acerca-el-27o-encuentro-empresarial-de-la-crcp-valparaiso\/#primaryimage\",\"url\":\"https:\/\/dev.antudigital.cl\/sites\/vc\/wp-content\/uploads\/2023\/07\/356875890_678270127646474_2786751070585063961_n.jpeg\",\"contentUrl\":\"https:\/\/dev.antudigital.cl\/sites\/vc\/wp-content\/uploads\/2023\/07\/356875890_678270127646474_2786751070585063961_n.jpeg\",\"width\":851,\"height\":315},{\"@type\":\"BreadcrumbList\",\"@id\":\"https:\/\/dev.antudigital.cl\/sites\/vc\/se-acerca-el-27o-encuentro-empresarial-de-la-crcp-valparaiso\/#breadcrumb\",\"itemListElement\":[{\"@type\":\"ListItem\",\"position\":1,\"name\":\"Home\",\"item\":\"https:\/\/dev.antudigital.cl\/sites\/vc\/\"},{\"@type\":\"ListItem\",\"position\":2,\"name\":\"Se acerca el 27\u00ba Encuentro Empresarial de la CRCP Valpara\u00edso\"}]},{\"@type\":\"WebSite\",\"@id\":\"https:\/\/dev.antudigital.cl\/sites\/vc\/#website\",\"url\":\"https:\/\/dev.antudigital.cl\/sites\/vc\/\",\"name\":\"Valpara\u00ed\u00adso Creativo\",\"description\":\"\",\"potentialAction\":[{\"@type\":\"SearchAction\",\"target\":{\"@type\":\"EntryPoint\",\"urlTemplate\":\"https:\/\/dev.antudigital.cl\/sites\/vc\/?s={search_term_string}\"},\"query-input\":{\"@type\":\"PropertyValueSpecification\",\"valueRequired\":true,\"valueName\":\"search_term_string\"}}],\"inLanguage\":\"es\"},{\"@type\":\"Person\",\"@id\":\"https:\/\/dev.antudigital.cl\/sites\/vc\/#\/schema\/person\/c2b9da8dd545e27166fc5ab232837318\",\"name\":\"Valpara\u00edso Creativo\",\"description\":\"Periodista de cultura en la Regi\u00f3n de Valpara\u00edso.\",\"url\":\"https:\/\/dev.antudigital.cl\/sites\/vc\/author\/valpoadmin\/\"}]}<\/script>\n<!-- \/ Yoast SEO plugin. -->","yoast_head_json":{"title":"Se acerca el 27\u00ba Encuentro Empresarial de la CRCP Valpara\u00edso - Valpara\u00ed\u00adso Creativo","robots":{"index":"index","follow":"follow","max-snippet":"max-snippet:-1","max-image-preview":"max-image-preview:large","max-video-preview":"max-video-preview:-1"},"canonical":"https:\/\/dev.antudigital.cl\/sites\/vc\/se-acerca-el-27o-encuentro-empresarial-de-la-crcp-valparaiso\/","og_locale":"es_ES","og_type":"article","og_title":"Se acerca el 27\u00ba Encuentro Empresarial de la CRCP Valpara\u00edso - Valpara\u00ed\u00adso Creativo","og_description":"Con la presencia de autoridades, representantes del mundo empresarial, emprendedores, acad\u00e9micos y de todos quienes han contribuido a posicionar a la regi\u00f3n de Valpara\u00edso como una de las principales plataformas para la innovaci\u00f3n y el emprendimiento dentro de la econom\u00eda nacional, la C\u00e1mara Regional del Comercio de Valpara\u00edso (CRCP) realizar\u00e1 nueva versi\u00f3n del Encuentro Empresarial, [&hellip;]","og_url":"https:\/\/dev.antudigital.cl\/sites\/vc\/se-acerca-el-27o-encuentro-empresarial-de-la-crcp-valparaiso\/","og_site_name":"Valpara\u00ed\u00adso Creativo","article_published_time":"2023-07-24T21:44:16+00:00","article_modified_time":"2023-07-26T03:35:53+00:00","og_image":[{"width":851,"height":315,"url":"https:\/\/dev.antudigital.cl\/sites\/vc\/wp-content\/uploads\/2023\/07\/356875890_678270127646474_2786751070585063961_n.jpeg","type":"image\/jpeg"}],"author":"Valpara\u00edso Creativo","twitter_card":"summary_large_image","twitter_misc":{"Escrito por":"Valpara\u00edso Creativo","Tiempo de lectura":"4 minutos"},"schema":{"@context":"https:\/\/schema.org","@graph":[{"@type":"Article","@id":"https:\/\/dev.antudigital.cl\/sites\/vc\/se-acerca-el-27o-encuentro-empresarial-de-la-crcp-valparaiso\/#article","isPartOf":{"@id":"https:\/\/dev.antudigital.cl\/sites\/vc\/se-acerca-el-27o-encuentro-empresarial-de-la-crcp-valparaiso\/"},"author":{"name":"Valpara\u00edso Creativo","@id":"https:\/\/dev.antudigital.cl\/sites\/vc\/#\/schema\/person\/c2b9da8dd545e27166fc5ab232837318"},"headline":"Se acerca el 27\u00ba Encuentro Empresarial de la CRCP Valpara\u00edso","datePublished":"2023-07-24T21:44:16+00:00","dateModified":"2023-07-26T03:35:53+00:00","mainEntityOfPage":{"@id":"https:\/\/dev.antudigital.cl\/sites\/vc\/se-acerca-el-27o-encuentro-empresarial-de-la-crcp-valparaiso\/"},"wordCount":702,"image":{"@id":"https:\/\/dev.antudigital.cl\/sites\/vc\/se-acerca-el-27o-encuentro-empresarial-de-la-crcp-valparaiso\/#primaryimage"},"thumbnailUrl":"https:\/\/dev.antudigital.cl\/sites\/vc\/wp-content\/uploads\/2023\/07\/356875890_678270127646474_2786751070585063961_n.jpeg","articleSection":["Uncategorized"],"inLanguage":"es"},{"@type":"WebPage","@id":"https:\/\/dev.antudigital.cl\/sites\/vc\/se-acerca-el-27o-encuentro-empresarial-de-la-crcp-valparaiso\/","url":"https:\/\/dev.antudigital.cl\/sites\/vc\/se-acerca-el-27o-encuentro-empresarial-de-la-crcp-valparaiso\/","name":"Se acerca el 27\u00ba Encuentro Empresarial de la CRCP Valpara\u00edso - Valpara\u00ed\u00adso Creativo","isPartOf":{"@id":"https:\/\/dev.antudigital.cl\/sites\/vc\/#website"},"primaryImageOfPage":{"@id":"https:\/\/dev.antudigital.cl\/sites\/vc\/se-acerca-el-27o-encuentro-empresarial-de-la-crcp-valparaiso\/#primaryimage"},"image":{"@id":"https:\/\/dev.antudigital.cl\/sites\/vc\/se-acerca-el-27o-encuentro-empresarial-de-la-crcp-valparaiso\/#primaryimage"},"thumbnailUrl":"https:\/\/dev.antudigital.cl\/sites\/vc\/wp-content\/uploads\/2023\/07\/356875890_678270127646474_2786751070585063961_n.jpeg","datePublished":"2023-07-24T21:44:16+00:00","dateModified":"2023-07-26T03:35:53+00:00","author":{"@id":"https:\/\/dev.antudigital.cl\/sites\/vc\/#\/schema\/person\/c2b9da8dd545e27166fc5ab232837318"},"breadcrumb":{"@id":"https:\/\/dev.antudigital.cl\/sites\/vc\/se-acerca-el-27o-encuentro-empresarial-de-la-crcp-valparaiso\/#breadcrumb"},"inLanguage":"es","potentialAction":[{"@type":"ReadAction","target":["https:\/\/dev.antudigital.cl\/sites\/vc\/se-acerca-el-27o-encuentro-empresarial-de-la-crcp-valparaiso\/"]}]},{"@type":"ImageObject","inLanguage":"es","@id":"https:\/\/dev.antudigital.cl\/sites\/vc\/se-acerca-el-27o-encuentro-empresarial-de-la-crcp-valparaiso\/#primaryimage","url":"https:\/\/dev.antudigital.cl\/sites\/vc\/wp-content\/uploads\/2023\/07\/356875890_678270127646474_2786751070585063961_n.jpeg","contentUrl":"https:\/\/dev.antudigital.cl\/sites\/vc\/wp-content\/uploads\/2023\/07\/356875890_678270127646474_2786751070585063961_n.jpeg","width":851,"height":315},{"@type":"BreadcrumbList","@id":"https:\/\/dev.antudigital.cl\/sites\/vc\/se-acerca-el-27o-encuentro-empresarial-de-la-crcp-valparaiso\/#breadcrumb","itemListElement":[{"@type":"ListItem","position":1,"name":"Home","item":"https:\/\/dev.antudigital.cl\/sites\/vc\/"},{"@type":"ListItem","position":2,"name":"Se acerca el 27\u00ba Encuentro Empresarial de la CRCP Valpara\u00edso"}]},{"@type":"WebSite","@id":"https:\/\/dev.antudigital.cl\/sites\/vc\/#website","url":"https:\/\/dev.antudigital.cl\/sites\/vc\/","name":"Valpara\u00ed\u00adso Creativo","description":"","potentialAction":[{"@type":"SearchAction","target":{"@type":"EntryPoint","urlTemplate":"https:\/\/dev.antudigital.cl\/sites\/vc\/?s={search_term_string}"},"query-input":{"@type":"PropertyValueSpecification","valueRequired":true,"valueName":"search_term_string"}}],"inLanguage":"es"},{"@type":"Person","@id":"https:\/\/dev.antudigital.cl\/sites\/vc\/#\/schema\/person\/c2b9da8dd545e27166fc5ab232837318","name":"Valpara\u00edso Creativo","description":"Periodista de cultura en la Regi\u00f3n de Valpara\u00edso.","url":"https:\/\/dev.antudigital.cl\/sites\/vc\/author\/valpoadmin\/"}]}},"_links":{"self":[{"href":"https:\/\/dev.antudigital.cl\/sites\/vc\/wp-json\/wp\/v2\/posts\/16049","targetHints":{"allow":["GET"]}}],"collection":[{"href":"https:\/\/dev.antudigital.cl\/sites\/vc\/wp-json\/wp\/v2\/posts"}],"about":[{"href":"https:\/\/dev.antudigital.cl\/sites\/vc\/wp-json\/wp\/v2\/types\/post"}],"author":[{"embeddable":true,"href":"https:\/\/dev.antudigital.cl\/sites\/vc\/wp-json\/wp\/v2\/users\/1"}],"replies":[{"embeddable":true,"href":"https:\/\/dev.antudigital.cl\/sites\/vc\/wp-json\/wp\/v2\/comments?post=16049"}],"version-history":[{"count":2,"href":"https:\/\/dev.antudigital.cl\/sites\/vc\/wp-json\/wp\/v2\/posts\/16049\/revisions"}],"predecessor-version":[{"id":16097,"href":"https:\/\/dev.antudigital.cl\/sites\/vc\/wp-json\/wp\/v2\/posts\/16049\/revisions\/16097"}],"wp:featuredmedia":[{"embeddable":true,"href":"https:\/\/dev.antudigital.cl\/sites\/vc\/wp-json\/wp\/v2\/media\/16050"}],"wp:attachment":[{"href":"https:\/\/dev.antudigital.cl\/sites\/vc\/wp-json\/wp\/v2\/media?parent=16049"}],"wp:term":[{"taxonomy":"category","embeddable":true,"href":"https:\/\/dev.antudigital.cl\/sites\/vc\/wp-json\/wp\/v2\/categories?post=16049"},{"taxonomy":"post_tag","embeddable":true,"href":"https:\/\/dev.antudigital.cl\/sites\/vc\/wp-json\/wp\/v2\/tags?post=16049"}],"curies":[{"name":"wp","href":"https:\/\/api.w.org\/{rel}","templated":true}]}}