{"id":16053,"date":"2023-07-24T21:49:26","date_gmt":"2023-07-24T21:49:26","guid":{"rendered":"https:\/\/www.valparaisocreativo.cl\/?p=16053"},"modified":"2023-07-26T03:35:51","modified_gmt":"2023-07-26T03:35:51","slug":"convocatoria-laboratorio-de-experiencia-fotografica","status":"publish","type":"post","link":"https:\/\/dev.antudigital.cl\/sites\/vc\/convocatoria-laboratorio-de-experiencia-fotografica\/","title":{"rendered":"Convocatoria: laboratorio de experiencia fotogr\u00e1fica"},"content":{"rendered":"\n<p><a href=\"https:\/\/www.instagram.com\/explore\/tags\/imagensalvaje\/\">#ImagenSalvaje<\/a>, parte de lo que es <a href=\"https:\/\/www.instagram.com\/casaespacio_fifv\/\">Casa Espacio Buenos Aires 824<\/a>, te invita a postular a esta nueva convocatoria formativa: &#x2714;&#xfe0f;Laboratorio de Experiencia Fotogr\u00e1fica: m\u00faltiples formas de ver y hacer en torno a la imagen.<\/p>\n\n\n\n<p><br>&#x25aa;&#xfe0f;Es un programa de Imagen Salvaje, \u00e1rea formativa de Casa Espacio, que contempla siete m\u00f3dulos presenciales de trabajo te\u00f3rico-pr\u00e1ctico junto a ocho profesionales de las artes visuales, la fotograf\u00eda, educaci\u00f3n, editorial y literatura, quienes entregar\u00e1n herramientas para ampliar el conocimiento de la pr\u00e1ctica fotogr\u00e1fica con el objetivo de activar y detonar espacios de creaci\u00f3n vinculados a procesos de transformaci\u00f3n.<\/p>\n\n\n\n<p><br>&#x25aa;&#xfe0f;La experiencia se extender\u00e1 por tres meses, entre agosto y octubre. A trav\u00e9s del saber de cada formador y formadora, se entregar\u00e1n conocimientos que permitir\u00e1n activar una reflexi\u00f3n cr\u00edtica acerca de la imagen fotogr\u00e1fica y sus diversas posibilidades expresivas.<\/p>\n\n\n\n<p><br>&#x25aa;&#xfe0f;El ciclo considera ejercicios experimentales y di\u00e1logos circulares relacionados con la narrativa visual; la interpretaci\u00f3n y representaci\u00f3n individual y colectiva y el fotolibro como soporte editorial. La \u00faltima parte del programa se desarrollar\u00e1 en el marco del Festival Internacional de Fotograf\u00eda de Valpara\u00edso 2023.<\/p>\n\n\n\n<p><br>&#x2714;&#xfe0f;Si quieres m\u00e1s informaci\u00f3n y postular escr\u00edbenos a convocatoria@fifv.cl<br>&#x1f4e3;El plazo de postulaci\u00f3n vence el 30 de julio.<\/p>\n\n\n\n<figure class=\"wp-block-image size-full\"><img fetchpriority=\"high\" decoding=\"async\" width=\"610\" height=\"609\" src=\"https:\/\/www.valparaisocreativo.cl\/wp-content\/uploads\/2023\/07\/Captura-de-Pantalla-2023-07-24-a-las-17.46.30.png\" alt=\"\" class=\"wp-image-16054\" srcset=\"https:\/\/dev.antudigital.cl\/sites\/vc\/wp-content\/uploads\/2023\/07\/Captura-de-Pantalla-2023-07-24-a-las-17.46.30.png 610w, https:\/\/dev.antudigital.cl\/sites\/vc\/wp-content\/uploads\/2023\/07\/Captura-de-Pantalla-2023-07-24-a-las-17.46.30-300x300.png 300w, https:\/\/dev.antudigital.cl\/sites\/vc\/wp-content\/uploads\/2023\/07\/Captura-de-Pantalla-2023-07-24-a-las-17.46.30-150x150.png 150w, https:\/\/dev.antudigital.cl\/sites\/vc\/wp-content\/uploads\/2023\/07\/Captura-de-Pantalla-2023-07-24-a-las-17.46.30-480x479.png 480w, https:\/\/dev.antudigital.cl\/sites\/vc\/wp-content\/uploads\/2023\/07\/Captura-de-Pantalla-2023-07-24-a-las-17.46.30-24x24.png 24w, https:\/\/dev.antudigital.cl\/sites\/vc\/wp-content\/uploads\/2023\/07\/Captura-de-Pantalla-2023-07-24-a-las-17.46.30-36x36.png 36w, https:\/\/dev.antudigital.cl\/sites\/vc\/wp-content\/uploads\/2023\/07\/Captura-de-Pantalla-2023-07-24-a-las-17.46.30-48x48.png 48w\" sizes=\"(max-width: 610px) 100vw, 610px\" \/><\/figure>\n","protected":false},"excerpt":{"rendered":"<p>#ImagenSalvaje, parte de lo que es Casa Espacio Buenos Aires 824, te invita a postular a esta nueva convocatoria formativa: &#x2714;&#xfe0f;Laboratorio de Experiencia Fotogr\u00e1fica: m\u00faltiples formas de ver y hacer en torno a la imagen. &#x25aa;&#xfe0f;Es un programa de Imagen Salvaje, \u00e1rea formativa de Casa Espacio, que contempla siete m\u00f3dulos presenciales de trabajo te\u00f3rico-pr\u00e1ctico junto [&hellip;]<\/p>\n","protected":false},"author":1,"featured_media":16055,"comment_status":"closed","ping_status":"closed","sticky":false,"template":"","format":"standard","meta":{"_acf_changed":false,"footnotes":""},"categories":[1],"tags":[],"class_list":["post-16053","post","type-post","status-publish","format-standard","has-post-thumbnail","hentry","category-uncategorized"],"acf":[],"yoast_head":"<!-- This site is optimized with the Yoast SEO plugin v27.1.1 - https:\/\/yoast.com\/product\/yoast-seo-wordpress\/ -->\n<title>Convocatoria: laboratorio de experiencia fotogr\u00e1fica - Valpara\u00ed\u00adso Creativo<\/title>\n<meta name=\"robots\" content=\"index, follow, max-snippet:-1, max-image-preview:large, max-video-preview:-1\" \/>\n<link rel=\"canonical\" href=\"https:\/\/dev.antudigital.cl\/sites\/vc\/convocatoria-laboratorio-de-experiencia-fotografica\/\" \/>\n<meta property=\"og:locale\" content=\"es_ES\" \/>\n<meta property=\"og:type\" content=\"article\" \/>\n<meta property=\"og:title\" content=\"Convocatoria: laboratorio de experiencia fotogr\u00e1fica - Valpara\u00ed\u00adso Creativo\" \/>\n<meta property=\"og:description\" content=\"#ImagenSalvaje, parte de lo que es Casa Espacio Buenos Aires 824, te invita a postular a esta nueva convocatoria formativa: &#x2714;&#xfe0f;Laboratorio de Experiencia Fotogr\u00e1fica: m\u00faltiples formas de ver y hacer en torno a la imagen. &#x25aa;&#xfe0f;Es un programa de Imagen Salvaje, \u00e1rea formativa de Casa Espacio, que contempla siete m\u00f3dulos presenciales de trabajo te\u00f3rico-pr\u00e1ctico junto [&hellip;]\" \/>\n<meta property=\"og:url\" content=\"https:\/\/dev.antudigital.cl\/sites\/vc\/convocatoria-laboratorio-de-experiencia-fotografica\/\" \/>\n<meta property=\"og:site_name\" content=\"Valpara\u00ed\u00adso Creativo\" \/>\n<meta property=\"article:published_time\" content=\"2023-07-24T21:49:26+00:00\" \/>\n<meta property=\"article:modified_time\" content=\"2023-07-26T03:35:51+00:00\" \/>\n<meta property=\"og:image\" content=\"https:\/\/dev.antudigital.cl\/sites\/vc\/wp-content\/uploads\/2023\/07\/Captura-de-Pantalla-2023-07-24-a-las-17.48.06.png\" \/>\n\t<meta property=\"og:image:width\" content=\"516\" \/>\n\t<meta property=\"og:image:height\" content=\"269\" \/>\n\t<meta property=\"og:image:type\" content=\"image\/png\" \/>\n<meta name=\"author\" content=\"Valpara\u00edso Creativo\" \/>\n<meta name=\"twitter:card\" content=\"summary_large_image\" \/>\n<meta name=\"twitter:label1\" content=\"Escrito por\" \/>\n\t<meta name=\"twitter:data1\" content=\"Valpara\u00edso Creativo\" \/>\n\t<meta name=\"twitter:label2\" content=\"Tiempo de lectura\" \/>\n\t<meta name=\"twitter:data2\" content=\"2 minutos\" \/>\n<script type=\"application\/ld+json\" class=\"yoast-schema-graph\">{\"@context\":\"https:\/\/schema.org\",\"@graph\":[{\"@type\":\"Article\",\"@id\":\"https:\/\/dev.antudigital.cl\/sites\/vc\/convocatoria-laboratorio-de-experiencia-fotografica\/#article\",\"isPartOf\":{\"@id\":\"https:\/\/dev.antudigital.cl\/sites\/vc\/convocatoria-laboratorio-de-experiencia-fotografica\/\"},\"author\":{\"name\":\"Valpara\u00edso Creativo\",\"@id\":\"https:\/\/dev.antudigital.cl\/sites\/vc\/#\/schema\/person\/c2b9da8dd545e27166fc5ab232837318\"},\"headline\":\"Convocatoria: laboratorio de experiencia fotogr\u00e1fica\",\"datePublished\":\"2023-07-24T21:49:26+00:00\",\"dateModified\":\"2023-07-26T03:35:51+00:00\",\"mainEntityOfPage\":{\"@id\":\"https:\/\/dev.antudigital.cl\/sites\/vc\/convocatoria-laboratorio-de-experiencia-fotografica\/\"},\"wordCount\":248,\"image\":{\"@id\":\"https:\/\/dev.antudigital.cl\/sites\/vc\/convocatoria-laboratorio-de-experiencia-fotografica\/#primaryimage\"},\"thumbnailUrl\":\"https:\/\/dev.antudigital.cl\/sites\/vc\/wp-content\/uploads\/2023\/07\/Captura-de-Pantalla-2023-07-24-a-las-17.48.06.png\",\"articleSection\":[\"Uncategorized\"],\"inLanguage\":\"es\"},{\"@type\":\"WebPage\",\"@id\":\"https:\/\/dev.antudigital.cl\/sites\/vc\/convocatoria-laboratorio-de-experiencia-fotografica\/\",\"url\":\"https:\/\/dev.antudigital.cl\/sites\/vc\/convocatoria-laboratorio-de-experiencia-fotografica\/\",\"name\":\"Convocatoria: laboratorio de experiencia fotogr\u00e1fica - Valpara\u00ed\u00adso Creativo\",\"isPartOf\":{\"@id\":\"https:\/\/dev.antudigital.cl\/sites\/vc\/#website\"},\"primaryImageOfPage\":{\"@id\":\"https:\/\/dev.antudigital.cl\/sites\/vc\/convocatoria-laboratorio-de-experiencia-fotografica\/#primaryimage\"},\"image\":{\"@id\":\"https:\/\/dev.antudigital.cl\/sites\/vc\/convocatoria-laboratorio-de-experiencia-fotografica\/#primaryimage\"},\"thumbnailUrl\":\"https:\/\/dev.antudigital.cl\/sites\/vc\/wp-content\/uploads\/2023\/07\/Captura-de-Pantalla-2023-07-24-a-las-17.48.06.png\",\"datePublished\":\"2023-07-24T21:49:26+00:00\",\"dateModified\":\"2023-07-26T03:35:51+00:00\",\"author\":{\"@id\":\"https:\/\/dev.antudigital.cl\/sites\/vc\/#\/schema\/person\/c2b9da8dd545e27166fc5ab232837318\"},\"breadcrumb\":{\"@id\":\"https:\/\/dev.antudigital.cl\/sites\/vc\/convocatoria-laboratorio-de-experiencia-fotografica\/#breadcrumb\"},\"inLanguage\":\"es\",\"potentialAction\":[{\"@type\":\"ReadAction\",\"target\":[\"https:\/\/dev.antudigital.cl\/sites\/vc\/convocatoria-laboratorio-de-experiencia-fotografica\/\"]}]},{\"@type\":\"ImageObject\",\"inLanguage\":\"es\",\"@id\":\"https:\/\/dev.antudigital.cl\/sites\/vc\/convocatoria-laboratorio-de-experiencia-fotografica\/#primaryimage\",\"url\":\"https:\/\/dev.antudigital.cl\/sites\/vc\/wp-content\/uploads\/2023\/07\/Captura-de-Pantalla-2023-07-24-a-las-17.48.06.png\",\"contentUrl\":\"https:\/\/dev.antudigital.cl\/sites\/vc\/wp-content\/uploads\/2023\/07\/Captura-de-Pantalla-2023-07-24-a-las-17.48.06.png\",\"width\":516,\"height\":269},{\"@type\":\"BreadcrumbList\",\"@id\":\"https:\/\/dev.antudigital.cl\/sites\/vc\/convocatoria-laboratorio-de-experiencia-fotografica\/#breadcrumb\",\"itemListElement\":[{\"@type\":\"ListItem\",\"position\":1,\"name\":\"Home\",\"item\":\"https:\/\/dev.antudigital.cl\/sites\/vc\/\"},{\"@type\":\"ListItem\",\"position\":2,\"name\":\"Convocatoria: laboratorio de experiencia fotogr\u00e1fica\"}]},{\"@type\":\"WebSite\",\"@id\":\"https:\/\/dev.antudigital.cl\/sites\/vc\/#website\",\"url\":\"https:\/\/dev.antudigital.cl\/sites\/vc\/\",\"name\":\"Valpara\u00ed\u00adso Creativo\",\"description\":\"\",\"potentialAction\":[{\"@type\":\"SearchAction\",\"target\":{\"@type\":\"EntryPoint\",\"urlTemplate\":\"https:\/\/dev.antudigital.cl\/sites\/vc\/?s={search_term_string}\"},\"query-input\":{\"@type\":\"PropertyValueSpecification\",\"valueRequired\":true,\"valueName\":\"search_term_string\"}}],\"inLanguage\":\"es\"},{\"@type\":\"Person\",\"@id\":\"https:\/\/dev.antudigital.cl\/sites\/vc\/#\/schema\/person\/c2b9da8dd545e27166fc5ab232837318\",\"name\":\"Valpara\u00edso Creativo\",\"description\":\"Periodista de cultura en la Regi\u00f3n de Valpara\u00edso.\",\"url\":\"https:\/\/dev.antudigital.cl\/sites\/vc\/author\/valpoadmin\/\"}]}<\/script>\n<!-- \/ Yoast SEO plugin. -->","yoast_head_json":{"title":"Convocatoria: laboratorio de experiencia fotogr\u00e1fica - Valpara\u00ed\u00adso Creativo","robots":{"index":"index","follow":"follow","max-snippet":"max-snippet:-1","max-image-preview":"max-image-preview:large","max-video-preview":"max-video-preview:-1"},"canonical":"https:\/\/dev.antudigital.cl\/sites\/vc\/convocatoria-laboratorio-de-experiencia-fotografica\/","og_locale":"es_ES","og_type":"article","og_title":"Convocatoria: laboratorio de experiencia fotogr\u00e1fica - Valpara\u00ed\u00adso Creativo","og_description":"#ImagenSalvaje, parte de lo que es Casa Espacio Buenos Aires 824, te invita a postular a esta nueva convocatoria formativa: &#x2714;&#xfe0f;Laboratorio de Experiencia Fotogr\u00e1fica: m\u00faltiples formas de ver y hacer en torno a la imagen. &#x25aa;&#xfe0f;Es un programa de Imagen Salvaje, \u00e1rea formativa de Casa Espacio, que contempla siete m\u00f3dulos presenciales de trabajo te\u00f3rico-pr\u00e1ctico junto [&hellip;]","og_url":"https:\/\/dev.antudigital.cl\/sites\/vc\/convocatoria-laboratorio-de-experiencia-fotografica\/","og_site_name":"Valpara\u00ed\u00adso Creativo","article_published_time":"2023-07-24T21:49:26+00:00","article_modified_time":"2023-07-26T03:35:51+00:00","og_image":[{"width":516,"height":269,"url":"https:\/\/dev.antudigital.cl\/sites\/vc\/wp-content\/uploads\/2023\/07\/Captura-de-Pantalla-2023-07-24-a-las-17.48.06.png","type":"image\/png"}],"author":"Valpara\u00edso Creativo","twitter_card":"summary_large_image","twitter_misc":{"Escrito por":"Valpara\u00edso Creativo","Tiempo de lectura":"2 minutos"},"schema":{"@context":"https:\/\/schema.org","@graph":[{"@type":"Article","@id":"https:\/\/dev.antudigital.cl\/sites\/vc\/convocatoria-laboratorio-de-experiencia-fotografica\/#article","isPartOf":{"@id":"https:\/\/dev.antudigital.cl\/sites\/vc\/convocatoria-laboratorio-de-experiencia-fotografica\/"},"author":{"name":"Valpara\u00edso Creativo","@id":"https:\/\/dev.antudigital.cl\/sites\/vc\/#\/schema\/person\/c2b9da8dd545e27166fc5ab232837318"},"headline":"Convocatoria: laboratorio de experiencia fotogr\u00e1fica","datePublished":"2023-07-24T21:49:26+00:00","dateModified":"2023-07-26T03:35:51+00:00","mainEntityOfPage":{"@id":"https:\/\/dev.antudigital.cl\/sites\/vc\/convocatoria-laboratorio-de-experiencia-fotografica\/"},"wordCount":248,"image":{"@id":"https:\/\/dev.antudigital.cl\/sites\/vc\/convocatoria-laboratorio-de-experiencia-fotografica\/#primaryimage"},"thumbnailUrl":"https:\/\/dev.antudigital.cl\/sites\/vc\/wp-content\/uploads\/2023\/07\/Captura-de-Pantalla-2023-07-24-a-las-17.48.06.png","articleSection":["Uncategorized"],"inLanguage":"es"},{"@type":"WebPage","@id":"https:\/\/dev.antudigital.cl\/sites\/vc\/convocatoria-laboratorio-de-experiencia-fotografica\/","url":"https:\/\/dev.antudigital.cl\/sites\/vc\/convocatoria-laboratorio-de-experiencia-fotografica\/","name":"Convocatoria: laboratorio de experiencia fotogr\u00e1fica - Valpara\u00ed\u00adso Creativo","isPartOf":{"@id":"https:\/\/dev.antudigital.cl\/sites\/vc\/#website"},"primaryImageOfPage":{"@id":"https:\/\/dev.antudigital.cl\/sites\/vc\/convocatoria-laboratorio-de-experiencia-fotografica\/#primaryimage"},"image":{"@id":"https:\/\/dev.antudigital.cl\/sites\/vc\/convocatoria-laboratorio-de-experiencia-fotografica\/#primaryimage"},"thumbnailUrl":"https:\/\/dev.antudigital.cl\/sites\/vc\/wp-content\/uploads\/2023\/07\/Captura-de-Pantalla-2023-07-24-a-las-17.48.06.png","datePublished":"2023-07-24T21:49:26+00:00","dateModified":"2023-07-26T03:35:51+00:00","author":{"@id":"https:\/\/dev.antudigital.cl\/sites\/vc\/#\/schema\/person\/c2b9da8dd545e27166fc5ab232837318"},"breadcrumb":{"@id":"https:\/\/dev.antudigital.cl\/sites\/vc\/convocatoria-laboratorio-de-experiencia-fotografica\/#breadcrumb"},"inLanguage":"es","potentialAction":[{"@type":"ReadAction","target":["https:\/\/dev.antudigital.cl\/sites\/vc\/convocatoria-laboratorio-de-experiencia-fotografica\/"]}]},{"@type":"ImageObject","inLanguage":"es","@id":"https:\/\/dev.antudigital.cl\/sites\/vc\/convocatoria-laboratorio-de-experiencia-fotografica\/#primaryimage","url":"https:\/\/dev.antudigital.cl\/sites\/vc\/wp-content\/uploads\/2023\/07\/Captura-de-Pantalla-2023-07-24-a-las-17.48.06.png","contentUrl":"https:\/\/dev.antudigital.cl\/sites\/vc\/wp-content\/uploads\/2023\/07\/Captura-de-Pantalla-2023-07-24-a-las-17.48.06.png","width":516,"height":269},{"@type":"BreadcrumbList","@id":"https:\/\/dev.antudigital.cl\/sites\/vc\/convocatoria-laboratorio-de-experiencia-fotografica\/#breadcrumb","itemListElement":[{"@type":"ListItem","position":1,"name":"Home","item":"https:\/\/dev.antudigital.cl\/sites\/vc\/"},{"@type":"ListItem","position":2,"name":"Convocatoria: laboratorio de experiencia fotogr\u00e1fica"}]},{"@type":"WebSite","@id":"https:\/\/dev.antudigital.cl\/sites\/vc\/#website","url":"https:\/\/dev.antudigital.cl\/sites\/vc\/","name":"Valpara\u00ed\u00adso Creativo","description":"","potentialAction":[{"@type":"SearchAction","target":{"@type":"EntryPoint","urlTemplate":"https:\/\/dev.antudigital.cl\/sites\/vc\/?s={search_term_string}"},"query-input":{"@type":"PropertyValueSpecification","valueRequired":true,"valueName":"search_term_string"}}],"inLanguage":"es"},{"@type":"Person","@id":"https:\/\/dev.antudigital.cl\/sites\/vc\/#\/schema\/person\/c2b9da8dd545e27166fc5ab232837318","name":"Valpara\u00edso Creativo","description":"Periodista de cultura en la Regi\u00f3n de Valpara\u00edso.","url":"https:\/\/dev.antudigital.cl\/sites\/vc\/author\/valpoadmin\/"}]}},"_links":{"self":[{"href":"https:\/\/dev.antudigital.cl\/sites\/vc\/wp-json\/wp\/v2\/posts\/16053","targetHints":{"allow":["GET"]}}],"collection":[{"href":"https:\/\/dev.antudigital.cl\/sites\/vc\/wp-json\/wp\/v2\/posts"}],"about":[{"href":"https:\/\/dev.antudigital.cl\/sites\/vc\/wp-json\/wp\/v2\/types\/post"}],"author":[{"embeddable":true,"href":"https:\/\/dev.antudigital.cl\/sites\/vc\/wp-json\/wp\/v2\/users\/1"}],"replies":[{"embeddable":true,"href":"https:\/\/dev.antudigital.cl\/sites\/vc\/wp-json\/wp\/v2\/comments?post=16053"}],"version-history":[{"count":1,"href":"https:\/\/dev.antudigital.cl\/sites\/vc\/wp-json\/wp\/v2\/posts\/16053\/revisions"}],"predecessor-version":[{"id":16056,"href":"https:\/\/dev.antudigital.cl\/sites\/vc\/wp-json\/wp\/v2\/posts\/16053\/revisions\/16056"}],"wp:featuredmedia":[{"embeddable":true,"href":"https:\/\/dev.antudigital.cl\/sites\/vc\/wp-json\/wp\/v2\/media\/16055"}],"wp:attachment":[{"href":"https:\/\/dev.antudigital.cl\/sites\/vc\/wp-json\/wp\/v2\/media?parent=16053"}],"wp:term":[{"taxonomy":"category","embeddable":true,"href":"https:\/\/dev.antudigital.cl\/sites\/vc\/wp-json\/wp\/v2\/categories?post=16053"},{"taxonomy":"post_tag","embeddable":true,"href":"https:\/\/dev.antudigital.cl\/sites\/vc\/wp-json\/wp\/v2\/tags?post=16053"}],"curies":[{"name":"wp","href":"https:\/\/api.w.org\/{rel}","templated":true}]}}