{"id":16072,"date":"2023-07-24T22:17:34","date_gmt":"2023-07-24T22:17:34","guid":{"rendered":"https:\/\/www.valparaisocreativo.cl\/?p=16072"},"modified":"2023-07-26T03:35:42","modified_gmt":"2023-07-26T03:35:42","slug":"webinar-no-te-pierdas-la-oportunidad-de-conocer-mas-sobre-corfo-viraliza","status":"publish","type":"post","link":"https:\/\/dev.antudigital.cl\/sites\/vc\/webinar-no-te-pierdas-la-oportunidad-de-conocer-mas-sobre-corfo-viraliza\/","title":{"rendered":"Webinar: no te pierdas la oportunidad de conocer m\u00e1s sobre Corfo Viraliza"},"content":{"rendered":"\n<p>Hasta el 10 de agosto est\u00e1 abierta la convocatoria Viraliza para el emprendimiento y la innovaci\u00f3n en la Regi\u00f3n de Valpara\u00edso, instrumento promovido por Corfo y que dictar\u00e1n una charla este 26 de julio a trav\u00e9s de Microsoft Teams para responder dudas acerca de su postulaci\u00f3n.<\/p>\n\n\n\n<p>El objetivo ser\u00e1 proveer de formaci\u00f3n te\u00f3rico-pr\u00e1ctica para emprendedores de la regi\u00f3n de Valpara\u00edso en forma presencial, a trav\u00e9s de la entrega de conocimientos, habilidades y herramientas relacionadas a la puesta en marcha y desarrollo de un emprendimiento y la actividad emprendedora en la Regi\u00f3n de Valpara\u00edso, con la finalidad de que puedan implementar nuevas ideas de negocios relacionadas con el emprendimiento e innovaci\u00f3n.<\/p>\n\n\n\n<p><a href=\"https:\/\/www.corfo.cl\/sites\/cpp\/convocatorias\/viraliza_formacion_emprendimiento_innovacion_valparaiso\">Puedes conocer m\u00e1s detalles de la convocatoria en el siguiente link<\/a><\/p>\n\n\n\n<figure class=\"wp-block-image size-full\"><img fetchpriority=\"high\" decoding=\"async\" width=\"607\" height=\"609\" src=\"https:\/\/www.valparaisocreativo.cl\/wp-content\/uploads\/2023\/07\/Captura-de-Pantalla-2023-07-24-a-las-18.13.38.png\" alt=\"\" class=\"wp-image-16073\" srcset=\"https:\/\/dev.antudigital.cl\/sites\/vc\/wp-content\/uploads\/2023\/07\/Captura-de-Pantalla-2023-07-24-a-las-18.13.38.png 607w, https:\/\/dev.antudigital.cl\/sites\/vc\/wp-content\/uploads\/2023\/07\/Captura-de-Pantalla-2023-07-24-a-las-18.13.38-300x300.png 300w, https:\/\/dev.antudigital.cl\/sites\/vc\/wp-content\/uploads\/2023\/07\/Captura-de-Pantalla-2023-07-24-a-las-18.13.38-150x150.png 150w, https:\/\/dev.antudigital.cl\/sites\/vc\/wp-content\/uploads\/2023\/07\/Captura-de-Pantalla-2023-07-24-a-las-18.13.38-480x482.png 480w, https:\/\/dev.antudigital.cl\/sites\/vc\/wp-content\/uploads\/2023\/07\/Captura-de-Pantalla-2023-07-24-a-las-18.13.38-24x24.png 24w, https:\/\/dev.antudigital.cl\/sites\/vc\/wp-content\/uploads\/2023\/07\/Captura-de-Pantalla-2023-07-24-a-las-18.13.38-36x36.png 36w, https:\/\/dev.antudigital.cl\/sites\/vc\/wp-content\/uploads\/2023\/07\/Captura-de-Pantalla-2023-07-24-a-las-18.13.38-48x48.png 48w\" sizes=\"(max-width: 607px) 100vw, 607px\" \/><\/figure>\n","protected":false},"excerpt":{"rendered":"<p>Hasta el 10 de agosto est\u00e1 abierta la convocatoria Viraliza para el emprendimiento y la innovaci\u00f3n en la Regi\u00f3n de Valpara\u00edso, instrumento promovido por Corfo y que dictar\u00e1n una charla este 26 de julio a trav\u00e9s de Microsoft Teams para responder dudas acerca de su postulaci\u00f3n. El objetivo ser\u00e1 proveer de formaci\u00f3n te\u00f3rico-pr\u00e1ctica para emprendedores [&hellip;]<\/p>\n","protected":false},"author":1,"featured_media":16074,"comment_status":"closed","ping_status":"closed","sticky":false,"template":"","format":"standard","meta":{"_acf_changed":false,"footnotes":""},"categories":[1],"tags":[],"class_list":["post-16072","post","type-post","status-publish","format-standard","has-post-thumbnail","hentry","category-uncategorized"],"acf":[],"yoast_head":"<!-- This site is optimized with the Yoast SEO plugin v27.1.1 - https:\/\/yoast.com\/product\/yoast-seo-wordpress\/ -->\n<title>Webinar: no te pierdas la oportunidad de conocer m\u00e1s sobre Corfo Viraliza - Valpara\u00ed\u00adso Creativo<\/title>\n<meta name=\"robots\" content=\"index, follow, max-snippet:-1, max-image-preview:large, max-video-preview:-1\" \/>\n<link rel=\"canonical\" href=\"https:\/\/dev.antudigital.cl\/sites\/vc\/webinar-no-te-pierdas-la-oportunidad-de-conocer-mas-sobre-corfo-viraliza\/\" \/>\n<meta property=\"og:locale\" content=\"es_ES\" \/>\n<meta property=\"og:type\" content=\"article\" \/>\n<meta property=\"og:title\" content=\"Webinar: no te pierdas la oportunidad de conocer m\u00e1s sobre Corfo Viraliza - Valpara\u00ed\u00adso Creativo\" \/>\n<meta property=\"og:description\" content=\"Hasta el 10 de agosto est\u00e1 abierta la convocatoria Viraliza para el emprendimiento y la innovaci\u00f3n en la Regi\u00f3n de Valpara\u00edso, instrumento promovido por Corfo y que dictar\u00e1n una charla este 26 de julio a trav\u00e9s de Microsoft Teams para responder dudas acerca de su postulaci\u00f3n. El objetivo ser\u00e1 proveer de formaci\u00f3n te\u00f3rico-pr\u00e1ctica para emprendedores [&hellip;]\" \/>\n<meta property=\"og:url\" content=\"https:\/\/dev.antudigital.cl\/sites\/vc\/webinar-no-te-pierdas-la-oportunidad-de-conocer-mas-sobre-corfo-viraliza\/\" \/>\n<meta property=\"og:site_name\" content=\"Valpara\u00ed\u00adso Creativo\" \/>\n<meta property=\"article:published_time\" content=\"2023-07-24T22:17:34+00:00\" \/>\n<meta property=\"article:modified_time\" content=\"2023-07-26T03:35:42+00:00\" \/>\n<meta property=\"og:image\" content=\"https:\/\/dev.antudigital.cl\/sites\/vc\/wp-content\/uploads\/2023\/07\/Captura-de-Pantalla-2023-07-24-a-las-18.13.45.png\" \/>\n\t<meta property=\"og:image:width\" content=\"608\" \/>\n\t<meta property=\"og:image:height\" content=\"285\" \/>\n\t<meta property=\"og:image:type\" content=\"image\/png\" \/>\n<meta name=\"author\" content=\"Valpara\u00edso Creativo\" \/>\n<meta name=\"twitter:card\" content=\"summary_large_image\" \/>\n<meta name=\"twitter:label1\" content=\"Escrito por\" \/>\n\t<meta name=\"twitter:data1\" content=\"Valpara\u00edso Creativo\" \/>\n\t<meta name=\"twitter:label2\" content=\"Tiempo de lectura\" \/>\n\t<meta name=\"twitter:data2\" content=\"1 minuto\" \/>\n<script type=\"application\/ld+json\" class=\"yoast-schema-graph\">{\"@context\":\"https:\/\/schema.org\",\"@graph\":[{\"@type\":\"Article\",\"@id\":\"https:\/\/dev.antudigital.cl\/sites\/vc\/webinar-no-te-pierdas-la-oportunidad-de-conocer-mas-sobre-corfo-viraliza\/#article\",\"isPartOf\":{\"@id\":\"https:\/\/dev.antudigital.cl\/sites\/vc\/webinar-no-te-pierdas-la-oportunidad-de-conocer-mas-sobre-corfo-viraliza\/\"},\"author\":{\"name\":\"Valpara\u00edso Creativo\",\"@id\":\"https:\/\/dev.antudigital.cl\/sites\/vc\/#\/schema\/person\/c2b9da8dd545e27166fc5ab232837318\"},\"headline\":\"Webinar: no te pierdas la oportunidad de conocer m\u00e1s sobre Corfo Viraliza\",\"datePublished\":\"2023-07-24T22:17:34+00:00\",\"dateModified\":\"2023-07-26T03:35:42+00:00\",\"mainEntityOfPage\":{\"@id\":\"https:\/\/dev.antudigital.cl\/sites\/vc\/webinar-no-te-pierdas-la-oportunidad-de-conocer-mas-sobre-corfo-viraliza\/\"},\"wordCount\":148,\"image\":{\"@id\":\"https:\/\/dev.antudigital.cl\/sites\/vc\/webinar-no-te-pierdas-la-oportunidad-de-conocer-mas-sobre-corfo-viraliza\/#primaryimage\"},\"thumbnailUrl\":\"https:\/\/dev.antudigital.cl\/sites\/vc\/wp-content\/uploads\/2023\/07\/Captura-de-Pantalla-2023-07-24-a-las-18.13.45.png\",\"articleSection\":[\"Uncategorized\"],\"inLanguage\":\"es\"},{\"@type\":\"WebPage\",\"@id\":\"https:\/\/dev.antudigital.cl\/sites\/vc\/webinar-no-te-pierdas-la-oportunidad-de-conocer-mas-sobre-corfo-viraliza\/\",\"url\":\"https:\/\/dev.antudigital.cl\/sites\/vc\/webinar-no-te-pierdas-la-oportunidad-de-conocer-mas-sobre-corfo-viraliza\/\",\"name\":\"Webinar: no te pierdas la oportunidad de conocer m\u00e1s sobre Corfo Viraliza - Valpara\u00ed\u00adso Creativo\",\"isPartOf\":{\"@id\":\"https:\/\/dev.antudigital.cl\/sites\/vc\/#website\"},\"primaryImageOfPage\":{\"@id\":\"https:\/\/dev.antudigital.cl\/sites\/vc\/webinar-no-te-pierdas-la-oportunidad-de-conocer-mas-sobre-corfo-viraliza\/#primaryimage\"},\"image\":{\"@id\":\"https:\/\/dev.antudigital.cl\/sites\/vc\/webinar-no-te-pierdas-la-oportunidad-de-conocer-mas-sobre-corfo-viraliza\/#primaryimage\"},\"thumbnailUrl\":\"https:\/\/dev.antudigital.cl\/sites\/vc\/wp-content\/uploads\/2023\/07\/Captura-de-Pantalla-2023-07-24-a-las-18.13.45.png\",\"datePublished\":\"2023-07-24T22:17:34+00:00\",\"dateModified\":\"2023-07-26T03:35:42+00:00\",\"author\":{\"@id\":\"https:\/\/dev.antudigital.cl\/sites\/vc\/#\/schema\/person\/c2b9da8dd545e27166fc5ab232837318\"},\"breadcrumb\":{\"@id\":\"https:\/\/dev.antudigital.cl\/sites\/vc\/webinar-no-te-pierdas-la-oportunidad-de-conocer-mas-sobre-corfo-viraliza\/#breadcrumb\"},\"inLanguage\":\"es\",\"potentialAction\":[{\"@type\":\"ReadAction\",\"target\":[\"https:\/\/dev.antudigital.cl\/sites\/vc\/webinar-no-te-pierdas-la-oportunidad-de-conocer-mas-sobre-corfo-viraliza\/\"]}]},{\"@type\":\"ImageObject\",\"inLanguage\":\"es\",\"@id\":\"https:\/\/dev.antudigital.cl\/sites\/vc\/webinar-no-te-pierdas-la-oportunidad-de-conocer-mas-sobre-corfo-viraliza\/#primaryimage\",\"url\":\"https:\/\/dev.antudigital.cl\/sites\/vc\/wp-content\/uploads\/2023\/07\/Captura-de-Pantalla-2023-07-24-a-las-18.13.45.png\",\"contentUrl\":\"https:\/\/dev.antudigital.cl\/sites\/vc\/wp-content\/uploads\/2023\/07\/Captura-de-Pantalla-2023-07-24-a-las-18.13.45.png\",\"width\":608,\"height\":285},{\"@type\":\"BreadcrumbList\",\"@id\":\"https:\/\/dev.antudigital.cl\/sites\/vc\/webinar-no-te-pierdas-la-oportunidad-de-conocer-mas-sobre-corfo-viraliza\/#breadcrumb\",\"itemListElement\":[{\"@type\":\"ListItem\",\"position\":1,\"name\":\"Home\",\"item\":\"https:\/\/dev.antudigital.cl\/sites\/vc\/\"},{\"@type\":\"ListItem\",\"position\":2,\"name\":\"Webinar: no te pierdas la oportunidad de conocer m\u00e1s sobre Corfo Viraliza\"}]},{\"@type\":\"WebSite\",\"@id\":\"https:\/\/dev.antudigital.cl\/sites\/vc\/#website\",\"url\":\"https:\/\/dev.antudigital.cl\/sites\/vc\/\",\"name\":\"Valpara\u00ed\u00adso Creativo\",\"description\":\"\",\"potentialAction\":[{\"@type\":\"SearchAction\",\"target\":{\"@type\":\"EntryPoint\",\"urlTemplate\":\"https:\/\/dev.antudigital.cl\/sites\/vc\/?s={search_term_string}\"},\"query-input\":{\"@type\":\"PropertyValueSpecification\",\"valueRequired\":true,\"valueName\":\"search_term_string\"}}],\"inLanguage\":\"es\"},{\"@type\":\"Person\",\"@id\":\"https:\/\/dev.antudigital.cl\/sites\/vc\/#\/schema\/person\/c2b9da8dd545e27166fc5ab232837318\",\"name\":\"Valpara\u00edso Creativo\",\"description\":\"Periodista de cultura en la Regi\u00f3n de Valpara\u00edso.\",\"url\":\"https:\/\/dev.antudigital.cl\/sites\/vc\/author\/valpoadmin\/\"}]}<\/script>\n<!-- \/ Yoast SEO plugin. -->","yoast_head_json":{"title":"Webinar: no te pierdas la oportunidad de conocer m\u00e1s sobre Corfo Viraliza - Valpara\u00ed\u00adso Creativo","robots":{"index":"index","follow":"follow","max-snippet":"max-snippet:-1","max-image-preview":"max-image-preview:large","max-video-preview":"max-video-preview:-1"},"canonical":"https:\/\/dev.antudigital.cl\/sites\/vc\/webinar-no-te-pierdas-la-oportunidad-de-conocer-mas-sobre-corfo-viraliza\/","og_locale":"es_ES","og_type":"article","og_title":"Webinar: no te pierdas la oportunidad de conocer m\u00e1s sobre Corfo Viraliza - Valpara\u00ed\u00adso Creativo","og_description":"Hasta el 10 de agosto est\u00e1 abierta la convocatoria Viraliza para el emprendimiento y la innovaci\u00f3n en la Regi\u00f3n de Valpara\u00edso, instrumento promovido por Corfo y que dictar\u00e1n una charla este 26 de julio a trav\u00e9s de Microsoft Teams para responder dudas acerca de su postulaci\u00f3n. El objetivo ser\u00e1 proveer de formaci\u00f3n te\u00f3rico-pr\u00e1ctica para emprendedores [&hellip;]","og_url":"https:\/\/dev.antudigital.cl\/sites\/vc\/webinar-no-te-pierdas-la-oportunidad-de-conocer-mas-sobre-corfo-viraliza\/","og_site_name":"Valpara\u00ed\u00adso Creativo","article_published_time":"2023-07-24T22:17:34+00:00","article_modified_time":"2023-07-26T03:35:42+00:00","og_image":[{"width":608,"height":285,"url":"https:\/\/dev.antudigital.cl\/sites\/vc\/wp-content\/uploads\/2023\/07\/Captura-de-Pantalla-2023-07-24-a-las-18.13.45.png","type":"image\/png"}],"author":"Valpara\u00edso Creativo","twitter_card":"summary_large_image","twitter_misc":{"Escrito por":"Valpara\u00edso Creativo","Tiempo de lectura":"1 minuto"},"schema":{"@context":"https:\/\/schema.org","@graph":[{"@type":"Article","@id":"https:\/\/dev.antudigital.cl\/sites\/vc\/webinar-no-te-pierdas-la-oportunidad-de-conocer-mas-sobre-corfo-viraliza\/#article","isPartOf":{"@id":"https:\/\/dev.antudigital.cl\/sites\/vc\/webinar-no-te-pierdas-la-oportunidad-de-conocer-mas-sobre-corfo-viraliza\/"},"author":{"name":"Valpara\u00edso Creativo","@id":"https:\/\/dev.antudigital.cl\/sites\/vc\/#\/schema\/person\/c2b9da8dd545e27166fc5ab232837318"},"headline":"Webinar: no te pierdas la oportunidad de conocer m\u00e1s sobre Corfo Viraliza","datePublished":"2023-07-24T22:17:34+00:00","dateModified":"2023-07-26T03:35:42+00:00","mainEntityOfPage":{"@id":"https:\/\/dev.antudigital.cl\/sites\/vc\/webinar-no-te-pierdas-la-oportunidad-de-conocer-mas-sobre-corfo-viraliza\/"},"wordCount":148,"image":{"@id":"https:\/\/dev.antudigital.cl\/sites\/vc\/webinar-no-te-pierdas-la-oportunidad-de-conocer-mas-sobre-corfo-viraliza\/#primaryimage"},"thumbnailUrl":"https:\/\/dev.antudigital.cl\/sites\/vc\/wp-content\/uploads\/2023\/07\/Captura-de-Pantalla-2023-07-24-a-las-18.13.45.png","articleSection":["Uncategorized"],"inLanguage":"es"},{"@type":"WebPage","@id":"https:\/\/dev.antudigital.cl\/sites\/vc\/webinar-no-te-pierdas-la-oportunidad-de-conocer-mas-sobre-corfo-viraliza\/","url":"https:\/\/dev.antudigital.cl\/sites\/vc\/webinar-no-te-pierdas-la-oportunidad-de-conocer-mas-sobre-corfo-viraliza\/","name":"Webinar: no te pierdas la oportunidad de conocer m\u00e1s sobre Corfo Viraliza - Valpara\u00ed\u00adso Creativo","isPartOf":{"@id":"https:\/\/dev.antudigital.cl\/sites\/vc\/#website"},"primaryImageOfPage":{"@id":"https:\/\/dev.antudigital.cl\/sites\/vc\/webinar-no-te-pierdas-la-oportunidad-de-conocer-mas-sobre-corfo-viraliza\/#primaryimage"},"image":{"@id":"https:\/\/dev.antudigital.cl\/sites\/vc\/webinar-no-te-pierdas-la-oportunidad-de-conocer-mas-sobre-corfo-viraliza\/#primaryimage"},"thumbnailUrl":"https:\/\/dev.antudigital.cl\/sites\/vc\/wp-content\/uploads\/2023\/07\/Captura-de-Pantalla-2023-07-24-a-las-18.13.45.png","datePublished":"2023-07-24T22:17:34+00:00","dateModified":"2023-07-26T03:35:42+00:00","author":{"@id":"https:\/\/dev.antudigital.cl\/sites\/vc\/#\/schema\/person\/c2b9da8dd545e27166fc5ab232837318"},"breadcrumb":{"@id":"https:\/\/dev.antudigital.cl\/sites\/vc\/webinar-no-te-pierdas-la-oportunidad-de-conocer-mas-sobre-corfo-viraliza\/#breadcrumb"},"inLanguage":"es","potentialAction":[{"@type":"ReadAction","target":["https:\/\/dev.antudigital.cl\/sites\/vc\/webinar-no-te-pierdas-la-oportunidad-de-conocer-mas-sobre-corfo-viraliza\/"]}]},{"@type":"ImageObject","inLanguage":"es","@id":"https:\/\/dev.antudigital.cl\/sites\/vc\/webinar-no-te-pierdas-la-oportunidad-de-conocer-mas-sobre-corfo-viraliza\/#primaryimage","url":"https:\/\/dev.antudigital.cl\/sites\/vc\/wp-content\/uploads\/2023\/07\/Captura-de-Pantalla-2023-07-24-a-las-18.13.45.png","contentUrl":"https:\/\/dev.antudigital.cl\/sites\/vc\/wp-content\/uploads\/2023\/07\/Captura-de-Pantalla-2023-07-24-a-las-18.13.45.png","width":608,"height":285},{"@type":"BreadcrumbList","@id":"https:\/\/dev.antudigital.cl\/sites\/vc\/webinar-no-te-pierdas-la-oportunidad-de-conocer-mas-sobre-corfo-viraliza\/#breadcrumb","itemListElement":[{"@type":"ListItem","position":1,"name":"Home","item":"https:\/\/dev.antudigital.cl\/sites\/vc\/"},{"@type":"ListItem","position":2,"name":"Webinar: no te pierdas la oportunidad de conocer m\u00e1s sobre Corfo Viraliza"}]},{"@type":"WebSite","@id":"https:\/\/dev.antudigital.cl\/sites\/vc\/#website","url":"https:\/\/dev.antudigital.cl\/sites\/vc\/","name":"Valpara\u00ed\u00adso Creativo","description":"","potentialAction":[{"@type":"SearchAction","target":{"@type":"EntryPoint","urlTemplate":"https:\/\/dev.antudigital.cl\/sites\/vc\/?s={search_term_string}"},"query-input":{"@type":"PropertyValueSpecification","valueRequired":true,"valueName":"search_term_string"}}],"inLanguage":"es"},{"@type":"Person","@id":"https:\/\/dev.antudigital.cl\/sites\/vc\/#\/schema\/person\/c2b9da8dd545e27166fc5ab232837318","name":"Valpara\u00edso Creativo","description":"Periodista de cultura en la Regi\u00f3n de Valpara\u00edso.","url":"https:\/\/dev.antudigital.cl\/sites\/vc\/author\/valpoadmin\/"}]}},"_links":{"self":[{"href":"https:\/\/dev.antudigital.cl\/sites\/vc\/wp-json\/wp\/v2\/posts\/16072","targetHints":{"allow":["GET"]}}],"collection":[{"href":"https:\/\/dev.antudigital.cl\/sites\/vc\/wp-json\/wp\/v2\/posts"}],"about":[{"href":"https:\/\/dev.antudigital.cl\/sites\/vc\/wp-json\/wp\/v2\/types\/post"}],"author":[{"embeddable":true,"href":"https:\/\/dev.antudigital.cl\/sites\/vc\/wp-json\/wp\/v2\/users\/1"}],"replies":[{"embeddable":true,"href":"https:\/\/dev.antudigital.cl\/sites\/vc\/wp-json\/wp\/v2\/comments?post=16072"}],"version-history":[{"count":1,"href":"https:\/\/dev.antudigital.cl\/sites\/vc\/wp-json\/wp\/v2\/posts\/16072\/revisions"}],"predecessor-version":[{"id":16075,"href":"https:\/\/dev.antudigital.cl\/sites\/vc\/wp-json\/wp\/v2\/posts\/16072\/revisions\/16075"}],"wp:featuredmedia":[{"embeddable":true,"href":"https:\/\/dev.antudigital.cl\/sites\/vc\/wp-json\/wp\/v2\/media\/16074"}],"wp:attachment":[{"href":"https:\/\/dev.antudigital.cl\/sites\/vc\/wp-json\/wp\/v2\/media?parent=16072"}],"wp:term":[{"taxonomy":"category","embeddable":true,"href":"https:\/\/dev.antudigital.cl\/sites\/vc\/wp-json\/wp\/v2\/categories?post=16072"},{"taxonomy":"post_tag","embeddable":true,"href":"https:\/\/dev.antudigital.cl\/sites\/vc\/wp-json\/wp\/v2\/tags?post=16072"}],"curies":[{"name":"wp","href":"https:\/\/api.w.org\/{rel}","templated":true}]}}