{"id":16076,"date":"2023-07-24T22:24:57","date_gmt":"2023-07-24T22:24:57","guid":{"rendered":"https:\/\/www.valparaisocreativo.cl\/?p=16076"},"modified":"2023-07-26T03:35:36","modified_gmt":"2023-07-26T03:35:36","slug":"capacitacion-elementos-de-un-distrito-creativo-como-identificarlos-en-un-territorio","status":"publish","type":"post","link":"https:\/\/dev.antudigital.cl\/sites\/vc\/capacitacion-elementos-de-un-distrito-creativo-como-identificarlos-en-un-territorio\/","title":{"rendered":"Capacitaci\u00f3n \u00abElementos de un distrito creativo \u00bfc\u00f3mo identificarlos en un territorio?\u00bb"},"content":{"rendered":"\n<p>El equipo de <a href=\"https:\/\/metadistritos.cl\/\">Metadistritos<\/a>, Propuesta de metodolog\u00eda para incrementar desarrollo de econom\u00edas creativas en la regi\u00f3n de Valpara\u00edso, invita cordialmente a su segunda capacitaci\u00f3n, enfocada para trabajadores y trabajadores del sector p\u00fablico enfocado al desarrollo cultural y econ\u00f3mico de la Regi\u00f3n de Valpara\u00edso.<\/p>\n\n\n\n<p>El objetivo del proyecto es detectar&nbsp;potenciales distritos creativos en la regi\u00f3n de Valpara\u00edso y desarrollar una metodolog\u00eda para la gesti\u00f3n y desarrollo de los distritos.<\/p>\n\n\n\n<p>Los Distritos Creativos son \u00e1reas urbanas espec\u00edficas dentro de una ciudad que concentran una gran cantidad de industrias y actividades creativas. Albergan artistas, dise\u00f1adores, m\u00fasicos, emprendedores culturales y otros profesionales del \u00e1mbito creativo. Su objetivo es fomentar la colaboraci\u00f3n, la innovaci\u00f3n y el intercambio de ideas, creando un entorno estimulante y vibrante que impulsa el desarrollo econ\u00f3mico local.&nbsp;<\/p>\n\n\n\n<p>Bajo ese contexto, se invita a la capacitaci\u00f3n\u00a0\u00ab<strong>Elementos de un distrito creativo \u00bfc\u00f3mo identificarlos en un territorio?\u00bb,\u00a0<\/strong>\u00a0el pr\u00f3ximo 26 de julio a las 11:00hrs. V\u00eda Zoom\u00a0<a href=\"https:\/\/uvm.zoom.us\/j\/82852751563\" target=\"_blank\" rel=\"noreferrer noopener\">https:\/\/uvm.zoom.us\/j\/82852751563<\/a><\/p>\n\n\n\n<p>La capacitaci\u00f3n, como mencionamos, est\u00e1 dirigida a instituciones p\u00fablicas vinculadas a cultura, turismo y desarrollo econ\u00f3mico y comunal y tambi\u00e9n a organismos o agentes de la Econom\u00eda Creativa, como colectivos o gremios.<\/p>\n\n\n\n<p>Se pueden inscribir en el siguiente enlace:&nbsp;<a href=\"https:\/\/forms.gle\/q9kVWfpXc5KXJspT8\" target=\"_blank\" rel=\"noreferrer noopener\">https:\/\/forms.gle\/q9kVWfpXc5KXJspT8<\/a><\/p>\n\n\n\n<figure class=\"wp-block-image size-large\"><img fetchpriority=\"high\" decoding=\"async\" width=\"819\" height=\"1024\" src=\"https:\/\/www.valparaisocreativo.cl\/wp-content\/uploads\/2023\/07\/Capacitacion2-1_RRSS-819x1024.jpg\" alt=\"\" class=\"wp-image-16078\" srcset=\"https:\/\/dev.antudigital.cl\/sites\/vc\/wp-content\/uploads\/2023\/07\/Capacitacion2-1_RRSS-819x1024.jpg 819w, https:\/\/dev.antudigital.cl\/sites\/vc\/wp-content\/uploads\/2023\/07\/Capacitacion2-1_RRSS-240x300.jpg 240w, https:\/\/dev.antudigital.cl\/sites\/vc\/wp-content\/uploads\/2023\/07\/Capacitacion2-1_RRSS-768x960.jpg 768w, https:\/\/dev.antudigital.cl\/sites\/vc\/wp-content\/uploads\/2023\/07\/Capacitacion2-1_RRSS-980x1225.jpg 980w, https:\/\/dev.antudigital.cl\/sites\/vc\/wp-content\/uploads\/2023\/07\/Capacitacion2-1_RRSS-480x600.jpg 480w, https:\/\/dev.antudigital.cl\/sites\/vc\/wp-content\/uploads\/2023\/07\/Capacitacion2-1_RRSS-19x24.jpg 19w, https:\/\/dev.antudigital.cl\/sites\/vc\/wp-content\/uploads\/2023\/07\/Capacitacion2-1_RRSS-29x36.jpg 29w, https:\/\/dev.antudigital.cl\/sites\/vc\/wp-content\/uploads\/2023\/07\/Capacitacion2-1_RRSS-38x48.jpg 38w, https:\/\/dev.antudigital.cl\/sites\/vc\/wp-content\/uploads\/2023\/07\/Capacitacion2-1_RRSS.jpg 1080w\" sizes=\"(max-width: 819px) 100vw, 819px\" \/><\/figure>\n","protected":false},"excerpt":{"rendered":"<p>El equipo de Metadistritos, Propuesta de metodolog\u00eda para incrementar desarrollo de econom\u00edas creativas en la regi\u00f3n de Valpara\u00edso, invita cordialmente a su segunda capacitaci\u00f3n, enfocada para trabajadores y trabajadores del sector p\u00fablico enfocado al desarrollo cultural y econ\u00f3mico de la Regi\u00f3n de Valpara\u00edso. El objetivo del proyecto es detectar&nbsp;potenciales distritos creativos en la regi\u00f3n de [&hellip;]<\/p>\n","protected":false},"author":1,"featured_media":16077,"comment_status":"closed","ping_status":"closed","sticky":false,"template":"","format":"standard","meta":{"_acf_changed":false,"footnotes":""},"categories":[1],"tags":[],"class_list":["post-16076","post","type-post","status-publish","format-standard","has-post-thumbnail","hentry","category-uncategorized"],"acf":[],"yoast_head":"<!-- This site is optimized with the Yoast SEO plugin v27.1.1 - https:\/\/yoast.com\/product\/yoast-seo-wordpress\/ -->\n<title>Capacitaci\u00f3n &quot;Elementos de un distrito creativo \u00bfc\u00f3mo identificarlos en un territorio?&quot; - Valpara\u00ed\u00adso Creativo<\/title>\n<meta name=\"robots\" content=\"index, follow, max-snippet:-1, max-image-preview:large, max-video-preview:-1\" \/>\n<link rel=\"canonical\" href=\"https:\/\/dev.antudigital.cl\/sites\/vc\/capacitacion-elementos-de-un-distrito-creativo-como-identificarlos-en-un-territorio\/\" \/>\n<meta property=\"og:locale\" content=\"es_ES\" \/>\n<meta property=\"og:type\" content=\"article\" \/>\n<meta property=\"og:title\" content=\"Capacitaci\u00f3n &quot;Elementos de un distrito creativo \u00bfc\u00f3mo identificarlos en un territorio?&quot; - Valpara\u00ed\u00adso Creativo\" \/>\n<meta property=\"og:description\" content=\"El equipo de Metadistritos, Propuesta de metodolog\u00eda para incrementar desarrollo de econom\u00edas creativas en la regi\u00f3n de Valpara\u00edso, invita cordialmente a su segunda capacitaci\u00f3n, enfocada para trabajadores y trabajadores del sector p\u00fablico enfocado al desarrollo cultural y econ\u00f3mico de la Regi\u00f3n de Valpara\u00edso. El objetivo del proyecto es detectar&nbsp;potenciales distritos creativos en la regi\u00f3n de [&hellip;]\" \/>\n<meta property=\"og:url\" content=\"https:\/\/dev.antudigital.cl\/sites\/vc\/capacitacion-elementos-de-un-distrito-creativo-como-identificarlos-en-un-territorio\/\" \/>\n<meta property=\"og:site_name\" content=\"Valpara\u00ed\u00adso Creativo\" \/>\n<meta property=\"article:published_time\" content=\"2023-07-24T22:24:57+00:00\" \/>\n<meta property=\"article:modified_time\" content=\"2023-07-26T03:35:36+00:00\" \/>\n<meta property=\"og:image\" content=\"https:\/\/dev.antudigital.cl\/sites\/vc\/wp-content\/uploads\/2023\/07\/Captura-de-Pantalla-2023-07-24-a-las-18.20.40.png\" \/>\n\t<meta property=\"og:image:width\" content=\"744\" \/>\n\t<meta property=\"og:image:height\" content=\"327\" \/>\n\t<meta property=\"og:image:type\" content=\"image\/png\" \/>\n<meta name=\"author\" content=\"Valpara\u00edso Creativo\" \/>\n<meta name=\"twitter:card\" content=\"summary_large_image\" \/>\n<meta name=\"twitter:label1\" content=\"Escrito por\" \/>\n\t<meta name=\"twitter:data1\" content=\"Valpara\u00edso Creativo\" \/>\n\t<meta name=\"twitter:label2\" content=\"Tiempo de lectura\" \/>\n\t<meta name=\"twitter:data2\" content=\"2 minutos\" \/>\n<script type=\"application\/ld+json\" class=\"yoast-schema-graph\">{\"@context\":\"https:\/\/schema.org\",\"@graph\":[{\"@type\":\"Article\",\"@id\":\"https:\/\/dev.antudigital.cl\/sites\/vc\/capacitacion-elementos-de-un-distrito-creativo-como-identificarlos-en-un-territorio\/#article\",\"isPartOf\":{\"@id\":\"https:\/\/dev.antudigital.cl\/sites\/vc\/capacitacion-elementos-de-un-distrito-creativo-como-identificarlos-en-un-territorio\/\"},\"author\":{\"name\":\"Valpara\u00edso Creativo\",\"@id\":\"https:\/\/dev.antudigital.cl\/sites\/vc\/#\/schema\/person\/c2b9da8dd545e27166fc5ab232837318\"},\"headline\":\"Capacitaci\u00f3n \u00abElementos de un distrito creativo \u00bfc\u00f3mo identificarlos en un territorio?\u00bb\",\"datePublished\":\"2023-07-24T22:24:57+00:00\",\"dateModified\":\"2023-07-26T03:35:36+00:00\",\"mainEntityOfPage\":{\"@id\":\"https:\/\/dev.antudigital.cl\/sites\/vc\/capacitacion-elementos-de-un-distrito-creativo-como-identificarlos-en-un-territorio\/\"},\"wordCount\":248,\"image\":{\"@id\":\"https:\/\/dev.antudigital.cl\/sites\/vc\/capacitacion-elementos-de-un-distrito-creativo-como-identificarlos-en-un-territorio\/#primaryimage\"},\"thumbnailUrl\":\"https:\/\/dev.antudigital.cl\/sites\/vc\/wp-content\/uploads\/2023\/07\/Captura-de-Pantalla-2023-07-24-a-las-18.20.40.png\",\"articleSection\":[\"Uncategorized\"],\"inLanguage\":\"es\"},{\"@type\":\"WebPage\",\"@id\":\"https:\/\/dev.antudigital.cl\/sites\/vc\/capacitacion-elementos-de-un-distrito-creativo-como-identificarlos-en-un-territorio\/\",\"url\":\"https:\/\/dev.antudigital.cl\/sites\/vc\/capacitacion-elementos-de-un-distrito-creativo-como-identificarlos-en-un-territorio\/\",\"name\":\"Capacitaci\u00f3n \\\"Elementos de un distrito creativo \u00bfc\u00f3mo identificarlos en un territorio?\\\" - Valpara\u00ed\u00adso Creativo\",\"isPartOf\":{\"@id\":\"https:\/\/dev.antudigital.cl\/sites\/vc\/#website\"},\"primaryImageOfPage\":{\"@id\":\"https:\/\/dev.antudigital.cl\/sites\/vc\/capacitacion-elementos-de-un-distrito-creativo-como-identificarlos-en-un-territorio\/#primaryimage\"},\"image\":{\"@id\":\"https:\/\/dev.antudigital.cl\/sites\/vc\/capacitacion-elementos-de-un-distrito-creativo-como-identificarlos-en-un-territorio\/#primaryimage\"},\"thumbnailUrl\":\"https:\/\/dev.antudigital.cl\/sites\/vc\/wp-content\/uploads\/2023\/07\/Captura-de-Pantalla-2023-07-24-a-las-18.20.40.png\",\"datePublished\":\"2023-07-24T22:24:57+00:00\",\"dateModified\":\"2023-07-26T03:35:36+00:00\",\"author\":{\"@id\":\"https:\/\/dev.antudigital.cl\/sites\/vc\/#\/schema\/person\/c2b9da8dd545e27166fc5ab232837318\"},\"breadcrumb\":{\"@id\":\"https:\/\/dev.antudigital.cl\/sites\/vc\/capacitacion-elementos-de-un-distrito-creativo-como-identificarlos-en-un-territorio\/#breadcrumb\"},\"inLanguage\":\"es\",\"potentialAction\":[{\"@type\":\"ReadAction\",\"target\":[\"https:\/\/dev.antudigital.cl\/sites\/vc\/capacitacion-elementos-de-un-distrito-creativo-como-identificarlos-en-un-territorio\/\"]}]},{\"@type\":\"ImageObject\",\"inLanguage\":\"es\",\"@id\":\"https:\/\/dev.antudigital.cl\/sites\/vc\/capacitacion-elementos-de-un-distrito-creativo-como-identificarlos-en-un-territorio\/#primaryimage\",\"url\":\"https:\/\/dev.antudigital.cl\/sites\/vc\/wp-content\/uploads\/2023\/07\/Captura-de-Pantalla-2023-07-24-a-las-18.20.40.png\",\"contentUrl\":\"https:\/\/dev.antudigital.cl\/sites\/vc\/wp-content\/uploads\/2023\/07\/Captura-de-Pantalla-2023-07-24-a-las-18.20.40.png\",\"width\":744,\"height\":327},{\"@type\":\"BreadcrumbList\",\"@id\":\"https:\/\/dev.antudigital.cl\/sites\/vc\/capacitacion-elementos-de-un-distrito-creativo-como-identificarlos-en-un-territorio\/#breadcrumb\",\"itemListElement\":[{\"@type\":\"ListItem\",\"position\":1,\"name\":\"Home\",\"item\":\"https:\/\/dev.antudigital.cl\/sites\/vc\/\"},{\"@type\":\"ListItem\",\"position\":2,\"name\":\"Capacitaci\u00f3n \u00abElementos de un distrito creativo \u00bfc\u00f3mo identificarlos en un territorio?\u00bb\"}]},{\"@type\":\"WebSite\",\"@id\":\"https:\/\/dev.antudigital.cl\/sites\/vc\/#website\",\"url\":\"https:\/\/dev.antudigital.cl\/sites\/vc\/\",\"name\":\"Valpara\u00ed\u00adso Creativo\",\"description\":\"\",\"potentialAction\":[{\"@type\":\"SearchAction\",\"target\":{\"@type\":\"EntryPoint\",\"urlTemplate\":\"https:\/\/dev.antudigital.cl\/sites\/vc\/?s={search_term_string}\"},\"query-input\":{\"@type\":\"PropertyValueSpecification\",\"valueRequired\":true,\"valueName\":\"search_term_string\"}}],\"inLanguage\":\"es\"},{\"@type\":\"Person\",\"@id\":\"https:\/\/dev.antudigital.cl\/sites\/vc\/#\/schema\/person\/c2b9da8dd545e27166fc5ab232837318\",\"name\":\"Valpara\u00edso Creativo\",\"description\":\"Periodista de cultura en la Regi\u00f3n de Valpara\u00edso.\",\"url\":\"https:\/\/dev.antudigital.cl\/sites\/vc\/author\/valpoadmin\/\"}]}<\/script>\n<!-- \/ Yoast SEO plugin. -->","yoast_head_json":{"title":"Capacitaci\u00f3n \"Elementos de un distrito creativo \u00bfc\u00f3mo identificarlos en un territorio?\" - Valpara\u00ed\u00adso Creativo","robots":{"index":"index","follow":"follow","max-snippet":"max-snippet:-1","max-image-preview":"max-image-preview:large","max-video-preview":"max-video-preview:-1"},"canonical":"https:\/\/dev.antudigital.cl\/sites\/vc\/capacitacion-elementos-de-un-distrito-creativo-como-identificarlos-en-un-territorio\/","og_locale":"es_ES","og_type":"article","og_title":"Capacitaci\u00f3n \"Elementos de un distrito creativo \u00bfc\u00f3mo identificarlos en un territorio?\" - Valpara\u00ed\u00adso Creativo","og_description":"El equipo de Metadistritos, Propuesta de metodolog\u00eda para incrementar desarrollo de econom\u00edas creativas en la regi\u00f3n de Valpara\u00edso, invita cordialmente a su segunda capacitaci\u00f3n, enfocada para trabajadores y trabajadores del sector p\u00fablico enfocado al desarrollo cultural y econ\u00f3mico de la Regi\u00f3n de Valpara\u00edso. El objetivo del proyecto es detectar&nbsp;potenciales distritos creativos en la regi\u00f3n de [&hellip;]","og_url":"https:\/\/dev.antudigital.cl\/sites\/vc\/capacitacion-elementos-de-un-distrito-creativo-como-identificarlos-en-un-territorio\/","og_site_name":"Valpara\u00ed\u00adso Creativo","article_published_time":"2023-07-24T22:24:57+00:00","article_modified_time":"2023-07-26T03:35:36+00:00","og_image":[{"width":744,"height":327,"url":"https:\/\/dev.antudigital.cl\/sites\/vc\/wp-content\/uploads\/2023\/07\/Captura-de-Pantalla-2023-07-24-a-las-18.20.40.png","type":"image\/png"}],"author":"Valpara\u00edso Creativo","twitter_card":"summary_large_image","twitter_misc":{"Escrito por":"Valpara\u00edso Creativo","Tiempo de lectura":"2 minutos"},"schema":{"@context":"https:\/\/schema.org","@graph":[{"@type":"Article","@id":"https:\/\/dev.antudigital.cl\/sites\/vc\/capacitacion-elementos-de-un-distrito-creativo-como-identificarlos-en-un-territorio\/#article","isPartOf":{"@id":"https:\/\/dev.antudigital.cl\/sites\/vc\/capacitacion-elementos-de-un-distrito-creativo-como-identificarlos-en-un-territorio\/"},"author":{"name":"Valpara\u00edso Creativo","@id":"https:\/\/dev.antudigital.cl\/sites\/vc\/#\/schema\/person\/c2b9da8dd545e27166fc5ab232837318"},"headline":"Capacitaci\u00f3n \u00abElementos de un distrito creativo \u00bfc\u00f3mo identificarlos en un territorio?\u00bb","datePublished":"2023-07-24T22:24:57+00:00","dateModified":"2023-07-26T03:35:36+00:00","mainEntityOfPage":{"@id":"https:\/\/dev.antudigital.cl\/sites\/vc\/capacitacion-elementos-de-un-distrito-creativo-como-identificarlos-en-un-territorio\/"},"wordCount":248,"image":{"@id":"https:\/\/dev.antudigital.cl\/sites\/vc\/capacitacion-elementos-de-un-distrito-creativo-como-identificarlos-en-un-territorio\/#primaryimage"},"thumbnailUrl":"https:\/\/dev.antudigital.cl\/sites\/vc\/wp-content\/uploads\/2023\/07\/Captura-de-Pantalla-2023-07-24-a-las-18.20.40.png","articleSection":["Uncategorized"],"inLanguage":"es"},{"@type":"WebPage","@id":"https:\/\/dev.antudigital.cl\/sites\/vc\/capacitacion-elementos-de-un-distrito-creativo-como-identificarlos-en-un-territorio\/","url":"https:\/\/dev.antudigital.cl\/sites\/vc\/capacitacion-elementos-de-un-distrito-creativo-como-identificarlos-en-un-territorio\/","name":"Capacitaci\u00f3n \"Elementos de un distrito creativo \u00bfc\u00f3mo identificarlos en un territorio?\" - Valpara\u00ed\u00adso Creativo","isPartOf":{"@id":"https:\/\/dev.antudigital.cl\/sites\/vc\/#website"},"primaryImageOfPage":{"@id":"https:\/\/dev.antudigital.cl\/sites\/vc\/capacitacion-elementos-de-un-distrito-creativo-como-identificarlos-en-un-territorio\/#primaryimage"},"image":{"@id":"https:\/\/dev.antudigital.cl\/sites\/vc\/capacitacion-elementos-de-un-distrito-creativo-como-identificarlos-en-un-territorio\/#primaryimage"},"thumbnailUrl":"https:\/\/dev.antudigital.cl\/sites\/vc\/wp-content\/uploads\/2023\/07\/Captura-de-Pantalla-2023-07-24-a-las-18.20.40.png","datePublished":"2023-07-24T22:24:57+00:00","dateModified":"2023-07-26T03:35:36+00:00","author":{"@id":"https:\/\/dev.antudigital.cl\/sites\/vc\/#\/schema\/person\/c2b9da8dd545e27166fc5ab232837318"},"breadcrumb":{"@id":"https:\/\/dev.antudigital.cl\/sites\/vc\/capacitacion-elementos-de-un-distrito-creativo-como-identificarlos-en-un-territorio\/#breadcrumb"},"inLanguage":"es","potentialAction":[{"@type":"ReadAction","target":["https:\/\/dev.antudigital.cl\/sites\/vc\/capacitacion-elementos-de-un-distrito-creativo-como-identificarlos-en-un-territorio\/"]}]},{"@type":"ImageObject","inLanguage":"es","@id":"https:\/\/dev.antudigital.cl\/sites\/vc\/capacitacion-elementos-de-un-distrito-creativo-como-identificarlos-en-un-territorio\/#primaryimage","url":"https:\/\/dev.antudigital.cl\/sites\/vc\/wp-content\/uploads\/2023\/07\/Captura-de-Pantalla-2023-07-24-a-las-18.20.40.png","contentUrl":"https:\/\/dev.antudigital.cl\/sites\/vc\/wp-content\/uploads\/2023\/07\/Captura-de-Pantalla-2023-07-24-a-las-18.20.40.png","width":744,"height":327},{"@type":"BreadcrumbList","@id":"https:\/\/dev.antudigital.cl\/sites\/vc\/capacitacion-elementos-de-un-distrito-creativo-como-identificarlos-en-un-territorio\/#breadcrumb","itemListElement":[{"@type":"ListItem","position":1,"name":"Home","item":"https:\/\/dev.antudigital.cl\/sites\/vc\/"},{"@type":"ListItem","position":2,"name":"Capacitaci\u00f3n \u00abElementos de un distrito creativo \u00bfc\u00f3mo identificarlos en un territorio?\u00bb"}]},{"@type":"WebSite","@id":"https:\/\/dev.antudigital.cl\/sites\/vc\/#website","url":"https:\/\/dev.antudigital.cl\/sites\/vc\/","name":"Valpara\u00ed\u00adso Creativo","description":"","potentialAction":[{"@type":"SearchAction","target":{"@type":"EntryPoint","urlTemplate":"https:\/\/dev.antudigital.cl\/sites\/vc\/?s={search_term_string}"},"query-input":{"@type":"PropertyValueSpecification","valueRequired":true,"valueName":"search_term_string"}}],"inLanguage":"es"},{"@type":"Person","@id":"https:\/\/dev.antudigital.cl\/sites\/vc\/#\/schema\/person\/c2b9da8dd545e27166fc5ab232837318","name":"Valpara\u00edso Creativo","description":"Periodista de cultura en la Regi\u00f3n de Valpara\u00edso.","url":"https:\/\/dev.antudigital.cl\/sites\/vc\/author\/valpoadmin\/"}]}},"_links":{"self":[{"href":"https:\/\/dev.antudigital.cl\/sites\/vc\/wp-json\/wp\/v2\/posts\/16076","targetHints":{"allow":["GET"]}}],"collection":[{"href":"https:\/\/dev.antudigital.cl\/sites\/vc\/wp-json\/wp\/v2\/posts"}],"about":[{"href":"https:\/\/dev.antudigital.cl\/sites\/vc\/wp-json\/wp\/v2\/types\/post"}],"author":[{"embeddable":true,"href":"https:\/\/dev.antudigital.cl\/sites\/vc\/wp-json\/wp\/v2\/users\/1"}],"replies":[{"embeddable":true,"href":"https:\/\/dev.antudigital.cl\/sites\/vc\/wp-json\/wp\/v2\/comments?post=16076"}],"version-history":[{"count":1,"href":"https:\/\/dev.antudigital.cl\/sites\/vc\/wp-json\/wp\/v2\/posts\/16076\/revisions"}],"predecessor-version":[{"id":16079,"href":"https:\/\/dev.antudigital.cl\/sites\/vc\/wp-json\/wp\/v2\/posts\/16076\/revisions\/16079"}],"wp:featuredmedia":[{"embeddable":true,"href":"https:\/\/dev.antudigital.cl\/sites\/vc\/wp-json\/wp\/v2\/media\/16077"}],"wp:attachment":[{"href":"https:\/\/dev.antudigital.cl\/sites\/vc\/wp-json\/wp\/v2\/media?parent=16076"}],"wp:term":[{"taxonomy":"category","embeddable":true,"href":"https:\/\/dev.antudigital.cl\/sites\/vc\/wp-json\/wp\/v2\/categories?post=16076"},{"taxonomy":"post_tag","embeddable":true,"href":"https:\/\/dev.antudigital.cl\/sites\/vc\/wp-json\/wp\/v2\/tags?post=16076"}],"curies":[{"name":"wp","href":"https:\/\/api.w.org\/{rel}","templated":true}]}}