{"id":16560,"date":"2023-08-21T12:09:47","date_gmt":"2023-08-21T12:09:47","guid":{"rendered":"https:\/\/www.valparaisocreativo.cl\/?p=16560"},"modified":"2023-09-21T22:23:42","modified_gmt":"2023-09-21T22:23:42","slug":"esta-semana-se-lanza-el-catalogo-de-oficios-patrimoniales-de-valparaiso","status":"publish","type":"post","link":"https:\/\/dev.antudigital.cl\/sites\/vc\/esta-semana-se-lanza-el-catalogo-de-oficios-patrimoniales-de-valparaiso\/","title":{"rendered":"Esta semana se lanza el Cat\u00e1logo de Oficios Patrimoniales de Valpara\u00edso"},"content":{"rendered":"\n<p>En un ambicioso proyecto impulsado por el Programa Estrat\u00e9gico Regional Valpara\u00edso Creativo de CORFO, en colaboraci\u00f3n con la carrera T\u00e9cnico en Restauraci\u00f3n de Bienes Patrimoniales de Duoc UC Sede Valpara\u00edso, la rica historia y cultura de la regi\u00f3n est\u00e1n experimentando un proceso de restauraci\u00f3n y rehabilitaci\u00f3n sin precedentes. Este es un esfuerzo conjunto que ha brindado a maestros, t\u00e9cnicos y profesionales dedicados a la restauraci\u00f3n de bienes muebles e inmuebles una plataforma para exhibir sus servicios y enfoques en este campo especializado.<\/p>\n\n\n\n<p>Con el prop\u00f3sito de fomentar y respaldar futuras iniciativas en esta \u00e1rea, se ha llevado a cabo un proyecto pionero en Chile: la creaci\u00f3n de un cat\u00e1logo de oficios patrimoniales en la Regi\u00f3n de Valpara\u00edso. El anuncio de este cat\u00e1logo se realizar\u00e1 el pr\u00f3ximo 24 de agosto junto al Director Regional de CORFO, Etienne Choupay, y el Director de Duoc UC Sede Valpara\u00edso, Claudio Salas.<\/p>\n\n\n\n<p>Este proyecto, respaldado por Valpara\u00edso Creativo y la carrera T\u00e9cnico en Restauraci\u00f3n de Bienes Patrimoniales de Duoc UC Sede Valpara\u00edso y ejecutado por la agencia SBS Publicidad, ha dado origen a una plataforma digital exclusiva. Esta re\u00fane a talleres, maestros, t\u00e9cnicos y profesionales independientes de la regi\u00f3n que se dedican a la reparaci\u00f3n, rehabilitaci\u00f3n, reciclaje y preservaci\u00f3n de bienes muebles e inmuebles con valor patrimonial.<\/p>\n\n\n\n<p>A trav\u00e9s de una plataforma web, se detallan las numerosas habilidades y servicios que estas personas y talleres ofrecen. Desde especialistas en oficios tradicionales como alba\u00f1iler\u00eda y carpinter\u00eda hasta expertos en ornamentos en estucos, metales e imaginer\u00eda religiosa, la plataforma ofrece una variedad de opciones para aquellos que buscan servicios de restauraci\u00f3n. <\/p>\n\n\n\n<h2 class=\"wp-block-heading\"><a href=\"https:\/\/www.valparaisocreativo.cl\/buscador-de-oficios-patrimoniales\/\">Ingresa ac\u00e1 para conocer el cat\u00e1logo<\/a><\/h2>\n\n\n\n<p><a href=\"https:\/\/forms.gle\/f3MbnscqQubcwPPz6\" target=\"_blank\" rel=\"noreferrer noopener\">Haz click aqu\u00ed para ser parte<\/a>.<\/p>\n\n\n\n<p><a href=\"https:\/\/forms.office.com\/pages\/responsepage.aspx?id=Wgv9cmqK_0yJ9r3pYffiUKhSkgJ_EVNDo7IVbdwiRMRUOEFISEcyNUxGSzlQMjBSRTBYNjVWU1VaRi4u&amp;wdLOR=c6665204D-A905-4113-8763-914BB0806716\">Inscr\u00edbete aqu\u00ed al evento<\/a><\/p>\n","protected":false},"excerpt":{"rendered":"<p>En un ambicioso proyecto impulsado por el Programa Estrat\u00e9gico Regional Valpara\u00edso Creativo de CORFO, en colaboraci\u00f3n con la carrera T\u00e9cnico en Restauraci\u00f3n de Bienes Patrimoniales de Duoc UC Sede Valpara\u00edso, la rica historia y cultura de la regi\u00f3n est\u00e1n experimentando un proceso de restauraci\u00f3n y rehabilitaci\u00f3n sin precedentes. Este es un esfuerzo conjunto que ha [&hellip;]<\/p>\n","protected":false},"author":1,"featured_media":16561,"comment_status":"closed","ping_status":"closed","sticky":false,"template":"","format":"standard","meta":{"_acf_changed":false,"footnotes":""},"categories":[218],"tags":[],"class_list":["post-16560","post","type-post","status-publish","format-standard","has-post-thumbnail","hentry","category-blog"],"acf":[],"yoast_head":"<!-- This site is optimized with the Yoast SEO plugin v27.1.1 - https:\/\/yoast.com\/product\/yoast-seo-wordpress\/ -->\n<title>Esta semana se lanza el Cat\u00e1logo de Oficios Patrimoniales de Valpara\u00edso - Valpara\u00ed\u00adso Creativo<\/title>\n<meta name=\"robots\" content=\"index, follow, max-snippet:-1, max-image-preview:large, max-video-preview:-1\" \/>\n<link rel=\"canonical\" href=\"https:\/\/dev.antudigital.cl\/sites\/vc\/esta-semana-se-lanza-el-catalogo-de-oficios-patrimoniales-de-valparaiso\/\" \/>\n<meta property=\"og:locale\" content=\"es_ES\" \/>\n<meta property=\"og:type\" content=\"article\" \/>\n<meta property=\"og:title\" content=\"Esta semana se lanza el Cat\u00e1logo de Oficios Patrimoniales de Valpara\u00edso - Valpara\u00ed\u00adso Creativo\" \/>\n<meta property=\"og:description\" content=\"En un ambicioso proyecto impulsado por el Programa Estrat\u00e9gico Regional Valpara\u00edso Creativo de CORFO, en colaboraci\u00f3n con la carrera T\u00e9cnico en Restauraci\u00f3n de Bienes Patrimoniales de Duoc UC Sede Valpara\u00edso, la rica historia y cultura de la regi\u00f3n est\u00e1n experimentando un proceso de restauraci\u00f3n y rehabilitaci\u00f3n sin precedentes. Este es un esfuerzo conjunto que ha [&hellip;]\" \/>\n<meta property=\"og:url\" content=\"https:\/\/dev.antudigital.cl\/sites\/vc\/esta-semana-se-lanza-el-catalogo-de-oficios-patrimoniales-de-valparaiso\/\" \/>\n<meta property=\"og:site_name\" content=\"Valpara\u00ed\u00adso Creativo\" \/>\n<meta property=\"article:published_time\" content=\"2023-08-21T12:09:47+00:00\" \/>\n<meta property=\"article:modified_time\" content=\"2023-09-21T22:23:42+00:00\" \/>\n<meta property=\"og:image\" content=\"https:\/\/dev.antudigital.cl\/sites\/vc\/wp-content\/uploads\/2023\/08\/catalogo.jpeg\" \/>\n\t<meta property=\"og:image:width\" content=\"920\" \/>\n\t<meta property=\"og:image:height\" content=\"613\" \/>\n\t<meta property=\"og:image:type\" content=\"image\/jpeg\" \/>\n<meta name=\"author\" content=\"Valpara\u00edso Creativo\" \/>\n<meta name=\"twitter:card\" content=\"summary_large_image\" \/>\n<meta name=\"twitter:label1\" content=\"Escrito por\" \/>\n\t<meta name=\"twitter:data1\" content=\"Valpara\u00edso Creativo\" \/>\n\t<meta name=\"twitter:label2\" content=\"Tiempo de lectura\" \/>\n\t<meta name=\"twitter:data2\" content=\"2 minutos\" \/>\n<script type=\"application\/ld+json\" class=\"yoast-schema-graph\">{\"@context\":\"https:\/\/schema.org\",\"@graph\":[{\"@type\":\"Article\",\"@id\":\"https:\/\/dev.antudigital.cl\/sites\/vc\/esta-semana-se-lanza-el-catalogo-de-oficios-patrimoniales-de-valparaiso\/#article\",\"isPartOf\":{\"@id\":\"https:\/\/dev.antudigital.cl\/sites\/vc\/esta-semana-se-lanza-el-catalogo-de-oficios-patrimoniales-de-valparaiso\/\"},\"author\":{\"name\":\"Valpara\u00edso Creativo\",\"@id\":\"https:\/\/dev.antudigital.cl\/sites\/vc\/#\/schema\/person\/c2b9da8dd545e27166fc5ab232837318\"},\"headline\":\"Esta semana se lanza el Cat\u00e1logo de Oficios Patrimoniales de Valpara\u00edso\",\"datePublished\":\"2023-08-21T12:09:47+00:00\",\"dateModified\":\"2023-09-21T22:23:42+00:00\",\"mainEntityOfPage\":{\"@id\":\"https:\/\/dev.antudigital.cl\/sites\/vc\/esta-semana-se-lanza-el-catalogo-de-oficios-patrimoniales-de-valparaiso\/\"},\"wordCount\":330,\"image\":{\"@id\":\"https:\/\/dev.antudigital.cl\/sites\/vc\/esta-semana-se-lanza-el-catalogo-de-oficios-patrimoniales-de-valparaiso\/#primaryimage\"},\"thumbnailUrl\":\"https:\/\/dev.antudigital.cl\/sites\/vc\/wp-content\/uploads\/2023\/08\/catalogo.jpeg\",\"articleSection\":[\"Blog\"],\"inLanguage\":\"es\"},{\"@type\":\"WebPage\",\"@id\":\"https:\/\/dev.antudigital.cl\/sites\/vc\/esta-semana-se-lanza-el-catalogo-de-oficios-patrimoniales-de-valparaiso\/\",\"url\":\"https:\/\/dev.antudigital.cl\/sites\/vc\/esta-semana-se-lanza-el-catalogo-de-oficios-patrimoniales-de-valparaiso\/\",\"name\":\"Esta semana se lanza el Cat\u00e1logo de Oficios Patrimoniales de Valpara\u00edso - Valpara\u00ed\u00adso Creativo\",\"isPartOf\":{\"@id\":\"https:\/\/dev.antudigital.cl\/sites\/vc\/#website\"},\"primaryImageOfPage\":{\"@id\":\"https:\/\/dev.antudigital.cl\/sites\/vc\/esta-semana-se-lanza-el-catalogo-de-oficios-patrimoniales-de-valparaiso\/#primaryimage\"},\"image\":{\"@id\":\"https:\/\/dev.antudigital.cl\/sites\/vc\/esta-semana-se-lanza-el-catalogo-de-oficios-patrimoniales-de-valparaiso\/#primaryimage\"},\"thumbnailUrl\":\"https:\/\/dev.antudigital.cl\/sites\/vc\/wp-content\/uploads\/2023\/08\/catalogo.jpeg\",\"datePublished\":\"2023-08-21T12:09:47+00:00\",\"dateModified\":\"2023-09-21T22:23:42+00:00\",\"author\":{\"@id\":\"https:\/\/dev.antudigital.cl\/sites\/vc\/#\/schema\/person\/c2b9da8dd545e27166fc5ab232837318\"},\"breadcrumb\":{\"@id\":\"https:\/\/dev.antudigital.cl\/sites\/vc\/esta-semana-se-lanza-el-catalogo-de-oficios-patrimoniales-de-valparaiso\/#breadcrumb\"},\"inLanguage\":\"es\",\"potentialAction\":[{\"@type\":\"ReadAction\",\"target\":[\"https:\/\/dev.antudigital.cl\/sites\/vc\/esta-semana-se-lanza-el-catalogo-de-oficios-patrimoniales-de-valparaiso\/\"]}]},{\"@type\":\"ImageObject\",\"inLanguage\":\"es\",\"@id\":\"https:\/\/dev.antudigital.cl\/sites\/vc\/esta-semana-se-lanza-el-catalogo-de-oficios-patrimoniales-de-valparaiso\/#primaryimage\",\"url\":\"https:\/\/dev.antudigital.cl\/sites\/vc\/wp-content\/uploads\/2023\/08\/catalogo.jpeg\",\"contentUrl\":\"https:\/\/dev.antudigital.cl\/sites\/vc\/wp-content\/uploads\/2023\/08\/catalogo.jpeg\",\"width\":920,\"height\":613,\"caption\":\"Woman pickling wooden chair with glass in workshop\"},{\"@type\":\"BreadcrumbList\",\"@id\":\"https:\/\/dev.antudigital.cl\/sites\/vc\/esta-semana-se-lanza-el-catalogo-de-oficios-patrimoniales-de-valparaiso\/#breadcrumb\",\"itemListElement\":[{\"@type\":\"ListItem\",\"position\":1,\"name\":\"Home\",\"item\":\"https:\/\/dev.antudigital.cl\/sites\/vc\/\"},{\"@type\":\"ListItem\",\"position\":2,\"name\":\"Esta semana se lanza el Cat\u00e1logo de Oficios Patrimoniales de Valpara\u00edso\"}]},{\"@type\":\"WebSite\",\"@id\":\"https:\/\/dev.antudigital.cl\/sites\/vc\/#website\",\"url\":\"https:\/\/dev.antudigital.cl\/sites\/vc\/\",\"name\":\"Valpara\u00ed\u00adso Creativo\",\"description\":\"\",\"potentialAction\":[{\"@type\":\"SearchAction\",\"target\":{\"@type\":\"EntryPoint\",\"urlTemplate\":\"https:\/\/dev.antudigital.cl\/sites\/vc\/?s={search_term_string}\"},\"query-input\":{\"@type\":\"PropertyValueSpecification\",\"valueRequired\":true,\"valueName\":\"search_term_string\"}}],\"inLanguage\":\"es\"},{\"@type\":\"Person\",\"@id\":\"https:\/\/dev.antudigital.cl\/sites\/vc\/#\/schema\/person\/c2b9da8dd545e27166fc5ab232837318\",\"name\":\"Valpara\u00edso Creativo\",\"description\":\"Periodista de cultura en la Regi\u00f3n de Valpara\u00edso.\",\"url\":\"https:\/\/dev.antudigital.cl\/sites\/vc\/author\/valpoadmin\/\"}]}<\/script>\n<!-- \/ Yoast SEO plugin. -->","yoast_head_json":{"title":"Esta semana se lanza el Cat\u00e1logo de Oficios Patrimoniales de Valpara\u00edso - Valpara\u00ed\u00adso Creativo","robots":{"index":"index","follow":"follow","max-snippet":"max-snippet:-1","max-image-preview":"max-image-preview:large","max-video-preview":"max-video-preview:-1"},"canonical":"https:\/\/dev.antudigital.cl\/sites\/vc\/esta-semana-se-lanza-el-catalogo-de-oficios-patrimoniales-de-valparaiso\/","og_locale":"es_ES","og_type":"article","og_title":"Esta semana se lanza el Cat\u00e1logo de Oficios Patrimoniales de Valpara\u00edso - Valpara\u00ed\u00adso Creativo","og_description":"En un ambicioso proyecto impulsado por el Programa Estrat\u00e9gico Regional Valpara\u00edso Creativo de CORFO, en colaboraci\u00f3n con la carrera T\u00e9cnico en Restauraci\u00f3n de Bienes Patrimoniales de Duoc UC Sede Valpara\u00edso, la rica historia y cultura de la regi\u00f3n est\u00e1n experimentando un proceso de restauraci\u00f3n y rehabilitaci\u00f3n sin precedentes. Este es un esfuerzo conjunto que ha [&hellip;]","og_url":"https:\/\/dev.antudigital.cl\/sites\/vc\/esta-semana-se-lanza-el-catalogo-de-oficios-patrimoniales-de-valparaiso\/","og_site_name":"Valpara\u00ed\u00adso Creativo","article_published_time":"2023-08-21T12:09:47+00:00","article_modified_time":"2023-09-21T22:23:42+00:00","og_image":[{"width":920,"height":613,"url":"https:\/\/dev.antudigital.cl\/sites\/vc\/wp-content\/uploads\/2023\/08\/catalogo.jpeg","type":"image\/jpeg"}],"author":"Valpara\u00edso Creativo","twitter_card":"summary_large_image","twitter_misc":{"Escrito por":"Valpara\u00edso Creativo","Tiempo de lectura":"2 minutos"},"schema":{"@context":"https:\/\/schema.org","@graph":[{"@type":"Article","@id":"https:\/\/dev.antudigital.cl\/sites\/vc\/esta-semana-se-lanza-el-catalogo-de-oficios-patrimoniales-de-valparaiso\/#article","isPartOf":{"@id":"https:\/\/dev.antudigital.cl\/sites\/vc\/esta-semana-se-lanza-el-catalogo-de-oficios-patrimoniales-de-valparaiso\/"},"author":{"name":"Valpara\u00edso Creativo","@id":"https:\/\/dev.antudigital.cl\/sites\/vc\/#\/schema\/person\/c2b9da8dd545e27166fc5ab232837318"},"headline":"Esta semana se lanza el Cat\u00e1logo de Oficios Patrimoniales de Valpara\u00edso","datePublished":"2023-08-21T12:09:47+00:00","dateModified":"2023-09-21T22:23:42+00:00","mainEntityOfPage":{"@id":"https:\/\/dev.antudigital.cl\/sites\/vc\/esta-semana-se-lanza-el-catalogo-de-oficios-patrimoniales-de-valparaiso\/"},"wordCount":330,"image":{"@id":"https:\/\/dev.antudigital.cl\/sites\/vc\/esta-semana-se-lanza-el-catalogo-de-oficios-patrimoniales-de-valparaiso\/#primaryimage"},"thumbnailUrl":"https:\/\/dev.antudigital.cl\/sites\/vc\/wp-content\/uploads\/2023\/08\/catalogo.jpeg","articleSection":["Blog"],"inLanguage":"es"},{"@type":"WebPage","@id":"https:\/\/dev.antudigital.cl\/sites\/vc\/esta-semana-se-lanza-el-catalogo-de-oficios-patrimoniales-de-valparaiso\/","url":"https:\/\/dev.antudigital.cl\/sites\/vc\/esta-semana-se-lanza-el-catalogo-de-oficios-patrimoniales-de-valparaiso\/","name":"Esta semana se lanza el Cat\u00e1logo de Oficios Patrimoniales de Valpara\u00edso - Valpara\u00ed\u00adso Creativo","isPartOf":{"@id":"https:\/\/dev.antudigital.cl\/sites\/vc\/#website"},"primaryImageOfPage":{"@id":"https:\/\/dev.antudigital.cl\/sites\/vc\/esta-semana-se-lanza-el-catalogo-de-oficios-patrimoniales-de-valparaiso\/#primaryimage"},"image":{"@id":"https:\/\/dev.antudigital.cl\/sites\/vc\/esta-semana-se-lanza-el-catalogo-de-oficios-patrimoniales-de-valparaiso\/#primaryimage"},"thumbnailUrl":"https:\/\/dev.antudigital.cl\/sites\/vc\/wp-content\/uploads\/2023\/08\/catalogo.jpeg","datePublished":"2023-08-21T12:09:47+00:00","dateModified":"2023-09-21T22:23:42+00:00","author":{"@id":"https:\/\/dev.antudigital.cl\/sites\/vc\/#\/schema\/person\/c2b9da8dd545e27166fc5ab232837318"},"breadcrumb":{"@id":"https:\/\/dev.antudigital.cl\/sites\/vc\/esta-semana-se-lanza-el-catalogo-de-oficios-patrimoniales-de-valparaiso\/#breadcrumb"},"inLanguage":"es","potentialAction":[{"@type":"ReadAction","target":["https:\/\/dev.antudigital.cl\/sites\/vc\/esta-semana-se-lanza-el-catalogo-de-oficios-patrimoniales-de-valparaiso\/"]}]},{"@type":"ImageObject","inLanguage":"es","@id":"https:\/\/dev.antudigital.cl\/sites\/vc\/esta-semana-se-lanza-el-catalogo-de-oficios-patrimoniales-de-valparaiso\/#primaryimage","url":"https:\/\/dev.antudigital.cl\/sites\/vc\/wp-content\/uploads\/2023\/08\/catalogo.jpeg","contentUrl":"https:\/\/dev.antudigital.cl\/sites\/vc\/wp-content\/uploads\/2023\/08\/catalogo.jpeg","width":920,"height":613,"caption":"Woman pickling wooden chair with glass in workshop"},{"@type":"BreadcrumbList","@id":"https:\/\/dev.antudigital.cl\/sites\/vc\/esta-semana-se-lanza-el-catalogo-de-oficios-patrimoniales-de-valparaiso\/#breadcrumb","itemListElement":[{"@type":"ListItem","position":1,"name":"Home","item":"https:\/\/dev.antudigital.cl\/sites\/vc\/"},{"@type":"ListItem","position":2,"name":"Esta semana se lanza el Cat\u00e1logo de Oficios Patrimoniales de Valpara\u00edso"}]},{"@type":"WebSite","@id":"https:\/\/dev.antudigital.cl\/sites\/vc\/#website","url":"https:\/\/dev.antudigital.cl\/sites\/vc\/","name":"Valpara\u00ed\u00adso Creativo","description":"","potentialAction":[{"@type":"SearchAction","target":{"@type":"EntryPoint","urlTemplate":"https:\/\/dev.antudigital.cl\/sites\/vc\/?s={search_term_string}"},"query-input":{"@type":"PropertyValueSpecification","valueRequired":true,"valueName":"search_term_string"}}],"inLanguage":"es"},{"@type":"Person","@id":"https:\/\/dev.antudigital.cl\/sites\/vc\/#\/schema\/person\/c2b9da8dd545e27166fc5ab232837318","name":"Valpara\u00edso Creativo","description":"Periodista de cultura en la Regi\u00f3n de Valpara\u00edso.","url":"https:\/\/dev.antudigital.cl\/sites\/vc\/author\/valpoadmin\/"}]}},"_links":{"self":[{"href":"https:\/\/dev.antudigital.cl\/sites\/vc\/wp-json\/wp\/v2\/posts\/16560","targetHints":{"allow":["GET"]}}],"collection":[{"href":"https:\/\/dev.antudigital.cl\/sites\/vc\/wp-json\/wp\/v2\/posts"}],"about":[{"href":"https:\/\/dev.antudigital.cl\/sites\/vc\/wp-json\/wp\/v2\/types\/post"}],"author":[{"embeddable":true,"href":"https:\/\/dev.antudigital.cl\/sites\/vc\/wp-json\/wp\/v2\/users\/1"}],"replies":[{"embeddable":true,"href":"https:\/\/dev.antudigital.cl\/sites\/vc\/wp-json\/wp\/v2\/comments?post=16560"}],"version-history":[{"count":4,"href":"https:\/\/dev.antudigital.cl\/sites\/vc\/wp-json\/wp\/v2\/posts\/16560\/revisions"}],"predecessor-version":[{"id":17149,"href":"https:\/\/dev.antudigital.cl\/sites\/vc\/wp-json\/wp\/v2\/posts\/16560\/revisions\/17149"}],"wp:featuredmedia":[{"embeddable":true,"href":"https:\/\/dev.antudigital.cl\/sites\/vc\/wp-json\/wp\/v2\/media\/16561"}],"wp:attachment":[{"href":"https:\/\/dev.antudigital.cl\/sites\/vc\/wp-json\/wp\/v2\/media?parent=16560"}],"wp:term":[{"taxonomy":"category","embeddable":true,"href":"https:\/\/dev.antudigital.cl\/sites\/vc\/wp-json\/wp\/v2\/categories?post=16560"},{"taxonomy":"post_tag","embeddable":true,"href":"https:\/\/dev.antudigital.cl\/sites\/vc\/wp-json\/wp\/v2\/tags?post=16560"}],"curies":[{"name":"wp","href":"https:\/\/api.w.org\/{rel}","templated":true}]}}