{"id":16589,"date":"2023-08-21T23:54:14","date_gmt":"2023-08-21T23:54:14","guid":{"rendered":"https:\/\/www.valparaisocreativo.cl\/?p=16589"},"modified":"2023-08-21T23:54:20","modified_gmt":"2023-08-21T23:54:20","slug":"gallery-weekend-crece-se-expande-y-se-descentraliza","status":"publish","type":"post","link":"https:\/\/dev.antudigital.cl\/sites\/vc\/gallery-weekend-crece-se-expande-y-se-descentraliza\/","title":{"rendered":"Gallery Weekend crece, se expande y se descentraliza"},"content":{"rendered":"\n<p><strong><em>Ya consolidado como el gran evento anual de las galer\u00edas y espacios expositivos, hace un a\u00f1o Gallery Weekend comenz\u00f3 a marcar una presencia mensual con sus recorridos pop-up. Ahora este evento gratuito sale de la capital: entre el 28 y 30 de septiembre, simult\u00e1neamente con Santiago, Valpara\u00edso recibe a Gallery Weekend con un circuito de 8 galer\u00edas, las que comienzan a perfilarse como un distrito del arte visual en esa ciudad.<\/em><\/strong><\/p>\n\n\n\n<p><br>Este a\u00f1o, <a href=\"https:\/\/www.instagram.com\/explore\/tags\/galleryweekend\/\">#GalleryWeekend<\/a>\u00a0sigue creciendo y, por primera vez, llegamos a la quinta regi\u00f3n en alianza con Valpara\u00edso Creativo &amp; Valpara\u00edso Arte Contempor\u00e1neo para disfrutar de tres d\u00edas de recorridos y programaci\u00f3n especial en un exclusivo circuito de galer\u00edas de arte contempor\u00e1neo.<\/p>\n\n\n\n<p>\u00a1Imperdible! &#x1f449; Del 28 al 30 de septiembre<\/p>\n\n\n\n<p>En solo dos d\u00edas, dos millones y medio de personas repletaron los diversos espacios que abrieron sus puertas durante la \u00faltima versi\u00f3n del D\u00eda de los Patrimonios de mayo pasado. Mientras los datos de la Encuesta Nacional de Participaci\u00f3n Cultural indican que, usando como medida un a\u00f1o completo, la asistencia a exposiciones de artes visuales sigue en descenso. En el estudio 2012 aparece como el a\u00f1o de mayor actividad con un 24%, mientras en 2017 solo un 16% declar\u00f3 haber participado en una de estas instancias.<\/p>\n\n\n\n<p>No se pueden discutir las cifras, pero s\u00ed podemos analizar razones para una diferencia tan abismante. \u00bfRadica esta exclusivamente en las diferencias entre patrimonio y arte contempor\u00e1neo como ofertas culturales? \u00bfNo se trata m\u00e1s bien de una falta de actividades gratuitas, dise\u00f1adas y comunicadas con la intenci\u00f3n de&nbsp; acoger a nuevas audiencias para las galer\u00edas de arte?<\/p>\n\n\n\n<p>Gallery Weekend trabaja con esa l\u00f3gica: un evento que se extiende por tres d\u00edas, que re\u00fane a galer\u00edas de distintos sectores, las invita a destacar a trav\u00e9s de una programaci\u00f3n especial (inauguraciones, visitas guiadas, talleres y mediaciones, entre otros), las agrupa y propone circuitos para recorrer y dedica jornadas a conocer estos espacios y sus protagonistas. Todo de manera gratuita.<\/p>\n\n\n\n<figure class=\"wp-block-image size-full\"><img fetchpriority=\"high\" decoding=\"async\" width=\"356\" height=\"397\" src=\"https:\/\/www.valparaisocreativo.cl\/wp-content\/uploads\/2023\/08\/Captura-de-Pantalla-2023-08-21-a-las-19.50.47.png\" alt=\"\" class=\"wp-image-16590\" srcset=\"https:\/\/dev.antudigital.cl\/sites\/vc\/wp-content\/uploads\/2023\/08\/Captura-de-Pantalla-2023-08-21-a-las-19.50.47.png 356w, https:\/\/dev.antudigital.cl\/sites\/vc\/wp-content\/uploads\/2023\/08\/Captura-de-Pantalla-2023-08-21-a-las-19.50.47-269x300.png 269w, https:\/\/dev.antudigital.cl\/sites\/vc\/wp-content\/uploads\/2023\/08\/Captura-de-Pantalla-2023-08-21-a-las-19.50.47-22x24.png 22w, https:\/\/dev.antudigital.cl\/sites\/vc\/wp-content\/uploads\/2023\/08\/Captura-de-Pantalla-2023-08-21-a-las-19.50.47-32x36.png 32w, https:\/\/dev.antudigital.cl\/sites\/vc\/wp-content\/uploads\/2023\/08\/Captura-de-Pantalla-2023-08-21-a-las-19.50.47-43x48.png 43w\" sizes=\"(max-width: 356px) 100vw, 356px\" \/><\/figure>\n\n\n\n<p>Gallery Weekend es un evento internacional que celebra el arte, la cultura y la ciudad; que aporta visibilidad a nuestra activa escena y a sus espacios m\u00e1s vivos, las galer\u00edas de arte. Es un modelo que han adoptado exitosamente las ciudades como Barcelona, Berl\u00edn y Montreal, que fomenta el turismo cultural y democratiza el acceso al arte y las galer\u00edas de la ciudad.&nbsp;<\/p>\n\n\n\n<p>A la cita anual de tres d\u00edas Gallery Weekend sum\u00f3 otro formato mensual, sus recorridos pop-up.<\/p>\n\n\n\n<p>Se trata de encuentros que nos invitan a apreciar de la manera m\u00e1s cercana posible los lugares donde se crea, exhibe, comercializa y colecciona el arte. Cada circuito Pop-Up se compone de dos a tres visitas guiadas por una galer\u00eda de arte o espacio cultural, un taller de artistas o una colecci\u00f3n privada. El evento funciona con inscripci\u00f3n previa e incluye minibuses para moverse c\u00f3modamente entre los distintos puntos del circuito y un c\u00f3ctel para finalizar el recorrido.<\/p>\n\n\n\n<p>&nbsp;<strong>Una versi\u00f3n cargada de novedades<\/strong><\/p>\n\n\n\n<p>Debe estar relacionado a su condici\u00f3n de puerto, pero como en ninguna otra parte de Chile, en Valpara\u00edso el arte y la cultura brotan naturalmente. \u201cLa actividad cultural le es innata, le resulta propia; en todas las disciplinas\u201d, dice Rafael Torres, director del Museo Baburizza y presidente de VAC (Valpara\u00edso Arte Contempor\u00e1neo). \u201cHay una l\u00f3gica de instalar e impulsar actividades, incluso sin contar&nbsp; necesariamente con las formalidades o la aprobaci\u00f3n de la institucionalidad; a veces sin claridad del resultado final. Me gusta hablar de una \u2018ciudad taller\u2019, porque Valpara\u00edso act\u00faa como un laboratorio cultural tanto para artistas como para instancias como centros culturales y galer\u00edas. Adem\u00e1s ocurre con frecuencia que naturalmente los espacios se vuelven multiprop\u00f3sito: donde hay artes visuales pronto llegan las esc\u00e9nicas, las performances, la gastronom\u00eda y otros quehaceres\u201d.<\/p>\n\n\n\n<p>Por eso, y por la distancia tan corta, es natural tambi\u00e9n que Valpara\u00edso sea la primera ciudad a la que Gallery Weekend se extiende. \u201cLa vinculaci\u00f3n con GW, un proyecto que lleva varios a\u00f1os, contribuye a una descentralizaci\u00f3n cultural, al fomento de que lo que denominamos distrito cultural de Valpara\u00edso y tambi\u00e9n es una iniciativa que potencia la instalaci\u00f3n y la vocaci\u00f3n de VAC como una plataforma que a partir de la asociaci\u00f3n amplifica el impacto de galer\u00edas y eventos galer\u00edsticos y art\u00edsticos de la regi\u00f3n\u201d, agrega Torres.<\/p>\n\n\n\n<figure class=\"wp-block-image size-full\"><img decoding=\"async\" width=\"362\" height=\"287\" src=\"https:\/\/www.valparaisocreativo.cl\/wp-content\/uploads\/2023\/08\/Captura-de-Pantalla-2023-08-21-a-las-19.52.15.png\" alt=\"\" class=\"wp-image-16592\" srcset=\"https:\/\/dev.antudigital.cl\/sites\/vc\/wp-content\/uploads\/2023\/08\/Captura-de-Pantalla-2023-08-21-a-las-19.52.15.png 362w, https:\/\/dev.antudigital.cl\/sites\/vc\/wp-content\/uploads\/2023\/08\/Captura-de-Pantalla-2023-08-21-a-las-19.52.15-300x238.png 300w, https:\/\/dev.antudigital.cl\/sites\/vc\/wp-content\/uploads\/2023\/08\/Captura-de-Pantalla-2023-08-21-a-las-19.52.15-24x19.png 24w, https:\/\/dev.antudigital.cl\/sites\/vc\/wp-content\/uploads\/2023\/08\/Captura-de-Pantalla-2023-08-21-a-las-19.52.15-36x29.png 36w, https:\/\/dev.antudigital.cl\/sites\/vc\/wp-content\/uploads\/2023\/08\/Captura-de-Pantalla-2023-08-21-a-las-19.52.15-48x38.png 48w\" sizes=\"(max-width: 362px) 100vw, 362px\" \/><\/figure>\n\n\n\n<p>VAC existe hace m\u00e1s o menos un a\u00f1o, agrupa a 15 galer\u00edas de arte de Valpara\u00edso (la mayor\u00eda con actividad presencial y solo tres virtuales) y tiene por finalidad fortalecer su \u00e1mbito de desarrollo, potenciarlas regional,&nbsp; nacional e internacionalmente (as\u00ed como a sus artistas); ser un actor v\u00e1lido en este \u00e1mbito y un puente entre el sector p\u00fablico y el privado.<\/p>\n\n\n\n<p>VAC trabaja estrechamente con el programa Valpara\u00edso Creativo de Corfo, desde donde celebran la llegada de Gallery Weekend a la ciudad. \u201cEs una iniciativa que en muy pocos d\u00edas logra abrir una cantidad no menor de galer\u00edas al p\u00fablico general, que convoca no solo a los actores relacionados, tambi\u00e9n a otras audiencias que ven en las artes visuales un espacio de aprendizaje, comprensi\u00f3n y esparcimiento. Aporta a la concreci\u00f3n de un prop\u00f3sito: que las artes visuales se conviertan en un nodo, en un distrito para el desarrollo de econom\u00edas creativas\u201d, dice Mauricio Cifuentes, coordinador general de Valpara\u00edso Creativo.<\/p>\n\n\n\n<p>Cifuentes adelanta que el Barrio C\u00edvico, parte de los cerros Alegre y Concepci\u00f3n y del Barrio Puerto, que concentran la mayor cantidad de galer\u00edas, constituir\u00e1n este distrito de la visualidad; dentro de un proyecto que contempla otros distritos caracterizados por una actividad. Destaca tambi\u00e9n el rol de VAC: \u201cTener esta asociaci\u00f3n de galer\u00edas facilita generar proyectos m\u00e1s grandes e incidir en la pol\u00edtica p\u00fablica\u201d.<\/p>\n\n\n\n<p>\u00a0Juvenal Barria reconoce la visi\u00f3n que mostr\u00f3 Isabel Croxatto al exhibir su trabajo cuando \u00e9l a\u00fan no era un nombre que sonara en los circuitos comerciales y viv\u00eda en Valpara\u00edso. Gracias a esa apuesta Juvenal obtuvo el premio Gallery Weekend ese a\u00f1o y ahora al frente Judas Galer\u00eda recibe premios como el de cambio cultural en MAPA (Buenos Aires) por aplicar la misma pol\u00edtica: \u201cLo importante de esta instancia es su contribuci\u00f3n a la descentralizaci\u00f3n. El coleccionismo y sus circuitos est\u00e1n centrados en la capital. Uno queda fuera del mapa. Abrir esta ventana a la regi\u00f3n para nosotros es superimportante. Las exposiciones est\u00e1n abiertas al p\u00fablico, pero el tema del mercado es algo m\u00e1s complejo en Valpara\u00edso. Esta experiencia puede servir como ejemplo para personas que no tienen idea de c\u00f3mo funciona esto. Las posibilidades de establecer este v\u00ednculo con coleccionistas y p\u00fablico en general se ampl\u00edan\u201d.<\/p>\n\n\n\n<p>Suscr\u00edbete en www.galleryweekend.cl<\/p>\n","protected":false},"excerpt":{"rendered":"<p>Ya consolidado como el gran evento anual de las galer\u00edas y espacios expositivos, hace un a\u00f1o Gallery Weekend comenz\u00f3 a marcar una presencia mensual con sus recorridos pop-up. Ahora este evento gratuito sale de la capital: entre el 28 y 30 de septiembre, simult\u00e1neamente con Santiago, Valpara\u00edso recibe a Gallery Weekend con un circuito de [&hellip;]<\/p>\n","protected":false},"author":1,"featured_media":16591,"comment_status":"closed","ping_status":"closed","sticky":false,"template":"","format":"standard","meta":{"_acf_changed":false,"footnotes":""},"categories":[1],"tags":[],"class_list":["post-16589","post","type-post","status-publish","format-standard","has-post-thumbnail","hentry","category-uncategorized"],"acf":[],"yoast_head":"<!-- This site is optimized with the Yoast SEO plugin v27.1.1 - https:\/\/yoast.com\/product\/yoast-seo-wordpress\/ -->\n<title>Gallery Weekend crece, se expande y se descentraliza - Valpara\u00ed\u00adso Creativo<\/title>\n<meta name=\"robots\" content=\"index, follow, max-snippet:-1, max-image-preview:large, max-video-preview:-1\" \/>\n<link rel=\"canonical\" href=\"https:\/\/dev.antudigital.cl\/sites\/vc\/gallery-weekend-crece-se-expande-y-se-descentraliza\/\" \/>\n<meta property=\"og:locale\" content=\"es_ES\" \/>\n<meta property=\"og:type\" content=\"article\" \/>\n<meta property=\"og:title\" content=\"Gallery Weekend crece, se expande y se descentraliza - Valpara\u00ed\u00adso Creativo\" \/>\n<meta property=\"og:description\" content=\"Ya consolidado como el gran evento anual de las galer\u00edas y espacios expositivos, hace un a\u00f1o Gallery Weekend comenz\u00f3 a marcar una presencia mensual con sus recorridos pop-up. Ahora este evento gratuito sale de la capital: entre el 28 y 30 de septiembre, simult\u00e1neamente con Santiago, Valpara\u00edso recibe a Gallery Weekend con un circuito de [&hellip;]\" \/>\n<meta property=\"og:url\" content=\"https:\/\/dev.antudigital.cl\/sites\/vc\/gallery-weekend-crece-se-expande-y-se-descentraliza\/\" \/>\n<meta property=\"og:site_name\" content=\"Valpara\u00ed\u00adso Creativo\" \/>\n<meta property=\"article:published_time\" content=\"2023-08-21T23:54:14+00:00\" \/>\n<meta property=\"article:modified_time\" content=\"2023-08-21T23:54:20+00:00\" \/>\n<meta property=\"og:image\" content=\"https:\/\/dev.antudigital.cl\/sites\/vc\/wp-content\/uploads\/2023\/08\/galerias.jpeg\" \/>\n\t<meta property=\"og:image:width\" content=\"760\" \/>\n\t<meta property=\"og:image:height\" content=\"506\" \/>\n\t<meta property=\"og:image:type\" content=\"image\/jpeg\" \/>\n<meta name=\"author\" content=\"Valpara\u00edso Creativo\" \/>\n<meta name=\"twitter:card\" content=\"summary_large_image\" \/>\n<meta name=\"twitter:label1\" content=\"Escrito por\" \/>\n\t<meta name=\"twitter:data1\" content=\"Valpara\u00edso Creativo\" \/>\n\t<meta name=\"twitter:label2\" content=\"Tiempo de lectura\" \/>\n\t<meta name=\"twitter:data2\" content=\"6 minutos\" \/>\n<script type=\"application\/ld+json\" class=\"yoast-schema-graph\">{\"@context\":\"https:\/\/schema.org\",\"@graph\":[{\"@type\":\"Article\",\"@id\":\"https:\/\/dev.antudigital.cl\/sites\/vc\/gallery-weekend-crece-se-expande-y-se-descentraliza\/#article\",\"isPartOf\":{\"@id\":\"https:\/\/dev.antudigital.cl\/sites\/vc\/gallery-weekend-crece-se-expande-y-se-descentraliza\/\"},\"author\":{\"name\":\"Valpara\u00edso Creativo\",\"@id\":\"https:\/\/dev.antudigital.cl\/sites\/vc\/#\/schema\/person\/c2b9da8dd545e27166fc5ab232837318\"},\"headline\":\"Gallery Weekend crece, se expande y se descentraliza\",\"datePublished\":\"2023-08-21T23:54:14+00:00\",\"dateModified\":\"2023-08-21T23:54:20+00:00\",\"mainEntityOfPage\":{\"@id\":\"https:\/\/dev.antudigital.cl\/sites\/vc\/gallery-weekend-crece-se-expande-y-se-descentraliza\/\"},\"wordCount\":1201,\"image\":{\"@id\":\"https:\/\/dev.antudigital.cl\/sites\/vc\/gallery-weekend-crece-se-expande-y-se-descentraliza\/#primaryimage\"},\"thumbnailUrl\":\"https:\/\/dev.antudigital.cl\/sites\/vc\/wp-content\/uploads\/2023\/08\/galerias.jpeg\",\"articleSection\":[\"Uncategorized\"],\"inLanguage\":\"es\"},{\"@type\":\"WebPage\",\"@id\":\"https:\/\/dev.antudigital.cl\/sites\/vc\/gallery-weekend-crece-se-expande-y-se-descentraliza\/\",\"url\":\"https:\/\/dev.antudigital.cl\/sites\/vc\/gallery-weekend-crece-se-expande-y-se-descentraliza\/\",\"name\":\"Gallery Weekend crece, se expande y se descentraliza - Valpara\u00ed\u00adso Creativo\",\"isPartOf\":{\"@id\":\"https:\/\/dev.antudigital.cl\/sites\/vc\/#website\"},\"primaryImageOfPage\":{\"@id\":\"https:\/\/dev.antudigital.cl\/sites\/vc\/gallery-weekend-crece-se-expande-y-se-descentraliza\/#primaryimage\"},\"image\":{\"@id\":\"https:\/\/dev.antudigital.cl\/sites\/vc\/gallery-weekend-crece-se-expande-y-se-descentraliza\/#primaryimage\"},\"thumbnailUrl\":\"https:\/\/dev.antudigital.cl\/sites\/vc\/wp-content\/uploads\/2023\/08\/galerias.jpeg\",\"datePublished\":\"2023-08-21T23:54:14+00:00\",\"dateModified\":\"2023-08-21T23:54:20+00:00\",\"author\":{\"@id\":\"https:\/\/dev.antudigital.cl\/sites\/vc\/#\/schema\/person\/c2b9da8dd545e27166fc5ab232837318\"},\"breadcrumb\":{\"@id\":\"https:\/\/dev.antudigital.cl\/sites\/vc\/gallery-weekend-crece-se-expande-y-se-descentraliza\/#breadcrumb\"},\"inLanguage\":\"es\",\"potentialAction\":[{\"@type\":\"ReadAction\",\"target\":[\"https:\/\/dev.antudigital.cl\/sites\/vc\/gallery-weekend-crece-se-expande-y-se-descentraliza\/\"]}]},{\"@type\":\"ImageObject\",\"inLanguage\":\"es\",\"@id\":\"https:\/\/dev.antudigital.cl\/sites\/vc\/gallery-weekend-crece-se-expande-y-se-descentraliza\/#primaryimage\",\"url\":\"https:\/\/dev.antudigital.cl\/sites\/vc\/wp-content\/uploads\/2023\/08\/galerias.jpeg\",\"contentUrl\":\"https:\/\/dev.antudigital.cl\/sites\/vc\/wp-content\/uploads\/2023\/08\/galerias.jpeg\",\"width\":760,\"height\":506},{\"@type\":\"BreadcrumbList\",\"@id\":\"https:\/\/dev.antudigital.cl\/sites\/vc\/gallery-weekend-crece-se-expande-y-se-descentraliza\/#breadcrumb\",\"itemListElement\":[{\"@type\":\"ListItem\",\"position\":1,\"name\":\"Home\",\"item\":\"https:\/\/dev.antudigital.cl\/sites\/vc\/\"},{\"@type\":\"ListItem\",\"position\":2,\"name\":\"Gallery Weekend crece, se expande y se descentraliza\"}]},{\"@type\":\"WebSite\",\"@id\":\"https:\/\/dev.antudigital.cl\/sites\/vc\/#website\",\"url\":\"https:\/\/dev.antudigital.cl\/sites\/vc\/\",\"name\":\"Valpara\u00ed\u00adso Creativo\",\"description\":\"\",\"potentialAction\":[{\"@type\":\"SearchAction\",\"target\":{\"@type\":\"EntryPoint\",\"urlTemplate\":\"https:\/\/dev.antudigital.cl\/sites\/vc\/?s={search_term_string}\"},\"query-input\":{\"@type\":\"PropertyValueSpecification\",\"valueRequired\":true,\"valueName\":\"search_term_string\"}}],\"inLanguage\":\"es\"},{\"@type\":\"Person\",\"@id\":\"https:\/\/dev.antudigital.cl\/sites\/vc\/#\/schema\/person\/c2b9da8dd545e27166fc5ab232837318\",\"name\":\"Valpara\u00edso Creativo\",\"description\":\"Periodista de cultura en la Regi\u00f3n de Valpara\u00edso.\",\"url\":\"https:\/\/dev.antudigital.cl\/sites\/vc\/author\/valpoadmin\/\"}]}<\/script>\n<!-- \/ Yoast SEO plugin. -->","yoast_head_json":{"title":"Gallery Weekend crece, se expande y se descentraliza - Valpara\u00ed\u00adso Creativo","robots":{"index":"index","follow":"follow","max-snippet":"max-snippet:-1","max-image-preview":"max-image-preview:large","max-video-preview":"max-video-preview:-1"},"canonical":"https:\/\/dev.antudigital.cl\/sites\/vc\/gallery-weekend-crece-se-expande-y-se-descentraliza\/","og_locale":"es_ES","og_type":"article","og_title":"Gallery Weekend crece, se expande y se descentraliza - Valpara\u00ed\u00adso Creativo","og_description":"Ya consolidado como el gran evento anual de las galer\u00edas y espacios expositivos, hace un a\u00f1o Gallery Weekend comenz\u00f3 a marcar una presencia mensual con sus recorridos pop-up. Ahora este evento gratuito sale de la capital: entre el 28 y 30 de septiembre, simult\u00e1neamente con Santiago, Valpara\u00edso recibe a Gallery Weekend con un circuito de [&hellip;]","og_url":"https:\/\/dev.antudigital.cl\/sites\/vc\/gallery-weekend-crece-se-expande-y-se-descentraliza\/","og_site_name":"Valpara\u00ed\u00adso Creativo","article_published_time":"2023-08-21T23:54:14+00:00","article_modified_time":"2023-08-21T23:54:20+00:00","og_image":[{"width":760,"height":506,"url":"https:\/\/dev.antudigital.cl\/sites\/vc\/wp-content\/uploads\/2023\/08\/galerias.jpeg","type":"image\/jpeg"}],"author":"Valpara\u00edso Creativo","twitter_card":"summary_large_image","twitter_misc":{"Escrito por":"Valpara\u00edso Creativo","Tiempo de lectura":"6 minutos"},"schema":{"@context":"https:\/\/schema.org","@graph":[{"@type":"Article","@id":"https:\/\/dev.antudigital.cl\/sites\/vc\/gallery-weekend-crece-se-expande-y-se-descentraliza\/#article","isPartOf":{"@id":"https:\/\/dev.antudigital.cl\/sites\/vc\/gallery-weekend-crece-se-expande-y-se-descentraliza\/"},"author":{"name":"Valpara\u00edso Creativo","@id":"https:\/\/dev.antudigital.cl\/sites\/vc\/#\/schema\/person\/c2b9da8dd545e27166fc5ab232837318"},"headline":"Gallery Weekend crece, se expande y se descentraliza","datePublished":"2023-08-21T23:54:14+00:00","dateModified":"2023-08-21T23:54:20+00:00","mainEntityOfPage":{"@id":"https:\/\/dev.antudigital.cl\/sites\/vc\/gallery-weekend-crece-se-expande-y-se-descentraliza\/"},"wordCount":1201,"image":{"@id":"https:\/\/dev.antudigital.cl\/sites\/vc\/gallery-weekend-crece-se-expande-y-se-descentraliza\/#primaryimage"},"thumbnailUrl":"https:\/\/dev.antudigital.cl\/sites\/vc\/wp-content\/uploads\/2023\/08\/galerias.jpeg","articleSection":["Uncategorized"],"inLanguage":"es"},{"@type":"WebPage","@id":"https:\/\/dev.antudigital.cl\/sites\/vc\/gallery-weekend-crece-se-expande-y-se-descentraliza\/","url":"https:\/\/dev.antudigital.cl\/sites\/vc\/gallery-weekend-crece-se-expande-y-se-descentraliza\/","name":"Gallery Weekend crece, se expande y se descentraliza - Valpara\u00ed\u00adso Creativo","isPartOf":{"@id":"https:\/\/dev.antudigital.cl\/sites\/vc\/#website"},"primaryImageOfPage":{"@id":"https:\/\/dev.antudigital.cl\/sites\/vc\/gallery-weekend-crece-se-expande-y-se-descentraliza\/#primaryimage"},"image":{"@id":"https:\/\/dev.antudigital.cl\/sites\/vc\/gallery-weekend-crece-se-expande-y-se-descentraliza\/#primaryimage"},"thumbnailUrl":"https:\/\/dev.antudigital.cl\/sites\/vc\/wp-content\/uploads\/2023\/08\/galerias.jpeg","datePublished":"2023-08-21T23:54:14+00:00","dateModified":"2023-08-21T23:54:20+00:00","author":{"@id":"https:\/\/dev.antudigital.cl\/sites\/vc\/#\/schema\/person\/c2b9da8dd545e27166fc5ab232837318"},"breadcrumb":{"@id":"https:\/\/dev.antudigital.cl\/sites\/vc\/gallery-weekend-crece-se-expande-y-se-descentraliza\/#breadcrumb"},"inLanguage":"es","potentialAction":[{"@type":"ReadAction","target":["https:\/\/dev.antudigital.cl\/sites\/vc\/gallery-weekend-crece-se-expande-y-se-descentraliza\/"]}]},{"@type":"ImageObject","inLanguage":"es","@id":"https:\/\/dev.antudigital.cl\/sites\/vc\/gallery-weekend-crece-se-expande-y-se-descentraliza\/#primaryimage","url":"https:\/\/dev.antudigital.cl\/sites\/vc\/wp-content\/uploads\/2023\/08\/galerias.jpeg","contentUrl":"https:\/\/dev.antudigital.cl\/sites\/vc\/wp-content\/uploads\/2023\/08\/galerias.jpeg","width":760,"height":506},{"@type":"BreadcrumbList","@id":"https:\/\/dev.antudigital.cl\/sites\/vc\/gallery-weekend-crece-se-expande-y-se-descentraliza\/#breadcrumb","itemListElement":[{"@type":"ListItem","position":1,"name":"Home","item":"https:\/\/dev.antudigital.cl\/sites\/vc\/"},{"@type":"ListItem","position":2,"name":"Gallery Weekend crece, se expande y se descentraliza"}]},{"@type":"WebSite","@id":"https:\/\/dev.antudigital.cl\/sites\/vc\/#website","url":"https:\/\/dev.antudigital.cl\/sites\/vc\/","name":"Valpara\u00ed\u00adso Creativo","description":"","potentialAction":[{"@type":"SearchAction","target":{"@type":"EntryPoint","urlTemplate":"https:\/\/dev.antudigital.cl\/sites\/vc\/?s={search_term_string}"},"query-input":{"@type":"PropertyValueSpecification","valueRequired":true,"valueName":"search_term_string"}}],"inLanguage":"es"},{"@type":"Person","@id":"https:\/\/dev.antudigital.cl\/sites\/vc\/#\/schema\/person\/c2b9da8dd545e27166fc5ab232837318","name":"Valpara\u00edso Creativo","description":"Periodista de cultura en la Regi\u00f3n de Valpara\u00edso.","url":"https:\/\/dev.antudigital.cl\/sites\/vc\/author\/valpoadmin\/"}]}},"_links":{"self":[{"href":"https:\/\/dev.antudigital.cl\/sites\/vc\/wp-json\/wp\/v2\/posts\/16589","targetHints":{"allow":["GET"]}}],"collection":[{"href":"https:\/\/dev.antudigital.cl\/sites\/vc\/wp-json\/wp\/v2\/posts"}],"about":[{"href":"https:\/\/dev.antudigital.cl\/sites\/vc\/wp-json\/wp\/v2\/types\/post"}],"author":[{"embeddable":true,"href":"https:\/\/dev.antudigital.cl\/sites\/vc\/wp-json\/wp\/v2\/users\/1"}],"replies":[{"embeddable":true,"href":"https:\/\/dev.antudigital.cl\/sites\/vc\/wp-json\/wp\/v2\/comments?post=16589"}],"version-history":[{"count":1,"href":"https:\/\/dev.antudigital.cl\/sites\/vc\/wp-json\/wp\/v2\/posts\/16589\/revisions"}],"predecessor-version":[{"id":16593,"href":"https:\/\/dev.antudigital.cl\/sites\/vc\/wp-json\/wp\/v2\/posts\/16589\/revisions\/16593"}],"wp:featuredmedia":[{"embeddable":true,"href":"https:\/\/dev.antudigital.cl\/sites\/vc\/wp-json\/wp\/v2\/media\/16591"}],"wp:attachment":[{"href":"https:\/\/dev.antudigital.cl\/sites\/vc\/wp-json\/wp\/v2\/media?parent=16589"}],"wp:term":[{"taxonomy":"category","embeddable":true,"href":"https:\/\/dev.antudigital.cl\/sites\/vc\/wp-json\/wp\/v2\/categories?post=16589"},{"taxonomy":"post_tag","embeddable":true,"href":"https:\/\/dev.antudigital.cl\/sites\/vc\/wp-json\/wp\/v2\/tags?post=16589"}],"curies":[{"name":"wp","href":"https:\/\/api.w.org\/{rel}","templated":true}]}}