{"id":16599,"date":"2023-08-22T00:05:16","date_gmt":"2023-08-22T00:05:16","guid":{"rendered":"https:\/\/www.valparaisocreativo.cl\/?p=16599"},"modified":"2023-08-22T00:05:24","modified_gmt":"2023-08-22T00:05:24","slug":"convocatorias-abiertas-brigadas-fotograficas-fifv-2023","status":"publish","type":"post","link":"https:\/\/dev.antudigital.cl\/sites\/vc\/convocatorias-abiertas-brigadas-fotograficas-fifv-2023\/","title":{"rendered":"Convocatorias abiertas: Brigadas Fotogr\u00e1ficas FIFV 2023"},"content":{"rendered":"\n<p>Comenz\u00f3 la cuenta regresiva para el\u00a0<strong>Festival Internacional de Fotograf\u00eda de Valpara\u00edso 2023, con la convocatoria para postular a las Brigadas Fotogr\u00e1ficas<\/strong>, colectivos de fot\u00f3graf@s que recorren la ciudad produciendo im\u00e1genes, este a\u00f1o, bajo la interrogante\u00a0<strong>\u00bfCu\u00e1l es el borde de tu mirada?<\/strong><br>Las Brigadas realizan un trabajo en conjunto con otros colectivos durante todos los d\u00edas del festival que este a\u00f1o se realizar\u00e1\u00a0<strong>entre el 27 de octubre y el 4 de noviembre en el Parque Cultural de Valpara\u00edso<\/strong>. El proceso creativo es guiado por el fot\u00f3grafo chileno\u00a0<strong>Miguel \u00c1ngel Larrea y la artista visual argentina Guadalupe Arriegue.<\/strong><\/p>\n\n\n\n<p><strong>Las bases y toda la informaci\u00f3n de postulaci\u00f3n ya est\u00e1 disponible en&nbsp;<\/strong><a href=\"https:\/\/693ar.r.ag.d.sendibm3.com\/mk\/cl\/f\/sh\/SMK1E8tHeFuBopJOiA9j0M6mNSiJ\/G_bJDUKiTF7w\" target=\"_blank\" rel=\"noreferrer noopener\"><strong>www.fifv.cl\/2023<\/strong><\/a><\/p>\n\n\n\n<p><strong>El plazo para postular vence el 27 de agosto.<\/strong><\/p>\n\n\n\n<figure class=\"wp-block-image size-full\"><img fetchpriority=\"high\" decoding=\"async\" width=\"656\" height=\"660\" src=\"https:\/\/www.valparaisocreativo.cl\/wp-content\/uploads\/2023\/08\/Captura-de-Pantalla-2023-08-21-a-las-20.03.36.png\" alt=\"\" class=\"wp-image-16600\" srcset=\"https:\/\/dev.antudigital.cl\/sites\/vc\/wp-content\/uploads\/2023\/08\/Captura-de-Pantalla-2023-08-21-a-las-20.03.36.png 656w, https:\/\/dev.antudigital.cl\/sites\/vc\/wp-content\/uploads\/2023\/08\/Captura-de-Pantalla-2023-08-21-a-las-20.03.36-298x300.png 298w, https:\/\/dev.antudigital.cl\/sites\/vc\/wp-content\/uploads\/2023\/08\/Captura-de-Pantalla-2023-08-21-a-las-20.03.36-150x150.png 150w, https:\/\/dev.antudigital.cl\/sites\/vc\/wp-content\/uploads\/2023\/08\/Captura-de-Pantalla-2023-08-21-a-las-20.03.36-480x483.png 480w, https:\/\/dev.antudigital.cl\/sites\/vc\/wp-content\/uploads\/2023\/08\/Captura-de-Pantalla-2023-08-21-a-las-20.03.36-24x24.png 24w, https:\/\/dev.antudigital.cl\/sites\/vc\/wp-content\/uploads\/2023\/08\/Captura-de-Pantalla-2023-08-21-a-las-20.03.36-36x36.png 36w, https:\/\/dev.antudigital.cl\/sites\/vc\/wp-content\/uploads\/2023\/08\/Captura-de-Pantalla-2023-08-21-a-las-20.03.36-48x48.png 48w\" sizes=\"(max-width: 656px) 100vw, 656px\" \/><\/figure>\n","protected":false},"excerpt":{"rendered":"<p>Comenz\u00f3 la cuenta regresiva para el\u00a0Festival Internacional de Fotograf\u00eda de Valpara\u00edso 2023, con la convocatoria para postular a las Brigadas Fotogr\u00e1ficas, colectivos de fot\u00f3graf@s que recorren la ciudad produciendo im\u00e1genes, este a\u00f1o, bajo la interrogante\u00a0\u00bfCu\u00e1l es el borde de tu mirada?Las Brigadas realizan un trabajo en conjunto con otros colectivos durante todos los d\u00edas del [&hellip;]<\/p>\n","protected":false},"author":1,"featured_media":16601,"comment_status":"closed","ping_status":"closed","sticky":false,"template":"","format":"standard","meta":{"_acf_changed":false,"footnotes":""},"categories":[1],"tags":[],"class_list":["post-16599","post","type-post","status-publish","format-standard","has-post-thumbnail","hentry","category-uncategorized"],"acf":[],"yoast_head":"<!-- This site is optimized with the Yoast SEO plugin v27.1.1 - https:\/\/yoast.com\/product\/yoast-seo-wordpress\/ -->\n<title>Convocatorias abiertas: Brigadas Fotogr\u00e1ficas FIFV 2023 - Valpara\u00ed\u00adso Creativo<\/title>\n<meta name=\"robots\" content=\"index, follow, max-snippet:-1, max-image-preview:large, max-video-preview:-1\" \/>\n<link rel=\"canonical\" href=\"https:\/\/dev.antudigital.cl\/sites\/vc\/convocatorias-abiertas-brigadas-fotograficas-fifv-2023\/\" \/>\n<meta property=\"og:locale\" content=\"es_ES\" \/>\n<meta property=\"og:type\" content=\"article\" \/>\n<meta property=\"og:title\" content=\"Convocatorias abiertas: Brigadas Fotogr\u00e1ficas FIFV 2023 - Valpara\u00ed\u00adso Creativo\" \/>\n<meta property=\"og:description\" content=\"Comenz\u00f3 la cuenta regresiva para el\u00a0Festival Internacional de Fotograf\u00eda de Valpara\u00edso 2023, con la convocatoria para postular a las Brigadas Fotogr\u00e1ficas, colectivos de fot\u00f3graf@s que recorren la ciudad produciendo im\u00e1genes, este a\u00f1o, bajo la interrogante\u00a0\u00bfCu\u00e1l es el borde de tu mirada?Las Brigadas realizan un trabajo en conjunto con otros colectivos durante todos los d\u00edas del [&hellip;]\" \/>\n<meta property=\"og:url\" content=\"https:\/\/dev.antudigital.cl\/sites\/vc\/convocatorias-abiertas-brigadas-fotograficas-fifv-2023\/\" \/>\n<meta property=\"og:site_name\" content=\"Valpara\u00ed\u00adso Creativo\" \/>\n<meta property=\"article:published_time\" content=\"2023-08-22T00:05:16+00:00\" \/>\n<meta property=\"article:modified_time\" content=\"2023-08-22T00:05:24+00:00\" \/>\n<meta property=\"og:image\" content=\"https:\/\/dev.antudigital.cl\/sites\/vc\/wp-content\/uploads\/2023\/08\/Brigadas.jpeg\" \/>\n\t<meta property=\"og:image:width\" content=\"1536\" \/>\n\t<meta property=\"og:image:height\" content=\"1026\" \/>\n\t<meta property=\"og:image:type\" content=\"image\/jpeg\" \/>\n<meta name=\"author\" content=\"Valpara\u00edso Creativo\" \/>\n<meta name=\"twitter:card\" content=\"summary_large_image\" \/>\n<meta name=\"twitter:label1\" content=\"Escrito por\" \/>\n\t<meta name=\"twitter:data1\" content=\"Valpara\u00edso Creativo\" \/>\n\t<meta name=\"twitter:label2\" content=\"Tiempo de lectura\" \/>\n\t<meta name=\"twitter:data2\" content=\"1 minuto\" \/>\n<script type=\"application\/ld+json\" class=\"yoast-schema-graph\">{\"@context\":\"https:\/\/schema.org\",\"@graph\":[{\"@type\":\"Article\",\"@id\":\"https:\/\/dev.antudigital.cl\/sites\/vc\/convocatorias-abiertas-brigadas-fotograficas-fifv-2023\/#article\",\"isPartOf\":{\"@id\":\"https:\/\/dev.antudigital.cl\/sites\/vc\/convocatorias-abiertas-brigadas-fotograficas-fifv-2023\/\"},\"author\":{\"name\":\"Valpara\u00edso Creativo\",\"@id\":\"https:\/\/dev.antudigital.cl\/sites\/vc\/#\/schema\/person\/c2b9da8dd545e27166fc5ab232837318\"},\"headline\":\"Convocatorias abiertas: Brigadas Fotogr\u00e1ficas FIFV 2023\",\"datePublished\":\"2023-08-22T00:05:16+00:00\",\"dateModified\":\"2023-08-22T00:05:24+00:00\",\"mainEntityOfPage\":{\"@id\":\"https:\/\/dev.antudigital.cl\/sites\/vc\/convocatorias-abiertas-brigadas-fotograficas-fifv-2023\/\"},\"wordCount\":140,\"image\":{\"@id\":\"https:\/\/dev.antudigital.cl\/sites\/vc\/convocatorias-abiertas-brigadas-fotograficas-fifv-2023\/#primaryimage\"},\"thumbnailUrl\":\"https:\/\/dev.antudigital.cl\/sites\/vc\/wp-content\/uploads\/2023\/08\/Brigadas.jpeg\",\"articleSection\":[\"Uncategorized\"],\"inLanguage\":\"es\"},{\"@type\":\"WebPage\",\"@id\":\"https:\/\/dev.antudigital.cl\/sites\/vc\/convocatorias-abiertas-brigadas-fotograficas-fifv-2023\/\",\"url\":\"https:\/\/dev.antudigital.cl\/sites\/vc\/convocatorias-abiertas-brigadas-fotograficas-fifv-2023\/\",\"name\":\"Convocatorias abiertas: Brigadas Fotogr\u00e1ficas FIFV 2023 - Valpara\u00ed\u00adso Creativo\",\"isPartOf\":{\"@id\":\"https:\/\/dev.antudigital.cl\/sites\/vc\/#website\"},\"primaryImageOfPage\":{\"@id\":\"https:\/\/dev.antudigital.cl\/sites\/vc\/convocatorias-abiertas-brigadas-fotograficas-fifv-2023\/#primaryimage\"},\"image\":{\"@id\":\"https:\/\/dev.antudigital.cl\/sites\/vc\/convocatorias-abiertas-brigadas-fotograficas-fifv-2023\/#primaryimage\"},\"thumbnailUrl\":\"https:\/\/dev.antudigital.cl\/sites\/vc\/wp-content\/uploads\/2023\/08\/Brigadas.jpeg\",\"datePublished\":\"2023-08-22T00:05:16+00:00\",\"dateModified\":\"2023-08-22T00:05:24+00:00\",\"author\":{\"@id\":\"https:\/\/dev.antudigital.cl\/sites\/vc\/#\/schema\/person\/c2b9da8dd545e27166fc5ab232837318\"},\"breadcrumb\":{\"@id\":\"https:\/\/dev.antudigital.cl\/sites\/vc\/convocatorias-abiertas-brigadas-fotograficas-fifv-2023\/#breadcrumb\"},\"inLanguage\":\"es\",\"potentialAction\":[{\"@type\":\"ReadAction\",\"target\":[\"https:\/\/dev.antudigital.cl\/sites\/vc\/convocatorias-abiertas-brigadas-fotograficas-fifv-2023\/\"]}]},{\"@type\":\"ImageObject\",\"inLanguage\":\"es\",\"@id\":\"https:\/\/dev.antudigital.cl\/sites\/vc\/convocatorias-abiertas-brigadas-fotograficas-fifv-2023\/#primaryimage\",\"url\":\"https:\/\/dev.antudigital.cl\/sites\/vc\/wp-content\/uploads\/2023\/08\/Brigadas.jpeg\",\"contentUrl\":\"https:\/\/dev.antudigital.cl\/sites\/vc\/wp-content\/uploads\/2023\/08\/Brigadas.jpeg\",\"width\":1536,\"height\":1026},{\"@type\":\"BreadcrumbList\",\"@id\":\"https:\/\/dev.antudigital.cl\/sites\/vc\/convocatorias-abiertas-brigadas-fotograficas-fifv-2023\/#breadcrumb\",\"itemListElement\":[{\"@type\":\"ListItem\",\"position\":1,\"name\":\"Home\",\"item\":\"https:\/\/dev.antudigital.cl\/sites\/vc\/\"},{\"@type\":\"ListItem\",\"position\":2,\"name\":\"Convocatorias abiertas: Brigadas Fotogr\u00e1ficas FIFV 2023\"}]},{\"@type\":\"WebSite\",\"@id\":\"https:\/\/dev.antudigital.cl\/sites\/vc\/#website\",\"url\":\"https:\/\/dev.antudigital.cl\/sites\/vc\/\",\"name\":\"Valpara\u00ed\u00adso Creativo\",\"description\":\"\",\"potentialAction\":[{\"@type\":\"SearchAction\",\"target\":{\"@type\":\"EntryPoint\",\"urlTemplate\":\"https:\/\/dev.antudigital.cl\/sites\/vc\/?s={search_term_string}\"},\"query-input\":{\"@type\":\"PropertyValueSpecification\",\"valueRequired\":true,\"valueName\":\"search_term_string\"}}],\"inLanguage\":\"es\"},{\"@type\":\"Person\",\"@id\":\"https:\/\/dev.antudigital.cl\/sites\/vc\/#\/schema\/person\/c2b9da8dd545e27166fc5ab232837318\",\"name\":\"Valpara\u00edso Creativo\",\"description\":\"Periodista de cultura en la Regi\u00f3n de Valpara\u00edso.\",\"url\":\"https:\/\/dev.antudigital.cl\/sites\/vc\/author\/valpoadmin\/\"}]}<\/script>\n<!-- \/ Yoast SEO plugin. -->","yoast_head_json":{"title":"Convocatorias abiertas: Brigadas Fotogr\u00e1ficas FIFV 2023 - Valpara\u00ed\u00adso Creativo","robots":{"index":"index","follow":"follow","max-snippet":"max-snippet:-1","max-image-preview":"max-image-preview:large","max-video-preview":"max-video-preview:-1"},"canonical":"https:\/\/dev.antudigital.cl\/sites\/vc\/convocatorias-abiertas-brigadas-fotograficas-fifv-2023\/","og_locale":"es_ES","og_type":"article","og_title":"Convocatorias abiertas: Brigadas Fotogr\u00e1ficas FIFV 2023 - Valpara\u00ed\u00adso Creativo","og_description":"Comenz\u00f3 la cuenta regresiva para el\u00a0Festival Internacional de Fotograf\u00eda de Valpara\u00edso 2023, con la convocatoria para postular a las Brigadas Fotogr\u00e1ficas, colectivos de fot\u00f3graf@s que recorren la ciudad produciendo im\u00e1genes, este a\u00f1o, bajo la interrogante\u00a0\u00bfCu\u00e1l es el borde de tu mirada?Las Brigadas realizan un trabajo en conjunto con otros colectivos durante todos los d\u00edas del [&hellip;]","og_url":"https:\/\/dev.antudigital.cl\/sites\/vc\/convocatorias-abiertas-brigadas-fotograficas-fifv-2023\/","og_site_name":"Valpara\u00ed\u00adso Creativo","article_published_time":"2023-08-22T00:05:16+00:00","article_modified_time":"2023-08-22T00:05:24+00:00","og_image":[{"width":1536,"height":1026,"url":"https:\/\/dev.antudigital.cl\/sites\/vc\/wp-content\/uploads\/2023\/08\/Brigadas.jpeg","type":"image\/jpeg"}],"author":"Valpara\u00edso Creativo","twitter_card":"summary_large_image","twitter_misc":{"Escrito por":"Valpara\u00edso Creativo","Tiempo de lectura":"1 minuto"},"schema":{"@context":"https:\/\/schema.org","@graph":[{"@type":"Article","@id":"https:\/\/dev.antudigital.cl\/sites\/vc\/convocatorias-abiertas-brigadas-fotograficas-fifv-2023\/#article","isPartOf":{"@id":"https:\/\/dev.antudigital.cl\/sites\/vc\/convocatorias-abiertas-brigadas-fotograficas-fifv-2023\/"},"author":{"name":"Valpara\u00edso Creativo","@id":"https:\/\/dev.antudigital.cl\/sites\/vc\/#\/schema\/person\/c2b9da8dd545e27166fc5ab232837318"},"headline":"Convocatorias abiertas: Brigadas Fotogr\u00e1ficas FIFV 2023","datePublished":"2023-08-22T00:05:16+00:00","dateModified":"2023-08-22T00:05:24+00:00","mainEntityOfPage":{"@id":"https:\/\/dev.antudigital.cl\/sites\/vc\/convocatorias-abiertas-brigadas-fotograficas-fifv-2023\/"},"wordCount":140,"image":{"@id":"https:\/\/dev.antudigital.cl\/sites\/vc\/convocatorias-abiertas-brigadas-fotograficas-fifv-2023\/#primaryimage"},"thumbnailUrl":"https:\/\/dev.antudigital.cl\/sites\/vc\/wp-content\/uploads\/2023\/08\/Brigadas.jpeg","articleSection":["Uncategorized"],"inLanguage":"es"},{"@type":"WebPage","@id":"https:\/\/dev.antudigital.cl\/sites\/vc\/convocatorias-abiertas-brigadas-fotograficas-fifv-2023\/","url":"https:\/\/dev.antudigital.cl\/sites\/vc\/convocatorias-abiertas-brigadas-fotograficas-fifv-2023\/","name":"Convocatorias abiertas: Brigadas Fotogr\u00e1ficas FIFV 2023 - Valpara\u00ed\u00adso Creativo","isPartOf":{"@id":"https:\/\/dev.antudigital.cl\/sites\/vc\/#website"},"primaryImageOfPage":{"@id":"https:\/\/dev.antudigital.cl\/sites\/vc\/convocatorias-abiertas-brigadas-fotograficas-fifv-2023\/#primaryimage"},"image":{"@id":"https:\/\/dev.antudigital.cl\/sites\/vc\/convocatorias-abiertas-brigadas-fotograficas-fifv-2023\/#primaryimage"},"thumbnailUrl":"https:\/\/dev.antudigital.cl\/sites\/vc\/wp-content\/uploads\/2023\/08\/Brigadas.jpeg","datePublished":"2023-08-22T00:05:16+00:00","dateModified":"2023-08-22T00:05:24+00:00","author":{"@id":"https:\/\/dev.antudigital.cl\/sites\/vc\/#\/schema\/person\/c2b9da8dd545e27166fc5ab232837318"},"breadcrumb":{"@id":"https:\/\/dev.antudigital.cl\/sites\/vc\/convocatorias-abiertas-brigadas-fotograficas-fifv-2023\/#breadcrumb"},"inLanguage":"es","potentialAction":[{"@type":"ReadAction","target":["https:\/\/dev.antudigital.cl\/sites\/vc\/convocatorias-abiertas-brigadas-fotograficas-fifv-2023\/"]}]},{"@type":"ImageObject","inLanguage":"es","@id":"https:\/\/dev.antudigital.cl\/sites\/vc\/convocatorias-abiertas-brigadas-fotograficas-fifv-2023\/#primaryimage","url":"https:\/\/dev.antudigital.cl\/sites\/vc\/wp-content\/uploads\/2023\/08\/Brigadas.jpeg","contentUrl":"https:\/\/dev.antudigital.cl\/sites\/vc\/wp-content\/uploads\/2023\/08\/Brigadas.jpeg","width":1536,"height":1026},{"@type":"BreadcrumbList","@id":"https:\/\/dev.antudigital.cl\/sites\/vc\/convocatorias-abiertas-brigadas-fotograficas-fifv-2023\/#breadcrumb","itemListElement":[{"@type":"ListItem","position":1,"name":"Home","item":"https:\/\/dev.antudigital.cl\/sites\/vc\/"},{"@type":"ListItem","position":2,"name":"Convocatorias abiertas: Brigadas Fotogr\u00e1ficas FIFV 2023"}]},{"@type":"WebSite","@id":"https:\/\/dev.antudigital.cl\/sites\/vc\/#website","url":"https:\/\/dev.antudigital.cl\/sites\/vc\/","name":"Valpara\u00ed\u00adso Creativo","description":"","potentialAction":[{"@type":"SearchAction","target":{"@type":"EntryPoint","urlTemplate":"https:\/\/dev.antudigital.cl\/sites\/vc\/?s={search_term_string}"},"query-input":{"@type":"PropertyValueSpecification","valueRequired":true,"valueName":"search_term_string"}}],"inLanguage":"es"},{"@type":"Person","@id":"https:\/\/dev.antudigital.cl\/sites\/vc\/#\/schema\/person\/c2b9da8dd545e27166fc5ab232837318","name":"Valpara\u00edso Creativo","description":"Periodista de cultura en la Regi\u00f3n de Valpara\u00edso.","url":"https:\/\/dev.antudigital.cl\/sites\/vc\/author\/valpoadmin\/"}]}},"_links":{"self":[{"href":"https:\/\/dev.antudigital.cl\/sites\/vc\/wp-json\/wp\/v2\/posts\/16599","targetHints":{"allow":["GET"]}}],"collection":[{"href":"https:\/\/dev.antudigital.cl\/sites\/vc\/wp-json\/wp\/v2\/posts"}],"about":[{"href":"https:\/\/dev.antudigital.cl\/sites\/vc\/wp-json\/wp\/v2\/types\/post"}],"author":[{"embeddable":true,"href":"https:\/\/dev.antudigital.cl\/sites\/vc\/wp-json\/wp\/v2\/users\/1"}],"replies":[{"embeddable":true,"href":"https:\/\/dev.antudigital.cl\/sites\/vc\/wp-json\/wp\/v2\/comments?post=16599"}],"version-history":[{"count":1,"href":"https:\/\/dev.antudigital.cl\/sites\/vc\/wp-json\/wp\/v2\/posts\/16599\/revisions"}],"predecessor-version":[{"id":16602,"href":"https:\/\/dev.antudigital.cl\/sites\/vc\/wp-json\/wp\/v2\/posts\/16599\/revisions\/16602"}],"wp:featuredmedia":[{"embeddable":true,"href":"https:\/\/dev.antudigital.cl\/sites\/vc\/wp-json\/wp\/v2\/media\/16601"}],"wp:attachment":[{"href":"https:\/\/dev.antudigital.cl\/sites\/vc\/wp-json\/wp\/v2\/media?parent=16599"}],"wp:term":[{"taxonomy":"category","embeddable":true,"href":"https:\/\/dev.antudigital.cl\/sites\/vc\/wp-json\/wp\/v2\/categories?post=16599"},{"taxonomy":"post_tag","embeddable":true,"href":"https:\/\/dev.antudigital.cl\/sites\/vc\/wp-json\/wp\/v2\/tags?post=16599"}],"curies":[{"name":"wp","href":"https:\/\/api.w.org\/{rel}","templated":true}]}}