{"id":16606,"date":"2023-08-22T00:20:29","date_gmt":"2023-08-22T00:20:29","guid":{"rendered":"https:\/\/www.valparaisocreativo.cl\/?p=16606"},"modified":"2023-08-22T00:20:35","modified_gmt":"2023-08-22T00:20:35","slug":"convocatoria-corfo-gestion-de-innovacion-en-pymes","status":"publish","type":"post","link":"https:\/\/dev.antudigital.cl\/sites\/vc\/convocatoria-corfo-gestion-de-innovacion-en-pymes\/","title":{"rendered":"Convocatoria Corfo: Gesti\u00f3n de Innovaci\u00f3n en PYMES"},"content":{"rendered":"\n<p>Puedes postular hasta el 21 de septiembre.<\/p>\n\n\n\n<h1 class=\"wp-block-heading\">\u00bfQu\u00e9 es?<\/h1>\n\n\n\n<p>Buscamos fortalecer las capacidades de innovaci\u00f3n de las empresas, de preferencia Pymes, mediante el fomento de una cultura de innovaci\u00f3n al interior de \u00e9stas, que permitan promover la colaboraci\u00f3n, la incorporaci\u00f3n de pr\u00e1cticas y rutinas de innovaci\u00f3n de manera sistem\u00e1tica y actividades de gesti\u00f3n de portafolio de proyectos de innovaci\u00f3n de orden productivo y tecnol\u00f3gico.<\/p>\n\n\n\n<h2 class=\"wp-block-heading\">\u00bfQui\u00e9nes pueden postular?<\/h2>\n\n\n\n<p>Persona Jur\u00eddica constituida en Chile<\/p>\n\n\n\n<p>Personas naturales que, al momento de postular, tengan cumplidos 18 a\u00f1os de edad.<\/p>\n\n\n\n<p><a href=\"https:\/\/corfo.cl\/sites\/cpp\/convocatorias\/gestion_de_innovacion_en_pymes#legales\">Bases legales<\/a><\/p>\n\n\n\n<p>Al momento de la postulaci\u00f3n, en relaci\u00f3n con el beneficiario, se deber\u00e1 cumplir con los siguientes requisitos:<\/p>\n\n\n\n<ul class=\"wp-block-list\">\n<li>Haber transcurrido, a lo menos, 18 meses, contados desde la fecha de inicio de actividades en un giro empresarial de primera categor\u00eda, de conformidad con lo establecido en el art\u00edculo 20 de la Ley de Impuesto a la Renta (D.L. 824, de 1974), el cual debe encontrarse vigente; y<\/li>\n\n\n\n<li>Acreditar ingresos por ventas dentro de los 18 meses previos a la postulaci\u00f3n (no necesariamente en todos los meses).<\/li>\n<\/ul>\n\n\n\n<p><a href=\"https:\/\/corfo.cl\/sites\/cpp\/convocatorias\/gestion_de_innovacion_en_pymes\">Conoce todos los detalles aqu\u00ed.<\/a><\/p>\n\n\n\n<figure class=\"wp-block-image size-full\"><img fetchpriority=\"high\" decoding=\"async\" width=\"658\" height=\"660\" src=\"https:\/\/www.valparaisocreativo.cl\/wp-content\/uploads\/2023\/08\/Captura-de-Pantalla-2023-08-21-a-las-20.14.24.png\" alt=\"\" class=\"wp-image-16607\" srcset=\"https:\/\/dev.antudigital.cl\/sites\/vc\/wp-content\/uploads\/2023\/08\/Captura-de-Pantalla-2023-08-21-a-las-20.14.24.png 658w, https:\/\/dev.antudigital.cl\/sites\/vc\/wp-content\/uploads\/2023\/08\/Captura-de-Pantalla-2023-08-21-a-las-20.14.24-300x300.png 300w, https:\/\/dev.antudigital.cl\/sites\/vc\/wp-content\/uploads\/2023\/08\/Captura-de-Pantalla-2023-08-21-a-las-20.14.24-150x150.png 150w, https:\/\/dev.antudigital.cl\/sites\/vc\/wp-content\/uploads\/2023\/08\/Captura-de-Pantalla-2023-08-21-a-las-20.14.24-480x481.png 480w, https:\/\/dev.antudigital.cl\/sites\/vc\/wp-content\/uploads\/2023\/08\/Captura-de-Pantalla-2023-08-21-a-las-20.14.24-24x24.png 24w, https:\/\/dev.antudigital.cl\/sites\/vc\/wp-content\/uploads\/2023\/08\/Captura-de-Pantalla-2023-08-21-a-las-20.14.24-36x36.png 36w, https:\/\/dev.antudigital.cl\/sites\/vc\/wp-content\/uploads\/2023\/08\/Captura-de-Pantalla-2023-08-21-a-las-20.14.24-48x48.png 48w\" sizes=\"(max-width: 658px) 100vw, 658px\" \/><\/figure>\n","protected":false},"excerpt":{"rendered":"<p>Puedes postular hasta el 21 de septiembre. \u00bfQu\u00e9 es? Buscamos fortalecer las capacidades de innovaci\u00f3n de las empresas, de preferencia Pymes, mediante el fomento de una cultura de innovaci\u00f3n al interior de \u00e9stas, que permitan promover la colaboraci\u00f3n, la incorporaci\u00f3n de pr\u00e1cticas y rutinas de innovaci\u00f3n de manera sistem\u00e1tica y actividades de gesti\u00f3n de portafolio [&hellip;]<\/p>\n","protected":false},"author":1,"featured_media":9938,"comment_status":"closed","ping_status":"closed","sticky":false,"template":"","format":"standard","meta":{"_acf_changed":false,"footnotes":""},"categories":[1],"tags":[],"class_list":["post-16606","post","type-post","status-publish","format-standard","has-post-thumbnail","hentry","category-uncategorized"],"acf":[],"yoast_head":"<!-- This site is optimized with the Yoast SEO plugin v27.1.1 - https:\/\/yoast.com\/product\/yoast-seo-wordpress\/ -->\n<title>Convocatoria Corfo: Gesti\u00f3n de Innovaci\u00f3n en PYMES - Valpara\u00ed\u00adso Creativo<\/title>\n<meta name=\"robots\" content=\"index, follow, max-snippet:-1, max-image-preview:large, max-video-preview:-1\" \/>\n<link rel=\"canonical\" href=\"https:\/\/dev.antudigital.cl\/sites\/vc\/convocatoria-corfo-gestion-de-innovacion-en-pymes\/\" \/>\n<meta property=\"og:locale\" content=\"es_ES\" \/>\n<meta property=\"og:type\" content=\"article\" \/>\n<meta property=\"og:title\" content=\"Convocatoria Corfo: Gesti\u00f3n de Innovaci\u00f3n en PYMES - Valpara\u00ed\u00adso Creativo\" \/>\n<meta property=\"og:description\" content=\"Puedes postular hasta el 21 de septiembre. \u00bfQu\u00e9 es? Buscamos fortalecer las capacidades de innovaci\u00f3n de las empresas, de preferencia Pymes, mediante el fomento de una cultura de innovaci\u00f3n al interior de \u00e9stas, que permitan promover la colaboraci\u00f3n, la incorporaci\u00f3n de pr\u00e1cticas y rutinas de innovaci\u00f3n de manera sistem\u00e1tica y actividades de gesti\u00f3n de portafolio [&hellip;]\" \/>\n<meta property=\"og:url\" content=\"https:\/\/dev.antudigital.cl\/sites\/vc\/convocatoria-corfo-gestion-de-innovacion-en-pymes\/\" \/>\n<meta property=\"og:site_name\" content=\"Valpara\u00ed\u00adso Creativo\" \/>\n<meta property=\"article:published_time\" content=\"2023-08-22T00:20:29+00:00\" \/>\n<meta property=\"article:modified_time\" content=\"2023-08-22T00:20:35+00:00\" \/>\n<meta property=\"og:image\" content=\"https:\/\/dev.antudigital.cl\/sites\/vc\/wp-content\/uploads\/2022\/03\/corfo2.jpg\" \/>\n\t<meta property=\"og:image:width\" content=\"1500\" \/>\n\t<meta property=\"og:image:height\" content=\"500\" \/>\n\t<meta property=\"og:image:type\" content=\"image\/jpeg\" \/>\n<meta name=\"author\" content=\"Valpara\u00edso Creativo\" \/>\n<meta name=\"twitter:card\" content=\"summary_large_image\" \/>\n<meta name=\"twitter:label1\" content=\"Escrito por\" \/>\n\t<meta name=\"twitter:data1\" content=\"Valpara\u00edso Creativo\" \/>\n\t<meta name=\"twitter:label2\" content=\"Tiempo de lectura\" \/>\n\t<meta name=\"twitter:data2\" content=\"2 minutos\" \/>\n<script type=\"application\/ld+json\" class=\"yoast-schema-graph\">{\"@context\":\"https:\/\/schema.org\",\"@graph\":[{\"@type\":\"Article\",\"@id\":\"https:\/\/dev.antudigital.cl\/sites\/vc\/convocatoria-corfo-gestion-de-innovacion-en-pymes\/#article\",\"isPartOf\":{\"@id\":\"https:\/\/dev.antudigital.cl\/sites\/vc\/convocatoria-corfo-gestion-de-innovacion-en-pymes\/\"},\"author\":{\"name\":\"Valpara\u00edso Creativo\",\"@id\":\"https:\/\/dev.antudigital.cl\/sites\/vc\/#\/schema\/person\/c2b9da8dd545e27166fc5ab232837318\"},\"headline\":\"Convocatoria Corfo: Gesti\u00f3n de Innovaci\u00f3n en PYMES\",\"datePublished\":\"2023-08-22T00:20:29+00:00\",\"dateModified\":\"2023-08-22T00:20:35+00:00\",\"mainEntityOfPage\":{\"@id\":\"https:\/\/dev.antudigital.cl\/sites\/vc\/convocatoria-corfo-gestion-de-innovacion-en-pymes\/\"},\"wordCount\":198,\"image\":{\"@id\":\"https:\/\/dev.antudigital.cl\/sites\/vc\/convocatoria-corfo-gestion-de-innovacion-en-pymes\/#primaryimage\"},\"thumbnailUrl\":\"https:\/\/dev.antudigital.cl\/sites\/vc\/wp-content\/uploads\/2022\/03\/corfo2.jpg\",\"articleSection\":[\"Uncategorized\"],\"inLanguage\":\"es\"},{\"@type\":\"WebPage\",\"@id\":\"https:\/\/dev.antudigital.cl\/sites\/vc\/convocatoria-corfo-gestion-de-innovacion-en-pymes\/\",\"url\":\"https:\/\/dev.antudigital.cl\/sites\/vc\/convocatoria-corfo-gestion-de-innovacion-en-pymes\/\",\"name\":\"Convocatoria Corfo: Gesti\u00f3n de Innovaci\u00f3n en PYMES - Valpara\u00ed\u00adso Creativo\",\"isPartOf\":{\"@id\":\"https:\/\/dev.antudigital.cl\/sites\/vc\/#website\"},\"primaryImageOfPage\":{\"@id\":\"https:\/\/dev.antudigital.cl\/sites\/vc\/convocatoria-corfo-gestion-de-innovacion-en-pymes\/#primaryimage\"},\"image\":{\"@id\":\"https:\/\/dev.antudigital.cl\/sites\/vc\/convocatoria-corfo-gestion-de-innovacion-en-pymes\/#primaryimage\"},\"thumbnailUrl\":\"https:\/\/dev.antudigital.cl\/sites\/vc\/wp-content\/uploads\/2022\/03\/corfo2.jpg\",\"datePublished\":\"2023-08-22T00:20:29+00:00\",\"dateModified\":\"2023-08-22T00:20:35+00:00\",\"author\":{\"@id\":\"https:\/\/dev.antudigital.cl\/sites\/vc\/#\/schema\/person\/c2b9da8dd545e27166fc5ab232837318\"},\"breadcrumb\":{\"@id\":\"https:\/\/dev.antudigital.cl\/sites\/vc\/convocatoria-corfo-gestion-de-innovacion-en-pymes\/#breadcrumb\"},\"inLanguage\":\"es\",\"potentialAction\":[{\"@type\":\"ReadAction\",\"target\":[\"https:\/\/dev.antudigital.cl\/sites\/vc\/convocatoria-corfo-gestion-de-innovacion-en-pymes\/\"]}]},{\"@type\":\"ImageObject\",\"inLanguage\":\"es\",\"@id\":\"https:\/\/dev.antudigital.cl\/sites\/vc\/convocatoria-corfo-gestion-de-innovacion-en-pymes\/#primaryimage\",\"url\":\"https:\/\/dev.antudigital.cl\/sites\/vc\/wp-content\/uploads\/2022\/03\/corfo2.jpg\",\"contentUrl\":\"https:\/\/dev.antudigital.cl\/sites\/vc\/wp-content\/uploads\/2022\/03\/corfo2.jpg\",\"width\":1500,\"height\":500},{\"@type\":\"BreadcrumbList\",\"@id\":\"https:\/\/dev.antudigital.cl\/sites\/vc\/convocatoria-corfo-gestion-de-innovacion-en-pymes\/#breadcrumb\",\"itemListElement\":[{\"@type\":\"ListItem\",\"position\":1,\"name\":\"Home\",\"item\":\"https:\/\/dev.antudigital.cl\/sites\/vc\/\"},{\"@type\":\"ListItem\",\"position\":2,\"name\":\"Convocatoria Corfo: Gesti\u00f3n de Innovaci\u00f3n en PYMES\"}]},{\"@type\":\"WebSite\",\"@id\":\"https:\/\/dev.antudigital.cl\/sites\/vc\/#website\",\"url\":\"https:\/\/dev.antudigital.cl\/sites\/vc\/\",\"name\":\"Valpara\u00ed\u00adso Creativo\",\"description\":\"\",\"potentialAction\":[{\"@type\":\"SearchAction\",\"target\":{\"@type\":\"EntryPoint\",\"urlTemplate\":\"https:\/\/dev.antudigital.cl\/sites\/vc\/?s={search_term_string}\"},\"query-input\":{\"@type\":\"PropertyValueSpecification\",\"valueRequired\":true,\"valueName\":\"search_term_string\"}}],\"inLanguage\":\"es\"},{\"@type\":\"Person\",\"@id\":\"https:\/\/dev.antudigital.cl\/sites\/vc\/#\/schema\/person\/c2b9da8dd545e27166fc5ab232837318\",\"name\":\"Valpara\u00edso Creativo\",\"description\":\"Periodista de cultura en la Regi\u00f3n de Valpara\u00edso.\",\"url\":\"https:\/\/dev.antudigital.cl\/sites\/vc\/author\/valpoadmin\/\"}]}<\/script>\n<!-- \/ Yoast SEO plugin. -->","yoast_head_json":{"title":"Convocatoria Corfo: Gesti\u00f3n de Innovaci\u00f3n en PYMES - Valpara\u00ed\u00adso Creativo","robots":{"index":"index","follow":"follow","max-snippet":"max-snippet:-1","max-image-preview":"max-image-preview:large","max-video-preview":"max-video-preview:-1"},"canonical":"https:\/\/dev.antudigital.cl\/sites\/vc\/convocatoria-corfo-gestion-de-innovacion-en-pymes\/","og_locale":"es_ES","og_type":"article","og_title":"Convocatoria Corfo: Gesti\u00f3n de Innovaci\u00f3n en PYMES - Valpara\u00ed\u00adso Creativo","og_description":"Puedes postular hasta el 21 de septiembre. \u00bfQu\u00e9 es? Buscamos fortalecer las capacidades de innovaci\u00f3n de las empresas, de preferencia Pymes, mediante el fomento de una cultura de innovaci\u00f3n al interior de \u00e9stas, que permitan promover la colaboraci\u00f3n, la incorporaci\u00f3n de pr\u00e1cticas y rutinas de innovaci\u00f3n de manera sistem\u00e1tica y actividades de gesti\u00f3n de portafolio [&hellip;]","og_url":"https:\/\/dev.antudigital.cl\/sites\/vc\/convocatoria-corfo-gestion-de-innovacion-en-pymes\/","og_site_name":"Valpara\u00ed\u00adso Creativo","article_published_time":"2023-08-22T00:20:29+00:00","article_modified_time":"2023-08-22T00:20:35+00:00","og_image":[{"width":1500,"height":500,"url":"https:\/\/dev.antudigital.cl\/sites\/vc\/wp-content\/uploads\/2022\/03\/corfo2.jpg","type":"image\/jpeg"}],"author":"Valpara\u00edso Creativo","twitter_card":"summary_large_image","twitter_misc":{"Escrito por":"Valpara\u00edso Creativo","Tiempo de lectura":"2 minutos"},"schema":{"@context":"https:\/\/schema.org","@graph":[{"@type":"Article","@id":"https:\/\/dev.antudigital.cl\/sites\/vc\/convocatoria-corfo-gestion-de-innovacion-en-pymes\/#article","isPartOf":{"@id":"https:\/\/dev.antudigital.cl\/sites\/vc\/convocatoria-corfo-gestion-de-innovacion-en-pymes\/"},"author":{"name":"Valpara\u00edso Creativo","@id":"https:\/\/dev.antudigital.cl\/sites\/vc\/#\/schema\/person\/c2b9da8dd545e27166fc5ab232837318"},"headline":"Convocatoria Corfo: Gesti\u00f3n de Innovaci\u00f3n en PYMES","datePublished":"2023-08-22T00:20:29+00:00","dateModified":"2023-08-22T00:20:35+00:00","mainEntityOfPage":{"@id":"https:\/\/dev.antudigital.cl\/sites\/vc\/convocatoria-corfo-gestion-de-innovacion-en-pymes\/"},"wordCount":198,"image":{"@id":"https:\/\/dev.antudigital.cl\/sites\/vc\/convocatoria-corfo-gestion-de-innovacion-en-pymes\/#primaryimage"},"thumbnailUrl":"https:\/\/dev.antudigital.cl\/sites\/vc\/wp-content\/uploads\/2022\/03\/corfo2.jpg","articleSection":["Uncategorized"],"inLanguage":"es"},{"@type":"WebPage","@id":"https:\/\/dev.antudigital.cl\/sites\/vc\/convocatoria-corfo-gestion-de-innovacion-en-pymes\/","url":"https:\/\/dev.antudigital.cl\/sites\/vc\/convocatoria-corfo-gestion-de-innovacion-en-pymes\/","name":"Convocatoria Corfo: Gesti\u00f3n de Innovaci\u00f3n en PYMES - Valpara\u00ed\u00adso Creativo","isPartOf":{"@id":"https:\/\/dev.antudigital.cl\/sites\/vc\/#website"},"primaryImageOfPage":{"@id":"https:\/\/dev.antudigital.cl\/sites\/vc\/convocatoria-corfo-gestion-de-innovacion-en-pymes\/#primaryimage"},"image":{"@id":"https:\/\/dev.antudigital.cl\/sites\/vc\/convocatoria-corfo-gestion-de-innovacion-en-pymes\/#primaryimage"},"thumbnailUrl":"https:\/\/dev.antudigital.cl\/sites\/vc\/wp-content\/uploads\/2022\/03\/corfo2.jpg","datePublished":"2023-08-22T00:20:29+00:00","dateModified":"2023-08-22T00:20:35+00:00","author":{"@id":"https:\/\/dev.antudigital.cl\/sites\/vc\/#\/schema\/person\/c2b9da8dd545e27166fc5ab232837318"},"breadcrumb":{"@id":"https:\/\/dev.antudigital.cl\/sites\/vc\/convocatoria-corfo-gestion-de-innovacion-en-pymes\/#breadcrumb"},"inLanguage":"es","potentialAction":[{"@type":"ReadAction","target":["https:\/\/dev.antudigital.cl\/sites\/vc\/convocatoria-corfo-gestion-de-innovacion-en-pymes\/"]}]},{"@type":"ImageObject","inLanguage":"es","@id":"https:\/\/dev.antudigital.cl\/sites\/vc\/convocatoria-corfo-gestion-de-innovacion-en-pymes\/#primaryimage","url":"https:\/\/dev.antudigital.cl\/sites\/vc\/wp-content\/uploads\/2022\/03\/corfo2.jpg","contentUrl":"https:\/\/dev.antudigital.cl\/sites\/vc\/wp-content\/uploads\/2022\/03\/corfo2.jpg","width":1500,"height":500},{"@type":"BreadcrumbList","@id":"https:\/\/dev.antudigital.cl\/sites\/vc\/convocatoria-corfo-gestion-de-innovacion-en-pymes\/#breadcrumb","itemListElement":[{"@type":"ListItem","position":1,"name":"Home","item":"https:\/\/dev.antudigital.cl\/sites\/vc\/"},{"@type":"ListItem","position":2,"name":"Convocatoria Corfo: Gesti\u00f3n de Innovaci\u00f3n en PYMES"}]},{"@type":"WebSite","@id":"https:\/\/dev.antudigital.cl\/sites\/vc\/#website","url":"https:\/\/dev.antudigital.cl\/sites\/vc\/","name":"Valpara\u00ed\u00adso Creativo","description":"","potentialAction":[{"@type":"SearchAction","target":{"@type":"EntryPoint","urlTemplate":"https:\/\/dev.antudigital.cl\/sites\/vc\/?s={search_term_string}"},"query-input":{"@type":"PropertyValueSpecification","valueRequired":true,"valueName":"search_term_string"}}],"inLanguage":"es"},{"@type":"Person","@id":"https:\/\/dev.antudigital.cl\/sites\/vc\/#\/schema\/person\/c2b9da8dd545e27166fc5ab232837318","name":"Valpara\u00edso Creativo","description":"Periodista de cultura en la Regi\u00f3n de Valpara\u00edso.","url":"https:\/\/dev.antudigital.cl\/sites\/vc\/author\/valpoadmin\/"}]}},"_links":{"self":[{"href":"https:\/\/dev.antudigital.cl\/sites\/vc\/wp-json\/wp\/v2\/posts\/16606","targetHints":{"allow":["GET"]}}],"collection":[{"href":"https:\/\/dev.antudigital.cl\/sites\/vc\/wp-json\/wp\/v2\/posts"}],"about":[{"href":"https:\/\/dev.antudigital.cl\/sites\/vc\/wp-json\/wp\/v2\/types\/post"}],"author":[{"embeddable":true,"href":"https:\/\/dev.antudigital.cl\/sites\/vc\/wp-json\/wp\/v2\/users\/1"}],"replies":[{"embeddable":true,"href":"https:\/\/dev.antudigital.cl\/sites\/vc\/wp-json\/wp\/v2\/comments?post=16606"}],"version-history":[{"count":1,"href":"https:\/\/dev.antudigital.cl\/sites\/vc\/wp-json\/wp\/v2\/posts\/16606\/revisions"}],"predecessor-version":[{"id":16608,"href":"https:\/\/dev.antudigital.cl\/sites\/vc\/wp-json\/wp\/v2\/posts\/16606\/revisions\/16608"}],"wp:featuredmedia":[{"embeddable":true,"href":"https:\/\/dev.antudigital.cl\/sites\/vc\/wp-json\/wp\/v2\/media\/9938"}],"wp:attachment":[{"href":"https:\/\/dev.antudigital.cl\/sites\/vc\/wp-json\/wp\/v2\/media?parent=16606"}],"wp:term":[{"taxonomy":"category","embeddable":true,"href":"https:\/\/dev.antudigital.cl\/sites\/vc\/wp-json\/wp\/v2\/categories?post=16606"},{"taxonomy":"post_tag","embeddable":true,"href":"https:\/\/dev.antudigital.cl\/sites\/vc\/wp-json\/wp\/v2\/tags?post=16606"}],"curies":[{"name":"wp","href":"https:\/\/api.w.org\/{rel}","templated":true}]}}