{"id":16609,"date":"2023-08-22T02:52:47","date_gmt":"2023-08-22T02:52:47","guid":{"rendered":"https:\/\/www.valparaisocreativo.cl\/?p=16609"},"modified":"2023-08-22T02:52:53","modified_gmt":"2023-08-22T02:52:53","slug":"la-lucha-por-comprender-el-reportaje-que-lleva-a-una-chilena-a-los-emmys","status":"publish","type":"post","link":"https:\/\/dev.antudigital.cl\/sites\/vc\/la-lucha-por-comprender-el-reportaje-que-lleva-a-una-chilena-a-los-emmys\/","title":{"rendered":"\u00abLa lucha por comprender\u00bb: el reportaje que lleva a una chilena a los Emmys"},"content":{"rendered":"\n<p><em>Por: Valentinne Rudolphy<\/em><\/p>\n\n\n\n<p>\u201cThe struggle to understand\u201d (la lucha por comprender) es el documental que produjo la periodista chilena Caterina Barbera, quien hace seis a\u00f1os se fue a Estados Unidos a estudiar y luego trabajar. Hoy el resultado, emitido por ABC News donde ella es parte, est\u00e1 nominado a los Premios Emmy a Noticias y Documentales, en la categor\u00eda \u201cMejor Especial (Reportaje) de Televisi\u00f3n\u201d.<\/p>\n\n\n\n<p>Se trata de un reportaje de 27 minutos que retrata la vida actual de la comunidad de Uvalde, en Estados Unidos, posterior a un tiroteo escolar que termin\u00f3 con la vida de 21 personas. Un trabajo realizado por un equipo de siete personas y que compite con canales como NBC, Vice y CBS.<\/p>\n\n\n\n<p>Caterina es de la Regi\u00f3n de Valpara\u00edso y estudi\u00f3 periodismo en la Pontificia Universidad Cat\u00f3lica de Valpara\u00edso, por lo que tomamos contacto con ella desde Nueva York para conocer m\u00e1s detalles de su carrera y nominaci\u00f3n.<\/p>\n\n\n\n<figure class=\"wp-block-image size-full\"><img fetchpriority=\"high\" decoding=\"async\" width=\"952\" height=\"536\" src=\"https:\/\/www.valparaisocreativo.cl\/wp-content\/uploads\/2023\/08\/DOCU.jpeg\" alt=\"\" class=\"wp-image-16611\" srcset=\"https:\/\/dev.antudigital.cl\/sites\/vc\/wp-content\/uploads\/2023\/08\/DOCU.jpeg 952w, https:\/\/dev.antudigital.cl\/sites\/vc\/wp-content\/uploads\/2023\/08\/DOCU-300x169.jpeg 300w, https:\/\/dev.antudigital.cl\/sites\/vc\/wp-content\/uploads\/2023\/08\/DOCU-768x432.jpeg 768w, https:\/\/dev.antudigital.cl\/sites\/vc\/wp-content\/uploads\/2023\/08\/DOCU-480x270.jpeg 480w, https:\/\/dev.antudigital.cl\/sites\/vc\/wp-content\/uploads\/2023\/08\/DOCU-24x14.jpeg 24w, https:\/\/dev.antudigital.cl\/sites\/vc\/wp-content\/uploads\/2023\/08\/DOCU-36x20.jpeg 36w, https:\/\/dev.antudigital.cl\/sites\/vc\/wp-content\/uploads\/2023\/08\/DOCU-48x27.jpeg 48w\" sizes=\"(max-width: 952px) 100vw, 952px\" \/><\/figure>\n\n\n\n<p><strong>Cu\u00e9ntanos un poco de ti y de qu\u00e9 est\u00e1s haciendo actualmente<\/strong><\/p>\n\n\n\n<p>-Soy parte del noticiario del canal ABC, donde estoy desde mayo del 2022. Hace 6 a\u00f1os me vine a estudiar un M\u00e1ster de Periodismo con especializaci\u00f3n en documentales, lo que me interes\u00f3 mucho porque era algo que quer\u00eda aprender. Acced\u00ed a unas becas y me vine primero a eso, y estuve trabajando en la universidad, y trabaj\u00e9 documentales. Luego me pill\u00f3 la pandemia, donde tuve que volver a Chile por la beca mientras trabajaba en l\u00ednea. Me involucr\u00e9 en otros proyectos y as\u00ed hasta ahora, que volv\u00ed hace un tiempo y entr\u00e9 a ABC.<\/p>\n\n\n\n<p><strong>\u00bfCu\u00e1l es tu relaci\u00f3n con la televisi\u00f3n?<\/strong><\/p>\n\n\n\n<p>-Siempre he estado vinculada a la tele. Antes quer\u00eda estudiar teatro, me gustaba el cine\u2026 era algo que por miedo no lo estudi\u00e9, a la vez me gustaba mucho escribir y la no ficci\u00f3n, por lo que pens\u00e9 que el periodismo era un camino que me permit\u00eda explorar lo que me gustaba. Siempre en la Escuela intent\u00e9 involucrarme en lo audiovisual. Y cuando iba en tercer a\u00f1o postul\u00e9 a Mega, donde estuve trabajando varios a\u00f1os incluso despu\u00e9s de graduada. No es que me gustara la tele espec\u00edficamente, o sea salir yo en pantalla, por lo que intentaba enfocarme en el reportaje para ir m\u00e1s en profundidad en los temas, donde pude explorar harto en cuanto a investigaci\u00f3n, siento que ah\u00ed comenc\u00e9 a pensar m\u00e1s visualmente y me enamor\u00e9 del documental. Despu\u00e9s de eso me vine a Columbia, donde todo se une. Creo que todo el training del documental te da buen training como productor.<\/p>\n\n\n\n<figure class=\"wp-block-image size-large\"><img decoding=\"async\" width=\"1024\" height=\"450\" src=\"https:\/\/www.valparaisocreativo.cl\/wp-content\/uploads\/2023\/08\/Captura-de-Pantalla-2023-08-21-a-las-22.44.07-1024x450.png\" alt=\"\" class=\"wp-image-16614\" srcset=\"https:\/\/dev.antudigital.cl\/sites\/vc\/wp-content\/uploads\/2023\/08\/Captura-de-Pantalla-2023-08-21-a-las-22.44.07-1024x450.png 1024w, https:\/\/dev.antudigital.cl\/sites\/vc\/wp-content\/uploads\/2023\/08\/Captura-de-Pantalla-2023-08-21-a-las-22.44.07-300x132.png 300w, https:\/\/dev.antudigital.cl\/sites\/vc\/wp-content\/uploads\/2023\/08\/Captura-de-Pantalla-2023-08-21-a-las-22.44.07-768x338.png 768w, https:\/\/dev.antudigital.cl\/sites\/vc\/wp-content\/uploads\/2023\/08\/Captura-de-Pantalla-2023-08-21-a-las-22.44.07-1080x475.png 1080w, https:\/\/dev.antudigital.cl\/sites\/vc\/wp-content\/uploads\/2023\/08\/Captura-de-Pantalla-2023-08-21-a-las-22.44.07-1280x563.png 1280w, https:\/\/dev.antudigital.cl\/sites\/vc\/wp-content\/uploads\/2023\/08\/Captura-de-Pantalla-2023-08-21-a-las-22.44.07-980x431.png 980w, https:\/\/dev.antudigital.cl\/sites\/vc\/wp-content\/uploads\/2023\/08\/Captura-de-Pantalla-2023-08-21-a-las-22.44.07-480x211.png 480w, https:\/\/dev.antudigital.cl\/sites\/vc\/wp-content\/uploads\/2023\/08\/Captura-de-Pantalla-2023-08-21-a-las-22.44.07-24x11.png 24w, https:\/\/dev.antudigital.cl\/sites\/vc\/wp-content\/uploads\/2023\/08\/Captura-de-Pantalla-2023-08-21-a-las-22.44.07-36x16.png 36w, https:\/\/dev.antudigital.cl\/sites\/vc\/wp-content\/uploads\/2023\/08\/Captura-de-Pantalla-2023-08-21-a-las-22.44.07-48x21.png 48w, https:\/\/dev.antudigital.cl\/sites\/vc\/wp-content\/uploads\/2023\/08\/Captura-de-Pantalla-2023-08-21-a-las-22.44.07.png 1440w\" sizes=\"(max-width: 1024px) 100vw, 1024px\" \/><\/figure>\n\n\n\n<p><strong>\u00bfC\u00f3mo se logra plasmar tu mirada en tu trabajo period\u00edstico? \u00bfC\u00f3mo incorporas estos elementos que fuiste desarrollando?<\/strong><\/p>\n\n\n\n<p>-Creo que mi mayor cr\u00edtica en los documentales, que hoy se hacen mucho, es que no siempre el centro est\u00e1 en el entrevistado, se cruzan hartas barreras seg\u00fan mi formaci\u00f3n period\u00edstica, como cuando se interviene mucho en la producci\u00f3n. El documental tiene una tradici\u00f3n period\u00edstica y hay que mantenerse en sus m\u00e1rgenes \u00e9ticos. Con respecto a eso, pienso que mi mirada y mi manera de contar las cosas va desde la humanidad. Intento contra una historia desde el acercar a las personas a una realidad a la que no tienen acceso. Por ejemplo, en el documental nominado, <em>The struggle to understand<\/em>, era un tema peliagudo ya que tocaba las armas en un estado como Texas, por lo que quise mostrar el da\u00f1o detr\u00e1s de esa realidad para que se logre empatizar. Creo que ese es mi sello: tratar de permitir a la audiencia cuestionarte cosas, plantear tem\u00e1ticas y generar un cambio desde la verdad, poniendo el amor y la intimidad por delante.<\/p>\n\n\n\n<p>Por otra parte, siento que uno con el tiempo afina el ojo, y se adoptan referencias visuales o en la forma de entrevistar. Entiendo qu\u00e9 lente puede lograr algo, o c\u00f3mo aporta la luz, de manera que se transmita la verdad de esa historia. La idea es generar una estructura de gui\u00f3n y visualidad que se combinen y potencien.<\/p>\n\n\n\n<p><strong>\u00bfEs muy distinto trabajar en Estados Unidos?<\/strong><\/p>\n\n\n\n<p>-Yo me fui muy a gusto con el trabajo period\u00edstico en Chile, quiz\u00e1s es por nuestra historia que el periodismo tiene un rol importante en nuestra sociedad, al menos as\u00ed lo sent\u00ed yo trabajando all\u00e1, buscando dilucidar verdades. Hay una tradici\u00f3n. En Estados Unidos hay una mezcla, y los canales tienen tendencias muy claras en cuanto a pol\u00edtica por ejemplo.\u00a0<\/p>\n\n\n\n<figure class=\"wp-block-image size-large\"><img decoding=\"async\" width=\"1024\" height=\"442\" src=\"https:\/\/www.valparaisocreativo.cl\/wp-content\/uploads\/2023\/08\/Captura-de-Pantalla-2023-08-21-a-las-22.43.40-1024x442.png\" alt=\"\" class=\"wp-image-16613\" srcset=\"https:\/\/dev.antudigital.cl\/sites\/vc\/wp-content\/uploads\/2023\/08\/Captura-de-Pantalla-2023-08-21-a-las-22.43.40-1024x442.png 1024w, https:\/\/dev.antudigital.cl\/sites\/vc\/wp-content\/uploads\/2023\/08\/Captura-de-Pantalla-2023-08-21-a-las-22.43.40-300x129.png 300w, https:\/\/dev.antudigital.cl\/sites\/vc\/wp-content\/uploads\/2023\/08\/Captura-de-Pantalla-2023-08-21-a-las-22.43.40-768x331.png 768w, https:\/\/dev.antudigital.cl\/sites\/vc\/wp-content\/uploads\/2023\/08\/Captura-de-Pantalla-2023-08-21-a-las-22.43.40-1080x466.png 1080w, https:\/\/dev.antudigital.cl\/sites\/vc\/wp-content\/uploads\/2023\/08\/Captura-de-Pantalla-2023-08-21-a-las-22.43.40-1280x552.png 1280w, https:\/\/dev.antudigital.cl\/sites\/vc\/wp-content\/uploads\/2023\/08\/Captura-de-Pantalla-2023-08-21-a-las-22.43.40-980x423.png 980w, https:\/\/dev.antudigital.cl\/sites\/vc\/wp-content\/uploads\/2023\/08\/Captura-de-Pantalla-2023-08-21-a-las-22.43.40-480x207.png 480w, https:\/\/dev.antudigital.cl\/sites\/vc\/wp-content\/uploads\/2023\/08\/Captura-de-Pantalla-2023-08-21-a-las-22.43.40-24x10.png 24w, https:\/\/dev.antudigital.cl\/sites\/vc\/wp-content\/uploads\/2023\/08\/Captura-de-Pantalla-2023-08-21-a-las-22.43.40-36x16.png 36w, https:\/\/dev.antudigital.cl\/sites\/vc\/wp-content\/uploads\/2023\/08\/Captura-de-Pantalla-2023-08-21-a-las-22.43.40-48x21.png 48w, https:\/\/dev.antudigital.cl\/sites\/vc\/wp-content\/uploads\/2023\/08\/Captura-de-Pantalla-2023-08-21-a-las-22.43.40.png 1430w\" sizes=\"(max-width: 1024px) 100vw, 1024px\" \/><\/figure>\n\n\n\n<p><strong>Sobre tus otros trabajos audiovisuales, \u00bfnos podr\u00edas contar?<\/strong><\/p>\n\n\n\n<p>-Trabaj\u00e9 en un documental que ahora est\u00e1 en edici\u00f3n, donde trabaj\u00e9 como co-editora y productora, que trata sobre una visa que ten\u00edan salvadore\u00f1os, haitianos y m\u00e1s nacionalidades, hasta que Donald Trump la revoc\u00f3 y se tuvieron que ir despu\u00e9s de a\u00f1os de un d\u00eda para otro, dejando a sus vidas y familias atr\u00e1s. Captamos el drama de esta separaci\u00f3n y la lucha por mantenerse en Estados Unidos. Es una investigaci\u00f3n de c\u00f3mo se llega a esa decisi\u00f3n. Eso deber\u00eda salir en enero o febrero del 2024 en la tv p\u00fablica y ojal\u00e1 en festivales.<\/p>\n\n\n\n<p>\u201cSans\u00f3n y yo\u201d es otro documental en el que particip\u00e9, que habla de un inmigrante que se vio involucrado en un crimen, por lo que fue encarcelado por ser un part\u00edcipe pasivo de ello. Se repasa la historia de su vida, y fue un trabajo hermoso que estuvo en el Festival de Tribeca en Nueva York, estuvo en el Festival de Sheffield donde gan\u00f3 mejor documental, y ha dado varias vueltas. Es del director mexicano Rodrigo Reyes.<\/p>\n\n\n\n<p>Adem\u00e1s fui productora y asistente de direcci\u00f3n de un corto que grabamos en Nuevo M\u00e9xico con una amiga, y este estuvo en el Festival de Santa Fe de Nuevo M\u00e9xico y en otras instancias. Fue mi primera experiencia con un gran equipo, muy distinto a lo que es la no ficci\u00f3n. Fue hermoso. Tambi\u00e9n es una historia de inmigraci\u00f3n, que es algo que he cubierto mucho y me apasiona mucho desde que llegu\u00e9 ac\u00e1.<\/p>\n\n\n\n<figure class=\"wp-block-image size-large\"><img loading=\"lazy\" decoding=\"async\" width=\"1024\" height=\"432\" src=\"https:\/\/www.valparaisocreativo.cl\/wp-content\/uploads\/2023\/08\/Captura-de-Pantalla-2023-08-21-a-las-22.45.00-1024x432.png\" alt=\"\" class=\"wp-image-16612\" srcset=\"https:\/\/dev.antudigital.cl\/sites\/vc\/wp-content\/uploads\/2023\/08\/Captura-de-Pantalla-2023-08-21-a-las-22.45.00-1024x432.png 1024w, https:\/\/dev.antudigital.cl\/sites\/vc\/wp-content\/uploads\/2023\/08\/Captura-de-Pantalla-2023-08-21-a-las-22.45.00-300x127.png 300w, https:\/\/dev.antudigital.cl\/sites\/vc\/wp-content\/uploads\/2023\/08\/Captura-de-Pantalla-2023-08-21-a-las-22.45.00-768x324.png 768w, https:\/\/dev.antudigital.cl\/sites\/vc\/wp-content\/uploads\/2023\/08\/Captura-de-Pantalla-2023-08-21-a-las-22.45.00-1080x456.png 1080w, https:\/\/dev.antudigital.cl\/sites\/vc\/wp-content\/uploads\/2023\/08\/Captura-de-Pantalla-2023-08-21-a-las-22.45.00-1280x540.png 1280w, https:\/\/dev.antudigital.cl\/sites\/vc\/wp-content\/uploads\/2023\/08\/Captura-de-Pantalla-2023-08-21-a-las-22.45.00-980x414.png 980w, https:\/\/dev.antudigital.cl\/sites\/vc\/wp-content\/uploads\/2023\/08\/Captura-de-Pantalla-2023-08-21-a-las-22.45.00-480x203.png 480w, https:\/\/dev.antudigital.cl\/sites\/vc\/wp-content\/uploads\/2023\/08\/Captura-de-Pantalla-2023-08-21-a-las-22.45.00-24x10.png 24w, https:\/\/dev.antudigital.cl\/sites\/vc\/wp-content\/uploads\/2023\/08\/Captura-de-Pantalla-2023-08-21-a-las-22.45.00-36x15.png 36w, https:\/\/dev.antudigital.cl\/sites\/vc\/wp-content\/uploads\/2023\/08\/Captura-de-Pantalla-2023-08-21-a-las-22.45.00-48x20.png 48w, https:\/\/dev.antudigital.cl\/sites\/vc\/wp-content\/uploads\/2023\/08\/Captura-de-Pantalla-2023-08-21-a-las-22.45.00.png 1440w\" sizes=\"(max-width: 1024px) 100vw, 1024px\" \/><\/figure>\n\n\n\n<p><strong>\u00bfNos podr\u00edas contar un poco de tu propio proceso de migraci\u00f3n?<\/strong><\/p>\n\n\n\n<p>-Ha sido muy dif\u00edcil. Yo soy igual una persona privilegiada y entiendo eso, desde la educaci\u00f3n a otras cosas, a\u00fan as\u00ed es s\u00faper dif\u00edcil y muy caro. Los procesos son complejos, se hace dif\u00edcil venir y quedarse. Por eso creo que tambi\u00e9n me apasiona mucho el tema.<\/p>\n\n\n\n<p><strong>Con respecto al reportaje y a la nominaci\u00f3n, cu\u00e9ntame un poco m\u00e1s de eso.<\/strong><\/p>\n\n\n\n<p>-La nominaci\u00f3n es al reportaje en s\u00ed y al equipo tras ello. Lo siento muy m\u00edo porque lo co-escrib\u00ed con una colega, lo edit\u00e9, fui a grabarlo, por lo que es muy propio. Adem\u00e1s est\u00e1n los corresponsales, el editor, hay varias personas. Previo a esto, participamos tambi\u00e9n en el proceso de nominaci\u00f3n, no sab\u00edamos que terminar\u00edamos nosotros nominados, lo supimos recientemente. Ahora estamos a la espera del siguiente paso, hasta los premios que son el 27 de septiembre en Nueva York.<\/p>\n\n\n\n<p><a href=\"https:\/\/abcnews.go.com\/US\/video\/uvalde-365-presents-struggle-understand-92690383\">Puedes ver el documental aqu\u00ed<\/a><\/p>\n","protected":false},"excerpt":{"rendered":"<p>Por: Valentinne Rudolphy \u201cThe struggle to understand\u201d (la lucha por comprender) es el documental que produjo la periodista chilena Caterina Barbera, quien hace seis a\u00f1os se fue a Estados Unidos a estudiar y luego trabajar. Hoy el resultado, emitido por ABC News donde ella es parte, est\u00e1 nominado a los Premios Emmy a Noticias y [&hellip;]<\/p>\n","protected":false},"author":1,"featured_media":16610,"comment_status":"closed","ping_status":"closed","sticky":false,"template":"","format":"standard","meta":{"_acf_changed":false,"footnotes":""},"categories":[218],"tags":[],"class_list":["post-16609","post","type-post","status-publish","format-standard","has-post-thumbnail","hentry","category-blog"],"acf":[],"yoast_head":"<!-- This site is optimized with the Yoast SEO plugin v27.1.1 - https:\/\/yoast.com\/product\/yoast-seo-wordpress\/ -->\n<title>&quot;La lucha por comprender&quot;: el reportaje que lleva a una chilena a los Emmys - Valpara\u00ed\u00adso Creativo<\/title>\n<meta name=\"robots\" content=\"index, follow, max-snippet:-1, max-image-preview:large, max-video-preview:-1\" \/>\n<link rel=\"canonical\" href=\"https:\/\/dev.antudigital.cl\/sites\/vc\/la-lucha-por-comprender-el-reportaje-que-lleva-a-una-chilena-a-los-emmys\/\" \/>\n<meta property=\"og:locale\" content=\"es_ES\" \/>\n<meta property=\"og:type\" content=\"article\" \/>\n<meta property=\"og:title\" content=\"&quot;La lucha por comprender&quot;: el reportaje que lleva a una chilena a los Emmys - Valpara\u00ed\u00adso Creativo\" \/>\n<meta property=\"og:description\" content=\"Por: Valentinne Rudolphy \u201cThe struggle to understand\u201d (la lucha por comprender) es el documental que produjo la periodista chilena Caterina Barbera, quien hace seis a\u00f1os se fue a Estados Unidos a estudiar y luego trabajar. Hoy el resultado, emitido por ABC News donde ella es parte, est\u00e1 nominado a los Premios Emmy a Noticias y [&hellip;]\" \/>\n<meta property=\"og:url\" content=\"https:\/\/dev.antudigital.cl\/sites\/vc\/la-lucha-por-comprender-el-reportaje-que-lleva-a-una-chilena-a-los-emmys\/\" \/>\n<meta property=\"og:site_name\" content=\"Valpara\u00ed\u00adso Creativo\" \/>\n<meta property=\"article:published_time\" content=\"2023-08-22T02:52:47+00:00\" \/>\n<meta property=\"article:modified_time\" content=\"2023-08-22T02:52:53+00:00\" \/>\n<meta property=\"og:image\" content=\"https:\/\/dev.antudigital.cl\/sites\/vc\/wp-content\/uploads\/2023\/08\/WhatsApp-Image-2023-08-21-at-11.38.42.jpeg\" \/>\n\t<meta property=\"og:image:width\" content=\"905\" \/>\n\t<meta property=\"og:image:height\" content=\"689\" \/>\n\t<meta property=\"og:image:type\" content=\"image\/jpeg\" \/>\n<meta name=\"author\" content=\"Valpara\u00edso Creativo\" \/>\n<meta name=\"twitter:card\" content=\"summary_large_image\" \/>\n<meta name=\"twitter:label1\" content=\"Escrito por\" \/>\n\t<meta name=\"twitter:data1\" content=\"Valpara\u00edso Creativo\" \/>\n\t<meta name=\"twitter:label2\" content=\"Tiempo de lectura\" \/>\n\t<meta name=\"twitter:data2\" content=\"7 minutos\" \/>\n<script type=\"application\/ld+json\" class=\"yoast-schema-graph\">{\"@context\":\"https:\/\/schema.org\",\"@graph\":[{\"@type\":\"Article\",\"@id\":\"https:\/\/dev.antudigital.cl\/sites\/vc\/la-lucha-por-comprender-el-reportaje-que-lleva-a-una-chilena-a-los-emmys\/#article\",\"isPartOf\":{\"@id\":\"https:\/\/dev.antudigital.cl\/sites\/vc\/la-lucha-por-comprender-el-reportaje-que-lleva-a-una-chilena-a-los-emmys\/\"},\"author\":{\"name\":\"Valpara\u00edso Creativo\",\"@id\":\"https:\/\/dev.antudigital.cl\/sites\/vc\/#\/schema\/person\/c2b9da8dd545e27166fc5ab232837318\"},\"headline\":\"\u00abLa lucha por comprender\u00bb: el reportaje que lleva a una chilena a los Emmys\",\"datePublished\":\"2023-08-22T02:52:47+00:00\",\"dateModified\":\"2023-08-22T02:52:53+00:00\",\"mainEntityOfPage\":{\"@id\":\"https:\/\/dev.antudigital.cl\/sites\/vc\/la-lucha-por-comprender-el-reportaje-que-lleva-a-una-chilena-a-los-emmys\/\"},\"wordCount\":1237,\"image\":{\"@id\":\"https:\/\/dev.antudigital.cl\/sites\/vc\/la-lucha-por-comprender-el-reportaje-que-lleva-a-una-chilena-a-los-emmys\/#primaryimage\"},\"thumbnailUrl\":\"https:\/\/dev.antudigital.cl\/sites\/vc\/wp-content\/uploads\/2023\/08\/WhatsApp-Image-2023-08-21-at-11.38.42.jpeg\",\"articleSection\":[\"Blog\"],\"inLanguage\":\"es\"},{\"@type\":\"WebPage\",\"@id\":\"https:\/\/dev.antudigital.cl\/sites\/vc\/la-lucha-por-comprender-el-reportaje-que-lleva-a-una-chilena-a-los-emmys\/\",\"url\":\"https:\/\/dev.antudigital.cl\/sites\/vc\/la-lucha-por-comprender-el-reportaje-que-lleva-a-una-chilena-a-los-emmys\/\",\"name\":\"\\\"La lucha por comprender\\\": el reportaje que lleva a una chilena a los Emmys - Valpara\u00ed\u00adso Creativo\",\"isPartOf\":{\"@id\":\"https:\/\/dev.antudigital.cl\/sites\/vc\/#website\"},\"primaryImageOfPage\":{\"@id\":\"https:\/\/dev.antudigital.cl\/sites\/vc\/la-lucha-por-comprender-el-reportaje-que-lleva-a-una-chilena-a-los-emmys\/#primaryimage\"},\"image\":{\"@id\":\"https:\/\/dev.antudigital.cl\/sites\/vc\/la-lucha-por-comprender-el-reportaje-que-lleva-a-una-chilena-a-los-emmys\/#primaryimage\"},\"thumbnailUrl\":\"https:\/\/dev.antudigital.cl\/sites\/vc\/wp-content\/uploads\/2023\/08\/WhatsApp-Image-2023-08-21-at-11.38.42.jpeg\",\"datePublished\":\"2023-08-22T02:52:47+00:00\",\"dateModified\":\"2023-08-22T02:52:53+00:00\",\"author\":{\"@id\":\"https:\/\/dev.antudigital.cl\/sites\/vc\/#\/schema\/person\/c2b9da8dd545e27166fc5ab232837318\"},\"breadcrumb\":{\"@id\":\"https:\/\/dev.antudigital.cl\/sites\/vc\/la-lucha-por-comprender-el-reportaje-que-lleva-a-una-chilena-a-los-emmys\/#breadcrumb\"},\"inLanguage\":\"es\",\"potentialAction\":[{\"@type\":\"ReadAction\",\"target\":[\"https:\/\/dev.antudigital.cl\/sites\/vc\/la-lucha-por-comprender-el-reportaje-que-lleva-a-una-chilena-a-los-emmys\/\"]}]},{\"@type\":\"ImageObject\",\"inLanguage\":\"es\",\"@id\":\"https:\/\/dev.antudigital.cl\/sites\/vc\/la-lucha-por-comprender-el-reportaje-que-lleva-a-una-chilena-a-los-emmys\/#primaryimage\",\"url\":\"https:\/\/dev.antudigital.cl\/sites\/vc\/wp-content\/uploads\/2023\/08\/WhatsApp-Image-2023-08-21-at-11.38.42.jpeg\",\"contentUrl\":\"https:\/\/dev.antudigital.cl\/sites\/vc\/wp-content\/uploads\/2023\/08\/WhatsApp-Image-2023-08-21-at-11.38.42.jpeg\",\"width\":905,\"height\":689},{\"@type\":\"BreadcrumbList\",\"@id\":\"https:\/\/dev.antudigital.cl\/sites\/vc\/la-lucha-por-comprender-el-reportaje-que-lleva-a-una-chilena-a-los-emmys\/#breadcrumb\",\"itemListElement\":[{\"@type\":\"ListItem\",\"position\":1,\"name\":\"Home\",\"item\":\"https:\/\/dev.antudigital.cl\/sites\/vc\/\"},{\"@type\":\"ListItem\",\"position\":2,\"name\":\"\u00abLa lucha por comprender\u00bb: el reportaje que lleva a una chilena a los Emmys\"}]},{\"@type\":\"WebSite\",\"@id\":\"https:\/\/dev.antudigital.cl\/sites\/vc\/#website\",\"url\":\"https:\/\/dev.antudigital.cl\/sites\/vc\/\",\"name\":\"Valpara\u00ed\u00adso Creativo\",\"description\":\"\",\"potentialAction\":[{\"@type\":\"SearchAction\",\"target\":{\"@type\":\"EntryPoint\",\"urlTemplate\":\"https:\/\/dev.antudigital.cl\/sites\/vc\/?s={search_term_string}\"},\"query-input\":{\"@type\":\"PropertyValueSpecification\",\"valueRequired\":true,\"valueName\":\"search_term_string\"}}],\"inLanguage\":\"es\"},{\"@type\":\"Person\",\"@id\":\"https:\/\/dev.antudigital.cl\/sites\/vc\/#\/schema\/person\/c2b9da8dd545e27166fc5ab232837318\",\"name\":\"Valpara\u00edso Creativo\",\"description\":\"Periodista de cultura en la Regi\u00f3n de Valpara\u00edso.\",\"url\":\"https:\/\/dev.antudigital.cl\/sites\/vc\/author\/valpoadmin\/\"}]}<\/script>\n<!-- \/ Yoast SEO plugin. -->","yoast_head_json":{"title":"\"La lucha por comprender\": el reportaje que lleva a una chilena a los Emmys - Valpara\u00ed\u00adso Creativo","robots":{"index":"index","follow":"follow","max-snippet":"max-snippet:-1","max-image-preview":"max-image-preview:large","max-video-preview":"max-video-preview:-1"},"canonical":"https:\/\/dev.antudigital.cl\/sites\/vc\/la-lucha-por-comprender-el-reportaje-que-lleva-a-una-chilena-a-los-emmys\/","og_locale":"es_ES","og_type":"article","og_title":"\"La lucha por comprender\": el reportaje que lleva a una chilena a los Emmys - Valpara\u00ed\u00adso Creativo","og_description":"Por: Valentinne Rudolphy \u201cThe struggle to understand\u201d (la lucha por comprender) es el documental que produjo la periodista chilena Caterina Barbera, quien hace seis a\u00f1os se fue a Estados Unidos a estudiar y luego trabajar. Hoy el resultado, emitido por ABC News donde ella es parte, est\u00e1 nominado a los Premios Emmy a Noticias y [&hellip;]","og_url":"https:\/\/dev.antudigital.cl\/sites\/vc\/la-lucha-por-comprender-el-reportaje-que-lleva-a-una-chilena-a-los-emmys\/","og_site_name":"Valpara\u00ed\u00adso Creativo","article_published_time":"2023-08-22T02:52:47+00:00","article_modified_time":"2023-08-22T02:52:53+00:00","og_image":[{"width":905,"height":689,"url":"https:\/\/dev.antudigital.cl\/sites\/vc\/wp-content\/uploads\/2023\/08\/WhatsApp-Image-2023-08-21-at-11.38.42.jpeg","type":"image\/jpeg"}],"author":"Valpara\u00edso Creativo","twitter_card":"summary_large_image","twitter_misc":{"Escrito por":"Valpara\u00edso Creativo","Tiempo de lectura":"7 minutos"},"schema":{"@context":"https:\/\/schema.org","@graph":[{"@type":"Article","@id":"https:\/\/dev.antudigital.cl\/sites\/vc\/la-lucha-por-comprender-el-reportaje-que-lleva-a-una-chilena-a-los-emmys\/#article","isPartOf":{"@id":"https:\/\/dev.antudigital.cl\/sites\/vc\/la-lucha-por-comprender-el-reportaje-que-lleva-a-una-chilena-a-los-emmys\/"},"author":{"name":"Valpara\u00edso Creativo","@id":"https:\/\/dev.antudigital.cl\/sites\/vc\/#\/schema\/person\/c2b9da8dd545e27166fc5ab232837318"},"headline":"\u00abLa lucha por comprender\u00bb: el reportaje que lleva a una chilena a los Emmys","datePublished":"2023-08-22T02:52:47+00:00","dateModified":"2023-08-22T02:52:53+00:00","mainEntityOfPage":{"@id":"https:\/\/dev.antudigital.cl\/sites\/vc\/la-lucha-por-comprender-el-reportaje-que-lleva-a-una-chilena-a-los-emmys\/"},"wordCount":1237,"image":{"@id":"https:\/\/dev.antudigital.cl\/sites\/vc\/la-lucha-por-comprender-el-reportaje-que-lleva-a-una-chilena-a-los-emmys\/#primaryimage"},"thumbnailUrl":"https:\/\/dev.antudigital.cl\/sites\/vc\/wp-content\/uploads\/2023\/08\/WhatsApp-Image-2023-08-21-at-11.38.42.jpeg","articleSection":["Blog"],"inLanguage":"es"},{"@type":"WebPage","@id":"https:\/\/dev.antudigital.cl\/sites\/vc\/la-lucha-por-comprender-el-reportaje-que-lleva-a-una-chilena-a-los-emmys\/","url":"https:\/\/dev.antudigital.cl\/sites\/vc\/la-lucha-por-comprender-el-reportaje-que-lleva-a-una-chilena-a-los-emmys\/","name":"\"La lucha por comprender\": el reportaje que lleva a una chilena a los Emmys - Valpara\u00ed\u00adso Creativo","isPartOf":{"@id":"https:\/\/dev.antudigital.cl\/sites\/vc\/#website"},"primaryImageOfPage":{"@id":"https:\/\/dev.antudigital.cl\/sites\/vc\/la-lucha-por-comprender-el-reportaje-que-lleva-a-una-chilena-a-los-emmys\/#primaryimage"},"image":{"@id":"https:\/\/dev.antudigital.cl\/sites\/vc\/la-lucha-por-comprender-el-reportaje-que-lleva-a-una-chilena-a-los-emmys\/#primaryimage"},"thumbnailUrl":"https:\/\/dev.antudigital.cl\/sites\/vc\/wp-content\/uploads\/2023\/08\/WhatsApp-Image-2023-08-21-at-11.38.42.jpeg","datePublished":"2023-08-22T02:52:47+00:00","dateModified":"2023-08-22T02:52:53+00:00","author":{"@id":"https:\/\/dev.antudigital.cl\/sites\/vc\/#\/schema\/person\/c2b9da8dd545e27166fc5ab232837318"},"breadcrumb":{"@id":"https:\/\/dev.antudigital.cl\/sites\/vc\/la-lucha-por-comprender-el-reportaje-que-lleva-a-una-chilena-a-los-emmys\/#breadcrumb"},"inLanguage":"es","potentialAction":[{"@type":"ReadAction","target":["https:\/\/dev.antudigital.cl\/sites\/vc\/la-lucha-por-comprender-el-reportaje-que-lleva-a-una-chilena-a-los-emmys\/"]}]},{"@type":"ImageObject","inLanguage":"es","@id":"https:\/\/dev.antudigital.cl\/sites\/vc\/la-lucha-por-comprender-el-reportaje-que-lleva-a-una-chilena-a-los-emmys\/#primaryimage","url":"https:\/\/dev.antudigital.cl\/sites\/vc\/wp-content\/uploads\/2023\/08\/WhatsApp-Image-2023-08-21-at-11.38.42.jpeg","contentUrl":"https:\/\/dev.antudigital.cl\/sites\/vc\/wp-content\/uploads\/2023\/08\/WhatsApp-Image-2023-08-21-at-11.38.42.jpeg","width":905,"height":689},{"@type":"BreadcrumbList","@id":"https:\/\/dev.antudigital.cl\/sites\/vc\/la-lucha-por-comprender-el-reportaje-que-lleva-a-una-chilena-a-los-emmys\/#breadcrumb","itemListElement":[{"@type":"ListItem","position":1,"name":"Home","item":"https:\/\/dev.antudigital.cl\/sites\/vc\/"},{"@type":"ListItem","position":2,"name":"\u00abLa lucha por comprender\u00bb: el reportaje que lleva a una chilena a los Emmys"}]},{"@type":"WebSite","@id":"https:\/\/dev.antudigital.cl\/sites\/vc\/#website","url":"https:\/\/dev.antudigital.cl\/sites\/vc\/","name":"Valpara\u00ed\u00adso Creativo","description":"","potentialAction":[{"@type":"SearchAction","target":{"@type":"EntryPoint","urlTemplate":"https:\/\/dev.antudigital.cl\/sites\/vc\/?s={search_term_string}"},"query-input":{"@type":"PropertyValueSpecification","valueRequired":true,"valueName":"search_term_string"}}],"inLanguage":"es"},{"@type":"Person","@id":"https:\/\/dev.antudigital.cl\/sites\/vc\/#\/schema\/person\/c2b9da8dd545e27166fc5ab232837318","name":"Valpara\u00edso Creativo","description":"Periodista de cultura en la Regi\u00f3n de Valpara\u00edso.","url":"https:\/\/dev.antudigital.cl\/sites\/vc\/author\/valpoadmin\/"}]}},"_links":{"self":[{"href":"https:\/\/dev.antudigital.cl\/sites\/vc\/wp-json\/wp\/v2\/posts\/16609","targetHints":{"allow":["GET"]}}],"collection":[{"href":"https:\/\/dev.antudigital.cl\/sites\/vc\/wp-json\/wp\/v2\/posts"}],"about":[{"href":"https:\/\/dev.antudigital.cl\/sites\/vc\/wp-json\/wp\/v2\/types\/post"}],"author":[{"embeddable":true,"href":"https:\/\/dev.antudigital.cl\/sites\/vc\/wp-json\/wp\/v2\/users\/1"}],"replies":[{"embeddable":true,"href":"https:\/\/dev.antudigital.cl\/sites\/vc\/wp-json\/wp\/v2\/comments?post=16609"}],"version-history":[{"count":1,"href":"https:\/\/dev.antudigital.cl\/sites\/vc\/wp-json\/wp\/v2\/posts\/16609\/revisions"}],"predecessor-version":[{"id":16615,"href":"https:\/\/dev.antudigital.cl\/sites\/vc\/wp-json\/wp\/v2\/posts\/16609\/revisions\/16615"}],"wp:featuredmedia":[{"embeddable":true,"href":"https:\/\/dev.antudigital.cl\/sites\/vc\/wp-json\/wp\/v2\/media\/16610"}],"wp:attachment":[{"href":"https:\/\/dev.antudigital.cl\/sites\/vc\/wp-json\/wp\/v2\/media?parent=16609"}],"wp:term":[{"taxonomy":"category","embeddable":true,"href":"https:\/\/dev.antudigital.cl\/sites\/vc\/wp-json\/wp\/v2\/categories?post=16609"},{"taxonomy":"post_tag","embeddable":true,"href":"https:\/\/dev.antudigital.cl\/sites\/vc\/wp-json\/wp\/v2\/tags?post=16609"}],"curies":[{"name":"wp","href":"https:\/\/api.w.org\/{rel}","templated":true}]}}