{"id":16617,"date":"2023-08-22T23:25:29","date_gmt":"2023-08-22T23:25:29","guid":{"rendered":"https:\/\/www.valparaisocreativo.cl\/?p=16617"},"modified":"2023-08-22T23:25:35","modified_gmt":"2023-08-22T23:25:35","slug":"hub-abierto-especial-literatura","status":"publish","type":"post","link":"https:\/\/dev.antudigital.cl\/sites\/vc\/hub-abierto-especial-literatura\/","title":{"rendered":"HUB ABIERTO: ESPECIAL LITERATURA"},"content":{"rendered":"\n<p>El mes pasado Hub Musical reuni\u00f3 en torno a las artes esc\u00e9nicas, ahora pasan a la literatura, de la mano de tres escritoras y sus recientes publicaciones, junto a una lectura performada y musicalizaci\u00f3n en vivo por\u00a0<strong>\u00c1urea Solar<\/strong>.<\/p>\n\n\n\n<ul class=\"wp-block-list\">\n<li><img decoding=\"async\" alt=\"&#x1f4c5;\" src=\"https:\/\/fonts.gstatic.com\/s\/e\/notoemoji\/15.0\/1f4c5\/32.png\">&nbsp;Fecha: Viernes 25 de agosto<\/li>\n\n\n\n<li><img decoding=\"async\" alt=\"&#x1f553;\" src=\"https:\/\/fonts.gstatic.com\/s\/e\/notoemoji\/15.0\/1f553\/32.png\">&nbsp;Hora: 19:30 hrs<\/li>\n\n\n\n<li><img decoding=\"async\" alt=\"&#x1f4cd;\" src=\"https:\/\/fonts.gstatic.com\/s\/e\/notoemoji\/15.0\/1f4cd\/32.png\">&nbsp;Lugar: Hub Musical (Condell 1477, of. 35, Valpara\u00edso).<\/li>\n<\/ul>\n\n\n\n<p><strong><img decoding=\"async\" alt=\"&#x25aa;&#xfe0f;\" src=\"https:\/\/fonts.gstatic.com\/s\/e\/notoemoji\/15.0\/25aa_fe0f\/32.png\">&nbsp;Naty Lane,<\/strong>&nbsp;quien lanz\u00f3 hace unas semanas su nuevo libro, nos presentar\u00e1 lecturas de este viaje \u00edntimo y personal a trav\u00e9s de las emociones y las experiencias plasmadas en&nbsp;<em><strong>Sue\u00f1an las ovejas negras.<\/strong><\/em><\/p>\n\n\n\n<p><strong><img decoding=\"async\" alt=\"&#x25aa;&#xfe0f;\" src=\"https:\/\/fonts.gstatic.com\/s\/e\/notoemoji\/15.0\/25aa_fe0f\/32.png\">&nbsp;Natalia Berbelagua<\/strong>, destacada escritora quien nos acompa\u00f1ar\u00e1 con un cruce entre literatura y performance de la novela&nbsp;<em><strong>La comunidad del azote<\/strong><\/em>.<\/p>\n\n\n\n<figure class=\"wp-block-image\"><img decoding=\"async\" src=\"https:\/\/fonts.gstatic.com\/s\/e\/notoemoji\/15.0\/25aa_fe0f\/32.png\" alt=\"&#x25aa;&#xfe0f;\"\/><\/figure>\n\n\n\n<p><em><strong>Carolina Aparici&nbsp;<\/strong><\/em>presentar\u00e1 \u201cLa Ni\u00f1a Perro ha muerto\u201d, un desgarrador y oscuro viaje plasmado en poes\u00eda. Una exploraci\u00f3n profunda y emocional de la experiencia de la autora que aborda temas como la autodestrucci\u00f3n, los amores y desamores, la muerte, la vida y el renacer.<\/p>\n\n\n\n<p>La jornada contar\u00e1 con el DJ set de<strong>&nbsp;Ronald Smith.<\/strong><\/p>\n\n\n\n<p>\u00a1Inscr\u00edbete y participa! CUPOS LIMITADOS.<\/p>\n\n\n\n<p><a href=\"https:\/\/docs.google.com\/forms\/d\/e\/1FAIpQLSctXoF2Wq0P1rMneEfSlUx_m5x2Fz-M0wPbu-PKx95EF3qyOA\/viewform\"><strong>Inscr\u00edbete aqu\u00ed<\/strong><\/a><\/p>\n","protected":false},"excerpt":{"rendered":"<p>El mes pasado Hub Musical reuni\u00f3 en torno a las artes esc\u00e9nicas, ahora pasan a la literatura, de la mano de tres escritoras y sus recientes publicaciones, junto a una lectura performada y musicalizaci\u00f3n en vivo por\u00a0\u00c1urea Solar. &nbsp;Naty Lane,&nbsp;quien lanz\u00f3 hace unas semanas su nuevo libro, nos presentar\u00e1 lecturas de este viaje \u00edntimo y [&hellip;]<\/p>\n","protected":false},"author":1,"featured_media":16618,"comment_status":"closed","ping_status":"closed","sticky":false,"template":"","format":"standard","meta":{"_acf_changed":false,"footnotes":""},"categories":[1],"tags":[],"class_list":["post-16617","post","type-post","status-publish","format-standard","has-post-thumbnail","hentry","category-uncategorized"],"acf":[],"yoast_head":"<!-- This site is optimized with the Yoast SEO plugin v27.1.1 - https:\/\/yoast.com\/product\/yoast-seo-wordpress\/ -->\n<title>HUB ABIERTO: ESPECIAL LITERATURA - Valpara\u00ed\u00adso Creativo<\/title>\n<meta name=\"robots\" content=\"index, follow, max-snippet:-1, max-image-preview:large, max-video-preview:-1\" \/>\n<link rel=\"canonical\" href=\"https:\/\/dev.antudigital.cl\/sites\/vc\/hub-abierto-especial-literatura\/\" \/>\n<meta property=\"og:locale\" content=\"es_ES\" \/>\n<meta property=\"og:type\" content=\"article\" \/>\n<meta property=\"og:title\" content=\"HUB ABIERTO: ESPECIAL LITERATURA - Valpara\u00ed\u00adso Creativo\" \/>\n<meta property=\"og:description\" content=\"El mes pasado Hub Musical reuni\u00f3 en torno a las artes esc\u00e9nicas, ahora pasan a la literatura, de la mano de tres escritoras y sus recientes publicaciones, junto a una lectura performada y musicalizaci\u00f3n en vivo por\u00a0\u00c1urea Solar. &nbsp;Naty Lane,&nbsp;quien lanz\u00f3 hace unas semanas su nuevo libro, nos presentar\u00e1 lecturas de este viaje \u00edntimo y [&hellip;]\" \/>\n<meta property=\"og:url\" content=\"https:\/\/dev.antudigital.cl\/sites\/vc\/hub-abierto-especial-literatura\/\" \/>\n<meta property=\"og:site_name\" content=\"Valpara\u00ed\u00adso Creativo\" \/>\n<meta property=\"article:published_time\" content=\"2023-08-22T23:25:29+00:00\" \/>\n<meta property=\"article:modified_time\" content=\"2023-08-22T23:25:35+00:00\" \/>\n<meta property=\"og:image\" content=\"https:\/\/dev.antudigital.cl\/sites\/vc\/wp-content\/uploads\/2023\/08\/Captura-de-Pantalla-2023-08-22-a-las-19.23.40.png\" \/>\n\t<meta property=\"og:image:width\" content=\"591\" \/>\n\t<meta property=\"og:image:height\" content=\"388\" \/>\n\t<meta property=\"og:image:type\" content=\"image\/png\" \/>\n<meta name=\"author\" content=\"Valpara\u00edso Creativo\" \/>\n<meta name=\"twitter:card\" content=\"summary_large_image\" \/>\n<meta name=\"twitter:label1\" content=\"Escrito por\" \/>\n\t<meta name=\"twitter:data1\" content=\"Valpara\u00edso Creativo\" \/>\n\t<meta name=\"twitter:label2\" content=\"Tiempo de lectura\" \/>\n\t<meta name=\"twitter:data2\" content=\"2 minutos\" \/>\n<script type=\"application\/ld+json\" class=\"yoast-schema-graph\">{\"@context\":\"https:\/\/schema.org\",\"@graph\":[{\"@type\":\"Article\",\"@id\":\"https:\/\/dev.antudigital.cl\/sites\/vc\/hub-abierto-especial-literatura\/#article\",\"isPartOf\":{\"@id\":\"https:\/\/dev.antudigital.cl\/sites\/vc\/hub-abierto-especial-literatura\/\"},\"author\":{\"name\":\"Valpara\u00edso Creativo\",\"@id\":\"https:\/\/dev.antudigital.cl\/sites\/vc\/#\/schema\/person\/c2b9da8dd545e27166fc5ab232837318\"},\"headline\":\"HUB ABIERTO: ESPECIAL LITERATURA\",\"datePublished\":\"2023-08-22T23:25:29+00:00\",\"dateModified\":\"2023-08-22T23:25:35+00:00\",\"mainEntityOfPage\":{\"@id\":\"https:\/\/dev.antudigital.cl\/sites\/vc\/hub-abierto-especial-literatura\/\"},\"wordCount\":192,\"image\":{\"@id\":\"https:\/\/dev.antudigital.cl\/sites\/vc\/hub-abierto-especial-literatura\/#primaryimage\"},\"thumbnailUrl\":\"https:\/\/dev.antudigital.cl\/sites\/vc\/wp-content\/uploads\/2023\/08\/Captura-de-Pantalla-2023-08-22-a-las-19.23.40.png\",\"articleSection\":[\"Uncategorized\"],\"inLanguage\":\"es\"},{\"@type\":\"WebPage\",\"@id\":\"https:\/\/dev.antudigital.cl\/sites\/vc\/hub-abierto-especial-literatura\/\",\"url\":\"https:\/\/dev.antudigital.cl\/sites\/vc\/hub-abierto-especial-literatura\/\",\"name\":\"HUB ABIERTO: ESPECIAL LITERATURA - Valpara\u00ed\u00adso Creativo\",\"isPartOf\":{\"@id\":\"https:\/\/dev.antudigital.cl\/sites\/vc\/#website\"},\"primaryImageOfPage\":{\"@id\":\"https:\/\/dev.antudigital.cl\/sites\/vc\/hub-abierto-especial-literatura\/#primaryimage\"},\"image\":{\"@id\":\"https:\/\/dev.antudigital.cl\/sites\/vc\/hub-abierto-especial-literatura\/#primaryimage\"},\"thumbnailUrl\":\"https:\/\/dev.antudigital.cl\/sites\/vc\/wp-content\/uploads\/2023\/08\/Captura-de-Pantalla-2023-08-22-a-las-19.23.40.png\",\"datePublished\":\"2023-08-22T23:25:29+00:00\",\"dateModified\":\"2023-08-22T23:25:35+00:00\",\"author\":{\"@id\":\"https:\/\/dev.antudigital.cl\/sites\/vc\/#\/schema\/person\/c2b9da8dd545e27166fc5ab232837318\"},\"breadcrumb\":{\"@id\":\"https:\/\/dev.antudigital.cl\/sites\/vc\/hub-abierto-especial-literatura\/#breadcrumb\"},\"inLanguage\":\"es\",\"potentialAction\":[{\"@type\":\"ReadAction\",\"target\":[\"https:\/\/dev.antudigital.cl\/sites\/vc\/hub-abierto-especial-literatura\/\"]}]},{\"@type\":\"ImageObject\",\"inLanguage\":\"es\",\"@id\":\"https:\/\/dev.antudigital.cl\/sites\/vc\/hub-abierto-especial-literatura\/#primaryimage\",\"url\":\"https:\/\/dev.antudigital.cl\/sites\/vc\/wp-content\/uploads\/2023\/08\/Captura-de-Pantalla-2023-08-22-a-las-19.23.40.png\",\"contentUrl\":\"https:\/\/dev.antudigital.cl\/sites\/vc\/wp-content\/uploads\/2023\/08\/Captura-de-Pantalla-2023-08-22-a-las-19.23.40.png\",\"width\":591,\"height\":388},{\"@type\":\"BreadcrumbList\",\"@id\":\"https:\/\/dev.antudigital.cl\/sites\/vc\/hub-abierto-especial-literatura\/#breadcrumb\",\"itemListElement\":[{\"@type\":\"ListItem\",\"position\":1,\"name\":\"Home\",\"item\":\"https:\/\/dev.antudigital.cl\/sites\/vc\/\"},{\"@type\":\"ListItem\",\"position\":2,\"name\":\"HUB ABIERTO: ESPECIAL LITERATURA\"}]},{\"@type\":\"WebSite\",\"@id\":\"https:\/\/dev.antudigital.cl\/sites\/vc\/#website\",\"url\":\"https:\/\/dev.antudigital.cl\/sites\/vc\/\",\"name\":\"Valpara\u00ed\u00adso Creativo\",\"description\":\"\",\"potentialAction\":[{\"@type\":\"SearchAction\",\"target\":{\"@type\":\"EntryPoint\",\"urlTemplate\":\"https:\/\/dev.antudigital.cl\/sites\/vc\/?s={search_term_string}\"},\"query-input\":{\"@type\":\"PropertyValueSpecification\",\"valueRequired\":true,\"valueName\":\"search_term_string\"}}],\"inLanguage\":\"es\"},{\"@type\":\"Person\",\"@id\":\"https:\/\/dev.antudigital.cl\/sites\/vc\/#\/schema\/person\/c2b9da8dd545e27166fc5ab232837318\",\"name\":\"Valpara\u00edso Creativo\",\"description\":\"Periodista de cultura en la Regi\u00f3n de Valpara\u00edso.\",\"url\":\"https:\/\/dev.antudigital.cl\/sites\/vc\/author\/valpoadmin\/\"}]}<\/script>\n<!-- \/ Yoast SEO plugin. -->","yoast_head_json":{"title":"HUB ABIERTO: ESPECIAL LITERATURA - Valpara\u00ed\u00adso Creativo","robots":{"index":"index","follow":"follow","max-snippet":"max-snippet:-1","max-image-preview":"max-image-preview:large","max-video-preview":"max-video-preview:-1"},"canonical":"https:\/\/dev.antudigital.cl\/sites\/vc\/hub-abierto-especial-literatura\/","og_locale":"es_ES","og_type":"article","og_title":"HUB ABIERTO: ESPECIAL LITERATURA - Valpara\u00ed\u00adso Creativo","og_description":"El mes pasado Hub Musical reuni\u00f3 en torno a las artes esc\u00e9nicas, ahora pasan a la literatura, de la mano de tres escritoras y sus recientes publicaciones, junto a una lectura performada y musicalizaci\u00f3n en vivo por\u00a0\u00c1urea Solar. &nbsp;Naty Lane,&nbsp;quien lanz\u00f3 hace unas semanas su nuevo libro, nos presentar\u00e1 lecturas de este viaje \u00edntimo y [&hellip;]","og_url":"https:\/\/dev.antudigital.cl\/sites\/vc\/hub-abierto-especial-literatura\/","og_site_name":"Valpara\u00ed\u00adso Creativo","article_published_time":"2023-08-22T23:25:29+00:00","article_modified_time":"2023-08-22T23:25:35+00:00","og_image":[{"width":591,"height":388,"url":"https:\/\/dev.antudigital.cl\/sites\/vc\/wp-content\/uploads\/2023\/08\/Captura-de-Pantalla-2023-08-22-a-las-19.23.40.png","type":"image\/png"}],"author":"Valpara\u00edso Creativo","twitter_card":"summary_large_image","twitter_misc":{"Escrito por":"Valpara\u00edso Creativo","Tiempo de lectura":"2 minutos"},"schema":{"@context":"https:\/\/schema.org","@graph":[{"@type":"Article","@id":"https:\/\/dev.antudigital.cl\/sites\/vc\/hub-abierto-especial-literatura\/#article","isPartOf":{"@id":"https:\/\/dev.antudigital.cl\/sites\/vc\/hub-abierto-especial-literatura\/"},"author":{"name":"Valpara\u00edso Creativo","@id":"https:\/\/dev.antudigital.cl\/sites\/vc\/#\/schema\/person\/c2b9da8dd545e27166fc5ab232837318"},"headline":"HUB ABIERTO: ESPECIAL LITERATURA","datePublished":"2023-08-22T23:25:29+00:00","dateModified":"2023-08-22T23:25:35+00:00","mainEntityOfPage":{"@id":"https:\/\/dev.antudigital.cl\/sites\/vc\/hub-abierto-especial-literatura\/"},"wordCount":192,"image":{"@id":"https:\/\/dev.antudigital.cl\/sites\/vc\/hub-abierto-especial-literatura\/#primaryimage"},"thumbnailUrl":"https:\/\/dev.antudigital.cl\/sites\/vc\/wp-content\/uploads\/2023\/08\/Captura-de-Pantalla-2023-08-22-a-las-19.23.40.png","articleSection":["Uncategorized"],"inLanguage":"es"},{"@type":"WebPage","@id":"https:\/\/dev.antudigital.cl\/sites\/vc\/hub-abierto-especial-literatura\/","url":"https:\/\/dev.antudigital.cl\/sites\/vc\/hub-abierto-especial-literatura\/","name":"HUB ABIERTO: ESPECIAL LITERATURA - Valpara\u00ed\u00adso Creativo","isPartOf":{"@id":"https:\/\/dev.antudigital.cl\/sites\/vc\/#website"},"primaryImageOfPage":{"@id":"https:\/\/dev.antudigital.cl\/sites\/vc\/hub-abierto-especial-literatura\/#primaryimage"},"image":{"@id":"https:\/\/dev.antudigital.cl\/sites\/vc\/hub-abierto-especial-literatura\/#primaryimage"},"thumbnailUrl":"https:\/\/dev.antudigital.cl\/sites\/vc\/wp-content\/uploads\/2023\/08\/Captura-de-Pantalla-2023-08-22-a-las-19.23.40.png","datePublished":"2023-08-22T23:25:29+00:00","dateModified":"2023-08-22T23:25:35+00:00","author":{"@id":"https:\/\/dev.antudigital.cl\/sites\/vc\/#\/schema\/person\/c2b9da8dd545e27166fc5ab232837318"},"breadcrumb":{"@id":"https:\/\/dev.antudigital.cl\/sites\/vc\/hub-abierto-especial-literatura\/#breadcrumb"},"inLanguage":"es","potentialAction":[{"@type":"ReadAction","target":["https:\/\/dev.antudigital.cl\/sites\/vc\/hub-abierto-especial-literatura\/"]}]},{"@type":"ImageObject","inLanguage":"es","@id":"https:\/\/dev.antudigital.cl\/sites\/vc\/hub-abierto-especial-literatura\/#primaryimage","url":"https:\/\/dev.antudigital.cl\/sites\/vc\/wp-content\/uploads\/2023\/08\/Captura-de-Pantalla-2023-08-22-a-las-19.23.40.png","contentUrl":"https:\/\/dev.antudigital.cl\/sites\/vc\/wp-content\/uploads\/2023\/08\/Captura-de-Pantalla-2023-08-22-a-las-19.23.40.png","width":591,"height":388},{"@type":"BreadcrumbList","@id":"https:\/\/dev.antudigital.cl\/sites\/vc\/hub-abierto-especial-literatura\/#breadcrumb","itemListElement":[{"@type":"ListItem","position":1,"name":"Home","item":"https:\/\/dev.antudigital.cl\/sites\/vc\/"},{"@type":"ListItem","position":2,"name":"HUB ABIERTO: ESPECIAL LITERATURA"}]},{"@type":"WebSite","@id":"https:\/\/dev.antudigital.cl\/sites\/vc\/#website","url":"https:\/\/dev.antudigital.cl\/sites\/vc\/","name":"Valpara\u00ed\u00adso Creativo","description":"","potentialAction":[{"@type":"SearchAction","target":{"@type":"EntryPoint","urlTemplate":"https:\/\/dev.antudigital.cl\/sites\/vc\/?s={search_term_string}"},"query-input":{"@type":"PropertyValueSpecification","valueRequired":true,"valueName":"search_term_string"}}],"inLanguage":"es"},{"@type":"Person","@id":"https:\/\/dev.antudigital.cl\/sites\/vc\/#\/schema\/person\/c2b9da8dd545e27166fc5ab232837318","name":"Valpara\u00edso Creativo","description":"Periodista de cultura en la Regi\u00f3n de Valpara\u00edso.","url":"https:\/\/dev.antudigital.cl\/sites\/vc\/author\/valpoadmin\/"}]}},"_links":{"self":[{"href":"https:\/\/dev.antudigital.cl\/sites\/vc\/wp-json\/wp\/v2\/posts\/16617","targetHints":{"allow":["GET"]}}],"collection":[{"href":"https:\/\/dev.antudigital.cl\/sites\/vc\/wp-json\/wp\/v2\/posts"}],"about":[{"href":"https:\/\/dev.antudigital.cl\/sites\/vc\/wp-json\/wp\/v2\/types\/post"}],"author":[{"embeddable":true,"href":"https:\/\/dev.antudigital.cl\/sites\/vc\/wp-json\/wp\/v2\/users\/1"}],"replies":[{"embeddable":true,"href":"https:\/\/dev.antudigital.cl\/sites\/vc\/wp-json\/wp\/v2\/comments?post=16617"}],"version-history":[{"count":1,"href":"https:\/\/dev.antudigital.cl\/sites\/vc\/wp-json\/wp\/v2\/posts\/16617\/revisions"}],"predecessor-version":[{"id":16619,"href":"https:\/\/dev.antudigital.cl\/sites\/vc\/wp-json\/wp\/v2\/posts\/16617\/revisions\/16619"}],"wp:featuredmedia":[{"embeddable":true,"href":"https:\/\/dev.antudigital.cl\/sites\/vc\/wp-json\/wp\/v2\/media\/16618"}],"wp:attachment":[{"href":"https:\/\/dev.antudigital.cl\/sites\/vc\/wp-json\/wp\/v2\/media?parent=16617"}],"wp:term":[{"taxonomy":"category","embeddable":true,"href":"https:\/\/dev.antudigital.cl\/sites\/vc\/wp-json\/wp\/v2\/categories?post=16617"},{"taxonomy":"post_tag","embeddable":true,"href":"https:\/\/dev.antudigital.cl\/sites\/vc\/wp-json\/wp\/v2\/tags?post=16617"}],"curies":[{"name":"wp","href":"https:\/\/api.w.org\/{rel}","templated":true}]}}