{"id":16805,"date":"2023-08-29T02:28:01","date_gmt":"2023-08-29T02:28:01","guid":{"rendered":"https:\/\/www.valparaisocreativo.cl\/?p=16805"},"modified":"2023-08-29T13:58:28","modified_gmt":"2023-08-29T13:58:28","slug":"apenas-un-vistazo-de-rapa-nui-la-experiencia-de-renato-ordenes","status":"publish","type":"post","link":"https:\/\/dev.antudigital.cl\/sites\/vc\/apenas-un-vistazo-de-rapa-nui-la-experiencia-de-renato-ordenes\/","title":{"rendered":"Apenas un vistazo de Rapa Nui: la experiencia de Renato \u00d3rdenes"},"content":{"rendered":"\n<p><em>Por: Valentinne Rudolphy<\/em><\/p>\n\n\n\n<p><em>Fotograf\u00edas: Cristian Maturana<\/em><\/p>\n\n\n\n<p>En nuestros a\u00f1os de trabajo, hemos ido expandiendo nuestras conexiones a nivel regional. Sin embargo, nos hemos encontrado &#8211; junto a otros organismos &#8211; frente a una gran brecha geogr\u00e1fica y cultural que nos separa de Rapa Nui, que representa una riqueza enorme en muchos sentidos.<\/p>\n\n\n\n<p>Es importante para nosotros expresar el respeto que tenemos por esta cultura, que sabemos es muy distinta a lo que ocurre en el continente, pero que es parte de nuestro territorio.<\/p>\n\n\n\n<p>Ante la pregunta, <strong>\u00bfc\u00f3mo ir acerc\u00e1ndonos, reconociendo y aprendiendo de esta hermosa isla que es parte de nuestra Regi\u00f3n, pero parece de otra \u00e9poca, de otro mundo?&nbsp;<\/strong><\/p>\n\n\n\n<p>Un primer paso es esta entrevista. Hablamos con el artista visual, investigador y docente Renato \u00d3rdenes San Mart\u00edn, de Worm Cantera de Arte, quien por una iniciativa independiente a partir de dos situaciones, lleg\u00f3 a Rapa Nui por dos semanas a trabajar en sus proyectos. Pero m\u00e1s que eso: fue a conocer y descubrir este incre\u00edble mundo que tiene caracter\u00edsticas \u00fanicas.&nbsp;<\/p>\n\n\n\n<p>Esta entrevista pretende no educar, sino que plantear inquietudes, sembrar informaci\u00f3n, y ser uno de los pasos para vincularnos con Rapa Nui para saber m\u00e1s de su incre\u00edble historia.<\/p>\n\n\n\n<p><strong>\u00bfC\u00f3mo surgi\u00f3 la iniciativa de tu viaje?<\/strong><\/p>\n\n\n\n<p>-Mi viaje parti\u00f3 como idea en el Doctorado de Estudios Interdisciplinarios de la Universidad de Valpara\u00edso (DEI UV), que actualmente estoy cursando, donde tengo de compa\u00f1era a Macarena O\u00f1ate, quien sol\u00eda vivir en el continente y luego se fue a Rapa Nui. Siendo funcionaria p\u00fablica de la cultura, se fue en un momento a la Isla, donde termin\u00f3 qued\u00e1ndose y lleva 20 a\u00f1os viviendo ah\u00ed. Ac\u00e1 logr\u00f3 expandir su trabajo cultural, levantando la primera oficina relativa al sector en Rapa Nui, lo que igual era un hito en un espacio donde la cultura es otra. Macarena resolvi\u00f3 las barreras y aport\u00f3 desde sus conocimientos a los artistas locales. Actualmente tiene un socio, <a href=\"https:\/\/www.instagram.com\/mokomae\/\">Mokomae<\/a>, un artista y tatuador reconocido en la Isla que recuper\u00f3 el tatuaje polin\u00e9sico con t\u00e9cnicas contempor\u00e1neas, lo que es un rescate valioso. Ambos se unieron en \u201cArt From Rapa Nui\u201d, una galer\u00eda que hoy en d\u00eda funciona m\u00e1s como residencia art\u00edstica, donde han recibido artistas all\u00e1 que realizan proyectos acotados, en mi caso, dos semanas.<\/p>\n\n\n\n<figure class=\"wp-block-image size-large\"><img fetchpriority=\"high\" decoding=\"async\" width=\"1024\" height=\"683\" src=\"https:\/\/www.valparaisocreativo.cl\/wp-content\/uploads\/2023\/08\/Volcan-Rano-Raraku-desde-Tongariki-1024x683.jpg\" alt=\"\" class=\"wp-image-16809\" srcset=\"https:\/\/dev.antudigital.cl\/sites\/vc\/wp-content\/uploads\/2023\/08\/Volcan-Rano-Raraku-desde-Tongariki-1024x683.jpg 1024w, https:\/\/dev.antudigital.cl\/sites\/vc\/wp-content\/uploads\/2023\/08\/Volcan-Rano-Raraku-desde-Tongariki-300x200.jpg 300w, https:\/\/dev.antudigital.cl\/sites\/vc\/wp-content\/uploads\/2023\/08\/Volcan-Rano-Raraku-desde-Tongariki-768x512.jpg 768w, https:\/\/dev.antudigital.cl\/sites\/vc\/wp-content\/uploads\/2023\/08\/Volcan-Rano-Raraku-desde-Tongariki-1536x1024.jpg 1536w, https:\/\/dev.antudigital.cl\/sites\/vc\/wp-content\/uploads\/2023\/08\/Volcan-Rano-Raraku-desde-Tongariki-2048x1365.jpg 2048w, https:\/\/dev.antudigital.cl\/sites\/vc\/wp-content\/uploads\/2023\/08\/Volcan-Rano-Raraku-desde-Tongariki-1080x720.jpg 1080w, https:\/\/dev.antudigital.cl\/sites\/vc\/wp-content\/uploads\/2023\/08\/Volcan-Rano-Raraku-desde-Tongariki-1280x854.jpg 1280w, https:\/\/dev.antudigital.cl\/sites\/vc\/wp-content\/uploads\/2023\/08\/Volcan-Rano-Raraku-desde-Tongariki-980x653.jpg 980w, https:\/\/dev.antudigital.cl\/sites\/vc\/wp-content\/uploads\/2023\/08\/Volcan-Rano-Raraku-desde-Tongariki-480x320.jpg 480w, https:\/\/dev.antudigital.cl\/sites\/vc\/wp-content\/uploads\/2023\/08\/Volcan-Rano-Raraku-desde-Tongariki-24x16.jpg 24w, https:\/\/dev.antudigital.cl\/sites\/vc\/wp-content\/uploads\/2023\/08\/Volcan-Rano-Raraku-desde-Tongariki-36x24.jpg 36w, https:\/\/dev.antudigital.cl\/sites\/vc\/wp-content\/uploads\/2023\/08\/Volcan-Rano-Raraku-desde-Tongariki-48x32.jpg 48w\" sizes=\"(max-width: 1024px) 100vw, 1024px\" \/><figcaption class=\"wp-element-caption\">Volca\u0301n Rano Raraku<\/figcaption><\/figure>\n\n\n\n<p><strong>\u00bfDe qu\u00e9 trata tu proyecto de tesis y c\u00f3mo se vincul\u00f3 con la galer\u00eda?<\/strong><\/p>\n\n\n\n<p>-El cruce con Macarena se realiz\u00f3 ya que yo planteo un estudio en torno al fen\u00f3meno del sue\u00f1o, ante lo que ella me invita ya que el mito del origen de la isla es a partir de un sue\u00f1o: el de Hau-Maka, quien era uno de los sabios del Rey Hotu Matu\u2019a, quien viv\u00eda en otra isla en el territorio de las islas marquesas. La leyenda cuenta que dicha isla se estaba hundiendo, a lo que Hau-Maka sue\u00f1a con esta isla que ser\u00eda Rapa Nui, antes llamada de otra forma. El sue\u00f1o mostraba las coordenadas y geograf\u00eda de Rapa Nui. Entonces enviaron exploradores en esta proeza, llegan al lugar del sue\u00f1o y al ver las condiciones del territorio, se devuelven informando que la visi\u00f3n era real. La leyenda por supuesto no coincide con lo que dicen los arque\u00f3logos, incluso, a\u00fan est\u00e1n en investigaci\u00f3n los or\u00edgenes de este pueblo.<\/p>\n\n\n\n<p>As\u00ed comienza el poblamiento de la Isla desde la leyenda. Este contexto implica que los sue\u00f1os son muy relevantes para esta cultura, as\u00ed que postul\u00e9 un proyecto y qued\u00f3 seleccionado. En paralelo, sali\u00f3 seleccionado un Fondart del artista Cristi\u00e1n Maturana, quien est\u00e1 estudiando los distintos sitios de relegaci\u00f3n pol\u00edtica de Chile. Tambi\u00e9n estoy trabajando con \u00e9l, por lo que todo se conect\u00f3, ya que la Isla de Pascua tambi\u00e9n fue un sitio de \u00e9stos. Entonces vine por ambos trabajo, por lo que aprend\u00ed mucho tambi\u00e9n de la historia pol\u00edtica de la isla.&nbsp;<\/p>\n\n\n\n<figure class=\"wp-block-image size-large\"><img decoding=\"async\" width=\"1024\" height=\"683\" src=\"https:\/\/www.valparaisocreativo.cl\/wp-content\/uploads\/2023\/08\/Te-Pito-Kura-1024x683.jpg\" alt=\"\" class=\"wp-image-16811\" srcset=\"https:\/\/dev.antudigital.cl\/sites\/vc\/wp-content\/uploads\/2023\/08\/Te-Pito-Kura-1024x683.jpg 1024w, https:\/\/dev.antudigital.cl\/sites\/vc\/wp-content\/uploads\/2023\/08\/Te-Pito-Kura-300x200.jpg 300w, https:\/\/dev.antudigital.cl\/sites\/vc\/wp-content\/uploads\/2023\/08\/Te-Pito-Kura-768x512.jpg 768w, https:\/\/dev.antudigital.cl\/sites\/vc\/wp-content\/uploads\/2023\/08\/Te-Pito-Kura-1536x1024.jpg 1536w, https:\/\/dev.antudigital.cl\/sites\/vc\/wp-content\/uploads\/2023\/08\/Te-Pito-Kura-2048x1365.jpg 2048w, https:\/\/dev.antudigital.cl\/sites\/vc\/wp-content\/uploads\/2023\/08\/Te-Pito-Kura-1080x720.jpg 1080w, https:\/\/dev.antudigital.cl\/sites\/vc\/wp-content\/uploads\/2023\/08\/Te-Pito-Kura-1280x854.jpg 1280w, https:\/\/dev.antudigital.cl\/sites\/vc\/wp-content\/uploads\/2023\/08\/Te-Pito-Kura-980x653.jpg 980w, https:\/\/dev.antudigital.cl\/sites\/vc\/wp-content\/uploads\/2023\/08\/Te-Pito-Kura-480x320.jpg 480w, https:\/\/dev.antudigital.cl\/sites\/vc\/wp-content\/uploads\/2023\/08\/Te-Pito-Kura-24x16.jpg 24w, https:\/\/dev.antudigital.cl\/sites\/vc\/wp-content\/uploads\/2023\/08\/Te-Pito-Kura-36x24.jpg 36w, https:\/\/dev.antudigital.cl\/sites\/vc\/wp-content\/uploads\/2023\/08\/Te-Pito-Kura-48x32.jpg 48w\" sizes=\"(max-width: 1024px) 100vw, 1024px\" \/><figcaption class=\"wp-element-caption\">Te Pito Kura<\/figcaption><\/figure>\n\n\n\n<p><strong>\u00bfC\u00f3mo fue el primer encuentro, por as\u00ed decirlo, con la Isla?<\/strong><\/p>\n\n\n\n<p>-Hanga Roa es el nombre del pueblo y es peque\u00f1o, la mayor\u00eda vive ah\u00ed y el resto vive en el campo o lo que es Parque Nacional. Llegu\u00e9 al seno de una familia, que es la familia de Mokomae precisamente, por lo que mi experiencia fue muy especial. Las familias tienen roles muy importantes en la Isla. Araki, quienes me recibieron, es una familia con reconocimiento, quienes me permitieron conocer de manera sensible e hist\u00f3rica la cultura Rapa Nui y los sitios arqueol\u00f3gicos.&nbsp;<\/p>\n\n\n\n<p><strong>\u00bfDe qu\u00e9 manera se desarroll\u00f3 tu estad\u00eda, qu\u00e9 fuiste aprendiendo?<\/strong><\/p>\n\n\n\n<p>-Empec\u00e9 a vivir la cotidianidad de esta familia, que fue lo m\u00e1s rico. Se me olvid\u00f3 mi proyecto la primera semana, solo habit\u00e9 la Isla como uno m\u00e1s. Todo all\u00e1 es incre\u00edble, por ejemplo la comida, ya que todos los alimentos son locales, se protegen mucho de lo que viene del continente. Todo es muy abundante all\u00e1. Por ejemplo, tiene la mayor cantidad de especie de pl\u00e1tano en el mundo. La carne tambi\u00e9n es de ganader\u00eda local, todo muy sano y propio del lugar. Y el at\u00fan represeta gran parte de los platos de la Isla.&nbsp;<\/p>\n\n\n\n<p>Mi primera semana fue solo conocer, pues viv\u00eda muchas cosas diariamente. El primer sitio que vi fue Rano Kau, que es un volc\u00e1n cuyo cr\u00e1ter se llen\u00f3 de agua, por lo que ves un gran lago en \u00e9l. Ac\u00e1 existe un pueblo, llamado Orongo, donde se eleg\u00eda el gobernante de la Isla en un periodo hist\u00f3rico, la ceremonia se llama Tangata manu, ceremonia donde se honrraba al dios Make-Make y se eleg\u00eda el sagrado hombre-p\u00e1jaro de Rapa Nui.&nbsp;<\/p>\n\n\n\n<p>La segunda semana de viaje pens\u00e9 en mi proyecto, por lo que entrevist\u00e9 personas con relaci\u00f3n a la importancia del sue\u00f1o y pint\u00e9 las ruinas en acuarela. Adem\u00e1s, logr\u00e9 registrar parte importante de los detalles constructivos que pint\u00e9.<\/p>\n\n\n\n<figure class=\"wp-block-image size-large\"><img decoding=\"async\" width=\"1024\" height=\"683\" src=\"https:\/\/www.valparaisocreativo.cl\/wp-content\/uploads\/2023\/08\/Volcan-Rano-Kau-1024x683.jpg\" alt=\"\" class=\"wp-image-16810\" srcset=\"https:\/\/dev.antudigital.cl\/sites\/vc\/wp-content\/uploads\/2023\/08\/Volcan-Rano-Kau-1024x683.jpg 1024w, https:\/\/dev.antudigital.cl\/sites\/vc\/wp-content\/uploads\/2023\/08\/Volcan-Rano-Kau-300x200.jpg 300w, https:\/\/dev.antudigital.cl\/sites\/vc\/wp-content\/uploads\/2023\/08\/Volcan-Rano-Kau-768x512.jpg 768w, https:\/\/dev.antudigital.cl\/sites\/vc\/wp-content\/uploads\/2023\/08\/Volcan-Rano-Kau-1536x1024.jpg 1536w, https:\/\/dev.antudigital.cl\/sites\/vc\/wp-content\/uploads\/2023\/08\/Volcan-Rano-Kau-2048x1365.jpg 2048w, https:\/\/dev.antudigital.cl\/sites\/vc\/wp-content\/uploads\/2023\/08\/Volcan-Rano-Kau-1080x720.jpg 1080w, https:\/\/dev.antudigital.cl\/sites\/vc\/wp-content\/uploads\/2023\/08\/Volcan-Rano-Kau-1280x854.jpg 1280w, https:\/\/dev.antudigital.cl\/sites\/vc\/wp-content\/uploads\/2023\/08\/Volcan-Rano-Kau-980x653.jpg 980w, https:\/\/dev.antudigital.cl\/sites\/vc\/wp-content\/uploads\/2023\/08\/Volcan-Rano-Kau-480x320.jpg 480w, https:\/\/dev.antudigital.cl\/sites\/vc\/wp-content\/uploads\/2023\/08\/Volcan-Rano-Kau-24x16.jpg 24w, https:\/\/dev.antudigital.cl\/sites\/vc\/wp-content\/uploads\/2023\/08\/Volcan-Rano-Kau-36x24.jpg 36w, https:\/\/dev.antudigital.cl\/sites\/vc\/wp-content\/uploads\/2023\/08\/Volcan-Rano-Kau-48x32.jpg 48w\" sizes=\"(max-width: 1024px) 100vw, 1024px\" \/><figcaption class=\"wp-element-caption\">Volca\u0301n Rano Kau<\/figcaption><\/figure>\n\n\n\n<p><strong>\u00bfQu\u00e9 es lo m\u00e1s relevante que puedes transmitir de tu experiencia? \u00bfC\u00f3mo la describir\u00edas?<\/strong><\/p>\n\n\n\n<p>-Me di cuenta de que no tenemos nada en com\u00fan con Rapa Nui, yo me abr\u00ed a conocer una cultura totalmente diferente a la que pensaba que me encontrar\u00eda. Pude conocer su historia pol\u00edtica y su contemporaneidad.&nbsp;<\/p>\n\n\n\n<p><strong>\u00bfQu\u00e9 te llam\u00f3 la atenci\u00f3n de la geograf\u00eda de la Isla?<\/strong><\/p>\n\n\n\n<p>-Es importante reconocer que la Isla es un trozo de tierra que emerge del mar, como una \u201cespinilla\u201d de la misma, que se asoma a la superficie. Es algo muy loco y dif\u00edcil de dimensionar, en cuanto a que las profundidades del mar en ese lugar no est\u00e1n sondeadas.<\/p>\n\n\n\n<p>La Isla entera es Parque Nacional, pero no est\u00e1 actualmente administrada por Conaf, ellos s\u00f3lo consideraban los parques, pero no el cuidado espec\u00edfico de los sitios arqueol\u00f3gicos, lo que es muy distinto y tiene un simbolismo cultural muy importante. Luego de una lucha muy grande, los Rapa Nui lograron este cambio. En un momento el pueblo tom\u00f3 la determinaci\u00f3n de ir a acampar a estos sitios para cuidarlos del turismo, debido a que se hab\u00eda generado un deterioro con algunos puntos de estas estructuras, adem\u00e1s de la falta de respeto que se produc\u00eda a estos s\u00edmbolos, parte de la cultura Rapa Nui. As\u00ed es como crearon una organizaci\u00f3n, Ma\u2019u Henua (mi tierra), la que se legitim\u00f3 como cuidadora de estos sitios arqueol\u00f3gicos, que son tambi\u00e9n mostrados por gu\u00edas de la isla certificado, o por un nativo Rapa Nui. De esta manera lograron administrar recursos para la Isla. Para ellos, los lugares importan trascendentalmente.<\/p>\n\n\n\n<figure class=\"wp-block-image size-large\"><img loading=\"lazy\" decoding=\"async\" width=\"1024\" height=\"683\" src=\"https:\/\/www.valparaisocreativo.cl\/wp-content\/uploads\/2023\/08\/Ahu-Keki\u00b4i-1024x683.jpg\" alt=\"\" class=\"wp-image-16812\" srcset=\"https:\/\/dev.antudigital.cl\/sites\/vc\/wp-content\/uploads\/2023\/08\/Ahu-Keki\u00b4i-1024x683.jpg 1024w, https:\/\/dev.antudigital.cl\/sites\/vc\/wp-content\/uploads\/2023\/08\/Ahu-Keki\u00b4i-300x200.jpg 300w, https:\/\/dev.antudigital.cl\/sites\/vc\/wp-content\/uploads\/2023\/08\/Ahu-Keki\u00b4i-768x512.jpg 768w, https:\/\/dev.antudigital.cl\/sites\/vc\/wp-content\/uploads\/2023\/08\/Ahu-Keki\u00b4i-1536x1024.jpg 1536w, https:\/\/dev.antudigital.cl\/sites\/vc\/wp-content\/uploads\/2023\/08\/Ahu-Keki\u00b4i-2048x1365.jpg 2048w, https:\/\/dev.antudigital.cl\/sites\/vc\/wp-content\/uploads\/2023\/08\/Ahu-Keki\u00b4i-1080x720.jpg 1080w, https:\/\/dev.antudigital.cl\/sites\/vc\/wp-content\/uploads\/2023\/08\/Ahu-Keki\u00b4i-1280x854.jpg 1280w, https:\/\/dev.antudigital.cl\/sites\/vc\/wp-content\/uploads\/2023\/08\/Ahu-Keki\u00b4i-980x653.jpg 980w, https:\/\/dev.antudigital.cl\/sites\/vc\/wp-content\/uploads\/2023\/08\/Ahu-Keki\u00b4i-480x320.jpg 480w, https:\/\/dev.antudigital.cl\/sites\/vc\/wp-content\/uploads\/2023\/08\/Ahu-Keki\u00b4i-24x16.jpg 24w, https:\/\/dev.antudigital.cl\/sites\/vc\/wp-content\/uploads\/2023\/08\/Ahu-Keki\u00b4i-36x24.jpg 36w, https:\/\/dev.antudigital.cl\/sites\/vc\/wp-content\/uploads\/2023\/08\/Ahu-Keki\u00b4i-48x32.jpg 48w\" sizes=\"(max-width: 1024px) 100vw, 1024px\" \/><figcaption class=\"wp-element-caption\">Ahu Keki\u00b4i<\/figcaption><\/figure>\n\n\n\n<p><strong>\u00bfQu\u00e9 aprendiste de su historia que nos puedas transmitir, que te haya asombrado?<\/strong><\/p>\n\n\n\n<p>-La Isla ha vivido distintas administraciones, ya que antes estaba \u201ctomada\u201d por otras naciones, donde distintas navieras llegaban a la isla y la ocupaban. De hecho Hanga Roa tiene una historia muy fuerte, ya que era un espacio de \u201creclusi\u00f3n\u201d para los habitantes de la Isla. Desde entonces hab\u00eda un desmedro de la poblaci\u00f3n. Tienen una muy triste historia que se ha ido perdiendo. Los ancianos, llamados Koros, son perosnas muy importantes ya que mantenienen la tradici\u00f3n oral y la historia de la Isla. Tambi\u00e9n hay un jesuita que es particularmente importante en este rol, Sebasti\u00e1n Englert, quien fue uno de los pocos que recopil\u00f3 la historia del pueblo Rapa Nui y su nombre lleva el Museo Antropol\u00f3gico de la Isla.<\/p>\n\n\n\n<p><strong>\u00bfCon qu\u00e9 caracter\u00edsticas se asocia m\u00e1s la cultura Rapa Nui?<\/strong><\/p>\n\n\n\n<p>-A Rapa Nui lo llaman \u201cEl ombligo del mundo\u201d por su ubicaci\u00f3n geogr\u00e1fica y tiene una relaci\u00f3n muy estrecha con Tahiti, que se debilit\u00f3 tras la pandemia, en especial en la conexi\u00f3n a\u00e9rea, donde hoy priman los vuelos de LanChile. Tambi\u00e9n as\u00ed con Nueva Zelanda y Hawaii, lo que se ve mucho en especial en los deportes, la comida y otros aspectos.<\/p>\n\n\n\n<figure class=\"wp-block-image size-large\"><img loading=\"lazy\" decoding=\"async\" width=\"1024\" height=\"683\" src=\"https:\/\/www.valparaisocreativo.cl\/wp-content\/uploads\/2023\/08\/Ana-Te-Pahu-1024x683.jpg\" alt=\"\" class=\"wp-image-16813\" srcset=\"https:\/\/dev.antudigital.cl\/sites\/vc\/wp-content\/uploads\/2023\/08\/Ana-Te-Pahu-1024x683.jpg 1024w, https:\/\/dev.antudigital.cl\/sites\/vc\/wp-content\/uploads\/2023\/08\/Ana-Te-Pahu-300x200.jpg 300w, https:\/\/dev.antudigital.cl\/sites\/vc\/wp-content\/uploads\/2023\/08\/Ana-Te-Pahu-768x512.jpg 768w, https:\/\/dev.antudigital.cl\/sites\/vc\/wp-content\/uploads\/2023\/08\/Ana-Te-Pahu-1536x1024.jpg 1536w, https:\/\/dev.antudigital.cl\/sites\/vc\/wp-content\/uploads\/2023\/08\/Ana-Te-Pahu-2048x1365.jpg 2048w, https:\/\/dev.antudigital.cl\/sites\/vc\/wp-content\/uploads\/2023\/08\/Ana-Te-Pahu-1080x720.jpg 1080w, https:\/\/dev.antudigital.cl\/sites\/vc\/wp-content\/uploads\/2023\/08\/Ana-Te-Pahu-1280x854.jpg 1280w, https:\/\/dev.antudigital.cl\/sites\/vc\/wp-content\/uploads\/2023\/08\/Ana-Te-Pahu-980x653.jpg 980w, https:\/\/dev.antudigital.cl\/sites\/vc\/wp-content\/uploads\/2023\/08\/Ana-Te-Pahu-480x320.jpg 480w, https:\/\/dev.antudigital.cl\/sites\/vc\/wp-content\/uploads\/2023\/08\/Ana-Te-Pahu-24x16.jpg 24w, https:\/\/dev.antudigital.cl\/sites\/vc\/wp-content\/uploads\/2023\/08\/Ana-Te-Pahu-36x24.jpg 36w, https:\/\/dev.antudigital.cl\/sites\/vc\/wp-content\/uploads\/2023\/08\/Ana-Te-Pahu-48x32.jpg 48w\" sizes=\"(max-width: 1024px) 100vw, 1024px\" \/><figcaption class=\"wp-element-caption\">Ana Te Pahu\n<\/figcaption><\/figure>\n\n\n\n<p><strong>Una de las cosas que m\u00e1s llaman la atenci\u00f3n son las construcciones, \u00bfno? Como los moais, \u00bfqu\u00e9 nos puedes contar de esta relaci\u00f3n con la piedra que se genera en la Isla?<\/strong><\/p>\n\n\n\n<p>-Rapa Nui es la \u00fanica cultura polin\u00e9sica que tiene construcci\u00f3n megal\u00edtica, lo que es s\u00faper raro que exista, y es una de las pocas culturas en el mundo que tienen este tipo de estructuras: Egipto, o las construcciones aztecas, por ejemplo. Los Moais est\u00e1n hechos de manera excepcional, todos son distintos y representan el punto c\u00falmine de esta tradici\u00f3n, para llegar a hacer los moais tuvo que existir una maestr\u00eda de la piedra volc\u00e1nica que toma a\u00f1os, sino siglos. La piedra est\u00e1 tan bien cortada que genera un ensamble perfecto, una construcci\u00f3n que no existe hoy en d\u00eda. Toda la Isla est\u00e1 llena de simbolismos, en sus cuevas, en estas estructuras, en todo.<\/p>\n\n\n\n<p>El conocimiento de la piedra es algo que dominaban totalmente: para sembrar crearon unas estructuras llamadas Manavai un eficiente sistema etnobot\u00e1nico que permite el desarrollo de la agricultura sustentable.Todo eso se desarroll\u00f3 durante a\u00f1os, y cuando ya se domin\u00f3 en la vida cotidiana, viene la construcci\u00f3n megal\u00edtica de los moais.&nbsp;<\/p>\n\n\n\n<p><strong>Finalmente, \u00bfqu\u00e9 te gustar\u00eda remarcar para que todos sepan acerca de esta cultura y qu\u00e9 debemos tener en consideraci\u00f3n para respetarla?<\/strong><\/p>\n\n\n\n<p>-Hay que entender que son siglos de sobrevivencia y resistencia en un espacio donde est\u00e1 atravesando el conflicto constantemente, y mucho antes de que llegara ac\u00e1 Chile, por ejemplo, los Rapa Nui sufrieron mucho hasta ser casi exterminados, por lo que la reconstrucci\u00f3n de su pueblo es compleja, y sigue siendo una relaci\u00f3n delicada. Hay un pueblo luchando por mantenerse, lleno de contradicciones, pero con todo un habitar la Isla desde una sensibilidad y espiritualidad muy rica, bien distinta a lo que veo en el continente. Por eso creo que hay que tener un cuidado especial al visitar la Isla: observar, conocer, luego ver si es que uno puede aportar. Nunca imponer.<\/p>\n\n\n\n<p>Quiero aprovechar de agradecer, nuevamente, a la Familia Araki ( Chichi, Yeni, Ali, Atamu y expandida junto a Joaqu\u00edn, Andr\u00e9s y Malcom), que si no fuera por ellos\/as mi visi\u00f3n de la Isla habr\u00eda sido reducida y distanciada. A Sonia Haoa, por recibirme en su hogar y mostrarme su proyecto con Hongos. A Julio Hotus, por su entrevista y tiempo dedicado a hablarme de la importancia del sue\u00f1o en su familia. A Macarena O\u00f1ate y Mokomae por su proyecto Art From Rapa Nui que permitieron mi viaje. A Cristian Maturana mi compa\u00f1ero de viaje, y a la Isla y sus ancentros que me cuidaron y acogieron.&nbsp;<\/p>\n\n\n\n<p><\/p>\n\n\n\n<p><a href=\"https:\/\/www.instagram.com\/renato.ordenes.san.martin\/\">Puedes seguir a Renato en su Instagram.<\/a><\/p>\n","protected":false},"excerpt":{"rendered":"<p>Por: Valentinne Rudolphy Fotograf\u00edas: Cristian Maturana En nuestros a\u00f1os de trabajo, hemos ido expandiendo nuestras conexiones a nivel regional. Sin embargo, nos hemos encontrado &#8211; junto a otros organismos &#8211; frente a una gran brecha geogr\u00e1fica y cultural que nos separa de Rapa Nui, que representa una riqueza enorme en muchos sentidos. Es importante para [&hellip;]<\/p>\n","protected":false},"author":1,"featured_media":16814,"comment_status":"closed","ping_status":"closed","sticky":false,"template":"","format":"standard","meta":{"_acf_changed":false,"footnotes":""},"categories":[218],"tags":[],"class_list":["post-16805","post","type-post","status-publish","format-standard","has-post-thumbnail","hentry","category-blog"],"acf":[],"yoast_head":"<!-- This site is optimized with the Yoast SEO plugin v27.1.1 - https:\/\/yoast.com\/product\/yoast-seo-wordpress\/ -->\n<title>Apenas un vistazo de Rapa Nui: la experiencia de Renato \u00d3rdenes - Valpara\u00ed\u00adso Creativo<\/title>\n<meta name=\"robots\" content=\"index, follow, max-snippet:-1, max-image-preview:large, max-video-preview:-1\" \/>\n<link rel=\"canonical\" href=\"https:\/\/dev.antudigital.cl\/sites\/vc\/apenas-un-vistazo-de-rapa-nui-la-experiencia-de-renato-ordenes\/\" \/>\n<meta property=\"og:locale\" content=\"es_ES\" \/>\n<meta property=\"og:type\" content=\"article\" \/>\n<meta property=\"og:title\" content=\"Apenas un vistazo de Rapa Nui: la experiencia de Renato \u00d3rdenes - Valpara\u00ed\u00adso Creativo\" \/>\n<meta property=\"og:description\" content=\"Por: Valentinne Rudolphy Fotograf\u00edas: Cristian Maturana En nuestros a\u00f1os de trabajo, hemos ido expandiendo nuestras conexiones a nivel regional. Sin embargo, nos hemos encontrado &#8211; junto a otros organismos &#8211; frente a una gran brecha geogr\u00e1fica y cultural que nos separa de Rapa Nui, que representa una riqueza enorme en muchos sentidos. Es importante para [&hellip;]\" \/>\n<meta property=\"og:url\" content=\"https:\/\/dev.antudigital.cl\/sites\/vc\/apenas-un-vistazo-de-rapa-nui-la-experiencia-de-renato-ordenes\/\" \/>\n<meta property=\"og:site_name\" content=\"Valpara\u00ed\u00adso Creativo\" \/>\n<meta property=\"article:published_time\" content=\"2023-08-29T02:28:01+00:00\" \/>\n<meta property=\"article:modified_time\" content=\"2023-08-29T13:58:28+00:00\" \/>\n<meta property=\"og:image\" content=\"https:\/\/dev.antudigital.cl\/sites\/vc\/wp-content\/uploads\/2023\/08\/Captura-de-Pantalla-2023-08-28-a-las-19.38.57.png\" \/>\n\t<meta property=\"og:image:width\" content=\"903\" \/>\n\t<meta property=\"og:image:height\" content=\"677\" \/>\n\t<meta property=\"og:image:type\" content=\"image\/png\" \/>\n<meta name=\"author\" content=\"Valpara\u00edso Creativo\" \/>\n<meta name=\"twitter:card\" content=\"summary_large_image\" \/>\n<meta name=\"twitter:label1\" content=\"Escrito por\" \/>\n\t<meta name=\"twitter:data1\" content=\"Valpara\u00edso Creativo\" \/>\n\t<meta name=\"twitter:label2\" content=\"Tiempo de lectura\" \/>\n\t<meta name=\"twitter:data2\" content=\"10 minutos\" \/>\n<script type=\"application\/ld+json\" class=\"yoast-schema-graph\">{\"@context\":\"https:\/\/schema.org\",\"@graph\":[{\"@type\":\"Article\",\"@id\":\"https:\/\/dev.antudigital.cl\/sites\/vc\/apenas-un-vistazo-de-rapa-nui-la-experiencia-de-renato-ordenes\/#article\",\"isPartOf\":{\"@id\":\"https:\/\/dev.antudigital.cl\/sites\/vc\/apenas-un-vistazo-de-rapa-nui-la-experiencia-de-renato-ordenes\/\"},\"author\":{\"name\":\"Valpara\u00edso Creativo\",\"@id\":\"https:\/\/dev.antudigital.cl\/sites\/vc\/#\/schema\/person\/c2b9da8dd545e27166fc5ab232837318\"},\"headline\":\"Apenas un vistazo de Rapa Nui: la experiencia de Renato \u00d3rdenes\",\"datePublished\":\"2023-08-29T02:28:01+00:00\",\"dateModified\":\"2023-08-29T13:58:28+00:00\",\"mainEntityOfPage\":{\"@id\":\"https:\/\/dev.antudigital.cl\/sites\/vc\/apenas-un-vistazo-de-rapa-nui-la-experiencia-de-renato-ordenes\/\"},\"wordCount\":2038,\"image\":{\"@id\":\"https:\/\/dev.antudigital.cl\/sites\/vc\/apenas-un-vistazo-de-rapa-nui-la-experiencia-de-renato-ordenes\/#primaryimage\"},\"thumbnailUrl\":\"https:\/\/dev.antudigital.cl\/sites\/vc\/wp-content\/uploads\/2023\/08\/Captura-de-Pantalla-2023-08-28-a-las-19.38.57.png\",\"articleSection\":[\"Blog\"],\"inLanguage\":\"es\"},{\"@type\":\"WebPage\",\"@id\":\"https:\/\/dev.antudigital.cl\/sites\/vc\/apenas-un-vistazo-de-rapa-nui-la-experiencia-de-renato-ordenes\/\",\"url\":\"https:\/\/dev.antudigital.cl\/sites\/vc\/apenas-un-vistazo-de-rapa-nui-la-experiencia-de-renato-ordenes\/\",\"name\":\"Apenas un vistazo de Rapa Nui: la experiencia de Renato \u00d3rdenes - Valpara\u00ed\u00adso Creativo\",\"isPartOf\":{\"@id\":\"https:\/\/dev.antudigital.cl\/sites\/vc\/#website\"},\"primaryImageOfPage\":{\"@id\":\"https:\/\/dev.antudigital.cl\/sites\/vc\/apenas-un-vistazo-de-rapa-nui-la-experiencia-de-renato-ordenes\/#primaryimage\"},\"image\":{\"@id\":\"https:\/\/dev.antudigital.cl\/sites\/vc\/apenas-un-vistazo-de-rapa-nui-la-experiencia-de-renato-ordenes\/#primaryimage\"},\"thumbnailUrl\":\"https:\/\/dev.antudigital.cl\/sites\/vc\/wp-content\/uploads\/2023\/08\/Captura-de-Pantalla-2023-08-28-a-las-19.38.57.png\",\"datePublished\":\"2023-08-29T02:28:01+00:00\",\"dateModified\":\"2023-08-29T13:58:28+00:00\",\"author\":{\"@id\":\"https:\/\/dev.antudigital.cl\/sites\/vc\/#\/schema\/person\/c2b9da8dd545e27166fc5ab232837318\"},\"breadcrumb\":{\"@id\":\"https:\/\/dev.antudigital.cl\/sites\/vc\/apenas-un-vistazo-de-rapa-nui-la-experiencia-de-renato-ordenes\/#breadcrumb\"},\"inLanguage\":\"es\",\"potentialAction\":[{\"@type\":\"ReadAction\",\"target\":[\"https:\/\/dev.antudigital.cl\/sites\/vc\/apenas-un-vistazo-de-rapa-nui-la-experiencia-de-renato-ordenes\/\"]}]},{\"@type\":\"ImageObject\",\"inLanguage\":\"es\",\"@id\":\"https:\/\/dev.antudigital.cl\/sites\/vc\/apenas-un-vistazo-de-rapa-nui-la-experiencia-de-renato-ordenes\/#primaryimage\",\"url\":\"https:\/\/dev.antudigital.cl\/sites\/vc\/wp-content\/uploads\/2023\/08\/Captura-de-Pantalla-2023-08-28-a-las-19.38.57.png\",\"contentUrl\":\"https:\/\/dev.antudigital.cl\/sites\/vc\/wp-content\/uploads\/2023\/08\/Captura-de-Pantalla-2023-08-28-a-las-19.38.57.png\",\"width\":903,\"height\":677},{\"@type\":\"BreadcrumbList\",\"@id\":\"https:\/\/dev.antudigital.cl\/sites\/vc\/apenas-un-vistazo-de-rapa-nui-la-experiencia-de-renato-ordenes\/#breadcrumb\",\"itemListElement\":[{\"@type\":\"ListItem\",\"position\":1,\"name\":\"Home\",\"item\":\"https:\/\/dev.antudigital.cl\/sites\/vc\/\"},{\"@type\":\"ListItem\",\"position\":2,\"name\":\"Apenas un vistazo de Rapa Nui: la experiencia de Renato \u00d3rdenes\"}]},{\"@type\":\"WebSite\",\"@id\":\"https:\/\/dev.antudigital.cl\/sites\/vc\/#website\",\"url\":\"https:\/\/dev.antudigital.cl\/sites\/vc\/\",\"name\":\"Valpara\u00ed\u00adso Creativo\",\"description\":\"\",\"potentialAction\":[{\"@type\":\"SearchAction\",\"target\":{\"@type\":\"EntryPoint\",\"urlTemplate\":\"https:\/\/dev.antudigital.cl\/sites\/vc\/?s={search_term_string}\"},\"query-input\":{\"@type\":\"PropertyValueSpecification\",\"valueRequired\":true,\"valueName\":\"search_term_string\"}}],\"inLanguage\":\"es\"},{\"@type\":\"Person\",\"@id\":\"https:\/\/dev.antudigital.cl\/sites\/vc\/#\/schema\/person\/c2b9da8dd545e27166fc5ab232837318\",\"name\":\"Valpara\u00edso Creativo\",\"description\":\"Periodista de cultura en la Regi\u00f3n de Valpara\u00edso.\",\"url\":\"https:\/\/dev.antudigital.cl\/sites\/vc\/author\/valpoadmin\/\"}]}<\/script>\n<!-- \/ Yoast SEO plugin. -->","yoast_head_json":{"title":"Apenas un vistazo de Rapa Nui: la experiencia de Renato \u00d3rdenes - Valpara\u00ed\u00adso Creativo","robots":{"index":"index","follow":"follow","max-snippet":"max-snippet:-1","max-image-preview":"max-image-preview:large","max-video-preview":"max-video-preview:-1"},"canonical":"https:\/\/dev.antudigital.cl\/sites\/vc\/apenas-un-vistazo-de-rapa-nui-la-experiencia-de-renato-ordenes\/","og_locale":"es_ES","og_type":"article","og_title":"Apenas un vistazo de Rapa Nui: la experiencia de Renato \u00d3rdenes - Valpara\u00ed\u00adso Creativo","og_description":"Por: Valentinne Rudolphy Fotograf\u00edas: Cristian Maturana En nuestros a\u00f1os de trabajo, hemos ido expandiendo nuestras conexiones a nivel regional. Sin embargo, nos hemos encontrado &#8211; junto a otros organismos &#8211; frente a una gran brecha geogr\u00e1fica y cultural que nos separa de Rapa Nui, que representa una riqueza enorme en muchos sentidos. Es importante para [&hellip;]","og_url":"https:\/\/dev.antudigital.cl\/sites\/vc\/apenas-un-vistazo-de-rapa-nui-la-experiencia-de-renato-ordenes\/","og_site_name":"Valpara\u00ed\u00adso Creativo","article_published_time":"2023-08-29T02:28:01+00:00","article_modified_time":"2023-08-29T13:58:28+00:00","og_image":[{"width":903,"height":677,"url":"https:\/\/dev.antudigital.cl\/sites\/vc\/wp-content\/uploads\/2023\/08\/Captura-de-Pantalla-2023-08-28-a-las-19.38.57.png","type":"image\/png"}],"author":"Valpara\u00edso Creativo","twitter_card":"summary_large_image","twitter_misc":{"Escrito por":"Valpara\u00edso Creativo","Tiempo de lectura":"10 minutos"},"schema":{"@context":"https:\/\/schema.org","@graph":[{"@type":"Article","@id":"https:\/\/dev.antudigital.cl\/sites\/vc\/apenas-un-vistazo-de-rapa-nui-la-experiencia-de-renato-ordenes\/#article","isPartOf":{"@id":"https:\/\/dev.antudigital.cl\/sites\/vc\/apenas-un-vistazo-de-rapa-nui-la-experiencia-de-renato-ordenes\/"},"author":{"name":"Valpara\u00edso Creativo","@id":"https:\/\/dev.antudigital.cl\/sites\/vc\/#\/schema\/person\/c2b9da8dd545e27166fc5ab232837318"},"headline":"Apenas un vistazo de Rapa Nui: la experiencia de Renato \u00d3rdenes","datePublished":"2023-08-29T02:28:01+00:00","dateModified":"2023-08-29T13:58:28+00:00","mainEntityOfPage":{"@id":"https:\/\/dev.antudigital.cl\/sites\/vc\/apenas-un-vistazo-de-rapa-nui-la-experiencia-de-renato-ordenes\/"},"wordCount":2038,"image":{"@id":"https:\/\/dev.antudigital.cl\/sites\/vc\/apenas-un-vistazo-de-rapa-nui-la-experiencia-de-renato-ordenes\/#primaryimage"},"thumbnailUrl":"https:\/\/dev.antudigital.cl\/sites\/vc\/wp-content\/uploads\/2023\/08\/Captura-de-Pantalla-2023-08-28-a-las-19.38.57.png","articleSection":["Blog"],"inLanguage":"es"},{"@type":"WebPage","@id":"https:\/\/dev.antudigital.cl\/sites\/vc\/apenas-un-vistazo-de-rapa-nui-la-experiencia-de-renato-ordenes\/","url":"https:\/\/dev.antudigital.cl\/sites\/vc\/apenas-un-vistazo-de-rapa-nui-la-experiencia-de-renato-ordenes\/","name":"Apenas un vistazo de Rapa Nui: la experiencia de Renato \u00d3rdenes - Valpara\u00ed\u00adso Creativo","isPartOf":{"@id":"https:\/\/dev.antudigital.cl\/sites\/vc\/#website"},"primaryImageOfPage":{"@id":"https:\/\/dev.antudigital.cl\/sites\/vc\/apenas-un-vistazo-de-rapa-nui-la-experiencia-de-renato-ordenes\/#primaryimage"},"image":{"@id":"https:\/\/dev.antudigital.cl\/sites\/vc\/apenas-un-vistazo-de-rapa-nui-la-experiencia-de-renato-ordenes\/#primaryimage"},"thumbnailUrl":"https:\/\/dev.antudigital.cl\/sites\/vc\/wp-content\/uploads\/2023\/08\/Captura-de-Pantalla-2023-08-28-a-las-19.38.57.png","datePublished":"2023-08-29T02:28:01+00:00","dateModified":"2023-08-29T13:58:28+00:00","author":{"@id":"https:\/\/dev.antudigital.cl\/sites\/vc\/#\/schema\/person\/c2b9da8dd545e27166fc5ab232837318"},"breadcrumb":{"@id":"https:\/\/dev.antudigital.cl\/sites\/vc\/apenas-un-vistazo-de-rapa-nui-la-experiencia-de-renato-ordenes\/#breadcrumb"},"inLanguage":"es","potentialAction":[{"@type":"ReadAction","target":["https:\/\/dev.antudigital.cl\/sites\/vc\/apenas-un-vistazo-de-rapa-nui-la-experiencia-de-renato-ordenes\/"]}]},{"@type":"ImageObject","inLanguage":"es","@id":"https:\/\/dev.antudigital.cl\/sites\/vc\/apenas-un-vistazo-de-rapa-nui-la-experiencia-de-renato-ordenes\/#primaryimage","url":"https:\/\/dev.antudigital.cl\/sites\/vc\/wp-content\/uploads\/2023\/08\/Captura-de-Pantalla-2023-08-28-a-las-19.38.57.png","contentUrl":"https:\/\/dev.antudigital.cl\/sites\/vc\/wp-content\/uploads\/2023\/08\/Captura-de-Pantalla-2023-08-28-a-las-19.38.57.png","width":903,"height":677},{"@type":"BreadcrumbList","@id":"https:\/\/dev.antudigital.cl\/sites\/vc\/apenas-un-vistazo-de-rapa-nui-la-experiencia-de-renato-ordenes\/#breadcrumb","itemListElement":[{"@type":"ListItem","position":1,"name":"Home","item":"https:\/\/dev.antudigital.cl\/sites\/vc\/"},{"@type":"ListItem","position":2,"name":"Apenas un vistazo de Rapa Nui: la experiencia de Renato \u00d3rdenes"}]},{"@type":"WebSite","@id":"https:\/\/dev.antudigital.cl\/sites\/vc\/#website","url":"https:\/\/dev.antudigital.cl\/sites\/vc\/","name":"Valpara\u00ed\u00adso Creativo","description":"","potentialAction":[{"@type":"SearchAction","target":{"@type":"EntryPoint","urlTemplate":"https:\/\/dev.antudigital.cl\/sites\/vc\/?s={search_term_string}"},"query-input":{"@type":"PropertyValueSpecification","valueRequired":true,"valueName":"search_term_string"}}],"inLanguage":"es"},{"@type":"Person","@id":"https:\/\/dev.antudigital.cl\/sites\/vc\/#\/schema\/person\/c2b9da8dd545e27166fc5ab232837318","name":"Valpara\u00edso Creativo","description":"Periodista de cultura en la Regi\u00f3n de Valpara\u00edso.","url":"https:\/\/dev.antudigital.cl\/sites\/vc\/author\/valpoadmin\/"}]}},"_links":{"self":[{"href":"https:\/\/dev.antudigital.cl\/sites\/vc\/wp-json\/wp\/v2\/posts\/16805","targetHints":{"allow":["GET"]}}],"collection":[{"href":"https:\/\/dev.antudigital.cl\/sites\/vc\/wp-json\/wp\/v2\/posts"}],"about":[{"href":"https:\/\/dev.antudigital.cl\/sites\/vc\/wp-json\/wp\/v2\/types\/post"}],"author":[{"embeddable":true,"href":"https:\/\/dev.antudigital.cl\/sites\/vc\/wp-json\/wp\/v2\/users\/1"}],"replies":[{"embeddable":true,"href":"https:\/\/dev.antudigital.cl\/sites\/vc\/wp-json\/wp\/v2\/comments?post=16805"}],"version-history":[{"count":4,"href":"https:\/\/dev.antudigital.cl\/sites\/vc\/wp-json\/wp\/v2\/posts\/16805\/revisions"}],"predecessor-version":[{"id":16817,"href":"https:\/\/dev.antudigital.cl\/sites\/vc\/wp-json\/wp\/v2\/posts\/16805\/revisions\/16817"}],"wp:featuredmedia":[{"embeddable":true,"href":"https:\/\/dev.antudigital.cl\/sites\/vc\/wp-json\/wp\/v2\/media\/16814"}],"wp:attachment":[{"href":"https:\/\/dev.antudigital.cl\/sites\/vc\/wp-json\/wp\/v2\/media?parent=16805"}],"wp:term":[{"taxonomy":"category","embeddable":true,"href":"https:\/\/dev.antudigital.cl\/sites\/vc\/wp-json\/wp\/v2\/categories?post=16805"},{"taxonomy":"post_tag","embeddable":true,"href":"https:\/\/dev.antudigital.cl\/sites\/vc\/wp-json\/wp\/v2\/tags?post=16805"}],"curies":[{"name":"wp","href":"https:\/\/api.w.org\/{rel}","templated":true}]}}