{"id":16939,"date":"2023-09-05T01:25:26","date_gmt":"2023-09-05T01:25:26","guid":{"rendered":"https:\/\/www.valparaisocreativo.cl\/?p=16939"},"modified":"2023-09-05T01:33:30","modified_gmt":"2023-09-05T01:33:30","slug":"un-recorrido-magico-conociendo-el-parque-tricao","status":"publish","type":"post","link":"https:\/\/dev.antudigital.cl\/sites\/vc\/un-recorrido-magico-conociendo-el-parque-tricao\/","title":{"rendered":"Un recorrido m\u00e1gico: conociendo el Parque Tricao"},"content":{"rendered":"\n<p><em>Fotograf\u00edas y texto por: <\/em><a href=\"mailto:hola@valparaisocreativo.cl\"><em>Valentinne Rudolphy<\/em><\/a><\/p>\n\n\n\n<p>En Santo Domingo hay un tesoro que tom\u00f3 a\u00f1os forjar, pero hoy se establece como uno de los destinos tur\u00edsticos m\u00e1s interesantes del litoral central. Se trata del Parque Tricao, ubicado cerca del sector de Brisas de Santo Domingo y que se extiende por 100 hect\u00e1reas en nuestra Regi\u00f3n.<\/p>\n\n\n\n<p>Queda a una hora y media de Valpara\u00edso y Santiago, donde el acceso es m\u00e1s f\u00e1cil en autom\u00f3vil. Para poder comenzar la experiencia debes <a href=\"https:\/\/www.tricao.cl\/\">ingresar a su web<\/a> donde se compran las entradas, reservando previamente a trav\u00e9s de su calendario. Esto es importante en especial en fechas de alta demanda.<\/p>\n\n\n\n<figure class=\"wp-block-image size-full\"><img fetchpriority=\"high\" decoding=\"async\" width=\"907\" height=\"674\" src=\"https:\/\/www.valparaisocreativo.cl\/wp-content\/uploads\/2023\/09\/Captura-de-Pantalla-2023-09-04-a-las-22.20.26-1.png\" alt=\"\" class=\"wp-image-16948\" srcset=\"https:\/\/dev.antudigital.cl\/sites\/vc\/wp-content\/uploads\/2023\/09\/Captura-de-Pantalla-2023-09-04-a-las-22.20.26-1.png 907w, https:\/\/dev.antudigital.cl\/sites\/vc\/wp-content\/uploads\/2023\/09\/Captura-de-Pantalla-2023-09-04-a-las-22.20.26-1-300x223.png 300w, https:\/\/dev.antudigital.cl\/sites\/vc\/wp-content\/uploads\/2023\/09\/Captura-de-Pantalla-2023-09-04-a-las-22.20.26-1-768x571.png 768w, https:\/\/dev.antudigital.cl\/sites\/vc\/wp-content\/uploads\/2023\/09\/Captura-de-Pantalla-2023-09-04-a-las-22.20.26-1-480x357.png 480w, https:\/\/dev.antudigital.cl\/sites\/vc\/wp-content\/uploads\/2023\/09\/Captura-de-Pantalla-2023-09-04-a-las-22.20.26-1-24x18.png 24w, https:\/\/dev.antudigital.cl\/sites\/vc\/wp-content\/uploads\/2023\/09\/Captura-de-Pantalla-2023-09-04-a-las-22.20.26-1-36x27.png 36w, https:\/\/dev.antudigital.cl\/sites\/vc\/wp-content\/uploads\/2023\/09\/Captura-de-Pantalla-2023-09-04-a-las-22.20.26-1-48x36.png 48w\" sizes=\"(max-width: 907px) 100vw, 907px\" \/><\/figure>\n\n\n\n<p>Su due\u00f1o es el empresario <a href=\"https:\/\/www.latercera.com\/tendencias\/noticia\/eduardo-fernandez-leon-parque-tricao-una-obsesion-natural\/729230\/\">Eduardo Fern\u00e1ndez Le\u00f3n<\/a>, quien vision\u00f3 poder darle una utilidad especial a este terreno, aleda\u00f1o a lo que era su casa de infancia. <\/p>\n\n\n\n<p>Desde el ingreso, el panorama es inusual: pareciera que uno est\u00e1 en un lugar completamente distinto. Me recomendaron comenzar por el aviario, una de las atracciones principales del Parque. Este es el m\u00e1s grande de Sudam\u00e9rica y uno de los m\u00e1s grandes del mundo. Alberga a cerca de 700 aves ex\u00f3ticas rescatadas del cautiverio de pa\u00edses con climas similares al nuestro.<\/p>\n\n\n\n<p>Ac\u00e1 se reproducen sus condiciones de vida en un espacio amplio donde pueden moverse libremente. De hecho: uno es el extra\u00f1o en el aviario, caminando entre sus \u00e1rboles y aleteos, especies que nunca antes has visto pasan por sobre tu cabeza volando y llenando de sonidos el lugar, que est\u00e1 perfectamente cuidado. Las aves reciben su comida mientras los visitantes son meros espectadores de su espect\u00e1culo cotidiano: ellas van por sus frutas y alpiste, se mojan, bailan y cantan.<\/p>\n\n\n\n<p>El aviario es un recorrido unidireccional de cerca de una hora. Luego de ese hermoso recorrido, emprend\u00ed viaje a otro sector del Parque: la Plaza de la Virgen. Ac\u00e1 hay muchos espacios para que uno descanse y pueda disfrutar de un picnic, por ejemplo. Tambi\u00e9n hay juegos y otras entretenciones para todas las edades. M\u00e1s all\u00e1 de la plaza se llega al punto donde hay dos opciones: tomar la barcaza o hacer el trekking.<\/p>\n\n\n\n<figure class=\"wp-block-image size-full\"><img decoding=\"async\" width=\"508\" height=\"443\" src=\"https:\/\/www.valparaisocreativo.cl\/wp-content\/uploads\/2023\/09\/Captura-de-Pantalla-2023-09-04-a-las-22.21.41.png\" alt=\"\" class=\"wp-image-16940\" srcset=\"https:\/\/dev.antudigital.cl\/sites\/vc\/wp-content\/uploads\/2023\/09\/Captura-de-Pantalla-2023-09-04-a-las-22.21.41.png 508w, https:\/\/dev.antudigital.cl\/sites\/vc\/wp-content\/uploads\/2023\/09\/Captura-de-Pantalla-2023-09-04-a-las-22.21.41-300x262.png 300w, https:\/\/dev.antudigital.cl\/sites\/vc\/wp-content\/uploads\/2023\/09\/Captura-de-Pantalla-2023-09-04-a-las-22.21.41-480x419.png 480w, https:\/\/dev.antudigital.cl\/sites\/vc\/wp-content\/uploads\/2023\/09\/Captura-de-Pantalla-2023-09-04-a-las-22.21.41-24x21.png 24w, https:\/\/dev.antudigital.cl\/sites\/vc\/wp-content\/uploads\/2023\/09\/Captura-de-Pantalla-2023-09-04-a-las-22.21.41-36x31.png 36w, https:\/\/dev.antudigital.cl\/sites\/vc\/wp-content\/uploads\/2023\/09\/Captura-de-Pantalla-2023-09-04-a-las-22.21.41-48x42.png 48w\" sizes=\"(max-width: 508px) 100vw, 508px\" \/><\/figure>\n\n\n\n<p>El circuito completo de trekking debe ser de dos horas, y la barcaza toma unos 20 minutos m\u00e1ximo. Con el grupo que fuimos optamos por caminar hasta el punto del Humedal Giverny que es parte de las instalaciones y puedes sumarlo en tu entrada (hay diversas opciones de precio seg\u00fan lo que quieras visitar). El sendero es de f\u00e1cil acceso, con una leve dificultad, y rodea un embalse artificial pensado por el arquitecto y paisajista Stuart Moore. Hay muchos \u00e1rboles y arbustos en el camino, que cuenta con espacios de descanso para sentarse y miradores, as\u00ed como tambi\u00e9n con un restaurante en uno de los bordes de la laguna.<\/p>\n\n\n\n<p>Es muy agradable y tranquilo todo el recorrido hasta llegar al humedal, que nos demuestra todo otro ecosistema y flora y fauna. Dentro de Giverny tambi\u00e9n hay una especie de ambientaci\u00f3n japonesa que hace parecer que te transportas a otro lugar. Dar la vuelta al humedal toma aproximadamente 40 minutos y funciona hasta las 18:00hrs.<\/p>\n\n\n\n<figure class=\"wp-block-image size-full\"><img decoding=\"async\" width=\"512\" height=\"675\" src=\"https:\/\/www.valparaisocreativo.cl\/wp-content\/uploads\/2023\/09\/Captura-de-Pantalla-2023-09-04-a-las-22.21.03.png\" alt=\"\" class=\"wp-image-16945\" srcset=\"https:\/\/dev.antudigital.cl\/sites\/vc\/wp-content\/uploads\/2023\/09\/Captura-de-Pantalla-2023-09-04-a-las-22.21.03.png 512w, https:\/\/dev.antudigital.cl\/sites\/vc\/wp-content\/uploads\/2023\/09\/Captura-de-Pantalla-2023-09-04-a-las-22.21.03-228x300.png 228w, https:\/\/dev.antudigital.cl\/sites\/vc\/wp-content\/uploads\/2023\/09\/Captura-de-Pantalla-2023-09-04-a-las-22.21.03-480x633.png 480w, https:\/\/dev.antudigital.cl\/sites\/vc\/wp-content\/uploads\/2023\/09\/Captura-de-Pantalla-2023-09-04-a-las-22.21.03-18x24.png 18w, https:\/\/dev.antudigital.cl\/sites\/vc\/wp-content\/uploads\/2023\/09\/Captura-de-Pantalla-2023-09-04-a-las-22.21.03-27x36.png 27w, https:\/\/dev.antudigital.cl\/sites\/vc\/wp-content\/uploads\/2023\/09\/Captura-de-Pantalla-2023-09-04-a-las-22.21.03-36x48.png 36w\" sizes=\"(max-width: 512px) 100vw, 512px\" \/><\/figure>\n\n\n\n<blockquote class=\"wp-block-quote is-layout-flow wp-block-quote-is-layout-flow\">\n<p>Para que te imagines: el d\u00eda est\u00e1 nublado, pero no muy fr\u00edo. Solo oyes aves y algunas mariposas que revolotean por ah\u00ed. El agua acompa\u00f1a tu visi\u00f3n durante todo el camino, as\u00ed como el verde que avanza sin detenerse y se extiende hasta el final, con mil variables del color frente a tus hojas, en especies de vegetaci\u00f3n tan diversas como te puedas imaginar.<\/p>\n<\/blockquote>\n\n\n\n<p>Despu\u00e9s de salir, emprendimos el regreso en la barcaza que sale cada una hora y tiene una capacidad para unas 40 personas. Va a un ritmo tranquilo, que permite apreciar todo el paisaje que rodea al embalse, lleno de vegetaci\u00f3n.<\/p>\n\n\n\n<p>Finalmente volvimos a tomar el auto rumbo al \u00faltimo destino: el Jard\u00edn Bot\u00e1nico, que tambi\u00e9n puedes incluir en tu entrada. Se trata de un jard\u00edn con especies end\u00e9micas y tambi\u00e9n otras en conservaci\u00f3n que vienen de otras partes del mundo. Es un amplio espacio con hermosos miradores que permiten apreciar otra perspectiva del sendero. Al mismo tiempo, hay un invernadero con todo tipo de plantas enormes y peque\u00f1as. Realmente es algo hermoso para los amantes de la naturaleza.<\/p>\n\n\n\n<figure class=\"wp-block-image size-full\"><img loading=\"lazy\" decoding=\"async\" width=\"906\" height=\"676\" src=\"https:\/\/www.valparaisocreativo.cl\/wp-content\/uploads\/2023\/09\/Captura-de-Pantalla-2023-09-04-a-las-22.20.00.png\" alt=\"\" class=\"wp-image-16942\" srcset=\"https:\/\/dev.antudigital.cl\/sites\/vc\/wp-content\/uploads\/2023\/09\/Captura-de-Pantalla-2023-09-04-a-las-22.20.00.png 906w, https:\/\/dev.antudigital.cl\/sites\/vc\/wp-content\/uploads\/2023\/09\/Captura-de-Pantalla-2023-09-04-a-las-22.20.00-300x224.png 300w, https:\/\/dev.antudigital.cl\/sites\/vc\/wp-content\/uploads\/2023\/09\/Captura-de-Pantalla-2023-09-04-a-las-22.20.00-768x573.png 768w, https:\/\/dev.antudigital.cl\/sites\/vc\/wp-content\/uploads\/2023\/09\/Captura-de-Pantalla-2023-09-04-a-las-22.20.00-510x382.png 510w, https:\/\/dev.antudigital.cl\/sites\/vc\/wp-content\/uploads\/2023\/09\/Captura-de-Pantalla-2023-09-04-a-las-22.20.00-480x358.png 480w, https:\/\/dev.antudigital.cl\/sites\/vc\/wp-content\/uploads\/2023\/09\/Captura-de-Pantalla-2023-09-04-a-las-22.20.00-24x18.png 24w, https:\/\/dev.antudigital.cl\/sites\/vc\/wp-content\/uploads\/2023\/09\/Captura-de-Pantalla-2023-09-04-a-las-22.20.00-36x27.png 36w, https:\/\/dev.antudigital.cl\/sites\/vc\/wp-content\/uploads\/2023\/09\/Captura-de-Pantalla-2023-09-04-a-las-22.20.00-48x36.png 48w\" sizes=\"(max-width: 906px) 100vw, 906px\" \/><\/figure>\n\n\n\n<p>El aviario y algunos puntos del sendero, as\u00ed como la barcaza, cuentan con accesibilidad para personas con movilidad reducida. Tambi\u00e9n cabe mencionar que hay puntos de venta de alimentos en diferentes entradas al sendero y humedal, por lo que si no llevas comida &#8211; lo que es recomendable ya que todo toma algunas horas &#8211; puedes comprar alimentos ah\u00ed mismo, lo que s\u00ed: lleva tus propias bolsas de basura.<\/p>\n\n\n\n<p>Sumado a todo esto que intento transmitirles, la gente que trabaja en el Parque es muy amable y tienen una gran disposici\u00f3n para dar indicaciones y ayudarte, por lo que todo se hace muy f\u00e1cil. Hay puntos del recorrido donde se pierde la se\u00f1al, por lo que puedes descargar previamente su mapa. Y ojo que lo que vemos es solo una parte de las tremendas instalaciones de la Fundaci\u00f3n Tricao a trav\u00e9s de la que se gestiona y coordina todo su quehacer.<\/p>\n\n\n\n<p>Es sin duda un destino que tienes que visitar. Tranquilo, entretenido, apto para todas las edades y un tesoro que est\u00e1 en nuestra propia regi\u00f3n, en el Litoral de los Poetas.<\/p>\n\n\n\n<p>Si quieres conocer m\u00e1s ingresa a <a href=\"http:\/\/www.tricao.cl\">www.tricao.cl<\/a><\/p>\n","protected":false},"excerpt":{"rendered":"<p>Fotograf\u00edas y texto por: Valentinne Rudolphy En Santo Domingo hay un tesoro que tom\u00f3 a\u00f1os forjar, pero hoy se establece como uno de los destinos tur\u00edsticos m\u00e1s interesantes del litoral central. Se trata del Parque Tricao, ubicado cerca del sector de Brisas de Santo Domingo y que se extiende por 100 hect\u00e1reas en nuestra Regi\u00f3n. [&hellip;]<\/p>\n","protected":false},"author":1,"featured_media":16941,"comment_status":"closed","ping_status":"closed","sticky":false,"template":"","format":"standard","meta":{"_acf_changed":false,"footnotes":""},"categories":[218],"tags":[],"class_list":["post-16939","post","type-post","status-publish","format-standard","has-post-thumbnail","hentry","category-blog"],"acf":[],"yoast_head":"<!-- This site is optimized with the Yoast SEO plugin v27.1.1 - https:\/\/yoast.com\/product\/yoast-seo-wordpress\/ -->\n<title>Un recorrido m\u00e1gico: conociendo el Parque Tricao - Valpara\u00ed\u00adso Creativo<\/title>\n<meta name=\"robots\" content=\"index, follow, max-snippet:-1, max-image-preview:large, max-video-preview:-1\" \/>\n<link rel=\"canonical\" href=\"https:\/\/dev.antudigital.cl\/sites\/vc\/un-recorrido-magico-conociendo-el-parque-tricao\/\" \/>\n<meta property=\"og:locale\" content=\"es_ES\" \/>\n<meta property=\"og:type\" content=\"article\" \/>\n<meta property=\"og:title\" content=\"Un recorrido m\u00e1gico: conociendo el Parque Tricao - Valpara\u00ed\u00adso Creativo\" \/>\n<meta property=\"og:description\" content=\"Fotograf\u00edas y texto por: Valentinne Rudolphy En Santo Domingo hay un tesoro que tom\u00f3 a\u00f1os forjar, pero hoy se establece como uno de los destinos tur\u00edsticos m\u00e1s interesantes del litoral central. Se trata del Parque Tricao, ubicado cerca del sector de Brisas de Santo Domingo y que se extiende por 100 hect\u00e1reas en nuestra Regi\u00f3n. [&hellip;]\" \/>\n<meta property=\"og:url\" content=\"https:\/\/dev.antudigital.cl\/sites\/vc\/un-recorrido-magico-conociendo-el-parque-tricao\/\" \/>\n<meta property=\"og:site_name\" content=\"Valpara\u00ed\u00adso Creativo\" \/>\n<meta property=\"article:published_time\" content=\"2023-09-05T01:25:26+00:00\" \/>\n<meta property=\"article:modified_time\" content=\"2023-09-05T01:33:30+00:00\" \/>\n<meta property=\"og:image\" content=\"https:\/\/dev.antudigital.cl\/sites\/vc\/wp-content\/uploads\/2023\/09\/Captura-de-Pantalla-2023-09-04-a-las-22.19.46.png\" \/>\n\t<meta property=\"og:image:width\" content=\"903\" \/>\n\t<meta property=\"og:image:height\" content=\"680\" \/>\n\t<meta property=\"og:image:type\" content=\"image\/png\" \/>\n<meta name=\"author\" content=\"Valpara\u00edso Creativo\" \/>\n<meta name=\"twitter:card\" content=\"summary_large_image\" \/>\n<meta name=\"twitter:label1\" content=\"Escrito por\" \/>\n\t<meta name=\"twitter:data1\" content=\"Valpara\u00edso Creativo\" \/>\n\t<meta name=\"twitter:label2\" content=\"Tiempo de lectura\" \/>\n\t<meta name=\"twitter:data2\" content=\"5 minutos\" \/>\n<script type=\"application\/ld+json\" class=\"yoast-schema-graph\">{\"@context\":\"https:\/\/schema.org\",\"@graph\":[{\"@type\":\"Article\",\"@id\":\"https:\/\/dev.antudigital.cl\/sites\/vc\/un-recorrido-magico-conociendo-el-parque-tricao\/#article\",\"isPartOf\":{\"@id\":\"https:\/\/dev.antudigital.cl\/sites\/vc\/un-recorrido-magico-conociendo-el-parque-tricao\/\"},\"author\":{\"name\":\"Valpara\u00edso Creativo\",\"@id\":\"https:\/\/dev.antudigital.cl\/sites\/vc\/#\/schema\/person\/c2b9da8dd545e27166fc5ab232837318\"},\"headline\":\"Un recorrido m\u00e1gico: conociendo el Parque Tricao\",\"datePublished\":\"2023-09-05T01:25:26+00:00\",\"dateModified\":\"2023-09-05T01:33:30+00:00\",\"mainEntityOfPage\":{\"@id\":\"https:\/\/dev.antudigital.cl\/sites\/vc\/un-recorrido-magico-conociendo-el-parque-tricao\/\"},\"wordCount\":939,\"image\":{\"@id\":\"https:\/\/dev.antudigital.cl\/sites\/vc\/un-recorrido-magico-conociendo-el-parque-tricao\/#primaryimage\"},\"thumbnailUrl\":\"https:\/\/dev.antudigital.cl\/sites\/vc\/wp-content\/uploads\/2023\/09\/Captura-de-Pantalla-2023-09-04-a-las-22.19.46.png\",\"articleSection\":[\"Blog\"],\"inLanguage\":\"es\"},{\"@type\":\"WebPage\",\"@id\":\"https:\/\/dev.antudigital.cl\/sites\/vc\/un-recorrido-magico-conociendo-el-parque-tricao\/\",\"url\":\"https:\/\/dev.antudigital.cl\/sites\/vc\/un-recorrido-magico-conociendo-el-parque-tricao\/\",\"name\":\"Un recorrido m\u00e1gico: conociendo el Parque Tricao - Valpara\u00ed\u00adso Creativo\",\"isPartOf\":{\"@id\":\"https:\/\/dev.antudigital.cl\/sites\/vc\/#website\"},\"primaryImageOfPage\":{\"@id\":\"https:\/\/dev.antudigital.cl\/sites\/vc\/un-recorrido-magico-conociendo-el-parque-tricao\/#primaryimage\"},\"image\":{\"@id\":\"https:\/\/dev.antudigital.cl\/sites\/vc\/un-recorrido-magico-conociendo-el-parque-tricao\/#primaryimage\"},\"thumbnailUrl\":\"https:\/\/dev.antudigital.cl\/sites\/vc\/wp-content\/uploads\/2023\/09\/Captura-de-Pantalla-2023-09-04-a-las-22.19.46.png\",\"datePublished\":\"2023-09-05T01:25:26+00:00\",\"dateModified\":\"2023-09-05T01:33:30+00:00\",\"author\":{\"@id\":\"https:\/\/dev.antudigital.cl\/sites\/vc\/#\/schema\/person\/c2b9da8dd545e27166fc5ab232837318\"},\"breadcrumb\":{\"@id\":\"https:\/\/dev.antudigital.cl\/sites\/vc\/un-recorrido-magico-conociendo-el-parque-tricao\/#breadcrumb\"},\"inLanguage\":\"es\",\"potentialAction\":[{\"@type\":\"ReadAction\",\"target\":[\"https:\/\/dev.antudigital.cl\/sites\/vc\/un-recorrido-magico-conociendo-el-parque-tricao\/\"]}]},{\"@type\":\"ImageObject\",\"inLanguage\":\"es\",\"@id\":\"https:\/\/dev.antudigital.cl\/sites\/vc\/un-recorrido-magico-conociendo-el-parque-tricao\/#primaryimage\",\"url\":\"https:\/\/dev.antudigital.cl\/sites\/vc\/wp-content\/uploads\/2023\/09\/Captura-de-Pantalla-2023-09-04-a-las-22.19.46.png\",\"contentUrl\":\"https:\/\/dev.antudigital.cl\/sites\/vc\/wp-content\/uploads\/2023\/09\/Captura-de-Pantalla-2023-09-04-a-las-22.19.46.png\",\"width\":903,\"height\":680},{\"@type\":\"BreadcrumbList\",\"@id\":\"https:\/\/dev.antudigital.cl\/sites\/vc\/un-recorrido-magico-conociendo-el-parque-tricao\/#breadcrumb\",\"itemListElement\":[{\"@type\":\"ListItem\",\"position\":1,\"name\":\"Home\",\"item\":\"https:\/\/dev.antudigital.cl\/sites\/vc\/\"},{\"@type\":\"ListItem\",\"position\":2,\"name\":\"Un recorrido m\u00e1gico: conociendo el Parque Tricao\"}]},{\"@type\":\"WebSite\",\"@id\":\"https:\/\/dev.antudigital.cl\/sites\/vc\/#website\",\"url\":\"https:\/\/dev.antudigital.cl\/sites\/vc\/\",\"name\":\"Valpara\u00ed\u00adso Creativo\",\"description\":\"\",\"potentialAction\":[{\"@type\":\"SearchAction\",\"target\":{\"@type\":\"EntryPoint\",\"urlTemplate\":\"https:\/\/dev.antudigital.cl\/sites\/vc\/?s={search_term_string}\"},\"query-input\":{\"@type\":\"PropertyValueSpecification\",\"valueRequired\":true,\"valueName\":\"search_term_string\"}}],\"inLanguage\":\"es\"},{\"@type\":\"Person\",\"@id\":\"https:\/\/dev.antudigital.cl\/sites\/vc\/#\/schema\/person\/c2b9da8dd545e27166fc5ab232837318\",\"name\":\"Valpara\u00edso Creativo\",\"description\":\"Periodista de cultura en la Regi\u00f3n de Valpara\u00edso.\",\"url\":\"https:\/\/dev.antudigital.cl\/sites\/vc\/author\/valpoadmin\/\"}]}<\/script>\n<!-- \/ Yoast SEO plugin. -->","yoast_head_json":{"title":"Un recorrido m\u00e1gico: conociendo el Parque Tricao - Valpara\u00ed\u00adso Creativo","robots":{"index":"index","follow":"follow","max-snippet":"max-snippet:-1","max-image-preview":"max-image-preview:large","max-video-preview":"max-video-preview:-1"},"canonical":"https:\/\/dev.antudigital.cl\/sites\/vc\/un-recorrido-magico-conociendo-el-parque-tricao\/","og_locale":"es_ES","og_type":"article","og_title":"Un recorrido m\u00e1gico: conociendo el Parque Tricao - Valpara\u00ed\u00adso Creativo","og_description":"Fotograf\u00edas y texto por: Valentinne Rudolphy En Santo Domingo hay un tesoro que tom\u00f3 a\u00f1os forjar, pero hoy se establece como uno de los destinos tur\u00edsticos m\u00e1s interesantes del litoral central. Se trata del Parque Tricao, ubicado cerca del sector de Brisas de Santo Domingo y que se extiende por 100 hect\u00e1reas en nuestra Regi\u00f3n. [&hellip;]","og_url":"https:\/\/dev.antudigital.cl\/sites\/vc\/un-recorrido-magico-conociendo-el-parque-tricao\/","og_site_name":"Valpara\u00ed\u00adso Creativo","article_published_time":"2023-09-05T01:25:26+00:00","article_modified_time":"2023-09-05T01:33:30+00:00","og_image":[{"width":903,"height":680,"url":"https:\/\/dev.antudigital.cl\/sites\/vc\/wp-content\/uploads\/2023\/09\/Captura-de-Pantalla-2023-09-04-a-las-22.19.46.png","type":"image\/png"}],"author":"Valpara\u00edso Creativo","twitter_card":"summary_large_image","twitter_misc":{"Escrito por":"Valpara\u00edso Creativo","Tiempo de lectura":"5 minutos"},"schema":{"@context":"https:\/\/schema.org","@graph":[{"@type":"Article","@id":"https:\/\/dev.antudigital.cl\/sites\/vc\/un-recorrido-magico-conociendo-el-parque-tricao\/#article","isPartOf":{"@id":"https:\/\/dev.antudigital.cl\/sites\/vc\/un-recorrido-magico-conociendo-el-parque-tricao\/"},"author":{"name":"Valpara\u00edso Creativo","@id":"https:\/\/dev.antudigital.cl\/sites\/vc\/#\/schema\/person\/c2b9da8dd545e27166fc5ab232837318"},"headline":"Un recorrido m\u00e1gico: conociendo el Parque Tricao","datePublished":"2023-09-05T01:25:26+00:00","dateModified":"2023-09-05T01:33:30+00:00","mainEntityOfPage":{"@id":"https:\/\/dev.antudigital.cl\/sites\/vc\/un-recorrido-magico-conociendo-el-parque-tricao\/"},"wordCount":939,"image":{"@id":"https:\/\/dev.antudigital.cl\/sites\/vc\/un-recorrido-magico-conociendo-el-parque-tricao\/#primaryimage"},"thumbnailUrl":"https:\/\/dev.antudigital.cl\/sites\/vc\/wp-content\/uploads\/2023\/09\/Captura-de-Pantalla-2023-09-04-a-las-22.19.46.png","articleSection":["Blog"],"inLanguage":"es"},{"@type":"WebPage","@id":"https:\/\/dev.antudigital.cl\/sites\/vc\/un-recorrido-magico-conociendo-el-parque-tricao\/","url":"https:\/\/dev.antudigital.cl\/sites\/vc\/un-recorrido-magico-conociendo-el-parque-tricao\/","name":"Un recorrido m\u00e1gico: conociendo el Parque Tricao - Valpara\u00ed\u00adso Creativo","isPartOf":{"@id":"https:\/\/dev.antudigital.cl\/sites\/vc\/#website"},"primaryImageOfPage":{"@id":"https:\/\/dev.antudigital.cl\/sites\/vc\/un-recorrido-magico-conociendo-el-parque-tricao\/#primaryimage"},"image":{"@id":"https:\/\/dev.antudigital.cl\/sites\/vc\/un-recorrido-magico-conociendo-el-parque-tricao\/#primaryimage"},"thumbnailUrl":"https:\/\/dev.antudigital.cl\/sites\/vc\/wp-content\/uploads\/2023\/09\/Captura-de-Pantalla-2023-09-04-a-las-22.19.46.png","datePublished":"2023-09-05T01:25:26+00:00","dateModified":"2023-09-05T01:33:30+00:00","author":{"@id":"https:\/\/dev.antudigital.cl\/sites\/vc\/#\/schema\/person\/c2b9da8dd545e27166fc5ab232837318"},"breadcrumb":{"@id":"https:\/\/dev.antudigital.cl\/sites\/vc\/un-recorrido-magico-conociendo-el-parque-tricao\/#breadcrumb"},"inLanguage":"es","potentialAction":[{"@type":"ReadAction","target":["https:\/\/dev.antudigital.cl\/sites\/vc\/un-recorrido-magico-conociendo-el-parque-tricao\/"]}]},{"@type":"ImageObject","inLanguage":"es","@id":"https:\/\/dev.antudigital.cl\/sites\/vc\/un-recorrido-magico-conociendo-el-parque-tricao\/#primaryimage","url":"https:\/\/dev.antudigital.cl\/sites\/vc\/wp-content\/uploads\/2023\/09\/Captura-de-Pantalla-2023-09-04-a-las-22.19.46.png","contentUrl":"https:\/\/dev.antudigital.cl\/sites\/vc\/wp-content\/uploads\/2023\/09\/Captura-de-Pantalla-2023-09-04-a-las-22.19.46.png","width":903,"height":680},{"@type":"BreadcrumbList","@id":"https:\/\/dev.antudigital.cl\/sites\/vc\/un-recorrido-magico-conociendo-el-parque-tricao\/#breadcrumb","itemListElement":[{"@type":"ListItem","position":1,"name":"Home","item":"https:\/\/dev.antudigital.cl\/sites\/vc\/"},{"@type":"ListItem","position":2,"name":"Un recorrido m\u00e1gico: conociendo el Parque Tricao"}]},{"@type":"WebSite","@id":"https:\/\/dev.antudigital.cl\/sites\/vc\/#website","url":"https:\/\/dev.antudigital.cl\/sites\/vc\/","name":"Valpara\u00ed\u00adso Creativo","description":"","potentialAction":[{"@type":"SearchAction","target":{"@type":"EntryPoint","urlTemplate":"https:\/\/dev.antudigital.cl\/sites\/vc\/?s={search_term_string}"},"query-input":{"@type":"PropertyValueSpecification","valueRequired":true,"valueName":"search_term_string"}}],"inLanguage":"es"},{"@type":"Person","@id":"https:\/\/dev.antudigital.cl\/sites\/vc\/#\/schema\/person\/c2b9da8dd545e27166fc5ab232837318","name":"Valpara\u00edso Creativo","description":"Periodista de cultura en la Regi\u00f3n de Valpara\u00edso.","url":"https:\/\/dev.antudigital.cl\/sites\/vc\/author\/valpoadmin\/"}]}},"_links":{"self":[{"href":"https:\/\/dev.antudigital.cl\/sites\/vc\/wp-json\/wp\/v2\/posts\/16939","targetHints":{"allow":["GET"]}}],"collection":[{"href":"https:\/\/dev.antudigital.cl\/sites\/vc\/wp-json\/wp\/v2\/posts"}],"about":[{"href":"https:\/\/dev.antudigital.cl\/sites\/vc\/wp-json\/wp\/v2\/types\/post"}],"author":[{"embeddable":true,"href":"https:\/\/dev.antudigital.cl\/sites\/vc\/wp-json\/wp\/v2\/users\/1"}],"replies":[{"embeddable":true,"href":"https:\/\/dev.antudigital.cl\/sites\/vc\/wp-json\/wp\/v2\/comments?post=16939"}],"version-history":[{"count":2,"href":"https:\/\/dev.antudigital.cl\/sites\/vc\/wp-json\/wp\/v2\/posts\/16939\/revisions"}],"predecessor-version":[{"id":16950,"href":"https:\/\/dev.antudigital.cl\/sites\/vc\/wp-json\/wp\/v2\/posts\/16939\/revisions\/16950"}],"wp:featuredmedia":[{"embeddable":true,"href":"https:\/\/dev.antudigital.cl\/sites\/vc\/wp-json\/wp\/v2\/media\/16941"}],"wp:attachment":[{"href":"https:\/\/dev.antudigital.cl\/sites\/vc\/wp-json\/wp\/v2\/media?parent=16939"}],"wp:term":[{"taxonomy":"category","embeddable":true,"href":"https:\/\/dev.antudigital.cl\/sites\/vc\/wp-json\/wp\/v2\/categories?post=16939"},{"taxonomy":"post_tag","embeddable":true,"href":"https:\/\/dev.antudigital.cl\/sites\/vc\/wp-json\/wp\/v2\/tags?post=16939"}],"curies":[{"name":"wp","href":"https:\/\/api.w.org\/{rel}","templated":true}]}}