{"id":17013,"date":"2023-09-12T01:40:51","date_gmt":"2023-09-12T01:40:51","guid":{"rendered":"https:\/\/www.valparaisocreativo.cl\/?p=17013"},"modified":"2023-09-12T01:56:13","modified_gmt":"2023-09-12T01:56:13","slug":"para-no-perder-la-memoria-el-retrato-documental-de-bastardo","status":"publish","type":"post","link":"https:\/\/dev.antudigital.cl\/sites\/vc\/para-no-perder-la-memoria-el-retrato-documental-de-bastardo\/","title":{"rendered":"Para no perder la memoria: el retrato documental de \u00abBastardo\u00bb"},"content":{"rendered":"\n<p><em>Por: Valentinne Rudolphy<\/em><\/p>\n\n\n\n<p>En este d\u00eda particular quisimos rescatar una historia que hace el ejercicio del cruce entre arte y memoria. Un documental que muestra una realidad cruda y que nos invita a reflexionar sobre lo que significa recordar en nuestro pa\u00eds y la importancia de abrirnos a conocer testimonios.<\/p>\n\n\n\n<p>Pepe Rovano es el autor de \u201cBastardo\u201d, pieza audiovisual que nos transporta a una experiencia en primera persona con el pasado m\u00e1s oscuro de Chile y abre la pregunta de c\u00f3mo enfrentamos la actualidad bajo estos hechos.<\/p>\n\n\n\n<p>\u00c9l ha vivido en Italia y varios otros pa\u00edses, pero hace 15 a\u00f1os que reside en la Regi\u00f3n de Valpara\u00edso, en Vi\u00f1a del Mar y con una residencia de arte en Limache. En el contexto de los 50 a\u00f1os del golpe c\u00edvico-militar, \u00e9l cuenta su verdad a trav\u00e9s de este filme que parece m\u00e1s actual que nunca.\u00a0<\/p>\n\n\n\n<figure class=\"wp-block-image size-full\"><img fetchpriority=\"high\" decoding=\"async\" width=\"766\" height=\"508\" src=\"https:\/\/www.valparaisocreativo.cl\/wp-content\/uploads\/2023\/09\/Captura-de-Pantalla-2023-09-11-a-las-14.59.40.png\" alt=\"\" class=\"wp-image-17018\" srcset=\"https:\/\/dev.antudigital.cl\/sites\/vc\/wp-content\/uploads\/2023\/09\/Captura-de-Pantalla-2023-09-11-a-las-14.59.40.png 766w, https:\/\/dev.antudigital.cl\/sites\/vc\/wp-content\/uploads\/2023\/09\/Captura-de-Pantalla-2023-09-11-a-las-14.59.40-300x199.png 300w, https:\/\/dev.antudigital.cl\/sites\/vc\/wp-content\/uploads\/2023\/09\/Captura-de-Pantalla-2023-09-11-a-las-14.59.40-480x318.png 480w, https:\/\/dev.antudigital.cl\/sites\/vc\/wp-content\/uploads\/2023\/09\/Captura-de-Pantalla-2023-09-11-a-las-14.59.40-24x16.png 24w, https:\/\/dev.antudigital.cl\/sites\/vc\/wp-content\/uploads\/2023\/09\/Captura-de-Pantalla-2023-09-11-a-las-14.59.40-36x24.png 36w, https:\/\/dev.antudigital.cl\/sites\/vc\/wp-content\/uploads\/2023\/09\/Captura-de-Pantalla-2023-09-11-a-las-14.59.40-48x32.png 48w\" sizes=\"(max-width: 766px) 100vw, 766px\" \/><\/figure>\n\n\n\n<p><strong>A prop\u00f3sito de tu nuevo documental \u201c<\/strong><strong><em>Bastardo. La herencia de un genocida\u201d<\/em><\/strong><strong> y de los 50 a\u00f1os que se conmemoran, quer\u00eda saber \u00bfc\u00f3mo has vivido este periodo?<\/strong><\/p>\n\n\n\n<p>-Creo que son 50 a\u00f1os s\u00faper tristes con un Chile s\u00faper dividido, donde no me queda claro que haya una condena a la dictadura c\u00edvico-militar. Creo en la democracia y creo que tienen que haber diversos colores pol\u00edticos. Mi l\u00edmite es el crimen y la violaci\u00f3n a los derechos humanos. Eso es s\u00faper fuerte y ese es el tema que quiero plantear.<\/p>\n\n\n\n<p><strong>T\u00fa te involucras profundamente en la memoria y te presentas como hijo de genocida, \u00bfc\u00f3mo se cruzan tu activismo y obra?<\/strong><\/p>\n\n\n\n<p>-El a\u00f1o pasado fui a contar mi historia a Berl\u00edn, invitado por la casa de Ana Frank. Nos reunimos en la ex sede de la Gestapo, donde se encontraron por primera vez hijos de nazis con hijos de v\u00edctimas del genocidio hebreo y me invitaron a contar mi historia como hijo de genocida, porque s\u00ed, llevo a\u00f1os trabajando con memoria y derechos humanos. En ese sentido, <em>Bastardo. La herencia de un genocida<\/em>, plantea esta disyuntiva.<\/p>\n\n\n\n<p>Anteriormente tambi\u00e9n hice el Memorial Rocas XR, con la productora musical Alis\u00fa, trabajo donde se reconstruye el sitio de memoria de Rocas de Santo Domingo, que fue un centro de tortura de la CNI. Esa fue otra apuesta. Siempre he tenido un af\u00e1n humano tanto en mi obra cinematogr\u00e1fica, como tambi\u00e9n en lo inmersivo y nuevas tecnolog\u00edas, con las que tambi\u00e9n he hecho proyectos.<\/p>\n\n\n\n<figure class=\"wp-block-image size-large\"><img decoding=\"async\" width=\"1024\" height=\"1024\" src=\"https:\/\/www.valparaisocreativo.cl\/wp-content\/uploads\/2023\/09\/Bastardo-1024x1024.jpeg\" alt=\"\" class=\"wp-image-17015\" srcset=\"https:\/\/dev.antudigital.cl\/sites\/vc\/wp-content\/uploads\/2023\/09\/Bastardo-1024x1024.jpeg 1024w, https:\/\/dev.antudigital.cl\/sites\/vc\/wp-content\/uploads\/2023\/09\/Bastardo-300x300.jpeg 300w, https:\/\/dev.antudigital.cl\/sites\/vc\/wp-content\/uploads\/2023\/09\/Bastardo-150x150.jpeg 150w, https:\/\/dev.antudigital.cl\/sites\/vc\/wp-content\/uploads\/2023\/09\/Bastardo-768x768.jpeg 768w, https:\/\/dev.antudigital.cl\/sites\/vc\/wp-content\/uploads\/2023\/09\/Bastardo-980x980.jpeg 980w, https:\/\/dev.antudigital.cl\/sites\/vc\/wp-content\/uploads\/2023\/09\/Bastardo-480x480.jpeg 480w, https:\/\/dev.antudigital.cl\/sites\/vc\/wp-content\/uploads\/2023\/09\/Bastardo-24x24.jpeg 24w, https:\/\/dev.antudigital.cl\/sites\/vc\/wp-content\/uploads\/2023\/09\/Bastardo-36x36.jpeg 36w, https:\/\/dev.antudigital.cl\/sites\/vc\/wp-content\/uploads\/2023\/09\/Bastardo-48x48.jpeg 48w, https:\/\/dev.antudigital.cl\/sites\/vc\/wp-content\/uploads\/2023\/09\/Bastardo.jpeg 1080w\" sizes=\"(max-width: 1024px) 100vw, 1024px\" \/><\/figure>\n\n\n\n<p><strong>En torno a los temas que abordas, \u00bfpor qu\u00e9 insistir en la memoria desde tu punto de vista?<\/strong><\/p>\n\n\n\n<p>-Creo que la memoria es un territorio en disputa. No creo tener la raz\u00f3n, represento mi voz pero tambi\u00e9n pertenezco a un colectivo internacional que se llama <em>Historias Desobedientes, hijas, hijos de genocidas por la verdad y la justicia<\/em>. Somos \u201clos familiares de los malos\u201d, que rompimos v\u00ednculos con nuestras familias y luchamos por los derechos humanos. Tenemos sede en Chile, Argentina, Uruguay, Paraguay, Brasil, Salvador, Espa\u00f1a y Alemania. Creo que presentamos algo muy actual, para nosotros en Chile se remite al 73 y el quiebre que gener\u00f3 en nuestra sociedad. Por lo que la memoria es primordial. Mi trabajo art\u00edstico es sumamente pol\u00edtico y eso tambi\u00e9n pasa con el colectivo, con quienes tenemos varias obras audiovisuales y escritos y estuvimos invitados al Museo Nacional de Bellas Artes a exponer nuestras obras. La forma de explicar nuestro pensamiento pol\u00edtico y llegar a la actualidad es el arte.<\/p>\n\n\n\n<p><strong>En ese mismo sentido, \u00bfc\u00f3mo es vivir del arte?<\/strong><\/p>\n\n\n\n<p>-Dificil\u00edsimo, pero es una apuesta. Cuesta mucho, en especial desde la Regi\u00f3n, y eso hace que todo sea muy underground.<\/p>\n\n\n\n<p><strong>Por otra parte, \u00bfc\u00f3mo ha sido esta etapa inicial de <\/strong><strong><em>Bastardo<\/em><\/strong><strong>?<\/strong><\/p>\n\n\n\n<p>-Estrenamos con m\u00e1s de 400 personas en la Cineteca Nacional del Palacio La Moneda y nos ganamos una Menci\u00f3n Honrosa del Festival SANFIC. Ahora empezamos la distribuci\u00f3n en salas a trav\u00e9s de Miradoc, donde se pueden ver las pr\u00f3ximas funciones. Es una pel\u00edcula que invita a reflexionar sobre nuestra posici\u00f3n en torno a los derechos humanos, a 50 a\u00f1os del golpe.&nbsp;<\/p>\n\n\n\n<p>Ahora estamos en la etapa de estreno internacional. Tuvimos una Avant Premiere el s\u00e1bado 9 en Roma, luego el 11 de septiembre en Suecia con la comunidad chilena y una peque\u00f1a gira en ese pa\u00eds.\u00a0<\/p>\n\n\n\n<figure class=\"wp-block-image size-full\"><img decoding=\"async\" width=\"1000\" height=\"667\" src=\"https:\/\/www.valparaisocreativo.cl\/wp-content\/uploads\/2023\/09\/Bastardo-2.jpeg\" alt=\"\" class=\"wp-image-17014\" srcset=\"https:\/\/dev.antudigital.cl\/sites\/vc\/wp-content\/uploads\/2023\/09\/Bastardo-2.jpeg 1000w, https:\/\/dev.antudigital.cl\/sites\/vc\/wp-content\/uploads\/2023\/09\/Bastardo-2-300x200.jpeg 300w, https:\/\/dev.antudigital.cl\/sites\/vc\/wp-content\/uploads\/2023\/09\/Bastardo-2-768x512.jpeg 768w, https:\/\/dev.antudigital.cl\/sites\/vc\/wp-content\/uploads\/2023\/09\/Bastardo-2-980x654.jpeg 980w, https:\/\/dev.antudigital.cl\/sites\/vc\/wp-content\/uploads\/2023\/09\/Bastardo-2-480x320.jpeg 480w, https:\/\/dev.antudigital.cl\/sites\/vc\/wp-content\/uploads\/2023\/09\/Bastardo-2-24x16.jpeg 24w, https:\/\/dev.antudigital.cl\/sites\/vc\/wp-content\/uploads\/2023\/09\/Bastardo-2-36x24.jpeg 36w, https:\/\/dev.antudigital.cl\/sites\/vc\/wp-content\/uploads\/2023\/09\/Bastardo-2-48x32.jpeg 48w\" sizes=\"(max-width: 1000px) 100vw, 1000px\" \/><\/figure>\n\n\n\n<p><strong>\u00bfQu\u00e9 nos puedes contar de Bastardo, tu \u00faltimo documental?<\/strong><\/p>\n\n\n\n<p>-Es una pel\u00edcula pol\u00e9mica donde retrato la relaci\u00f3n que tuve con mi padre. Yo a los 35 a\u00f1os lo conoc\u00ed, antes no era tema y viv\u00eda fuera de Chile. Cuando ten\u00eda 35 supe que soy hijo de un criminal de lesa humanidad, que est\u00e1 condenado a 12 a\u00f1os de c\u00e1rcel por haber matado a seis militantes del Partido Comunista, o sea, no lo quer\u00eda conocer. Me cost\u00f3 como dos a\u00f1os venir a enfrentarlo y de eso va el documental y de nuestra relaci\u00f3n. Todo va bastante bien hasta que le cuento que soy homosexual, motivo por el cual me deshereda, a lo que yo entend\u00ed que esta persona ten\u00eda un arco de violencia completa. Tambi\u00e9n quise hacerme cargo un poco de toda esta situaci\u00f3n, porque generamos un v\u00ednculo a pesar de que estaba condenado, nunca cumpli\u00f3 c\u00e1rcel porque se le aplic\u00f3 la Ley de Amnist\u00eda.&nbsp;<\/p>\n\n\n\n<p>Al inicio tuve mucha negaci\u00f3n por todo esto, pero quer\u00eda conocer a mi padre aunque entonces viv\u00eda en Suiza. Eventualmente me vine y hasta vivimos juntos. Pas\u00e9 por muchas etapas en esta relaci\u00f3n, en especial por su historia. Pude haberlo negado u ocultado, yo quise conocer su explicaci\u00f3n. Intent\u00e9 creerle. Pero nunca reconoci\u00f3 ni se arrepinti\u00f3 de nada.&nbsp;<\/p>\n\n\n\n<p>Paralelamente yo ya hab\u00eda trabajado con Derechos Humanos, por lo que quise venir a conocer a los hijos de las v\u00edctimas de mi padre, donde comienza un camino s\u00faper tortuoso que a\u00fan contin\u00faa, ya que es muy dif\u00edcil explicarles a ellos qui\u00e9n soy yo. Eso es lo que trato en la pel\u00edcula. Yo condeno la violaci\u00f3n a los Derechos Humanos, aunque sea de mi propio padre. Y eso me critican un poco, el querer juntarme con mi pap\u00e1 porque es genocida, pero ten\u00eda que hacerlo y tuve acceso a entrar en su vida durante a\u00f1os.<\/p>\n\n\n\n<p>En Bastardo, enfrento mi situaci\u00f3n. Busco no quedarme callado.<\/p>\n\n\n\n<p><strong>\u00bfCu\u00e1nto tiempo dur\u00f3 todo este proceso?<\/strong><\/p>\n\n\n\n<p>-Fueron en total 15 a\u00f1os, entre conocerlo y vivir juntos, grabando y registrando, hasta que entend\u00ed que mi historia podr\u00eda ayudar a otras personas como yo, hijos de genocida.\u00a0<\/p>\n\n\n\n<figure class=\"wp-block-image size-full\"><img loading=\"lazy\" decoding=\"async\" width=\"268\" height=\"188\" src=\"https:\/\/www.valparaisocreativo.cl\/wp-content\/uploads\/2023\/09\/Bastardo-4.jpeg\" alt=\"\" class=\"wp-image-17016\" srcset=\"https:\/\/dev.antudigital.cl\/sites\/vc\/wp-content\/uploads\/2023\/09\/Bastardo-4.jpeg 268w, https:\/\/dev.antudigital.cl\/sites\/vc\/wp-content\/uploads\/2023\/09\/Bastardo-4-24x17.jpeg 24w, https:\/\/dev.antudigital.cl\/sites\/vc\/wp-content\/uploads\/2023\/09\/Bastardo-4-36x25.jpeg 36w, https:\/\/dev.antudigital.cl\/sites\/vc\/wp-content\/uploads\/2023\/09\/Bastardo-4-48x34.jpeg 48w\" sizes=\"(max-width: 268px) 100vw, 268px\" \/><\/figure>\n\n\n\n<p><strong>Todo lo que nos cuentas, es bastante, entonces \u00bfc\u00f3mo te identificas en cuanto a tus ra\u00edces? \u00bfQu\u00e9 es para ti Chile?<\/strong><\/p>\n\n\n\n<p>-Chile es una isla, que fuerte decirlo. Creo que la Cordillera de los Andes nos separa del mundo. Es un pa\u00eds agreste, con una naturaleza \u00fanica y exuberante, es maravilloso pero creo que la dictadura nos hizo muy mal y eso me hace tener reparos sobre nuestra sociedad. No s\u00e9 d\u00f3nde terminar\u00e9 mis d\u00edas, pero ahora estoy establecido ac\u00e1 y vivo bien y puedo viajar y conocer otros lugares por trabajo, lo que es un privilegio. Pero encuentro que vivir ac\u00e1 es complicado.<\/p>\n\n\n\n<p><strong>Sobre <\/strong><strong><em>Bastardo<\/em><\/strong><strong>, \u00bfqu\u00e9 puedes destacar de este largo proceso de montaje y producci\u00f3n con un tema tan personal?<\/strong><\/p>\n\n\n\n<p>-Fue muy distinto a otros proyectos, ya que es una pel\u00edcula que crece conmigo, mientras me demoro en grabarla y todo. Creo que lo m\u00e1s bonito es la materialidad que mezcla formatos como VHS, Super 8, luego en HD, pues va pasando el tiempo y eso se nota, ya que es eso lo que demora la vida. El proceso creativo fue s\u00faper fuerte, con m\u00fasicos, montajistas, camar\u00f3grafos y un gran equipo, con un montaje de cuatro a\u00f1os, con una banda sonora alucinante y un trabajo colaborativo que me encant\u00f3. Adem\u00e1s la post producci\u00f3n de sonido de hizo en Italia y la de color en Suecia, el resto fue ac\u00e1 en Chile.<\/p>\n\n\n\n<p>Bienvenido aquellos a quienes les guste y a quienes no, pues es importante hablar de memoria y de violaciones a los Derechos Humanos para que no vuelvan a ocurrir.<\/p>\n\n\n\n<p><a href=\"https:\/\/miradoc.cl\/\"><strong>Revisa las fechas de proyecci\u00f3n en Miradoc.<\/strong><\/a><\/p>\n","protected":false},"excerpt":{"rendered":"<p>Por: Valentinne Rudolphy En este d\u00eda particular quisimos rescatar una historia que hace el ejercicio del cruce entre arte y memoria. Un documental que muestra una realidad cruda y que nos invita a reflexionar sobre lo que significa recordar en nuestro pa\u00eds y la importancia de abrirnos a conocer testimonios. Pepe Rovano es el autor [&hellip;]<\/p>\n","protected":false},"author":1,"featured_media":17017,"comment_status":"closed","ping_status":"closed","sticky":false,"template":"","format":"standard","meta":{"_acf_changed":false,"footnotes":""},"categories":[218],"tags":[],"class_list":["post-17013","post","type-post","status-publish","format-standard","has-post-thumbnail","hentry","category-blog"],"acf":[],"yoast_head":"<!-- This site is optimized with the Yoast SEO plugin v27.1.1 - https:\/\/yoast.com\/product\/yoast-seo-wordpress\/ -->\n<title>Para no perder la memoria: el retrato documental de &quot;Bastardo&quot; - Valpara\u00ed\u00adso Creativo<\/title>\n<meta name=\"robots\" content=\"index, follow, max-snippet:-1, max-image-preview:large, max-video-preview:-1\" \/>\n<link rel=\"canonical\" href=\"https:\/\/dev.antudigital.cl\/sites\/vc\/para-no-perder-la-memoria-el-retrato-documental-de-bastardo\/\" \/>\n<meta property=\"og:locale\" content=\"es_ES\" \/>\n<meta property=\"og:type\" content=\"article\" \/>\n<meta property=\"og:title\" content=\"Para no perder la memoria: el retrato documental de &quot;Bastardo&quot; - Valpara\u00ed\u00adso Creativo\" \/>\n<meta property=\"og:description\" content=\"Por: Valentinne Rudolphy En este d\u00eda particular quisimos rescatar una historia que hace el ejercicio del cruce entre arte y memoria. Un documental que muestra una realidad cruda y que nos invita a reflexionar sobre lo que significa recordar en nuestro pa\u00eds y la importancia de abrirnos a conocer testimonios. Pepe Rovano es el autor [&hellip;]\" \/>\n<meta property=\"og:url\" content=\"https:\/\/dev.antudigital.cl\/sites\/vc\/para-no-perder-la-memoria-el-retrato-documental-de-bastardo\/\" \/>\n<meta property=\"og:site_name\" content=\"Valpara\u00ed\u00adso Creativo\" \/>\n<meta property=\"article:published_time\" content=\"2023-09-12T01:40:51+00:00\" \/>\n<meta property=\"article:modified_time\" content=\"2023-09-12T01:56:13+00:00\" \/>\n<meta property=\"og:image\" content=\"https:\/\/dev.antudigital.cl\/sites\/vc\/wp-content\/uploads\/2023\/09\/Bastardo-3.jpeg\" \/>\n\t<meta property=\"og:image:width\" content=\"1200\" \/>\n\t<meta property=\"og:image:height\" content=\"800\" \/>\n\t<meta property=\"og:image:type\" content=\"image\/jpeg\" \/>\n<meta name=\"author\" content=\"Valpara\u00edso Creativo\" \/>\n<meta name=\"twitter:card\" content=\"summary_large_image\" \/>\n<meta name=\"twitter:label1\" content=\"Escrito por\" \/>\n\t<meta name=\"twitter:data1\" content=\"Valpara\u00edso Creativo\" \/>\n\t<meta name=\"twitter:label2\" content=\"Tiempo de lectura\" \/>\n\t<meta name=\"twitter:data2\" content=\"7 minutos\" \/>\n<script type=\"application\/ld+json\" class=\"yoast-schema-graph\">{\"@context\":\"https:\/\/schema.org\",\"@graph\":[{\"@type\":\"Article\",\"@id\":\"https:\/\/dev.antudigital.cl\/sites\/vc\/para-no-perder-la-memoria-el-retrato-documental-de-bastardo\/#article\",\"isPartOf\":{\"@id\":\"https:\/\/dev.antudigital.cl\/sites\/vc\/para-no-perder-la-memoria-el-retrato-documental-de-bastardo\/\"},\"author\":{\"name\":\"Valpara\u00edso Creativo\",\"@id\":\"https:\/\/dev.antudigital.cl\/sites\/vc\/#\/schema\/person\/c2b9da8dd545e27166fc5ab232837318\"},\"headline\":\"Para no perder la memoria: el retrato documental de \u00abBastardo\u00bb\",\"datePublished\":\"2023-09-12T01:40:51+00:00\",\"dateModified\":\"2023-09-12T01:56:13+00:00\",\"mainEntityOfPage\":{\"@id\":\"https:\/\/dev.antudigital.cl\/sites\/vc\/para-no-perder-la-memoria-el-retrato-documental-de-bastardo\/\"},\"wordCount\":1424,\"image\":{\"@id\":\"https:\/\/dev.antudigital.cl\/sites\/vc\/para-no-perder-la-memoria-el-retrato-documental-de-bastardo\/#primaryimage\"},\"thumbnailUrl\":\"https:\/\/dev.antudigital.cl\/sites\/vc\/wp-content\/uploads\/2023\/09\/Bastardo-3.jpeg\",\"articleSection\":[\"Blog\"],\"inLanguage\":\"es\"},{\"@type\":\"WebPage\",\"@id\":\"https:\/\/dev.antudigital.cl\/sites\/vc\/para-no-perder-la-memoria-el-retrato-documental-de-bastardo\/\",\"url\":\"https:\/\/dev.antudigital.cl\/sites\/vc\/para-no-perder-la-memoria-el-retrato-documental-de-bastardo\/\",\"name\":\"Para no perder la memoria: el retrato documental de \\\"Bastardo\\\" - Valpara\u00ed\u00adso Creativo\",\"isPartOf\":{\"@id\":\"https:\/\/dev.antudigital.cl\/sites\/vc\/#website\"},\"primaryImageOfPage\":{\"@id\":\"https:\/\/dev.antudigital.cl\/sites\/vc\/para-no-perder-la-memoria-el-retrato-documental-de-bastardo\/#primaryimage\"},\"image\":{\"@id\":\"https:\/\/dev.antudigital.cl\/sites\/vc\/para-no-perder-la-memoria-el-retrato-documental-de-bastardo\/#primaryimage\"},\"thumbnailUrl\":\"https:\/\/dev.antudigital.cl\/sites\/vc\/wp-content\/uploads\/2023\/09\/Bastardo-3.jpeg\",\"datePublished\":\"2023-09-12T01:40:51+00:00\",\"dateModified\":\"2023-09-12T01:56:13+00:00\",\"author\":{\"@id\":\"https:\/\/dev.antudigital.cl\/sites\/vc\/#\/schema\/person\/c2b9da8dd545e27166fc5ab232837318\"},\"breadcrumb\":{\"@id\":\"https:\/\/dev.antudigital.cl\/sites\/vc\/para-no-perder-la-memoria-el-retrato-documental-de-bastardo\/#breadcrumb\"},\"inLanguage\":\"es\",\"potentialAction\":[{\"@type\":\"ReadAction\",\"target\":[\"https:\/\/dev.antudigital.cl\/sites\/vc\/para-no-perder-la-memoria-el-retrato-documental-de-bastardo\/\"]}]},{\"@type\":\"ImageObject\",\"inLanguage\":\"es\",\"@id\":\"https:\/\/dev.antudigital.cl\/sites\/vc\/para-no-perder-la-memoria-el-retrato-documental-de-bastardo\/#primaryimage\",\"url\":\"https:\/\/dev.antudigital.cl\/sites\/vc\/wp-content\/uploads\/2023\/09\/Bastardo-3.jpeg\",\"contentUrl\":\"https:\/\/dev.antudigital.cl\/sites\/vc\/wp-content\/uploads\/2023\/09\/Bastardo-3.jpeg\",\"width\":1200,\"height\":800},{\"@type\":\"BreadcrumbList\",\"@id\":\"https:\/\/dev.antudigital.cl\/sites\/vc\/para-no-perder-la-memoria-el-retrato-documental-de-bastardo\/#breadcrumb\",\"itemListElement\":[{\"@type\":\"ListItem\",\"position\":1,\"name\":\"Home\",\"item\":\"https:\/\/dev.antudigital.cl\/sites\/vc\/\"},{\"@type\":\"ListItem\",\"position\":2,\"name\":\"Para no perder la memoria: el retrato documental de \u00abBastardo\u00bb\"}]},{\"@type\":\"WebSite\",\"@id\":\"https:\/\/dev.antudigital.cl\/sites\/vc\/#website\",\"url\":\"https:\/\/dev.antudigital.cl\/sites\/vc\/\",\"name\":\"Valpara\u00ed\u00adso Creativo\",\"description\":\"\",\"potentialAction\":[{\"@type\":\"SearchAction\",\"target\":{\"@type\":\"EntryPoint\",\"urlTemplate\":\"https:\/\/dev.antudigital.cl\/sites\/vc\/?s={search_term_string}\"},\"query-input\":{\"@type\":\"PropertyValueSpecification\",\"valueRequired\":true,\"valueName\":\"search_term_string\"}}],\"inLanguage\":\"es\"},{\"@type\":\"Person\",\"@id\":\"https:\/\/dev.antudigital.cl\/sites\/vc\/#\/schema\/person\/c2b9da8dd545e27166fc5ab232837318\",\"name\":\"Valpara\u00edso Creativo\",\"description\":\"Periodista de cultura en la Regi\u00f3n de Valpara\u00edso.\",\"url\":\"https:\/\/dev.antudigital.cl\/sites\/vc\/author\/valpoadmin\/\"}]}<\/script>\n<!-- \/ Yoast SEO plugin. -->","yoast_head_json":{"title":"Para no perder la memoria: el retrato documental de \"Bastardo\" - Valpara\u00ed\u00adso Creativo","robots":{"index":"index","follow":"follow","max-snippet":"max-snippet:-1","max-image-preview":"max-image-preview:large","max-video-preview":"max-video-preview:-1"},"canonical":"https:\/\/dev.antudigital.cl\/sites\/vc\/para-no-perder-la-memoria-el-retrato-documental-de-bastardo\/","og_locale":"es_ES","og_type":"article","og_title":"Para no perder la memoria: el retrato documental de \"Bastardo\" - Valpara\u00ed\u00adso Creativo","og_description":"Por: Valentinne Rudolphy En este d\u00eda particular quisimos rescatar una historia que hace el ejercicio del cruce entre arte y memoria. Un documental que muestra una realidad cruda y que nos invita a reflexionar sobre lo que significa recordar en nuestro pa\u00eds y la importancia de abrirnos a conocer testimonios. Pepe Rovano es el autor [&hellip;]","og_url":"https:\/\/dev.antudigital.cl\/sites\/vc\/para-no-perder-la-memoria-el-retrato-documental-de-bastardo\/","og_site_name":"Valpara\u00ed\u00adso Creativo","article_published_time":"2023-09-12T01:40:51+00:00","article_modified_time":"2023-09-12T01:56:13+00:00","og_image":[{"width":1200,"height":800,"url":"https:\/\/dev.antudigital.cl\/sites\/vc\/wp-content\/uploads\/2023\/09\/Bastardo-3.jpeg","type":"image\/jpeg"}],"author":"Valpara\u00edso Creativo","twitter_card":"summary_large_image","twitter_misc":{"Escrito por":"Valpara\u00edso Creativo","Tiempo de lectura":"7 minutos"},"schema":{"@context":"https:\/\/schema.org","@graph":[{"@type":"Article","@id":"https:\/\/dev.antudigital.cl\/sites\/vc\/para-no-perder-la-memoria-el-retrato-documental-de-bastardo\/#article","isPartOf":{"@id":"https:\/\/dev.antudigital.cl\/sites\/vc\/para-no-perder-la-memoria-el-retrato-documental-de-bastardo\/"},"author":{"name":"Valpara\u00edso Creativo","@id":"https:\/\/dev.antudigital.cl\/sites\/vc\/#\/schema\/person\/c2b9da8dd545e27166fc5ab232837318"},"headline":"Para no perder la memoria: el retrato documental de \u00abBastardo\u00bb","datePublished":"2023-09-12T01:40:51+00:00","dateModified":"2023-09-12T01:56:13+00:00","mainEntityOfPage":{"@id":"https:\/\/dev.antudigital.cl\/sites\/vc\/para-no-perder-la-memoria-el-retrato-documental-de-bastardo\/"},"wordCount":1424,"image":{"@id":"https:\/\/dev.antudigital.cl\/sites\/vc\/para-no-perder-la-memoria-el-retrato-documental-de-bastardo\/#primaryimage"},"thumbnailUrl":"https:\/\/dev.antudigital.cl\/sites\/vc\/wp-content\/uploads\/2023\/09\/Bastardo-3.jpeg","articleSection":["Blog"],"inLanguage":"es"},{"@type":"WebPage","@id":"https:\/\/dev.antudigital.cl\/sites\/vc\/para-no-perder-la-memoria-el-retrato-documental-de-bastardo\/","url":"https:\/\/dev.antudigital.cl\/sites\/vc\/para-no-perder-la-memoria-el-retrato-documental-de-bastardo\/","name":"Para no perder la memoria: el retrato documental de \"Bastardo\" - Valpara\u00ed\u00adso Creativo","isPartOf":{"@id":"https:\/\/dev.antudigital.cl\/sites\/vc\/#website"},"primaryImageOfPage":{"@id":"https:\/\/dev.antudigital.cl\/sites\/vc\/para-no-perder-la-memoria-el-retrato-documental-de-bastardo\/#primaryimage"},"image":{"@id":"https:\/\/dev.antudigital.cl\/sites\/vc\/para-no-perder-la-memoria-el-retrato-documental-de-bastardo\/#primaryimage"},"thumbnailUrl":"https:\/\/dev.antudigital.cl\/sites\/vc\/wp-content\/uploads\/2023\/09\/Bastardo-3.jpeg","datePublished":"2023-09-12T01:40:51+00:00","dateModified":"2023-09-12T01:56:13+00:00","author":{"@id":"https:\/\/dev.antudigital.cl\/sites\/vc\/#\/schema\/person\/c2b9da8dd545e27166fc5ab232837318"},"breadcrumb":{"@id":"https:\/\/dev.antudigital.cl\/sites\/vc\/para-no-perder-la-memoria-el-retrato-documental-de-bastardo\/#breadcrumb"},"inLanguage":"es","potentialAction":[{"@type":"ReadAction","target":["https:\/\/dev.antudigital.cl\/sites\/vc\/para-no-perder-la-memoria-el-retrato-documental-de-bastardo\/"]}]},{"@type":"ImageObject","inLanguage":"es","@id":"https:\/\/dev.antudigital.cl\/sites\/vc\/para-no-perder-la-memoria-el-retrato-documental-de-bastardo\/#primaryimage","url":"https:\/\/dev.antudigital.cl\/sites\/vc\/wp-content\/uploads\/2023\/09\/Bastardo-3.jpeg","contentUrl":"https:\/\/dev.antudigital.cl\/sites\/vc\/wp-content\/uploads\/2023\/09\/Bastardo-3.jpeg","width":1200,"height":800},{"@type":"BreadcrumbList","@id":"https:\/\/dev.antudigital.cl\/sites\/vc\/para-no-perder-la-memoria-el-retrato-documental-de-bastardo\/#breadcrumb","itemListElement":[{"@type":"ListItem","position":1,"name":"Home","item":"https:\/\/dev.antudigital.cl\/sites\/vc\/"},{"@type":"ListItem","position":2,"name":"Para no perder la memoria: el retrato documental de \u00abBastardo\u00bb"}]},{"@type":"WebSite","@id":"https:\/\/dev.antudigital.cl\/sites\/vc\/#website","url":"https:\/\/dev.antudigital.cl\/sites\/vc\/","name":"Valpara\u00ed\u00adso Creativo","description":"","potentialAction":[{"@type":"SearchAction","target":{"@type":"EntryPoint","urlTemplate":"https:\/\/dev.antudigital.cl\/sites\/vc\/?s={search_term_string}"},"query-input":{"@type":"PropertyValueSpecification","valueRequired":true,"valueName":"search_term_string"}}],"inLanguage":"es"},{"@type":"Person","@id":"https:\/\/dev.antudigital.cl\/sites\/vc\/#\/schema\/person\/c2b9da8dd545e27166fc5ab232837318","name":"Valpara\u00edso Creativo","description":"Periodista de cultura en la Regi\u00f3n de Valpara\u00edso.","url":"https:\/\/dev.antudigital.cl\/sites\/vc\/author\/valpoadmin\/"}]}},"_links":{"self":[{"href":"https:\/\/dev.antudigital.cl\/sites\/vc\/wp-json\/wp\/v2\/posts\/17013","targetHints":{"allow":["GET"]}}],"collection":[{"href":"https:\/\/dev.antudigital.cl\/sites\/vc\/wp-json\/wp\/v2\/posts"}],"about":[{"href":"https:\/\/dev.antudigital.cl\/sites\/vc\/wp-json\/wp\/v2\/types\/post"}],"author":[{"embeddable":true,"href":"https:\/\/dev.antudigital.cl\/sites\/vc\/wp-json\/wp\/v2\/users\/1"}],"replies":[{"embeddable":true,"href":"https:\/\/dev.antudigital.cl\/sites\/vc\/wp-json\/wp\/v2\/comments?post=17013"}],"version-history":[{"count":2,"href":"https:\/\/dev.antudigital.cl\/sites\/vc\/wp-json\/wp\/v2\/posts\/17013\/revisions"}],"predecessor-version":[{"id":17020,"href":"https:\/\/dev.antudigital.cl\/sites\/vc\/wp-json\/wp\/v2\/posts\/17013\/revisions\/17020"}],"wp:featuredmedia":[{"embeddable":true,"href":"https:\/\/dev.antudigital.cl\/sites\/vc\/wp-json\/wp\/v2\/media\/17017"}],"wp:attachment":[{"href":"https:\/\/dev.antudigital.cl\/sites\/vc\/wp-json\/wp\/v2\/media?parent=17013"}],"wp:term":[{"taxonomy":"category","embeddable":true,"href":"https:\/\/dev.antudigital.cl\/sites\/vc\/wp-json\/wp\/v2\/categories?post=17013"},{"taxonomy":"post_tag","embeddable":true,"href":"https:\/\/dev.antudigital.cl\/sites\/vc\/wp-json\/wp\/v2\/tags?post=17013"}],"curies":[{"name":"wp","href":"https:\/\/api.w.org\/{rel}","templated":true}]}}