{"id":17040,"date":"2023-09-18T12:30:05","date_gmt":"2023-09-18T12:30:05","guid":{"rendered":"https:\/\/www.valparaisocreativo.cl\/?p=17040"},"modified":"2023-09-18T12:30:11","modified_gmt":"2023-09-18T12:30:11","slug":"paulina-urrutia-llega-a-valparaiso-con-proyecto-villa","status":"publish","type":"post","link":"https:\/\/dev.antudigital.cl\/sites\/vc\/paulina-urrutia-llega-a-valparaiso-con-proyecto-villa\/","title":{"rendered":"Paulina Urrutia llega a Valpara\u00edso con Proyecto Villa"},"content":{"rendered":"\n<p>En Chile, despu\u00e9s del golpe militar, casas residenciales se convirtieron en centros de secuestro clandestino en los que opositores fueron torturados, asesinados y, en \u00faltima instancia, desaparecidos. Hoy se conoce su existencia gracias a los testimonios de sus sobrevivientes.&nbsp;<\/p>\n\n\n\n<p><strong>Proyecto Villa<\/strong>&nbsp;explora la relaci\u00f3n entre la arquitectura y la memoria de estos lugares, y propone una reflexi\u00f3n sobre el golpe militar y su persistente efecto en el presente.&nbsp;El montaje habla sobre muerte, compa\u00f1erismo y sobrevivencia, en una relectura dramat\u00fargica y audiovisual, cruzando formatos esc\u00e9nicos, que son a la vez po\u00e9ticos e informativos.<\/p>\n\n\n\n<p>\u201cHab\u00eda dos cosas que nos llamaban la atenci\u00f3n de estas casas. Lo primero era que algunas se transformaron en centros de memoria gracias a un trabajo ciudadano y no por una pol\u00edtica de Estado. Lo segundo es que estos sitios, algunos con cualidades \u00fanicas, fueron el \u00faltimo registro de aquellos que desaparecieron. Arquitect\u00f3nicamente, algunas de estas casas pose\u00edan un estilo franc\u00e9s como es el caso de Londres 38 y la Cl\u00ednica Santa Luc\u00eda, lo que permiti\u00f3 su posterior reconocimiento\u201d, coment\u00f3\u00a0<strong>Daniela Contreras<\/strong>.<\/p>\n\n\n\n<figure class=\"wp-block-image size-full\"><img fetchpriority=\"high\" decoding=\"async\" width=\"659\" height=\"615\" src=\"https:\/\/www.valparaisocreativo.cl\/wp-content\/uploads\/2023\/09\/Captura-de-Pantalla-2023-09-18-a-las-09.29.00.png\" alt=\"\" class=\"wp-image-17042\" srcset=\"https:\/\/dev.antudigital.cl\/sites\/vc\/wp-content\/uploads\/2023\/09\/Captura-de-Pantalla-2023-09-18-a-las-09.29.00.png 659w, https:\/\/dev.antudigital.cl\/sites\/vc\/wp-content\/uploads\/2023\/09\/Captura-de-Pantalla-2023-09-18-a-las-09.29.00-300x280.png 300w, https:\/\/dev.antudigital.cl\/sites\/vc\/wp-content\/uploads\/2023\/09\/Captura-de-Pantalla-2023-09-18-a-las-09.29.00-480x448.png 480w, https:\/\/dev.antudigital.cl\/sites\/vc\/wp-content\/uploads\/2023\/09\/Captura-de-Pantalla-2023-09-18-a-las-09.29.00-24x22.png 24w, https:\/\/dev.antudigital.cl\/sites\/vc\/wp-content\/uploads\/2023\/09\/Captura-de-Pantalla-2023-09-18-a-las-09.29.00-36x34.png 36w, https:\/\/dev.antudigital.cl\/sites\/vc\/wp-content\/uploads\/2023\/09\/Captura-de-Pantalla-2023-09-18-a-las-09.29.00-48x45.png 48w\" sizes=\"(max-width: 659px) 100vw, 659px\" \/><\/figure>\n\n\n\n<p>En esta performance los actores Paulina Urrutia y Daniel Candia act\u00faan como anfitriones de una \u201ccasa piloto\u201d de m\u00faltiples casas usurpadas por la dictadura, la que opera como escenario de la performance y a la cual el p\u00fablico tiene acceso a trav\u00e9s de un recorrido por distintos personajes, espacios y momentos.<\/p>\n\n\n\n<p>Un viaje po\u00e9tico que combina fragmentos de testimonios de sobrevivientes con dispositivos audiovisuales, musicales y&nbsp;objetuales.<\/p>\n\n\n\n<p>Seg\u00fan Daniela Contreras L\u00f3pez, \u201cnos interesa mostrar la historia de la gente. Entonces, utilizamos varios objetos que representan diferentes cosas. Para ello, tomamos varias aristas de distintos testimonios, pero los que m\u00e1s escogimos fueron los que ten\u00edan que ver con la sobrevivencia dentro de estos centros, m\u00e1s all\u00e1 de la tortura misma\u201d.<\/p>\n\n\n\n<p>Proyecto Villa, de N\u00facleo Creativo CC,\u00a0\u00a0fue realizado en parte gracias a Junctures Commissions de 30 Bird, el Programa de Acompa\u00f1amiento 2019 de Teatro Ni\u00f1o Proletario y British Council. Este remontaje 2023 y circulaci\u00f3n por Chile, es un proyecto financiado por el Fondo Nacional de Fomento y Desarrollo de las Artes Esc\u00e9nicas, Convocatoria 2023.<\/p>\n\n\n\n<figure class=\"wp-block-image size-full\"><img decoding=\"async\" width=\"665\" height=\"666\" src=\"https:\/\/www.valparaisocreativo.cl\/wp-content\/uploads\/2023\/09\/Captura-de-Pantalla-2023-09-18-a-las-09.29.16.png\" alt=\"\" class=\"wp-image-17043\" srcset=\"https:\/\/dev.antudigital.cl\/sites\/vc\/wp-content\/uploads\/2023\/09\/Captura-de-Pantalla-2023-09-18-a-las-09.29.16.png 665w, https:\/\/dev.antudigital.cl\/sites\/vc\/wp-content\/uploads\/2023\/09\/Captura-de-Pantalla-2023-09-18-a-las-09.29.16-300x300.png 300w, https:\/\/dev.antudigital.cl\/sites\/vc\/wp-content\/uploads\/2023\/09\/Captura-de-Pantalla-2023-09-18-a-las-09.29.16-150x150.png 150w, https:\/\/dev.antudigital.cl\/sites\/vc\/wp-content\/uploads\/2023\/09\/Captura-de-Pantalla-2023-09-18-a-las-09.29.16-480x481.png 480w, https:\/\/dev.antudigital.cl\/sites\/vc\/wp-content\/uploads\/2023\/09\/Captura-de-Pantalla-2023-09-18-a-las-09.29.16-24x24.png 24w, https:\/\/dev.antudigital.cl\/sites\/vc\/wp-content\/uploads\/2023\/09\/Captura-de-Pantalla-2023-09-18-a-las-09.29.16-36x36.png 36w, https:\/\/dev.antudigital.cl\/sites\/vc\/wp-content\/uploads\/2023\/09\/Captura-de-Pantalla-2023-09-18-a-las-09.29.16-48x48.png 48w\" sizes=\"(max-width: 665px) 100vw, 665px\" \/><\/figure>\n\n\n\n<p><strong>22 y 23 de Septiembre<\/strong><\/p>\n\n\n\n<p>Vi y S\u00e1 \u2014 19 h.&nbsp;<\/p>\n\n\n\n<p>Sala Principal<\/p>\n\n\n\n<p>Parque Cultural de Valpara\u00edso<\/p>\n\n\n\n<p>$5.000 Adhesi\u00f3n General<\/p>\n\n\n\n<p>Recargos por compas en internet<\/p>\n\n\n\n<p>Direcci\u00f3n y dramaturgia: Daniela Contreras L\u00f3pez y Edison C\u00e1jas| Performers: Paulina Urrutia y Daniel Candia | Dise\u00f1o e iluminaci\u00f3n: Nicol\u00e1s Jofr\u00e9 | Directora de arte: Daniela L\u00f3pez | Realizaci\u00f3n audiovisual: Edison C\u00e1jas | Composici\u00f3n musical: Gonzalo G. Galleguillos | Asesor\u00eda investigaci\u00f3n: Evelyn Hevia | Comunicaciones: Alicia Contreras | Producci\u00f3n: N\u00facleo Creativo CC.<\/p>\n","protected":false},"excerpt":{"rendered":"<p>En Chile, despu\u00e9s del golpe militar, casas residenciales se convirtieron en centros de secuestro clandestino en los que opositores fueron torturados, asesinados y, en \u00faltima instancia, desaparecidos. Hoy se conoce su existencia gracias a los testimonios de sus sobrevivientes.&nbsp; Proyecto Villa&nbsp;explora la relaci\u00f3n entre la arquitectura y la memoria de estos lugares, y propone una [&hellip;]<\/p>\n","protected":false},"author":1,"featured_media":17041,"comment_status":"closed","ping_status":"closed","sticky":false,"template":"","format":"standard","meta":{"_acf_changed":false,"footnotes":""},"categories":[1],"tags":[],"class_list":["post-17040","post","type-post","status-publish","format-standard","has-post-thumbnail","hentry","category-uncategorized"],"acf":[],"yoast_head":"<!-- This site is optimized with the Yoast SEO plugin v27.1.1 - https:\/\/yoast.com\/product\/yoast-seo-wordpress\/ -->\n<title>Paulina Urrutia llega a Valpara\u00edso con Proyecto Villa - Valpara\u00ed\u00adso Creativo<\/title>\n<meta name=\"robots\" content=\"index, follow, max-snippet:-1, max-image-preview:large, max-video-preview:-1\" \/>\n<link rel=\"canonical\" href=\"https:\/\/dev.antudigital.cl\/sites\/vc\/paulina-urrutia-llega-a-valparaiso-con-proyecto-villa\/\" \/>\n<meta property=\"og:locale\" content=\"es_ES\" \/>\n<meta property=\"og:type\" content=\"article\" \/>\n<meta property=\"og:title\" content=\"Paulina Urrutia llega a Valpara\u00edso con Proyecto Villa - Valpara\u00ed\u00adso Creativo\" \/>\n<meta property=\"og:description\" content=\"En Chile, despu\u00e9s del golpe militar, casas residenciales se convirtieron en centros de secuestro clandestino en los que opositores fueron torturados, asesinados y, en \u00faltima instancia, desaparecidos. Hoy se conoce su existencia gracias a los testimonios de sus sobrevivientes.&nbsp; Proyecto Villa&nbsp;explora la relaci\u00f3n entre la arquitectura y la memoria de estos lugares, y propone una [&hellip;]\" \/>\n<meta property=\"og:url\" content=\"https:\/\/dev.antudigital.cl\/sites\/vc\/paulina-urrutia-llega-a-valparaiso-con-proyecto-villa\/\" \/>\n<meta property=\"og:site_name\" content=\"Valpara\u00ed\u00adso Creativo\" \/>\n<meta property=\"article:published_time\" content=\"2023-09-18T12:30:05+00:00\" \/>\n<meta property=\"article:modified_time\" content=\"2023-09-18T12:30:11+00:00\" \/>\n<meta property=\"og:image\" content=\"https:\/\/dev.antudigital.cl\/sites\/vc\/wp-content\/uploads\/2023\/09\/PROYECTOVILLA-Promocional-2-Creditos-GAM-y-Jorge-Sanchez.JPG-scaled.jpg\" \/>\n\t<meta property=\"og:image:width\" content=\"2560\" \/>\n\t<meta property=\"og:image:height\" content=\"1706\" \/>\n\t<meta property=\"og:image:type\" content=\"image\/jpeg\" \/>\n<meta name=\"author\" content=\"Valpara\u00edso Creativo\" \/>\n<meta name=\"twitter:card\" content=\"summary_large_image\" \/>\n<meta name=\"twitter:label1\" content=\"Escrito por\" \/>\n\t<meta name=\"twitter:data1\" content=\"Valpara\u00edso Creativo\" \/>\n\t<meta name=\"twitter:label2\" content=\"Tiempo de lectura\" \/>\n\t<meta name=\"twitter:data2\" content=\"3 minutos\" \/>\n<script type=\"application\/ld+json\" class=\"yoast-schema-graph\">{\"@context\":\"https:\/\/schema.org\",\"@graph\":[{\"@type\":\"Article\",\"@id\":\"https:\/\/dev.antudigital.cl\/sites\/vc\/paulina-urrutia-llega-a-valparaiso-con-proyecto-villa\/#article\",\"isPartOf\":{\"@id\":\"https:\/\/dev.antudigital.cl\/sites\/vc\/paulina-urrutia-llega-a-valparaiso-con-proyecto-villa\/\"},\"author\":{\"name\":\"Valpara\u00edso Creativo\",\"@id\":\"https:\/\/dev.antudigital.cl\/sites\/vc\/#\/schema\/person\/c2b9da8dd545e27166fc5ab232837318\"},\"headline\":\"Paulina Urrutia llega a Valpara\u00edso con Proyecto Villa\",\"datePublished\":\"2023-09-18T12:30:05+00:00\",\"dateModified\":\"2023-09-18T12:30:11+00:00\",\"mainEntityOfPage\":{\"@id\":\"https:\/\/dev.antudigital.cl\/sites\/vc\/paulina-urrutia-llega-a-valparaiso-con-proyecto-villa\/\"},\"wordCount\":468,\"image\":{\"@id\":\"https:\/\/dev.antudigital.cl\/sites\/vc\/paulina-urrutia-llega-a-valparaiso-con-proyecto-villa\/#primaryimage\"},\"thumbnailUrl\":\"https:\/\/dev.antudigital.cl\/sites\/vc\/wp-content\/uploads\/2023\/09\/PROYECTOVILLA-Promocional-2-Creditos-GAM-y-Jorge-Sanchez.JPG-scaled.jpg\",\"articleSection\":[\"Uncategorized\"],\"inLanguage\":\"es\"},{\"@type\":\"WebPage\",\"@id\":\"https:\/\/dev.antudigital.cl\/sites\/vc\/paulina-urrutia-llega-a-valparaiso-con-proyecto-villa\/\",\"url\":\"https:\/\/dev.antudigital.cl\/sites\/vc\/paulina-urrutia-llega-a-valparaiso-con-proyecto-villa\/\",\"name\":\"Paulina Urrutia llega a Valpara\u00edso con Proyecto Villa - Valpara\u00ed\u00adso Creativo\",\"isPartOf\":{\"@id\":\"https:\/\/dev.antudigital.cl\/sites\/vc\/#website\"},\"primaryImageOfPage\":{\"@id\":\"https:\/\/dev.antudigital.cl\/sites\/vc\/paulina-urrutia-llega-a-valparaiso-con-proyecto-villa\/#primaryimage\"},\"image\":{\"@id\":\"https:\/\/dev.antudigital.cl\/sites\/vc\/paulina-urrutia-llega-a-valparaiso-con-proyecto-villa\/#primaryimage\"},\"thumbnailUrl\":\"https:\/\/dev.antudigital.cl\/sites\/vc\/wp-content\/uploads\/2023\/09\/PROYECTOVILLA-Promocional-2-Creditos-GAM-y-Jorge-Sanchez.JPG-scaled.jpg\",\"datePublished\":\"2023-09-18T12:30:05+00:00\",\"dateModified\":\"2023-09-18T12:30:11+00:00\",\"author\":{\"@id\":\"https:\/\/dev.antudigital.cl\/sites\/vc\/#\/schema\/person\/c2b9da8dd545e27166fc5ab232837318\"},\"breadcrumb\":{\"@id\":\"https:\/\/dev.antudigital.cl\/sites\/vc\/paulina-urrutia-llega-a-valparaiso-con-proyecto-villa\/#breadcrumb\"},\"inLanguage\":\"es\",\"potentialAction\":[{\"@type\":\"ReadAction\",\"target\":[\"https:\/\/dev.antudigital.cl\/sites\/vc\/paulina-urrutia-llega-a-valparaiso-con-proyecto-villa\/\"]}]},{\"@type\":\"ImageObject\",\"inLanguage\":\"es\",\"@id\":\"https:\/\/dev.antudigital.cl\/sites\/vc\/paulina-urrutia-llega-a-valparaiso-con-proyecto-villa\/#primaryimage\",\"url\":\"https:\/\/dev.antudigital.cl\/sites\/vc\/wp-content\/uploads\/2023\/09\/PROYECTOVILLA-Promocional-2-Creditos-GAM-y-Jorge-Sanchez.JPG-scaled.jpg\",\"contentUrl\":\"https:\/\/dev.antudigital.cl\/sites\/vc\/wp-content\/uploads\/2023\/09\/PROYECTOVILLA-Promocional-2-Creditos-GAM-y-Jorge-Sanchez.JPG-scaled.jpg\",\"width\":2560,\"height\":1706},{\"@type\":\"BreadcrumbList\",\"@id\":\"https:\/\/dev.antudigital.cl\/sites\/vc\/paulina-urrutia-llega-a-valparaiso-con-proyecto-villa\/#breadcrumb\",\"itemListElement\":[{\"@type\":\"ListItem\",\"position\":1,\"name\":\"Home\",\"item\":\"https:\/\/dev.antudigital.cl\/sites\/vc\/\"},{\"@type\":\"ListItem\",\"position\":2,\"name\":\"Paulina Urrutia llega a Valpara\u00edso con Proyecto Villa\"}]},{\"@type\":\"WebSite\",\"@id\":\"https:\/\/dev.antudigital.cl\/sites\/vc\/#website\",\"url\":\"https:\/\/dev.antudigital.cl\/sites\/vc\/\",\"name\":\"Valpara\u00ed\u00adso Creativo\",\"description\":\"\",\"potentialAction\":[{\"@type\":\"SearchAction\",\"target\":{\"@type\":\"EntryPoint\",\"urlTemplate\":\"https:\/\/dev.antudigital.cl\/sites\/vc\/?s={search_term_string}\"},\"query-input\":{\"@type\":\"PropertyValueSpecification\",\"valueRequired\":true,\"valueName\":\"search_term_string\"}}],\"inLanguage\":\"es\"},{\"@type\":\"Person\",\"@id\":\"https:\/\/dev.antudigital.cl\/sites\/vc\/#\/schema\/person\/c2b9da8dd545e27166fc5ab232837318\",\"name\":\"Valpara\u00edso Creativo\",\"description\":\"Periodista de cultura en la Regi\u00f3n de Valpara\u00edso.\",\"url\":\"https:\/\/dev.antudigital.cl\/sites\/vc\/author\/valpoadmin\/\"}]}<\/script>\n<!-- \/ Yoast SEO plugin. -->","yoast_head_json":{"title":"Paulina Urrutia llega a Valpara\u00edso con Proyecto Villa - Valpara\u00ed\u00adso Creativo","robots":{"index":"index","follow":"follow","max-snippet":"max-snippet:-1","max-image-preview":"max-image-preview:large","max-video-preview":"max-video-preview:-1"},"canonical":"https:\/\/dev.antudigital.cl\/sites\/vc\/paulina-urrutia-llega-a-valparaiso-con-proyecto-villa\/","og_locale":"es_ES","og_type":"article","og_title":"Paulina Urrutia llega a Valpara\u00edso con Proyecto Villa - Valpara\u00ed\u00adso Creativo","og_description":"En Chile, despu\u00e9s del golpe militar, casas residenciales se convirtieron en centros de secuestro clandestino en los que opositores fueron torturados, asesinados y, en \u00faltima instancia, desaparecidos. Hoy se conoce su existencia gracias a los testimonios de sus sobrevivientes.&nbsp; Proyecto Villa&nbsp;explora la relaci\u00f3n entre la arquitectura y la memoria de estos lugares, y propone una [&hellip;]","og_url":"https:\/\/dev.antudigital.cl\/sites\/vc\/paulina-urrutia-llega-a-valparaiso-con-proyecto-villa\/","og_site_name":"Valpara\u00ed\u00adso Creativo","article_published_time":"2023-09-18T12:30:05+00:00","article_modified_time":"2023-09-18T12:30:11+00:00","og_image":[{"width":2560,"height":1706,"url":"https:\/\/dev.antudigital.cl\/sites\/vc\/wp-content\/uploads\/2023\/09\/PROYECTOVILLA-Promocional-2-Creditos-GAM-y-Jorge-Sanchez.JPG-scaled.jpg","type":"image\/jpeg"}],"author":"Valpara\u00edso Creativo","twitter_card":"summary_large_image","twitter_misc":{"Escrito por":"Valpara\u00edso Creativo","Tiempo de lectura":"3 minutos"},"schema":{"@context":"https:\/\/schema.org","@graph":[{"@type":"Article","@id":"https:\/\/dev.antudigital.cl\/sites\/vc\/paulina-urrutia-llega-a-valparaiso-con-proyecto-villa\/#article","isPartOf":{"@id":"https:\/\/dev.antudigital.cl\/sites\/vc\/paulina-urrutia-llega-a-valparaiso-con-proyecto-villa\/"},"author":{"name":"Valpara\u00edso Creativo","@id":"https:\/\/dev.antudigital.cl\/sites\/vc\/#\/schema\/person\/c2b9da8dd545e27166fc5ab232837318"},"headline":"Paulina Urrutia llega a Valpara\u00edso con Proyecto Villa","datePublished":"2023-09-18T12:30:05+00:00","dateModified":"2023-09-18T12:30:11+00:00","mainEntityOfPage":{"@id":"https:\/\/dev.antudigital.cl\/sites\/vc\/paulina-urrutia-llega-a-valparaiso-con-proyecto-villa\/"},"wordCount":468,"image":{"@id":"https:\/\/dev.antudigital.cl\/sites\/vc\/paulina-urrutia-llega-a-valparaiso-con-proyecto-villa\/#primaryimage"},"thumbnailUrl":"https:\/\/dev.antudigital.cl\/sites\/vc\/wp-content\/uploads\/2023\/09\/PROYECTOVILLA-Promocional-2-Creditos-GAM-y-Jorge-Sanchez.JPG-scaled.jpg","articleSection":["Uncategorized"],"inLanguage":"es"},{"@type":"WebPage","@id":"https:\/\/dev.antudigital.cl\/sites\/vc\/paulina-urrutia-llega-a-valparaiso-con-proyecto-villa\/","url":"https:\/\/dev.antudigital.cl\/sites\/vc\/paulina-urrutia-llega-a-valparaiso-con-proyecto-villa\/","name":"Paulina Urrutia llega a Valpara\u00edso con Proyecto Villa - Valpara\u00ed\u00adso Creativo","isPartOf":{"@id":"https:\/\/dev.antudigital.cl\/sites\/vc\/#website"},"primaryImageOfPage":{"@id":"https:\/\/dev.antudigital.cl\/sites\/vc\/paulina-urrutia-llega-a-valparaiso-con-proyecto-villa\/#primaryimage"},"image":{"@id":"https:\/\/dev.antudigital.cl\/sites\/vc\/paulina-urrutia-llega-a-valparaiso-con-proyecto-villa\/#primaryimage"},"thumbnailUrl":"https:\/\/dev.antudigital.cl\/sites\/vc\/wp-content\/uploads\/2023\/09\/PROYECTOVILLA-Promocional-2-Creditos-GAM-y-Jorge-Sanchez.JPG-scaled.jpg","datePublished":"2023-09-18T12:30:05+00:00","dateModified":"2023-09-18T12:30:11+00:00","author":{"@id":"https:\/\/dev.antudigital.cl\/sites\/vc\/#\/schema\/person\/c2b9da8dd545e27166fc5ab232837318"},"breadcrumb":{"@id":"https:\/\/dev.antudigital.cl\/sites\/vc\/paulina-urrutia-llega-a-valparaiso-con-proyecto-villa\/#breadcrumb"},"inLanguage":"es","potentialAction":[{"@type":"ReadAction","target":["https:\/\/dev.antudigital.cl\/sites\/vc\/paulina-urrutia-llega-a-valparaiso-con-proyecto-villa\/"]}]},{"@type":"ImageObject","inLanguage":"es","@id":"https:\/\/dev.antudigital.cl\/sites\/vc\/paulina-urrutia-llega-a-valparaiso-con-proyecto-villa\/#primaryimage","url":"https:\/\/dev.antudigital.cl\/sites\/vc\/wp-content\/uploads\/2023\/09\/PROYECTOVILLA-Promocional-2-Creditos-GAM-y-Jorge-Sanchez.JPG-scaled.jpg","contentUrl":"https:\/\/dev.antudigital.cl\/sites\/vc\/wp-content\/uploads\/2023\/09\/PROYECTOVILLA-Promocional-2-Creditos-GAM-y-Jorge-Sanchez.JPG-scaled.jpg","width":2560,"height":1706},{"@type":"BreadcrumbList","@id":"https:\/\/dev.antudigital.cl\/sites\/vc\/paulina-urrutia-llega-a-valparaiso-con-proyecto-villa\/#breadcrumb","itemListElement":[{"@type":"ListItem","position":1,"name":"Home","item":"https:\/\/dev.antudigital.cl\/sites\/vc\/"},{"@type":"ListItem","position":2,"name":"Paulina Urrutia llega a Valpara\u00edso con Proyecto Villa"}]},{"@type":"WebSite","@id":"https:\/\/dev.antudigital.cl\/sites\/vc\/#website","url":"https:\/\/dev.antudigital.cl\/sites\/vc\/","name":"Valpara\u00ed\u00adso Creativo","description":"","potentialAction":[{"@type":"SearchAction","target":{"@type":"EntryPoint","urlTemplate":"https:\/\/dev.antudigital.cl\/sites\/vc\/?s={search_term_string}"},"query-input":{"@type":"PropertyValueSpecification","valueRequired":true,"valueName":"search_term_string"}}],"inLanguage":"es"},{"@type":"Person","@id":"https:\/\/dev.antudigital.cl\/sites\/vc\/#\/schema\/person\/c2b9da8dd545e27166fc5ab232837318","name":"Valpara\u00edso Creativo","description":"Periodista de cultura en la Regi\u00f3n de Valpara\u00edso.","url":"https:\/\/dev.antudigital.cl\/sites\/vc\/author\/valpoadmin\/"}]}},"_links":{"self":[{"href":"https:\/\/dev.antudigital.cl\/sites\/vc\/wp-json\/wp\/v2\/posts\/17040","targetHints":{"allow":["GET"]}}],"collection":[{"href":"https:\/\/dev.antudigital.cl\/sites\/vc\/wp-json\/wp\/v2\/posts"}],"about":[{"href":"https:\/\/dev.antudigital.cl\/sites\/vc\/wp-json\/wp\/v2\/types\/post"}],"author":[{"embeddable":true,"href":"https:\/\/dev.antudigital.cl\/sites\/vc\/wp-json\/wp\/v2\/users\/1"}],"replies":[{"embeddable":true,"href":"https:\/\/dev.antudigital.cl\/sites\/vc\/wp-json\/wp\/v2\/comments?post=17040"}],"version-history":[{"count":1,"href":"https:\/\/dev.antudigital.cl\/sites\/vc\/wp-json\/wp\/v2\/posts\/17040\/revisions"}],"predecessor-version":[{"id":17044,"href":"https:\/\/dev.antudigital.cl\/sites\/vc\/wp-json\/wp\/v2\/posts\/17040\/revisions\/17044"}],"wp:featuredmedia":[{"embeddable":true,"href":"https:\/\/dev.antudigital.cl\/sites\/vc\/wp-json\/wp\/v2\/media\/17041"}],"wp:attachment":[{"href":"https:\/\/dev.antudigital.cl\/sites\/vc\/wp-json\/wp\/v2\/media?parent=17040"}],"wp:term":[{"taxonomy":"category","embeddable":true,"href":"https:\/\/dev.antudigital.cl\/sites\/vc\/wp-json\/wp\/v2\/categories?post=17040"},{"taxonomy":"post_tag","embeddable":true,"href":"https:\/\/dev.antudigital.cl\/sites\/vc\/wp-json\/wp\/v2\/tags?post=17040"}],"curies":[{"name":"wp","href":"https:\/\/api.w.org\/{rel}","templated":true}]}}