{"id":17045,"date":"2023-09-18T12:35:15","date_gmt":"2023-09-18T12:35:15","guid":{"rendered":"https:\/\/www.valparaisocreativo.cl\/?p=17045"},"modified":"2023-09-18T12:35:20","modified_gmt":"2023-09-18T12:35:20","slug":"aniversario-fundacion-santos-chavez-inauguracion-de-el-paraiso-perdido","status":"publish","type":"post","link":"https:\/\/dev.antudigital.cl\/sites\/vc\/aniversario-fundacion-santos-chavez-inauguracion-de-el-paraiso-perdido\/","title":{"rendered":"Aniversario Fundaci\u00f3n Santos Ch\u00e1vez: inauguraci\u00f3n de \u00abEl para\u00edso perdido\u00bb"},"content":{"rendered":"\n<p>En el contexto de Gallery Weekend entre el 28 y 30 de septiembre, se realizar\u00e1 la celebraci\u00f3n de nuestro decimoquinto aniversario de trabajo resguardando y difundiendo el legado de Santos Ch\u00e1vez, un d\u00eda muy importante para Fundaci\u00f3n Santos Ch\u00e1vez.\u00a0Ser\u00e1 el viernes 29 de septiembre a las\u00a0<strong>18:30 hrs<\/strong>, con la inauguraci\u00f3n de la exposici\u00f3n de Santos Ch\u00e1vez<em><strong>\u201cEl Para\u00edso Perdido\u201d<\/strong><\/em>\u00a0con la curator\u00eda de\u00a0<strong>Gonzalo Ilabaca<\/strong>.\u00a0<\/p>\n\n\n\n<p>Adem\u00e1s, el nuevo mural de mosaico \u201cKallfu Mapu\u201d ser\u00e1 instalado en la fachada de la fundaci\u00f3n para conmemorar este hito tan importante.<\/p>\n\n\n\n<figure class=\"wp-block-image size-full\"><img fetchpriority=\"high\" decoding=\"async\" width=\"660\" height=\"661\" src=\"https:\/\/www.valparaisocreativo.cl\/wp-content\/uploads\/2023\/09\/Captura-de-Pantalla-2023-09-18-a-las-09.33.07.png\" alt=\"\" class=\"wp-image-17047\" srcset=\"https:\/\/dev.antudigital.cl\/sites\/vc\/wp-content\/uploads\/2023\/09\/Captura-de-Pantalla-2023-09-18-a-las-09.33.07.png 660w, https:\/\/dev.antudigital.cl\/sites\/vc\/wp-content\/uploads\/2023\/09\/Captura-de-Pantalla-2023-09-18-a-las-09.33.07-300x300.png 300w, https:\/\/dev.antudigital.cl\/sites\/vc\/wp-content\/uploads\/2023\/09\/Captura-de-Pantalla-2023-09-18-a-las-09.33.07-150x150.png 150w, https:\/\/dev.antudigital.cl\/sites\/vc\/wp-content\/uploads\/2023\/09\/Captura-de-Pantalla-2023-09-18-a-las-09.33.07-480x481.png 480w, https:\/\/dev.antudigital.cl\/sites\/vc\/wp-content\/uploads\/2023\/09\/Captura-de-Pantalla-2023-09-18-a-las-09.33.07-24x24.png 24w, https:\/\/dev.antudigital.cl\/sites\/vc\/wp-content\/uploads\/2023\/09\/Captura-de-Pantalla-2023-09-18-a-las-09.33.07-36x36.png 36w, https:\/\/dev.antudigital.cl\/sites\/vc\/wp-content\/uploads\/2023\/09\/Captura-de-Pantalla-2023-09-18-a-las-09.33.07-48x48.png 48w\" sizes=\"(max-width: 660px) 100vw, 660px\" \/><\/figure>\n","protected":false},"excerpt":{"rendered":"<p>En el contexto de Gallery Weekend entre el 28 y 30 de septiembre, se realizar\u00e1 la celebraci\u00f3n de nuestro decimoquinto aniversario de trabajo resguardando y difundiendo el legado de Santos Ch\u00e1vez, un d\u00eda muy importante para Fundaci\u00f3n Santos Ch\u00e1vez.\u00a0Ser\u00e1 el viernes 29 de septiembre a las\u00a018:30 hrs, con la inauguraci\u00f3n de la exposici\u00f3n de Santos [&hellip;]<\/p>\n","protected":false},"author":1,"featured_media":17046,"comment_status":"closed","ping_status":"closed","sticky":false,"template":"","format":"standard","meta":{"_acf_changed":false,"footnotes":""},"categories":[1],"tags":[],"class_list":["post-17045","post","type-post","status-publish","format-standard","has-post-thumbnail","hentry","category-uncategorized"],"acf":[],"yoast_head":"<!-- This site is optimized with the Yoast SEO plugin v27.1.1 - https:\/\/yoast.com\/product\/yoast-seo-wordpress\/ -->\n<title>Aniversario Fundaci\u00f3n Santos Ch\u00e1vez: inauguraci\u00f3n de &quot;El para\u00edso perdido&quot; - Valpara\u00ed\u00adso Creativo<\/title>\n<meta name=\"robots\" content=\"index, follow, max-snippet:-1, max-image-preview:large, max-video-preview:-1\" \/>\n<link rel=\"canonical\" href=\"https:\/\/dev.antudigital.cl\/sites\/vc\/aniversario-fundacion-santos-chavez-inauguracion-de-el-paraiso-perdido\/\" \/>\n<meta property=\"og:locale\" content=\"es_ES\" \/>\n<meta property=\"og:type\" content=\"article\" \/>\n<meta property=\"og:title\" content=\"Aniversario Fundaci\u00f3n Santos Ch\u00e1vez: inauguraci\u00f3n de &quot;El para\u00edso perdido&quot; - Valpara\u00ed\u00adso Creativo\" \/>\n<meta property=\"og:description\" content=\"En el contexto de Gallery Weekend entre el 28 y 30 de septiembre, se realizar\u00e1 la celebraci\u00f3n de nuestro decimoquinto aniversario de trabajo resguardando y difundiendo el legado de Santos Ch\u00e1vez, un d\u00eda muy importante para Fundaci\u00f3n Santos Ch\u00e1vez.\u00a0Ser\u00e1 el viernes 29 de septiembre a las\u00a018:30 hrs, con la inauguraci\u00f3n de la exposici\u00f3n de Santos [&hellip;]\" \/>\n<meta property=\"og:url\" content=\"https:\/\/dev.antudigital.cl\/sites\/vc\/aniversario-fundacion-santos-chavez-inauguracion-de-el-paraiso-perdido\/\" \/>\n<meta property=\"og:site_name\" content=\"Valpara\u00ed\u00adso Creativo\" \/>\n<meta property=\"article:published_time\" content=\"2023-09-18T12:35:15+00:00\" \/>\n<meta property=\"article:modified_time\" content=\"2023-09-18T12:35:20+00:00\" \/>\n<meta property=\"og:image\" content=\"https:\/\/dev.antudigital.cl\/sites\/vc\/wp-content\/uploads\/2023\/09\/unnamed-3.jpg\" \/>\n\t<meta property=\"og:image:width\" content=\"2160\" \/>\n\t<meta property=\"og:image:height\" content=\"1080\" \/>\n\t<meta property=\"og:image:type\" content=\"image\/jpeg\" \/>\n<meta name=\"author\" content=\"Valpara\u00edso Creativo\" \/>\n<meta name=\"twitter:card\" content=\"summary_large_image\" \/>\n<meta name=\"twitter:label1\" content=\"Escrito por\" \/>\n\t<meta name=\"twitter:data1\" content=\"Valpara\u00edso Creativo\" \/>\n\t<meta name=\"twitter:label2\" content=\"Tiempo de lectura\" \/>\n\t<meta name=\"twitter:data2\" content=\"1 minuto\" \/>\n<script type=\"application\/ld+json\" class=\"yoast-schema-graph\">{\"@context\":\"https:\/\/schema.org\",\"@graph\":[{\"@type\":\"Article\",\"@id\":\"https:\/\/dev.antudigital.cl\/sites\/vc\/aniversario-fundacion-santos-chavez-inauguracion-de-el-paraiso-perdido\/#article\",\"isPartOf\":{\"@id\":\"https:\/\/dev.antudigital.cl\/sites\/vc\/aniversario-fundacion-santos-chavez-inauguracion-de-el-paraiso-perdido\/\"},\"author\":{\"name\":\"Valpara\u00edso Creativo\",\"@id\":\"https:\/\/dev.antudigital.cl\/sites\/vc\/#\/schema\/person\/c2b9da8dd545e27166fc5ab232837318\"},\"headline\":\"Aniversario Fundaci\u00f3n Santos Ch\u00e1vez: inauguraci\u00f3n de \u00abEl para\u00edso perdido\u00bb\",\"datePublished\":\"2023-09-18T12:35:15+00:00\",\"dateModified\":\"2023-09-18T12:35:20+00:00\",\"mainEntityOfPage\":{\"@id\":\"https:\/\/dev.antudigital.cl\/sites\/vc\/aniversario-fundacion-santos-chavez-inauguracion-de-el-paraiso-perdido\/\"},\"wordCount\":110,\"image\":{\"@id\":\"https:\/\/dev.antudigital.cl\/sites\/vc\/aniversario-fundacion-santos-chavez-inauguracion-de-el-paraiso-perdido\/#primaryimage\"},\"thumbnailUrl\":\"https:\/\/dev.antudigital.cl\/sites\/vc\/wp-content\/uploads\/2023\/09\/unnamed-3.jpg\",\"articleSection\":[\"Uncategorized\"],\"inLanguage\":\"es\"},{\"@type\":\"WebPage\",\"@id\":\"https:\/\/dev.antudigital.cl\/sites\/vc\/aniversario-fundacion-santos-chavez-inauguracion-de-el-paraiso-perdido\/\",\"url\":\"https:\/\/dev.antudigital.cl\/sites\/vc\/aniversario-fundacion-santos-chavez-inauguracion-de-el-paraiso-perdido\/\",\"name\":\"Aniversario Fundaci\u00f3n Santos Ch\u00e1vez: inauguraci\u00f3n de \\\"El para\u00edso perdido\\\" - Valpara\u00ed\u00adso Creativo\",\"isPartOf\":{\"@id\":\"https:\/\/dev.antudigital.cl\/sites\/vc\/#website\"},\"primaryImageOfPage\":{\"@id\":\"https:\/\/dev.antudigital.cl\/sites\/vc\/aniversario-fundacion-santos-chavez-inauguracion-de-el-paraiso-perdido\/#primaryimage\"},\"image\":{\"@id\":\"https:\/\/dev.antudigital.cl\/sites\/vc\/aniversario-fundacion-santos-chavez-inauguracion-de-el-paraiso-perdido\/#primaryimage\"},\"thumbnailUrl\":\"https:\/\/dev.antudigital.cl\/sites\/vc\/wp-content\/uploads\/2023\/09\/unnamed-3.jpg\",\"datePublished\":\"2023-09-18T12:35:15+00:00\",\"dateModified\":\"2023-09-18T12:35:20+00:00\",\"author\":{\"@id\":\"https:\/\/dev.antudigital.cl\/sites\/vc\/#\/schema\/person\/c2b9da8dd545e27166fc5ab232837318\"},\"breadcrumb\":{\"@id\":\"https:\/\/dev.antudigital.cl\/sites\/vc\/aniversario-fundacion-santos-chavez-inauguracion-de-el-paraiso-perdido\/#breadcrumb\"},\"inLanguage\":\"es\",\"potentialAction\":[{\"@type\":\"ReadAction\",\"target\":[\"https:\/\/dev.antudigital.cl\/sites\/vc\/aniversario-fundacion-santos-chavez-inauguracion-de-el-paraiso-perdido\/\"]}]},{\"@type\":\"ImageObject\",\"inLanguage\":\"es\",\"@id\":\"https:\/\/dev.antudigital.cl\/sites\/vc\/aniversario-fundacion-santos-chavez-inauguracion-de-el-paraiso-perdido\/#primaryimage\",\"url\":\"https:\/\/dev.antudigital.cl\/sites\/vc\/wp-content\/uploads\/2023\/09\/unnamed-3.jpg\",\"contentUrl\":\"https:\/\/dev.antudigital.cl\/sites\/vc\/wp-content\/uploads\/2023\/09\/unnamed-3.jpg\",\"width\":2160,\"height\":1080},{\"@type\":\"BreadcrumbList\",\"@id\":\"https:\/\/dev.antudigital.cl\/sites\/vc\/aniversario-fundacion-santos-chavez-inauguracion-de-el-paraiso-perdido\/#breadcrumb\",\"itemListElement\":[{\"@type\":\"ListItem\",\"position\":1,\"name\":\"Home\",\"item\":\"https:\/\/dev.antudigital.cl\/sites\/vc\/\"},{\"@type\":\"ListItem\",\"position\":2,\"name\":\"Aniversario Fundaci\u00f3n Santos Ch\u00e1vez: inauguraci\u00f3n de \u00abEl para\u00edso perdido\u00bb\"}]},{\"@type\":\"WebSite\",\"@id\":\"https:\/\/dev.antudigital.cl\/sites\/vc\/#website\",\"url\":\"https:\/\/dev.antudigital.cl\/sites\/vc\/\",\"name\":\"Valpara\u00ed\u00adso Creativo\",\"description\":\"\",\"potentialAction\":[{\"@type\":\"SearchAction\",\"target\":{\"@type\":\"EntryPoint\",\"urlTemplate\":\"https:\/\/dev.antudigital.cl\/sites\/vc\/?s={search_term_string}\"},\"query-input\":{\"@type\":\"PropertyValueSpecification\",\"valueRequired\":true,\"valueName\":\"search_term_string\"}}],\"inLanguage\":\"es\"},{\"@type\":\"Person\",\"@id\":\"https:\/\/dev.antudigital.cl\/sites\/vc\/#\/schema\/person\/c2b9da8dd545e27166fc5ab232837318\",\"name\":\"Valpara\u00edso Creativo\",\"description\":\"Periodista de cultura en la Regi\u00f3n de Valpara\u00edso.\",\"url\":\"https:\/\/dev.antudigital.cl\/sites\/vc\/author\/valpoadmin\/\"}]}<\/script>\n<!-- \/ Yoast SEO plugin. -->","yoast_head_json":{"title":"Aniversario Fundaci\u00f3n Santos Ch\u00e1vez: inauguraci\u00f3n de \"El para\u00edso perdido\" - Valpara\u00ed\u00adso Creativo","robots":{"index":"index","follow":"follow","max-snippet":"max-snippet:-1","max-image-preview":"max-image-preview:large","max-video-preview":"max-video-preview:-1"},"canonical":"https:\/\/dev.antudigital.cl\/sites\/vc\/aniversario-fundacion-santos-chavez-inauguracion-de-el-paraiso-perdido\/","og_locale":"es_ES","og_type":"article","og_title":"Aniversario Fundaci\u00f3n Santos Ch\u00e1vez: inauguraci\u00f3n de \"El para\u00edso perdido\" - Valpara\u00ed\u00adso Creativo","og_description":"En el contexto de Gallery Weekend entre el 28 y 30 de septiembre, se realizar\u00e1 la celebraci\u00f3n de nuestro decimoquinto aniversario de trabajo resguardando y difundiendo el legado de Santos Ch\u00e1vez, un d\u00eda muy importante para Fundaci\u00f3n Santos Ch\u00e1vez.\u00a0Ser\u00e1 el viernes 29 de septiembre a las\u00a018:30 hrs, con la inauguraci\u00f3n de la exposici\u00f3n de Santos [&hellip;]","og_url":"https:\/\/dev.antudigital.cl\/sites\/vc\/aniversario-fundacion-santos-chavez-inauguracion-de-el-paraiso-perdido\/","og_site_name":"Valpara\u00ed\u00adso Creativo","article_published_time":"2023-09-18T12:35:15+00:00","article_modified_time":"2023-09-18T12:35:20+00:00","og_image":[{"width":2160,"height":1080,"url":"https:\/\/dev.antudigital.cl\/sites\/vc\/wp-content\/uploads\/2023\/09\/unnamed-3.jpg","type":"image\/jpeg"}],"author":"Valpara\u00edso Creativo","twitter_card":"summary_large_image","twitter_misc":{"Escrito por":"Valpara\u00edso Creativo","Tiempo de lectura":"1 minuto"},"schema":{"@context":"https:\/\/schema.org","@graph":[{"@type":"Article","@id":"https:\/\/dev.antudigital.cl\/sites\/vc\/aniversario-fundacion-santos-chavez-inauguracion-de-el-paraiso-perdido\/#article","isPartOf":{"@id":"https:\/\/dev.antudigital.cl\/sites\/vc\/aniversario-fundacion-santos-chavez-inauguracion-de-el-paraiso-perdido\/"},"author":{"name":"Valpara\u00edso Creativo","@id":"https:\/\/dev.antudigital.cl\/sites\/vc\/#\/schema\/person\/c2b9da8dd545e27166fc5ab232837318"},"headline":"Aniversario Fundaci\u00f3n Santos Ch\u00e1vez: inauguraci\u00f3n de \u00abEl para\u00edso perdido\u00bb","datePublished":"2023-09-18T12:35:15+00:00","dateModified":"2023-09-18T12:35:20+00:00","mainEntityOfPage":{"@id":"https:\/\/dev.antudigital.cl\/sites\/vc\/aniversario-fundacion-santos-chavez-inauguracion-de-el-paraiso-perdido\/"},"wordCount":110,"image":{"@id":"https:\/\/dev.antudigital.cl\/sites\/vc\/aniversario-fundacion-santos-chavez-inauguracion-de-el-paraiso-perdido\/#primaryimage"},"thumbnailUrl":"https:\/\/dev.antudigital.cl\/sites\/vc\/wp-content\/uploads\/2023\/09\/unnamed-3.jpg","articleSection":["Uncategorized"],"inLanguage":"es"},{"@type":"WebPage","@id":"https:\/\/dev.antudigital.cl\/sites\/vc\/aniversario-fundacion-santos-chavez-inauguracion-de-el-paraiso-perdido\/","url":"https:\/\/dev.antudigital.cl\/sites\/vc\/aniversario-fundacion-santos-chavez-inauguracion-de-el-paraiso-perdido\/","name":"Aniversario Fundaci\u00f3n Santos Ch\u00e1vez: inauguraci\u00f3n de \"El para\u00edso perdido\" - Valpara\u00ed\u00adso Creativo","isPartOf":{"@id":"https:\/\/dev.antudigital.cl\/sites\/vc\/#website"},"primaryImageOfPage":{"@id":"https:\/\/dev.antudigital.cl\/sites\/vc\/aniversario-fundacion-santos-chavez-inauguracion-de-el-paraiso-perdido\/#primaryimage"},"image":{"@id":"https:\/\/dev.antudigital.cl\/sites\/vc\/aniversario-fundacion-santos-chavez-inauguracion-de-el-paraiso-perdido\/#primaryimage"},"thumbnailUrl":"https:\/\/dev.antudigital.cl\/sites\/vc\/wp-content\/uploads\/2023\/09\/unnamed-3.jpg","datePublished":"2023-09-18T12:35:15+00:00","dateModified":"2023-09-18T12:35:20+00:00","author":{"@id":"https:\/\/dev.antudigital.cl\/sites\/vc\/#\/schema\/person\/c2b9da8dd545e27166fc5ab232837318"},"breadcrumb":{"@id":"https:\/\/dev.antudigital.cl\/sites\/vc\/aniversario-fundacion-santos-chavez-inauguracion-de-el-paraiso-perdido\/#breadcrumb"},"inLanguage":"es","potentialAction":[{"@type":"ReadAction","target":["https:\/\/dev.antudigital.cl\/sites\/vc\/aniversario-fundacion-santos-chavez-inauguracion-de-el-paraiso-perdido\/"]}]},{"@type":"ImageObject","inLanguage":"es","@id":"https:\/\/dev.antudigital.cl\/sites\/vc\/aniversario-fundacion-santos-chavez-inauguracion-de-el-paraiso-perdido\/#primaryimage","url":"https:\/\/dev.antudigital.cl\/sites\/vc\/wp-content\/uploads\/2023\/09\/unnamed-3.jpg","contentUrl":"https:\/\/dev.antudigital.cl\/sites\/vc\/wp-content\/uploads\/2023\/09\/unnamed-3.jpg","width":2160,"height":1080},{"@type":"BreadcrumbList","@id":"https:\/\/dev.antudigital.cl\/sites\/vc\/aniversario-fundacion-santos-chavez-inauguracion-de-el-paraiso-perdido\/#breadcrumb","itemListElement":[{"@type":"ListItem","position":1,"name":"Home","item":"https:\/\/dev.antudigital.cl\/sites\/vc\/"},{"@type":"ListItem","position":2,"name":"Aniversario Fundaci\u00f3n Santos Ch\u00e1vez: inauguraci\u00f3n de \u00abEl para\u00edso perdido\u00bb"}]},{"@type":"WebSite","@id":"https:\/\/dev.antudigital.cl\/sites\/vc\/#website","url":"https:\/\/dev.antudigital.cl\/sites\/vc\/","name":"Valpara\u00ed\u00adso Creativo","description":"","potentialAction":[{"@type":"SearchAction","target":{"@type":"EntryPoint","urlTemplate":"https:\/\/dev.antudigital.cl\/sites\/vc\/?s={search_term_string}"},"query-input":{"@type":"PropertyValueSpecification","valueRequired":true,"valueName":"search_term_string"}}],"inLanguage":"es"},{"@type":"Person","@id":"https:\/\/dev.antudigital.cl\/sites\/vc\/#\/schema\/person\/c2b9da8dd545e27166fc5ab232837318","name":"Valpara\u00edso Creativo","description":"Periodista de cultura en la Regi\u00f3n de Valpara\u00edso.","url":"https:\/\/dev.antudigital.cl\/sites\/vc\/author\/valpoadmin\/"}]}},"_links":{"self":[{"href":"https:\/\/dev.antudigital.cl\/sites\/vc\/wp-json\/wp\/v2\/posts\/17045","targetHints":{"allow":["GET"]}}],"collection":[{"href":"https:\/\/dev.antudigital.cl\/sites\/vc\/wp-json\/wp\/v2\/posts"}],"about":[{"href":"https:\/\/dev.antudigital.cl\/sites\/vc\/wp-json\/wp\/v2\/types\/post"}],"author":[{"embeddable":true,"href":"https:\/\/dev.antudigital.cl\/sites\/vc\/wp-json\/wp\/v2\/users\/1"}],"replies":[{"embeddable":true,"href":"https:\/\/dev.antudigital.cl\/sites\/vc\/wp-json\/wp\/v2\/comments?post=17045"}],"version-history":[{"count":1,"href":"https:\/\/dev.antudigital.cl\/sites\/vc\/wp-json\/wp\/v2\/posts\/17045\/revisions"}],"predecessor-version":[{"id":17048,"href":"https:\/\/dev.antudigital.cl\/sites\/vc\/wp-json\/wp\/v2\/posts\/17045\/revisions\/17048"}],"wp:featuredmedia":[{"embeddable":true,"href":"https:\/\/dev.antudigital.cl\/sites\/vc\/wp-json\/wp\/v2\/media\/17046"}],"wp:attachment":[{"href":"https:\/\/dev.antudigital.cl\/sites\/vc\/wp-json\/wp\/v2\/media?parent=17045"}],"wp:term":[{"taxonomy":"category","embeddable":true,"href":"https:\/\/dev.antudigital.cl\/sites\/vc\/wp-json\/wp\/v2\/categories?post=17045"},{"taxonomy":"post_tag","embeddable":true,"href":"https:\/\/dev.antudigital.cl\/sites\/vc\/wp-json\/wp\/v2\/tags?post=17045"}],"curies":[{"name":"wp","href":"https:\/\/api.w.org\/{rel}","templated":true}]}}