{"id":17053,"date":"2023-09-18T12:45:40","date_gmt":"2023-09-18T12:45:40","guid":{"rendered":"https:\/\/www.valparaisocreativo.cl\/?p=17053"},"modified":"2023-09-18T12:45:46","modified_gmt":"2023-09-18T12:45:46","slug":"balmaceda-arte-joven-continua-con-su-exposicion-mala-memoria","status":"publish","type":"post","link":"https:\/\/dev.antudigital.cl\/sites\/vc\/balmaceda-arte-joven-continua-con-su-exposicion-mala-memoria\/","title":{"rendered":"Balmaceda Arte Joven contin\u00faa con su exposici\u00f3n \u00abMala Memoria\u00bb"},"content":{"rendered":"\n<p><em>En conmemoraci\u00f3n de los 50 a\u00f1os del golpe de Estado, Balmaceda Arte Joven abre las puertas de sus todas sus sedes a la muestra \u201cMala Memoria. Arte Joven, Archivos y Derechos Humanos\u201d, que repasa la historia de una iniciativa en la que j\u00f3venes artistas del pa\u00eds han reflexionado, desde 2013, en torno a la memoria y los Derechos Humanos a trav\u00e9s de la m\u00fasica, la ilustraci\u00f3n y los micrometrajes.<\/em><\/p>\n\n\n\n<p>Desde el jueves 7 de septiembre -en las sedes Balmaceda Arte Joven en Valpara\u00edso, Metropolitana, Biob\u00edo y Los Lagos-, estar\u00e1 disponible la exposici\u00f3n que recorre las cinco ediciones de la convocatoria art\u00edstica impulsada por <strong>BAJ<\/strong> y el <strong>Museo de la Memoria<\/strong>.<\/p>\n\n\n\n<p>Desde su primera versi\u00f3n, Mala Memoria se ha alzado como una iniciativa que contribuye a motivar a las nuevas generaciones a indagar, rescatar y reflexionar en torno a la memoria, la solidaridad y la importancia de los Derechos Humanos, gracias a la uni\u00f3n entre Balmaceda Arte Joven y el Museo de la Memoria, quienes ponen a disposici\u00f3n de j\u00f3venes artistas archivos hist\u00f3ricos como el Informe Rettig, la cronolog\u00eda de la Vicar\u00eda de la Solidaridad, cartas, postales y entrevistas, entre otros.<\/p>\n\n\n\n<figure class=\"wp-block-image size-large\"><img fetchpriority=\"high\" decoding=\"async\" width=\"1024\" height=\"1024\" src=\"https:\/\/www.valparaisocreativo.cl\/wp-content\/uploads\/2023\/09\/MALAMEMORIA-CUAD-1024x1024.png\" alt=\"\" class=\"wp-image-17054\" srcset=\"https:\/\/dev.antudigital.cl\/sites\/vc\/wp-content\/uploads\/2023\/09\/MALAMEMORIA-CUAD-1024x1024.png 1024w, https:\/\/dev.antudigital.cl\/sites\/vc\/wp-content\/uploads\/2023\/09\/MALAMEMORIA-CUAD-300x300.png 300w, https:\/\/dev.antudigital.cl\/sites\/vc\/wp-content\/uploads\/2023\/09\/MALAMEMORIA-CUAD-150x150.png 150w, https:\/\/dev.antudigital.cl\/sites\/vc\/wp-content\/uploads\/2023\/09\/MALAMEMORIA-CUAD-768x768.png 768w, https:\/\/dev.antudigital.cl\/sites\/vc\/wp-content\/uploads\/2023\/09\/MALAMEMORIA-CUAD-1080x1080.png 1080w, https:\/\/dev.antudigital.cl\/sites\/vc\/wp-content\/uploads\/2023\/09\/MALAMEMORIA-CUAD-980x980.png 980w, https:\/\/dev.antudigital.cl\/sites\/vc\/wp-content\/uploads\/2023\/09\/MALAMEMORIA-CUAD-480x480.png 480w, https:\/\/dev.antudigital.cl\/sites\/vc\/wp-content\/uploads\/2023\/09\/MALAMEMORIA-CUAD-24x24.png 24w, https:\/\/dev.antudigital.cl\/sites\/vc\/wp-content\/uploads\/2023\/09\/MALAMEMORIA-CUAD-36x36.png 36w, https:\/\/dev.antudigital.cl\/sites\/vc\/wp-content\/uploads\/2023\/09\/MALAMEMORIA-CUAD-48x48.png 48w, https:\/\/dev.antudigital.cl\/sites\/vc\/wp-content\/uploads\/2023\/09\/MALAMEMORIA-CUAD.png 1098w\" sizes=\"(max-width: 1024px) 100vw, 1024px\" \/><\/figure>\n\n\n\n<p><br>El hito inaugural en BAJ Valpara\u00edso (Santa Isabel 739, Cerro Alegre) se realizar\u00e1 el <strong>jueves 7 de septiembre a las 18 horas<\/strong> y contar\u00e1 con la asistencia de dos artistas que son parte de esta exposici\u00f3n, el ilustrador Rafael Cuevas (HolaGrafiki) y la creadora musical Alis\u00fa, quien har\u00e1 una presentaci\u00f3n sonora.&nbsp;<\/p>\n\n\n\n<p>La muestra ser\u00e1 abierta a todo p\u00fablico y con entrada liberada hasta el 31 de octubre. Adem\u00e1s, estar\u00e1 disponible en formato online pr\u00f3ximamente en el sitio web <a href=\"http:\/\/www.baj.cl\">www.baj.cl<\/a><\/p>\n","protected":false},"excerpt":{"rendered":"<p>En conmemoraci\u00f3n de los 50 a\u00f1os del golpe de Estado, Balmaceda Arte Joven abre las puertas de sus todas sus sedes a la muestra \u201cMala Memoria. Arte Joven, Archivos y Derechos Humanos\u201d, que repasa la historia de una iniciativa en la que j\u00f3venes artistas del pa\u00eds han reflexionado, desde 2013, en torno a la memoria [&hellip;]<\/p>\n","protected":false},"author":1,"featured_media":17055,"comment_status":"closed","ping_status":"closed","sticky":false,"template":"","format":"standard","meta":{"_acf_changed":false,"footnotes":""},"categories":[1],"tags":[],"class_list":["post-17053","post","type-post","status-publish","format-standard","has-post-thumbnail","hentry","category-uncategorized"],"acf":[],"yoast_head":"<!-- This site is optimized with the Yoast SEO plugin v27.1.1 - https:\/\/yoast.com\/product\/yoast-seo-wordpress\/ -->\n<title>Balmaceda Arte Joven contin\u00faa con su exposici\u00f3n &quot;Mala Memoria&quot; - Valpara\u00ed\u00adso Creativo<\/title>\n<meta name=\"robots\" content=\"index, follow, max-snippet:-1, max-image-preview:large, max-video-preview:-1\" \/>\n<link rel=\"canonical\" href=\"https:\/\/dev.antudigital.cl\/sites\/vc\/balmaceda-arte-joven-continua-con-su-exposicion-mala-memoria\/\" \/>\n<meta property=\"og:locale\" content=\"es_ES\" \/>\n<meta property=\"og:type\" content=\"article\" \/>\n<meta property=\"og:title\" content=\"Balmaceda Arte Joven contin\u00faa con su exposici\u00f3n &quot;Mala Memoria&quot; - Valpara\u00ed\u00adso Creativo\" \/>\n<meta property=\"og:description\" content=\"En conmemoraci\u00f3n de los 50 a\u00f1os del golpe de Estado, Balmaceda Arte Joven abre las puertas de sus todas sus sedes a la muestra \u201cMala Memoria. Arte Joven, Archivos y Derechos Humanos\u201d, que repasa la historia de una iniciativa en la que j\u00f3venes artistas del pa\u00eds han reflexionado, desde 2013, en torno a la memoria [&hellip;]\" \/>\n<meta property=\"og:url\" content=\"https:\/\/dev.antudigital.cl\/sites\/vc\/balmaceda-arte-joven-continua-con-su-exposicion-mala-memoria\/\" \/>\n<meta property=\"og:site_name\" content=\"Valpara\u00ed\u00adso Creativo\" \/>\n<meta property=\"article:published_time\" content=\"2023-09-18T12:45:40+00:00\" \/>\n<meta property=\"article:modified_time\" content=\"2023-09-18T12:45:46+00:00\" \/>\n<meta property=\"og:image\" content=\"https:\/\/dev.antudigital.cl\/sites\/vc\/wp-content\/uploads\/2023\/09\/banner-web-4.png\" \/>\n\t<meta property=\"og:image:width\" content=\"1450\" \/>\n\t<meta property=\"og:image:height\" content=\"818\" \/>\n\t<meta property=\"og:image:type\" content=\"image\/png\" \/>\n<meta name=\"author\" content=\"Valpara\u00edso Creativo\" \/>\n<meta name=\"twitter:card\" content=\"summary_large_image\" \/>\n<meta name=\"twitter:label1\" content=\"Escrito por\" \/>\n\t<meta name=\"twitter:data1\" content=\"Valpara\u00edso Creativo\" \/>\n\t<meta name=\"twitter:label2\" content=\"Tiempo de lectura\" \/>\n\t<meta name=\"twitter:data2\" content=\"2 minutos\" \/>\n<script type=\"application\/ld+json\" class=\"yoast-schema-graph\">{\"@context\":\"https:\/\/schema.org\",\"@graph\":[{\"@type\":\"Article\",\"@id\":\"https:\/\/dev.antudigital.cl\/sites\/vc\/balmaceda-arte-joven-continua-con-su-exposicion-mala-memoria\/#article\",\"isPartOf\":{\"@id\":\"https:\/\/dev.antudigital.cl\/sites\/vc\/balmaceda-arte-joven-continua-con-su-exposicion-mala-memoria\/\"},\"author\":{\"name\":\"Valpara\u00edso Creativo\",\"@id\":\"https:\/\/dev.antudigital.cl\/sites\/vc\/#\/schema\/person\/c2b9da8dd545e27166fc5ab232837318\"},\"headline\":\"Balmaceda Arte Joven contin\u00faa con su exposici\u00f3n \u00abMala Memoria\u00bb\",\"datePublished\":\"2023-09-18T12:45:40+00:00\",\"dateModified\":\"2023-09-18T12:45:46+00:00\",\"mainEntityOfPage\":{\"@id\":\"https:\/\/dev.antudigital.cl\/sites\/vc\/balmaceda-arte-joven-continua-con-su-exposicion-mala-memoria\/\"},\"wordCount\":300,\"image\":{\"@id\":\"https:\/\/dev.antudigital.cl\/sites\/vc\/balmaceda-arte-joven-continua-con-su-exposicion-mala-memoria\/#primaryimage\"},\"thumbnailUrl\":\"https:\/\/dev.antudigital.cl\/sites\/vc\/wp-content\/uploads\/2023\/09\/banner-web-4.png\",\"articleSection\":[\"Uncategorized\"],\"inLanguage\":\"es\"},{\"@type\":\"WebPage\",\"@id\":\"https:\/\/dev.antudigital.cl\/sites\/vc\/balmaceda-arte-joven-continua-con-su-exposicion-mala-memoria\/\",\"url\":\"https:\/\/dev.antudigital.cl\/sites\/vc\/balmaceda-arte-joven-continua-con-su-exposicion-mala-memoria\/\",\"name\":\"Balmaceda Arte Joven contin\u00faa con su exposici\u00f3n \\\"Mala Memoria\\\" - Valpara\u00ed\u00adso Creativo\",\"isPartOf\":{\"@id\":\"https:\/\/dev.antudigital.cl\/sites\/vc\/#website\"},\"primaryImageOfPage\":{\"@id\":\"https:\/\/dev.antudigital.cl\/sites\/vc\/balmaceda-arte-joven-continua-con-su-exposicion-mala-memoria\/#primaryimage\"},\"image\":{\"@id\":\"https:\/\/dev.antudigital.cl\/sites\/vc\/balmaceda-arte-joven-continua-con-su-exposicion-mala-memoria\/#primaryimage\"},\"thumbnailUrl\":\"https:\/\/dev.antudigital.cl\/sites\/vc\/wp-content\/uploads\/2023\/09\/banner-web-4.png\",\"datePublished\":\"2023-09-18T12:45:40+00:00\",\"dateModified\":\"2023-09-18T12:45:46+00:00\",\"author\":{\"@id\":\"https:\/\/dev.antudigital.cl\/sites\/vc\/#\/schema\/person\/c2b9da8dd545e27166fc5ab232837318\"},\"breadcrumb\":{\"@id\":\"https:\/\/dev.antudigital.cl\/sites\/vc\/balmaceda-arte-joven-continua-con-su-exposicion-mala-memoria\/#breadcrumb\"},\"inLanguage\":\"es\",\"potentialAction\":[{\"@type\":\"ReadAction\",\"target\":[\"https:\/\/dev.antudigital.cl\/sites\/vc\/balmaceda-arte-joven-continua-con-su-exposicion-mala-memoria\/\"]}]},{\"@type\":\"ImageObject\",\"inLanguage\":\"es\",\"@id\":\"https:\/\/dev.antudigital.cl\/sites\/vc\/balmaceda-arte-joven-continua-con-su-exposicion-mala-memoria\/#primaryimage\",\"url\":\"https:\/\/dev.antudigital.cl\/sites\/vc\/wp-content\/uploads\/2023\/09\/banner-web-4.png\",\"contentUrl\":\"https:\/\/dev.antudigital.cl\/sites\/vc\/wp-content\/uploads\/2023\/09\/banner-web-4.png\",\"width\":1450,\"height\":818},{\"@type\":\"BreadcrumbList\",\"@id\":\"https:\/\/dev.antudigital.cl\/sites\/vc\/balmaceda-arte-joven-continua-con-su-exposicion-mala-memoria\/#breadcrumb\",\"itemListElement\":[{\"@type\":\"ListItem\",\"position\":1,\"name\":\"Home\",\"item\":\"https:\/\/dev.antudigital.cl\/sites\/vc\/\"},{\"@type\":\"ListItem\",\"position\":2,\"name\":\"Balmaceda Arte Joven contin\u00faa con su exposici\u00f3n \u00abMala Memoria\u00bb\"}]},{\"@type\":\"WebSite\",\"@id\":\"https:\/\/dev.antudigital.cl\/sites\/vc\/#website\",\"url\":\"https:\/\/dev.antudigital.cl\/sites\/vc\/\",\"name\":\"Valpara\u00ed\u00adso Creativo\",\"description\":\"\",\"potentialAction\":[{\"@type\":\"SearchAction\",\"target\":{\"@type\":\"EntryPoint\",\"urlTemplate\":\"https:\/\/dev.antudigital.cl\/sites\/vc\/?s={search_term_string}\"},\"query-input\":{\"@type\":\"PropertyValueSpecification\",\"valueRequired\":true,\"valueName\":\"search_term_string\"}}],\"inLanguage\":\"es\"},{\"@type\":\"Person\",\"@id\":\"https:\/\/dev.antudigital.cl\/sites\/vc\/#\/schema\/person\/c2b9da8dd545e27166fc5ab232837318\",\"name\":\"Valpara\u00edso Creativo\",\"description\":\"Periodista de cultura en la Regi\u00f3n de Valpara\u00edso.\",\"url\":\"https:\/\/dev.antudigital.cl\/sites\/vc\/author\/valpoadmin\/\"}]}<\/script>\n<!-- \/ Yoast SEO plugin. -->","yoast_head_json":{"title":"Balmaceda Arte Joven contin\u00faa con su exposici\u00f3n \"Mala Memoria\" - Valpara\u00ed\u00adso Creativo","robots":{"index":"index","follow":"follow","max-snippet":"max-snippet:-1","max-image-preview":"max-image-preview:large","max-video-preview":"max-video-preview:-1"},"canonical":"https:\/\/dev.antudigital.cl\/sites\/vc\/balmaceda-arte-joven-continua-con-su-exposicion-mala-memoria\/","og_locale":"es_ES","og_type":"article","og_title":"Balmaceda Arte Joven contin\u00faa con su exposici\u00f3n \"Mala Memoria\" - Valpara\u00ed\u00adso Creativo","og_description":"En conmemoraci\u00f3n de los 50 a\u00f1os del golpe de Estado, Balmaceda Arte Joven abre las puertas de sus todas sus sedes a la muestra \u201cMala Memoria. Arte Joven, Archivos y Derechos Humanos\u201d, que repasa la historia de una iniciativa en la que j\u00f3venes artistas del pa\u00eds han reflexionado, desde 2013, en torno a la memoria [&hellip;]","og_url":"https:\/\/dev.antudigital.cl\/sites\/vc\/balmaceda-arte-joven-continua-con-su-exposicion-mala-memoria\/","og_site_name":"Valpara\u00ed\u00adso Creativo","article_published_time":"2023-09-18T12:45:40+00:00","article_modified_time":"2023-09-18T12:45:46+00:00","og_image":[{"width":1450,"height":818,"url":"https:\/\/dev.antudigital.cl\/sites\/vc\/wp-content\/uploads\/2023\/09\/banner-web-4.png","type":"image\/png"}],"author":"Valpara\u00edso Creativo","twitter_card":"summary_large_image","twitter_misc":{"Escrito por":"Valpara\u00edso Creativo","Tiempo de lectura":"2 minutos"},"schema":{"@context":"https:\/\/schema.org","@graph":[{"@type":"Article","@id":"https:\/\/dev.antudigital.cl\/sites\/vc\/balmaceda-arte-joven-continua-con-su-exposicion-mala-memoria\/#article","isPartOf":{"@id":"https:\/\/dev.antudigital.cl\/sites\/vc\/balmaceda-arte-joven-continua-con-su-exposicion-mala-memoria\/"},"author":{"name":"Valpara\u00edso Creativo","@id":"https:\/\/dev.antudigital.cl\/sites\/vc\/#\/schema\/person\/c2b9da8dd545e27166fc5ab232837318"},"headline":"Balmaceda Arte Joven contin\u00faa con su exposici\u00f3n \u00abMala Memoria\u00bb","datePublished":"2023-09-18T12:45:40+00:00","dateModified":"2023-09-18T12:45:46+00:00","mainEntityOfPage":{"@id":"https:\/\/dev.antudigital.cl\/sites\/vc\/balmaceda-arte-joven-continua-con-su-exposicion-mala-memoria\/"},"wordCount":300,"image":{"@id":"https:\/\/dev.antudigital.cl\/sites\/vc\/balmaceda-arte-joven-continua-con-su-exposicion-mala-memoria\/#primaryimage"},"thumbnailUrl":"https:\/\/dev.antudigital.cl\/sites\/vc\/wp-content\/uploads\/2023\/09\/banner-web-4.png","articleSection":["Uncategorized"],"inLanguage":"es"},{"@type":"WebPage","@id":"https:\/\/dev.antudigital.cl\/sites\/vc\/balmaceda-arte-joven-continua-con-su-exposicion-mala-memoria\/","url":"https:\/\/dev.antudigital.cl\/sites\/vc\/balmaceda-arte-joven-continua-con-su-exposicion-mala-memoria\/","name":"Balmaceda Arte Joven contin\u00faa con su exposici\u00f3n \"Mala Memoria\" - Valpara\u00ed\u00adso Creativo","isPartOf":{"@id":"https:\/\/dev.antudigital.cl\/sites\/vc\/#website"},"primaryImageOfPage":{"@id":"https:\/\/dev.antudigital.cl\/sites\/vc\/balmaceda-arte-joven-continua-con-su-exposicion-mala-memoria\/#primaryimage"},"image":{"@id":"https:\/\/dev.antudigital.cl\/sites\/vc\/balmaceda-arte-joven-continua-con-su-exposicion-mala-memoria\/#primaryimage"},"thumbnailUrl":"https:\/\/dev.antudigital.cl\/sites\/vc\/wp-content\/uploads\/2023\/09\/banner-web-4.png","datePublished":"2023-09-18T12:45:40+00:00","dateModified":"2023-09-18T12:45:46+00:00","author":{"@id":"https:\/\/dev.antudigital.cl\/sites\/vc\/#\/schema\/person\/c2b9da8dd545e27166fc5ab232837318"},"breadcrumb":{"@id":"https:\/\/dev.antudigital.cl\/sites\/vc\/balmaceda-arte-joven-continua-con-su-exposicion-mala-memoria\/#breadcrumb"},"inLanguage":"es","potentialAction":[{"@type":"ReadAction","target":["https:\/\/dev.antudigital.cl\/sites\/vc\/balmaceda-arte-joven-continua-con-su-exposicion-mala-memoria\/"]}]},{"@type":"ImageObject","inLanguage":"es","@id":"https:\/\/dev.antudigital.cl\/sites\/vc\/balmaceda-arte-joven-continua-con-su-exposicion-mala-memoria\/#primaryimage","url":"https:\/\/dev.antudigital.cl\/sites\/vc\/wp-content\/uploads\/2023\/09\/banner-web-4.png","contentUrl":"https:\/\/dev.antudigital.cl\/sites\/vc\/wp-content\/uploads\/2023\/09\/banner-web-4.png","width":1450,"height":818},{"@type":"BreadcrumbList","@id":"https:\/\/dev.antudigital.cl\/sites\/vc\/balmaceda-arte-joven-continua-con-su-exposicion-mala-memoria\/#breadcrumb","itemListElement":[{"@type":"ListItem","position":1,"name":"Home","item":"https:\/\/dev.antudigital.cl\/sites\/vc\/"},{"@type":"ListItem","position":2,"name":"Balmaceda Arte Joven contin\u00faa con su exposici\u00f3n \u00abMala Memoria\u00bb"}]},{"@type":"WebSite","@id":"https:\/\/dev.antudigital.cl\/sites\/vc\/#website","url":"https:\/\/dev.antudigital.cl\/sites\/vc\/","name":"Valpara\u00ed\u00adso Creativo","description":"","potentialAction":[{"@type":"SearchAction","target":{"@type":"EntryPoint","urlTemplate":"https:\/\/dev.antudigital.cl\/sites\/vc\/?s={search_term_string}"},"query-input":{"@type":"PropertyValueSpecification","valueRequired":true,"valueName":"search_term_string"}}],"inLanguage":"es"},{"@type":"Person","@id":"https:\/\/dev.antudigital.cl\/sites\/vc\/#\/schema\/person\/c2b9da8dd545e27166fc5ab232837318","name":"Valpara\u00edso Creativo","description":"Periodista de cultura en la Regi\u00f3n de Valpara\u00edso.","url":"https:\/\/dev.antudigital.cl\/sites\/vc\/author\/valpoadmin\/"}]}},"_links":{"self":[{"href":"https:\/\/dev.antudigital.cl\/sites\/vc\/wp-json\/wp\/v2\/posts\/17053","targetHints":{"allow":["GET"]}}],"collection":[{"href":"https:\/\/dev.antudigital.cl\/sites\/vc\/wp-json\/wp\/v2\/posts"}],"about":[{"href":"https:\/\/dev.antudigital.cl\/sites\/vc\/wp-json\/wp\/v2\/types\/post"}],"author":[{"embeddable":true,"href":"https:\/\/dev.antudigital.cl\/sites\/vc\/wp-json\/wp\/v2\/users\/1"}],"replies":[{"embeddable":true,"href":"https:\/\/dev.antudigital.cl\/sites\/vc\/wp-json\/wp\/v2\/comments?post=17053"}],"version-history":[{"count":1,"href":"https:\/\/dev.antudigital.cl\/sites\/vc\/wp-json\/wp\/v2\/posts\/17053\/revisions"}],"predecessor-version":[{"id":17056,"href":"https:\/\/dev.antudigital.cl\/sites\/vc\/wp-json\/wp\/v2\/posts\/17053\/revisions\/17056"}],"wp:featuredmedia":[{"embeddable":true,"href":"https:\/\/dev.antudigital.cl\/sites\/vc\/wp-json\/wp\/v2\/media\/17055"}],"wp:attachment":[{"href":"https:\/\/dev.antudigital.cl\/sites\/vc\/wp-json\/wp\/v2\/media?parent=17053"}],"wp:term":[{"taxonomy":"category","embeddable":true,"href":"https:\/\/dev.antudigital.cl\/sites\/vc\/wp-json\/wp\/v2\/categories?post=17053"},{"taxonomy":"post_tag","embeddable":true,"href":"https:\/\/dev.antudigital.cl\/sites\/vc\/wp-json\/wp\/v2\/tags?post=17053"}],"curies":[{"name":"wp","href":"https:\/\/api.w.org\/{rel}","templated":true}]}}