{"id":17061,"date":"2023-09-18T15:34:36","date_gmt":"2023-09-18T15:34:36","guid":{"rendered":"https:\/\/www.valparaisocreativo.cl\/?p=17061"},"modified":"2023-09-18T15:43:07","modified_gmt":"2023-09-18T15:43:07","slug":"en-un-lugar-del-pacifico-un-vistazo-a-juan-fernandez","status":"publish","type":"post","link":"https:\/\/dev.antudigital.cl\/sites\/vc\/en-un-lugar-del-pacifico-un-vistazo-a-juan-fernandez\/","title":{"rendered":"En un lugar del Pac\u00edfico: un vistazo a Juan Fern\u00e1ndez"},"content":{"rendered":"\n<p><em>Por: <\/em><a href=\"mailto:hola@valparaisocreativo.cl\"><em>Valentinne Rudolphy<\/em><\/a><\/p>\n\n\n\n<p><em>Fotograf\u00edas: cortes\u00eda Cristian Maturana. Isla Robinson Crusoe e Isla Alejandro Selkirk.<\/em><\/p>\n\n\n\n<p><a href=\"https:\/\/www.cristianmaturana.cl\/\">Cristian Maturana<\/a> (44) es artista visual y si bien es de Antofagasta, vive en Valpara\u00edso desde hace 10 a\u00f1os, donde se ha desarrollado como creador y docente. Actualmente, est\u00e1 haciendo un fondart sobre relegaciones pol\u00edticas en la historia de Chile republicano. Lo que lo ha llevado por algunos de los lugares m\u00e1s hist\u00f3ricos o ic\u00f3nicos de donde se envi\u00f3 a gente relegada en alg\u00fan momento. Entre los territorios ha tenido que recorrer el archipi\u00e9lago de Juan Fern\u00e1ndez (a sus dos islas habitadas), a Chilo\u00e9, Pisagua, a otros pueblos de Tarapac\u00e1 e Isla de Pascua, qued\u00e1ndole solo la Isla Dawson.<\/p>\n\n\n\n<p>Comenz\u00f3 en marzo esta aventura que lo ha llevado por varios recovecos del pa\u00eds, trabajando su memoria hist\u00f3rica. Quisimos conocer su experiencia, en especial relativa a las islas de Juan Fern\u00e1ndez y c\u00f3mo fue su visi\u00f3n de esta parte insular de nuestra Regi\u00f3n.<\/p>\n\n\n\n<figure class=\"wp-block-image size-large\"><img fetchpriority=\"high\" decoding=\"async\" width=\"1024\" height=\"683\" src=\"https:\/\/www.valparaisocreativo.cl\/wp-content\/uploads\/2023\/09\/DSC0250-1024x683.jpg\" alt=\"\" class=\"wp-image-17063\" srcset=\"https:\/\/dev.antudigital.cl\/sites\/vc\/wp-content\/uploads\/2023\/09\/DSC0250-1024x683.jpg 1024w, https:\/\/dev.antudigital.cl\/sites\/vc\/wp-content\/uploads\/2023\/09\/DSC0250-300x200.jpg 300w, https:\/\/dev.antudigital.cl\/sites\/vc\/wp-content\/uploads\/2023\/09\/DSC0250-768x512.jpg 768w, https:\/\/dev.antudigital.cl\/sites\/vc\/wp-content\/uploads\/2023\/09\/DSC0250-1536x1024.jpg 1536w, https:\/\/dev.antudigital.cl\/sites\/vc\/wp-content\/uploads\/2023\/09\/DSC0250-2048x1365.jpg 2048w, https:\/\/dev.antudigital.cl\/sites\/vc\/wp-content\/uploads\/2023\/09\/DSC0250-1080x720.jpg 1080w, https:\/\/dev.antudigital.cl\/sites\/vc\/wp-content\/uploads\/2023\/09\/DSC0250-1280x854.jpg 1280w, https:\/\/dev.antudigital.cl\/sites\/vc\/wp-content\/uploads\/2023\/09\/DSC0250-980x653.jpg 980w, https:\/\/dev.antudigital.cl\/sites\/vc\/wp-content\/uploads\/2023\/09\/DSC0250-480x320.jpg 480w, https:\/\/dev.antudigital.cl\/sites\/vc\/wp-content\/uploads\/2023\/09\/DSC0250-24x16.jpg 24w, https:\/\/dev.antudigital.cl\/sites\/vc\/wp-content\/uploads\/2023\/09\/DSC0250-36x24.jpg 36w, https:\/\/dev.antudigital.cl\/sites\/vc\/wp-content\/uploads\/2023\/09\/DSC0250-48x32.jpg 48w\" sizes=\"(max-width: 1024px) 100vw, 1024px\" \/><\/figure>\n\n\n\n<p><strong>Cu\u00e9ntanos un poco m\u00e1s de ti, eres Artista Visual y fot\u00f3grafo, \u00bfc\u00f3mo te has desarrollado?<\/strong><\/p>\n\n\n\n<p>&#8211; Estudi\u00e9 fotograf\u00eda en Santiago y apenas sal\u00ed entr\u00e9 a trabajar como fot\u00f3grafo forense en la PDI, donde estuve un a\u00f1o, hasta que me trasladaron al norte, en Copiap\u00f3, unos 10 a\u00f1os. Por temas familiares me vine a Valpara\u00edso, renunci\u00e9 y decid\u00ed quedarme, hasta que pude ir estableci\u00e9ndose.<\/p>\n\n\n\n<p><strong>\u00bfQu\u00e9 es lo que te interesa desarrollar art\u00edsticamente?<\/strong><\/p>\n\n\n\n<p>&#8211; Hay una frase que siempre me ha marcado, que dice que la historia es un t\u00f3pico demasiado interesante como para que se le deje solo a los historiadores. Ese es un punto de partida para m\u00ed, como que el ejercicio del arte deber\u00eda servir para escribir historias, ya que es una s\u00edntesis o interpretaci\u00f3n de datos, eso es lo que me interesa. En especial en un pa\u00eds que la historia tiene muchos vac\u00edos, datos y personas borradas. Mi idea es tomar esto y convertirlo en objetos de arte, a modo de escribir historias.&nbsp;<\/p>\n\n\n\n<p>He ocupado la foto como parte de los procesos, pero lo que casi siempre hago son instalaciones art\u00edsticas que combinan formatos, el video me gusta mucho como insumo tambi\u00e9n. Creo que ah\u00ed se juegan varios sentidos y eso es algo que me queda corto de la fotograf\u00eda.<\/p>\n\n\n\n<figure class=\"wp-block-image size-large\"><img decoding=\"async\" width=\"1024\" height=\"683\" src=\"https:\/\/www.valparaisocreativo.cl\/wp-content\/uploads\/2023\/09\/DSC0625-1024x683.jpg\" alt=\"\" class=\"wp-image-17070\" srcset=\"https:\/\/dev.antudigital.cl\/sites\/vc\/wp-content\/uploads\/2023\/09\/DSC0625-1024x683.jpg 1024w, https:\/\/dev.antudigital.cl\/sites\/vc\/wp-content\/uploads\/2023\/09\/DSC0625-300x200.jpg 300w, https:\/\/dev.antudigital.cl\/sites\/vc\/wp-content\/uploads\/2023\/09\/DSC0625-768x512.jpg 768w, https:\/\/dev.antudigital.cl\/sites\/vc\/wp-content\/uploads\/2023\/09\/DSC0625-1536x1024.jpg 1536w, https:\/\/dev.antudigital.cl\/sites\/vc\/wp-content\/uploads\/2023\/09\/DSC0625-2048x1365.jpg 2048w, https:\/\/dev.antudigital.cl\/sites\/vc\/wp-content\/uploads\/2023\/09\/DSC0625-1080x720.jpg 1080w, https:\/\/dev.antudigital.cl\/sites\/vc\/wp-content\/uploads\/2023\/09\/DSC0625-1280x854.jpg 1280w, https:\/\/dev.antudigital.cl\/sites\/vc\/wp-content\/uploads\/2023\/09\/DSC0625-980x653.jpg 980w, https:\/\/dev.antudigital.cl\/sites\/vc\/wp-content\/uploads\/2023\/09\/DSC0625-480x320.jpg 480w, https:\/\/dev.antudigital.cl\/sites\/vc\/wp-content\/uploads\/2023\/09\/DSC0625-24x16.jpg 24w, https:\/\/dev.antudigital.cl\/sites\/vc\/wp-content\/uploads\/2023\/09\/DSC0625-36x24.jpg 36w, https:\/\/dev.antudigital.cl\/sites\/vc\/wp-content\/uploads\/2023\/09\/DSC0625-48x32.jpg 48w\" sizes=\"(max-width: 1024px) 100vw, 1024px\" \/><\/figure>\n\n\n\n<p><strong>\u00bfQu\u00e9 te llev\u00f3 a hacer este proyecto?<\/strong><\/p>\n\n\n\n<p>&#8211; Es un tema muy poco explorado, que cuando yo lo escuchaba, me llamaba mucho la atenci\u00f3n. Entend\u00eda que pocos conoc\u00edan acerca de los relegados. En un tiempo estaba leyendo sobre esto y le\u00ed una cr\u00f3nica que dec\u00eda que la relegaci\u00f3n era la m\u00e1s suave de las condenas, desde ah\u00ed me interes\u00f3 saber m\u00e1s de \u00e9sto: \u00bfde verdad es suave? A m\u00ed me parece aterrador que te manden lejos. Ah\u00ed, hace como tres a\u00f1os, empec\u00e9 a gestar la idea en un viaje a Chilo\u00e9.&nbsp;<\/p>\n\n\n\n<p>En ese tiempo logr\u00e9 hacer unas entrevistas, contactando a una persona que hab\u00eda acogido relegados, lo que era de la \u00faltima dictadura que tuvimos, hab\u00edan testigos entonces. Ah\u00ed habl\u00e9 con Norma, quien fue la primera persona que le habl\u00f3 a los relegados que llegaron a su territorio, lo que era muy extra\u00f1o en ese momento por lo que significaba social y pol\u00edticamente. Norma habl\u00f3 con tres relegados con quien hizo buenas migas, ella comentaba que uno de los relegados le dijo que era la \u00fanica que les hab\u00eda hablado. Uno de ellos, tambi\u00e9n lo contact\u00e9, quien era un director de los sindicatos de agricultores de latinoam\u00e9rica &#8211; algo as\u00ed -, se acordaba de Norma y bueno, con ese relato, el tema me amarr\u00f3.<\/p>\n\n\n\n<p>En esa oportunidad, llegu\u00e9 a una residencial y pregunt\u00e9 si conoc\u00edan del tema, ah\u00ed me derivaron a Norma y as\u00ed la conoc\u00ed. Investigu\u00e9 sin saber d\u00f3nde ir, no hago el contacto antes, me gusta ir sondeando ah\u00ed mismo y eso es algo que se ha ido dando en la investigaci\u00f3n.<\/p>\n\n\n\n<figure class=\"wp-block-image size-large\"><img decoding=\"async\" width=\"1024\" height=\"683\" src=\"https:\/\/www.valparaisocreativo.cl\/wp-content\/uploads\/2023\/09\/DSC0339-1024x683.jpg\" alt=\"\" class=\"wp-image-17069\" srcset=\"https:\/\/dev.antudigital.cl\/sites\/vc\/wp-content\/uploads\/2023\/09\/DSC0339-1024x683.jpg 1024w, https:\/\/dev.antudigital.cl\/sites\/vc\/wp-content\/uploads\/2023\/09\/DSC0339-300x200.jpg 300w, https:\/\/dev.antudigital.cl\/sites\/vc\/wp-content\/uploads\/2023\/09\/DSC0339-768x512.jpg 768w, https:\/\/dev.antudigital.cl\/sites\/vc\/wp-content\/uploads\/2023\/09\/DSC0339-1536x1024.jpg 1536w, https:\/\/dev.antudigital.cl\/sites\/vc\/wp-content\/uploads\/2023\/09\/DSC0339-2048x1365.jpg 2048w, https:\/\/dev.antudigital.cl\/sites\/vc\/wp-content\/uploads\/2023\/09\/DSC0339-1080x720.jpg 1080w, https:\/\/dev.antudigital.cl\/sites\/vc\/wp-content\/uploads\/2023\/09\/DSC0339-1280x854.jpg 1280w, https:\/\/dev.antudigital.cl\/sites\/vc\/wp-content\/uploads\/2023\/09\/DSC0339-980x653.jpg 980w, https:\/\/dev.antudigital.cl\/sites\/vc\/wp-content\/uploads\/2023\/09\/DSC0339-480x320.jpg 480w, https:\/\/dev.antudigital.cl\/sites\/vc\/wp-content\/uploads\/2023\/09\/DSC0339-24x16.jpg 24w, https:\/\/dev.antudigital.cl\/sites\/vc\/wp-content\/uploads\/2023\/09\/DSC0339-36x24.jpg 36w, https:\/\/dev.antudigital.cl\/sites\/vc\/wp-content\/uploads\/2023\/09\/DSC0339-48x32.jpg 48w\" sizes=\"(max-width: 1024px) 100vw, 1024px\" \/><\/figure>\n\n\n\n<p><strong>\u00bfEl fin del formato del proyecto, por as\u00ed decirlo, cu\u00e1l ser\u00eda?<\/strong><\/p>\n\n\n\n<p>&#8211; Es una obra que se va a exponer en el Parque, una instalaci\u00f3n individual. En el ejercicio de investigar igual se me ocurri\u00f3 la idea de escribir un libro, que no es de historia, sino m\u00e1s de cr\u00f3nica de estos viajes. Eso lo estoy gestionando y postulando ahora.<\/p>\n\n\n\n<p><strong>\u00bfCon qu\u00e9 te has ido encontrando en esta investigaci\u00f3n y territorios explorados hasta ahora?<\/strong><\/p>\n\n\n\n<p>&#8211; Algo que me descoloc\u00f3 pas\u00f3 en Tarapac\u00e1. Pasaba que las personas relegadas eran trasladadas por los militares y eran dejadas en la Comisar\u00eda local, quienes se ten\u00edan que hacer cargo de estas personas. En los pueblos no siempre pod\u00edan abordarlo, ten\u00edan que dejarlos durmiendo en la calle, era complicado y eso a los carabineros les daba compasi\u00f3n. Les buscaban alojamiento de personas cercanas a estas comisar\u00edas para poder vigilarlos y muchas de esas personas de confianza eran de derecha (pol\u00edticamente hablando). Se generaba un v\u00ednculo muy fuerte ah\u00ed y eso me llam\u00f3 mucho la atenci\u00f3n.&nbsp;<\/p>\n\n\n\n<p>Ya que en este \u201clejos\u201d que los tiraban, a los relegados, igual pod\u00edan ser humanizados, no como en \u201cel centro\u201d de las ciudades donde eran extremistas.<\/p>\n\n\n\n<figure class=\"wp-block-image size-large\"><img loading=\"lazy\" decoding=\"async\" width=\"1024\" height=\"683\" src=\"https:\/\/www.valparaisocreativo.cl\/wp-content\/uploads\/2023\/09\/DSC0325-1024x683.jpg\" alt=\"\" class=\"wp-image-17068\" srcset=\"https:\/\/dev.antudigital.cl\/sites\/vc\/wp-content\/uploads\/2023\/09\/DSC0325-1024x683.jpg 1024w, https:\/\/dev.antudigital.cl\/sites\/vc\/wp-content\/uploads\/2023\/09\/DSC0325-300x200.jpg 300w, https:\/\/dev.antudigital.cl\/sites\/vc\/wp-content\/uploads\/2023\/09\/DSC0325-768x512.jpg 768w, https:\/\/dev.antudigital.cl\/sites\/vc\/wp-content\/uploads\/2023\/09\/DSC0325-1536x1024.jpg 1536w, https:\/\/dev.antudigital.cl\/sites\/vc\/wp-content\/uploads\/2023\/09\/DSC0325-2048x1365.jpg 2048w, https:\/\/dev.antudigital.cl\/sites\/vc\/wp-content\/uploads\/2023\/09\/DSC0325-1080x720.jpg 1080w, https:\/\/dev.antudigital.cl\/sites\/vc\/wp-content\/uploads\/2023\/09\/DSC0325-1280x854.jpg 1280w, https:\/\/dev.antudigital.cl\/sites\/vc\/wp-content\/uploads\/2023\/09\/DSC0325-980x653.jpg 980w, https:\/\/dev.antudigital.cl\/sites\/vc\/wp-content\/uploads\/2023\/09\/DSC0325-480x320.jpg 480w, https:\/\/dev.antudigital.cl\/sites\/vc\/wp-content\/uploads\/2023\/09\/DSC0325-24x16.jpg 24w, https:\/\/dev.antudigital.cl\/sites\/vc\/wp-content\/uploads\/2023\/09\/DSC0325-36x24.jpg 36w, https:\/\/dev.antudigital.cl\/sites\/vc\/wp-content\/uploads\/2023\/09\/DSC0325-48x32.jpg 48w\" sizes=\"(max-width: 1024px) 100vw, 1024px\" \/><\/figure>\n\n\n\n<p><strong>Quisiera profundizar en tu experiencia con el territorio insular de la Regi\u00f3n, \u00bfc\u00f3mo fue tu experiencia en Juan Fern\u00e1ndez por ejemplo?&nbsp;<\/strong><\/p>\n\n\n\n<p>&#8211; Para m\u00ed fue como un sue\u00f1o, es incre\u00edble. Cuando yo estaba en el colegio, estaba en la clase de historia, siempre muy distra\u00eddo, pero me acuerdo que hablaron de que despu\u00e9s del Desastre de Rancagua, la corona retoma el control de esta zona y a los que hab\u00edan sido independentistas los mandan a Juan Fern\u00e1ndez, a la isla Robinson Crusoe que se llamaba M\u00e1s a Tierra en ese tiempo. Env\u00edan a relegados para all\u00e1 a unas cuevas, que ve\u00eda en el libro cuando era ni\u00f1o: quer\u00eda conocer esas cuevas. Entonces cuando llegu\u00e9 ahora para all\u00e1 este a\u00f1o, 30 a\u00f1os despu\u00e9s, fue fascinante, ya que estaba en el territorio imaginario de esa clase.<\/p>\n\n\n\n<p>Hay cr\u00f3nicas de esa relegaci\u00f3n, una de ellas escritas por Juan Ega\u00f1a, reflejando que todo este proceso no les quitaba el \u00e1nimo independentista. Juan Ega\u00f1a era muy cristiano y en un momento piensa que est\u00e1 traicionando el cristianismo, ya que comienza a tener pensamientos violentos dada la relegaci\u00f3n geogr\u00e1fica, hasta que encuentra una cueva natural, en la que sit\u00faa a un personaje imaginario a quien le contaba sus debilidades en el cristianismo y este tipo lo devolv\u00eda a la fe. En ese viaje tambi\u00e9n fui a ese territorio imaginario, al m\u00edo y al de alguien, por lo que alucin\u00e9 con el paso a la Isla.<\/p>\n\n\n\n<p>Por otra parte, visit\u00e9 la Isla Selkirk, por el pirata Alejandro Selkirk, que anteriormente se llamaba M\u00e1s Afuera. Estas islas son pe\u00f1ones, es piedra no m\u00e1s, crece un leve pasto. Son quebradas muy altas, con poblados muy chicos, en el caso de Selkirk es una caleta. Entonces es un gran contraste, donde por ejemplo hay muchos ingresos por la langosta, pero no hay nada (infraestructura, por la geograf\u00eda), por lo que es muy pobre a la vez. Una de estas islas es todo Parque Nacional, por lo que no tienen servicios p\u00fablicos, que los lleva a vivir en un anarquismo forzado donde conviven con ciertos acuerdos, pero tienen deficiencias. De hecho era muy dif\u00edcil llegar y devolverse, tanto por el transporte como por el clima.<\/p>\n\n\n\n<figure class=\"wp-block-image size-large\"><img loading=\"lazy\" decoding=\"async\" width=\"1024\" height=\"683\" src=\"https:\/\/www.valparaisocreativo.cl\/wp-content\/uploads\/2023\/09\/DSC0276-1024x683.jpg\" alt=\"\" class=\"wp-image-17066\" srcset=\"https:\/\/dev.antudigital.cl\/sites\/vc\/wp-content\/uploads\/2023\/09\/DSC0276-1024x683.jpg 1024w, https:\/\/dev.antudigital.cl\/sites\/vc\/wp-content\/uploads\/2023\/09\/DSC0276-300x200.jpg 300w, https:\/\/dev.antudigital.cl\/sites\/vc\/wp-content\/uploads\/2023\/09\/DSC0276-768x512.jpg 768w, https:\/\/dev.antudigital.cl\/sites\/vc\/wp-content\/uploads\/2023\/09\/DSC0276-1536x1024.jpg 1536w, https:\/\/dev.antudigital.cl\/sites\/vc\/wp-content\/uploads\/2023\/09\/DSC0276-2048x1365.jpg 2048w, https:\/\/dev.antudigital.cl\/sites\/vc\/wp-content\/uploads\/2023\/09\/DSC0276-1080x720.jpg 1080w, https:\/\/dev.antudigital.cl\/sites\/vc\/wp-content\/uploads\/2023\/09\/DSC0276-1280x854.jpg 1280w, https:\/\/dev.antudigital.cl\/sites\/vc\/wp-content\/uploads\/2023\/09\/DSC0276-980x653.jpg 980w, https:\/\/dev.antudigital.cl\/sites\/vc\/wp-content\/uploads\/2023\/09\/DSC0276-480x320.jpg 480w, https:\/\/dev.antudigital.cl\/sites\/vc\/wp-content\/uploads\/2023\/09\/DSC0276-24x16.jpg 24w, https:\/\/dev.antudigital.cl\/sites\/vc\/wp-content\/uploads\/2023\/09\/DSC0276-36x24.jpg 36w, https:\/\/dev.antudigital.cl\/sites\/vc\/wp-content\/uploads\/2023\/09\/DSC0276-48x32.jpg 48w\" sizes=\"(max-width: 1024px) 100vw, 1024px\" \/><\/figure>\n\n\n\n<p><strong>\u00bfC\u00f3mo es Robinson Crusoe?<\/strong><\/p>\n\n\n\n<p>&#8211; Ah\u00ed hay m\u00e1s servicios y es muy bonito. El mar parece, escuchaba por ah\u00ed, <em>Listerine, <\/em>es que todo el paisaje es algo in\u00e9dito. Son muros verticales de piedra que nacen desde el mar. Uno llega a un lado de la isla donde te transportan por mar a la parte \u201cplana\u201d habitable de la Isla. Ah\u00ed tienen muelles, llegan barcos, tienen una Posta grande, es distinto a Selkirk. Pero hay cosas que no funcionan all\u00e1 debido a que faltan, como mencionaba, algunas instituciones e incluso autoridades, lo que genera algunos riesgos entre la comunidad. Adem\u00e1s hay mucha infraestructura tur\u00edstica.\u00a0<\/p>\n\n\n\n<figure class=\"wp-block-image size-large\"><img loading=\"lazy\" decoding=\"async\" width=\"1024\" height=\"472\" src=\"https:\/\/www.valparaisocreativo.cl\/wp-content\/uploads\/2023\/09\/IMG_20230322_195957-1024x472.jpg\" alt=\"\" class=\"wp-image-17062\" srcset=\"https:\/\/dev.antudigital.cl\/sites\/vc\/wp-content\/uploads\/2023\/09\/IMG_20230322_195957-1024x472.jpg 1024w, https:\/\/dev.antudigital.cl\/sites\/vc\/wp-content\/uploads\/2023\/09\/IMG_20230322_195957-300x138.jpg 300w, https:\/\/dev.antudigital.cl\/sites\/vc\/wp-content\/uploads\/2023\/09\/IMG_20230322_195957-768x354.jpg 768w, https:\/\/dev.antudigital.cl\/sites\/vc\/wp-content\/uploads\/2023\/09\/IMG_20230322_195957-1536x708.jpg 1536w, https:\/\/dev.antudigital.cl\/sites\/vc\/wp-content\/uploads\/2023\/09\/IMG_20230322_195957-2048x943.jpg 2048w, https:\/\/dev.antudigital.cl\/sites\/vc\/wp-content\/uploads\/2023\/09\/IMG_20230322_195957-1080x498.jpg 1080w, https:\/\/dev.antudigital.cl\/sites\/vc\/wp-content\/uploads\/2023\/09\/IMG_20230322_195957-1280x590.jpg 1280w, https:\/\/dev.antudigital.cl\/sites\/vc\/wp-content\/uploads\/2023\/09\/IMG_20230322_195957-980x451.jpg 980w, https:\/\/dev.antudigital.cl\/sites\/vc\/wp-content\/uploads\/2023\/09\/IMG_20230322_195957-480x221.jpg 480w, https:\/\/dev.antudigital.cl\/sites\/vc\/wp-content\/uploads\/2023\/09\/IMG_20230322_195957-24x11.jpg 24w, https:\/\/dev.antudigital.cl\/sites\/vc\/wp-content\/uploads\/2023\/09\/IMG_20230322_195957-36x17.jpg 36w, https:\/\/dev.antudigital.cl\/sites\/vc\/wp-content\/uploads\/2023\/09\/IMG_20230322_195957-48x22.jpg 48w\" sizes=\"(max-width: 1024px) 100vw, 1024px\" \/><\/figure>\n\n\n\n<p><strong>\u00bfY c\u00f3mo te acercaste a la historia de ese lugar?<\/strong><\/p>\n\n\n\n<p>&#8211; La historia que fui a investigar es pr\u00e1cticamente la historia del archipi\u00e9lago, ya que no tiene poblamiento tribal, siempre fueron c\u00e1rceles. En el caso de Robinson tiene m\u00e1s v\u00ednculo con los piratas que pasaban por ah\u00ed, pero era algo casual, no de asentamientos. Desde 1750 aproximadamente fue una c\u00e1rcel y Selkirk de principios del siglo XX. La poblaci\u00f3n de ah\u00ed no calificaba como extranjeros, todos tienen ra\u00edces continentales, no es como Rapa Nui.&nbsp;<\/p>\n\n\n\n<p>Hubo gente que se fue a buscar oportunidades a Juan Fern\u00e1ndez tambi\u00e9n, en especial por el tema de la langosta que hay all\u00e1.&nbsp;<\/p>\n\n\n\n<p><strong>\u00bfQu\u00e9 percepci\u00f3n te hiciste de estos territorios, que pertenecen al nuestro pero est\u00e1n tan lejanos en cultura y geograf\u00eda?<\/strong><\/p>\n\n\n\n<p>&#8211; Bueno, hay mucho turismo en Robinson Crusoe y eso genera todo un ambiente, independiente que viven con un cierto orgullo su historia adem\u00e1s. Hay mucha gente que habita y trabaja por temporadas ah\u00ed tambi\u00e9n, casi todos vinculados a la ciencia, al mar, a la pesca. Selkirk es muy hostil en geograf\u00eda y condiciones de vida.&nbsp;<\/p>\n\n\n\n<p>Tambi\u00e9n fui a Rapa Nui, pero fue una experiencia muy distinta, en cuanto a paisaje y en cuanto a la gente. Magn\u00edfico s\u00ed, ya que es otro tipo de geograf\u00eda, no se parece a lo que uno ha visto antes y es un contexto sumamente diferente, donde por ejemplo no se quiere recordar la parte m\u00e1s triste de la historia, pero eso es para otra ocasi\u00f3n.<\/p>\n\n\n\n<p><\/p>\n\n\n\n<p><strong>El resultado de este trabajo ser\u00e1 exhibido en el 2014 en el Parque Cultural de Valpara\u00edso.<\/strong><\/p>\n\n\n\n<p><strong>Para conocer m\u00e1s del trabajo de Cristian, puedes revisar su p\u00e1gina web o Instagram<\/strong>:<\/p>\n\n\n\n<p><a href=\"https:\/\/www.instagram.com\/cmaturanao\/?hl=es\">INSTAGRAM<\/a><\/p>\n\n\n\n<p><a href=\"https:\/\/www.cristianmaturana.cl\/\">WEB<\/a><\/p>\n","protected":false},"excerpt":{"rendered":"<p>Por: Valentinne Rudolphy Fotograf\u00edas: cortes\u00eda Cristian Maturana. Isla Robinson Crusoe e Isla Alejandro Selkirk. Cristian Maturana (44) es artista visual y si bien es de Antofagasta, vive en Valpara\u00edso desde hace 10 a\u00f1os, donde se ha desarrollado como creador y docente. Actualmente, est\u00e1 haciendo un fondart sobre relegaciones pol\u00edticas en la historia de Chile republicano. [&hellip;]<\/p>\n","protected":false},"author":1,"featured_media":17071,"comment_status":"closed","ping_status":"closed","sticky":false,"template":"","format":"standard","meta":{"_acf_changed":false,"footnotes":""},"categories":[218],"tags":[],"class_list":["post-17061","post","type-post","status-publish","format-standard","has-post-thumbnail","hentry","category-blog"],"acf":[],"yoast_head":"<!-- This site is optimized with the Yoast SEO plugin v27.1.1 - https:\/\/yoast.com\/product\/yoast-seo-wordpress\/ -->\n<title>En un lugar del Pac\u00edfico: un vistazo a Juan Fern\u00e1ndez - Valpara\u00ed\u00adso Creativo<\/title>\n<meta name=\"robots\" content=\"index, follow, max-snippet:-1, max-image-preview:large, max-video-preview:-1\" \/>\n<link rel=\"canonical\" href=\"https:\/\/dev.antudigital.cl\/sites\/vc\/en-un-lugar-del-pacifico-un-vistazo-a-juan-fernandez\/\" \/>\n<meta property=\"og:locale\" content=\"es_ES\" \/>\n<meta property=\"og:type\" content=\"article\" \/>\n<meta property=\"og:title\" content=\"En un lugar del Pac\u00edfico: un vistazo a Juan Fern\u00e1ndez - Valpara\u00ed\u00adso Creativo\" \/>\n<meta property=\"og:description\" content=\"Por: Valentinne Rudolphy Fotograf\u00edas: cortes\u00eda Cristian Maturana. Isla Robinson Crusoe e Isla Alejandro Selkirk. Cristian Maturana (44) es artista visual y si bien es de Antofagasta, vive en Valpara\u00edso desde hace 10 a\u00f1os, donde se ha desarrollado como creador y docente. Actualmente, est\u00e1 haciendo un fondart sobre relegaciones pol\u00edticas en la historia de Chile republicano. [&hellip;]\" \/>\n<meta property=\"og:url\" content=\"https:\/\/dev.antudigital.cl\/sites\/vc\/en-un-lugar-del-pacifico-un-vistazo-a-juan-fernandez\/\" \/>\n<meta property=\"og:site_name\" content=\"Valpara\u00ed\u00adso Creativo\" \/>\n<meta property=\"article:published_time\" content=\"2023-09-18T15:34:36+00:00\" \/>\n<meta property=\"article:modified_time\" content=\"2023-09-18T15:43:07+00:00\" \/>\n<meta property=\"og:image\" content=\"https:\/\/dev.antudigital.cl\/sites\/vc\/wp-content\/uploads\/2023\/09\/DSC0633-scaled.jpg\" \/>\n\t<meta property=\"og:image:width\" content=\"2560\" \/>\n\t<meta property=\"og:image:height\" content=\"1707\" \/>\n\t<meta property=\"og:image:type\" content=\"image\/jpeg\" \/>\n<meta name=\"author\" content=\"Valpara\u00edso Creativo\" \/>\n<meta name=\"twitter:card\" content=\"summary_large_image\" \/>\n<meta name=\"twitter:label1\" content=\"Escrito por\" \/>\n\t<meta name=\"twitter:data1\" content=\"Valpara\u00edso Creativo\" \/>\n\t<meta name=\"twitter:label2\" content=\"Tiempo de lectura\" \/>\n\t<meta name=\"twitter:data2\" content=\"9 minutos\" \/>\n<script type=\"application\/ld+json\" class=\"yoast-schema-graph\">{\"@context\":\"https:\/\/schema.org\",\"@graph\":[{\"@type\":\"Article\",\"@id\":\"https:\/\/dev.antudigital.cl\/sites\/vc\/en-un-lugar-del-pacifico-un-vistazo-a-juan-fernandez\/#article\",\"isPartOf\":{\"@id\":\"https:\/\/dev.antudigital.cl\/sites\/vc\/en-un-lugar-del-pacifico-un-vistazo-a-juan-fernandez\/\"},\"author\":{\"name\":\"Valpara\u00edso Creativo\",\"@id\":\"https:\/\/dev.antudigital.cl\/sites\/vc\/#\/schema\/person\/c2b9da8dd545e27166fc5ab232837318\"},\"headline\":\"En un lugar del Pac\u00edfico: un vistazo a Juan Fern\u00e1ndez\",\"datePublished\":\"2023-09-18T15:34:36+00:00\",\"dateModified\":\"2023-09-18T15:43:07+00:00\",\"mainEntityOfPage\":{\"@id\":\"https:\/\/dev.antudigital.cl\/sites\/vc\/en-un-lugar-del-pacifico-un-vistazo-a-juan-fernandez\/\"},\"wordCount\":1724,\"image\":{\"@id\":\"https:\/\/dev.antudigital.cl\/sites\/vc\/en-un-lugar-del-pacifico-un-vistazo-a-juan-fernandez\/#primaryimage\"},\"thumbnailUrl\":\"https:\/\/dev.antudigital.cl\/sites\/vc\/wp-content\/uploads\/2023\/09\/DSC0633-scaled.jpg\",\"articleSection\":[\"Blog\"],\"inLanguage\":\"es\"},{\"@type\":\"WebPage\",\"@id\":\"https:\/\/dev.antudigital.cl\/sites\/vc\/en-un-lugar-del-pacifico-un-vistazo-a-juan-fernandez\/\",\"url\":\"https:\/\/dev.antudigital.cl\/sites\/vc\/en-un-lugar-del-pacifico-un-vistazo-a-juan-fernandez\/\",\"name\":\"En un lugar del Pac\u00edfico: un vistazo a Juan Fern\u00e1ndez - Valpara\u00ed\u00adso Creativo\",\"isPartOf\":{\"@id\":\"https:\/\/dev.antudigital.cl\/sites\/vc\/#website\"},\"primaryImageOfPage\":{\"@id\":\"https:\/\/dev.antudigital.cl\/sites\/vc\/en-un-lugar-del-pacifico-un-vistazo-a-juan-fernandez\/#primaryimage\"},\"image\":{\"@id\":\"https:\/\/dev.antudigital.cl\/sites\/vc\/en-un-lugar-del-pacifico-un-vistazo-a-juan-fernandez\/#primaryimage\"},\"thumbnailUrl\":\"https:\/\/dev.antudigital.cl\/sites\/vc\/wp-content\/uploads\/2023\/09\/DSC0633-scaled.jpg\",\"datePublished\":\"2023-09-18T15:34:36+00:00\",\"dateModified\":\"2023-09-18T15:43:07+00:00\",\"author\":{\"@id\":\"https:\/\/dev.antudigital.cl\/sites\/vc\/#\/schema\/person\/c2b9da8dd545e27166fc5ab232837318\"},\"breadcrumb\":{\"@id\":\"https:\/\/dev.antudigital.cl\/sites\/vc\/en-un-lugar-del-pacifico-un-vistazo-a-juan-fernandez\/#breadcrumb\"},\"inLanguage\":\"es\",\"potentialAction\":[{\"@type\":\"ReadAction\",\"target\":[\"https:\/\/dev.antudigital.cl\/sites\/vc\/en-un-lugar-del-pacifico-un-vistazo-a-juan-fernandez\/\"]}]},{\"@type\":\"ImageObject\",\"inLanguage\":\"es\",\"@id\":\"https:\/\/dev.antudigital.cl\/sites\/vc\/en-un-lugar-del-pacifico-un-vistazo-a-juan-fernandez\/#primaryimage\",\"url\":\"https:\/\/dev.antudigital.cl\/sites\/vc\/wp-content\/uploads\/2023\/09\/DSC0633-scaled.jpg\",\"contentUrl\":\"https:\/\/dev.antudigital.cl\/sites\/vc\/wp-content\/uploads\/2023\/09\/DSC0633-scaled.jpg\",\"width\":2560,\"height\":1707},{\"@type\":\"BreadcrumbList\",\"@id\":\"https:\/\/dev.antudigital.cl\/sites\/vc\/en-un-lugar-del-pacifico-un-vistazo-a-juan-fernandez\/#breadcrumb\",\"itemListElement\":[{\"@type\":\"ListItem\",\"position\":1,\"name\":\"Home\",\"item\":\"https:\/\/dev.antudigital.cl\/sites\/vc\/\"},{\"@type\":\"ListItem\",\"position\":2,\"name\":\"En un lugar del Pac\u00edfico: un vistazo a Juan Fern\u00e1ndez\"}]},{\"@type\":\"WebSite\",\"@id\":\"https:\/\/dev.antudigital.cl\/sites\/vc\/#website\",\"url\":\"https:\/\/dev.antudigital.cl\/sites\/vc\/\",\"name\":\"Valpara\u00ed\u00adso Creativo\",\"description\":\"\",\"potentialAction\":[{\"@type\":\"SearchAction\",\"target\":{\"@type\":\"EntryPoint\",\"urlTemplate\":\"https:\/\/dev.antudigital.cl\/sites\/vc\/?s={search_term_string}\"},\"query-input\":{\"@type\":\"PropertyValueSpecification\",\"valueRequired\":true,\"valueName\":\"search_term_string\"}}],\"inLanguage\":\"es\"},{\"@type\":\"Person\",\"@id\":\"https:\/\/dev.antudigital.cl\/sites\/vc\/#\/schema\/person\/c2b9da8dd545e27166fc5ab232837318\",\"name\":\"Valpara\u00edso Creativo\",\"description\":\"Periodista de cultura en la Regi\u00f3n de Valpara\u00edso.\",\"url\":\"https:\/\/dev.antudigital.cl\/sites\/vc\/author\/valpoadmin\/\"}]}<\/script>\n<!-- \/ Yoast SEO plugin. -->","yoast_head_json":{"title":"En un lugar del Pac\u00edfico: un vistazo a Juan Fern\u00e1ndez - Valpara\u00ed\u00adso Creativo","robots":{"index":"index","follow":"follow","max-snippet":"max-snippet:-1","max-image-preview":"max-image-preview:large","max-video-preview":"max-video-preview:-1"},"canonical":"https:\/\/dev.antudigital.cl\/sites\/vc\/en-un-lugar-del-pacifico-un-vistazo-a-juan-fernandez\/","og_locale":"es_ES","og_type":"article","og_title":"En un lugar del Pac\u00edfico: un vistazo a Juan Fern\u00e1ndez - Valpara\u00ed\u00adso Creativo","og_description":"Por: Valentinne Rudolphy Fotograf\u00edas: cortes\u00eda Cristian Maturana. Isla Robinson Crusoe e Isla Alejandro Selkirk. Cristian Maturana (44) es artista visual y si bien es de Antofagasta, vive en Valpara\u00edso desde hace 10 a\u00f1os, donde se ha desarrollado como creador y docente. Actualmente, est\u00e1 haciendo un fondart sobre relegaciones pol\u00edticas en la historia de Chile republicano. [&hellip;]","og_url":"https:\/\/dev.antudigital.cl\/sites\/vc\/en-un-lugar-del-pacifico-un-vistazo-a-juan-fernandez\/","og_site_name":"Valpara\u00ed\u00adso Creativo","article_published_time":"2023-09-18T15:34:36+00:00","article_modified_time":"2023-09-18T15:43:07+00:00","og_image":[{"width":2560,"height":1707,"url":"https:\/\/dev.antudigital.cl\/sites\/vc\/wp-content\/uploads\/2023\/09\/DSC0633-scaled.jpg","type":"image\/jpeg"}],"author":"Valpara\u00edso Creativo","twitter_card":"summary_large_image","twitter_misc":{"Escrito por":"Valpara\u00edso Creativo","Tiempo de lectura":"9 minutos"},"schema":{"@context":"https:\/\/schema.org","@graph":[{"@type":"Article","@id":"https:\/\/dev.antudigital.cl\/sites\/vc\/en-un-lugar-del-pacifico-un-vistazo-a-juan-fernandez\/#article","isPartOf":{"@id":"https:\/\/dev.antudigital.cl\/sites\/vc\/en-un-lugar-del-pacifico-un-vistazo-a-juan-fernandez\/"},"author":{"name":"Valpara\u00edso Creativo","@id":"https:\/\/dev.antudigital.cl\/sites\/vc\/#\/schema\/person\/c2b9da8dd545e27166fc5ab232837318"},"headline":"En un lugar del Pac\u00edfico: un vistazo a Juan Fern\u00e1ndez","datePublished":"2023-09-18T15:34:36+00:00","dateModified":"2023-09-18T15:43:07+00:00","mainEntityOfPage":{"@id":"https:\/\/dev.antudigital.cl\/sites\/vc\/en-un-lugar-del-pacifico-un-vistazo-a-juan-fernandez\/"},"wordCount":1724,"image":{"@id":"https:\/\/dev.antudigital.cl\/sites\/vc\/en-un-lugar-del-pacifico-un-vistazo-a-juan-fernandez\/#primaryimage"},"thumbnailUrl":"https:\/\/dev.antudigital.cl\/sites\/vc\/wp-content\/uploads\/2023\/09\/DSC0633-scaled.jpg","articleSection":["Blog"],"inLanguage":"es"},{"@type":"WebPage","@id":"https:\/\/dev.antudigital.cl\/sites\/vc\/en-un-lugar-del-pacifico-un-vistazo-a-juan-fernandez\/","url":"https:\/\/dev.antudigital.cl\/sites\/vc\/en-un-lugar-del-pacifico-un-vistazo-a-juan-fernandez\/","name":"En un lugar del Pac\u00edfico: un vistazo a Juan Fern\u00e1ndez - Valpara\u00ed\u00adso Creativo","isPartOf":{"@id":"https:\/\/dev.antudigital.cl\/sites\/vc\/#website"},"primaryImageOfPage":{"@id":"https:\/\/dev.antudigital.cl\/sites\/vc\/en-un-lugar-del-pacifico-un-vistazo-a-juan-fernandez\/#primaryimage"},"image":{"@id":"https:\/\/dev.antudigital.cl\/sites\/vc\/en-un-lugar-del-pacifico-un-vistazo-a-juan-fernandez\/#primaryimage"},"thumbnailUrl":"https:\/\/dev.antudigital.cl\/sites\/vc\/wp-content\/uploads\/2023\/09\/DSC0633-scaled.jpg","datePublished":"2023-09-18T15:34:36+00:00","dateModified":"2023-09-18T15:43:07+00:00","author":{"@id":"https:\/\/dev.antudigital.cl\/sites\/vc\/#\/schema\/person\/c2b9da8dd545e27166fc5ab232837318"},"breadcrumb":{"@id":"https:\/\/dev.antudigital.cl\/sites\/vc\/en-un-lugar-del-pacifico-un-vistazo-a-juan-fernandez\/#breadcrumb"},"inLanguage":"es","potentialAction":[{"@type":"ReadAction","target":["https:\/\/dev.antudigital.cl\/sites\/vc\/en-un-lugar-del-pacifico-un-vistazo-a-juan-fernandez\/"]}]},{"@type":"ImageObject","inLanguage":"es","@id":"https:\/\/dev.antudigital.cl\/sites\/vc\/en-un-lugar-del-pacifico-un-vistazo-a-juan-fernandez\/#primaryimage","url":"https:\/\/dev.antudigital.cl\/sites\/vc\/wp-content\/uploads\/2023\/09\/DSC0633-scaled.jpg","contentUrl":"https:\/\/dev.antudigital.cl\/sites\/vc\/wp-content\/uploads\/2023\/09\/DSC0633-scaled.jpg","width":2560,"height":1707},{"@type":"BreadcrumbList","@id":"https:\/\/dev.antudigital.cl\/sites\/vc\/en-un-lugar-del-pacifico-un-vistazo-a-juan-fernandez\/#breadcrumb","itemListElement":[{"@type":"ListItem","position":1,"name":"Home","item":"https:\/\/dev.antudigital.cl\/sites\/vc\/"},{"@type":"ListItem","position":2,"name":"En un lugar del Pac\u00edfico: un vistazo a Juan Fern\u00e1ndez"}]},{"@type":"WebSite","@id":"https:\/\/dev.antudigital.cl\/sites\/vc\/#website","url":"https:\/\/dev.antudigital.cl\/sites\/vc\/","name":"Valpara\u00ed\u00adso Creativo","description":"","potentialAction":[{"@type":"SearchAction","target":{"@type":"EntryPoint","urlTemplate":"https:\/\/dev.antudigital.cl\/sites\/vc\/?s={search_term_string}"},"query-input":{"@type":"PropertyValueSpecification","valueRequired":true,"valueName":"search_term_string"}}],"inLanguage":"es"},{"@type":"Person","@id":"https:\/\/dev.antudigital.cl\/sites\/vc\/#\/schema\/person\/c2b9da8dd545e27166fc5ab232837318","name":"Valpara\u00edso Creativo","description":"Periodista de cultura en la Regi\u00f3n de Valpara\u00edso.","url":"https:\/\/dev.antudigital.cl\/sites\/vc\/author\/valpoadmin\/"}]}},"_links":{"self":[{"href":"https:\/\/dev.antudigital.cl\/sites\/vc\/wp-json\/wp\/v2\/posts\/17061","targetHints":{"allow":["GET"]}}],"collection":[{"href":"https:\/\/dev.antudigital.cl\/sites\/vc\/wp-json\/wp\/v2\/posts"}],"about":[{"href":"https:\/\/dev.antudigital.cl\/sites\/vc\/wp-json\/wp\/v2\/types\/post"}],"author":[{"embeddable":true,"href":"https:\/\/dev.antudigital.cl\/sites\/vc\/wp-json\/wp\/v2\/users\/1"}],"replies":[{"embeddable":true,"href":"https:\/\/dev.antudigital.cl\/sites\/vc\/wp-json\/wp\/v2\/comments?post=17061"}],"version-history":[{"count":2,"href":"https:\/\/dev.antudigital.cl\/sites\/vc\/wp-json\/wp\/v2\/posts\/17061\/revisions"}],"predecessor-version":[{"id":17075,"href":"https:\/\/dev.antudigital.cl\/sites\/vc\/wp-json\/wp\/v2\/posts\/17061\/revisions\/17075"}],"wp:featuredmedia":[{"embeddable":true,"href":"https:\/\/dev.antudigital.cl\/sites\/vc\/wp-json\/wp\/v2\/media\/17071"}],"wp:attachment":[{"href":"https:\/\/dev.antudigital.cl\/sites\/vc\/wp-json\/wp\/v2\/media?parent=17061"}],"wp:term":[{"taxonomy":"category","embeddable":true,"href":"https:\/\/dev.antudigital.cl\/sites\/vc\/wp-json\/wp\/v2\/categories?post=17061"},{"taxonomy":"post_tag","embeddable":true,"href":"https:\/\/dev.antudigital.cl\/sites\/vc\/wp-json\/wp\/v2\/tags?post=17061"}],"curies":[{"name":"wp","href":"https:\/\/api.w.org\/{rel}","templated":true}]}}