{"id":17264,"date":"2023-10-02T10:38:47","date_gmt":"2023-10-02T10:38:47","guid":{"rendered":"https:\/\/www.valparaisocreativo.cl\/?p=17264"},"modified":"2023-10-03T10:46:19","modified_gmt":"2023-10-03T10:46:19","slug":"valis-guitars-una-apuesta-por-la-industria-music-tech-desde-la-region","status":"publish","type":"post","link":"https:\/\/dev.antudigital.cl\/sites\/vc\/valis-guitars-una-apuesta-por-la-industria-music-tech-desde-la-region\/","title":{"rendered":"Valis Guitars: una apuesta por la industria music tech desde la Regi\u00f3n"},"content":{"rendered":"\n<p><em>Por: Valentinne Rudolphy<\/em><\/p>\n\n\n\n<p><a href=\"https:\/\/laquintaemprende.cl\/2023\/07\/valis-guitars-creacion-de-guitarras-electricas-desde-valparaiso-para-el-mundo\/\">Hugo Villarroel<\/a> comenz\u00f3 probando suerte y tambi\u00e9n por cubrir un rol en el mundo de las ventas con <a href=\"https:\/\/www.darkglass.com\/\">Darkglass Electronics<\/a>, otro proyecto en el que particip\u00f3 anteriormente. Hoy est\u00e1 a cargo de <a href=\"https:\/\/valisguitars.cl\/wp\/\">Valis Guitars<\/a> desde esta misma arista, ahora como CEO de esta empresa que pretende llevar la competencia de guitarras de fabricaci\u00f3n nacional a nivel internacional.&nbsp;<\/p>\n\n\n\n<p>Junto a <a href=\"https:\/\/valisguitars.cl\/wp\/\">Valis Guitars<\/a>, est\u00e1n estableci\u00e9ndose en el Distrito de Innovaci\u00f3n V21, donde estrenar\u00e1n prontamente su oficina y showroom. Pero, \u00bfde qu\u00e9 trata este emprendimiento?<\/p>\n\n\n\n<p><strong>Recientemente supe que fuiste a Alemania, donde tuviste la oportunidad de exhibir a <\/strong><a href=\"https:\/\/valisguitars.cl\/wp\/\"><strong>Valis Guitars<\/strong><\/a><strong> entiendo, \u00bfde qu\u00e9 trat\u00f3 y c\u00f3mo fue esa experiencia?<\/strong><\/p>\n\n\n\n<p>-Fui a un evento llamado <a href=\"https:\/\/www.guitarsummit.de\/?lang=en\">Guitar Summit<\/a> en Alemania por otra de las empresas en las que participo, <a href=\"https:\/\/www.simplifieramp.com\/t-es\">DMS Humboldt<\/a>, que hace emuladores de amplificador an\u00e1logo en formato de bolsillo. Gracias a esto pude mostrar Valis, sobre todo un nuevo dise\u00f1o que vamos a lanzar para fines de enero. B\u00e1sicamente lo que hice fue mostrar el render -prototipo virtual- de una guitarra que va m\u00e1s hacia la l\u00ednea del hard rock y el metal progresivo. Le mostr\u00e9 a artistas destacados y proveedores el modelo, la verdad es que todos quedaron bien sorprendidos y eso fue muy positivo.<\/p>\n\n\n\n<p><strong>\u00bfCu\u00e1ntas personas conforman Valis?<\/strong><\/p>\n\n\n\n<p>-Yo soy el \u00fanico de la Regi\u00f3n de Valpara\u00edso y llegu\u00e9 a Valis cuando estaba en Santiago, anterior a esta etapa actual que desde el 2023 estamos forjando en Vi\u00f1a del Mar. Somos 9 personas y hay varias \u00e1reas: operaciones, marketing, fabricaci\u00f3n. En el equipo tambi\u00e9n est\u00e1 Franco Az\u00f3car liderando, quien vive en Finlandia trabajando para Darkglass Electronics y es el Jefe de Dise\u00f1o (CFO). Bueno y esperamos seguir creciendo.<\/p>\n\n\n\n<figure class=\"wp-block-image size-large\"><img fetchpriority=\"high\" decoding=\"async\" width=\"576\" height=\"1024\" src=\"https:\/\/www.valparaisocreativo.cl\/wp-content\/uploads\/2023\/10\/66B797ED-41DF-4F12-A1CE-B55A8FAC6F01-576x1024.jpg\" alt=\"\" class=\"wp-image-17269\" srcset=\"https:\/\/dev.antudigital.cl\/sites\/vc\/wp-content\/uploads\/2023\/10\/66B797ED-41DF-4F12-A1CE-B55A8FAC6F01-576x1024.jpg 576w, https:\/\/dev.antudigital.cl\/sites\/vc\/wp-content\/uploads\/2023\/10\/66B797ED-41DF-4F12-A1CE-B55A8FAC6F01-169x300.jpg 169w, https:\/\/dev.antudigital.cl\/sites\/vc\/wp-content\/uploads\/2023\/10\/66B797ED-41DF-4F12-A1CE-B55A8FAC6F01-768x1365.jpg 768w, https:\/\/dev.antudigital.cl\/sites\/vc\/wp-content\/uploads\/2023\/10\/66B797ED-41DF-4F12-A1CE-B55A8FAC6F01-864x1536.jpg 864w, https:\/\/dev.antudigital.cl\/sites\/vc\/wp-content\/uploads\/2023\/10\/66B797ED-41DF-4F12-A1CE-B55A8FAC6F01-1152x2048.jpg 1152w, https:\/\/dev.antudigital.cl\/sites\/vc\/wp-content\/uploads\/2023\/10\/66B797ED-41DF-4F12-A1CE-B55A8FAC6F01-1080x1920.jpg 1080w, https:\/\/dev.antudigital.cl\/sites\/vc\/wp-content\/uploads\/2023\/10\/66B797ED-41DF-4F12-A1CE-B55A8FAC6F01-1280x2276.jpg 1280w, https:\/\/dev.antudigital.cl\/sites\/vc\/wp-content\/uploads\/2023\/10\/66B797ED-41DF-4F12-A1CE-B55A8FAC6F01-980x1742.jpg 980w, https:\/\/dev.antudigital.cl\/sites\/vc\/wp-content\/uploads\/2023\/10\/66B797ED-41DF-4F12-A1CE-B55A8FAC6F01-480x853.jpg 480w, https:\/\/dev.antudigital.cl\/sites\/vc\/wp-content\/uploads\/2023\/10\/66B797ED-41DF-4F12-A1CE-B55A8FAC6F01-14x24.jpg 14w, https:\/\/dev.antudigital.cl\/sites\/vc\/wp-content\/uploads\/2023\/10\/66B797ED-41DF-4F12-A1CE-B55A8FAC6F01-20x36.jpg 20w, https:\/\/dev.antudigital.cl\/sites\/vc\/wp-content\/uploads\/2023\/10\/66B797ED-41DF-4F12-A1CE-B55A8FAC6F01-27x48.jpg 27w, https:\/\/dev.antudigital.cl\/sites\/vc\/wp-content\/uploads\/2023\/10\/66B797ED-41DF-4F12-A1CE-B55A8FAC6F01-scaled.jpg 1440w\" sizes=\"(max-width: 576px) 100vw, 576px\" \/><\/figure>\n\n\n\n<p><strong>\u00bfCu\u00e1nto tiempo llevan y c\u00f3mo llegaste t\u00fa hasta tu rol actual como CEO?<\/strong><\/p>\n\n\n\n<p>-Valis surgi\u00f3 en la pandemia, as\u00ed que lleva poquito tiempo y yo los conoc\u00ed el 2022. Formalmente comenc\u00e9 a trabajar aqu\u00ed el presente a\u00f1o, part\u00ed como socio de la empresa, viendo la parte de relaciones internacionales y artistas, hasta que hace poco el equipo me nombr\u00f3 como CEO de la empresa.<\/p>\n\n\n\n<p><strong>\u00a1Felicitaciones! Hugo, y a prop\u00f3sito de tu experiencia anterior y actual, en tus palabras, \u00bfcu\u00e1l es la propuesta de valor que est\u00e1n estableciendo como Valis?<\/strong><\/p>\n\n\n\n<p>-El mercado de los instrumentos musicales y, en particular el de la guitarra el\u00e9ctrica o bajo el\u00e9ctrico, es un mercado s\u00faper competitivo. Sin duda que Estados Unidos tiene una gran delantera en este sentido. Pero en nuestro caso, lo que queremos hacer es orientarnos a generar productos que son de categor\u00eda premium, donde confluyen varias cosas.&nbsp;<\/p>\n\n\n\n<p>Nuestra propuesta de valor parte por el dise\u00f1o propio que proponemos, es decir, que es est\u00e9tico pero de calidad &#8211; como lo que coment\u00e9 que gust\u00f3 en Alemania. Usamos materia prima que es de alta calidad con procesos muy cuidados de revisi\u00f3n. Nosotros fabricamos todo. Hoy en d\u00eda estamos vendiendo nuestros instrumentos con una garant\u00eda extendida y estamos constantemente revisando lo que pasa tambi\u00e9n con los instrumentos que se han vendido en estos a\u00f1os para ver c\u00f3mo se han portado, por ejemplo.<\/p>\n\n\n\n<p>Creo que la propuesta, en ese sentido, es una mezcla entre la impronta del dise\u00f1o, la calidad y una fabricaci\u00f3n que combina procesos industriales con terminaci\u00f3n a mano que es de alto est\u00e1ndar. Todo con un precio medio dentro de lo que es el mercado internacional.<\/p>\n\n\n\n<p><strong>\u00bfC\u00f3mo es el proceso de fabricaci\u00f3n de una guitarra Valis?<\/strong><\/p>\n\n\n\n<p>-Hay distintos pasos, desde el dise\u00f1o que te mencionaba hasta la construcci\u00f3n y luego la comercializaci\u00f3n. Lo del dise\u00f1o es m\u00e1s t\u00e9cnico de alg\u00fan modo: se hace a trav\u00e9s de software y despu\u00e9s en 3D hasta que pasa a una maquinaria industrial, son distintas etapas. Se cortan los cuerpos, los brazos, los surcos para los diapasones, etc\u00e9tera.<\/p>\n\n\n\n<p>En esta etapa entra el Gerente de Calidad, quien revisa por \u00faltimo y quien considera c\u00f3mo se siente el brazo al usar la guitarra, la posici\u00f3n de la mano, todo detalle. Entre dise\u00f1o y producci\u00f3n ah\u00ed hay tres personas, pues en la parte de dise\u00f1o del producto est\u00e1 Franco, quien mencionaba anteriormente. Luego, en la parte de construcci\u00f3n hay dos personas m\u00e1s.<\/p>\n\n\n\n<figure class=\"wp-block-image size-full\"><img decoding=\"async\" width=\"640\" height=\"640\" src=\"https:\/\/www.valparaisocreativo.cl\/wp-content\/uploads\/2023\/10\/IMG_3132.jpg\" alt=\"\" class=\"wp-image-17267\" srcset=\"https:\/\/dev.antudigital.cl\/sites\/vc\/wp-content\/uploads\/2023\/10\/IMG_3132.jpg 640w, https:\/\/dev.antudigital.cl\/sites\/vc\/wp-content\/uploads\/2023\/10\/IMG_3132-300x300.jpg 300w, https:\/\/dev.antudigital.cl\/sites\/vc\/wp-content\/uploads\/2023\/10\/IMG_3132-150x150.jpg 150w, https:\/\/dev.antudigital.cl\/sites\/vc\/wp-content\/uploads\/2023\/10\/IMG_3132-480x480.jpg 480w, https:\/\/dev.antudigital.cl\/sites\/vc\/wp-content\/uploads\/2023\/10\/IMG_3132-24x24.jpg 24w, https:\/\/dev.antudigital.cl\/sites\/vc\/wp-content\/uploads\/2023\/10\/IMG_3132-36x36.jpg 36w, https:\/\/dev.antudigital.cl\/sites\/vc\/wp-content\/uploads\/2023\/10\/IMG_3132-48x48.jpg 48w\" sizes=\"(max-width: 640px) 100vw, 640px\" \/><\/figure>\n\n\n\n<p><strong>Hugo, sali\u00e9ndonos un poco del tema, pero para que nuestros lectores puedan saber: cu\u00e9ntanos un poco m\u00e1s de ti y de tu carrera, pues llevas a\u00f1os en el <\/strong><strong><em>music tech.<\/em><\/strong><\/p>\n\n\n\n<p>-Claro, llevo aprendiendo de \u00e9sta \u00e1rea los \u00faltimos 15 \u00f3 16 a\u00f1os. Mi primera empresa fue <a href=\"https:\/\/www.darkglass.com\/\">Darkglass Electronics<\/a> y que hoy en d\u00eda dir\u00eda que es la principal empresa en el mundo de de de bajo de amplificaci\u00f3n y de soluciones compactas para el sonido de bajo. Esa empresa la fundamos con otro chileno en Finlandia. Estuvimos en Helsinki por muchos a\u00f1os y ahora fue adquirida por capitales norteamericanos. Es de productos musicales premium, ya est\u00e1 presente por lo menos en unos 50 pa\u00edses en el mundo, con clientes que son artistas de gran nivel como bajistas de Pantera, Messhuga, Taylor Swift y Jamiroquai.&nbsp;<\/p>\n\n\n\n<p>En paralelo a eso, yo he emprendido en otras cosas como DMS Humboldt, pero soy periodista de profesi\u00f3n. En DMS hacemos simuladores de amplificador desde Santiago y bueno, va en la misma senda que Valis y Darkglass, ah\u00ed tambi\u00e9n soy socio y veo la parte de ventas internacionales y relaciones con artistas. Adem\u00e1s soy socio de otra empresa, <a href=\"https:\/\/www.ravenstraps.cl\/\">Raven Straps<\/a>, del mismo mundo de la m\u00fasica, ya que son correas de cuero y con opciones de cuero vegano.<\/p>\n\n\n\n<p><strong>\u00bfCu\u00e1l es tu v\u00ednculo con la m\u00fasica? Me imagino que t\u00fa tambi\u00e9n tocas alg\u00fan instrumento.<\/strong><\/p>\n\n\n\n<p>-Part\u00ed a los cinco a\u00f1os tocando piano y despu\u00e9s, como a los 13 y medio, en la rebeld\u00eda de la adolescencia empec\u00e9 a tocar guitarra y ah\u00ed me cambi\u00e9 al mundo rockero. Desde entonces que sigo en ese camino.<\/p>\n\n\n\n<p><strong>\u00bfC\u00f3mo ves t\u00fa el mercado de la m\u00fasica en la Regi\u00f3n de Valpara\u00edso?<\/strong><\/p>\n\n\n\n<p>-Buena pregunta. Yo dir\u00eda que en la Regi\u00f3n igual hay un hay un mercado, ya que incluso hay tiendas de m\u00fasica, como Audiom\u00fasica ac\u00e1, por ejemplo. De todos modos, pasa que la gente que trata de buscar instrumentos m\u00e1s premium tiene que ir a Santiago. No hay como una oferta de alta gama en regiones y tal vez pasa lo mismo en amplificadores y otro tipo de accesorios.<\/p>\n\n\n\n<p>En ese sentido quiz\u00e1s hay una oportunidad, porque hay un mercado que no se ha tocado ac\u00e1 en la Regi\u00f3n. Yo siempre creo que hay oportunidades, pero nosotros optamos por apuntar a un mercado como dec\u00eda m\u00e1s \u201cpremium\u201d y de alcance internacional.&nbsp; As\u00ed que s\u00ed, yo creo que puede que haya un mercado inexplorado a\u00fan.<\/p>\n\n\n\n<figure class=\"wp-block-image size-full\"><img decoding=\"async\" width=\"497\" height=\"671\" src=\"https:\/\/www.valparaisocreativo.cl\/wp-content\/uploads\/2023\/10\/Captura-de-Pantalla-2023-10-03-a-las-07.36.17.png\" alt=\"\" class=\"wp-image-17279\" srcset=\"https:\/\/dev.antudigital.cl\/sites\/vc\/wp-content\/uploads\/2023\/10\/Captura-de-Pantalla-2023-10-03-a-las-07.36.17.png 497w, https:\/\/dev.antudigital.cl\/sites\/vc\/wp-content\/uploads\/2023\/10\/Captura-de-Pantalla-2023-10-03-a-las-07.36.17-222x300.png 222w, https:\/\/dev.antudigital.cl\/sites\/vc\/wp-content\/uploads\/2023\/10\/Captura-de-Pantalla-2023-10-03-a-las-07.36.17-480x648.png 480w, https:\/\/dev.antudigital.cl\/sites\/vc\/wp-content\/uploads\/2023\/10\/Captura-de-Pantalla-2023-10-03-a-las-07.36.17-18x24.png 18w, https:\/\/dev.antudigital.cl\/sites\/vc\/wp-content\/uploads\/2023\/10\/Captura-de-Pantalla-2023-10-03-a-las-07.36.17-27x36.png 27w, https:\/\/dev.antudigital.cl\/sites\/vc\/wp-content\/uploads\/2023\/10\/Captura-de-Pantalla-2023-10-03-a-las-07.36.17-36x48.png 36w\" sizes=\"(max-width: 497px) 100vw, 497px\" \/><\/figure>\n\n\n\n<p><strong>Adem\u00e1s de esta oportunidad en Alemania que habl\u00e1bamos antes, \u00bfen qu\u00e9 est\u00e1n ahora con Valis?<\/strong><\/p>\n\n\n\n<p>-Este a\u00f1o nos mudamos a Vi\u00f1a del Mar como hablamos. Cre\u00edmos que este era el espacio natural para desarrollarnos, donde hay una sinergia s\u00faper power no solo por el Festival de Vi\u00f1a, sino tambi\u00e9n porque hay una mentalidad de apoyo a la Econom\u00eda Creativa y a lo que hacemos nosotros que es music tech, uni\u00e9ndolo a lo \u00faltimo que habl\u00e1bamos.<\/p>\n\n\n\n<p>En ese contexto, tenemos ya nuestro primer espacio f\u00edsico en el distrito de innovaci\u00f3n V21, donde nos han dado un gran apoyo para tener este lugar donde atender artistas, hacer showroom y todo lo que necesitamos.<\/p>\n\n\n\n<p><strong>\u00bfQu\u00e9 m\u00e1s podr\u00edas destacar sobre ustedes que quieras transmitir?<\/strong><\/p>\n\n\n\n<p>-Hoy en d\u00eda nuestra gran noticia es que vamos a abrir el punto en Vi\u00f1a, lo que nos va a permitir tener desde la maquinaria y poder mostrar realmente las guitarras para quien quiera verlas y probarlas. Ese espacio yo creo que va a ser bastante \u00fanico, incluso en Sudam\u00e9rica, queremos darle una impronta distinta y que sea una experiencia. El mayor foco va a estar destinado a ser una producci\u00f3n de alta calidad y eso va a estar operando desde noviembre, as\u00ed que falta muy poco. Queremos traer artistas, hacer activaciones, quiz\u00e1s m\u00e1s.<\/p>\n\n\n\n<p><strong>\u00bfCu\u00e1les ser\u00edan tus palabras finales?<\/strong><\/p>\n\n\n\n<p>-Queremos hacer algo que no es tan f\u00e1cil, la verdad. Es un gran esfuerzo, parece que est\u00e1 todo ordenado, pero es s\u00faper tit\u00e1nico lo que estamos haciendo en un pa\u00eds donde es dif\u00edcil hacer este tipo de cosas, pero creo que lleva una buena impronta y que bueno, que ojal\u00e1 tambi\u00e9n estimule que otra gente se pueda dedicar a esto.<\/p>\n","protected":false},"excerpt":{"rendered":"<p>Por: Valentinne Rudolphy Hugo Villarroel comenz\u00f3 probando suerte y tambi\u00e9n por cubrir un rol en el mundo de las ventas con Darkglass Electronics, otro proyecto en el que particip\u00f3 anteriormente. Hoy est\u00e1 a cargo de Valis Guitars desde esta misma arista, ahora como CEO de esta empresa que pretende llevar la competencia de guitarras de [&hellip;]<\/p>\n","protected":false},"author":1,"featured_media":17265,"comment_status":"closed","ping_status":"closed","sticky":false,"template":"","format":"standard","meta":{"_acf_changed":false,"footnotes":""},"categories":[218],"tags":[],"class_list":["post-17264","post","type-post","status-publish","format-standard","has-post-thumbnail","hentry","category-blog"],"acf":[],"yoast_head":"<!-- This site is optimized with the Yoast SEO plugin v27.1.1 - https:\/\/yoast.com\/product\/yoast-seo-wordpress\/ -->\n<title>Valis Guitars: una apuesta por la industria music tech desde la Regi\u00f3n - Valpara\u00ed\u00adso Creativo<\/title>\n<meta name=\"robots\" content=\"index, follow, max-snippet:-1, max-image-preview:large, max-video-preview:-1\" \/>\n<link rel=\"canonical\" href=\"https:\/\/dev.antudigital.cl\/sites\/vc\/valis-guitars-una-apuesta-por-la-industria-music-tech-desde-la-region\/\" \/>\n<meta property=\"og:locale\" content=\"es_ES\" \/>\n<meta property=\"og:type\" content=\"article\" \/>\n<meta property=\"og:title\" content=\"Valis Guitars: una apuesta por la industria music tech desde la Regi\u00f3n - Valpara\u00ed\u00adso Creativo\" \/>\n<meta property=\"og:description\" content=\"Por: Valentinne Rudolphy Hugo Villarroel comenz\u00f3 probando suerte y tambi\u00e9n por cubrir un rol en el mundo de las ventas con Darkglass Electronics, otro proyecto en el que particip\u00f3 anteriormente. Hoy est\u00e1 a cargo de Valis Guitars desde esta misma arista, ahora como CEO de esta empresa que pretende llevar la competencia de guitarras de [&hellip;]\" \/>\n<meta property=\"og:url\" content=\"https:\/\/dev.antudigital.cl\/sites\/vc\/valis-guitars-una-apuesta-por-la-industria-music-tech-desde-la-region\/\" \/>\n<meta property=\"og:site_name\" content=\"Valpara\u00ed\u00adso Creativo\" \/>\n<meta property=\"article:published_time\" content=\"2023-10-02T10:38:47+00:00\" \/>\n<meta property=\"article:modified_time\" content=\"2023-10-03T10:46:19+00:00\" \/>\n<meta property=\"og:image\" content=\"https:\/\/dev.antudigital.cl\/sites\/vc\/wp-content\/uploads\/2023\/10\/WhatsApp-Image-2023-09-28-at-10.31.21.jpeg\" \/>\n\t<meta property=\"og:image:width\" content=\"1408\" \/>\n\t<meta property=\"og:image:height\" content=\"1056\" \/>\n\t<meta property=\"og:image:type\" content=\"image\/jpeg\" \/>\n<meta name=\"author\" content=\"Valpara\u00edso Creativo\" \/>\n<meta name=\"twitter:card\" content=\"summary_large_image\" \/>\n<meta name=\"twitter:label1\" content=\"Escrito por\" \/>\n\t<meta name=\"twitter:data1\" content=\"Valpara\u00edso Creativo\" \/>\n\t<meta name=\"twitter:label2\" content=\"Tiempo de lectura\" \/>\n\t<meta name=\"twitter:data2\" content=\"7 minutos\" \/>\n<script type=\"application\/ld+json\" class=\"yoast-schema-graph\">{\"@context\":\"https:\/\/schema.org\",\"@graph\":[{\"@type\":\"Article\",\"@id\":\"https:\/\/dev.antudigital.cl\/sites\/vc\/valis-guitars-una-apuesta-por-la-industria-music-tech-desde-la-region\/#article\",\"isPartOf\":{\"@id\":\"https:\/\/dev.antudigital.cl\/sites\/vc\/valis-guitars-una-apuesta-por-la-industria-music-tech-desde-la-region\/\"},\"author\":{\"name\":\"Valpara\u00edso Creativo\",\"@id\":\"https:\/\/dev.antudigital.cl\/sites\/vc\/#\/schema\/person\/c2b9da8dd545e27166fc5ab232837318\"},\"headline\":\"Valis Guitars: una apuesta por la industria music tech desde la Regi\u00f3n\",\"datePublished\":\"2023-10-02T10:38:47+00:00\",\"dateModified\":\"2023-10-03T10:46:19+00:00\",\"mainEntityOfPage\":{\"@id\":\"https:\/\/dev.antudigital.cl\/sites\/vc\/valis-guitars-una-apuesta-por-la-industria-music-tech-desde-la-region\/\"},\"wordCount\":1499,\"image\":{\"@id\":\"https:\/\/dev.antudigital.cl\/sites\/vc\/valis-guitars-una-apuesta-por-la-industria-music-tech-desde-la-region\/#primaryimage\"},\"thumbnailUrl\":\"https:\/\/dev.antudigital.cl\/sites\/vc\/wp-content\/uploads\/2023\/10\/WhatsApp-Image-2023-09-28-at-10.31.21.jpeg\",\"articleSection\":[\"Blog\"],\"inLanguage\":\"es\"},{\"@type\":\"WebPage\",\"@id\":\"https:\/\/dev.antudigital.cl\/sites\/vc\/valis-guitars-una-apuesta-por-la-industria-music-tech-desde-la-region\/\",\"url\":\"https:\/\/dev.antudigital.cl\/sites\/vc\/valis-guitars-una-apuesta-por-la-industria-music-tech-desde-la-region\/\",\"name\":\"Valis Guitars: una apuesta por la industria music tech desde la Regi\u00f3n - Valpara\u00ed\u00adso Creativo\",\"isPartOf\":{\"@id\":\"https:\/\/dev.antudigital.cl\/sites\/vc\/#website\"},\"primaryImageOfPage\":{\"@id\":\"https:\/\/dev.antudigital.cl\/sites\/vc\/valis-guitars-una-apuesta-por-la-industria-music-tech-desde-la-region\/#primaryimage\"},\"image\":{\"@id\":\"https:\/\/dev.antudigital.cl\/sites\/vc\/valis-guitars-una-apuesta-por-la-industria-music-tech-desde-la-region\/#primaryimage\"},\"thumbnailUrl\":\"https:\/\/dev.antudigital.cl\/sites\/vc\/wp-content\/uploads\/2023\/10\/WhatsApp-Image-2023-09-28-at-10.31.21.jpeg\",\"datePublished\":\"2023-10-02T10:38:47+00:00\",\"dateModified\":\"2023-10-03T10:46:19+00:00\",\"author\":{\"@id\":\"https:\/\/dev.antudigital.cl\/sites\/vc\/#\/schema\/person\/c2b9da8dd545e27166fc5ab232837318\"},\"breadcrumb\":{\"@id\":\"https:\/\/dev.antudigital.cl\/sites\/vc\/valis-guitars-una-apuesta-por-la-industria-music-tech-desde-la-region\/#breadcrumb\"},\"inLanguage\":\"es\",\"potentialAction\":[{\"@type\":\"ReadAction\",\"target\":[\"https:\/\/dev.antudigital.cl\/sites\/vc\/valis-guitars-una-apuesta-por-la-industria-music-tech-desde-la-region\/\"]}]},{\"@type\":\"ImageObject\",\"inLanguage\":\"es\",\"@id\":\"https:\/\/dev.antudigital.cl\/sites\/vc\/valis-guitars-una-apuesta-por-la-industria-music-tech-desde-la-region\/#primaryimage\",\"url\":\"https:\/\/dev.antudigital.cl\/sites\/vc\/wp-content\/uploads\/2023\/10\/WhatsApp-Image-2023-09-28-at-10.31.21.jpeg\",\"contentUrl\":\"https:\/\/dev.antudigital.cl\/sites\/vc\/wp-content\/uploads\/2023\/10\/WhatsApp-Image-2023-09-28-at-10.31.21.jpeg\",\"width\":1408,\"height\":1056},{\"@type\":\"BreadcrumbList\",\"@id\":\"https:\/\/dev.antudigital.cl\/sites\/vc\/valis-guitars-una-apuesta-por-la-industria-music-tech-desde-la-region\/#breadcrumb\",\"itemListElement\":[{\"@type\":\"ListItem\",\"position\":1,\"name\":\"Home\",\"item\":\"https:\/\/dev.antudigital.cl\/sites\/vc\/\"},{\"@type\":\"ListItem\",\"position\":2,\"name\":\"Valis Guitars: una apuesta por la industria music tech desde la Regi\u00f3n\"}]},{\"@type\":\"WebSite\",\"@id\":\"https:\/\/dev.antudigital.cl\/sites\/vc\/#website\",\"url\":\"https:\/\/dev.antudigital.cl\/sites\/vc\/\",\"name\":\"Valpara\u00ed\u00adso Creativo\",\"description\":\"\",\"potentialAction\":[{\"@type\":\"SearchAction\",\"target\":{\"@type\":\"EntryPoint\",\"urlTemplate\":\"https:\/\/dev.antudigital.cl\/sites\/vc\/?s={search_term_string}\"},\"query-input\":{\"@type\":\"PropertyValueSpecification\",\"valueRequired\":true,\"valueName\":\"search_term_string\"}}],\"inLanguage\":\"es\"},{\"@type\":\"Person\",\"@id\":\"https:\/\/dev.antudigital.cl\/sites\/vc\/#\/schema\/person\/c2b9da8dd545e27166fc5ab232837318\",\"name\":\"Valpara\u00edso Creativo\",\"description\":\"Periodista de cultura en la Regi\u00f3n de Valpara\u00edso.\",\"url\":\"https:\/\/dev.antudigital.cl\/sites\/vc\/author\/valpoadmin\/\"}]}<\/script>\n<!-- \/ Yoast SEO plugin. -->","yoast_head_json":{"title":"Valis Guitars: una apuesta por la industria music tech desde la Regi\u00f3n - Valpara\u00ed\u00adso Creativo","robots":{"index":"index","follow":"follow","max-snippet":"max-snippet:-1","max-image-preview":"max-image-preview:large","max-video-preview":"max-video-preview:-1"},"canonical":"https:\/\/dev.antudigital.cl\/sites\/vc\/valis-guitars-una-apuesta-por-la-industria-music-tech-desde-la-region\/","og_locale":"es_ES","og_type":"article","og_title":"Valis Guitars: una apuesta por la industria music tech desde la Regi\u00f3n - Valpara\u00ed\u00adso Creativo","og_description":"Por: Valentinne Rudolphy Hugo Villarroel comenz\u00f3 probando suerte y tambi\u00e9n por cubrir un rol en el mundo de las ventas con Darkglass Electronics, otro proyecto en el que particip\u00f3 anteriormente. Hoy est\u00e1 a cargo de Valis Guitars desde esta misma arista, ahora como CEO de esta empresa que pretende llevar la competencia de guitarras de [&hellip;]","og_url":"https:\/\/dev.antudigital.cl\/sites\/vc\/valis-guitars-una-apuesta-por-la-industria-music-tech-desde-la-region\/","og_site_name":"Valpara\u00ed\u00adso Creativo","article_published_time":"2023-10-02T10:38:47+00:00","article_modified_time":"2023-10-03T10:46:19+00:00","og_image":[{"width":1408,"height":1056,"url":"https:\/\/dev.antudigital.cl\/sites\/vc\/wp-content\/uploads\/2023\/10\/WhatsApp-Image-2023-09-28-at-10.31.21.jpeg","type":"image\/jpeg"}],"author":"Valpara\u00edso Creativo","twitter_card":"summary_large_image","twitter_misc":{"Escrito por":"Valpara\u00edso Creativo","Tiempo de lectura":"7 minutos"},"schema":{"@context":"https:\/\/schema.org","@graph":[{"@type":"Article","@id":"https:\/\/dev.antudigital.cl\/sites\/vc\/valis-guitars-una-apuesta-por-la-industria-music-tech-desde-la-region\/#article","isPartOf":{"@id":"https:\/\/dev.antudigital.cl\/sites\/vc\/valis-guitars-una-apuesta-por-la-industria-music-tech-desde-la-region\/"},"author":{"name":"Valpara\u00edso Creativo","@id":"https:\/\/dev.antudigital.cl\/sites\/vc\/#\/schema\/person\/c2b9da8dd545e27166fc5ab232837318"},"headline":"Valis Guitars: una apuesta por la industria music tech desde la Regi\u00f3n","datePublished":"2023-10-02T10:38:47+00:00","dateModified":"2023-10-03T10:46:19+00:00","mainEntityOfPage":{"@id":"https:\/\/dev.antudigital.cl\/sites\/vc\/valis-guitars-una-apuesta-por-la-industria-music-tech-desde-la-region\/"},"wordCount":1499,"image":{"@id":"https:\/\/dev.antudigital.cl\/sites\/vc\/valis-guitars-una-apuesta-por-la-industria-music-tech-desde-la-region\/#primaryimage"},"thumbnailUrl":"https:\/\/dev.antudigital.cl\/sites\/vc\/wp-content\/uploads\/2023\/10\/WhatsApp-Image-2023-09-28-at-10.31.21.jpeg","articleSection":["Blog"],"inLanguage":"es"},{"@type":"WebPage","@id":"https:\/\/dev.antudigital.cl\/sites\/vc\/valis-guitars-una-apuesta-por-la-industria-music-tech-desde-la-region\/","url":"https:\/\/dev.antudigital.cl\/sites\/vc\/valis-guitars-una-apuesta-por-la-industria-music-tech-desde-la-region\/","name":"Valis Guitars: una apuesta por la industria music tech desde la Regi\u00f3n - Valpara\u00ed\u00adso Creativo","isPartOf":{"@id":"https:\/\/dev.antudigital.cl\/sites\/vc\/#website"},"primaryImageOfPage":{"@id":"https:\/\/dev.antudigital.cl\/sites\/vc\/valis-guitars-una-apuesta-por-la-industria-music-tech-desde-la-region\/#primaryimage"},"image":{"@id":"https:\/\/dev.antudigital.cl\/sites\/vc\/valis-guitars-una-apuesta-por-la-industria-music-tech-desde-la-region\/#primaryimage"},"thumbnailUrl":"https:\/\/dev.antudigital.cl\/sites\/vc\/wp-content\/uploads\/2023\/10\/WhatsApp-Image-2023-09-28-at-10.31.21.jpeg","datePublished":"2023-10-02T10:38:47+00:00","dateModified":"2023-10-03T10:46:19+00:00","author":{"@id":"https:\/\/dev.antudigital.cl\/sites\/vc\/#\/schema\/person\/c2b9da8dd545e27166fc5ab232837318"},"breadcrumb":{"@id":"https:\/\/dev.antudigital.cl\/sites\/vc\/valis-guitars-una-apuesta-por-la-industria-music-tech-desde-la-region\/#breadcrumb"},"inLanguage":"es","potentialAction":[{"@type":"ReadAction","target":["https:\/\/dev.antudigital.cl\/sites\/vc\/valis-guitars-una-apuesta-por-la-industria-music-tech-desde-la-region\/"]}]},{"@type":"ImageObject","inLanguage":"es","@id":"https:\/\/dev.antudigital.cl\/sites\/vc\/valis-guitars-una-apuesta-por-la-industria-music-tech-desde-la-region\/#primaryimage","url":"https:\/\/dev.antudigital.cl\/sites\/vc\/wp-content\/uploads\/2023\/10\/WhatsApp-Image-2023-09-28-at-10.31.21.jpeg","contentUrl":"https:\/\/dev.antudigital.cl\/sites\/vc\/wp-content\/uploads\/2023\/10\/WhatsApp-Image-2023-09-28-at-10.31.21.jpeg","width":1408,"height":1056},{"@type":"BreadcrumbList","@id":"https:\/\/dev.antudigital.cl\/sites\/vc\/valis-guitars-una-apuesta-por-la-industria-music-tech-desde-la-region\/#breadcrumb","itemListElement":[{"@type":"ListItem","position":1,"name":"Home","item":"https:\/\/dev.antudigital.cl\/sites\/vc\/"},{"@type":"ListItem","position":2,"name":"Valis Guitars: una apuesta por la industria music tech desde la Regi\u00f3n"}]},{"@type":"WebSite","@id":"https:\/\/dev.antudigital.cl\/sites\/vc\/#website","url":"https:\/\/dev.antudigital.cl\/sites\/vc\/","name":"Valpara\u00ed\u00adso Creativo","description":"","potentialAction":[{"@type":"SearchAction","target":{"@type":"EntryPoint","urlTemplate":"https:\/\/dev.antudigital.cl\/sites\/vc\/?s={search_term_string}"},"query-input":{"@type":"PropertyValueSpecification","valueRequired":true,"valueName":"search_term_string"}}],"inLanguage":"es"},{"@type":"Person","@id":"https:\/\/dev.antudigital.cl\/sites\/vc\/#\/schema\/person\/c2b9da8dd545e27166fc5ab232837318","name":"Valpara\u00edso Creativo","description":"Periodista de cultura en la Regi\u00f3n de Valpara\u00edso.","url":"https:\/\/dev.antudigital.cl\/sites\/vc\/author\/valpoadmin\/"}]}},"_links":{"self":[{"href":"https:\/\/dev.antudigital.cl\/sites\/vc\/wp-json\/wp\/v2\/posts\/17264","targetHints":{"allow":["GET"]}}],"collection":[{"href":"https:\/\/dev.antudigital.cl\/sites\/vc\/wp-json\/wp\/v2\/posts"}],"about":[{"href":"https:\/\/dev.antudigital.cl\/sites\/vc\/wp-json\/wp\/v2\/types\/post"}],"author":[{"embeddable":true,"href":"https:\/\/dev.antudigital.cl\/sites\/vc\/wp-json\/wp\/v2\/users\/1"}],"replies":[{"embeddable":true,"href":"https:\/\/dev.antudigital.cl\/sites\/vc\/wp-json\/wp\/v2\/comments?post=17264"}],"version-history":[{"count":2,"href":"https:\/\/dev.antudigital.cl\/sites\/vc\/wp-json\/wp\/v2\/posts\/17264\/revisions"}],"predecessor-version":[{"id":17281,"href":"https:\/\/dev.antudigital.cl\/sites\/vc\/wp-json\/wp\/v2\/posts\/17264\/revisions\/17281"}],"wp:featuredmedia":[{"embeddable":true,"href":"https:\/\/dev.antudigital.cl\/sites\/vc\/wp-json\/wp\/v2\/media\/17265"}],"wp:attachment":[{"href":"https:\/\/dev.antudigital.cl\/sites\/vc\/wp-json\/wp\/v2\/media?parent=17264"}],"wp:term":[{"taxonomy":"category","embeddable":true,"href":"https:\/\/dev.antudigital.cl\/sites\/vc\/wp-json\/wp\/v2\/categories?post=17264"},{"taxonomy":"post_tag","embeddable":true,"href":"https:\/\/dev.antudigital.cl\/sites\/vc\/wp-json\/wp\/v2\/tags?post=17264"}],"curies":[{"name":"wp","href":"https:\/\/api.w.org\/{rel}","templated":true}]}}