{"id":17328,"date":"2023-10-09T13:18:13","date_gmt":"2023-10-09T13:18:13","guid":{"rendered":"https:\/\/www.valparaisocreativo.cl\/?p=17328"},"modified":"2023-10-09T13:18:20","modified_gmt":"2023-10-09T13:18:20","slug":"para-amantes-de-la-fotografia-llega-arca-2023","status":"publish","type":"post","link":"https:\/\/dev.antudigital.cl\/sites\/vc\/para-amantes-de-la-fotografia-llega-arca-2023\/","title":{"rendered":"Para amantes de la fotograf\u00eda: llega ARCA 2023"},"content":{"rendered":"\n<p>En el marco de ARCA\u00a02023- 1er Encuentro de Fotograf\u00eda Estudiantil organizado por la Escuela de Fotograf\u00eda IP ARCOS Sede de Valpara\u00edso, se realizar\u00e1n tres conversatorios gratuitos que no te puedes perder.<\/p>\n\n\n\n<p>El encuentro se realizar\u00e1 los d\u00edas 11, 12 y 13 de octubre en la sede ubicada en \u00c1lvarez 2138- Vi\u00f1a del Mar.<\/p>\n\n\n\n<p>Conversatorio 1:<\/p>\n\n\n\n<p>\u00ab<strong>La fotograf\u00eda fuera del campo fotogr\u00e1fico: Arte, Ciencia y Tecnolog\u00eda\u00bb<\/strong><\/p>\n\n\n\n<p><strong>Natalia Calder\u00f3n<\/strong><\/p>\n\n\n\n<p>Mi\u00e9rcoles 11 de octubre 18:30<\/p>\n\n\n\n<p><strong>&#8211;<\/strong>&nbsp;Pensar&nbsp;la fotograf\u00eda fuera del campo fotogr\u00e1fico<\/p>\n\n\n\n<p>-La&nbsp;fotograf\u00eda: el cine y la ciencia.&nbsp;<\/p>\n\n\n\n<p>&nbsp;-La fotograf\u00eda como tema, como problema &nbsp;o como construcci\u00f3n misma del film.<\/p>\n\n\n\n<p>-La relaci\u00f3n ciencia-fotograf\u00eda en cuanto margen de la fotograf\u00eda art\u00edstica<\/p>\n\n\n\n<p>-L\u00edmites tradicionales que separan arte y ciencia.\u00a0<\/p>\n\n\n\n<figure class=\"wp-block-image size-large\"><img fetchpriority=\"high\" decoding=\"async\" width=\"1024\" height=\"1024\" src=\"https:\/\/www.valparaisocreativo.cl\/wp-content\/uploads\/2023\/10\/CONVERSATORIO-1.a-1024x1024.jpg\" alt=\"\" class=\"wp-image-17329\" srcset=\"https:\/\/dev.antudigital.cl\/sites\/vc\/wp-content\/uploads\/2023\/10\/CONVERSATORIO-1.a-1024x1024.jpg 1024w, https:\/\/dev.antudigital.cl\/sites\/vc\/wp-content\/uploads\/2023\/10\/CONVERSATORIO-1.a-300x300.jpg 300w, https:\/\/dev.antudigital.cl\/sites\/vc\/wp-content\/uploads\/2023\/10\/CONVERSATORIO-1.a-150x150.jpg 150w, https:\/\/dev.antudigital.cl\/sites\/vc\/wp-content\/uploads\/2023\/10\/CONVERSATORIO-1.a-768x768.jpg 768w, https:\/\/dev.antudigital.cl\/sites\/vc\/wp-content\/uploads\/2023\/10\/CONVERSATORIO-1.a-1536x1536.jpg 1536w, https:\/\/dev.antudigital.cl\/sites\/vc\/wp-content\/uploads\/2023\/10\/CONVERSATORIO-1.a-2048x2048.jpg 2048w, https:\/\/dev.antudigital.cl\/sites\/vc\/wp-content\/uploads\/2023\/10\/CONVERSATORIO-1.a-1080x1080.jpg 1080w, https:\/\/dev.antudigital.cl\/sites\/vc\/wp-content\/uploads\/2023\/10\/CONVERSATORIO-1.a-1280x1280.jpg 1280w, https:\/\/dev.antudigital.cl\/sites\/vc\/wp-content\/uploads\/2023\/10\/CONVERSATORIO-1.a-980x980.jpg 980w, https:\/\/dev.antudigital.cl\/sites\/vc\/wp-content\/uploads\/2023\/10\/CONVERSATORIO-1.a-480x480.jpg 480w, https:\/\/dev.antudigital.cl\/sites\/vc\/wp-content\/uploads\/2023\/10\/CONVERSATORIO-1.a-24x24.jpg 24w, https:\/\/dev.antudigital.cl\/sites\/vc\/wp-content\/uploads\/2023\/10\/CONVERSATORIO-1.a-36x36.jpg 36w, https:\/\/dev.antudigital.cl\/sites\/vc\/wp-content\/uploads\/2023\/10\/CONVERSATORIO-1.a-48x48.jpg 48w\" sizes=\"(max-width: 1024px) 100vw, 1024px\" \/><\/figure>\n\n\n\n<p>Conversatorio 2<\/p>\n\n\n\n<p><strong>La Fotograf\u00eda en Chile: El Estado de las Cosas<\/strong><\/p>\n\n\n\n<p><strong>Felipe Coddou<\/strong><\/p>\n\n\n\n<p>Jueves 12 de octubre 18:30<strong><\/strong><\/p>\n\n\n\n<p>&#8211; Antecedentes del apoyo desde el Estado<\/p>\n\n\n\n<p>&#8211; Estado de situaci\u00f3n actual<\/p>\n\n\n\n<p>&#8211; Visualizar un futuro<\/p>\n\n\n\n<figure class=\"wp-block-image size-large\"><img decoding=\"async\" width=\"1024\" height=\"1024\" src=\"https:\/\/www.valparaisocreativo.cl\/wp-content\/uploads\/2023\/10\/CONVERSATORIO-2.a-1024x1024.jpg\" alt=\"\" class=\"wp-image-17330\" srcset=\"https:\/\/dev.antudigital.cl\/sites\/vc\/wp-content\/uploads\/2023\/10\/CONVERSATORIO-2.a-1024x1024.jpg 1024w, https:\/\/dev.antudigital.cl\/sites\/vc\/wp-content\/uploads\/2023\/10\/CONVERSATORIO-2.a-300x300.jpg 300w, https:\/\/dev.antudigital.cl\/sites\/vc\/wp-content\/uploads\/2023\/10\/CONVERSATORIO-2.a-150x150.jpg 150w, https:\/\/dev.antudigital.cl\/sites\/vc\/wp-content\/uploads\/2023\/10\/CONVERSATORIO-2.a-768x768.jpg 768w, https:\/\/dev.antudigital.cl\/sites\/vc\/wp-content\/uploads\/2023\/10\/CONVERSATORIO-2.a-1536x1536.jpg 1536w, https:\/\/dev.antudigital.cl\/sites\/vc\/wp-content\/uploads\/2023\/10\/CONVERSATORIO-2.a-2048x2048.jpg 2048w, https:\/\/dev.antudigital.cl\/sites\/vc\/wp-content\/uploads\/2023\/10\/CONVERSATORIO-2.a-1080x1080.jpg 1080w, https:\/\/dev.antudigital.cl\/sites\/vc\/wp-content\/uploads\/2023\/10\/CONVERSATORIO-2.a-1280x1280.jpg 1280w, https:\/\/dev.antudigital.cl\/sites\/vc\/wp-content\/uploads\/2023\/10\/CONVERSATORIO-2.a-980x980.jpg 980w, https:\/\/dev.antudigital.cl\/sites\/vc\/wp-content\/uploads\/2023\/10\/CONVERSATORIO-2.a-480x480.jpg 480w, https:\/\/dev.antudigital.cl\/sites\/vc\/wp-content\/uploads\/2023\/10\/CONVERSATORIO-2.a-24x24.jpg 24w, https:\/\/dev.antudigital.cl\/sites\/vc\/wp-content\/uploads\/2023\/10\/CONVERSATORIO-2.a-36x36.jpg 36w, https:\/\/dev.antudigital.cl\/sites\/vc\/wp-content\/uploads\/2023\/10\/CONVERSATORIO-2.a-48x48.jpg 48w\" sizes=\"(max-width: 1024px) 100vw, 1024px\" \/><\/figure>\n\n\n\n<p>Conversatorio 3<\/p>\n\n\n\n<p><strong>\u00bfQU\u00c9 HA SIDO DE LA FOTOGRAF\u00cdA?<\/strong><\/p>\n\n\n\n<p><strong>Jos\u00e9 Pablo Concha<\/strong><\/p>\n\n\n\n<p>-Sobre el lenguaje fotogr\u00e1fico<\/p>\n\n\n\n<p>-Sobre la autor\u00eda<\/p>\n\n\n\n<p>-Sobre el libro de fotograf\u00edas<\/p>\n\n\n\n<p>Viernes 13 de octubre 18:30<\/p>\n\n\n\n<figure class=\"wp-block-image size-large\"><img decoding=\"async\" width=\"1024\" height=\"1024\" src=\"https:\/\/www.valparaisocreativo.cl\/wp-content\/uploads\/2023\/10\/CONVERSATORIO-3.a-1024x1024.jpg\" alt=\"\" class=\"wp-image-17331\" srcset=\"https:\/\/dev.antudigital.cl\/sites\/vc\/wp-content\/uploads\/2023\/10\/CONVERSATORIO-3.a-1024x1024.jpg 1024w, https:\/\/dev.antudigital.cl\/sites\/vc\/wp-content\/uploads\/2023\/10\/CONVERSATORIO-3.a-300x300.jpg 300w, https:\/\/dev.antudigital.cl\/sites\/vc\/wp-content\/uploads\/2023\/10\/CONVERSATORIO-3.a-150x150.jpg 150w, https:\/\/dev.antudigital.cl\/sites\/vc\/wp-content\/uploads\/2023\/10\/CONVERSATORIO-3.a-768x768.jpg 768w, https:\/\/dev.antudigital.cl\/sites\/vc\/wp-content\/uploads\/2023\/10\/CONVERSATORIO-3.a-1536x1536.jpg 1536w, https:\/\/dev.antudigital.cl\/sites\/vc\/wp-content\/uploads\/2023\/10\/CONVERSATORIO-3.a-2048x2048.jpg 2048w, https:\/\/dev.antudigital.cl\/sites\/vc\/wp-content\/uploads\/2023\/10\/CONVERSATORIO-3.a-1080x1080.jpg 1080w, https:\/\/dev.antudigital.cl\/sites\/vc\/wp-content\/uploads\/2023\/10\/CONVERSATORIO-3.a-1280x1280.jpg 1280w, https:\/\/dev.antudigital.cl\/sites\/vc\/wp-content\/uploads\/2023\/10\/CONVERSATORIO-3.a-980x980.jpg 980w, https:\/\/dev.antudigital.cl\/sites\/vc\/wp-content\/uploads\/2023\/10\/CONVERSATORIO-3.a-480x480.jpg 480w, https:\/\/dev.antudigital.cl\/sites\/vc\/wp-content\/uploads\/2023\/10\/CONVERSATORIO-3.a-24x24.jpg 24w, https:\/\/dev.antudigital.cl\/sites\/vc\/wp-content\/uploads\/2023\/10\/CONVERSATORIO-3.a-36x36.jpg 36w, https:\/\/dev.antudigital.cl\/sites\/vc\/wp-content\/uploads\/2023\/10\/CONVERSATORIO-3.a-48x48.jpg 48w\" sizes=\"(max-width: 1024px) 100vw, 1024px\" \/><\/figure>\n","protected":false},"excerpt":{"rendered":"<p>En el marco de ARCA\u00a02023- 1er Encuentro de Fotograf\u00eda Estudiantil organizado por la Escuela de Fotograf\u00eda IP ARCOS Sede de Valpara\u00edso, se realizar\u00e1n tres conversatorios gratuitos que no te puedes perder. El encuentro se realizar\u00e1 los d\u00edas 11, 12 y 13 de octubre en la sede ubicada en \u00c1lvarez 2138- Vi\u00f1a del Mar. Conversatorio 1: [&hellip;]<\/p>\n","protected":false},"author":1,"featured_media":17332,"comment_status":"closed","ping_status":"closed","sticky":false,"template":"","format":"standard","meta":{"_acf_changed":false,"footnotes":""},"categories":[1],"tags":[],"class_list":["post-17328","post","type-post","status-publish","format-standard","has-post-thumbnail","hentry","category-uncategorized"],"acf":[],"yoast_head":"<!-- This site is optimized with the Yoast SEO plugin v27.1.1 - https:\/\/yoast.com\/product\/yoast-seo-wordpress\/ -->\n<title>Para amantes de la fotograf\u00eda: llega ARCA 2023 - Valpara\u00ed\u00adso Creativo<\/title>\n<meta name=\"robots\" content=\"index, follow, max-snippet:-1, max-image-preview:large, max-video-preview:-1\" \/>\n<link rel=\"canonical\" href=\"https:\/\/dev.antudigital.cl\/sites\/vc\/para-amantes-de-la-fotografia-llega-arca-2023\/\" \/>\n<meta property=\"og:locale\" content=\"es_ES\" \/>\n<meta property=\"og:type\" content=\"article\" \/>\n<meta property=\"og:title\" content=\"Para amantes de la fotograf\u00eda: llega ARCA 2023 - Valpara\u00ed\u00adso Creativo\" \/>\n<meta property=\"og:description\" content=\"En el marco de ARCA\u00a02023- 1er Encuentro de Fotograf\u00eda Estudiantil organizado por la Escuela de Fotograf\u00eda IP ARCOS Sede de Valpara\u00edso, se realizar\u00e1n tres conversatorios gratuitos que no te puedes perder. El encuentro se realizar\u00e1 los d\u00edas 11, 12 y 13 de octubre en la sede ubicada en \u00c1lvarez 2138- Vi\u00f1a del Mar. Conversatorio 1: [&hellip;]\" \/>\n<meta property=\"og:url\" content=\"https:\/\/dev.antudigital.cl\/sites\/vc\/para-amantes-de-la-fotografia-llega-arca-2023\/\" \/>\n<meta property=\"og:site_name\" content=\"Valpara\u00ed\u00adso Creativo\" \/>\n<meta property=\"article:published_time\" content=\"2023-10-09T13:18:13+00:00\" \/>\n<meta property=\"article:modified_time\" content=\"2023-10-09T13:18:20+00:00\" \/>\n<meta property=\"og:image\" content=\"https:\/\/dev.antudigital.cl\/sites\/vc\/wp-content\/uploads\/2023\/10\/Captura-de-Pantalla-2023-10-09-a-las-10.16.04.png\" \/>\n\t<meta property=\"og:image:width\" content=\"539\" \/>\n\t<meta property=\"og:image:height\" content=\"341\" \/>\n\t<meta property=\"og:image:type\" content=\"image\/png\" \/>\n<meta name=\"author\" content=\"Valpara\u00edso Creativo\" \/>\n<meta name=\"twitter:card\" content=\"summary_large_image\" \/>\n<meta name=\"twitter:label1\" content=\"Escrito por\" \/>\n\t<meta name=\"twitter:data1\" content=\"Valpara\u00edso Creativo\" \/>\n\t<meta name=\"twitter:label2\" content=\"Tiempo de lectura\" \/>\n\t<meta name=\"twitter:data2\" content=\"2 minutos\" \/>\n<script type=\"application\/ld+json\" class=\"yoast-schema-graph\">{\"@context\":\"https:\/\/schema.org\",\"@graph\":[{\"@type\":\"Article\",\"@id\":\"https:\/\/dev.antudigital.cl\/sites\/vc\/para-amantes-de-la-fotografia-llega-arca-2023\/#article\",\"isPartOf\":{\"@id\":\"https:\/\/dev.antudigital.cl\/sites\/vc\/para-amantes-de-la-fotografia-llega-arca-2023\/\"},\"author\":{\"name\":\"Valpara\u00edso Creativo\",\"@id\":\"https:\/\/dev.antudigital.cl\/sites\/vc\/#\/schema\/person\/c2b9da8dd545e27166fc5ab232837318\"},\"headline\":\"Para amantes de la fotograf\u00eda: llega ARCA 2023\",\"datePublished\":\"2023-10-09T13:18:13+00:00\",\"dateModified\":\"2023-10-09T13:18:20+00:00\",\"mainEntityOfPage\":{\"@id\":\"https:\/\/dev.antudigital.cl\/sites\/vc\/para-amantes-de-la-fotografia-llega-arca-2023\/\"},\"wordCount\":208,\"image\":{\"@id\":\"https:\/\/dev.antudigital.cl\/sites\/vc\/para-amantes-de-la-fotografia-llega-arca-2023\/#primaryimage\"},\"thumbnailUrl\":\"https:\/\/dev.antudigital.cl\/sites\/vc\/wp-content\/uploads\/2023\/10\/Captura-de-Pantalla-2023-10-09-a-las-10.16.04.png\",\"articleSection\":[\"Uncategorized\"],\"inLanguage\":\"es\"},{\"@type\":\"WebPage\",\"@id\":\"https:\/\/dev.antudigital.cl\/sites\/vc\/para-amantes-de-la-fotografia-llega-arca-2023\/\",\"url\":\"https:\/\/dev.antudigital.cl\/sites\/vc\/para-amantes-de-la-fotografia-llega-arca-2023\/\",\"name\":\"Para amantes de la fotograf\u00eda: llega ARCA 2023 - Valpara\u00ed\u00adso Creativo\",\"isPartOf\":{\"@id\":\"https:\/\/dev.antudigital.cl\/sites\/vc\/#website\"},\"primaryImageOfPage\":{\"@id\":\"https:\/\/dev.antudigital.cl\/sites\/vc\/para-amantes-de-la-fotografia-llega-arca-2023\/#primaryimage\"},\"image\":{\"@id\":\"https:\/\/dev.antudigital.cl\/sites\/vc\/para-amantes-de-la-fotografia-llega-arca-2023\/#primaryimage\"},\"thumbnailUrl\":\"https:\/\/dev.antudigital.cl\/sites\/vc\/wp-content\/uploads\/2023\/10\/Captura-de-Pantalla-2023-10-09-a-las-10.16.04.png\",\"datePublished\":\"2023-10-09T13:18:13+00:00\",\"dateModified\":\"2023-10-09T13:18:20+00:00\",\"author\":{\"@id\":\"https:\/\/dev.antudigital.cl\/sites\/vc\/#\/schema\/person\/c2b9da8dd545e27166fc5ab232837318\"},\"breadcrumb\":{\"@id\":\"https:\/\/dev.antudigital.cl\/sites\/vc\/para-amantes-de-la-fotografia-llega-arca-2023\/#breadcrumb\"},\"inLanguage\":\"es\",\"potentialAction\":[{\"@type\":\"ReadAction\",\"target\":[\"https:\/\/dev.antudigital.cl\/sites\/vc\/para-amantes-de-la-fotografia-llega-arca-2023\/\"]}]},{\"@type\":\"ImageObject\",\"inLanguage\":\"es\",\"@id\":\"https:\/\/dev.antudigital.cl\/sites\/vc\/para-amantes-de-la-fotografia-llega-arca-2023\/#primaryimage\",\"url\":\"https:\/\/dev.antudigital.cl\/sites\/vc\/wp-content\/uploads\/2023\/10\/Captura-de-Pantalla-2023-10-09-a-las-10.16.04.png\",\"contentUrl\":\"https:\/\/dev.antudigital.cl\/sites\/vc\/wp-content\/uploads\/2023\/10\/Captura-de-Pantalla-2023-10-09-a-las-10.16.04.png\",\"width\":539,\"height\":341},{\"@type\":\"BreadcrumbList\",\"@id\":\"https:\/\/dev.antudigital.cl\/sites\/vc\/para-amantes-de-la-fotografia-llega-arca-2023\/#breadcrumb\",\"itemListElement\":[{\"@type\":\"ListItem\",\"position\":1,\"name\":\"Home\",\"item\":\"https:\/\/dev.antudigital.cl\/sites\/vc\/\"},{\"@type\":\"ListItem\",\"position\":2,\"name\":\"Para amantes de la fotograf\u00eda: llega ARCA 2023\"}]},{\"@type\":\"WebSite\",\"@id\":\"https:\/\/dev.antudigital.cl\/sites\/vc\/#website\",\"url\":\"https:\/\/dev.antudigital.cl\/sites\/vc\/\",\"name\":\"Valpara\u00ed\u00adso Creativo\",\"description\":\"\",\"potentialAction\":[{\"@type\":\"SearchAction\",\"target\":{\"@type\":\"EntryPoint\",\"urlTemplate\":\"https:\/\/dev.antudigital.cl\/sites\/vc\/?s={search_term_string}\"},\"query-input\":{\"@type\":\"PropertyValueSpecification\",\"valueRequired\":true,\"valueName\":\"search_term_string\"}}],\"inLanguage\":\"es\"},{\"@type\":\"Person\",\"@id\":\"https:\/\/dev.antudigital.cl\/sites\/vc\/#\/schema\/person\/c2b9da8dd545e27166fc5ab232837318\",\"name\":\"Valpara\u00edso Creativo\",\"description\":\"Periodista de cultura en la Regi\u00f3n de Valpara\u00edso.\",\"url\":\"https:\/\/dev.antudigital.cl\/sites\/vc\/author\/valpoadmin\/\"}]}<\/script>\n<!-- \/ Yoast SEO plugin. -->","yoast_head_json":{"title":"Para amantes de la fotograf\u00eda: llega ARCA 2023 - Valpara\u00ed\u00adso Creativo","robots":{"index":"index","follow":"follow","max-snippet":"max-snippet:-1","max-image-preview":"max-image-preview:large","max-video-preview":"max-video-preview:-1"},"canonical":"https:\/\/dev.antudigital.cl\/sites\/vc\/para-amantes-de-la-fotografia-llega-arca-2023\/","og_locale":"es_ES","og_type":"article","og_title":"Para amantes de la fotograf\u00eda: llega ARCA 2023 - Valpara\u00ed\u00adso Creativo","og_description":"En el marco de ARCA\u00a02023- 1er Encuentro de Fotograf\u00eda Estudiantil organizado por la Escuela de Fotograf\u00eda IP ARCOS Sede de Valpara\u00edso, se realizar\u00e1n tres conversatorios gratuitos que no te puedes perder. El encuentro se realizar\u00e1 los d\u00edas 11, 12 y 13 de octubre en la sede ubicada en \u00c1lvarez 2138- Vi\u00f1a del Mar. Conversatorio 1: [&hellip;]","og_url":"https:\/\/dev.antudigital.cl\/sites\/vc\/para-amantes-de-la-fotografia-llega-arca-2023\/","og_site_name":"Valpara\u00ed\u00adso Creativo","article_published_time":"2023-10-09T13:18:13+00:00","article_modified_time":"2023-10-09T13:18:20+00:00","og_image":[{"width":539,"height":341,"url":"https:\/\/dev.antudigital.cl\/sites\/vc\/wp-content\/uploads\/2023\/10\/Captura-de-Pantalla-2023-10-09-a-las-10.16.04.png","type":"image\/png"}],"author":"Valpara\u00edso Creativo","twitter_card":"summary_large_image","twitter_misc":{"Escrito por":"Valpara\u00edso Creativo","Tiempo de lectura":"2 minutos"},"schema":{"@context":"https:\/\/schema.org","@graph":[{"@type":"Article","@id":"https:\/\/dev.antudigital.cl\/sites\/vc\/para-amantes-de-la-fotografia-llega-arca-2023\/#article","isPartOf":{"@id":"https:\/\/dev.antudigital.cl\/sites\/vc\/para-amantes-de-la-fotografia-llega-arca-2023\/"},"author":{"name":"Valpara\u00edso Creativo","@id":"https:\/\/dev.antudigital.cl\/sites\/vc\/#\/schema\/person\/c2b9da8dd545e27166fc5ab232837318"},"headline":"Para amantes de la fotograf\u00eda: llega ARCA 2023","datePublished":"2023-10-09T13:18:13+00:00","dateModified":"2023-10-09T13:18:20+00:00","mainEntityOfPage":{"@id":"https:\/\/dev.antudigital.cl\/sites\/vc\/para-amantes-de-la-fotografia-llega-arca-2023\/"},"wordCount":208,"image":{"@id":"https:\/\/dev.antudigital.cl\/sites\/vc\/para-amantes-de-la-fotografia-llega-arca-2023\/#primaryimage"},"thumbnailUrl":"https:\/\/dev.antudigital.cl\/sites\/vc\/wp-content\/uploads\/2023\/10\/Captura-de-Pantalla-2023-10-09-a-las-10.16.04.png","articleSection":["Uncategorized"],"inLanguage":"es"},{"@type":"WebPage","@id":"https:\/\/dev.antudigital.cl\/sites\/vc\/para-amantes-de-la-fotografia-llega-arca-2023\/","url":"https:\/\/dev.antudigital.cl\/sites\/vc\/para-amantes-de-la-fotografia-llega-arca-2023\/","name":"Para amantes de la fotograf\u00eda: llega ARCA 2023 - Valpara\u00ed\u00adso Creativo","isPartOf":{"@id":"https:\/\/dev.antudigital.cl\/sites\/vc\/#website"},"primaryImageOfPage":{"@id":"https:\/\/dev.antudigital.cl\/sites\/vc\/para-amantes-de-la-fotografia-llega-arca-2023\/#primaryimage"},"image":{"@id":"https:\/\/dev.antudigital.cl\/sites\/vc\/para-amantes-de-la-fotografia-llega-arca-2023\/#primaryimage"},"thumbnailUrl":"https:\/\/dev.antudigital.cl\/sites\/vc\/wp-content\/uploads\/2023\/10\/Captura-de-Pantalla-2023-10-09-a-las-10.16.04.png","datePublished":"2023-10-09T13:18:13+00:00","dateModified":"2023-10-09T13:18:20+00:00","author":{"@id":"https:\/\/dev.antudigital.cl\/sites\/vc\/#\/schema\/person\/c2b9da8dd545e27166fc5ab232837318"},"breadcrumb":{"@id":"https:\/\/dev.antudigital.cl\/sites\/vc\/para-amantes-de-la-fotografia-llega-arca-2023\/#breadcrumb"},"inLanguage":"es","potentialAction":[{"@type":"ReadAction","target":["https:\/\/dev.antudigital.cl\/sites\/vc\/para-amantes-de-la-fotografia-llega-arca-2023\/"]}]},{"@type":"ImageObject","inLanguage":"es","@id":"https:\/\/dev.antudigital.cl\/sites\/vc\/para-amantes-de-la-fotografia-llega-arca-2023\/#primaryimage","url":"https:\/\/dev.antudigital.cl\/sites\/vc\/wp-content\/uploads\/2023\/10\/Captura-de-Pantalla-2023-10-09-a-las-10.16.04.png","contentUrl":"https:\/\/dev.antudigital.cl\/sites\/vc\/wp-content\/uploads\/2023\/10\/Captura-de-Pantalla-2023-10-09-a-las-10.16.04.png","width":539,"height":341},{"@type":"BreadcrumbList","@id":"https:\/\/dev.antudigital.cl\/sites\/vc\/para-amantes-de-la-fotografia-llega-arca-2023\/#breadcrumb","itemListElement":[{"@type":"ListItem","position":1,"name":"Home","item":"https:\/\/dev.antudigital.cl\/sites\/vc\/"},{"@type":"ListItem","position":2,"name":"Para amantes de la fotograf\u00eda: llega ARCA 2023"}]},{"@type":"WebSite","@id":"https:\/\/dev.antudigital.cl\/sites\/vc\/#website","url":"https:\/\/dev.antudigital.cl\/sites\/vc\/","name":"Valpara\u00ed\u00adso Creativo","description":"","potentialAction":[{"@type":"SearchAction","target":{"@type":"EntryPoint","urlTemplate":"https:\/\/dev.antudigital.cl\/sites\/vc\/?s={search_term_string}"},"query-input":{"@type":"PropertyValueSpecification","valueRequired":true,"valueName":"search_term_string"}}],"inLanguage":"es"},{"@type":"Person","@id":"https:\/\/dev.antudigital.cl\/sites\/vc\/#\/schema\/person\/c2b9da8dd545e27166fc5ab232837318","name":"Valpara\u00edso Creativo","description":"Periodista de cultura en la Regi\u00f3n de Valpara\u00edso.","url":"https:\/\/dev.antudigital.cl\/sites\/vc\/author\/valpoadmin\/"}]}},"_links":{"self":[{"href":"https:\/\/dev.antudigital.cl\/sites\/vc\/wp-json\/wp\/v2\/posts\/17328","targetHints":{"allow":["GET"]}}],"collection":[{"href":"https:\/\/dev.antudigital.cl\/sites\/vc\/wp-json\/wp\/v2\/posts"}],"about":[{"href":"https:\/\/dev.antudigital.cl\/sites\/vc\/wp-json\/wp\/v2\/types\/post"}],"author":[{"embeddable":true,"href":"https:\/\/dev.antudigital.cl\/sites\/vc\/wp-json\/wp\/v2\/users\/1"}],"replies":[{"embeddable":true,"href":"https:\/\/dev.antudigital.cl\/sites\/vc\/wp-json\/wp\/v2\/comments?post=17328"}],"version-history":[{"count":1,"href":"https:\/\/dev.antudigital.cl\/sites\/vc\/wp-json\/wp\/v2\/posts\/17328\/revisions"}],"predecessor-version":[{"id":17333,"href":"https:\/\/dev.antudigital.cl\/sites\/vc\/wp-json\/wp\/v2\/posts\/17328\/revisions\/17333"}],"wp:featuredmedia":[{"embeddable":true,"href":"https:\/\/dev.antudigital.cl\/sites\/vc\/wp-json\/wp\/v2\/media\/17332"}],"wp:attachment":[{"href":"https:\/\/dev.antudigital.cl\/sites\/vc\/wp-json\/wp\/v2\/media?parent=17328"}],"wp:term":[{"taxonomy":"category","embeddable":true,"href":"https:\/\/dev.antudigital.cl\/sites\/vc\/wp-json\/wp\/v2\/categories?post=17328"},{"taxonomy":"post_tag","embeddable":true,"href":"https:\/\/dev.antudigital.cl\/sites\/vc\/wp-json\/wp\/v2\/tags?post=17328"}],"curies":[{"name":"wp","href":"https:\/\/api.w.org\/{rel}","templated":true}]}}