{"id":17338,"date":"2023-10-09T13:29:46","date_gmt":"2023-10-09T13:29:46","guid":{"rendered":"https:\/\/www.valparaisocreativo.cl\/?p=17338"},"modified":"2023-10-09T13:29:51","modified_gmt":"2023-10-09T13:29:51","slug":"festival-de-percusion-protagonizado-por-mujeres-llega-a-quillota-limache-y-quilpue","status":"publish","type":"post","link":"https:\/\/dev.antudigital.cl\/sites\/vc\/festival-de-percusion-protagonizado-por-mujeres-llega-a-quillota-limache-y-quilpue\/","title":{"rendered":"Festival de Percusi\u00f3n protagonizado por mujeres llega a Quillota, Limache y Quilpu\u00e9"},"content":{"rendered":"\n<p>Quillota, Limache y Quilpu\u00e9 ser\u00e1n las comunas de la Regi\u00f3n de Valpara\u00edso que recibir\u00e1n a la Quinta Versi\u00f3n del Festival de Percusi\u00f3n, evento que re\u00fane a destacados exponentes de esta l\u00ednea musical y que, en esta oportunidad, contar\u00e1 con la participaci\u00f3n de solamente mujeres. El evento se realizar\u00e1 entre el 4 y 20 de octubre, sus tres jornadas ser\u00e1n gratuitas e incluir\u00e1 no solo conciertos en vivo, sino tambi\u00e9n actividades educativas con las artistas que se presentar\u00e1n en el certamen.<\/p>\n\n\n\n<p>El productor musical del festival, Marco Dom\u00ednguez Arroyo, se refiri\u00f3 a esta nueva versi\u00f3n del evento. \u201cEste certamen nace por sentirnos en la obligaci\u00f3n de dar continuidad a este festival que luego de la pandemia podemos volver a realizarlo en formato presencial. Y realizarlo en comunas del interior de la Regi\u00f3n de Valpara\u00edso significa para nosotros principalmente descentralizar las actividades art\u00edsticas y culturales, creando al mismo tiempo un p\u00fablico en dichos lugares\u201d, expres\u00f3 el organizador.<\/p>\n\n\n\n<p>Consultado por las novedades de esta quinta edici\u00f3n, el tambi\u00e9n m\u00fasico coment\u00f3 que \u201ctodos los festivales han tenido distintos formatos, logrando abordar un variado lenguaje de la percusi\u00f3n. \u00c9ste tiene la particularidad de que todas las m\u00fasicas son mujeres, el escenario ser\u00e1 de ellas. Desconozco si existe un evento de este formato con esta caracter\u00edstica\u201d.<\/p>\n\n\n\n<p>El Festival de Percusi\u00f3n comienza con una primera jornada doble los d\u00edas 3 y 4 de octubre en Quillota. La primera consiste en una intervenci\u00f3n callejera protagonizada por las m\u00fasicas Edita Rojas y Camila S\u00e1nchez, a las 18 horas, para continuar al d\u00eda siguiente en el auditorio del Centro Cultural \u201cLeopoldo Silva Reynoard\u201d de esta ciudad, con un concierto educativo y una presentaci\u00f3n musical a las 10 y 19 horas, respectivamente, donde tambi\u00e9n participar\u00e1n ambas artistas.<\/p>\n\n\n\n<p>La segunda fecha ser\u00e1 en Quilpu\u00e9 el 10 y 11 de octubre. El primer d\u00eda se realizar\u00e1 una nueva intervenci\u00f3n callejera por parte de las percusionistas Olga Carrasco y Kimberly Richards, quienes en la jornada siguiente tambi\u00e9n ofrecer\u00e1n un concierto educativo y un show musical, el primero a las 10 y el segundo a las 19 horas, en el Teatro Municipal de la Ciudad del Sol.<\/p>\n\n\n\n<p>Y la tercera y \u00faltima jornada se desarrollar\u00e1 en Limache, el 19 y 20 de octubre. La l\u00f3gica de las actividades ser\u00e1 la misma, el primer d\u00eda una intervenci\u00f3n art\u00edstica en la calle a las 18 horas, esta vez con la participaci\u00f3n de las m\u00fasicas Vania Calvil y Mar\u00eda Jos\u00e9 Opazo, para seguir el d\u00eda 20 de ese mes con un concierto educativo y una presentaci\u00f3n de m\u00fasica en vivo por parte de las mismas artistas, a las 10 y 19 horas, en el Sal\u00f3n de Artes Municipal, ubicado frente al Parque Brasil de esta comuna.<\/p>\n\n\n\n<p>Cabe recordar que todas las actividades del Festival de Percusi\u00f3n 2023 son gratuitas y las personas que deseen asistir solamente deben llegar y participar.&nbsp;<\/p>\n\n\n\n<p><a href=\"https:\/\/chilepercusion.cl\/\">Revisa todos los detalles en el siguiente link.<\/a><\/p>\n\n\n\n<figure class=\"wp-block-image size-full\"><img fetchpriority=\"high\" decoding=\"async\" width=\"580\" height=\"582\" src=\"https:\/\/www.valparaisocreativo.cl\/wp-content\/uploads\/2023\/10\/Captura-de-Pantalla-2023-10-09-a-las-10.26.51.png\" alt=\"\" class=\"wp-image-17339\" srcset=\"https:\/\/dev.antudigital.cl\/sites\/vc\/wp-content\/uploads\/2023\/10\/Captura-de-Pantalla-2023-10-09-a-las-10.26.51.png 580w, https:\/\/dev.antudigital.cl\/sites\/vc\/wp-content\/uploads\/2023\/10\/Captura-de-Pantalla-2023-10-09-a-las-10.26.51-300x300.png 300w, https:\/\/dev.antudigital.cl\/sites\/vc\/wp-content\/uploads\/2023\/10\/Captura-de-Pantalla-2023-10-09-a-las-10.26.51-150x150.png 150w, https:\/\/dev.antudigital.cl\/sites\/vc\/wp-content\/uploads\/2023\/10\/Captura-de-Pantalla-2023-10-09-a-las-10.26.51-480x482.png 480w, https:\/\/dev.antudigital.cl\/sites\/vc\/wp-content\/uploads\/2023\/10\/Captura-de-Pantalla-2023-10-09-a-las-10.26.51-24x24.png 24w, https:\/\/dev.antudigital.cl\/sites\/vc\/wp-content\/uploads\/2023\/10\/Captura-de-Pantalla-2023-10-09-a-las-10.26.51-36x36.png 36w, https:\/\/dev.antudigital.cl\/sites\/vc\/wp-content\/uploads\/2023\/10\/Captura-de-Pantalla-2023-10-09-a-las-10.26.51-48x48.png 48w\" sizes=\"(max-width: 580px) 100vw, 580px\" \/><\/figure>\n","protected":false},"excerpt":{"rendered":"<p>Quillota, Limache y Quilpu\u00e9 ser\u00e1n las comunas de la Regi\u00f3n de Valpara\u00edso que recibir\u00e1n a la Quinta Versi\u00f3n del Festival de Percusi\u00f3n, evento que re\u00fane a destacados exponentes de esta l\u00ednea musical y que, en esta oportunidad, contar\u00e1 con la participaci\u00f3n de solamente mujeres. El evento se realizar\u00e1 entre el 4 y 20 de octubre, [&hellip;]<\/p>\n","protected":false},"author":1,"featured_media":17340,"comment_status":"closed","ping_status":"closed","sticky":false,"template":"","format":"standard","meta":{"_acf_changed":false,"footnotes":""},"categories":[1],"tags":[],"class_list":["post-17338","post","type-post","status-publish","format-standard","has-post-thumbnail","hentry","category-uncategorized"],"acf":[],"yoast_head":"<!-- This site is optimized with the Yoast SEO plugin v27.1.1 - https:\/\/yoast.com\/product\/yoast-seo-wordpress\/ -->\n<title>Festival de Percusi\u00f3n protagonizado por mujeres llega a Quillota, Limache y Quilpu\u00e9 - Valpara\u00ed\u00adso Creativo<\/title>\n<meta name=\"robots\" content=\"index, follow, max-snippet:-1, max-image-preview:large, max-video-preview:-1\" \/>\n<link rel=\"canonical\" href=\"https:\/\/dev.antudigital.cl\/sites\/vc\/festival-de-percusion-protagonizado-por-mujeres-llega-a-quillota-limache-y-quilpue\/\" \/>\n<meta property=\"og:locale\" content=\"es_ES\" \/>\n<meta property=\"og:type\" content=\"article\" \/>\n<meta property=\"og:title\" content=\"Festival de Percusi\u00f3n protagonizado por mujeres llega a Quillota, Limache y Quilpu\u00e9 - Valpara\u00ed\u00adso Creativo\" \/>\n<meta property=\"og:description\" content=\"Quillota, Limache y Quilpu\u00e9 ser\u00e1n las comunas de la Regi\u00f3n de Valpara\u00edso que recibir\u00e1n a la Quinta Versi\u00f3n del Festival de Percusi\u00f3n, evento que re\u00fane a destacados exponentes de esta l\u00ednea musical y que, en esta oportunidad, contar\u00e1 con la participaci\u00f3n de solamente mujeres. El evento se realizar\u00e1 entre el 4 y 20 de octubre, [&hellip;]\" \/>\n<meta property=\"og:url\" content=\"https:\/\/dev.antudigital.cl\/sites\/vc\/festival-de-percusion-protagonizado-por-mujeres-llega-a-quillota-limache-y-quilpue\/\" \/>\n<meta property=\"og:site_name\" content=\"Valpara\u00ed\u00adso Creativo\" \/>\n<meta property=\"article:published_time\" content=\"2023-10-09T13:29:46+00:00\" \/>\n<meta property=\"article:modified_time\" content=\"2023-10-09T13:29:51+00:00\" \/>\n<meta property=\"og:image\" content=\"https:\/\/dev.antudigital.cl\/sites\/vc\/wp-content\/uploads\/2023\/10\/Captura-de-Pantalla-2023-10-09-a-las-10.28.27.png\" \/>\n\t<meta property=\"og:image:width\" content=\"571\" \/>\n\t<meta property=\"og:image:height\" content=\"234\" \/>\n\t<meta property=\"og:image:type\" content=\"image\/png\" \/>\n<meta name=\"author\" content=\"Valpara\u00edso Creativo\" \/>\n<meta name=\"twitter:card\" content=\"summary_large_image\" \/>\n<meta name=\"twitter:label1\" content=\"Escrito por\" \/>\n\t<meta name=\"twitter:data1\" content=\"Valpara\u00edso Creativo\" \/>\n\t<meta name=\"twitter:label2\" content=\"Tiempo de lectura\" \/>\n\t<meta name=\"twitter:data2\" content=\"3 minutos\" \/>\n<script type=\"application\/ld+json\" class=\"yoast-schema-graph\">{\"@context\":\"https:\/\/schema.org\",\"@graph\":[{\"@type\":\"Article\",\"@id\":\"https:\/\/dev.antudigital.cl\/sites\/vc\/festival-de-percusion-protagonizado-por-mujeres-llega-a-quillota-limache-y-quilpue\/#article\",\"isPartOf\":{\"@id\":\"https:\/\/dev.antudigital.cl\/sites\/vc\/festival-de-percusion-protagonizado-por-mujeres-llega-a-quillota-limache-y-quilpue\/\"},\"author\":{\"name\":\"Valpara\u00edso Creativo\",\"@id\":\"https:\/\/dev.antudigital.cl\/sites\/vc\/#\/schema\/person\/c2b9da8dd545e27166fc5ab232837318\"},\"headline\":\"Festival de Percusi\u00f3n protagonizado por mujeres llega a Quillota, Limache y Quilpu\u00e9\",\"datePublished\":\"2023-10-09T13:29:46+00:00\",\"dateModified\":\"2023-10-09T13:29:51+00:00\",\"mainEntityOfPage\":{\"@id\":\"https:\/\/dev.antudigital.cl\/sites\/vc\/festival-de-percusion-protagonizado-por-mujeres-llega-a-quillota-limache-y-quilpue\/\"},\"wordCount\":526,\"image\":{\"@id\":\"https:\/\/dev.antudigital.cl\/sites\/vc\/festival-de-percusion-protagonizado-por-mujeres-llega-a-quillota-limache-y-quilpue\/#primaryimage\"},\"thumbnailUrl\":\"https:\/\/dev.antudigital.cl\/sites\/vc\/wp-content\/uploads\/2023\/10\/Captura-de-Pantalla-2023-10-09-a-las-10.28.27.png\",\"articleSection\":[\"Uncategorized\"],\"inLanguage\":\"es\"},{\"@type\":\"WebPage\",\"@id\":\"https:\/\/dev.antudigital.cl\/sites\/vc\/festival-de-percusion-protagonizado-por-mujeres-llega-a-quillota-limache-y-quilpue\/\",\"url\":\"https:\/\/dev.antudigital.cl\/sites\/vc\/festival-de-percusion-protagonizado-por-mujeres-llega-a-quillota-limache-y-quilpue\/\",\"name\":\"Festival de Percusi\u00f3n protagonizado por mujeres llega a Quillota, Limache y Quilpu\u00e9 - Valpara\u00ed\u00adso Creativo\",\"isPartOf\":{\"@id\":\"https:\/\/dev.antudigital.cl\/sites\/vc\/#website\"},\"primaryImageOfPage\":{\"@id\":\"https:\/\/dev.antudigital.cl\/sites\/vc\/festival-de-percusion-protagonizado-por-mujeres-llega-a-quillota-limache-y-quilpue\/#primaryimage\"},\"image\":{\"@id\":\"https:\/\/dev.antudigital.cl\/sites\/vc\/festival-de-percusion-protagonizado-por-mujeres-llega-a-quillota-limache-y-quilpue\/#primaryimage\"},\"thumbnailUrl\":\"https:\/\/dev.antudigital.cl\/sites\/vc\/wp-content\/uploads\/2023\/10\/Captura-de-Pantalla-2023-10-09-a-las-10.28.27.png\",\"datePublished\":\"2023-10-09T13:29:46+00:00\",\"dateModified\":\"2023-10-09T13:29:51+00:00\",\"author\":{\"@id\":\"https:\/\/dev.antudigital.cl\/sites\/vc\/#\/schema\/person\/c2b9da8dd545e27166fc5ab232837318\"},\"breadcrumb\":{\"@id\":\"https:\/\/dev.antudigital.cl\/sites\/vc\/festival-de-percusion-protagonizado-por-mujeres-llega-a-quillota-limache-y-quilpue\/#breadcrumb\"},\"inLanguage\":\"es\",\"potentialAction\":[{\"@type\":\"ReadAction\",\"target\":[\"https:\/\/dev.antudigital.cl\/sites\/vc\/festival-de-percusion-protagonizado-por-mujeres-llega-a-quillota-limache-y-quilpue\/\"]}]},{\"@type\":\"ImageObject\",\"inLanguage\":\"es\",\"@id\":\"https:\/\/dev.antudigital.cl\/sites\/vc\/festival-de-percusion-protagonizado-por-mujeres-llega-a-quillota-limache-y-quilpue\/#primaryimage\",\"url\":\"https:\/\/dev.antudigital.cl\/sites\/vc\/wp-content\/uploads\/2023\/10\/Captura-de-Pantalla-2023-10-09-a-las-10.28.27.png\",\"contentUrl\":\"https:\/\/dev.antudigital.cl\/sites\/vc\/wp-content\/uploads\/2023\/10\/Captura-de-Pantalla-2023-10-09-a-las-10.28.27.png\",\"width\":571,\"height\":234},{\"@type\":\"BreadcrumbList\",\"@id\":\"https:\/\/dev.antudigital.cl\/sites\/vc\/festival-de-percusion-protagonizado-por-mujeres-llega-a-quillota-limache-y-quilpue\/#breadcrumb\",\"itemListElement\":[{\"@type\":\"ListItem\",\"position\":1,\"name\":\"Home\",\"item\":\"https:\/\/dev.antudigital.cl\/sites\/vc\/\"},{\"@type\":\"ListItem\",\"position\":2,\"name\":\"Festival de Percusi\u00f3n protagonizado por mujeres llega a Quillota, Limache y Quilpu\u00e9\"}]},{\"@type\":\"WebSite\",\"@id\":\"https:\/\/dev.antudigital.cl\/sites\/vc\/#website\",\"url\":\"https:\/\/dev.antudigital.cl\/sites\/vc\/\",\"name\":\"Valpara\u00ed\u00adso Creativo\",\"description\":\"\",\"potentialAction\":[{\"@type\":\"SearchAction\",\"target\":{\"@type\":\"EntryPoint\",\"urlTemplate\":\"https:\/\/dev.antudigital.cl\/sites\/vc\/?s={search_term_string}\"},\"query-input\":{\"@type\":\"PropertyValueSpecification\",\"valueRequired\":true,\"valueName\":\"search_term_string\"}}],\"inLanguage\":\"es\"},{\"@type\":\"Person\",\"@id\":\"https:\/\/dev.antudigital.cl\/sites\/vc\/#\/schema\/person\/c2b9da8dd545e27166fc5ab232837318\",\"name\":\"Valpara\u00edso Creativo\",\"description\":\"Periodista de cultura en la Regi\u00f3n de Valpara\u00edso.\",\"url\":\"https:\/\/dev.antudigital.cl\/sites\/vc\/author\/valpoadmin\/\"}]}<\/script>\n<!-- \/ Yoast SEO plugin. -->","yoast_head_json":{"title":"Festival de Percusi\u00f3n protagonizado por mujeres llega a Quillota, Limache y Quilpu\u00e9 - Valpara\u00ed\u00adso Creativo","robots":{"index":"index","follow":"follow","max-snippet":"max-snippet:-1","max-image-preview":"max-image-preview:large","max-video-preview":"max-video-preview:-1"},"canonical":"https:\/\/dev.antudigital.cl\/sites\/vc\/festival-de-percusion-protagonizado-por-mujeres-llega-a-quillota-limache-y-quilpue\/","og_locale":"es_ES","og_type":"article","og_title":"Festival de Percusi\u00f3n protagonizado por mujeres llega a Quillota, Limache y Quilpu\u00e9 - Valpara\u00ed\u00adso Creativo","og_description":"Quillota, Limache y Quilpu\u00e9 ser\u00e1n las comunas de la Regi\u00f3n de Valpara\u00edso que recibir\u00e1n a la Quinta Versi\u00f3n del Festival de Percusi\u00f3n, evento que re\u00fane a destacados exponentes de esta l\u00ednea musical y que, en esta oportunidad, contar\u00e1 con la participaci\u00f3n de solamente mujeres. El evento se realizar\u00e1 entre el 4 y 20 de octubre, [&hellip;]","og_url":"https:\/\/dev.antudigital.cl\/sites\/vc\/festival-de-percusion-protagonizado-por-mujeres-llega-a-quillota-limache-y-quilpue\/","og_site_name":"Valpara\u00ed\u00adso Creativo","article_published_time":"2023-10-09T13:29:46+00:00","article_modified_time":"2023-10-09T13:29:51+00:00","og_image":[{"width":571,"height":234,"url":"https:\/\/dev.antudigital.cl\/sites\/vc\/wp-content\/uploads\/2023\/10\/Captura-de-Pantalla-2023-10-09-a-las-10.28.27.png","type":"image\/png"}],"author":"Valpara\u00edso Creativo","twitter_card":"summary_large_image","twitter_misc":{"Escrito por":"Valpara\u00edso Creativo","Tiempo de lectura":"3 minutos"},"schema":{"@context":"https:\/\/schema.org","@graph":[{"@type":"Article","@id":"https:\/\/dev.antudigital.cl\/sites\/vc\/festival-de-percusion-protagonizado-por-mujeres-llega-a-quillota-limache-y-quilpue\/#article","isPartOf":{"@id":"https:\/\/dev.antudigital.cl\/sites\/vc\/festival-de-percusion-protagonizado-por-mujeres-llega-a-quillota-limache-y-quilpue\/"},"author":{"name":"Valpara\u00edso Creativo","@id":"https:\/\/dev.antudigital.cl\/sites\/vc\/#\/schema\/person\/c2b9da8dd545e27166fc5ab232837318"},"headline":"Festival de Percusi\u00f3n protagonizado por mujeres llega a Quillota, Limache y Quilpu\u00e9","datePublished":"2023-10-09T13:29:46+00:00","dateModified":"2023-10-09T13:29:51+00:00","mainEntityOfPage":{"@id":"https:\/\/dev.antudigital.cl\/sites\/vc\/festival-de-percusion-protagonizado-por-mujeres-llega-a-quillota-limache-y-quilpue\/"},"wordCount":526,"image":{"@id":"https:\/\/dev.antudigital.cl\/sites\/vc\/festival-de-percusion-protagonizado-por-mujeres-llega-a-quillota-limache-y-quilpue\/#primaryimage"},"thumbnailUrl":"https:\/\/dev.antudigital.cl\/sites\/vc\/wp-content\/uploads\/2023\/10\/Captura-de-Pantalla-2023-10-09-a-las-10.28.27.png","articleSection":["Uncategorized"],"inLanguage":"es"},{"@type":"WebPage","@id":"https:\/\/dev.antudigital.cl\/sites\/vc\/festival-de-percusion-protagonizado-por-mujeres-llega-a-quillota-limache-y-quilpue\/","url":"https:\/\/dev.antudigital.cl\/sites\/vc\/festival-de-percusion-protagonizado-por-mujeres-llega-a-quillota-limache-y-quilpue\/","name":"Festival de Percusi\u00f3n protagonizado por mujeres llega a Quillota, Limache y Quilpu\u00e9 - Valpara\u00ed\u00adso Creativo","isPartOf":{"@id":"https:\/\/dev.antudigital.cl\/sites\/vc\/#website"},"primaryImageOfPage":{"@id":"https:\/\/dev.antudigital.cl\/sites\/vc\/festival-de-percusion-protagonizado-por-mujeres-llega-a-quillota-limache-y-quilpue\/#primaryimage"},"image":{"@id":"https:\/\/dev.antudigital.cl\/sites\/vc\/festival-de-percusion-protagonizado-por-mujeres-llega-a-quillota-limache-y-quilpue\/#primaryimage"},"thumbnailUrl":"https:\/\/dev.antudigital.cl\/sites\/vc\/wp-content\/uploads\/2023\/10\/Captura-de-Pantalla-2023-10-09-a-las-10.28.27.png","datePublished":"2023-10-09T13:29:46+00:00","dateModified":"2023-10-09T13:29:51+00:00","author":{"@id":"https:\/\/dev.antudigital.cl\/sites\/vc\/#\/schema\/person\/c2b9da8dd545e27166fc5ab232837318"},"breadcrumb":{"@id":"https:\/\/dev.antudigital.cl\/sites\/vc\/festival-de-percusion-protagonizado-por-mujeres-llega-a-quillota-limache-y-quilpue\/#breadcrumb"},"inLanguage":"es","potentialAction":[{"@type":"ReadAction","target":["https:\/\/dev.antudigital.cl\/sites\/vc\/festival-de-percusion-protagonizado-por-mujeres-llega-a-quillota-limache-y-quilpue\/"]}]},{"@type":"ImageObject","inLanguage":"es","@id":"https:\/\/dev.antudigital.cl\/sites\/vc\/festival-de-percusion-protagonizado-por-mujeres-llega-a-quillota-limache-y-quilpue\/#primaryimage","url":"https:\/\/dev.antudigital.cl\/sites\/vc\/wp-content\/uploads\/2023\/10\/Captura-de-Pantalla-2023-10-09-a-las-10.28.27.png","contentUrl":"https:\/\/dev.antudigital.cl\/sites\/vc\/wp-content\/uploads\/2023\/10\/Captura-de-Pantalla-2023-10-09-a-las-10.28.27.png","width":571,"height":234},{"@type":"BreadcrumbList","@id":"https:\/\/dev.antudigital.cl\/sites\/vc\/festival-de-percusion-protagonizado-por-mujeres-llega-a-quillota-limache-y-quilpue\/#breadcrumb","itemListElement":[{"@type":"ListItem","position":1,"name":"Home","item":"https:\/\/dev.antudigital.cl\/sites\/vc\/"},{"@type":"ListItem","position":2,"name":"Festival de Percusi\u00f3n protagonizado por mujeres llega a Quillota, Limache y Quilpu\u00e9"}]},{"@type":"WebSite","@id":"https:\/\/dev.antudigital.cl\/sites\/vc\/#website","url":"https:\/\/dev.antudigital.cl\/sites\/vc\/","name":"Valpara\u00ed\u00adso Creativo","description":"","potentialAction":[{"@type":"SearchAction","target":{"@type":"EntryPoint","urlTemplate":"https:\/\/dev.antudigital.cl\/sites\/vc\/?s={search_term_string}"},"query-input":{"@type":"PropertyValueSpecification","valueRequired":true,"valueName":"search_term_string"}}],"inLanguage":"es"},{"@type":"Person","@id":"https:\/\/dev.antudigital.cl\/sites\/vc\/#\/schema\/person\/c2b9da8dd545e27166fc5ab232837318","name":"Valpara\u00edso Creativo","description":"Periodista de cultura en la Regi\u00f3n de Valpara\u00edso.","url":"https:\/\/dev.antudigital.cl\/sites\/vc\/author\/valpoadmin\/"}]}},"_links":{"self":[{"href":"https:\/\/dev.antudigital.cl\/sites\/vc\/wp-json\/wp\/v2\/posts\/17338","targetHints":{"allow":["GET"]}}],"collection":[{"href":"https:\/\/dev.antudigital.cl\/sites\/vc\/wp-json\/wp\/v2\/posts"}],"about":[{"href":"https:\/\/dev.antudigital.cl\/sites\/vc\/wp-json\/wp\/v2\/types\/post"}],"author":[{"embeddable":true,"href":"https:\/\/dev.antudigital.cl\/sites\/vc\/wp-json\/wp\/v2\/users\/1"}],"replies":[{"embeddable":true,"href":"https:\/\/dev.antudigital.cl\/sites\/vc\/wp-json\/wp\/v2\/comments?post=17338"}],"version-history":[{"count":1,"href":"https:\/\/dev.antudigital.cl\/sites\/vc\/wp-json\/wp\/v2\/posts\/17338\/revisions"}],"predecessor-version":[{"id":17341,"href":"https:\/\/dev.antudigital.cl\/sites\/vc\/wp-json\/wp\/v2\/posts\/17338\/revisions\/17341"}],"wp:featuredmedia":[{"embeddable":true,"href":"https:\/\/dev.antudigital.cl\/sites\/vc\/wp-json\/wp\/v2\/media\/17340"}],"wp:attachment":[{"href":"https:\/\/dev.antudigital.cl\/sites\/vc\/wp-json\/wp\/v2\/media?parent=17338"}],"wp:term":[{"taxonomy":"category","embeddable":true,"href":"https:\/\/dev.antudigital.cl\/sites\/vc\/wp-json\/wp\/v2\/categories?post=17338"},{"taxonomy":"post_tag","embeddable":true,"href":"https:\/\/dev.antudigital.cl\/sites\/vc\/wp-json\/wp\/v2\/tags?post=17338"}],"curies":[{"name":"wp","href":"https:\/\/api.w.org\/{rel}","templated":true}]}}