{"id":17348,"date":"2023-10-09T13:41:37","date_gmt":"2023-10-09T13:41:37","guid":{"rendered":"https:\/\/www.valparaisocreativo.cl\/?p=17348"},"modified":"2023-10-09T13:41:43","modified_gmt":"2023-10-09T13:41:43","slug":"esta-semana-una-nueva-edicion-del-festival-hazla-corta","status":"publish","type":"post","link":"https:\/\/dev.antudigital.cl\/sites\/vc\/esta-semana-una-nueva-edicion-del-festival-hazla-corta\/","title":{"rendered":"Esta semana: una nueva edici\u00f3n del Festival \u00abHazla corta\u00bb"},"content":{"rendered":"\n<p><strong>El pr\u00f3ximo 12, 13 y 14 de octubre, Vi\u00f1a del Mar: <\/strong>38 cortometrajes inscritos, alrededor de 12 colegios de toda la regi\u00f3n de Valpara\u00edso, curadores para la preselecci\u00f3n y un destacado equipo de jurados, ser\u00e1n los protagonistas de la 3era versi\u00f3n del Festival Hazla Corta 2023.&nbsp;<\/p>\n\n\n\n<p>En esta oportunidad, durante el semestre se realizaron talleres audiovisuales de fotograf\u00eda, escritura creativa y artes, dictados por el equipo t\u00e9cnico del festival. Con el prop\u00f3sito de capacitar a los estudiantes y as\u00ed competir con las herramientas necesarias para la creaci\u00f3n de sus cortometrajes, fomentando sus visiones personales y art\u00edsticas.&nbsp;&nbsp;<\/p>\n\n\n\n<p>El festival \u201cHazla Corta\u201d est\u00e1 enfocado para j\u00f3venes que est\u00e9n cursando la ense\u00f1anza media, con el sentido de fomentar en ellos la creaci\u00f3n de obras audiovisuales creativas y as\u00ed puedan inmiscuirse en los primeros procesos de producci\u00f3n de sus cortometrajes. Este certamen nace hace dos a\u00f1os, el primero de ellos de manera remota, dando inicio a este proyecto producido por estudiantes universitarios de la carrera de Cine y Comunicaci\u00f3n Audiovisual de la Universidad Vi\u00f1a del Mar.&nbsp;&nbsp;<\/p>\n\n\n\n<p>En esta 3era edici\u00f3n del festival participar\u00e1n 12 colegios de la regi\u00f3n con sus respectivos representantes, quienes trabajaron conjuntamente con el equipo t\u00e9cnico en los talleres ya mencionados. Los colegios a participar en esta ocasi\u00f3n son: <em>Colegio Internacional SEK del Pac\u00edfico de Conc\u00f3n, Bethel de las Artes de Quilpu\u00e9, Charles Darwin de Villa Alemana, Seminario San Rafael de Valpara\u00edso, Colegio San Pedro Nolasco de Quillota, Liceo Bicentenario de Vi\u00f1a del Mar, Instituto Rafael Arizt\u00eda de Quillota y La Calera. <\/em>&nbsp;&nbsp;<\/p>\n\n\n\n<p>El equipo de jurados lo componen expertos en cine y la cultura regional, como productores, acad\u00e9micos e integrantes de la Escuela de Arquitectura, Comunicaciones y Dise\u00f1o. Ellos ser\u00e1n los encargados de evaluar y seleccionar al cortometraje ganador, gui\u00e1ndose de las bases del festival.&nbsp;&nbsp;<\/p>\n\n\n\n<p>La exhibici\u00f3n de las obras seleccionadas se har\u00e1n en el Auditorio de la Universidad Vi\u00f1a del Mar (Direcci\u00f3n: Portales #90, Vi\u00f1a del Mar) el d\u00eda Jueves 12 y Viernes 13 de Octubre. La premiaci\u00f3n se har\u00e1 el d\u00eda \u00faltimo d\u00eda del festival, el S\u00e1bado 14 de octubre en el Palacio Rioja, en la Sala Aldo Francia (Direcci\u00f3n: Quillota #214, Vi\u00f1a del Mar). Los horarios oportunamente ser\u00e1n confirmados.&nbsp;&nbsp;<\/p>\n\n\n\n<p>La informaci\u00f3n completa se puede encontrar en <a href=\"http:\/\/www.festivalhazlacorta.com\">www.festivalhazlacorta.com<\/a> y a trav\u00e9s nuestro Instagram <a href=\"https:\/\/www.instagram.com\/hazlacortafestival\/\">https:\/\/www.instagram.com\/hazlacortafestival\/<\/a>.\u00a0<\/p>\n\n\n\n<figure class=\"wp-block-image size-full\"><img fetchpriority=\"high\" decoding=\"async\" width=\"463\" height=\"545\" src=\"https:\/\/www.valparaisocreativo.cl\/wp-content\/uploads\/2023\/10\/Captura-de-Pantalla-2023-10-09-a-las-10.38.12.png\" alt=\"\" class=\"wp-image-17349\" srcset=\"https:\/\/dev.antudigital.cl\/sites\/vc\/wp-content\/uploads\/2023\/10\/Captura-de-Pantalla-2023-10-09-a-las-10.38.12.png 463w, https:\/\/dev.antudigital.cl\/sites\/vc\/wp-content\/uploads\/2023\/10\/Captura-de-Pantalla-2023-10-09-a-las-10.38.12-255x300.png 255w, https:\/\/dev.antudigital.cl\/sites\/vc\/wp-content\/uploads\/2023\/10\/Captura-de-Pantalla-2023-10-09-a-las-10.38.12-20x24.png 20w, https:\/\/dev.antudigital.cl\/sites\/vc\/wp-content\/uploads\/2023\/10\/Captura-de-Pantalla-2023-10-09-a-las-10.38.12-31x36.png 31w, https:\/\/dev.antudigital.cl\/sites\/vc\/wp-content\/uploads\/2023\/10\/Captura-de-Pantalla-2023-10-09-a-las-10.38.12-41x48.png 41w\" sizes=\"(max-width: 463px) 100vw, 463px\" \/><\/figure>\n","protected":false},"excerpt":{"rendered":"<p>El pr\u00f3ximo 12, 13 y 14 de octubre, Vi\u00f1a del Mar: 38 cortometrajes inscritos, alrededor de 12 colegios de toda la regi\u00f3n de Valpara\u00edso, curadores para la preselecci\u00f3n y un destacado equipo de jurados, ser\u00e1n los protagonistas de la 3era versi\u00f3n del Festival Hazla Corta 2023.&nbsp; En esta oportunidad, durante el semestre se realizaron talleres [&hellip;]<\/p>\n","protected":false},"author":1,"featured_media":17350,"comment_status":"closed","ping_status":"closed","sticky":false,"template":"","format":"standard","meta":{"_acf_changed":false,"footnotes":""},"categories":[1],"tags":[],"class_list":["post-17348","post","type-post","status-publish","format-standard","has-post-thumbnail","hentry","category-uncategorized"],"acf":[],"yoast_head":"<!-- This site is optimized with the Yoast SEO plugin v27.1.1 - https:\/\/yoast.com\/product\/yoast-seo-wordpress\/ -->\n<title>Esta semana: una nueva edici\u00f3n del Festival &quot;Hazla corta&quot; - Valpara\u00ed\u00adso Creativo<\/title>\n<meta name=\"robots\" content=\"index, follow, max-snippet:-1, max-image-preview:large, max-video-preview:-1\" \/>\n<link rel=\"canonical\" href=\"https:\/\/dev.antudigital.cl\/sites\/vc\/esta-semana-una-nueva-edicion-del-festival-hazla-corta\/\" \/>\n<meta property=\"og:locale\" content=\"es_ES\" \/>\n<meta property=\"og:type\" content=\"article\" \/>\n<meta property=\"og:title\" content=\"Esta semana: una nueva edici\u00f3n del Festival &quot;Hazla corta&quot; - Valpara\u00ed\u00adso Creativo\" \/>\n<meta property=\"og:description\" content=\"El pr\u00f3ximo 12, 13 y 14 de octubre, Vi\u00f1a del Mar: 38 cortometrajes inscritos, alrededor de 12 colegios de toda la regi\u00f3n de Valpara\u00edso, curadores para la preselecci\u00f3n y un destacado equipo de jurados, ser\u00e1n los protagonistas de la 3era versi\u00f3n del Festival Hazla Corta 2023.&nbsp; En esta oportunidad, durante el semestre se realizaron talleres [&hellip;]\" \/>\n<meta property=\"og:url\" content=\"https:\/\/dev.antudigital.cl\/sites\/vc\/esta-semana-una-nueva-edicion-del-festival-hazla-corta\/\" \/>\n<meta property=\"og:site_name\" content=\"Valpara\u00ed\u00adso Creativo\" \/>\n<meta property=\"article:published_time\" content=\"2023-10-09T13:41:37+00:00\" \/>\n<meta property=\"article:modified_time\" content=\"2023-10-09T13:41:43+00:00\" \/>\n<meta property=\"og:image\" content=\"https:\/\/dev.antudigital.cl\/sites\/vc\/wp-content\/uploads\/2023\/10\/Hazla-Corta.jpeg\" \/>\n\t<meta property=\"og:image:width\" content=\"600\" \/>\n\t<meta property=\"og:image:height\" content=\"315\" \/>\n\t<meta property=\"og:image:type\" content=\"image\/jpeg\" \/>\n<meta name=\"author\" content=\"Valpara\u00edso Creativo\" \/>\n<meta name=\"twitter:card\" content=\"summary_large_image\" \/>\n<meta name=\"twitter:label1\" content=\"Escrito por\" \/>\n\t<meta name=\"twitter:data1\" content=\"Valpara\u00edso Creativo\" \/>\n\t<meta name=\"twitter:label2\" content=\"Tiempo de lectura\" \/>\n\t<meta name=\"twitter:data2\" content=\"2 minutos\" \/>\n<script type=\"application\/ld+json\" class=\"yoast-schema-graph\">{\"@context\":\"https:\/\/schema.org\",\"@graph\":[{\"@type\":\"Article\",\"@id\":\"https:\/\/dev.antudigital.cl\/sites\/vc\/esta-semana-una-nueva-edicion-del-festival-hazla-corta\/#article\",\"isPartOf\":{\"@id\":\"https:\/\/dev.antudigital.cl\/sites\/vc\/esta-semana-una-nueva-edicion-del-festival-hazla-corta\/\"},\"author\":{\"name\":\"Valpara\u00edso Creativo\",\"@id\":\"https:\/\/dev.antudigital.cl\/sites\/vc\/#\/schema\/person\/c2b9da8dd545e27166fc5ab232837318\"},\"headline\":\"Esta semana: una nueva edici\u00f3n del Festival \u00abHazla corta\u00bb\",\"datePublished\":\"2023-10-09T13:41:37+00:00\",\"dateModified\":\"2023-10-09T13:41:43+00:00\",\"mainEntityOfPage\":{\"@id\":\"https:\/\/dev.antudigital.cl\/sites\/vc\/esta-semana-una-nueva-edicion-del-festival-hazla-corta\/\"},\"wordCount\":439,\"image\":{\"@id\":\"https:\/\/dev.antudigital.cl\/sites\/vc\/esta-semana-una-nueva-edicion-del-festival-hazla-corta\/#primaryimage\"},\"thumbnailUrl\":\"https:\/\/dev.antudigital.cl\/sites\/vc\/wp-content\/uploads\/2023\/10\/Hazla-Corta.jpeg\",\"articleSection\":[\"Uncategorized\"],\"inLanguage\":\"es\"},{\"@type\":\"WebPage\",\"@id\":\"https:\/\/dev.antudigital.cl\/sites\/vc\/esta-semana-una-nueva-edicion-del-festival-hazla-corta\/\",\"url\":\"https:\/\/dev.antudigital.cl\/sites\/vc\/esta-semana-una-nueva-edicion-del-festival-hazla-corta\/\",\"name\":\"Esta semana: una nueva edici\u00f3n del Festival \\\"Hazla corta\\\" - Valpara\u00ed\u00adso Creativo\",\"isPartOf\":{\"@id\":\"https:\/\/dev.antudigital.cl\/sites\/vc\/#website\"},\"primaryImageOfPage\":{\"@id\":\"https:\/\/dev.antudigital.cl\/sites\/vc\/esta-semana-una-nueva-edicion-del-festival-hazla-corta\/#primaryimage\"},\"image\":{\"@id\":\"https:\/\/dev.antudigital.cl\/sites\/vc\/esta-semana-una-nueva-edicion-del-festival-hazla-corta\/#primaryimage\"},\"thumbnailUrl\":\"https:\/\/dev.antudigital.cl\/sites\/vc\/wp-content\/uploads\/2023\/10\/Hazla-Corta.jpeg\",\"datePublished\":\"2023-10-09T13:41:37+00:00\",\"dateModified\":\"2023-10-09T13:41:43+00:00\",\"author\":{\"@id\":\"https:\/\/dev.antudigital.cl\/sites\/vc\/#\/schema\/person\/c2b9da8dd545e27166fc5ab232837318\"},\"breadcrumb\":{\"@id\":\"https:\/\/dev.antudigital.cl\/sites\/vc\/esta-semana-una-nueva-edicion-del-festival-hazla-corta\/#breadcrumb\"},\"inLanguage\":\"es\",\"potentialAction\":[{\"@type\":\"ReadAction\",\"target\":[\"https:\/\/dev.antudigital.cl\/sites\/vc\/esta-semana-una-nueva-edicion-del-festival-hazla-corta\/\"]}]},{\"@type\":\"ImageObject\",\"inLanguage\":\"es\",\"@id\":\"https:\/\/dev.antudigital.cl\/sites\/vc\/esta-semana-una-nueva-edicion-del-festival-hazla-corta\/#primaryimage\",\"url\":\"https:\/\/dev.antudigital.cl\/sites\/vc\/wp-content\/uploads\/2023\/10\/Hazla-Corta.jpeg\",\"contentUrl\":\"https:\/\/dev.antudigital.cl\/sites\/vc\/wp-content\/uploads\/2023\/10\/Hazla-Corta.jpeg\",\"width\":600,\"height\":315},{\"@type\":\"BreadcrumbList\",\"@id\":\"https:\/\/dev.antudigital.cl\/sites\/vc\/esta-semana-una-nueva-edicion-del-festival-hazla-corta\/#breadcrumb\",\"itemListElement\":[{\"@type\":\"ListItem\",\"position\":1,\"name\":\"Home\",\"item\":\"https:\/\/dev.antudigital.cl\/sites\/vc\/\"},{\"@type\":\"ListItem\",\"position\":2,\"name\":\"Esta semana: una nueva edici\u00f3n del Festival \u00abHazla corta\u00bb\"}]},{\"@type\":\"WebSite\",\"@id\":\"https:\/\/dev.antudigital.cl\/sites\/vc\/#website\",\"url\":\"https:\/\/dev.antudigital.cl\/sites\/vc\/\",\"name\":\"Valpara\u00ed\u00adso Creativo\",\"description\":\"\",\"potentialAction\":[{\"@type\":\"SearchAction\",\"target\":{\"@type\":\"EntryPoint\",\"urlTemplate\":\"https:\/\/dev.antudigital.cl\/sites\/vc\/?s={search_term_string}\"},\"query-input\":{\"@type\":\"PropertyValueSpecification\",\"valueRequired\":true,\"valueName\":\"search_term_string\"}}],\"inLanguage\":\"es\"},{\"@type\":\"Person\",\"@id\":\"https:\/\/dev.antudigital.cl\/sites\/vc\/#\/schema\/person\/c2b9da8dd545e27166fc5ab232837318\",\"name\":\"Valpara\u00edso Creativo\",\"description\":\"Periodista de cultura en la Regi\u00f3n de Valpara\u00edso.\",\"url\":\"https:\/\/dev.antudigital.cl\/sites\/vc\/author\/valpoadmin\/\"}]}<\/script>\n<!-- \/ Yoast SEO plugin. -->","yoast_head_json":{"title":"Esta semana: una nueva edici\u00f3n del Festival \"Hazla corta\" - Valpara\u00ed\u00adso Creativo","robots":{"index":"index","follow":"follow","max-snippet":"max-snippet:-1","max-image-preview":"max-image-preview:large","max-video-preview":"max-video-preview:-1"},"canonical":"https:\/\/dev.antudigital.cl\/sites\/vc\/esta-semana-una-nueva-edicion-del-festival-hazla-corta\/","og_locale":"es_ES","og_type":"article","og_title":"Esta semana: una nueva edici\u00f3n del Festival \"Hazla corta\" - Valpara\u00ed\u00adso Creativo","og_description":"El pr\u00f3ximo 12, 13 y 14 de octubre, Vi\u00f1a del Mar: 38 cortometrajes inscritos, alrededor de 12 colegios de toda la regi\u00f3n de Valpara\u00edso, curadores para la preselecci\u00f3n y un destacado equipo de jurados, ser\u00e1n los protagonistas de la 3era versi\u00f3n del Festival Hazla Corta 2023.&nbsp; En esta oportunidad, durante el semestre se realizaron talleres [&hellip;]","og_url":"https:\/\/dev.antudigital.cl\/sites\/vc\/esta-semana-una-nueva-edicion-del-festival-hazla-corta\/","og_site_name":"Valpara\u00ed\u00adso Creativo","article_published_time":"2023-10-09T13:41:37+00:00","article_modified_time":"2023-10-09T13:41:43+00:00","og_image":[{"width":600,"height":315,"url":"https:\/\/dev.antudigital.cl\/sites\/vc\/wp-content\/uploads\/2023\/10\/Hazla-Corta.jpeg","type":"image\/jpeg"}],"author":"Valpara\u00edso Creativo","twitter_card":"summary_large_image","twitter_misc":{"Escrito por":"Valpara\u00edso Creativo","Tiempo de lectura":"2 minutos"},"schema":{"@context":"https:\/\/schema.org","@graph":[{"@type":"Article","@id":"https:\/\/dev.antudigital.cl\/sites\/vc\/esta-semana-una-nueva-edicion-del-festival-hazla-corta\/#article","isPartOf":{"@id":"https:\/\/dev.antudigital.cl\/sites\/vc\/esta-semana-una-nueva-edicion-del-festival-hazla-corta\/"},"author":{"name":"Valpara\u00edso Creativo","@id":"https:\/\/dev.antudigital.cl\/sites\/vc\/#\/schema\/person\/c2b9da8dd545e27166fc5ab232837318"},"headline":"Esta semana: una nueva edici\u00f3n del Festival \u00abHazla corta\u00bb","datePublished":"2023-10-09T13:41:37+00:00","dateModified":"2023-10-09T13:41:43+00:00","mainEntityOfPage":{"@id":"https:\/\/dev.antudigital.cl\/sites\/vc\/esta-semana-una-nueva-edicion-del-festival-hazla-corta\/"},"wordCount":439,"image":{"@id":"https:\/\/dev.antudigital.cl\/sites\/vc\/esta-semana-una-nueva-edicion-del-festival-hazla-corta\/#primaryimage"},"thumbnailUrl":"https:\/\/dev.antudigital.cl\/sites\/vc\/wp-content\/uploads\/2023\/10\/Hazla-Corta.jpeg","articleSection":["Uncategorized"],"inLanguage":"es"},{"@type":"WebPage","@id":"https:\/\/dev.antudigital.cl\/sites\/vc\/esta-semana-una-nueva-edicion-del-festival-hazla-corta\/","url":"https:\/\/dev.antudigital.cl\/sites\/vc\/esta-semana-una-nueva-edicion-del-festival-hazla-corta\/","name":"Esta semana: una nueva edici\u00f3n del Festival \"Hazla corta\" - Valpara\u00ed\u00adso Creativo","isPartOf":{"@id":"https:\/\/dev.antudigital.cl\/sites\/vc\/#website"},"primaryImageOfPage":{"@id":"https:\/\/dev.antudigital.cl\/sites\/vc\/esta-semana-una-nueva-edicion-del-festival-hazla-corta\/#primaryimage"},"image":{"@id":"https:\/\/dev.antudigital.cl\/sites\/vc\/esta-semana-una-nueva-edicion-del-festival-hazla-corta\/#primaryimage"},"thumbnailUrl":"https:\/\/dev.antudigital.cl\/sites\/vc\/wp-content\/uploads\/2023\/10\/Hazla-Corta.jpeg","datePublished":"2023-10-09T13:41:37+00:00","dateModified":"2023-10-09T13:41:43+00:00","author":{"@id":"https:\/\/dev.antudigital.cl\/sites\/vc\/#\/schema\/person\/c2b9da8dd545e27166fc5ab232837318"},"breadcrumb":{"@id":"https:\/\/dev.antudigital.cl\/sites\/vc\/esta-semana-una-nueva-edicion-del-festival-hazla-corta\/#breadcrumb"},"inLanguage":"es","potentialAction":[{"@type":"ReadAction","target":["https:\/\/dev.antudigital.cl\/sites\/vc\/esta-semana-una-nueva-edicion-del-festival-hazla-corta\/"]}]},{"@type":"ImageObject","inLanguage":"es","@id":"https:\/\/dev.antudigital.cl\/sites\/vc\/esta-semana-una-nueva-edicion-del-festival-hazla-corta\/#primaryimage","url":"https:\/\/dev.antudigital.cl\/sites\/vc\/wp-content\/uploads\/2023\/10\/Hazla-Corta.jpeg","contentUrl":"https:\/\/dev.antudigital.cl\/sites\/vc\/wp-content\/uploads\/2023\/10\/Hazla-Corta.jpeg","width":600,"height":315},{"@type":"BreadcrumbList","@id":"https:\/\/dev.antudigital.cl\/sites\/vc\/esta-semana-una-nueva-edicion-del-festival-hazla-corta\/#breadcrumb","itemListElement":[{"@type":"ListItem","position":1,"name":"Home","item":"https:\/\/dev.antudigital.cl\/sites\/vc\/"},{"@type":"ListItem","position":2,"name":"Esta semana: una nueva edici\u00f3n del Festival \u00abHazla corta\u00bb"}]},{"@type":"WebSite","@id":"https:\/\/dev.antudigital.cl\/sites\/vc\/#website","url":"https:\/\/dev.antudigital.cl\/sites\/vc\/","name":"Valpara\u00ed\u00adso Creativo","description":"","potentialAction":[{"@type":"SearchAction","target":{"@type":"EntryPoint","urlTemplate":"https:\/\/dev.antudigital.cl\/sites\/vc\/?s={search_term_string}"},"query-input":{"@type":"PropertyValueSpecification","valueRequired":true,"valueName":"search_term_string"}}],"inLanguage":"es"},{"@type":"Person","@id":"https:\/\/dev.antudigital.cl\/sites\/vc\/#\/schema\/person\/c2b9da8dd545e27166fc5ab232837318","name":"Valpara\u00edso Creativo","description":"Periodista de cultura en la Regi\u00f3n de Valpara\u00edso.","url":"https:\/\/dev.antudigital.cl\/sites\/vc\/author\/valpoadmin\/"}]}},"_links":{"self":[{"href":"https:\/\/dev.antudigital.cl\/sites\/vc\/wp-json\/wp\/v2\/posts\/17348","targetHints":{"allow":["GET"]}}],"collection":[{"href":"https:\/\/dev.antudigital.cl\/sites\/vc\/wp-json\/wp\/v2\/posts"}],"about":[{"href":"https:\/\/dev.antudigital.cl\/sites\/vc\/wp-json\/wp\/v2\/types\/post"}],"author":[{"embeddable":true,"href":"https:\/\/dev.antudigital.cl\/sites\/vc\/wp-json\/wp\/v2\/users\/1"}],"replies":[{"embeddable":true,"href":"https:\/\/dev.antudigital.cl\/sites\/vc\/wp-json\/wp\/v2\/comments?post=17348"}],"version-history":[{"count":1,"href":"https:\/\/dev.antudigital.cl\/sites\/vc\/wp-json\/wp\/v2\/posts\/17348\/revisions"}],"predecessor-version":[{"id":17351,"href":"https:\/\/dev.antudigital.cl\/sites\/vc\/wp-json\/wp\/v2\/posts\/17348\/revisions\/17351"}],"wp:featuredmedia":[{"embeddable":true,"href":"https:\/\/dev.antudigital.cl\/sites\/vc\/wp-json\/wp\/v2\/media\/17350"}],"wp:attachment":[{"href":"https:\/\/dev.antudigital.cl\/sites\/vc\/wp-json\/wp\/v2\/media?parent=17348"}],"wp:term":[{"taxonomy":"category","embeddable":true,"href":"https:\/\/dev.antudigital.cl\/sites\/vc\/wp-json\/wp\/v2\/categories?post=17348"},{"taxonomy":"post_tag","embeddable":true,"href":"https:\/\/dev.antudigital.cl\/sites\/vc\/wp-json\/wp\/v2\/tags?post=17348"}],"curies":[{"name":"wp","href":"https:\/\/api.w.org\/{rel}","templated":true}]}}