{"id":17352,"date":"2023-10-09T13:47:52","date_gmt":"2023-10-09T13:47:52","guid":{"rendered":"https:\/\/www.valparaisocreativo.cl\/?p=17352"},"modified":"2023-10-09T13:47:58","modified_gmt":"2023-10-09T13:47:58","slug":"jovenes-lideres-seran-la-voz-para-el-desarrollo-oceanico-de-la-region-de-valparaiso","status":"publish","type":"post","link":"https:\/\/dev.antudigital.cl\/sites\/vc\/jovenes-lideres-seran-la-voz-para-el-desarrollo-oceanico-de-la-region-de-valparaiso\/","title":{"rendered":"Jo\u0301venes li\u0301deres sera\u0301n la voz para el desarrollo ocea\u0301nico de la Regio\u0301n de Valparai\u0301so"},"content":{"rendered":"\n<p><strong>Octubre 2023.-<\/strong> La Fundaci\u00f3n Acci\u00f3n Azul busca generar una alianza oce\u00e1nica de j\u00f3venes creativos e innovadores que piensen en las soluciones a las problem\u00e1ticas oce\u00e1nicas y ambientales que hoy impactan de manera global.<\/p>\n\n\n\n<p>Esta convocatoria est\u00e1 dirigida a j\u00f3venes entre 17 y 25 a\u00f1os que tengan inter\u00e9s en generar acciones por el oc\u00e9ano. Pueden tener simplemente la motivaci\u00f3n o contar previamente con una idea o proyecto.<\/p>\n\n\n\n<p>\u201cTenemos la convicci\u00f3n que los j\u00f3venes de hoy son los l\u00edderes del futuro. En la energ\u00eda y vitalidad de las nuevas generaciones vemos un poderoso motor de cambio desde donde se pueden impulsar grandes transformaciones para aproximarnos hacia un pa\u00eds sostenible y oce\u00e1nico\u201d comenta Gonzalo Lazo, Fundador y CEO Acci\u00f3n Azul.<\/p>\n\n\n\n<p><strong>Alianza con Universidad T\u00e9cnica Federico Santa Mar\u00eda<\/strong><\/p>\n\n\n\n<p>Esta iniciativa est\u00e1 desarrollada en alianza con la Universidad T\u00e9cnico Federico Santa Mar\u00eda y busca ser un espacio de inspiraci\u00f3n y aprendizaje colaborativo para motivar a la juventud a involucrarse con el oc\u00e9ano y a aportar en el desarrollo de la cultura oce\u00e1nica nacional.<\/p>\n\n\n\n<p>\u00abEl estudio del mar y&nbsp; las oportunidades que \u00e9ste genera para el desarrollo local son muy poco exploradas. Esta instancia nos parece pertinente&nbsp; para difundir nuestras investigaciones y desarrollos cient\u00edficos, de forma de promover una relaci\u00f3n sustentable y amigable con nuestro mar.&nbsp; Por otro lado, esperamos que nuestros estudiantes se motiven a proponer innovadoras ideas, basadas en ciencia y tecnolog\u00eda, que nos permitan conocer m\u00e1s de nuestro oc\u00e9ano y abordar tem\u00e1ticas medioambientales a nivel mundial\u201d, dice la Directora General de Vinculaci\u00f3n con el Medio de la Universidad T\u00e9cnica Federico Santa Mar\u00eda, Mar\u00eda Jos\u00e9 Escobar<\/p>\n\n\n\n<p>El proceso de acompa\u00f1amiento a los j\u00f3venes l\u00edderes tiene por objetivo, en primer lugar, volcar la mirada reflexiva de los participantes hacia el oc\u00e9ano para luego empoderarlos potenciando sus capacidades en sesiones de coaching. Posteriormente, se entregar\u00e1n herramientas de liderazgo, habilidades comunicacionales y conceptos te\u00f3ricos y pr\u00e1cticos de la cultura oce\u00e1nica que podr\u00e1n aplicar en las propuestas de proyecto que cada uno formular\u00e1.<\/p>\n\n\n\n<p>En las dependencias del Museo Mar\u00edtimo se realizar\u00e1 un Taller de Ant\u00e1rtica, donde se evaluar\u00e1n aspectos relacionados a&nbsp; la historia de nuestra naci\u00f3n y el continente helado, su geograf\u00eda y biodiversidad marina, as\u00ed como los exigentes desaf\u00edos futuros.<\/p>\n\n\n\n<p>\u201cComo Museo Mar\u00edtimo Nacional apoyamos la iniciativa \u00abAcci\u00f3n Azul \u00bb por cuanto compartimos plenamente el deseo de acercar y conectar a Chile con el Oc\u00e9ano. En este contexto, el&nbsp; trabajar con j\u00f3venes, reconocer sus liderazgos y entregarles herramientas para convertirse en actores motivadores, son actividades que compartimos y valoramos su realizaci\u00f3n en Acci\u00f3n Azul 2023\u201d, comenta el Director del Museo Mar\u00edtimo Nacional, Andr\u00e9s Rodrigo.<\/p>\n\n\n\n<p>Los j\u00f3venes que presenten las mejores iniciativas ser\u00e1n reconocidos y expondr\u00e1n en las conferencias del Festival Acci\u00f3n Azul que se llevar\u00e1 a cabo en Valpara\u00edso durante el primer fin de semana de noviembre.<\/p>\n\n\n\n<p>Esta iniciativa es parte de un programa de acciones azules apoyada por TPS.&nbsp;\u201cEste proyecto est\u00e1 en plena sinton\u00eda con nuestros pilares de sostenibilidad, en especial en lo relacionado al desarrollo social y al cuidado del planeta, porque entendemos que para lograr objetivos es necesaria la colaboraci\u00f3n de la comunidad pero con el impulso de las universidades, de las organizaciones y por supuesto de las empresas. Como concesionario del puerto de Valpara\u00edso, estamos comprometidos con crear conciencia acerca de la importancia del mar, que es la esencia de esta ciudad y de su historia, as\u00ed que invitamos a todos los j\u00f3venes a que participen de esta iniciativa de Acci\u00f3n Azul, donde encontrar\u00e1n el apoyo necesario para desarrollar el liderazgo que se necesita\u201d, finaliza Laura Chiuminatto, subgerente de Sostenibilidad de TPS.&nbsp;<\/p>\n\n\n\n<p>Las postulaciones estar\u00e1n disponibles hasta el 16 de octubre. Las bases y formulario se encuentran habilitadas en <a href=\"http:\/\/www.accionazul.org\">www.accionazul.org<\/a> y en Instagram @accionazul_org\u00a0<\/p>\n\n\n\n<figure class=\"wp-block-image size-large\"><img fetchpriority=\"high\" decoding=\"async\" width=\"819\" height=\"1024\" src=\"https:\/\/www.valparaisocreativo.cl\/wp-content\/uploads\/2023\/10\/Afiche-Jovenes-Lideres-819x1024.png\" alt=\"\" class=\"wp-image-17354\" srcset=\"https:\/\/dev.antudigital.cl\/sites\/vc\/wp-content\/uploads\/2023\/10\/Afiche-Jovenes-Lideres-819x1024.png 819w, https:\/\/dev.antudigital.cl\/sites\/vc\/wp-content\/uploads\/2023\/10\/Afiche-Jovenes-Lideres-240x300.png 240w, https:\/\/dev.antudigital.cl\/sites\/vc\/wp-content\/uploads\/2023\/10\/Afiche-Jovenes-Lideres-768x960.png 768w, https:\/\/dev.antudigital.cl\/sites\/vc\/wp-content\/uploads\/2023\/10\/Afiche-Jovenes-Lideres-980x1225.png 980w, https:\/\/dev.antudigital.cl\/sites\/vc\/wp-content\/uploads\/2023\/10\/Afiche-Jovenes-Lideres-480x600.png 480w, https:\/\/dev.antudigital.cl\/sites\/vc\/wp-content\/uploads\/2023\/10\/Afiche-Jovenes-Lideres-19x24.png 19w, https:\/\/dev.antudigital.cl\/sites\/vc\/wp-content\/uploads\/2023\/10\/Afiche-Jovenes-Lideres-29x36.png 29w, https:\/\/dev.antudigital.cl\/sites\/vc\/wp-content\/uploads\/2023\/10\/Afiche-Jovenes-Lideres-38x48.png 38w, https:\/\/dev.antudigital.cl\/sites\/vc\/wp-content\/uploads\/2023\/10\/Afiche-Jovenes-Lideres.png 1080w\" sizes=\"(max-width: 819px) 100vw, 819px\" \/><\/figure>\n","protected":false},"excerpt":{"rendered":"<p>Octubre 2023.- La Fundaci\u00f3n Acci\u00f3n Azul busca generar una alianza oce\u00e1nica de j\u00f3venes creativos e innovadores que piensen en las soluciones a las problem\u00e1ticas oce\u00e1nicas y ambientales que hoy impactan de manera global. Esta convocatoria est\u00e1 dirigida a j\u00f3venes entre 17 y 25 a\u00f1os que tengan inter\u00e9s en generar acciones por el oc\u00e9ano. Pueden tener [&hellip;]<\/p>\n","protected":false},"author":1,"featured_media":17353,"comment_status":"closed","ping_status":"closed","sticky":false,"template":"","format":"standard","meta":{"_acf_changed":false,"footnotes":""},"categories":[1],"tags":[],"class_list":["post-17352","post","type-post","status-publish","format-standard","has-post-thumbnail","hentry","category-uncategorized"],"acf":[],"yoast_head":"<!-- This site is optimized with the Yoast SEO plugin v27.1.1 - https:\/\/yoast.com\/product\/yoast-seo-wordpress\/ -->\n<title>Jo\u0301venes li\u0301deres sera\u0301n la voz para el desarrollo ocea\u0301nico de la Regio\u0301n de Valparai\u0301so - Valpara\u00ed\u00adso Creativo<\/title>\n<meta name=\"robots\" content=\"index, follow, max-snippet:-1, max-image-preview:large, max-video-preview:-1\" \/>\n<link rel=\"canonical\" href=\"https:\/\/dev.antudigital.cl\/sites\/vc\/jovenes-lideres-seran-la-voz-para-el-desarrollo-oceanico-de-la-region-de-valparaiso\/\" \/>\n<meta property=\"og:locale\" content=\"es_ES\" \/>\n<meta property=\"og:type\" content=\"article\" \/>\n<meta property=\"og:title\" content=\"Jo\u0301venes li\u0301deres sera\u0301n la voz para el desarrollo ocea\u0301nico de la Regio\u0301n de Valparai\u0301so - Valpara\u00ed\u00adso Creativo\" \/>\n<meta property=\"og:description\" content=\"Octubre 2023.- La Fundaci\u00f3n Acci\u00f3n Azul busca generar una alianza oce\u00e1nica de j\u00f3venes creativos e innovadores que piensen en las soluciones a las problem\u00e1ticas oce\u00e1nicas y ambientales que hoy impactan de manera global. Esta convocatoria est\u00e1 dirigida a j\u00f3venes entre 17 y 25 a\u00f1os que tengan inter\u00e9s en generar acciones por el oc\u00e9ano. Pueden tener [&hellip;]\" \/>\n<meta property=\"og:url\" content=\"https:\/\/dev.antudigital.cl\/sites\/vc\/jovenes-lideres-seran-la-voz-para-el-desarrollo-oceanico-de-la-region-de-valparaiso\/\" \/>\n<meta property=\"og:site_name\" content=\"Valpara\u00ed\u00adso Creativo\" \/>\n<meta property=\"article:published_time\" content=\"2023-10-09T13:47:52+00:00\" \/>\n<meta property=\"article:modified_time\" content=\"2023-10-09T13:47:58+00:00\" \/>\n<meta property=\"og:image\" content=\"https:\/\/dev.antudigital.cl\/sites\/vc\/wp-content\/uploads\/2023\/10\/Jovenes-Lideres.jpeg\" \/>\n\t<meta property=\"og:image:width\" content=\"2047\" \/>\n\t<meta property=\"og:image:height\" content=\"1360\" \/>\n\t<meta property=\"og:image:type\" content=\"image\/jpeg\" \/>\n<meta name=\"author\" content=\"Valpara\u00edso Creativo\" \/>\n<meta name=\"twitter:card\" content=\"summary_large_image\" \/>\n<meta name=\"twitter:label1\" content=\"Escrito por\" \/>\n\t<meta name=\"twitter:data1\" content=\"Valpara\u00edso Creativo\" \/>\n\t<meta name=\"twitter:label2\" content=\"Tiempo de lectura\" \/>\n\t<meta name=\"twitter:data2\" content=\"4 minutos\" \/>\n<script type=\"application\/ld+json\" class=\"yoast-schema-graph\">{\"@context\":\"https:\/\/schema.org\",\"@graph\":[{\"@type\":\"Article\",\"@id\":\"https:\/\/dev.antudigital.cl\/sites\/vc\/jovenes-lideres-seran-la-voz-para-el-desarrollo-oceanico-de-la-region-de-valparaiso\/#article\",\"isPartOf\":{\"@id\":\"https:\/\/dev.antudigital.cl\/sites\/vc\/jovenes-lideres-seran-la-voz-para-el-desarrollo-oceanico-de-la-region-de-valparaiso\/\"},\"author\":{\"name\":\"Valpara\u00edso Creativo\",\"@id\":\"https:\/\/dev.antudigital.cl\/sites\/vc\/#\/schema\/person\/c2b9da8dd545e27166fc5ab232837318\"},\"headline\":\"Jo\u0301venes li\u0301deres sera\u0301n la voz para el desarrollo ocea\u0301nico de la Regio\u0301n de Valparai\u0301so\",\"datePublished\":\"2023-10-09T13:47:52+00:00\",\"dateModified\":\"2023-10-09T13:47:58+00:00\",\"mainEntityOfPage\":{\"@id\":\"https:\/\/dev.antudigital.cl\/sites\/vc\/jovenes-lideres-seran-la-voz-para-el-desarrollo-oceanico-de-la-region-de-valparaiso\/\"},\"wordCount\":707,\"image\":{\"@id\":\"https:\/\/dev.antudigital.cl\/sites\/vc\/jovenes-lideres-seran-la-voz-para-el-desarrollo-oceanico-de-la-region-de-valparaiso\/#primaryimage\"},\"thumbnailUrl\":\"https:\/\/dev.antudigital.cl\/sites\/vc\/wp-content\/uploads\/2023\/10\/Jovenes-Lideres.jpeg\",\"articleSection\":[\"Uncategorized\"],\"inLanguage\":\"es\"},{\"@type\":\"WebPage\",\"@id\":\"https:\/\/dev.antudigital.cl\/sites\/vc\/jovenes-lideres-seran-la-voz-para-el-desarrollo-oceanico-de-la-region-de-valparaiso\/\",\"url\":\"https:\/\/dev.antudigital.cl\/sites\/vc\/jovenes-lideres-seran-la-voz-para-el-desarrollo-oceanico-de-la-region-de-valparaiso\/\",\"name\":\"Jo\u0301venes li\u0301deres sera\u0301n la voz para el desarrollo ocea\u0301nico de la Regio\u0301n de Valparai\u0301so - Valpara\u00ed\u00adso Creativo\",\"isPartOf\":{\"@id\":\"https:\/\/dev.antudigital.cl\/sites\/vc\/#website\"},\"primaryImageOfPage\":{\"@id\":\"https:\/\/dev.antudigital.cl\/sites\/vc\/jovenes-lideres-seran-la-voz-para-el-desarrollo-oceanico-de-la-region-de-valparaiso\/#primaryimage\"},\"image\":{\"@id\":\"https:\/\/dev.antudigital.cl\/sites\/vc\/jovenes-lideres-seran-la-voz-para-el-desarrollo-oceanico-de-la-region-de-valparaiso\/#primaryimage\"},\"thumbnailUrl\":\"https:\/\/dev.antudigital.cl\/sites\/vc\/wp-content\/uploads\/2023\/10\/Jovenes-Lideres.jpeg\",\"datePublished\":\"2023-10-09T13:47:52+00:00\",\"dateModified\":\"2023-10-09T13:47:58+00:00\",\"author\":{\"@id\":\"https:\/\/dev.antudigital.cl\/sites\/vc\/#\/schema\/person\/c2b9da8dd545e27166fc5ab232837318\"},\"breadcrumb\":{\"@id\":\"https:\/\/dev.antudigital.cl\/sites\/vc\/jovenes-lideres-seran-la-voz-para-el-desarrollo-oceanico-de-la-region-de-valparaiso\/#breadcrumb\"},\"inLanguage\":\"es\",\"potentialAction\":[{\"@type\":\"ReadAction\",\"target\":[\"https:\/\/dev.antudigital.cl\/sites\/vc\/jovenes-lideres-seran-la-voz-para-el-desarrollo-oceanico-de-la-region-de-valparaiso\/\"]}]},{\"@type\":\"ImageObject\",\"inLanguage\":\"es\",\"@id\":\"https:\/\/dev.antudigital.cl\/sites\/vc\/jovenes-lideres-seran-la-voz-para-el-desarrollo-oceanico-de-la-region-de-valparaiso\/#primaryimage\",\"url\":\"https:\/\/dev.antudigital.cl\/sites\/vc\/wp-content\/uploads\/2023\/10\/Jovenes-Lideres.jpeg\",\"contentUrl\":\"https:\/\/dev.antudigital.cl\/sites\/vc\/wp-content\/uploads\/2023\/10\/Jovenes-Lideres.jpeg\",\"width\":2047,\"height\":1360},{\"@type\":\"BreadcrumbList\",\"@id\":\"https:\/\/dev.antudigital.cl\/sites\/vc\/jovenes-lideres-seran-la-voz-para-el-desarrollo-oceanico-de-la-region-de-valparaiso\/#breadcrumb\",\"itemListElement\":[{\"@type\":\"ListItem\",\"position\":1,\"name\":\"Home\",\"item\":\"https:\/\/dev.antudigital.cl\/sites\/vc\/\"},{\"@type\":\"ListItem\",\"position\":2,\"name\":\"Jo\u0301venes li\u0301deres sera\u0301n la voz para el desarrollo ocea\u0301nico de la Regio\u0301n de Valparai\u0301so\"}]},{\"@type\":\"WebSite\",\"@id\":\"https:\/\/dev.antudigital.cl\/sites\/vc\/#website\",\"url\":\"https:\/\/dev.antudigital.cl\/sites\/vc\/\",\"name\":\"Valpara\u00ed\u00adso Creativo\",\"description\":\"\",\"potentialAction\":[{\"@type\":\"SearchAction\",\"target\":{\"@type\":\"EntryPoint\",\"urlTemplate\":\"https:\/\/dev.antudigital.cl\/sites\/vc\/?s={search_term_string}\"},\"query-input\":{\"@type\":\"PropertyValueSpecification\",\"valueRequired\":true,\"valueName\":\"search_term_string\"}}],\"inLanguage\":\"es\"},{\"@type\":\"Person\",\"@id\":\"https:\/\/dev.antudigital.cl\/sites\/vc\/#\/schema\/person\/c2b9da8dd545e27166fc5ab232837318\",\"name\":\"Valpara\u00edso Creativo\",\"description\":\"Periodista de cultura en la Regi\u00f3n de Valpara\u00edso.\",\"url\":\"https:\/\/dev.antudigital.cl\/sites\/vc\/author\/valpoadmin\/\"}]}<\/script>\n<!-- \/ Yoast SEO plugin. -->","yoast_head_json":{"title":"Jo\u0301venes li\u0301deres sera\u0301n la voz para el desarrollo ocea\u0301nico de la Regio\u0301n de Valparai\u0301so - Valpara\u00ed\u00adso Creativo","robots":{"index":"index","follow":"follow","max-snippet":"max-snippet:-1","max-image-preview":"max-image-preview:large","max-video-preview":"max-video-preview:-1"},"canonical":"https:\/\/dev.antudigital.cl\/sites\/vc\/jovenes-lideres-seran-la-voz-para-el-desarrollo-oceanico-de-la-region-de-valparaiso\/","og_locale":"es_ES","og_type":"article","og_title":"Jo\u0301venes li\u0301deres sera\u0301n la voz para el desarrollo ocea\u0301nico de la Regio\u0301n de Valparai\u0301so - Valpara\u00ed\u00adso Creativo","og_description":"Octubre 2023.- La Fundaci\u00f3n Acci\u00f3n Azul busca generar una alianza oce\u00e1nica de j\u00f3venes creativos e innovadores que piensen en las soluciones a las problem\u00e1ticas oce\u00e1nicas y ambientales que hoy impactan de manera global. Esta convocatoria est\u00e1 dirigida a j\u00f3venes entre 17 y 25 a\u00f1os que tengan inter\u00e9s en generar acciones por el oc\u00e9ano. Pueden tener [&hellip;]","og_url":"https:\/\/dev.antudigital.cl\/sites\/vc\/jovenes-lideres-seran-la-voz-para-el-desarrollo-oceanico-de-la-region-de-valparaiso\/","og_site_name":"Valpara\u00ed\u00adso Creativo","article_published_time":"2023-10-09T13:47:52+00:00","article_modified_time":"2023-10-09T13:47:58+00:00","og_image":[{"width":2047,"height":1360,"url":"https:\/\/dev.antudigital.cl\/sites\/vc\/wp-content\/uploads\/2023\/10\/Jovenes-Lideres.jpeg","type":"image\/jpeg"}],"author":"Valpara\u00edso Creativo","twitter_card":"summary_large_image","twitter_misc":{"Escrito por":"Valpara\u00edso Creativo","Tiempo de lectura":"4 minutos"},"schema":{"@context":"https:\/\/schema.org","@graph":[{"@type":"Article","@id":"https:\/\/dev.antudigital.cl\/sites\/vc\/jovenes-lideres-seran-la-voz-para-el-desarrollo-oceanico-de-la-region-de-valparaiso\/#article","isPartOf":{"@id":"https:\/\/dev.antudigital.cl\/sites\/vc\/jovenes-lideres-seran-la-voz-para-el-desarrollo-oceanico-de-la-region-de-valparaiso\/"},"author":{"name":"Valpara\u00edso Creativo","@id":"https:\/\/dev.antudigital.cl\/sites\/vc\/#\/schema\/person\/c2b9da8dd545e27166fc5ab232837318"},"headline":"Jo\u0301venes li\u0301deres sera\u0301n la voz para el desarrollo ocea\u0301nico de la Regio\u0301n de Valparai\u0301so","datePublished":"2023-10-09T13:47:52+00:00","dateModified":"2023-10-09T13:47:58+00:00","mainEntityOfPage":{"@id":"https:\/\/dev.antudigital.cl\/sites\/vc\/jovenes-lideres-seran-la-voz-para-el-desarrollo-oceanico-de-la-region-de-valparaiso\/"},"wordCount":707,"image":{"@id":"https:\/\/dev.antudigital.cl\/sites\/vc\/jovenes-lideres-seran-la-voz-para-el-desarrollo-oceanico-de-la-region-de-valparaiso\/#primaryimage"},"thumbnailUrl":"https:\/\/dev.antudigital.cl\/sites\/vc\/wp-content\/uploads\/2023\/10\/Jovenes-Lideres.jpeg","articleSection":["Uncategorized"],"inLanguage":"es"},{"@type":"WebPage","@id":"https:\/\/dev.antudigital.cl\/sites\/vc\/jovenes-lideres-seran-la-voz-para-el-desarrollo-oceanico-de-la-region-de-valparaiso\/","url":"https:\/\/dev.antudigital.cl\/sites\/vc\/jovenes-lideres-seran-la-voz-para-el-desarrollo-oceanico-de-la-region-de-valparaiso\/","name":"Jo\u0301venes li\u0301deres sera\u0301n la voz para el desarrollo ocea\u0301nico de la Regio\u0301n de Valparai\u0301so - Valpara\u00ed\u00adso Creativo","isPartOf":{"@id":"https:\/\/dev.antudigital.cl\/sites\/vc\/#website"},"primaryImageOfPage":{"@id":"https:\/\/dev.antudigital.cl\/sites\/vc\/jovenes-lideres-seran-la-voz-para-el-desarrollo-oceanico-de-la-region-de-valparaiso\/#primaryimage"},"image":{"@id":"https:\/\/dev.antudigital.cl\/sites\/vc\/jovenes-lideres-seran-la-voz-para-el-desarrollo-oceanico-de-la-region-de-valparaiso\/#primaryimage"},"thumbnailUrl":"https:\/\/dev.antudigital.cl\/sites\/vc\/wp-content\/uploads\/2023\/10\/Jovenes-Lideres.jpeg","datePublished":"2023-10-09T13:47:52+00:00","dateModified":"2023-10-09T13:47:58+00:00","author":{"@id":"https:\/\/dev.antudigital.cl\/sites\/vc\/#\/schema\/person\/c2b9da8dd545e27166fc5ab232837318"},"breadcrumb":{"@id":"https:\/\/dev.antudigital.cl\/sites\/vc\/jovenes-lideres-seran-la-voz-para-el-desarrollo-oceanico-de-la-region-de-valparaiso\/#breadcrumb"},"inLanguage":"es","potentialAction":[{"@type":"ReadAction","target":["https:\/\/dev.antudigital.cl\/sites\/vc\/jovenes-lideres-seran-la-voz-para-el-desarrollo-oceanico-de-la-region-de-valparaiso\/"]}]},{"@type":"ImageObject","inLanguage":"es","@id":"https:\/\/dev.antudigital.cl\/sites\/vc\/jovenes-lideres-seran-la-voz-para-el-desarrollo-oceanico-de-la-region-de-valparaiso\/#primaryimage","url":"https:\/\/dev.antudigital.cl\/sites\/vc\/wp-content\/uploads\/2023\/10\/Jovenes-Lideres.jpeg","contentUrl":"https:\/\/dev.antudigital.cl\/sites\/vc\/wp-content\/uploads\/2023\/10\/Jovenes-Lideres.jpeg","width":2047,"height":1360},{"@type":"BreadcrumbList","@id":"https:\/\/dev.antudigital.cl\/sites\/vc\/jovenes-lideres-seran-la-voz-para-el-desarrollo-oceanico-de-la-region-de-valparaiso\/#breadcrumb","itemListElement":[{"@type":"ListItem","position":1,"name":"Home","item":"https:\/\/dev.antudigital.cl\/sites\/vc\/"},{"@type":"ListItem","position":2,"name":"Jo\u0301venes li\u0301deres sera\u0301n la voz para el desarrollo ocea\u0301nico de la Regio\u0301n de Valparai\u0301so"}]},{"@type":"WebSite","@id":"https:\/\/dev.antudigital.cl\/sites\/vc\/#website","url":"https:\/\/dev.antudigital.cl\/sites\/vc\/","name":"Valpara\u00ed\u00adso Creativo","description":"","potentialAction":[{"@type":"SearchAction","target":{"@type":"EntryPoint","urlTemplate":"https:\/\/dev.antudigital.cl\/sites\/vc\/?s={search_term_string}"},"query-input":{"@type":"PropertyValueSpecification","valueRequired":true,"valueName":"search_term_string"}}],"inLanguage":"es"},{"@type":"Person","@id":"https:\/\/dev.antudigital.cl\/sites\/vc\/#\/schema\/person\/c2b9da8dd545e27166fc5ab232837318","name":"Valpara\u00edso Creativo","description":"Periodista de cultura en la Regi\u00f3n de Valpara\u00edso.","url":"https:\/\/dev.antudigital.cl\/sites\/vc\/author\/valpoadmin\/"}]}},"_links":{"self":[{"href":"https:\/\/dev.antudigital.cl\/sites\/vc\/wp-json\/wp\/v2\/posts\/17352","targetHints":{"allow":["GET"]}}],"collection":[{"href":"https:\/\/dev.antudigital.cl\/sites\/vc\/wp-json\/wp\/v2\/posts"}],"about":[{"href":"https:\/\/dev.antudigital.cl\/sites\/vc\/wp-json\/wp\/v2\/types\/post"}],"author":[{"embeddable":true,"href":"https:\/\/dev.antudigital.cl\/sites\/vc\/wp-json\/wp\/v2\/users\/1"}],"replies":[{"embeddable":true,"href":"https:\/\/dev.antudigital.cl\/sites\/vc\/wp-json\/wp\/v2\/comments?post=17352"}],"version-history":[{"count":1,"href":"https:\/\/dev.antudigital.cl\/sites\/vc\/wp-json\/wp\/v2\/posts\/17352\/revisions"}],"predecessor-version":[{"id":17355,"href":"https:\/\/dev.antudigital.cl\/sites\/vc\/wp-json\/wp\/v2\/posts\/17352\/revisions\/17355"}],"wp:featuredmedia":[{"embeddable":true,"href":"https:\/\/dev.antudigital.cl\/sites\/vc\/wp-json\/wp\/v2\/media\/17353"}],"wp:attachment":[{"href":"https:\/\/dev.antudigital.cl\/sites\/vc\/wp-json\/wp\/v2\/media?parent=17352"}],"wp:term":[{"taxonomy":"category","embeddable":true,"href":"https:\/\/dev.antudigital.cl\/sites\/vc\/wp-json\/wp\/v2\/categories?post=17352"},{"taxonomy":"post_tag","embeddable":true,"href":"https:\/\/dev.antudigital.cl\/sites\/vc\/wp-json\/wp\/v2\/tags?post=17352"}],"curies":[{"name":"wp","href":"https:\/\/api.w.org\/{rel}","templated":true}]}}