{"id":17356,"date":"2023-10-09T18:23:47","date_gmt":"2023-10-09T18:23:47","guid":{"rendered":"https:\/\/www.valparaisocreativo.cl\/?p=17356"},"modified":"2023-10-09T18:23:53","modified_gmt":"2023-10-09T18:23:53","slug":"proyecto-puente-acortando-brechas-con-aguja-y-tijera","status":"publish","type":"post","link":"https:\/\/dev.antudigital.cl\/sites\/vc\/proyecto-puente-acortando-brechas-con-aguja-y-tijera\/","title":{"rendered":"Proyecto Puente: acortando brechas con aguja y tijera"},"content":{"rendered":"\n<p>Este fin de semana la marca 12NA, dedicada a la moda desde la perspectiva del <em>upcycling, <\/em>estuvo marcando presencia en el Parque Cultural de Valpara\u00edso, ya que durante la ejecuci\u00f3n de Pasarela Valpara\u00edso &#8211; evento de dise\u00f1o local de gran envergadura &#8211; ubicaron una tienda pop up por tres d\u00edas, exhibiendo sus interesantes creaciones.<\/p>\n\n\n\n<p>12NA es el proyecto de Mariano Breccia y Mercedes Mart\u00ednez, quienes llegaron hace a\u00f1os desde Argentina por una oportunidad laboral que no termin\u00f3 como quer\u00edan, pero que no los detuvo: ya que transformaron aquello y lo llevaron a otro nivel desarrollando m\u00e1s su marca de reciclaje textil.<\/p>\n\n\n\n<figure class=\"wp-block-image size-full\"><img fetchpriority=\"high\" decoding=\"async\" width=\"506\" height=\"358\" src=\"https:\/\/www.valparaisocreativo.cl\/wp-content\/uploads\/2023\/10\/Captura-de-Pantalla-2023-10-09-a-las-15.21.02.png\" alt=\"\" class=\"wp-image-17358\" srcset=\"https:\/\/dev.antudigital.cl\/sites\/vc\/wp-content\/uploads\/2023\/10\/Captura-de-Pantalla-2023-10-09-a-las-15.21.02.png 506w, https:\/\/dev.antudigital.cl\/sites\/vc\/wp-content\/uploads\/2023\/10\/Captura-de-Pantalla-2023-10-09-a-las-15.21.02-300x212.png 300w, https:\/\/dev.antudigital.cl\/sites\/vc\/wp-content\/uploads\/2023\/10\/Captura-de-Pantalla-2023-10-09-a-las-15.21.02-400x284.png 400w, https:\/\/dev.antudigital.cl\/sites\/vc\/wp-content\/uploads\/2023\/10\/Captura-de-Pantalla-2023-10-09-a-las-15.21.02-480x340.png 480w, https:\/\/dev.antudigital.cl\/sites\/vc\/wp-content\/uploads\/2023\/10\/Captura-de-Pantalla-2023-10-09-a-las-15.21.02-24x17.png 24w, https:\/\/dev.antudigital.cl\/sites\/vc\/wp-content\/uploads\/2023\/10\/Captura-de-Pantalla-2023-10-09-a-las-15.21.02-36x25.png 36w, https:\/\/dev.antudigital.cl\/sites\/vc\/wp-content\/uploads\/2023\/10\/Captura-de-Pantalla-2023-10-09-a-las-15.21.02-48x34.png 48w\" sizes=\"(max-width: 506px) 100vw, 506px\" \/><\/figure>\n\n\n\n<p>Como Valpara\u00edso Creativo, hemos podido trabajar directamente a trav\u00e9s de la asesor\u00eda para un fondo Conecta y Colabora de CORFO que se adjudicaron, gracias al que desarrollaron Proyecto Puente, del que tambi\u00e9n fueron a hablar a Distrito V21 en el lanzamiento de Pasarela Valpara\u00edso el pasado viernes 29 de septiembre.<\/p>\n\n\n\n<p><strong>Proyecto Puente<\/strong> est\u00e1 pensando en mujeres migrantes principalmente, iniciativa coordinada con la organizaci\u00f3n <em>Open Arms<\/em> a trav\u00e9s de talleres que comenzaron con mujeres de Senegal para capacitar a otras de la Regi\u00f3n, y ha crecido much\u00edsimo.&nbsp;<\/p>\n\n\n\n<p>Puente plantea una innovaci\u00f3n al integrar estos elementos, seg\u00fan Mariano en la charla de Pasarela Valpara\u00edso en la que particip\u00f3 junto a Valpara\u00edso Creativo, fue un riesgo que hab\u00eda que tomar. Su puesta en marcha parti\u00f3 con dos jornadas de trabajo en Mercado Puerto, donde<a href=\"https:\/\/docena.net\/capacitacion-de-proyecto-puente-en-atalaya-432\/\"> 10 mujeres que se relacionaban con distintos oficios fueron parte de las capacitaciones gestionadas por 12NA.<\/a><\/p>\n\n\n\n<figure class=\"wp-block-image size-full\"><img decoding=\"async\" width=\"901\" height=\"562\" src=\"https:\/\/www.valparaisocreativo.cl\/wp-content\/uploads\/2023\/10\/Captura-de-Pantalla-2023-10-09-a-las-15.21.46.png\" alt=\"\" class=\"wp-image-17359\" srcset=\"https:\/\/dev.antudigital.cl\/sites\/vc\/wp-content\/uploads\/2023\/10\/Captura-de-Pantalla-2023-10-09-a-las-15.21.46.png 901w, https:\/\/dev.antudigital.cl\/sites\/vc\/wp-content\/uploads\/2023\/10\/Captura-de-Pantalla-2023-10-09-a-las-15.21.46-300x187.png 300w, https:\/\/dev.antudigital.cl\/sites\/vc\/wp-content\/uploads\/2023\/10\/Captura-de-Pantalla-2023-10-09-a-las-15.21.46-768x479.png 768w, https:\/\/dev.antudigital.cl\/sites\/vc\/wp-content\/uploads\/2023\/10\/Captura-de-Pantalla-2023-10-09-a-las-15.21.46-400x250.png 400w, https:\/\/dev.antudigital.cl\/sites\/vc\/wp-content\/uploads\/2023\/10\/Captura-de-Pantalla-2023-10-09-a-las-15.21.46-480x299.png 480w, https:\/\/dev.antudigital.cl\/sites\/vc\/wp-content\/uploads\/2023\/10\/Captura-de-Pantalla-2023-10-09-a-las-15.21.46-24x15.png 24w, https:\/\/dev.antudigital.cl\/sites\/vc\/wp-content\/uploads\/2023\/10\/Captura-de-Pantalla-2023-10-09-a-las-15.21.46-36x22.png 36w, https:\/\/dev.antudigital.cl\/sites\/vc\/wp-content\/uploads\/2023\/10\/Captura-de-Pantalla-2023-10-09-a-las-15.21.46-48x30.png 48w\" sizes=\"(max-width: 901px) 100vw, 901px\" \/><\/figure>\n\n\n\n<p>En palabras de Mariano, esto gener\u00f3 un real tejido, una trama entre estas mujeres, d\u00e1ndoles herramientas a desarrollar en su labor textil desde las diversas pr\u00e1cticas que ten\u00edan: coser, tejer, bordar, entre otras.<\/p>\n\n\n\n<p>Participaron mujeres de aproximadamente 9 pa\u00edses con t\u00e9cnicas distintas a las que conocemos, lo que gener\u00f3 un acompa\u00f1amiento en la ense\u00f1anza. De todo el grupo que lleg\u00f3, Mariano y Mercedes identificaron a 15 mujeres con quienes pod\u00edan seguir trabajando y fueron desarrollando una c\u00e1psula audiovisual de todo el viaje que esto signific\u00f3.<\/p>\n\n\n\n<p>Se encontraron con piezas nuevas y t\u00e9cnicas que no sab\u00edan qu\u00e9 pod\u00edan hacer, pues las fueron descubriendo con las talleristas. Estas t\u00e9cnicas manuales les permiten trabajar con otros materiales y aplicar las cosas en prendas que ya ten\u00edan, como dijo Mariano \u201c\u00e9sto nos permiti\u00f3 empoderar a las chicas\u201d.<\/p>\n\n\n\n<figure class=\"wp-block-image size-full\"><img decoding=\"async\" width=\"909\" height=\"550\" src=\"https:\/\/www.valparaisocreativo.cl\/wp-content\/uploads\/2023\/10\/Captura-de-Pantalla-2023-10-09-a-las-15.19.26.png\" alt=\"\" class=\"wp-image-17360\" srcset=\"https:\/\/dev.antudigital.cl\/sites\/vc\/wp-content\/uploads\/2023\/10\/Captura-de-Pantalla-2023-10-09-a-las-15.19.26.png 909w, https:\/\/dev.antudigital.cl\/sites\/vc\/wp-content\/uploads\/2023\/10\/Captura-de-Pantalla-2023-10-09-a-las-15.19.26-300x182.png 300w, https:\/\/dev.antudigital.cl\/sites\/vc\/wp-content\/uploads\/2023\/10\/Captura-de-Pantalla-2023-10-09-a-las-15.19.26-768x465.png 768w, https:\/\/dev.antudigital.cl\/sites\/vc\/wp-content\/uploads\/2023\/10\/Captura-de-Pantalla-2023-10-09-a-las-15.19.26-480x290.png 480w, https:\/\/dev.antudigital.cl\/sites\/vc\/wp-content\/uploads\/2023\/10\/Captura-de-Pantalla-2023-10-09-a-las-15.19.26-24x15.png 24w, https:\/\/dev.antudigital.cl\/sites\/vc\/wp-content\/uploads\/2023\/10\/Captura-de-Pantalla-2023-10-09-a-las-15.19.26-36x22.png 36w, https:\/\/dev.antudigital.cl\/sites\/vc\/wp-content\/uploads\/2023\/10\/Captura-de-Pantalla-2023-10-09-a-las-15.19.26-48x29.png 48w\" sizes=\"(max-width: 909px) 100vw, 909px\" \/><\/figure>\n\n\n\n<p>A trav\u00e9s de Puente, que realmente forja ese v\u00ednculo entre alguien que domina una t\u00e9cnica y le ense\u00f1a a otra persona una nueva herramienta, se apunta a empoderar personas migrantes para que puedan encontrar otro camino. Capacitarlas en manufactura textil mediante el <em>upcycling <\/em>y se traduce en generar productos que son exhibidos en un showroom m\u00f3vil, que es el que estaba en el Parque Cultural de Valpara\u00edso. \u00c9ste es un <strong>\u201cBus Taller M\u00f3vil\u201d<\/strong> que recorre la quinta regi\u00f3n capacitando y empoderando mujeres migrantes.<\/p>\n\n\n\n<p>La c\u00e1psula que se est\u00e1 realizando es un mini documental que se present\u00f3 en Pasarela Valpara\u00edso, donde se registr\u00f3 todo el proceso de Puente y sus problem\u00e1ticas vinculadas al contexto de la migraci\u00f3n. A trav\u00e9s de lo audiovisual se comparten las vidas de algunas participantes.<\/p>\n\n\n\n<figure class=\"wp-block-image size-full\"><img loading=\"lazy\" decoding=\"async\" width=\"901\" height=\"536\" src=\"https:\/\/www.valparaisocreativo.cl\/wp-content\/uploads\/2023\/10\/Captura-de-Pantalla-2023-10-09-a-las-15.19.33.png\" alt=\"\" class=\"wp-image-17361\" srcset=\"https:\/\/dev.antudigital.cl\/sites\/vc\/wp-content\/uploads\/2023\/10\/Captura-de-Pantalla-2023-10-09-a-las-15.19.33.png 901w, https:\/\/dev.antudigital.cl\/sites\/vc\/wp-content\/uploads\/2023\/10\/Captura-de-Pantalla-2023-10-09-a-las-15.19.33-300x178.png 300w, https:\/\/dev.antudigital.cl\/sites\/vc\/wp-content\/uploads\/2023\/10\/Captura-de-Pantalla-2023-10-09-a-las-15.19.33-768x457.png 768w, https:\/\/dev.antudigital.cl\/sites\/vc\/wp-content\/uploads\/2023\/10\/Captura-de-Pantalla-2023-10-09-a-las-15.19.33-480x286.png 480w, https:\/\/dev.antudigital.cl\/sites\/vc\/wp-content\/uploads\/2023\/10\/Captura-de-Pantalla-2023-10-09-a-las-15.19.33-24x14.png 24w, https:\/\/dev.antudigital.cl\/sites\/vc\/wp-content\/uploads\/2023\/10\/Captura-de-Pantalla-2023-10-09-a-las-15.19.33-36x21.png 36w, https:\/\/dev.antudigital.cl\/sites\/vc\/wp-content\/uploads\/2023\/10\/Captura-de-Pantalla-2023-10-09-a-las-15.19.33-48x29.png 48w\" sizes=\"(max-width: 901px) 100vw, 901px\" \/><\/figure>\n\n\n\n<p>Debido al impacto del proyecto, fueron nominados como uno de los 10 proyectos m\u00e1s relevantes del a\u00f1o en cuanto a responsabilidad social en los premios Fashion Awards. Esto va m\u00e1s all\u00e1 de crear un producto, es implementar una metodolog\u00eda que puede cambiar vidas a trav\u00e9s de la creatividad y su impacto en la econom\u00eda del hogar.<\/p>\n\n\n\n<h2 class=\"wp-block-heading\"><br>Si quieres saber m\u00e1s sobre 12NA y el proyecto, <a href=\"https:\/\/docena.net\/puente\/\">ingresa aqu\u00ed<\/a>.<\/h2>\n\n\n\n<figure class=\"wp-block-image size-full\"><img loading=\"lazy\" decoding=\"async\" width=\"911\" height=\"517\" src=\"https:\/\/www.valparaisocreativo.cl\/wp-content\/uploads\/2023\/10\/Captura-de-Pantalla-2023-10-09-a-las-15.19.44.png\" alt=\"\" class=\"wp-image-17362\" srcset=\"https:\/\/dev.antudigital.cl\/sites\/vc\/wp-content\/uploads\/2023\/10\/Captura-de-Pantalla-2023-10-09-a-las-15.19.44.png 911w, https:\/\/dev.antudigital.cl\/sites\/vc\/wp-content\/uploads\/2023\/10\/Captura-de-Pantalla-2023-10-09-a-las-15.19.44-300x170.png 300w, https:\/\/dev.antudigital.cl\/sites\/vc\/wp-content\/uploads\/2023\/10\/Captura-de-Pantalla-2023-10-09-a-las-15.19.44-768x436.png 768w, https:\/\/dev.antudigital.cl\/sites\/vc\/wp-content\/uploads\/2023\/10\/Captura-de-Pantalla-2023-10-09-a-las-15.19.44-480x272.png 480w, https:\/\/dev.antudigital.cl\/sites\/vc\/wp-content\/uploads\/2023\/10\/Captura-de-Pantalla-2023-10-09-a-las-15.19.44-24x14.png 24w, https:\/\/dev.antudigital.cl\/sites\/vc\/wp-content\/uploads\/2023\/10\/Captura-de-Pantalla-2023-10-09-a-las-15.19.44-36x20.png 36w, https:\/\/dev.antudigital.cl\/sites\/vc\/wp-content\/uploads\/2023\/10\/Captura-de-Pantalla-2023-10-09-a-las-15.19.44-48x27.png 48w\" sizes=\"(max-width: 911px) 100vw, 911px\" \/><\/figure>\n","protected":false},"excerpt":{"rendered":"<p>Este fin de semana la marca 12NA, dedicada a la moda desde la perspectiva del upcycling, estuvo marcando presencia en el Parque Cultural de Valpara\u00edso, ya que durante la ejecuci\u00f3n de Pasarela Valpara\u00edso &#8211; evento de dise\u00f1o local de gran envergadura &#8211; ubicaron una tienda pop up por tres d\u00edas, exhibiendo sus interesantes creaciones. 12NA [&hellip;]<\/p>\n","protected":false},"author":1,"featured_media":17357,"comment_status":"closed","ping_status":"closed","sticky":false,"template":"","format":"standard","meta":{"_acf_changed":false,"footnotes":""},"categories":[218],"tags":[],"class_list":["post-17356","post","type-post","status-publish","format-standard","has-post-thumbnail","hentry","category-blog"],"acf":[],"yoast_head":"<!-- This site is optimized with the Yoast SEO plugin v27.1.1 - https:\/\/yoast.com\/product\/yoast-seo-wordpress\/ -->\n<title>Proyecto Puente: acortando brechas con aguja y tijera - Valpara\u00ed\u00adso Creativo<\/title>\n<meta name=\"robots\" content=\"index, follow, max-snippet:-1, max-image-preview:large, max-video-preview:-1\" \/>\n<link rel=\"canonical\" href=\"https:\/\/dev.antudigital.cl\/sites\/vc\/proyecto-puente-acortando-brechas-con-aguja-y-tijera\/\" \/>\n<meta property=\"og:locale\" content=\"es_ES\" \/>\n<meta property=\"og:type\" content=\"article\" \/>\n<meta property=\"og:title\" content=\"Proyecto Puente: acortando brechas con aguja y tijera - Valpara\u00ed\u00adso Creativo\" \/>\n<meta property=\"og:description\" content=\"Este fin de semana la marca 12NA, dedicada a la moda desde la perspectiva del upcycling, estuvo marcando presencia en el Parque Cultural de Valpara\u00edso, ya que durante la ejecuci\u00f3n de Pasarela Valpara\u00edso &#8211; evento de dise\u00f1o local de gran envergadura &#8211; ubicaron una tienda pop up por tres d\u00edas, exhibiendo sus interesantes creaciones. 12NA [&hellip;]\" \/>\n<meta property=\"og:url\" content=\"https:\/\/dev.antudigital.cl\/sites\/vc\/proyecto-puente-acortando-brechas-con-aguja-y-tijera\/\" \/>\n<meta property=\"og:site_name\" content=\"Valpara\u00ed\u00adso Creativo\" \/>\n<meta property=\"article:published_time\" content=\"2023-10-09T18:23:47+00:00\" \/>\n<meta property=\"article:modified_time\" content=\"2023-10-09T18:23:53+00:00\" \/>\n<meta property=\"og:image\" content=\"https:\/\/dev.antudigital.cl\/sites\/vc\/wp-content\/uploads\/2023\/10\/WhatsApp-Image-2023-10-06-at-13.38.15.jpeg\" \/>\n\t<meta property=\"og:image:width\" content=\"1288\" \/>\n\t<meta property=\"og:image:height\" content=\"966\" \/>\n\t<meta property=\"og:image:type\" content=\"image\/jpeg\" \/>\n<meta name=\"author\" content=\"Valpara\u00edso Creativo\" \/>\n<meta name=\"twitter:card\" content=\"summary_large_image\" \/>\n<meta name=\"twitter:label1\" content=\"Escrito por\" \/>\n\t<meta name=\"twitter:data1\" content=\"Valpara\u00edso Creativo\" \/>\n\t<meta name=\"twitter:label2\" content=\"Tiempo de lectura\" \/>\n\t<meta name=\"twitter:data2\" content=\"4 minutos\" \/>\n<script type=\"application\/ld+json\" class=\"yoast-schema-graph\">{\"@context\":\"https:\/\/schema.org\",\"@graph\":[{\"@type\":\"Article\",\"@id\":\"https:\/\/dev.antudigital.cl\/sites\/vc\/proyecto-puente-acortando-brechas-con-aguja-y-tijera\/#article\",\"isPartOf\":{\"@id\":\"https:\/\/dev.antudigital.cl\/sites\/vc\/proyecto-puente-acortando-brechas-con-aguja-y-tijera\/\"},\"author\":{\"name\":\"Valpara\u00edso Creativo\",\"@id\":\"https:\/\/dev.antudigital.cl\/sites\/vc\/#\/schema\/person\/c2b9da8dd545e27166fc5ab232837318\"},\"headline\":\"Proyecto Puente: acortando brechas con aguja y tijera\",\"datePublished\":\"2023-10-09T18:23:47+00:00\",\"dateModified\":\"2023-10-09T18:23:53+00:00\",\"mainEntityOfPage\":{\"@id\":\"https:\/\/dev.antudigital.cl\/sites\/vc\/proyecto-puente-acortando-brechas-con-aguja-y-tijera\/\"},\"wordCount\":637,\"image\":{\"@id\":\"https:\/\/dev.antudigital.cl\/sites\/vc\/proyecto-puente-acortando-brechas-con-aguja-y-tijera\/#primaryimage\"},\"thumbnailUrl\":\"https:\/\/dev.antudigital.cl\/sites\/vc\/wp-content\/uploads\/2023\/10\/WhatsApp-Image-2023-10-06-at-13.38.15.jpeg\",\"articleSection\":[\"Blog\"],\"inLanguage\":\"es\"},{\"@type\":\"WebPage\",\"@id\":\"https:\/\/dev.antudigital.cl\/sites\/vc\/proyecto-puente-acortando-brechas-con-aguja-y-tijera\/\",\"url\":\"https:\/\/dev.antudigital.cl\/sites\/vc\/proyecto-puente-acortando-brechas-con-aguja-y-tijera\/\",\"name\":\"Proyecto Puente: acortando brechas con aguja y tijera - Valpara\u00ed\u00adso Creativo\",\"isPartOf\":{\"@id\":\"https:\/\/dev.antudigital.cl\/sites\/vc\/#website\"},\"primaryImageOfPage\":{\"@id\":\"https:\/\/dev.antudigital.cl\/sites\/vc\/proyecto-puente-acortando-brechas-con-aguja-y-tijera\/#primaryimage\"},\"image\":{\"@id\":\"https:\/\/dev.antudigital.cl\/sites\/vc\/proyecto-puente-acortando-brechas-con-aguja-y-tijera\/#primaryimage\"},\"thumbnailUrl\":\"https:\/\/dev.antudigital.cl\/sites\/vc\/wp-content\/uploads\/2023\/10\/WhatsApp-Image-2023-10-06-at-13.38.15.jpeg\",\"datePublished\":\"2023-10-09T18:23:47+00:00\",\"dateModified\":\"2023-10-09T18:23:53+00:00\",\"author\":{\"@id\":\"https:\/\/dev.antudigital.cl\/sites\/vc\/#\/schema\/person\/c2b9da8dd545e27166fc5ab232837318\"},\"breadcrumb\":{\"@id\":\"https:\/\/dev.antudigital.cl\/sites\/vc\/proyecto-puente-acortando-brechas-con-aguja-y-tijera\/#breadcrumb\"},\"inLanguage\":\"es\",\"potentialAction\":[{\"@type\":\"ReadAction\",\"target\":[\"https:\/\/dev.antudigital.cl\/sites\/vc\/proyecto-puente-acortando-brechas-con-aguja-y-tijera\/\"]}]},{\"@type\":\"ImageObject\",\"inLanguage\":\"es\",\"@id\":\"https:\/\/dev.antudigital.cl\/sites\/vc\/proyecto-puente-acortando-brechas-con-aguja-y-tijera\/#primaryimage\",\"url\":\"https:\/\/dev.antudigital.cl\/sites\/vc\/wp-content\/uploads\/2023\/10\/WhatsApp-Image-2023-10-06-at-13.38.15.jpeg\",\"contentUrl\":\"https:\/\/dev.antudigital.cl\/sites\/vc\/wp-content\/uploads\/2023\/10\/WhatsApp-Image-2023-10-06-at-13.38.15.jpeg\",\"width\":1288,\"height\":966},{\"@type\":\"BreadcrumbList\",\"@id\":\"https:\/\/dev.antudigital.cl\/sites\/vc\/proyecto-puente-acortando-brechas-con-aguja-y-tijera\/#breadcrumb\",\"itemListElement\":[{\"@type\":\"ListItem\",\"position\":1,\"name\":\"Home\",\"item\":\"https:\/\/dev.antudigital.cl\/sites\/vc\/\"},{\"@type\":\"ListItem\",\"position\":2,\"name\":\"Proyecto Puente: acortando brechas con aguja y tijera\"}]},{\"@type\":\"WebSite\",\"@id\":\"https:\/\/dev.antudigital.cl\/sites\/vc\/#website\",\"url\":\"https:\/\/dev.antudigital.cl\/sites\/vc\/\",\"name\":\"Valpara\u00ed\u00adso Creativo\",\"description\":\"\",\"potentialAction\":[{\"@type\":\"SearchAction\",\"target\":{\"@type\":\"EntryPoint\",\"urlTemplate\":\"https:\/\/dev.antudigital.cl\/sites\/vc\/?s={search_term_string}\"},\"query-input\":{\"@type\":\"PropertyValueSpecification\",\"valueRequired\":true,\"valueName\":\"search_term_string\"}}],\"inLanguage\":\"es\"},{\"@type\":\"Person\",\"@id\":\"https:\/\/dev.antudigital.cl\/sites\/vc\/#\/schema\/person\/c2b9da8dd545e27166fc5ab232837318\",\"name\":\"Valpara\u00edso Creativo\",\"description\":\"Periodista de cultura en la Regi\u00f3n de Valpara\u00edso.\",\"url\":\"https:\/\/dev.antudigital.cl\/sites\/vc\/author\/valpoadmin\/\"}]}<\/script>\n<!-- \/ Yoast SEO plugin. -->","yoast_head_json":{"title":"Proyecto Puente: acortando brechas con aguja y tijera - Valpara\u00ed\u00adso Creativo","robots":{"index":"index","follow":"follow","max-snippet":"max-snippet:-1","max-image-preview":"max-image-preview:large","max-video-preview":"max-video-preview:-1"},"canonical":"https:\/\/dev.antudigital.cl\/sites\/vc\/proyecto-puente-acortando-brechas-con-aguja-y-tijera\/","og_locale":"es_ES","og_type":"article","og_title":"Proyecto Puente: acortando brechas con aguja y tijera - Valpara\u00ed\u00adso Creativo","og_description":"Este fin de semana la marca 12NA, dedicada a la moda desde la perspectiva del upcycling, estuvo marcando presencia en el Parque Cultural de Valpara\u00edso, ya que durante la ejecuci\u00f3n de Pasarela Valpara\u00edso &#8211; evento de dise\u00f1o local de gran envergadura &#8211; ubicaron una tienda pop up por tres d\u00edas, exhibiendo sus interesantes creaciones. 12NA [&hellip;]","og_url":"https:\/\/dev.antudigital.cl\/sites\/vc\/proyecto-puente-acortando-brechas-con-aguja-y-tijera\/","og_site_name":"Valpara\u00ed\u00adso Creativo","article_published_time":"2023-10-09T18:23:47+00:00","article_modified_time":"2023-10-09T18:23:53+00:00","og_image":[{"width":1288,"height":966,"url":"https:\/\/dev.antudigital.cl\/sites\/vc\/wp-content\/uploads\/2023\/10\/WhatsApp-Image-2023-10-06-at-13.38.15.jpeg","type":"image\/jpeg"}],"author":"Valpara\u00edso Creativo","twitter_card":"summary_large_image","twitter_misc":{"Escrito por":"Valpara\u00edso Creativo","Tiempo de lectura":"4 minutos"},"schema":{"@context":"https:\/\/schema.org","@graph":[{"@type":"Article","@id":"https:\/\/dev.antudigital.cl\/sites\/vc\/proyecto-puente-acortando-brechas-con-aguja-y-tijera\/#article","isPartOf":{"@id":"https:\/\/dev.antudigital.cl\/sites\/vc\/proyecto-puente-acortando-brechas-con-aguja-y-tijera\/"},"author":{"name":"Valpara\u00edso Creativo","@id":"https:\/\/dev.antudigital.cl\/sites\/vc\/#\/schema\/person\/c2b9da8dd545e27166fc5ab232837318"},"headline":"Proyecto Puente: acortando brechas con aguja y tijera","datePublished":"2023-10-09T18:23:47+00:00","dateModified":"2023-10-09T18:23:53+00:00","mainEntityOfPage":{"@id":"https:\/\/dev.antudigital.cl\/sites\/vc\/proyecto-puente-acortando-brechas-con-aguja-y-tijera\/"},"wordCount":637,"image":{"@id":"https:\/\/dev.antudigital.cl\/sites\/vc\/proyecto-puente-acortando-brechas-con-aguja-y-tijera\/#primaryimage"},"thumbnailUrl":"https:\/\/dev.antudigital.cl\/sites\/vc\/wp-content\/uploads\/2023\/10\/WhatsApp-Image-2023-10-06-at-13.38.15.jpeg","articleSection":["Blog"],"inLanguage":"es"},{"@type":"WebPage","@id":"https:\/\/dev.antudigital.cl\/sites\/vc\/proyecto-puente-acortando-brechas-con-aguja-y-tijera\/","url":"https:\/\/dev.antudigital.cl\/sites\/vc\/proyecto-puente-acortando-brechas-con-aguja-y-tijera\/","name":"Proyecto Puente: acortando brechas con aguja y tijera - Valpara\u00ed\u00adso Creativo","isPartOf":{"@id":"https:\/\/dev.antudigital.cl\/sites\/vc\/#website"},"primaryImageOfPage":{"@id":"https:\/\/dev.antudigital.cl\/sites\/vc\/proyecto-puente-acortando-brechas-con-aguja-y-tijera\/#primaryimage"},"image":{"@id":"https:\/\/dev.antudigital.cl\/sites\/vc\/proyecto-puente-acortando-brechas-con-aguja-y-tijera\/#primaryimage"},"thumbnailUrl":"https:\/\/dev.antudigital.cl\/sites\/vc\/wp-content\/uploads\/2023\/10\/WhatsApp-Image-2023-10-06-at-13.38.15.jpeg","datePublished":"2023-10-09T18:23:47+00:00","dateModified":"2023-10-09T18:23:53+00:00","author":{"@id":"https:\/\/dev.antudigital.cl\/sites\/vc\/#\/schema\/person\/c2b9da8dd545e27166fc5ab232837318"},"breadcrumb":{"@id":"https:\/\/dev.antudigital.cl\/sites\/vc\/proyecto-puente-acortando-brechas-con-aguja-y-tijera\/#breadcrumb"},"inLanguage":"es","potentialAction":[{"@type":"ReadAction","target":["https:\/\/dev.antudigital.cl\/sites\/vc\/proyecto-puente-acortando-brechas-con-aguja-y-tijera\/"]}]},{"@type":"ImageObject","inLanguage":"es","@id":"https:\/\/dev.antudigital.cl\/sites\/vc\/proyecto-puente-acortando-brechas-con-aguja-y-tijera\/#primaryimage","url":"https:\/\/dev.antudigital.cl\/sites\/vc\/wp-content\/uploads\/2023\/10\/WhatsApp-Image-2023-10-06-at-13.38.15.jpeg","contentUrl":"https:\/\/dev.antudigital.cl\/sites\/vc\/wp-content\/uploads\/2023\/10\/WhatsApp-Image-2023-10-06-at-13.38.15.jpeg","width":1288,"height":966},{"@type":"BreadcrumbList","@id":"https:\/\/dev.antudigital.cl\/sites\/vc\/proyecto-puente-acortando-brechas-con-aguja-y-tijera\/#breadcrumb","itemListElement":[{"@type":"ListItem","position":1,"name":"Home","item":"https:\/\/dev.antudigital.cl\/sites\/vc\/"},{"@type":"ListItem","position":2,"name":"Proyecto Puente: acortando brechas con aguja y tijera"}]},{"@type":"WebSite","@id":"https:\/\/dev.antudigital.cl\/sites\/vc\/#website","url":"https:\/\/dev.antudigital.cl\/sites\/vc\/","name":"Valpara\u00ed\u00adso Creativo","description":"","potentialAction":[{"@type":"SearchAction","target":{"@type":"EntryPoint","urlTemplate":"https:\/\/dev.antudigital.cl\/sites\/vc\/?s={search_term_string}"},"query-input":{"@type":"PropertyValueSpecification","valueRequired":true,"valueName":"search_term_string"}}],"inLanguage":"es"},{"@type":"Person","@id":"https:\/\/dev.antudigital.cl\/sites\/vc\/#\/schema\/person\/c2b9da8dd545e27166fc5ab232837318","name":"Valpara\u00edso Creativo","description":"Periodista de cultura en la Regi\u00f3n de Valpara\u00edso.","url":"https:\/\/dev.antudigital.cl\/sites\/vc\/author\/valpoadmin\/"}]}},"_links":{"self":[{"href":"https:\/\/dev.antudigital.cl\/sites\/vc\/wp-json\/wp\/v2\/posts\/17356","targetHints":{"allow":["GET"]}}],"collection":[{"href":"https:\/\/dev.antudigital.cl\/sites\/vc\/wp-json\/wp\/v2\/posts"}],"about":[{"href":"https:\/\/dev.antudigital.cl\/sites\/vc\/wp-json\/wp\/v2\/types\/post"}],"author":[{"embeddable":true,"href":"https:\/\/dev.antudigital.cl\/sites\/vc\/wp-json\/wp\/v2\/users\/1"}],"replies":[{"embeddable":true,"href":"https:\/\/dev.antudigital.cl\/sites\/vc\/wp-json\/wp\/v2\/comments?post=17356"}],"version-history":[{"count":1,"href":"https:\/\/dev.antudigital.cl\/sites\/vc\/wp-json\/wp\/v2\/posts\/17356\/revisions"}],"predecessor-version":[{"id":17363,"href":"https:\/\/dev.antudigital.cl\/sites\/vc\/wp-json\/wp\/v2\/posts\/17356\/revisions\/17363"}],"wp:featuredmedia":[{"embeddable":true,"href":"https:\/\/dev.antudigital.cl\/sites\/vc\/wp-json\/wp\/v2\/media\/17357"}],"wp:attachment":[{"href":"https:\/\/dev.antudigital.cl\/sites\/vc\/wp-json\/wp\/v2\/media?parent=17356"}],"wp:term":[{"taxonomy":"category","embeddable":true,"href":"https:\/\/dev.antudigital.cl\/sites\/vc\/wp-json\/wp\/v2\/categories?post=17356"},{"taxonomy":"post_tag","embeddable":true,"href":"https:\/\/dev.antudigital.cl\/sites\/vc\/wp-json\/wp\/v2\/tags?post=17356"}],"curies":[{"name":"wp","href":"https:\/\/api.w.org\/{rel}","templated":true}]}}