{"id":17364,"date":"2023-10-09T19:06:50","date_gmt":"2023-10-09T19:06:50","guid":{"rendered":"https:\/\/www.valparaisocreativo.cl\/?p=17364"},"modified":"2023-10-09T19:12:56","modified_gmt":"2023-10-09T19:12:56","slug":"asi-vivimos-pasarela-valparaiso-2023","status":"publish","type":"post","link":"https:\/\/dev.antudigital.cl\/sites\/vc\/asi-vivimos-pasarela-valparaiso-2023\/","title":{"rendered":"As\u00ed vivimos Pasarela Valpara\u00edso 2023"},"content":{"rendered":"\n<p>El s\u00e1bado 7 tambi\u00e9n tuvimos la oportunidad de asistir a la doceava versi\u00f3n de Pasarela Valpara\u00edso que se desarroll\u00f3 en el Parque Cultural de Valpara\u00edso.<\/p>\n\n\n\n<p>Todo comenz\u00f3 con una emotiva performance, todo aludiendo a la tem\u00e1tica central de regenerar aludiendo a la sostenibilidad en torno a la moda, tema que ha estado presente en la pauta medi\u00e1tica los \u00faltimos a\u00f1os.<\/p>\n\n\n\n<figure class=\"wp-block-image size-full\"><img fetchpriority=\"high\" decoding=\"async\" width=\"901\" height=\"548\" src=\"https:\/\/www.valparaisocreativo.cl\/wp-content\/uploads\/2023\/10\/Captura-de-Pantalla-2023-10-09-a-las-16.03.14.png\" alt=\"\" class=\"wp-image-17366\" srcset=\"https:\/\/dev.antudigital.cl\/sites\/vc\/wp-content\/uploads\/2023\/10\/Captura-de-Pantalla-2023-10-09-a-las-16.03.14.png 901w, https:\/\/dev.antudigital.cl\/sites\/vc\/wp-content\/uploads\/2023\/10\/Captura-de-Pantalla-2023-10-09-a-las-16.03.14-300x182.png 300w, https:\/\/dev.antudigital.cl\/sites\/vc\/wp-content\/uploads\/2023\/10\/Captura-de-Pantalla-2023-10-09-a-las-16.03.14-768x467.png 768w, https:\/\/dev.antudigital.cl\/sites\/vc\/wp-content\/uploads\/2023\/10\/Captura-de-Pantalla-2023-10-09-a-las-16.03.14-480x292.png 480w, https:\/\/dev.antudigital.cl\/sites\/vc\/wp-content\/uploads\/2023\/10\/Captura-de-Pantalla-2023-10-09-a-las-16.03.14-24x15.png 24w, https:\/\/dev.antudigital.cl\/sites\/vc\/wp-content\/uploads\/2023\/10\/Captura-de-Pantalla-2023-10-09-a-las-16.03.14-36x22.png 36w, https:\/\/dev.antudigital.cl\/sites\/vc\/wp-content\/uploads\/2023\/10\/Captura-de-Pantalla-2023-10-09-a-las-16.03.14-48x29.png 48w\" sizes=\"(max-width: 901px) 100vw, 901px\" \/><\/figure>\n\n\n\n<p>La pasarela central se conform\u00f3 por diversos dise\u00f1adores y marcas. Primero fue el turno de Sago, con predominancia en los estampados, telas met\u00e1licas y las tonalidades doradas y rojas.<\/p>\n\n\n\n<p>LKS.Garments sigui\u00f3 con este \u00e9nfasis en la sostenibilidad, mostrando una l\u00ednea m\u00e1s atrevida y urbana. Todo con predominancia nuevamente del rojo y ahora del negro, con una propuesta m\u00e1s deportiva en cierto sentido.<\/p>\n\n\n\n<figure class=\"wp-block-image size-full\"><img decoding=\"async\" width=\"904\" height=\"541\" src=\"https:\/\/www.valparaisocreativo.cl\/wp-content\/uploads\/2023\/10\/Captura-de-Pantalla-2023-10-09-a-las-16.03.29.png\" alt=\"\" class=\"wp-image-17368\" srcset=\"https:\/\/dev.antudigital.cl\/sites\/vc\/wp-content\/uploads\/2023\/10\/Captura-de-Pantalla-2023-10-09-a-las-16.03.29.png 904w, https:\/\/dev.antudigital.cl\/sites\/vc\/wp-content\/uploads\/2023\/10\/Captura-de-Pantalla-2023-10-09-a-las-16.03.29-300x180.png 300w, https:\/\/dev.antudigital.cl\/sites\/vc\/wp-content\/uploads\/2023\/10\/Captura-de-Pantalla-2023-10-09-a-las-16.03.29-768x460.png 768w, https:\/\/dev.antudigital.cl\/sites\/vc\/wp-content\/uploads\/2023\/10\/Captura-de-Pantalla-2023-10-09-a-las-16.03.29-480x287.png 480w, https:\/\/dev.antudigital.cl\/sites\/vc\/wp-content\/uploads\/2023\/10\/Captura-de-Pantalla-2023-10-09-a-las-16.03.29-24x14.png 24w, https:\/\/dev.antudigital.cl\/sites\/vc\/wp-content\/uploads\/2023\/10\/Captura-de-Pantalla-2023-10-09-a-las-16.03.29-36x22.png 36w, https:\/\/dev.antudigital.cl\/sites\/vc\/wp-content\/uploads\/2023\/10\/Captura-de-Pantalla-2023-10-09-a-las-16.03.29-48x29.png 48w\" sizes=\"(max-width: 904px) 100vw, 904px\" \/><\/figure>\n\n\n\n<p>Para continuar, fue el turno de Mei Lang y Carol Raddatz, quienes presentaron una l\u00ednea m\u00e1s funcional enfocada en prendas m\u00e1s tradicionales, con tonalidades claras especialmente.<\/p>\n\n\n\n<p>Por su parte, DUSO mostr\u00f3 su l\u00ednea sin g\u00e9nero, una mirada por decirlo tecnol\u00f3gica y elegante que mezclaba distintos estilos en uno<\/p>\n\n\n\n<figure class=\"wp-block-image size-full\"><img decoding=\"async\" width=\"902\" height=\"524\" src=\"https:\/\/www.valparaisocreativo.cl\/wp-content\/uploads\/2023\/10\/Captura-de-Pantalla-2023-10-09-a-las-16.03.35.png\" alt=\"\" class=\"wp-image-17369\" srcset=\"https:\/\/dev.antudigital.cl\/sites\/vc\/wp-content\/uploads\/2023\/10\/Captura-de-Pantalla-2023-10-09-a-las-16.03.35.png 902w, https:\/\/dev.antudigital.cl\/sites\/vc\/wp-content\/uploads\/2023\/10\/Captura-de-Pantalla-2023-10-09-a-las-16.03.35-300x174.png 300w, https:\/\/dev.antudigital.cl\/sites\/vc\/wp-content\/uploads\/2023\/10\/Captura-de-Pantalla-2023-10-09-a-las-16.03.35-768x446.png 768w, https:\/\/dev.antudigital.cl\/sites\/vc\/wp-content\/uploads\/2023\/10\/Captura-de-Pantalla-2023-10-09-a-las-16.03.35-480x279.png 480w, https:\/\/dev.antudigital.cl\/sites\/vc\/wp-content\/uploads\/2023\/10\/Captura-de-Pantalla-2023-10-09-a-las-16.03.35-24x14.png 24w, https:\/\/dev.antudigital.cl\/sites\/vc\/wp-content\/uploads\/2023\/10\/Captura-de-Pantalla-2023-10-09-a-las-16.03.35-36x21.png 36w, https:\/\/dev.antudigital.cl\/sites\/vc\/wp-content\/uploads\/2023\/10\/Captura-de-Pantalla-2023-10-09-a-las-16.03.35-48x28.png 48w\" sizes=\"(max-width: 902px) 100vw, 902px\" \/><\/figure>\n\n\n\n<p>Aranxazu Ll\u00f3rente rompi\u00f3 el patr\u00f3n de las tonalidades mostrando una l\u00ednea muy juguetona y entretenida, con patrones y estampados coloridos y prendas l\u00fadicas que recordaban a la infancia.<\/p>\n\n\n\n<p>Rodolfo Vera se luci\u00f3 con su estilo moderno, lleno de brillante, proponiendo capas de brillo de distintas texturas lo que sin duda llam\u00f3 la atenci\u00f3n.<\/p>\n\n\n\n<figure class=\"wp-block-image size-full\"><img loading=\"lazy\" decoding=\"async\" width=\"909\" height=\"565\" src=\"https:\/\/www.valparaisocreativo.cl\/wp-content\/uploads\/2023\/10\/Captura-de-Pantalla-2023-10-09-a-las-16.03.49.png\" alt=\"\" class=\"wp-image-17371\" srcset=\"https:\/\/dev.antudigital.cl\/sites\/vc\/wp-content\/uploads\/2023\/10\/Captura-de-Pantalla-2023-10-09-a-las-16.03.49.png 909w, https:\/\/dev.antudigital.cl\/sites\/vc\/wp-content\/uploads\/2023\/10\/Captura-de-Pantalla-2023-10-09-a-las-16.03.49-300x186.png 300w, https:\/\/dev.antudigital.cl\/sites\/vc\/wp-content\/uploads\/2023\/10\/Captura-de-Pantalla-2023-10-09-a-las-16.03.49-768x477.png 768w, https:\/\/dev.antudigital.cl\/sites\/vc\/wp-content\/uploads\/2023\/10\/Captura-de-Pantalla-2023-10-09-a-las-16.03.49-400x250.png 400w, https:\/\/dev.antudigital.cl\/sites\/vc\/wp-content\/uploads\/2023\/10\/Captura-de-Pantalla-2023-10-09-a-las-16.03.49-480x298.png 480w, https:\/\/dev.antudigital.cl\/sites\/vc\/wp-content\/uploads\/2023\/10\/Captura-de-Pantalla-2023-10-09-a-las-16.03.49-24x15.png 24w, https:\/\/dev.antudigital.cl\/sites\/vc\/wp-content\/uploads\/2023\/10\/Captura-de-Pantalla-2023-10-09-a-las-16.03.49-36x22.png 36w, https:\/\/dev.antudigital.cl\/sites\/vc\/wp-content\/uploads\/2023\/10\/Captura-de-Pantalla-2023-10-09-a-las-16.03.49-48x30.png 48w\" sizes=\"(max-width: 909px) 100vw, 909px\" \/><\/figure>\n\n\n\n<p>AKACostura finalmente mostr\u00f3 un lado m\u00e1s visible del upcycling, con una l\u00ednea creativa y original que mezcla colores, dise\u00f1os y texturas a trav\u00e9s del uso de prendas recicladas que se reconstruyen.<\/p>\n\n\n\n<figure class=\"wp-block-image size-full\"><img loading=\"lazy\" decoding=\"async\" width=\"909\" height=\"506\" src=\"https:\/\/www.valparaisocreativo.cl\/wp-content\/uploads\/2023\/10\/Captura-de-Pantalla-2023-10-09-a-las-16.03.42.png\" alt=\"\" class=\"wp-image-17370\" srcset=\"https:\/\/dev.antudigital.cl\/sites\/vc\/wp-content\/uploads\/2023\/10\/Captura-de-Pantalla-2023-10-09-a-las-16.03.42.png 909w, https:\/\/dev.antudigital.cl\/sites\/vc\/wp-content\/uploads\/2023\/10\/Captura-de-Pantalla-2023-10-09-a-las-16.03.42-300x167.png 300w, https:\/\/dev.antudigital.cl\/sites\/vc\/wp-content\/uploads\/2023\/10\/Captura-de-Pantalla-2023-10-09-a-las-16.03.42-768x428.png 768w, https:\/\/dev.antudigital.cl\/sites\/vc\/wp-content\/uploads\/2023\/10\/Captura-de-Pantalla-2023-10-09-a-las-16.03.42-480x267.png 480w, https:\/\/dev.antudigital.cl\/sites\/vc\/wp-content\/uploads\/2023\/10\/Captura-de-Pantalla-2023-10-09-a-las-16.03.42-24x13.png 24w, https:\/\/dev.antudigital.cl\/sites\/vc\/wp-content\/uploads\/2023\/10\/Captura-de-Pantalla-2023-10-09-a-las-16.03.42-36x20.png 36w, https:\/\/dev.antudigital.cl\/sites\/vc\/wp-content\/uploads\/2023\/10\/Captura-de-Pantalla-2023-10-09-a-las-16.03.42-48x27.png 48w\" sizes=\"(max-width: 909px) 100vw, 909px\" \/><\/figure>\n\n\n\n<p>El espect\u00e1culo central fue seguido por una presentaci\u00f3n de los estudiantes dise\u00f1o Duoc UC, quienes mostraron sus creaciones de procesos experimentales a trav\u00e9s de la carrera, lo que tambi\u00e9n fue muy interesante para revisar la impronta y proyectos que est\u00e1n saliendo de las escuelas.<\/p>\n\n\n\n<p>Una pasarela muy centrada en el reciclaje y los materiales, en promover la reducci\u00f3n de la huella de carbono y el impacto ecol\u00f3gico en la moda.\u00a0<\/p>\n\n\n\n<figure class=\"wp-block-image size-large\"><img loading=\"lazy\" decoding=\"async\" width=\"768\" height=\"1024\" src=\"https:\/\/www.valparaisocreativo.cl\/wp-content\/uploads\/2023\/10\/WhatsApp-Image-2023-10-07-at-21.26.58-768x1024.jpeg\" alt=\"\" class=\"wp-image-17373\" srcset=\"https:\/\/dev.antudigital.cl\/sites\/vc\/wp-content\/uploads\/2023\/10\/WhatsApp-Image-2023-10-07-at-21.26.58-768x1024.jpeg 768w, https:\/\/dev.antudigital.cl\/sites\/vc\/wp-content\/uploads\/2023\/10\/WhatsApp-Image-2023-10-07-at-21.26.58-225x300.jpeg 225w, https:\/\/dev.antudigital.cl\/sites\/vc\/wp-content\/uploads\/2023\/10\/WhatsApp-Image-2023-10-07-at-21.26.58-1152x1536.jpeg 1152w, https:\/\/dev.antudigital.cl\/sites\/vc\/wp-content\/uploads\/2023\/10\/WhatsApp-Image-2023-10-07-at-21.26.58-1080x1440.jpeg 1080w, https:\/\/dev.antudigital.cl\/sites\/vc\/wp-content\/uploads\/2023\/10\/WhatsApp-Image-2023-10-07-at-21.26.58-980x1307.jpeg 980w, https:\/\/dev.antudigital.cl\/sites\/vc\/wp-content\/uploads\/2023\/10\/WhatsApp-Image-2023-10-07-at-21.26.58-480x640.jpeg 480w, https:\/\/dev.antudigital.cl\/sites\/vc\/wp-content\/uploads\/2023\/10\/WhatsApp-Image-2023-10-07-at-21.26.58-18x24.jpeg 18w, https:\/\/dev.antudigital.cl\/sites\/vc\/wp-content\/uploads\/2023\/10\/WhatsApp-Image-2023-10-07-at-21.26.58-27x36.jpeg 27w, https:\/\/dev.antudigital.cl\/sites\/vc\/wp-content\/uploads\/2023\/10\/WhatsApp-Image-2023-10-07-at-21.26.58-36x48.jpeg 36w, https:\/\/dev.antudigital.cl\/sites\/vc\/wp-content\/uploads\/2023\/10\/WhatsApp-Image-2023-10-07-at-21.26.58.jpeg 1200w\" sizes=\"(max-width: 768px) 100vw, 768px\" \/><\/figure>\n","protected":false},"excerpt":{"rendered":"<p>El s\u00e1bado 7 tambi\u00e9n tuvimos la oportunidad de asistir a la doceava versi\u00f3n de Pasarela Valpara\u00edso que se desarroll\u00f3 en el Parque Cultural de Valpara\u00edso. Todo comenz\u00f3 con una emotiva performance, todo aludiendo a la tem\u00e1tica central de regenerar aludiendo a la sostenibilidad en torno a la moda, tema que ha estado presente en la [&hellip;]<\/p>\n","protected":false},"author":1,"featured_media":17367,"comment_status":"closed","ping_status":"closed","sticky":false,"template":"","format":"standard","meta":{"_acf_changed":false,"footnotes":""},"categories":[218,1],"tags":[],"class_list":["post-17364","post","type-post","status-publish","format-standard","has-post-thumbnail","hentry","category-blog","category-uncategorized"],"acf":[],"yoast_head":"<!-- This site is optimized with the Yoast SEO plugin v27.1.1 - https:\/\/yoast.com\/product\/yoast-seo-wordpress\/ -->\n<title>As\u00ed vivimos Pasarela Valpara\u00edso 2023 - Valpara\u00ed\u00adso Creativo<\/title>\n<meta name=\"robots\" content=\"index, follow, max-snippet:-1, max-image-preview:large, max-video-preview:-1\" \/>\n<link rel=\"canonical\" href=\"https:\/\/dev.antudigital.cl\/sites\/vc\/asi-vivimos-pasarela-valparaiso-2023\/\" \/>\n<meta property=\"og:locale\" content=\"es_ES\" \/>\n<meta property=\"og:type\" content=\"article\" \/>\n<meta property=\"og:title\" content=\"As\u00ed vivimos Pasarela Valpara\u00edso 2023 - Valpara\u00ed\u00adso Creativo\" \/>\n<meta property=\"og:description\" content=\"El s\u00e1bado 7 tambi\u00e9n tuvimos la oportunidad de asistir a la doceava versi\u00f3n de Pasarela Valpara\u00edso que se desarroll\u00f3 en el Parque Cultural de Valpara\u00edso. Todo comenz\u00f3 con una emotiva performance, todo aludiendo a la tem\u00e1tica central de regenerar aludiendo a la sostenibilidad en torno a la moda, tema que ha estado presente en la [&hellip;]\" \/>\n<meta property=\"og:url\" content=\"https:\/\/dev.antudigital.cl\/sites\/vc\/asi-vivimos-pasarela-valparaiso-2023\/\" \/>\n<meta property=\"og:site_name\" content=\"Valpara\u00ed\u00adso Creativo\" \/>\n<meta property=\"article:published_time\" content=\"2023-10-09T19:06:50+00:00\" \/>\n<meta property=\"article:modified_time\" content=\"2023-10-09T19:12:56+00:00\" \/>\n<meta property=\"og:image\" content=\"https:\/\/dev.antudigital.cl\/sites\/vc\/wp-content\/uploads\/2023\/10\/Captura-de-Pantalla-2023-10-09-a-las-16.03.22.png\" \/>\n\t<meta property=\"og:image:width\" content=\"904\" \/>\n\t<meta property=\"og:image:height\" content=\"571\" \/>\n\t<meta property=\"og:image:type\" content=\"image\/png\" \/>\n<meta name=\"author\" content=\"Valpara\u00edso Creativo\" \/>\n<meta name=\"twitter:card\" content=\"summary_large_image\" \/>\n<meta name=\"twitter:label1\" content=\"Escrito por\" \/>\n\t<meta name=\"twitter:data1\" content=\"Valpara\u00edso Creativo\" \/>\n\t<meta name=\"twitter:label2\" content=\"Tiempo de lectura\" \/>\n\t<meta name=\"twitter:data2\" content=\"3 minutos\" \/>\n<script type=\"application\/ld+json\" class=\"yoast-schema-graph\">{\"@context\":\"https:\/\/schema.org\",\"@graph\":[{\"@type\":\"Article\",\"@id\":\"https:\/\/dev.antudigital.cl\/sites\/vc\/asi-vivimos-pasarela-valparaiso-2023\/#article\",\"isPartOf\":{\"@id\":\"https:\/\/dev.antudigital.cl\/sites\/vc\/asi-vivimos-pasarela-valparaiso-2023\/\"},\"author\":{\"name\":\"Valpara\u00edso Creativo\",\"@id\":\"https:\/\/dev.antudigital.cl\/sites\/vc\/#\/schema\/person\/c2b9da8dd545e27166fc5ab232837318\"},\"headline\":\"As\u00ed vivimos Pasarela Valpara\u00edso 2023\",\"datePublished\":\"2023-10-09T19:06:50+00:00\",\"dateModified\":\"2023-10-09T19:12:56+00:00\",\"mainEntityOfPage\":{\"@id\":\"https:\/\/dev.antudigital.cl\/sites\/vc\/asi-vivimos-pasarela-valparaiso-2023\/\"},\"wordCount\":365,\"image\":{\"@id\":\"https:\/\/dev.antudigital.cl\/sites\/vc\/asi-vivimos-pasarela-valparaiso-2023\/#primaryimage\"},\"thumbnailUrl\":\"https:\/\/dev.antudigital.cl\/sites\/vc\/wp-content\/uploads\/2023\/10\/Captura-de-Pantalla-2023-10-09-a-las-16.03.22.png\",\"articleSection\":[\"Blog\",\"Uncategorized\"],\"inLanguage\":\"es\"},{\"@type\":\"WebPage\",\"@id\":\"https:\/\/dev.antudigital.cl\/sites\/vc\/asi-vivimos-pasarela-valparaiso-2023\/\",\"url\":\"https:\/\/dev.antudigital.cl\/sites\/vc\/asi-vivimos-pasarela-valparaiso-2023\/\",\"name\":\"As\u00ed vivimos Pasarela Valpara\u00edso 2023 - Valpara\u00ed\u00adso Creativo\",\"isPartOf\":{\"@id\":\"https:\/\/dev.antudigital.cl\/sites\/vc\/#website\"},\"primaryImageOfPage\":{\"@id\":\"https:\/\/dev.antudigital.cl\/sites\/vc\/asi-vivimos-pasarela-valparaiso-2023\/#primaryimage\"},\"image\":{\"@id\":\"https:\/\/dev.antudigital.cl\/sites\/vc\/asi-vivimos-pasarela-valparaiso-2023\/#primaryimage\"},\"thumbnailUrl\":\"https:\/\/dev.antudigital.cl\/sites\/vc\/wp-content\/uploads\/2023\/10\/Captura-de-Pantalla-2023-10-09-a-las-16.03.22.png\",\"datePublished\":\"2023-10-09T19:06:50+00:00\",\"dateModified\":\"2023-10-09T19:12:56+00:00\",\"author\":{\"@id\":\"https:\/\/dev.antudigital.cl\/sites\/vc\/#\/schema\/person\/c2b9da8dd545e27166fc5ab232837318\"},\"breadcrumb\":{\"@id\":\"https:\/\/dev.antudigital.cl\/sites\/vc\/asi-vivimos-pasarela-valparaiso-2023\/#breadcrumb\"},\"inLanguage\":\"es\",\"potentialAction\":[{\"@type\":\"ReadAction\",\"target\":[\"https:\/\/dev.antudigital.cl\/sites\/vc\/asi-vivimos-pasarela-valparaiso-2023\/\"]}]},{\"@type\":\"ImageObject\",\"inLanguage\":\"es\",\"@id\":\"https:\/\/dev.antudigital.cl\/sites\/vc\/asi-vivimos-pasarela-valparaiso-2023\/#primaryimage\",\"url\":\"https:\/\/dev.antudigital.cl\/sites\/vc\/wp-content\/uploads\/2023\/10\/Captura-de-Pantalla-2023-10-09-a-las-16.03.22.png\",\"contentUrl\":\"https:\/\/dev.antudigital.cl\/sites\/vc\/wp-content\/uploads\/2023\/10\/Captura-de-Pantalla-2023-10-09-a-las-16.03.22.png\",\"width\":904,\"height\":571},{\"@type\":\"BreadcrumbList\",\"@id\":\"https:\/\/dev.antudigital.cl\/sites\/vc\/asi-vivimos-pasarela-valparaiso-2023\/#breadcrumb\",\"itemListElement\":[{\"@type\":\"ListItem\",\"position\":1,\"name\":\"Home\",\"item\":\"https:\/\/dev.antudigital.cl\/sites\/vc\/\"},{\"@type\":\"ListItem\",\"position\":2,\"name\":\"As\u00ed vivimos Pasarela Valpara\u00edso 2023\"}]},{\"@type\":\"WebSite\",\"@id\":\"https:\/\/dev.antudigital.cl\/sites\/vc\/#website\",\"url\":\"https:\/\/dev.antudigital.cl\/sites\/vc\/\",\"name\":\"Valpara\u00ed\u00adso Creativo\",\"description\":\"\",\"potentialAction\":[{\"@type\":\"SearchAction\",\"target\":{\"@type\":\"EntryPoint\",\"urlTemplate\":\"https:\/\/dev.antudigital.cl\/sites\/vc\/?s={search_term_string}\"},\"query-input\":{\"@type\":\"PropertyValueSpecification\",\"valueRequired\":true,\"valueName\":\"search_term_string\"}}],\"inLanguage\":\"es\"},{\"@type\":\"Person\",\"@id\":\"https:\/\/dev.antudigital.cl\/sites\/vc\/#\/schema\/person\/c2b9da8dd545e27166fc5ab232837318\",\"name\":\"Valpara\u00edso Creativo\",\"description\":\"Periodista de cultura en la Regi\u00f3n de Valpara\u00edso.\",\"url\":\"https:\/\/dev.antudigital.cl\/sites\/vc\/author\/valpoadmin\/\"}]}<\/script>\n<!-- \/ Yoast SEO plugin. -->","yoast_head_json":{"title":"As\u00ed vivimos Pasarela Valpara\u00edso 2023 - Valpara\u00ed\u00adso Creativo","robots":{"index":"index","follow":"follow","max-snippet":"max-snippet:-1","max-image-preview":"max-image-preview:large","max-video-preview":"max-video-preview:-1"},"canonical":"https:\/\/dev.antudigital.cl\/sites\/vc\/asi-vivimos-pasarela-valparaiso-2023\/","og_locale":"es_ES","og_type":"article","og_title":"As\u00ed vivimos Pasarela Valpara\u00edso 2023 - Valpara\u00ed\u00adso Creativo","og_description":"El s\u00e1bado 7 tambi\u00e9n tuvimos la oportunidad de asistir a la doceava versi\u00f3n de Pasarela Valpara\u00edso que se desarroll\u00f3 en el Parque Cultural de Valpara\u00edso. Todo comenz\u00f3 con una emotiva performance, todo aludiendo a la tem\u00e1tica central de regenerar aludiendo a la sostenibilidad en torno a la moda, tema que ha estado presente en la [&hellip;]","og_url":"https:\/\/dev.antudigital.cl\/sites\/vc\/asi-vivimos-pasarela-valparaiso-2023\/","og_site_name":"Valpara\u00ed\u00adso Creativo","article_published_time":"2023-10-09T19:06:50+00:00","article_modified_time":"2023-10-09T19:12:56+00:00","og_image":[{"width":904,"height":571,"url":"https:\/\/dev.antudigital.cl\/sites\/vc\/wp-content\/uploads\/2023\/10\/Captura-de-Pantalla-2023-10-09-a-las-16.03.22.png","type":"image\/png"}],"author":"Valpara\u00edso Creativo","twitter_card":"summary_large_image","twitter_misc":{"Escrito por":"Valpara\u00edso Creativo","Tiempo de lectura":"3 minutos"},"schema":{"@context":"https:\/\/schema.org","@graph":[{"@type":"Article","@id":"https:\/\/dev.antudigital.cl\/sites\/vc\/asi-vivimos-pasarela-valparaiso-2023\/#article","isPartOf":{"@id":"https:\/\/dev.antudigital.cl\/sites\/vc\/asi-vivimos-pasarela-valparaiso-2023\/"},"author":{"name":"Valpara\u00edso Creativo","@id":"https:\/\/dev.antudigital.cl\/sites\/vc\/#\/schema\/person\/c2b9da8dd545e27166fc5ab232837318"},"headline":"As\u00ed vivimos Pasarela Valpara\u00edso 2023","datePublished":"2023-10-09T19:06:50+00:00","dateModified":"2023-10-09T19:12:56+00:00","mainEntityOfPage":{"@id":"https:\/\/dev.antudigital.cl\/sites\/vc\/asi-vivimos-pasarela-valparaiso-2023\/"},"wordCount":365,"image":{"@id":"https:\/\/dev.antudigital.cl\/sites\/vc\/asi-vivimos-pasarela-valparaiso-2023\/#primaryimage"},"thumbnailUrl":"https:\/\/dev.antudigital.cl\/sites\/vc\/wp-content\/uploads\/2023\/10\/Captura-de-Pantalla-2023-10-09-a-las-16.03.22.png","articleSection":["Blog","Uncategorized"],"inLanguage":"es"},{"@type":"WebPage","@id":"https:\/\/dev.antudigital.cl\/sites\/vc\/asi-vivimos-pasarela-valparaiso-2023\/","url":"https:\/\/dev.antudigital.cl\/sites\/vc\/asi-vivimos-pasarela-valparaiso-2023\/","name":"As\u00ed vivimos Pasarela Valpara\u00edso 2023 - Valpara\u00ed\u00adso Creativo","isPartOf":{"@id":"https:\/\/dev.antudigital.cl\/sites\/vc\/#website"},"primaryImageOfPage":{"@id":"https:\/\/dev.antudigital.cl\/sites\/vc\/asi-vivimos-pasarela-valparaiso-2023\/#primaryimage"},"image":{"@id":"https:\/\/dev.antudigital.cl\/sites\/vc\/asi-vivimos-pasarela-valparaiso-2023\/#primaryimage"},"thumbnailUrl":"https:\/\/dev.antudigital.cl\/sites\/vc\/wp-content\/uploads\/2023\/10\/Captura-de-Pantalla-2023-10-09-a-las-16.03.22.png","datePublished":"2023-10-09T19:06:50+00:00","dateModified":"2023-10-09T19:12:56+00:00","author":{"@id":"https:\/\/dev.antudigital.cl\/sites\/vc\/#\/schema\/person\/c2b9da8dd545e27166fc5ab232837318"},"breadcrumb":{"@id":"https:\/\/dev.antudigital.cl\/sites\/vc\/asi-vivimos-pasarela-valparaiso-2023\/#breadcrumb"},"inLanguage":"es","potentialAction":[{"@type":"ReadAction","target":["https:\/\/dev.antudigital.cl\/sites\/vc\/asi-vivimos-pasarela-valparaiso-2023\/"]}]},{"@type":"ImageObject","inLanguage":"es","@id":"https:\/\/dev.antudigital.cl\/sites\/vc\/asi-vivimos-pasarela-valparaiso-2023\/#primaryimage","url":"https:\/\/dev.antudigital.cl\/sites\/vc\/wp-content\/uploads\/2023\/10\/Captura-de-Pantalla-2023-10-09-a-las-16.03.22.png","contentUrl":"https:\/\/dev.antudigital.cl\/sites\/vc\/wp-content\/uploads\/2023\/10\/Captura-de-Pantalla-2023-10-09-a-las-16.03.22.png","width":904,"height":571},{"@type":"BreadcrumbList","@id":"https:\/\/dev.antudigital.cl\/sites\/vc\/asi-vivimos-pasarela-valparaiso-2023\/#breadcrumb","itemListElement":[{"@type":"ListItem","position":1,"name":"Home","item":"https:\/\/dev.antudigital.cl\/sites\/vc\/"},{"@type":"ListItem","position":2,"name":"As\u00ed vivimos Pasarela Valpara\u00edso 2023"}]},{"@type":"WebSite","@id":"https:\/\/dev.antudigital.cl\/sites\/vc\/#website","url":"https:\/\/dev.antudigital.cl\/sites\/vc\/","name":"Valpara\u00ed\u00adso Creativo","description":"","potentialAction":[{"@type":"SearchAction","target":{"@type":"EntryPoint","urlTemplate":"https:\/\/dev.antudigital.cl\/sites\/vc\/?s={search_term_string}"},"query-input":{"@type":"PropertyValueSpecification","valueRequired":true,"valueName":"search_term_string"}}],"inLanguage":"es"},{"@type":"Person","@id":"https:\/\/dev.antudigital.cl\/sites\/vc\/#\/schema\/person\/c2b9da8dd545e27166fc5ab232837318","name":"Valpara\u00edso Creativo","description":"Periodista de cultura en la Regi\u00f3n de Valpara\u00edso.","url":"https:\/\/dev.antudigital.cl\/sites\/vc\/author\/valpoadmin\/"}]}},"_links":{"self":[{"href":"https:\/\/dev.antudigital.cl\/sites\/vc\/wp-json\/wp\/v2\/posts\/17364","targetHints":{"allow":["GET"]}}],"collection":[{"href":"https:\/\/dev.antudigital.cl\/sites\/vc\/wp-json\/wp\/v2\/posts"}],"about":[{"href":"https:\/\/dev.antudigital.cl\/sites\/vc\/wp-json\/wp\/v2\/types\/post"}],"author":[{"embeddable":true,"href":"https:\/\/dev.antudigital.cl\/sites\/vc\/wp-json\/wp\/v2\/users\/1"}],"replies":[{"embeddable":true,"href":"https:\/\/dev.antudigital.cl\/sites\/vc\/wp-json\/wp\/v2\/comments?post=17364"}],"version-history":[{"count":3,"href":"https:\/\/dev.antudigital.cl\/sites\/vc\/wp-json\/wp\/v2\/posts\/17364\/revisions"}],"predecessor-version":[{"id":17374,"href":"https:\/\/dev.antudigital.cl\/sites\/vc\/wp-json\/wp\/v2\/posts\/17364\/revisions\/17374"}],"wp:featuredmedia":[{"embeddable":true,"href":"https:\/\/dev.antudigital.cl\/sites\/vc\/wp-json\/wp\/v2\/media\/17367"}],"wp:attachment":[{"href":"https:\/\/dev.antudigital.cl\/sites\/vc\/wp-json\/wp\/v2\/media?parent=17364"}],"wp:term":[{"taxonomy":"category","embeddable":true,"href":"https:\/\/dev.antudigital.cl\/sites\/vc\/wp-json\/wp\/v2\/categories?post=17364"},{"taxonomy":"post_tag","embeddable":true,"href":"https:\/\/dev.antudigital.cl\/sites\/vc\/wp-json\/wp\/v2\/tags?post=17364"}],"curies":[{"name":"wp","href":"https:\/\/api.w.org\/{rel}","templated":true}]}}