{"id":17511,"date":"2023-10-24T01:23:00","date_gmt":"2023-10-24T01:23:00","guid":{"rendered":"https:\/\/www.valparaisocreativo.cl\/?p=17511"},"modified":"2023-10-24T01:23:07","modified_gmt":"2023-10-24T01:23:07","slug":"estudiantes-de-teatro-uv-realizan-la-decimotercera-version-del-festival-de-creacion-juan-barattini-carvelli","status":"publish","type":"post","link":"https:\/\/dev.antudigital.cl\/sites\/vc\/estudiantes-de-teatro-uv-realizan-la-decimotercera-version-del-festival-de-creacion-juan-barattini-carvelli\/","title":{"rendered":"Estudiantes de Teatro UV realizan la decimotercera versi\u00f3n del Festival de Creaci\u00f3n Juan Barattini Carvelli"},"content":{"rendered":"\n<p>Los d\u00edas mi\u00e9rcoles 25 y jueves 26 de octubre a las 18:00 horas se realizar\u00e1 el XIII Festival de Creaci\u00f3n Juan Barattini Carvelli en la Escuela de Teatro UV, ubicada en Avenida Brasil 1647, Valpara\u00edso. La iniciativa del Festival nace el a\u00f1o 2009 por parte de estudiantes que quer\u00edan reconocer en vida a uno de los maestros que form\u00f3 a varias generaciones de actrices y actores en dramaturgia y direcci\u00f3n teatral. En esta oportunidad se presentar\u00e1 una obra de la carrera de Actuaci\u00f3n Duoc UC y cuatro de la Escuela de Teatro UV. Entrada liberada por orden de llegada.<\/p>\n\n\n\n<p>El mi\u00e9rcoles 25 el Colectivo Wabi-Sabi Teatro dar\u00e1 inicio al Festival con la puesta en escena de \u201cBelleza: Un mundo de placer\u201d, obra que trata sobre un lugar aparentemente id\u00edlico, lejos de la memoria y los dolores. Luego se presenta \u201cBellum \u00f3mnium contra omne\u201d de la Colectiva de teatro La curiosidad mat\u00f3 a la planta; relata la historia de un desconocido y ambicioso poeta, donde las relaciones humanas son como una cadena alimenticia.<\/p>\n\n\n\n<p>El jueves 26 se presenta \u201cCuarto de libra\u201d del Colectivo Pendiente, tragicomedia que aborda el fin de un imperio narci, \u201cDisnomia, di\u00e1logo de una mente ansiosa\u201d de C\u00eda. Debacle, muestra esc\u00e9nica que indaga una mente dividida en tres cuerpos, y \u201cLa mentira m\u00e1s grande\u201d del Colectivo Pantano, que aborda lo que sucede en un pa\u00eds luego de la dictadura, donde el dinero, la moral y las buenas costumbres cruzar\u00e1n a los personajes y sus din\u00e1micas.<\/p>\n\n\n\n<p><strong>Organizadores<\/strong><\/p>\n\n\n\n<p>Amanda Ferreira Hidalgo es estudiante de la Escuela de Teatro UV e integrante del equipo organizador del Festival. Comenta: \u201cEl proceso de convocatoria parti\u00f3 en agosto, cuando fue el lanzamiento del formulario. Postularon siete obras y seleccionamos cinco, seg\u00fan lo solicitado en las bases. Va a ser un bonito Festival, se presentan estudiantes de distintos cursos y estamos muy felices de la participaci\u00f3n de Actuaci\u00f3n Duoc UC con \u2018Belleza: Un mundo de placer\u2019. Es una alegr\u00eda convocarnos como estudiantes en torno a las artes esc\u00e9nicas, el equipo organizador ha hecho un trabajo muy arduo.\u201d<\/p>\n\n\n\n<p>Alexis Villalobos, estudiante de la Escuela e integrante del equipo organizador, comparte: \u201cSubirse a una escalera, poner las luces, acomodarlas, me entretiene bastante. Estamos realizando una planta de iluminaci\u00f3n general, donde el par 56 y los elipsos son lo principal. Organizar este segundo Festival luego de pandemia ha sido m\u00e1s org\u00e1nico que el a\u00f1o pasado, estoy agradecido del equipo y del aprendizaje que implica\u201d.<\/p>\n\n\n\n<p>Para m\u00e1s informaci\u00f3n seguir en Instagram a @escuelateatrouv y @_teatrouv.<\/p>\n\n\n\n<figure class=\"wp-block-image size-full\"><img fetchpriority=\"high\" decoding=\"async\" width=\"679\" height=\"678\" src=\"https:\/\/www.valparaisocreativo.cl\/wp-content\/uploads\/2023\/10\/Captura-de-Pantalla-2023-10-23-a-las-22.22.46.png\" alt=\"\" class=\"wp-image-17515\" srcset=\"https:\/\/dev.antudigital.cl\/sites\/vc\/wp-content\/uploads\/2023\/10\/Captura-de-Pantalla-2023-10-23-a-las-22.22.46.png 679w, https:\/\/dev.antudigital.cl\/sites\/vc\/wp-content\/uploads\/2023\/10\/Captura-de-Pantalla-2023-10-23-a-las-22.22.46-300x300.png 300w, https:\/\/dev.antudigital.cl\/sites\/vc\/wp-content\/uploads\/2023\/10\/Captura-de-Pantalla-2023-10-23-a-las-22.22.46-150x150.png 150w, https:\/\/dev.antudigital.cl\/sites\/vc\/wp-content\/uploads\/2023\/10\/Captura-de-Pantalla-2023-10-23-a-las-22.22.46-480x479.png 480w, https:\/\/dev.antudigital.cl\/sites\/vc\/wp-content\/uploads\/2023\/10\/Captura-de-Pantalla-2023-10-23-a-las-22.22.46-24x24.png 24w, https:\/\/dev.antudigital.cl\/sites\/vc\/wp-content\/uploads\/2023\/10\/Captura-de-Pantalla-2023-10-23-a-las-22.22.46-36x36.png 36w, https:\/\/dev.antudigital.cl\/sites\/vc\/wp-content\/uploads\/2023\/10\/Captura-de-Pantalla-2023-10-23-a-las-22.22.46-48x48.png 48w\" sizes=\"(max-width: 679px) 100vw, 679px\" \/><\/figure>\n","protected":false},"excerpt":{"rendered":"<p>Los d\u00edas mi\u00e9rcoles 25 y jueves 26 de octubre a las 18:00 horas se realizar\u00e1 el XIII Festival de Creaci\u00f3n Juan Barattini Carvelli en la Escuela de Teatro UV, ubicada en Avenida Brasil 1647, Valpara\u00edso. La iniciativa del Festival nace el a\u00f1o 2009 por parte de estudiantes que quer\u00edan reconocer en vida a uno de [&hellip;]<\/p>\n","protected":false},"author":1,"featured_media":17512,"comment_status":"closed","ping_status":"closed","sticky":false,"template":"","format":"standard","meta":{"_acf_changed":false,"footnotes":""},"categories":[1],"tags":[],"class_list":["post-17511","post","type-post","status-publish","format-standard","has-post-thumbnail","hentry","category-uncategorized"],"acf":[],"yoast_head":"<!-- This site is optimized with the Yoast SEO plugin v27.1.1 - https:\/\/yoast.com\/product\/yoast-seo-wordpress\/ -->\n<title>Estudiantes de Teatro UV realizan la decimotercera versi\u00f3n del Festival de Creaci\u00f3n Juan Barattini Carvelli - Valpara\u00ed\u00adso Creativo<\/title>\n<meta name=\"robots\" content=\"index, follow, max-snippet:-1, max-image-preview:large, max-video-preview:-1\" \/>\n<link rel=\"canonical\" href=\"https:\/\/dev.antudigital.cl\/sites\/vc\/estudiantes-de-teatro-uv-realizan-la-decimotercera-version-del-festival-de-creacion-juan-barattini-carvelli\/\" \/>\n<meta property=\"og:locale\" content=\"es_ES\" \/>\n<meta property=\"og:type\" content=\"article\" \/>\n<meta property=\"og:title\" content=\"Estudiantes de Teatro UV realizan la decimotercera versi\u00f3n del Festival de Creaci\u00f3n Juan Barattini Carvelli - Valpara\u00ed\u00adso Creativo\" \/>\n<meta property=\"og:description\" content=\"Los d\u00edas mi\u00e9rcoles 25 y jueves 26 de octubre a las 18:00 horas se realizar\u00e1 el XIII Festival de Creaci\u00f3n Juan Barattini Carvelli en la Escuela de Teatro UV, ubicada en Avenida Brasil 1647, Valpara\u00edso. La iniciativa del Festival nace el a\u00f1o 2009 por parte de estudiantes que quer\u00edan reconocer en vida a uno de [&hellip;]\" \/>\n<meta property=\"og:url\" content=\"https:\/\/dev.antudigital.cl\/sites\/vc\/estudiantes-de-teatro-uv-realizan-la-decimotercera-version-del-festival-de-creacion-juan-barattini-carvelli\/\" \/>\n<meta property=\"og:site_name\" content=\"Valpara\u00ed\u00adso Creativo\" \/>\n<meta property=\"article:published_time\" content=\"2023-10-24T01:23:00+00:00\" \/>\n<meta property=\"article:modified_time\" content=\"2023-10-24T01:23:07+00:00\" \/>\n<meta property=\"og:image\" content=\"https:\/\/dev.antudigital.cl\/sites\/vc\/wp-content\/uploads\/2023\/10\/JBC-BANNER.png\" \/>\n\t<meta property=\"og:image:width\" content=\"3417\" \/>\n\t<meta property=\"og:image:height\" content=\"1300\" \/>\n\t<meta property=\"og:image:type\" content=\"image\/png\" \/>\n<meta name=\"author\" content=\"Valpara\u00edso Creativo\" \/>\n<meta name=\"twitter:card\" content=\"summary_large_image\" \/>\n<meta name=\"twitter:label1\" content=\"Escrito por\" \/>\n\t<meta name=\"twitter:data1\" content=\"Valpara\u00edso Creativo\" \/>\n\t<meta name=\"twitter:label2\" content=\"Tiempo de lectura\" \/>\n\t<meta name=\"twitter:data2\" content=\"3 minutos\" \/>\n<script type=\"application\/ld+json\" class=\"yoast-schema-graph\">{\"@context\":\"https:\/\/schema.org\",\"@graph\":[{\"@type\":\"Article\",\"@id\":\"https:\/\/dev.antudigital.cl\/sites\/vc\/estudiantes-de-teatro-uv-realizan-la-decimotercera-version-del-festival-de-creacion-juan-barattini-carvelli\/#article\",\"isPartOf\":{\"@id\":\"https:\/\/dev.antudigital.cl\/sites\/vc\/estudiantes-de-teatro-uv-realizan-la-decimotercera-version-del-festival-de-creacion-juan-barattini-carvelli\/\"},\"author\":{\"name\":\"Valpara\u00edso Creativo\",\"@id\":\"https:\/\/dev.antudigital.cl\/sites\/vc\/#\/schema\/person\/c2b9da8dd545e27166fc5ab232837318\"},\"headline\":\"Estudiantes de Teatro UV realizan la decimotercera versi\u00f3n del Festival de Creaci\u00f3n Juan Barattini Carvelli\",\"datePublished\":\"2023-10-24T01:23:00+00:00\",\"dateModified\":\"2023-10-24T01:23:07+00:00\",\"mainEntityOfPage\":{\"@id\":\"https:\/\/dev.antudigital.cl\/sites\/vc\/estudiantes-de-teatro-uv-realizan-la-decimotercera-version-del-festival-de-creacion-juan-barattini-carvelli\/\"},\"wordCount\":453,\"image\":{\"@id\":\"https:\/\/dev.antudigital.cl\/sites\/vc\/estudiantes-de-teatro-uv-realizan-la-decimotercera-version-del-festival-de-creacion-juan-barattini-carvelli\/#primaryimage\"},\"thumbnailUrl\":\"https:\/\/dev.antudigital.cl\/sites\/vc\/wp-content\/uploads\/2023\/10\/JBC-BANNER.png\",\"articleSection\":[\"Uncategorized\"],\"inLanguage\":\"es\"},{\"@type\":\"WebPage\",\"@id\":\"https:\/\/dev.antudigital.cl\/sites\/vc\/estudiantes-de-teatro-uv-realizan-la-decimotercera-version-del-festival-de-creacion-juan-barattini-carvelli\/\",\"url\":\"https:\/\/dev.antudigital.cl\/sites\/vc\/estudiantes-de-teatro-uv-realizan-la-decimotercera-version-del-festival-de-creacion-juan-barattini-carvelli\/\",\"name\":\"Estudiantes de Teatro UV realizan la decimotercera versi\u00f3n del Festival de Creaci\u00f3n Juan Barattini Carvelli - Valpara\u00ed\u00adso Creativo\",\"isPartOf\":{\"@id\":\"https:\/\/dev.antudigital.cl\/sites\/vc\/#website\"},\"primaryImageOfPage\":{\"@id\":\"https:\/\/dev.antudigital.cl\/sites\/vc\/estudiantes-de-teatro-uv-realizan-la-decimotercera-version-del-festival-de-creacion-juan-barattini-carvelli\/#primaryimage\"},\"image\":{\"@id\":\"https:\/\/dev.antudigital.cl\/sites\/vc\/estudiantes-de-teatro-uv-realizan-la-decimotercera-version-del-festival-de-creacion-juan-barattini-carvelli\/#primaryimage\"},\"thumbnailUrl\":\"https:\/\/dev.antudigital.cl\/sites\/vc\/wp-content\/uploads\/2023\/10\/JBC-BANNER.png\",\"datePublished\":\"2023-10-24T01:23:00+00:00\",\"dateModified\":\"2023-10-24T01:23:07+00:00\",\"author\":{\"@id\":\"https:\/\/dev.antudigital.cl\/sites\/vc\/#\/schema\/person\/c2b9da8dd545e27166fc5ab232837318\"},\"breadcrumb\":{\"@id\":\"https:\/\/dev.antudigital.cl\/sites\/vc\/estudiantes-de-teatro-uv-realizan-la-decimotercera-version-del-festival-de-creacion-juan-barattini-carvelli\/#breadcrumb\"},\"inLanguage\":\"es\",\"potentialAction\":[{\"@type\":\"ReadAction\",\"target\":[\"https:\/\/dev.antudigital.cl\/sites\/vc\/estudiantes-de-teatro-uv-realizan-la-decimotercera-version-del-festival-de-creacion-juan-barattini-carvelli\/\"]}]},{\"@type\":\"ImageObject\",\"inLanguage\":\"es\",\"@id\":\"https:\/\/dev.antudigital.cl\/sites\/vc\/estudiantes-de-teatro-uv-realizan-la-decimotercera-version-del-festival-de-creacion-juan-barattini-carvelli\/#primaryimage\",\"url\":\"https:\/\/dev.antudigital.cl\/sites\/vc\/wp-content\/uploads\/2023\/10\/JBC-BANNER.png\",\"contentUrl\":\"https:\/\/dev.antudigital.cl\/sites\/vc\/wp-content\/uploads\/2023\/10\/JBC-BANNER.png\",\"width\":3417,\"height\":1300},{\"@type\":\"BreadcrumbList\",\"@id\":\"https:\/\/dev.antudigital.cl\/sites\/vc\/estudiantes-de-teatro-uv-realizan-la-decimotercera-version-del-festival-de-creacion-juan-barattini-carvelli\/#breadcrumb\",\"itemListElement\":[{\"@type\":\"ListItem\",\"position\":1,\"name\":\"Home\",\"item\":\"https:\/\/dev.antudigital.cl\/sites\/vc\/\"},{\"@type\":\"ListItem\",\"position\":2,\"name\":\"Estudiantes de Teatro UV realizan la decimotercera versi\u00f3n del Festival de Creaci\u00f3n Juan Barattini Carvelli\"}]},{\"@type\":\"WebSite\",\"@id\":\"https:\/\/dev.antudigital.cl\/sites\/vc\/#website\",\"url\":\"https:\/\/dev.antudigital.cl\/sites\/vc\/\",\"name\":\"Valpara\u00ed\u00adso Creativo\",\"description\":\"\",\"potentialAction\":[{\"@type\":\"SearchAction\",\"target\":{\"@type\":\"EntryPoint\",\"urlTemplate\":\"https:\/\/dev.antudigital.cl\/sites\/vc\/?s={search_term_string}\"},\"query-input\":{\"@type\":\"PropertyValueSpecification\",\"valueRequired\":true,\"valueName\":\"search_term_string\"}}],\"inLanguage\":\"es\"},{\"@type\":\"Person\",\"@id\":\"https:\/\/dev.antudigital.cl\/sites\/vc\/#\/schema\/person\/c2b9da8dd545e27166fc5ab232837318\",\"name\":\"Valpara\u00edso Creativo\",\"description\":\"Periodista de cultura en la Regi\u00f3n de Valpara\u00edso.\",\"url\":\"https:\/\/dev.antudigital.cl\/sites\/vc\/author\/valpoadmin\/\"}]}<\/script>\n<!-- \/ Yoast SEO plugin. -->","yoast_head_json":{"title":"Estudiantes de Teatro UV realizan la decimotercera versi\u00f3n del Festival de Creaci\u00f3n Juan Barattini Carvelli - Valpara\u00ed\u00adso Creativo","robots":{"index":"index","follow":"follow","max-snippet":"max-snippet:-1","max-image-preview":"max-image-preview:large","max-video-preview":"max-video-preview:-1"},"canonical":"https:\/\/dev.antudigital.cl\/sites\/vc\/estudiantes-de-teatro-uv-realizan-la-decimotercera-version-del-festival-de-creacion-juan-barattini-carvelli\/","og_locale":"es_ES","og_type":"article","og_title":"Estudiantes de Teatro UV realizan la decimotercera versi\u00f3n del Festival de Creaci\u00f3n Juan Barattini Carvelli - Valpara\u00ed\u00adso Creativo","og_description":"Los d\u00edas mi\u00e9rcoles 25 y jueves 26 de octubre a las 18:00 horas se realizar\u00e1 el XIII Festival de Creaci\u00f3n Juan Barattini Carvelli en la Escuela de Teatro UV, ubicada en Avenida Brasil 1647, Valpara\u00edso. La iniciativa del Festival nace el a\u00f1o 2009 por parte de estudiantes que quer\u00edan reconocer en vida a uno de [&hellip;]","og_url":"https:\/\/dev.antudigital.cl\/sites\/vc\/estudiantes-de-teatro-uv-realizan-la-decimotercera-version-del-festival-de-creacion-juan-barattini-carvelli\/","og_site_name":"Valpara\u00ed\u00adso Creativo","article_published_time":"2023-10-24T01:23:00+00:00","article_modified_time":"2023-10-24T01:23:07+00:00","og_image":[{"width":3417,"height":1300,"url":"https:\/\/dev.antudigital.cl\/sites\/vc\/wp-content\/uploads\/2023\/10\/JBC-BANNER.png","type":"image\/png"}],"author":"Valpara\u00edso Creativo","twitter_card":"summary_large_image","twitter_misc":{"Escrito por":"Valpara\u00edso Creativo","Tiempo de lectura":"3 minutos"},"schema":{"@context":"https:\/\/schema.org","@graph":[{"@type":"Article","@id":"https:\/\/dev.antudigital.cl\/sites\/vc\/estudiantes-de-teatro-uv-realizan-la-decimotercera-version-del-festival-de-creacion-juan-barattini-carvelli\/#article","isPartOf":{"@id":"https:\/\/dev.antudigital.cl\/sites\/vc\/estudiantes-de-teatro-uv-realizan-la-decimotercera-version-del-festival-de-creacion-juan-barattini-carvelli\/"},"author":{"name":"Valpara\u00edso Creativo","@id":"https:\/\/dev.antudigital.cl\/sites\/vc\/#\/schema\/person\/c2b9da8dd545e27166fc5ab232837318"},"headline":"Estudiantes de Teatro UV realizan la decimotercera versi\u00f3n del Festival de Creaci\u00f3n Juan Barattini Carvelli","datePublished":"2023-10-24T01:23:00+00:00","dateModified":"2023-10-24T01:23:07+00:00","mainEntityOfPage":{"@id":"https:\/\/dev.antudigital.cl\/sites\/vc\/estudiantes-de-teatro-uv-realizan-la-decimotercera-version-del-festival-de-creacion-juan-barattini-carvelli\/"},"wordCount":453,"image":{"@id":"https:\/\/dev.antudigital.cl\/sites\/vc\/estudiantes-de-teatro-uv-realizan-la-decimotercera-version-del-festival-de-creacion-juan-barattini-carvelli\/#primaryimage"},"thumbnailUrl":"https:\/\/dev.antudigital.cl\/sites\/vc\/wp-content\/uploads\/2023\/10\/JBC-BANNER.png","articleSection":["Uncategorized"],"inLanguage":"es"},{"@type":"WebPage","@id":"https:\/\/dev.antudigital.cl\/sites\/vc\/estudiantes-de-teatro-uv-realizan-la-decimotercera-version-del-festival-de-creacion-juan-barattini-carvelli\/","url":"https:\/\/dev.antudigital.cl\/sites\/vc\/estudiantes-de-teatro-uv-realizan-la-decimotercera-version-del-festival-de-creacion-juan-barattini-carvelli\/","name":"Estudiantes de Teatro UV realizan la decimotercera versi\u00f3n del Festival de Creaci\u00f3n Juan Barattini Carvelli - Valpara\u00ed\u00adso Creativo","isPartOf":{"@id":"https:\/\/dev.antudigital.cl\/sites\/vc\/#website"},"primaryImageOfPage":{"@id":"https:\/\/dev.antudigital.cl\/sites\/vc\/estudiantes-de-teatro-uv-realizan-la-decimotercera-version-del-festival-de-creacion-juan-barattini-carvelli\/#primaryimage"},"image":{"@id":"https:\/\/dev.antudigital.cl\/sites\/vc\/estudiantes-de-teatro-uv-realizan-la-decimotercera-version-del-festival-de-creacion-juan-barattini-carvelli\/#primaryimage"},"thumbnailUrl":"https:\/\/dev.antudigital.cl\/sites\/vc\/wp-content\/uploads\/2023\/10\/JBC-BANNER.png","datePublished":"2023-10-24T01:23:00+00:00","dateModified":"2023-10-24T01:23:07+00:00","author":{"@id":"https:\/\/dev.antudigital.cl\/sites\/vc\/#\/schema\/person\/c2b9da8dd545e27166fc5ab232837318"},"breadcrumb":{"@id":"https:\/\/dev.antudigital.cl\/sites\/vc\/estudiantes-de-teatro-uv-realizan-la-decimotercera-version-del-festival-de-creacion-juan-barattini-carvelli\/#breadcrumb"},"inLanguage":"es","potentialAction":[{"@type":"ReadAction","target":["https:\/\/dev.antudigital.cl\/sites\/vc\/estudiantes-de-teatro-uv-realizan-la-decimotercera-version-del-festival-de-creacion-juan-barattini-carvelli\/"]}]},{"@type":"ImageObject","inLanguage":"es","@id":"https:\/\/dev.antudigital.cl\/sites\/vc\/estudiantes-de-teatro-uv-realizan-la-decimotercera-version-del-festival-de-creacion-juan-barattini-carvelli\/#primaryimage","url":"https:\/\/dev.antudigital.cl\/sites\/vc\/wp-content\/uploads\/2023\/10\/JBC-BANNER.png","contentUrl":"https:\/\/dev.antudigital.cl\/sites\/vc\/wp-content\/uploads\/2023\/10\/JBC-BANNER.png","width":3417,"height":1300},{"@type":"BreadcrumbList","@id":"https:\/\/dev.antudigital.cl\/sites\/vc\/estudiantes-de-teatro-uv-realizan-la-decimotercera-version-del-festival-de-creacion-juan-barattini-carvelli\/#breadcrumb","itemListElement":[{"@type":"ListItem","position":1,"name":"Home","item":"https:\/\/dev.antudigital.cl\/sites\/vc\/"},{"@type":"ListItem","position":2,"name":"Estudiantes de Teatro UV realizan la decimotercera versi\u00f3n del Festival de Creaci\u00f3n Juan Barattini Carvelli"}]},{"@type":"WebSite","@id":"https:\/\/dev.antudigital.cl\/sites\/vc\/#website","url":"https:\/\/dev.antudigital.cl\/sites\/vc\/","name":"Valpara\u00ed\u00adso Creativo","description":"","potentialAction":[{"@type":"SearchAction","target":{"@type":"EntryPoint","urlTemplate":"https:\/\/dev.antudigital.cl\/sites\/vc\/?s={search_term_string}"},"query-input":{"@type":"PropertyValueSpecification","valueRequired":true,"valueName":"search_term_string"}}],"inLanguage":"es"},{"@type":"Person","@id":"https:\/\/dev.antudigital.cl\/sites\/vc\/#\/schema\/person\/c2b9da8dd545e27166fc5ab232837318","name":"Valpara\u00edso Creativo","description":"Periodista de cultura en la Regi\u00f3n de Valpara\u00edso.","url":"https:\/\/dev.antudigital.cl\/sites\/vc\/author\/valpoadmin\/"}]}},"_links":{"self":[{"href":"https:\/\/dev.antudigital.cl\/sites\/vc\/wp-json\/wp\/v2\/posts\/17511","targetHints":{"allow":["GET"]}}],"collection":[{"href":"https:\/\/dev.antudigital.cl\/sites\/vc\/wp-json\/wp\/v2\/posts"}],"about":[{"href":"https:\/\/dev.antudigital.cl\/sites\/vc\/wp-json\/wp\/v2\/types\/post"}],"author":[{"embeddable":true,"href":"https:\/\/dev.antudigital.cl\/sites\/vc\/wp-json\/wp\/v2\/users\/1"}],"replies":[{"embeddable":true,"href":"https:\/\/dev.antudigital.cl\/sites\/vc\/wp-json\/wp\/v2\/comments?post=17511"}],"version-history":[{"count":1,"href":"https:\/\/dev.antudigital.cl\/sites\/vc\/wp-json\/wp\/v2\/posts\/17511\/revisions"}],"predecessor-version":[{"id":17516,"href":"https:\/\/dev.antudigital.cl\/sites\/vc\/wp-json\/wp\/v2\/posts\/17511\/revisions\/17516"}],"wp:featuredmedia":[{"embeddable":true,"href":"https:\/\/dev.antudigital.cl\/sites\/vc\/wp-json\/wp\/v2\/media\/17512"}],"wp:attachment":[{"href":"https:\/\/dev.antudigital.cl\/sites\/vc\/wp-json\/wp\/v2\/media?parent=17511"}],"wp:term":[{"taxonomy":"category","embeddable":true,"href":"https:\/\/dev.antudigital.cl\/sites\/vc\/wp-json\/wp\/v2\/categories?post=17511"},{"taxonomy":"post_tag","embeddable":true,"href":"https:\/\/dev.antudigital.cl\/sites\/vc\/wp-json\/wp\/v2\/tags?post=17511"}],"curies":[{"name":"wp","href":"https:\/\/api.w.org\/{rel}","templated":true}]}}