{"id":17517,"date":"2023-10-24T01:29:09","date_gmt":"2023-10-24T01:29:09","guid":{"rendered":"https:\/\/www.valparaisocreativo.cl\/?p=17517"},"modified":"2023-10-24T01:29:15","modified_gmt":"2023-10-24T01:29:15","slug":"autoridades-regionales-dan-inicio-a-diseno-del-proyecto-habilitacion-sitio-de-memoria-conjunto-ex-carcel-publica-de-valparaiso","status":"publish","type":"post","link":"https:\/\/dev.antudigital.cl\/sites\/vc\/autoridades-regionales-dan-inicio-a-diseno-del-proyecto-habilitacion-sitio-de-memoria-conjunto-ex-carcel-publica-de-valparaiso\/","title":{"rendered":"Autoridades regionales dan inicio a dise\u00f1o del proyecto \u201cHabilitaci\u00f3n Sitio de Memoria Conjunto Ex C\u00e1rcel P\u00fablica de Valpara\u00edso\u201d"},"content":{"rendered":"\n<p><em>Parque Cultural de Valpara\u00edso en alianza con el Gobierno Regional y la Direcci\u00f3n Regional del Servicio Nacional de Patrimonio Cultural, dieron inicio oficial a la etapa de dise\u00f1o del proyecto \u201cHabilitaci\u00f3n Sitio de Memoria Conjunto Ex C\u00e1rcel P\u00fablica de Valpara\u00edso\u201d. El proyecto financiado por el GORE, considera un monto de $183.306.000 en esta etapa.<\/em><\/p>\n\n\n\n<p>Hasta el Parque Cultural de Valpara\u00edso &#8211; Ex C\u00e1rcel (PCdV), llegaron autoridades representantes del Gobierno Regional de Valpara\u00edso (GORE) y la Direcci\u00f3n Regional del Servicio Nacional de Patrimonio (SERPAT) para dar inicio a la etapa de dise\u00f1o del proyecto \u201cHabilitaci\u00f3n Sitio de Memoria Conjunto Ex C\u00e1rcel P\u00fablica de Valpara\u00edso\u201d.<\/p>\n\n\n\n<p>El proyecto de inversi\u00f3n busca poner en valor y visibilizar al principal sitio de detenci\u00f3n e interrogatorio de la regi\u00f3n, hoy Sitio de Memoria, comprendido por dos Monumentos Hist\u00f3ricos: Casa de P\u00f3lvora y Ex c\u00e1rcel P\u00fablica de Valpara\u00edso. En la instancia, participaron el Gobernador Regional, Rodrigo Mundaca; el director regional del SERPAT, Salvador Angulo y; el director ejecutivo (i) del Parque Cultural, Erick Fuentes.<\/p>\n\n\n\n<p>Al respecto, <strong>Rodrigo Mundaca<\/strong>, asegur\u00f3 que el GORE est\u00e1 comprometido con la preservaci\u00f3n del espacio, para lo cual han sido destinados recursos e iniciativas e indic\u00f3 que el gobierno est\u00e1 dispuesto a colaborar.<\/p>\n\n\n\n<p>\u201c<em>Este fue el principal centro de detenci\u00f3n e interrogatorio durante la dictadura y poner en valor este Sitio de Memoria, a nuestro juicio, como gobierno regional de Valpara\u00edso, es un imperativo \u00e9tico, un imperativo moral. El Gobierno Regional ha destinado recursos para la preservaci\u00f3n patrimonial del polvor\u00edn, y hemos estado trabajando intensamente tambi\u00e9n en distintas iniciativas. Como gobierno regional, le hemos expresado a su director ejecutivo, le hemos expresado tambi\u00e9n al director regional de patrimonio, nuestro compromiso con la memoria, con la promoci\u00f3n y defensa de los derechos humanos, nuestro compromiso por verdad, justicia y reparaci\u00f3n, y porque nunca m\u00e1s ocurran situaciones tan dantescas como las que tuvimos que vivir en este centro de detenci\u00f3n e interrogatorio. As\u00ed que nos ponemos a disposici\u00f3n<\/em>\u201d.<\/p>\n\n\n\n<p>Por su parte, <strong>Salvador Angulo<\/strong>, director regional del SERPAT, tambi\u00e9n manifest\u00f3 la disposici\u00f3n del Servicio para poner en marcha el Sitio de Memoria y promover una convivencia basada en el respeto a los derechos humanos. Agradeci\u00f3, adem\u00e1s, al Gobierno Regional por brindar los recursos necesarios para este proyecto.<\/p>\n\n\n\n<p>\u201c<em>Efectivamente este es un imperativo \u00e9tico para el cual el Servicio Nacional de Patrimonio Cultural de la Regi\u00f3n de Valpara\u00edso est\u00e1 al servicio y disponible para poner en manos de la comunidad este Sitio de Memoria, pensando sobre todo en los ni\u00f1os, las ni\u00f1as, los adolescentes, las personas que por su juventud no vivieron o no conocen los horrores que se vivieron en este sitio; como una manera de propiciar una convivencia social mucho m\u00e1s sana y basada en el respeto irrestricto de los derechos humanos. As\u00ed que poner a disposici\u00f3n este sitio, hacer todas las gestiones necesarias para que la comunidad se apropie de \u00e9l y agradecerle profundamente al gobierno regional que ponga los recursos necesarios para poder impulsar y concretar este proyecto<\/em>\u201d.<\/p>\n\n\n\n<p>En ese mismo sentido,<strong> Erick Fuentes<\/strong>, director ejecutivo (i) del Parque Cultural, se\u00f1al\u00f3 que este proyecto es reparatorio, incluye la participaci\u00f3n de la comunidad y promueve la democracia.<\/p>\n\n\n\n<p>\u201c<em>Es de todo significativo para el Parque Cultural de Valpara\u00edso ir recuperando este espacio como Ex C\u00e1rcel. Este es sitio de memoria que tiene una trayectoria hist\u00f3rica de m\u00e1s de dos siglos y, sin embargo, esto se encontraba completamente invisibilizado. En ese contexto, un proyecto que resignifica y rehabilita este lugar, y que sit\u00faa ah\u00ed un museo con todas estas capas de memoria es del todo significativo, es hist\u00f3rico, es trascendente. Desde ese punto de vista, hacerlo hoy junto a las comunidades y su protagonismo tambi\u00e9n es clave y por eso, este proyecto, adem\u00e1s, es un proyecto reparatorio. Reabre el sitio de memoria en su programa de intervenciones que recuperan la experiencia carcelaria con la participaci\u00f3n de las comunidades. Entonces, eso asegura que la invisibilizaci\u00f3n que tuvo el proyecto original sea reparado, adem\u00e1s, en un sentido de justicia con comunidades que sobrevivieron, que hoy d\u00eda est\u00e1n vivas y que promueven la apropiaci\u00f3n, pero tambi\u00e9n la democracia y una cultura de derechos humanos en el presente. Es un proyecto emblem\u00e1tico que cumple una funci\u00f3n p\u00fablica y se aspecta como un ejercicio fundamental para los momentos que vivimos como pa\u00eds<\/em>\u201d.<\/p>\n\n\n\n<figure class=\"wp-block-image size-large\"><img fetchpriority=\"high\" decoding=\"async\" width=\"599\" height=\"1024\" src=\"https:\/\/www.valparaisocreativo.cl\/wp-content\/uploads\/2023\/10\/IMG_6776-599x1024.jpg\" alt=\"\" class=\"wp-image-17519\" srcset=\"https:\/\/dev.antudigital.cl\/sites\/vc\/wp-content\/uploads\/2023\/10\/IMG_6776-599x1024.jpg 599w, https:\/\/dev.antudigital.cl\/sites\/vc\/wp-content\/uploads\/2023\/10\/IMG_6776-175x300.jpg 175w, https:\/\/dev.antudigital.cl\/sites\/vc\/wp-content\/uploads\/2023\/10\/IMG_6776-768x1314.jpg 768w, https:\/\/dev.antudigital.cl\/sites\/vc\/wp-content\/uploads\/2023\/10\/IMG_6776-898x1536.jpg 898w, https:\/\/dev.antudigital.cl\/sites\/vc\/wp-content\/uploads\/2023\/10\/IMG_6776-1080x1848.jpg 1080w, https:\/\/dev.antudigital.cl\/sites\/vc\/wp-content\/uploads\/2023\/10\/IMG_6776-980x1677.jpg 980w, https:\/\/dev.antudigital.cl\/sites\/vc\/wp-content\/uploads\/2023\/10\/IMG_6776-480x821.jpg 480w, https:\/\/dev.antudigital.cl\/sites\/vc\/wp-content\/uploads\/2023\/10\/IMG_6776-14x24.jpg 14w, https:\/\/dev.antudigital.cl\/sites\/vc\/wp-content\/uploads\/2023\/10\/IMG_6776-21x36.jpg 21w, https:\/\/dev.antudigital.cl\/sites\/vc\/wp-content\/uploads\/2023\/10\/IMG_6776-28x48.jpg 28w, https:\/\/dev.antudigital.cl\/sites\/vc\/wp-content\/uploads\/2023\/10\/IMG_6776.jpg 1179w\" sizes=\"(max-width: 599px) 100vw, 599px\" \/><\/figure>\n\n\n\n<p>Junto a representantes de T\u00e1ndem, empresa que se encuentra trabajando en la ejecuci\u00f3n del proyecto, se encontraba muy emocionado un ex preso pol\u00edtico de esta C\u00e1rcel, <strong>Juan Villagr\u00e1n<\/strong>, presidente del Colectivo de Ex Presos\/as Pol\u00edtico\/as de Valpara\u00edso, qui\u00e9n finaliz\u00f3 el encuentro agradeciendo la preocupaci\u00f3n de las autoridades, encontr\u00e1ndose dispuestos a hacer lo que se les solicite y afirmando su compromiso por la memoria y la democracia.<\/p>\n\n\n\n<p>\u201c<em>La verdad es que estoy un poco emocionado, porque para nosotros los expresos pol\u00edticos es s\u00faper importante preservar este lugar y por eso quiero agradecer la preocupaci\u00f3n del gobernador y la preocupaci\u00f3n del director regional de Patrimonio. Por supuesto voy a agradecer a Erick, porque desde que era trabajador del Parque ha estado siempre al lado nuestro, haciendo actividades por la memoria. Esperemos que lleguemos a un buen puerto, estaremos dispuestos a cualquier cosa que nos soliciten y vamos a seguir en la lucha por los testimonios con todo<\/em>\u201d.<\/p>\n\n\n\n<p>El proyecto que considera un monto de $183.306.000 en su etapa de dise\u00f1o, financiado por el GORE, abarca el conjunto comprendido por los Monumentos Hist\u00f3ricos Casa de P\u00f3lvora y Ex C\u00e1rcel, a partir de intervenciones que abordan diferentes escalas y aproximaciones al Sitio de Memoria. Fue desarrollado por el Departamento de Patrimonio, Memorias y Derechos Humanos del PCdV, como instituci\u00f3n mandante, en alianza con la Unidad de Gesti\u00f3n de Proyectos Patrimoniales de la Direcci\u00f3n Regional del SERPAT.<\/p>\n\n\n\n<p>El dise\u00f1o propone potenciar sus usos a trav\u00e9s de sistem\u00e1ticas acciones de restauraci\u00f3n y puesta en valor del patrimonio inmueble, redistribuci\u00f3n del programa arquitect\u00f3nico e incorporar la restauraci\u00f3n y conservaci\u00f3n de los objetos muebles asociados.<\/p>\n","protected":false},"excerpt":{"rendered":"<p>Parque Cultural de Valpara\u00edso en alianza con el Gobierno Regional y la Direcci\u00f3n Regional del Servicio Nacional de Patrimonio Cultural, dieron inicio oficial a la etapa de dise\u00f1o del proyecto \u201cHabilitaci\u00f3n Sitio de Memoria Conjunto Ex C\u00e1rcel P\u00fablica de Valpara\u00edso\u201d. El proyecto financiado por el GORE, considera un monto de $183.306.000 en esta etapa. Hasta [&hellip;]<\/p>\n","protected":false},"author":1,"featured_media":17518,"comment_status":"closed","ping_status":"closed","sticky":false,"template":"","format":"standard","meta":{"_acf_changed":false,"footnotes":""},"categories":[1],"tags":[],"class_list":["post-17517","post","type-post","status-publish","format-standard","has-post-thumbnail","hentry","category-uncategorized"],"acf":[],"yoast_head":"<!-- This site is optimized with the Yoast SEO plugin v27.1.1 - https:\/\/yoast.com\/product\/yoast-seo-wordpress\/ -->\n<title>Autoridades regionales dan inicio a dise\u00f1o del proyecto \u201cHabilitaci\u00f3n Sitio de Memoria Conjunto Ex C\u00e1rcel P\u00fablica de Valpara\u00edso\u201d - Valpara\u00ed\u00adso Creativo<\/title>\n<meta name=\"robots\" content=\"index, follow, max-snippet:-1, max-image-preview:large, max-video-preview:-1\" \/>\n<link rel=\"canonical\" href=\"https:\/\/dev.antudigital.cl\/sites\/vc\/autoridades-regionales-dan-inicio-a-diseno-del-proyecto-habilitacion-sitio-de-memoria-conjunto-ex-carcel-publica-de-valparaiso\/\" \/>\n<meta property=\"og:locale\" content=\"es_ES\" \/>\n<meta property=\"og:type\" content=\"article\" \/>\n<meta property=\"og:title\" content=\"Autoridades regionales dan inicio a dise\u00f1o del proyecto \u201cHabilitaci\u00f3n Sitio de Memoria Conjunto Ex C\u00e1rcel P\u00fablica de Valpara\u00edso\u201d - Valpara\u00ed\u00adso Creativo\" \/>\n<meta property=\"og:description\" content=\"Parque Cultural de Valpara\u00edso en alianza con el Gobierno Regional y la Direcci\u00f3n Regional del Servicio Nacional de Patrimonio Cultural, dieron inicio oficial a la etapa de dise\u00f1o del proyecto \u201cHabilitaci\u00f3n Sitio de Memoria Conjunto Ex C\u00e1rcel P\u00fablica de Valpara\u00edso\u201d. El proyecto financiado por el GORE, considera un monto de $183.306.000 en esta etapa. Hasta [&hellip;]\" \/>\n<meta property=\"og:url\" content=\"https:\/\/dev.antudigital.cl\/sites\/vc\/autoridades-regionales-dan-inicio-a-diseno-del-proyecto-habilitacion-sitio-de-memoria-conjunto-ex-carcel-publica-de-valparaiso\/\" \/>\n<meta property=\"og:site_name\" content=\"Valpara\u00ed\u00adso Creativo\" \/>\n<meta property=\"article:published_time\" content=\"2023-10-24T01:29:09+00:00\" \/>\n<meta property=\"article:modified_time\" content=\"2023-10-24T01:29:15+00:00\" \/>\n<meta property=\"og:image\" content=\"https:\/\/dev.antudigital.cl\/sites\/vc\/wp-content\/uploads\/2023\/10\/Captura-de-Pantalla-2023-10-23-a-las-22.28.08.png\" \/>\n\t<meta property=\"og:image:width\" content=\"649\" \/>\n\t<meta property=\"og:image:height\" content=\"355\" \/>\n\t<meta property=\"og:image:type\" content=\"image\/png\" \/>\n<meta name=\"author\" content=\"Valpara\u00edso Creativo\" \/>\n<meta name=\"twitter:card\" content=\"summary_large_image\" \/>\n<meta name=\"twitter:label1\" content=\"Escrito por\" \/>\n\t<meta name=\"twitter:data1\" content=\"Valpara\u00edso Creativo\" \/>\n\t<meta name=\"twitter:label2\" content=\"Tiempo de lectura\" \/>\n\t<meta name=\"twitter:data2\" content=\"5 minutos\" \/>\n<script type=\"application\/ld+json\" class=\"yoast-schema-graph\">{\"@context\":\"https:\/\/schema.org\",\"@graph\":[{\"@type\":\"Article\",\"@id\":\"https:\/\/dev.antudigital.cl\/sites\/vc\/autoridades-regionales-dan-inicio-a-diseno-del-proyecto-habilitacion-sitio-de-memoria-conjunto-ex-carcel-publica-de-valparaiso\/#article\",\"isPartOf\":{\"@id\":\"https:\/\/dev.antudigital.cl\/sites\/vc\/autoridades-regionales-dan-inicio-a-diseno-del-proyecto-habilitacion-sitio-de-memoria-conjunto-ex-carcel-publica-de-valparaiso\/\"},\"author\":{\"name\":\"Valpara\u00edso Creativo\",\"@id\":\"https:\/\/dev.antudigital.cl\/sites\/vc\/#\/schema\/person\/c2b9da8dd545e27166fc5ab232837318\"},\"headline\":\"Autoridades regionales dan inicio a dise\u00f1o del proyecto \u201cHabilitaci\u00f3n Sitio de Memoria Conjunto Ex C\u00e1rcel P\u00fablica de Valpara\u00edso\u201d\",\"datePublished\":\"2023-10-24T01:29:09+00:00\",\"dateModified\":\"2023-10-24T01:29:15+00:00\",\"mainEntityOfPage\":{\"@id\":\"https:\/\/dev.antudigital.cl\/sites\/vc\/autoridades-regionales-dan-inicio-a-diseno-del-proyecto-habilitacion-sitio-de-memoria-conjunto-ex-carcel-publica-de-valparaiso\/\"},\"wordCount\":1096,\"image\":{\"@id\":\"https:\/\/dev.antudigital.cl\/sites\/vc\/autoridades-regionales-dan-inicio-a-diseno-del-proyecto-habilitacion-sitio-de-memoria-conjunto-ex-carcel-publica-de-valparaiso\/#primaryimage\"},\"thumbnailUrl\":\"https:\/\/dev.antudigital.cl\/sites\/vc\/wp-content\/uploads\/2023\/10\/Captura-de-Pantalla-2023-10-23-a-las-22.28.08.png\",\"articleSection\":[\"Uncategorized\"],\"inLanguage\":\"es\"},{\"@type\":\"WebPage\",\"@id\":\"https:\/\/dev.antudigital.cl\/sites\/vc\/autoridades-regionales-dan-inicio-a-diseno-del-proyecto-habilitacion-sitio-de-memoria-conjunto-ex-carcel-publica-de-valparaiso\/\",\"url\":\"https:\/\/dev.antudigital.cl\/sites\/vc\/autoridades-regionales-dan-inicio-a-diseno-del-proyecto-habilitacion-sitio-de-memoria-conjunto-ex-carcel-publica-de-valparaiso\/\",\"name\":\"Autoridades regionales dan inicio a dise\u00f1o del proyecto \u201cHabilitaci\u00f3n Sitio de Memoria Conjunto Ex C\u00e1rcel P\u00fablica de Valpara\u00edso\u201d - Valpara\u00ed\u00adso Creativo\",\"isPartOf\":{\"@id\":\"https:\/\/dev.antudigital.cl\/sites\/vc\/#website\"},\"primaryImageOfPage\":{\"@id\":\"https:\/\/dev.antudigital.cl\/sites\/vc\/autoridades-regionales-dan-inicio-a-diseno-del-proyecto-habilitacion-sitio-de-memoria-conjunto-ex-carcel-publica-de-valparaiso\/#primaryimage\"},\"image\":{\"@id\":\"https:\/\/dev.antudigital.cl\/sites\/vc\/autoridades-regionales-dan-inicio-a-diseno-del-proyecto-habilitacion-sitio-de-memoria-conjunto-ex-carcel-publica-de-valparaiso\/#primaryimage\"},\"thumbnailUrl\":\"https:\/\/dev.antudigital.cl\/sites\/vc\/wp-content\/uploads\/2023\/10\/Captura-de-Pantalla-2023-10-23-a-las-22.28.08.png\",\"datePublished\":\"2023-10-24T01:29:09+00:00\",\"dateModified\":\"2023-10-24T01:29:15+00:00\",\"author\":{\"@id\":\"https:\/\/dev.antudigital.cl\/sites\/vc\/#\/schema\/person\/c2b9da8dd545e27166fc5ab232837318\"},\"breadcrumb\":{\"@id\":\"https:\/\/dev.antudigital.cl\/sites\/vc\/autoridades-regionales-dan-inicio-a-diseno-del-proyecto-habilitacion-sitio-de-memoria-conjunto-ex-carcel-publica-de-valparaiso\/#breadcrumb\"},\"inLanguage\":\"es\",\"potentialAction\":[{\"@type\":\"ReadAction\",\"target\":[\"https:\/\/dev.antudigital.cl\/sites\/vc\/autoridades-regionales-dan-inicio-a-diseno-del-proyecto-habilitacion-sitio-de-memoria-conjunto-ex-carcel-publica-de-valparaiso\/\"]}]},{\"@type\":\"ImageObject\",\"inLanguage\":\"es\",\"@id\":\"https:\/\/dev.antudigital.cl\/sites\/vc\/autoridades-regionales-dan-inicio-a-diseno-del-proyecto-habilitacion-sitio-de-memoria-conjunto-ex-carcel-publica-de-valparaiso\/#primaryimage\",\"url\":\"https:\/\/dev.antudigital.cl\/sites\/vc\/wp-content\/uploads\/2023\/10\/Captura-de-Pantalla-2023-10-23-a-las-22.28.08.png\",\"contentUrl\":\"https:\/\/dev.antudigital.cl\/sites\/vc\/wp-content\/uploads\/2023\/10\/Captura-de-Pantalla-2023-10-23-a-las-22.28.08.png\",\"width\":649,\"height\":355},{\"@type\":\"BreadcrumbList\",\"@id\":\"https:\/\/dev.antudigital.cl\/sites\/vc\/autoridades-regionales-dan-inicio-a-diseno-del-proyecto-habilitacion-sitio-de-memoria-conjunto-ex-carcel-publica-de-valparaiso\/#breadcrumb\",\"itemListElement\":[{\"@type\":\"ListItem\",\"position\":1,\"name\":\"Home\",\"item\":\"https:\/\/dev.antudigital.cl\/sites\/vc\/\"},{\"@type\":\"ListItem\",\"position\":2,\"name\":\"Autoridades regionales dan inicio a dise\u00f1o del proyecto \u201cHabilitaci\u00f3n Sitio de Memoria Conjunto Ex C\u00e1rcel P\u00fablica de Valpara\u00edso\u201d\"}]},{\"@type\":\"WebSite\",\"@id\":\"https:\/\/dev.antudigital.cl\/sites\/vc\/#website\",\"url\":\"https:\/\/dev.antudigital.cl\/sites\/vc\/\",\"name\":\"Valpara\u00ed\u00adso Creativo\",\"description\":\"\",\"potentialAction\":[{\"@type\":\"SearchAction\",\"target\":{\"@type\":\"EntryPoint\",\"urlTemplate\":\"https:\/\/dev.antudigital.cl\/sites\/vc\/?s={search_term_string}\"},\"query-input\":{\"@type\":\"PropertyValueSpecification\",\"valueRequired\":true,\"valueName\":\"search_term_string\"}}],\"inLanguage\":\"es\"},{\"@type\":\"Person\",\"@id\":\"https:\/\/dev.antudigital.cl\/sites\/vc\/#\/schema\/person\/c2b9da8dd545e27166fc5ab232837318\",\"name\":\"Valpara\u00edso Creativo\",\"description\":\"Periodista de cultura en la Regi\u00f3n de Valpara\u00edso.\",\"url\":\"https:\/\/dev.antudigital.cl\/sites\/vc\/author\/valpoadmin\/\"}]}<\/script>\n<!-- \/ Yoast SEO plugin. -->","yoast_head_json":{"title":"Autoridades regionales dan inicio a dise\u00f1o del proyecto \u201cHabilitaci\u00f3n Sitio de Memoria Conjunto Ex C\u00e1rcel P\u00fablica de Valpara\u00edso\u201d - Valpara\u00ed\u00adso Creativo","robots":{"index":"index","follow":"follow","max-snippet":"max-snippet:-1","max-image-preview":"max-image-preview:large","max-video-preview":"max-video-preview:-1"},"canonical":"https:\/\/dev.antudigital.cl\/sites\/vc\/autoridades-regionales-dan-inicio-a-diseno-del-proyecto-habilitacion-sitio-de-memoria-conjunto-ex-carcel-publica-de-valparaiso\/","og_locale":"es_ES","og_type":"article","og_title":"Autoridades regionales dan inicio a dise\u00f1o del proyecto \u201cHabilitaci\u00f3n Sitio de Memoria Conjunto Ex C\u00e1rcel P\u00fablica de Valpara\u00edso\u201d - Valpara\u00ed\u00adso Creativo","og_description":"Parque Cultural de Valpara\u00edso en alianza con el Gobierno Regional y la Direcci\u00f3n Regional del Servicio Nacional de Patrimonio Cultural, dieron inicio oficial a la etapa de dise\u00f1o del proyecto \u201cHabilitaci\u00f3n Sitio de Memoria Conjunto Ex C\u00e1rcel P\u00fablica de Valpara\u00edso\u201d. El proyecto financiado por el GORE, considera un monto de $183.306.000 en esta etapa. Hasta [&hellip;]","og_url":"https:\/\/dev.antudigital.cl\/sites\/vc\/autoridades-regionales-dan-inicio-a-diseno-del-proyecto-habilitacion-sitio-de-memoria-conjunto-ex-carcel-publica-de-valparaiso\/","og_site_name":"Valpara\u00ed\u00adso Creativo","article_published_time":"2023-10-24T01:29:09+00:00","article_modified_time":"2023-10-24T01:29:15+00:00","og_image":[{"width":649,"height":355,"url":"https:\/\/dev.antudigital.cl\/sites\/vc\/wp-content\/uploads\/2023\/10\/Captura-de-Pantalla-2023-10-23-a-las-22.28.08.png","type":"image\/png"}],"author":"Valpara\u00edso Creativo","twitter_card":"summary_large_image","twitter_misc":{"Escrito por":"Valpara\u00edso Creativo","Tiempo de lectura":"5 minutos"},"schema":{"@context":"https:\/\/schema.org","@graph":[{"@type":"Article","@id":"https:\/\/dev.antudigital.cl\/sites\/vc\/autoridades-regionales-dan-inicio-a-diseno-del-proyecto-habilitacion-sitio-de-memoria-conjunto-ex-carcel-publica-de-valparaiso\/#article","isPartOf":{"@id":"https:\/\/dev.antudigital.cl\/sites\/vc\/autoridades-regionales-dan-inicio-a-diseno-del-proyecto-habilitacion-sitio-de-memoria-conjunto-ex-carcel-publica-de-valparaiso\/"},"author":{"name":"Valpara\u00edso Creativo","@id":"https:\/\/dev.antudigital.cl\/sites\/vc\/#\/schema\/person\/c2b9da8dd545e27166fc5ab232837318"},"headline":"Autoridades regionales dan inicio a dise\u00f1o del proyecto \u201cHabilitaci\u00f3n Sitio de Memoria Conjunto Ex C\u00e1rcel P\u00fablica de Valpara\u00edso\u201d","datePublished":"2023-10-24T01:29:09+00:00","dateModified":"2023-10-24T01:29:15+00:00","mainEntityOfPage":{"@id":"https:\/\/dev.antudigital.cl\/sites\/vc\/autoridades-regionales-dan-inicio-a-diseno-del-proyecto-habilitacion-sitio-de-memoria-conjunto-ex-carcel-publica-de-valparaiso\/"},"wordCount":1096,"image":{"@id":"https:\/\/dev.antudigital.cl\/sites\/vc\/autoridades-regionales-dan-inicio-a-diseno-del-proyecto-habilitacion-sitio-de-memoria-conjunto-ex-carcel-publica-de-valparaiso\/#primaryimage"},"thumbnailUrl":"https:\/\/dev.antudigital.cl\/sites\/vc\/wp-content\/uploads\/2023\/10\/Captura-de-Pantalla-2023-10-23-a-las-22.28.08.png","articleSection":["Uncategorized"],"inLanguage":"es"},{"@type":"WebPage","@id":"https:\/\/dev.antudigital.cl\/sites\/vc\/autoridades-regionales-dan-inicio-a-diseno-del-proyecto-habilitacion-sitio-de-memoria-conjunto-ex-carcel-publica-de-valparaiso\/","url":"https:\/\/dev.antudigital.cl\/sites\/vc\/autoridades-regionales-dan-inicio-a-diseno-del-proyecto-habilitacion-sitio-de-memoria-conjunto-ex-carcel-publica-de-valparaiso\/","name":"Autoridades regionales dan inicio a dise\u00f1o del proyecto \u201cHabilitaci\u00f3n Sitio de Memoria Conjunto Ex C\u00e1rcel P\u00fablica de Valpara\u00edso\u201d - Valpara\u00ed\u00adso Creativo","isPartOf":{"@id":"https:\/\/dev.antudigital.cl\/sites\/vc\/#website"},"primaryImageOfPage":{"@id":"https:\/\/dev.antudigital.cl\/sites\/vc\/autoridades-regionales-dan-inicio-a-diseno-del-proyecto-habilitacion-sitio-de-memoria-conjunto-ex-carcel-publica-de-valparaiso\/#primaryimage"},"image":{"@id":"https:\/\/dev.antudigital.cl\/sites\/vc\/autoridades-regionales-dan-inicio-a-diseno-del-proyecto-habilitacion-sitio-de-memoria-conjunto-ex-carcel-publica-de-valparaiso\/#primaryimage"},"thumbnailUrl":"https:\/\/dev.antudigital.cl\/sites\/vc\/wp-content\/uploads\/2023\/10\/Captura-de-Pantalla-2023-10-23-a-las-22.28.08.png","datePublished":"2023-10-24T01:29:09+00:00","dateModified":"2023-10-24T01:29:15+00:00","author":{"@id":"https:\/\/dev.antudigital.cl\/sites\/vc\/#\/schema\/person\/c2b9da8dd545e27166fc5ab232837318"},"breadcrumb":{"@id":"https:\/\/dev.antudigital.cl\/sites\/vc\/autoridades-regionales-dan-inicio-a-diseno-del-proyecto-habilitacion-sitio-de-memoria-conjunto-ex-carcel-publica-de-valparaiso\/#breadcrumb"},"inLanguage":"es","potentialAction":[{"@type":"ReadAction","target":["https:\/\/dev.antudigital.cl\/sites\/vc\/autoridades-regionales-dan-inicio-a-diseno-del-proyecto-habilitacion-sitio-de-memoria-conjunto-ex-carcel-publica-de-valparaiso\/"]}]},{"@type":"ImageObject","inLanguage":"es","@id":"https:\/\/dev.antudigital.cl\/sites\/vc\/autoridades-regionales-dan-inicio-a-diseno-del-proyecto-habilitacion-sitio-de-memoria-conjunto-ex-carcel-publica-de-valparaiso\/#primaryimage","url":"https:\/\/dev.antudigital.cl\/sites\/vc\/wp-content\/uploads\/2023\/10\/Captura-de-Pantalla-2023-10-23-a-las-22.28.08.png","contentUrl":"https:\/\/dev.antudigital.cl\/sites\/vc\/wp-content\/uploads\/2023\/10\/Captura-de-Pantalla-2023-10-23-a-las-22.28.08.png","width":649,"height":355},{"@type":"BreadcrumbList","@id":"https:\/\/dev.antudigital.cl\/sites\/vc\/autoridades-regionales-dan-inicio-a-diseno-del-proyecto-habilitacion-sitio-de-memoria-conjunto-ex-carcel-publica-de-valparaiso\/#breadcrumb","itemListElement":[{"@type":"ListItem","position":1,"name":"Home","item":"https:\/\/dev.antudigital.cl\/sites\/vc\/"},{"@type":"ListItem","position":2,"name":"Autoridades regionales dan inicio a dise\u00f1o del proyecto \u201cHabilitaci\u00f3n Sitio de Memoria Conjunto Ex C\u00e1rcel P\u00fablica de Valpara\u00edso\u201d"}]},{"@type":"WebSite","@id":"https:\/\/dev.antudigital.cl\/sites\/vc\/#website","url":"https:\/\/dev.antudigital.cl\/sites\/vc\/","name":"Valpara\u00ed\u00adso Creativo","description":"","potentialAction":[{"@type":"SearchAction","target":{"@type":"EntryPoint","urlTemplate":"https:\/\/dev.antudigital.cl\/sites\/vc\/?s={search_term_string}"},"query-input":{"@type":"PropertyValueSpecification","valueRequired":true,"valueName":"search_term_string"}}],"inLanguage":"es"},{"@type":"Person","@id":"https:\/\/dev.antudigital.cl\/sites\/vc\/#\/schema\/person\/c2b9da8dd545e27166fc5ab232837318","name":"Valpara\u00edso Creativo","description":"Periodista de cultura en la Regi\u00f3n de Valpara\u00edso.","url":"https:\/\/dev.antudigital.cl\/sites\/vc\/author\/valpoadmin\/"}]}},"_links":{"self":[{"href":"https:\/\/dev.antudigital.cl\/sites\/vc\/wp-json\/wp\/v2\/posts\/17517","targetHints":{"allow":["GET"]}}],"collection":[{"href":"https:\/\/dev.antudigital.cl\/sites\/vc\/wp-json\/wp\/v2\/posts"}],"about":[{"href":"https:\/\/dev.antudigital.cl\/sites\/vc\/wp-json\/wp\/v2\/types\/post"}],"author":[{"embeddable":true,"href":"https:\/\/dev.antudigital.cl\/sites\/vc\/wp-json\/wp\/v2\/users\/1"}],"replies":[{"embeddable":true,"href":"https:\/\/dev.antudigital.cl\/sites\/vc\/wp-json\/wp\/v2\/comments?post=17517"}],"version-history":[{"count":1,"href":"https:\/\/dev.antudigital.cl\/sites\/vc\/wp-json\/wp\/v2\/posts\/17517\/revisions"}],"predecessor-version":[{"id":17520,"href":"https:\/\/dev.antudigital.cl\/sites\/vc\/wp-json\/wp\/v2\/posts\/17517\/revisions\/17520"}],"wp:featuredmedia":[{"embeddable":true,"href":"https:\/\/dev.antudigital.cl\/sites\/vc\/wp-json\/wp\/v2\/media\/17518"}],"wp:attachment":[{"href":"https:\/\/dev.antudigital.cl\/sites\/vc\/wp-json\/wp\/v2\/media?parent=17517"}],"wp:term":[{"taxonomy":"category","embeddable":true,"href":"https:\/\/dev.antudigital.cl\/sites\/vc\/wp-json\/wp\/v2\/categories?post=17517"},{"taxonomy":"post_tag","embeddable":true,"href":"https:\/\/dev.antudigital.cl\/sites\/vc\/wp-json\/wp\/v2\/tags?post=17517"}],"curies":[{"name":"wp","href":"https:\/\/api.w.org\/{rel}","templated":true}]}}