{"id":17521,"date":"2023-10-24T01:31:39","date_gmt":"2023-10-24T01:31:39","guid":{"rendered":"https:\/\/www.valparaisocreativo.cl\/?p=17521"},"modified":"2023-10-24T01:31:44","modified_gmt":"2023-10-24T01:31:44","slug":"museo-artequin-de-vina-del-mar-invita-a-celebrar-sus-15-anos-con-entrada-liberada-y-actividades-gratuitas","status":"publish","type":"post","link":"https:\/\/dev.antudigital.cl\/sites\/vc\/museo-artequin-de-vina-del-mar-invita-a-celebrar-sus-15-anos-con-entrada-liberada-y-actividades-gratuitas\/","title":{"rendered":"Museo Artequin de Vi\u00f1a del Mar invita a celebrar sus 15 a\u00f1os con entrada liberada y actividades gratuitas"},"content":{"rendered":"\n<p><strong>La oferta de entretenimiento abarca m\u00fasica en vivo, ferias de emprendimientos, conocimientos y patio de comidas<\/strong><\/p>\n\n\n\n<p><strong>El programa se complementa con talleres y espect\u00e1culos familiares.<\/strong><\/p>\n\n\n\n<p>Este fin de mes el museo Artequin de Vi\u00f1a del mar se alista para celebrar sus 15 a\u00f1os de existencia en la ciudad jard\u00edn e invita a toda la comunidad y visitantes de de la ciudad, a pasar este fin de semana largo con la entretenci\u00f3n de una variada y nutrida cartelera de actividades familiares.<\/p>\n\n\n\n<p>Desde el d\u00eda viernes 27, hasta el domingo 29 de octubre, se podr\u00e1 ingresar y recorrer el museo con entrada liberada a todo p\u00fablico y adem\u00e1s se podr\u00e1 participar de manera gratuita de todas las actividades ofrecidas.<\/p>\n\n\n\n<figure class=\"wp-block-image size-full\"><img fetchpriority=\"high\" decoding=\"async\" width=\"768\" height=\"1024\" src=\"https:\/\/www.valparaisocreativo.cl\/wp-content\/uploads\/2023\/10\/WhatsApp-Image-2023-10-19-at-18.12.58.jpeg\" alt=\"\" class=\"wp-image-17523\" srcset=\"https:\/\/dev.antudigital.cl\/sites\/vc\/wp-content\/uploads\/2023\/10\/WhatsApp-Image-2023-10-19-at-18.12.58.jpeg 768w, https:\/\/dev.antudigital.cl\/sites\/vc\/wp-content\/uploads\/2023\/10\/WhatsApp-Image-2023-10-19-at-18.12.58-225x300.jpeg 225w, https:\/\/dev.antudigital.cl\/sites\/vc\/wp-content\/uploads\/2023\/10\/WhatsApp-Image-2023-10-19-at-18.12.58-480x640.jpeg 480w, https:\/\/dev.antudigital.cl\/sites\/vc\/wp-content\/uploads\/2023\/10\/WhatsApp-Image-2023-10-19-at-18.12.58-18x24.jpeg 18w, https:\/\/dev.antudigital.cl\/sites\/vc\/wp-content\/uploads\/2023\/10\/WhatsApp-Image-2023-10-19-at-18.12.58-27x36.jpeg 27w, https:\/\/dev.antudigital.cl\/sites\/vc\/wp-content\/uploads\/2023\/10\/WhatsApp-Image-2023-10-19-at-18.12.58-36x48.jpeg 36w\" sizes=\"(max-width: 768px) 100vw, 768px\" \/><\/figure>\n\n\n\n<p><strong>Ferias, patio de comidas y talleres<\/strong><\/p>\n\n\n\n<p>Para ese fin de semana largo, se ofrecer\u00e1n diversos talleres art\u00edsticos, que buscan acercar a ni\u00f1as y ni\u00f1os a la naturaleza y a la artes visuales a trav\u00e9s del collage, crear objetos m\u00e1gicos para jugar y contar historias, crear libros con t\u00e9cnicas japonesas, o vivir experiencias art\u00edsticas a trav\u00e9s del teatro y la expresi\u00f3n corporal. La participaci\u00f3n no requiere inscripci\u00f3n previa y se debe estar en el lugar ya que son&nbsp; cupos limitados&nbsp;<\/p>\n\n\n\n<p>Durante los d\u00edas s\u00e1bado en la ma\u00f1ana se realizar\u00e1 la primera versi\u00f3n de la Feria del Conocimiento, experiencia que busca que sus participantes expongan sus conocimientos, sobre diversos tem\u00e1ticas como monedas antiguas, mariposas, bicicletas etc, en una dinamica de presentacion rotativa al interior del museo y paralelamente, durante todo el d\u00eda s\u00e1bado y domingo se llevar\u00e1 a cabo una feria de emprendimientos locales, acompa\u00f1a por una variada oferta gastron\u00f3mica en un patio de comidas al aire libre.&nbsp;<\/p>\n\n\n\n<p><strong>Espect\u00e1culos, m\u00fasica en vivo y fiesta de disfraces<\/strong><\/p>\n\n\n\n<p>Durante la tardes de los 3 d\u00edas del fin de semana de celebraci\u00f3n, se presentar\u00e1n obras teatrales cargadas de risa, acrobacias y entretenci\u00f3n, a cargo de diversas compa\u00f1\u00edas art\u00edsticas de regi\u00f3n que invitan a jugar con burbujas gigantes y a entrar al mundo del circo y los divertidos payasos malabaristas. La m\u00fasica en vivo estar\u00e1 a cargo de la banda Los Espejos que se encargar\u00e1 de hacer bailar al p\u00fablico asistente el domingo al mediod\u00eda.<\/p>\n\n\n\n<p>El cierre de la parrilla program\u00e1tica ser\u00e1 el d\u00eda martes 31, donde se invita a participar de un taller de disfraces, aprovechando la noche de la fiesta de Halloween y se dar\u00e1 acceso liberado a cualquiera que llegue disfrazado al museo durante toda la jornada, sin importar su edad.<\/p>\n\n\n\n<p>Su directora ejecutiva Macarena Ruiz , nos comenta \u201chemos querido abrir las puertas a toda la ciudad para que celebremos en conjunto esta fecha tan importante para nuestro museo, el que queremos se convierta en un hito imperdible para la entretenci\u00f3n, arte y la educaci\u00f3n en Vi\u00f1a del Mar.\u201d&nbsp;&nbsp;<\/p>\n\n\n\n<p>El Museo Artequin de Vi\u00f1a del Mar est\u00e1 ubicado en el parque Quinta Vergara y es un espacio creado y pensado para la educaci\u00f3n art\u00edstica de ni\u00f1as y ni\u00f1os, utilizando metodolog\u00edas entretenidas y participativas para acercar la historia del arte a la comunidad a trav\u00e9s de los juegos y la interacci\u00f3n.<\/p>\n\n\n\n<p>Toda la informaci\u00f3n detallada de cada actividad, se puede encontrar en la web del museo <a href=\"http:\/\/www.artequinvina.cl\">www.artequinvina.cl<\/a> y se ir\u00e1 liberando en sus redes sociales @artequinvina.<\/p>\n\n\n\n<figure class=\"wp-block-image size-large\"><img decoding=\"async\" width=\"1024\" height=\"1001\" src=\"https:\/\/www.valparaisocreativo.cl\/wp-content\/uploads\/2023\/10\/post15anos1taser1pza-1024x1001.jpg\" alt=\"\" class=\"wp-image-17522\" srcset=\"https:\/\/dev.antudigital.cl\/sites\/vc\/wp-content\/uploads\/2023\/10\/post15anos1taser1pza-1024x1001.jpg 1024w, https:\/\/dev.antudigital.cl\/sites\/vc\/wp-content\/uploads\/2023\/10\/post15anos1taser1pza-300x293.jpg 300w, https:\/\/dev.antudigital.cl\/sites\/vc\/wp-content\/uploads\/2023\/10\/post15anos1taser1pza-768x751.jpg 768w, https:\/\/dev.antudigital.cl\/sites\/vc\/wp-content\/uploads\/2023\/10\/post15anos1taser1pza-1080x1055.jpg 1080w, https:\/\/dev.antudigital.cl\/sites\/vc\/wp-content\/uploads\/2023\/10\/post15anos1taser1pza-1280x1251.jpg 1280w, https:\/\/dev.antudigital.cl\/sites\/vc\/wp-content\/uploads\/2023\/10\/post15anos1taser1pza-980x958.jpg 980w, https:\/\/dev.antudigital.cl\/sites\/vc\/wp-content\/uploads\/2023\/10\/post15anos1taser1pza-480x469.jpg 480w, https:\/\/dev.antudigital.cl\/sites\/vc\/wp-content\/uploads\/2023\/10\/post15anos1taser1pza-24x24.jpg 24w, https:\/\/dev.antudigital.cl\/sites\/vc\/wp-content\/uploads\/2023\/10\/post15anos1taser1pza-36x36.jpg 36w, https:\/\/dev.antudigital.cl\/sites\/vc\/wp-content\/uploads\/2023\/10\/post15anos1taser1pza-48x48.jpg 48w, https:\/\/dev.antudigital.cl\/sites\/vc\/wp-content\/uploads\/2023\/10\/post15anos1taser1pza.jpg 1453w\" sizes=\"(max-width: 1024px) 100vw, 1024px\" \/><\/figure>\n","protected":false},"excerpt":{"rendered":"<p>La oferta de entretenimiento abarca m\u00fasica en vivo, ferias de emprendimientos, conocimientos y patio de comidas El programa se complementa con talleres y espect\u00e1culos familiares. Este fin de mes el museo Artequin de Vi\u00f1a del mar se alista para celebrar sus 15 a\u00f1os de existencia en la ciudad jard\u00edn e invita a toda la comunidad [&hellip;]<\/p>\n","protected":false},"author":1,"featured_media":17524,"comment_status":"closed","ping_status":"closed","sticky":false,"template":"","format":"standard","meta":{"_acf_changed":false,"footnotes":""},"categories":[1],"tags":[],"class_list":["post-17521","post","type-post","status-publish","format-standard","has-post-thumbnail","hentry","category-uncategorized"],"acf":[],"yoast_head":"<!-- This site is optimized with the Yoast SEO plugin v27.1.1 - https:\/\/yoast.com\/product\/yoast-seo-wordpress\/ -->\n<title>Museo Artequin de Vi\u00f1a del Mar invita a celebrar sus 15 a\u00f1os con entrada liberada y actividades gratuitas - Valpara\u00ed\u00adso Creativo<\/title>\n<meta name=\"robots\" content=\"index, follow, max-snippet:-1, max-image-preview:large, max-video-preview:-1\" \/>\n<link rel=\"canonical\" href=\"https:\/\/dev.antudigital.cl\/sites\/vc\/museo-artequin-de-vina-del-mar-invita-a-celebrar-sus-15-anos-con-entrada-liberada-y-actividades-gratuitas\/\" \/>\n<meta property=\"og:locale\" content=\"es_ES\" \/>\n<meta property=\"og:type\" content=\"article\" \/>\n<meta property=\"og:title\" content=\"Museo Artequin de Vi\u00f1a del Mar invita a celebrar sus 15 a\u00f1os con entrada liberada y actividades gratuitas - Valpara\u00ed\u00adso Creativo\" \/>\n<meta property=\"og:description\" content=\"La oferta de entretenimiento abarca m\u00fasica en vivo, ferias de emprendimientos, conocimientos y patio de comidas El programa se complementa con talleres y espect\u00e1culos familiares. Este fin de mes el museo Artequin de Vi\u00f1a del mar se alista para celebrar sus 15 a\u00f1os de existencia en la ciudad jard\u00edn e invita a toda la comunidad [&hellip;]\" \/>\n<meta property=\"og:url\" content=\"https:\/\/dev.antudigital.cl\/sites\/vc\/museo-artequin-de-vina-del-mar-invita-a-celebrar-sus-15-anos-con-entrada-liberada-y-actividades-gratuitas\/\" \/>\n<meta property=\"og:site_name\" content=\"Valpara\u00ed\u00adso Creativo\" \/>\n<meta property=\"article:published_time\" content=\"2023-10-24T01:31:39+00:00\" \/>\n<meta property=\"article:modified_time\" content=\"2023-10-24T01:31:44+00:00\" \/>\n<meta property=\"og:image\" content=\"https:\/\/dev.antudigital.cl\/sites\/vc\/wp-content\/uploads\/2023\/10\/WhatsApp-Image-2023-10-19-at-18.12.58-1.jpeg\" \/>\n\t<meta property=\"og:image:width\" content=\"1024\" \/>\n\t<meta property=\"og:image:height\" content=\"576\" \/>\n\t<meta property=\"og:image:type\" content=\"image\/jpeg\" \/>\n<meta name=\"author\" content=\"Valpara\u00edso Creativo\" \/>\n<meta name=\"twitter:card\" content=\"summary_large_image\" \/>\n<meta name=\"twitter:label1\" content=\"Escrito por\" \/>\n\t<meta name=\"twitter:data1\" content=\"Valpara\u00edso Creativo\" \/>\n\t<meta name=\"twitter:label2\" content=\"Tiempo de lectura\" \/>\n\t<meta name=\"twitter:data2\" content=\"3 minutos\" \/>\n<script type=\"application\/ld+json\" class=\"yoast-schema-graph\">{\"@context\":\"https:\/\/schema.org\",\"@graph\":[{\"@type\":\"Article\",\"@id\":\"https:\/\/dev.antudigital.cl\/sites\/vc\/museo-artequin-de-vina-del-mar-invita-a-celebrar-sus-15-anos-con-entrada-liberada-y-actividades-gratuitas\/#article\",\"isPartOf\":{\"@id\":\"https:\/\/dev.antudigital.cl\/sites\/vc\/museo-artequin-de-vina-del-mar-invita-a-celebrar-sus-15-anos-con-entrada-liberada-y-actividades-gratuitas\/\"},\"author\":{\"name\":\"Valpara\u00edso Creativo\",\"@id\":\"https:\/\/dev.antudigital.cl\/sites\/vc\/#\/schema\/person\/c2b9da8dd545e27166fc5ab232837318\"},\"headline\":\"Museo Artequin de Vi\u00f1a del Mar invita a celebrar sus 15 a\u00f1os con entrada liberada y actividades gratuitas\",\"datePublished\":\"2023-10-24T01:31:39+00:00\",\"dateModified\":\"2023-10-24T01:31:44+00:00\",\"mainEntityOfPage\":{\"@id\":\"https:\/\/dev.antudigital.cl\/sites\/vc\/museo-artequin-de-vina-del-mar-invita-a-celebrar-sus-15-anos-con-entrada-liberada-y-actividades-gratuitas\/\"},\"wordCount\":606,\"image\":{\"@id\":\"https:\/\/dev.antudigital.cl\/sites\/vc\/museo-artequin-de-vina-del-mar-invita-a-celebrar-sus-15-anos-con-entrada-liberada-y-actividades-gratuitas\/#primaryimage\"},\"thumbnailUrl\":\"https:\/\/dev.antudigital.cl\/sites\/vc\/wp-content\/uploads\/2023\/10\/WhatsApp-Image-2023-10-19-at-18.12.58-1.jpeg\",\"articleSection\":[\"Uncategorized\"],\"inLanguage\":\"es\"},{\"@type\":\"WebPage\",\"@id\":\"https:\/\/dev.antudigital.cl\/sites\/vc\/museo-artequin-de-vina-del-mar-invita-a-celebrar-sus-15-anos-con-entrada-liberada-y-actividades-gratuitas\/\",\"url\":\"https:\/\/dev.antudigital.cl\/sites\/vc\/museo-artequin-de-vina-del-mar-invita-a-celebrar-sus-15-anos-con-entrada-liberada-y-actividades-gratuitas\/\",\"name\":\"Museo Artequin de Vi\u00f1a del Mar invita a celebrar sus 15 a\u00f1os con entrada liberada y actividades gratuitas - Valpara\u00ed\u00adso Creativo\",\"isPartOf\":{\"@id\":\"https:\/\/dev.antudigital.cl\/sites\/vc\/#website\"},\"primaryImageOfPage\":{\"@id\":\"https:\/\/dev.antudigital.cl\/sites\/vc\/museo-artequin-de-vina-del-mar-invita-a-celebrar-sus-15-anos-con-entrada-liberada-y-actividades-gratuitas\/#primaryimage\"},\"image\":{\"@id\":\"https:\/\/dev.antudigital.cl\/sites\/vc\/museo-artequin-de-vina-del-mar-invita-a-celebrar-sus-15-anos-con-entrada-liberada-y-actividades-gratuitas\/#primaryimage\"},\"thumbnailUrl\":\"https:\/\/dev.antudigital.cl\/sites\/vc\/wp-content\/uploads\/2023\/10\/WhatsApp-Image-2023-10-19-at-18.12.58-1.jpeg\",\"datePublished\":\"2023-10-24T01:31:39+00:00\",\"dateModified\":\"2023-10-24T01:31:44+00:00\",\"author\":{\"@id\":\"https:\/\/dev.antudigital.cl\/sites\/vc\/#\/schema\/person\/c2b9da8dd545e27166fc5ab232837318\"},\"breadcrumb\":{\"@id\":\"https:\/\/dev.antudigital.cl\/sites\/vc\/museo-artequin-de-vina-del-mar-invita-a-celebrar-sus-15-anos-con-entrada-liberada-y-actividades-gratuitas\/#breadcrumb\"},\"inLanguage\":\"es\",\"potentialAction\":[{\"@type\":\"ReadAction\",\"target\":[\"https:\/\/dev.antudigital.cl\/sites\/vc\/museo-artequin-de-vina-del-mar-invita-a-celebrar-sus-15-anos-con-entrada-liberada-y-actividades-gratuitas\/\"]}]},{\"@type\":\"ImageObject\",\"inLanguage\":\"es\",\"@id\":\"https:\/\/dev.antudigital.cl\/sites\/vc\/museo-artequin-de-vina-del-mar-invita-a-celebrar-sus-15-anos-con-entrada-liberada-y-actividades-gratuitas\/#primaryimage\",\"url\":\"https:\/\/dev.antudigital.cl\/sites\/vc\/wp-content\/uploads\/2023\/10\/WhatsApp-Image-2023-10-19-at-18.12.58-1.jpeg\",\"contentUrl\":\"https:\/\/dev.antudigital.cl\/sites\/vc\/wp-content\/uploads\/2023\/10\/WhatsApp-Image-2023-10-19-at-18.12.58-1.jpeg\",\"width\":1024,\"height\":576},{\"@type\":\"BreadcrumbList\",\"@id\":\"https:\/\/dev.antudigital.cl\/sites\/vc\/museo-artequin-de-vina-del-mar-invita-a-celebrar-sus-15-anos-con-entrada-liberada-y-actividades-gratuitas\/#breadcrumb\",\"itemListElement\":[{\"@type\":\"ListItem\",\"position\":1,\"name\":\"Home\",\"item\":\"https:\/\/dev.antudigital.cl\/sites\/vc\/\"},{\"@type\":\"ListItem\",\"position\":2,\"name\":\"Museo Artequin de Vi\u00f1a del Mar invita a celebrar sus 15 a\u00f1os con entrada liberada y actividades gratuitas\"}]},{\"@type\":\"WebSite\",\"@id\":\"https:\/\/dev.antudigital.cl\/sites\/vc\/#website\",\"url\":\"https:\/\/dev.antudigital.cl\/sites\/vc\/\",\"name\":\"Valpara\u00ed\u00adso Creativo\",\"description\":\"\",\"potentialAction\":[{\"@type\":\"SearchAction\",\"target\":{\"@type\":\"EntryPoint\",\"urlTemplate\":\"https:\/\/dev.antudigital.cl\/sites\/vc\/?s={search_term_string}\"},\"query-input\":{\"@type\":\"PropertyValueSpecification\",\"valueRequired\":true,\"valueName\":\"search_term_string\"}}],\"inLanguage\":\"es\"},{\"@type\":\"Person\",\"@id\":\"https:\/\/dev.antudigital.cl\/sites\/vc\/#\/schema\/person\/c2b9da8dd545e27166fc5ab232837318\",\"name\":\"Valpara\u00edso Creativo\",\"description\":\"Periodista de cultura en la Regi\u00f3n de Valpara\u00edso.\",\"url\":\"https:\/\/dev.antudigital.cl\/sites\/vc\/author\/valpoadmin\/\"}]}<\/script>\n<!-- \/ Yoast SEO plugin. -->","yoast_head_json":{"title":"Museo Artequin de Vi\u00f1a del Mar invita a celebrar sus 15 a\u00f1os con entrada liberada y actividades gratuitas - Valpara\u00ed\u00adso Creativo","robots":{"index":"index","follow":"follow","max-snippet":"max-snippet:-1","max-image-preview":"max-image-preview:large","max-video-preview":"max-video-preview:-1"},"canonical":"https:\/\/dev.antudigital.cl\/sites\/vc\/museo-artequin-de-vina-del-mar-invita-a-celebrar-sus-15-anos-con-entrada-liberada-y-actividades-gratuitas\/","og_locale":"es_ES","og_type":"article","og_title":"Museo Artequin de Vi\u00f1a del Mar invita a celebrar sus 15 a\u00f1os con entrada liberada y actividades gratuitas - Valpara\u00ed\u00adso Creativo","og_description":"La oferta de entretenimiento abarca m\u00fasica en vivo, ferias de emprendimientos, conocimientos y patio de comidas El programa se complementa con talleres y espect\u00e1culos familiares. Este fin de mes el museo Artequin de Vi\u00f1a del mar se alista para celebrar sus 15 a\u00f1os de existencia en la ciudad jard\u00edn e invita a toda la comunidad [&hellip;]","og_url":"https:\/\/dev.antudigital.cl\/sites\/vc\/museo-artequin-de-vina-del-mar-invita-a-celebrar-sus-15-anos-con-entrada-liberada-y-actividades-gratuitas\/","og_site_name":"Valpara\u00ed\u00adso Creativo","article_published_time":"2023-10-24T01:31:39+00:00","article_modified_time":"2023-10-24T01:31:44+00:00","og_image":[{"width":1024,"height":576,"url":"https:\/\/dev.antudigital.cl\/sites\/vc\/wp-content\/uploads\/2023\/10\/WhatsApp-Image-2023-10-19-at-18.12.58-1.jpeg","type":"image\/jpeg"}],"author":"Valpara\u00edso Creativo","twitter_card":"summary_large_image","twitter_misc":{"Escrito por":"Valpara\u00edso Creativo","Tiempo de lectura":"3 minutos"},"schema":{"@context":"https:\/\/schema.org","@graph":[{"@type":"Article","@id":"https:\/\/dev.antudigital.cl\/sites\/vc\/museo-artequin-de-vina-del-mar-invita-a-celebrar-sus-15-anos-con-entrada-liberada-y-actividades-gratuitas\/#article","isPartOf":{"@id":"https:\/\/dev.antudigital.cl\/sites\/vc\/museo-artequin-de-vina-del-mar-invita-a-celebrar-sus-15-anos-con-entrada-liberada-y-actividades-gratuitas\/"},"author":{"name":"Valpara\u00edso Creativo","@id":"https:\/\/dev.antudigital.cl\/sites\/vc\/#\/schema\/person\/c2b9da8dd545e27166fc5ab232837318"},"headline":"Museo Artequin de Vi\u00f1a del Mar invita a celebrar sus 15 a\u00f1os con entrada liberada y actividades gratuitas","datePublished":"2023-10-24T01:31:39+00:00","dateModified":"2023-10-24T01:31:44+00:00","mainEntityOfPage":{"@id":"https:\/\/dev.antudigital.cl\/sites\/vc\/museo-artequin-de-vina-del-mar-invita-a-celebrar-sus-15-anos-con-entrada-liberada-y-actividades-gratuitas\/"},"wordCount":606,"image":{"@id":"https:\/\/dev.antudigital.cl\/sites\/vc\/museo-artequin-de-vina-del-mar-invita-a-celebrar-sus-15-anos-con-entrada-liberada-y-actividades-gratuitas\/#primaryimage"},"thumbnailUrl":"https:\/\/dev.antudigital.cl\/sites\/vc\/wp-content\/uploads\/2023\/10\/WhatsApp-Image-2023-10-19-at-18.12.58-1.jpeg","articleSection":["Uncategorized"],"inLanguage":"es"},{"@type":"WebPage","@id":"https:\/\/dev.antudigital.cl\/sites\/vc\/museo-artequin-de-vina-del-mar-invita-a-celebrar-sus-15-anos-con-entrada-liberada-y-actividades-gratuitas\/","url":"https:\/\/dev.antudigital.cl\/sites\/vc\/museo-artequin-de-vina-del-mar-invita-a-celebrar-sus-15-anos-con-entrada-liberada-y-actividades-gratuitas\/","name":"Museo Artequin de Vi\u00f1a del Mar invita a celebrar sus 15 a\u00f1os con entrada liberada y actividades gratuitas - Valpara\u00ed\u00adso Creativo","isPartOf":{"@id":"https:\/\/dev.antudigital.cl\/sites\/vc\/#website"},"primaryImageOfPage":{"@id":"https:\/\/dev.antudigital.cl\/sites\/vc\/museo-artequin-de-vina-del-mar-invita-a-celebrar-sus-15-anos-con-entrada-liberada-y-actividades-gratuitas\/#primaryimage"},"image":{"@id":"https:\/\/dev.antudigital.cl\/sites\/vc\/museo-artequin-de-vina-del-mar-invita-a-celebrar-sus-15-anos-con-entrada-liberada-y-actividades-gratuitas\/#primaryimage"},"thumbnailUrl":"https:\/\/dev.antudigital.cl\/sites\/vc\/wp-content\/uploads\/2023\/10\/WhatsApp-Image-2023-10-19-at-18.12.58-1.jpeg","datePublished":"2023-10-24T01:31:39+00:00","dateModified":"2023-10-24T01:31:44+00:00","author":{"@id":"https:\/\/dev.antudigital.cl\/sites\/vc\/#\/schema\/person\/c2b9da8dd545e27166fc5ab232837318"},"breadcrumb":{"@id":"https:\/\/dev.antudigital.cl\/sites\/vc\/museo-artequin-de-vina-del-mar-invita-a-celebrar-sus-15-anos-con-entrada-liberada-y-actividades-gratuitas\/#breadcrumb"},"inLanguage":"es","potentialAction":[{"@type":"ReadAction","target":["https:\/\/dev.antudigital.cl\/sites\/vc\/museo-artequin-de-vina-del-mar-invita-a-celebrar-sus-15-anos-con-entrada-liberada-y-actividades-gratuitas\/"]}]},{"@type":"ImageObject","inLanguage":"es","@id":"https:\/\/dev.antudigital.cl\/sites\/vc\/museo-artequin-de-vina-del-mar-invita-a-celebrar-sus-15-anos-con-entrada-liberada-y-actividades-gratuitas\/#primaryimage","url":"https:\/\/dev.antudigital.cl\/sites\/vc\/wp-content\/uploads\/2023\/10\/WhatsApp-Image-2023-10-19-at-18.12.58-1.jpeg","contentUrl":"https:\/\/dev.antudigital.cl\/sites\/vc\/wp-content\/uploads\/2023\/10\/WhatsApp-Image-2023-10-19-at-18.12.58-1.jpeg","width":1024,"height":576},{"@type":"BreadcrumbList","@id":"https:\/\/dev.antudigital.cl\/sites\/vc\/museo-artequin-de-vina-del-mar-invita-a-celebrar-sus-15-anos-con-entrada-liberada-y-actividades-gratuitas\/#breadcrumb","itemListElement":[{"@type":"ListItem","position":1,"name":"Home","item":"https:\/\/dev.antudigital.cl\/sites\/vc\/"},{"@type":"ListItem","position":2,"name":"Museo Artequin de Vi\u00f1a del Mar invita a celebrar sus 15 a\u00f1os con entrada liberada y actividades gratuitas"}]},{"@type":"WebSite","@id":"https:\/\/dev.antudigital.cl\/sites\/vc\/#website","url":"https:\/\/dev.antudigital.cl\/sites\/vc\/","name":"Valpara\u00ed\u00adso Creativo","description":"","potentialAction":[{"@type":"SearchAction","target":{"@type":"EntryPoint","urlTemplate":"https:\/\/dev.antudigital.cl\/sites\/vc\/?s={search_term_string}"},"query-input":{"@type":"PropertyValueSpecification","valueRequired":true,"valueName":"search_term_string"}}],"inLanguage":"es"},{"@type":"Person","@id":"https:\/\/dev.antudigital.cl\/sites\/vc\/#\/schema\/person\/c2b9da8dd545e27166fc5ab232837318","name":"Valpara\u00edso Creativo","description":"Periodista de cultura en la Regi\u00f3n de Valpara\u00edso.","url":"https:\/\/dev.antudigital.cl\/sites\/vc\/author\/valpoadmin\/"}]}},"_links":{"self":[{"href":"https:\/\/dev.antudigital.cl\/sites\/vc\/wp-json\/wp\/v2\/posts\/17521","targetHints":{"allow":["GET"]}}],"collection":[{"href":"https:\/\/dev.antudigital.cl\/sites\/vc\/wp-json\/wp\/v2\/posts"}],"about":[{"href":"https:\/\/dev.antudigital.cl\/sites\/vc\/wp-json\/wp\/v2\/types\/post"}],"author":[{"embeddable":true,"href":"https:\/\/dev.antudigital.cl\/sites\/vc\/wp-json\/wp\/v2\/users\/1"}],"replies":[{"embeddable":true,"href":"https:\/\/dev.antudigital.cl\/sites\/vc\/wp-json\/wp\/v2\/comments?post=17521"}],"version-history":[{"count":1,"href":"https:\/\/dev.antudigital.cl\/sites\/vc\/wp-json\/wp\/v2\/posts\/17521\/revisions"}],"predecessor-version":[{"id":17525,"href":"https:\/\/dev.antudigital.cl\/sites\/vc\/wp-json\/wp\/v2\/posts\/17521\/revisions\/17525"}],"wp:featuredmedia":[{"embeddable":true,"href":"https:\/\/dev.antudigital.cl\/sites\/vc\/wp-json\/wp\/v2\/media\/17524"}],"wp:attachment":[{"href":"https:\/\/dev.antudigital.cl\/sites\/vc\/wp-json\/wp\/v2\/media?parent=17521"}],"wp:term":[{"taxonomy":"category","embeddable":true,"href":"https:\/\/dev.antudigital.cl\/sites\/vc\/wp-json\/wp\/v2\/categories?post=17521"},{"taxonomy":"post_tag","embeddable":true,"href":"https:\/\/dev.antudigital.cl\/sites\/vc\/wp-json\/wp\/v2\/tags?post=17521"}],"curies":[{"name":"wp","href":"https:\/\/api.w.org\/{rel}","templated":true}]}}