{"id":17539,"date":"2023-10-24T02:17:05","date_gmt":"2023-10-24T02:17:05","guid":{"rendered":"https:\/\/www.valparaisocreativo.cl\/?p=17539"},"modified":"2023-10-24T02:17:11","modified_gmt":"2023-10-24T02:17:11","slug":"fifv-2023-decenas-de-actividades-abiertas-al-publico-seran-parte-de-la-decimocuarta-edicion-del-encuentro-fotografico","status":"publish","type":"post","link":"https:\/\/dev.antudigital.cl\/sites\/vc\/fifv-2023-decenas-de-actividades-abiertas-al-publico-seran-parte-de-la-decimocuarta-edicion-del-encuentro-fotografico\/","title":{"rendered":"FIFV 2023: decenas de actividades abiertas al p\u00fablico ser\u00e1n parte de la decimocuarta edici\u00f3n del encuentro fotogr\u00e1fico"},"content":{"rendered":"\n<p>La decimocuarta versi\u00f3n del FIFV congregar\u00e1 a m\u00e1s de 100 artistas de Chile y el extranjero quienes durante nueve d\u00edas participar\u00e1n en distintos procesos creativos y encuentros en la ciudad de Valpara\u00edso reflexionando frente a la interrogante \u201c\u00bfCu\u00e1l es el borde de tu mirada?\u201d, tem\u00e1tica que este a\u00f1o atraviesa todo el quehacer art\u00edstico del festival.&nbsp;<\/p>\n\n\n\n<p>Entre el 30 de octubre y el 4 de noviembre se desarrollar\u00e1n las actividades gratuitas y abiertas al p\u00fablico con un programa que recorrer\u00e1 el Parque Cultural de Valpara\u00edso, Mercado Puerto, la Escuela de Fotograf\u00eda Camaralucida y Espacio Rep\u00fablica 760 de Limache.&nbsp;&nbsp;&nbsp;&nbsp;<\/p>\n\n\n\n<p>\u201cSeguimos construyendo este sue\u00f1o que tuvimos hace ya 14 a\u00f1os de mirar el tiempo desde Valpara\u00edso, siempre con la misma energ\u00eda, entusiasmo y alegr\u00eda de recibir a fot\u00f3grafos y fot\u00f3grafas desde distintas partes del mundo con diferentes historias, gente que en su cotidiano est\u00e1 atenta al mundo d\u00e1ndole significado a lo que est\u00e1 pasando\u201d, reflexiona Rodrigo G\u00f3mez Rovira, director general y art\u00edstico del Festival Internacional de Fotograf\u00eda de Valpara\u00edso, un proyecto financiado por el Fondo de Desarrollo Cultural y las Artes, del Ministerio de las Culturas, las Artes y el Patrimonio, Convocatoria 2023.<\/p>\n\n\n\n<figure class=\"wp-block-image size-large\"><img fetchpriority=\"high\" decoding=\"async\" width=\"1024\" height=\"684\" src=\"https:\/\/www.valparaisocreativo.cl\/wp-content\/uploads\/2023\/10\/FIFV-4-1024x684.jpg\" alt=\"\" class=\"wp-image-17543\" srcset=\"https:\/\/dev.antudigital.cl\/sites\/vc\/wp-content\/uploads\/2023\/10\/FIFV-4-1024x684.jpg 1024w, https:\/\/dev.antudigital.cl\/sites\/vc\/wp-content\/uploads\/2023\/10\/FIFV-4-300x200.jpg 300w, https:\/\/dev.antudigital.cl\/sites\/vc\/wp-content\/uploads\/2023\/10\/FIFV-4-768x513.jpg 768w, https:\/\/dev.antudigital.cl\/sites\/vc\/wp-content\/uploads\/2023\/10\/FIFV-4-1536x1025.jpg 1536w, https:\/\/dev.antudigital.cl\/sites\/vc\/wp-content\/uploads\/2023\/10\/FIFV-4-2048x1367.jpg 2048w, https:\/\/dev.antudigital.cl\/sites\/vc\/wp-content\/uploads\/2023\/10\/FIFV-4-1080x721.jpg 1080w, https:\/\/dev.antudigital.cl\/sites\/vc\/wp-content\/uploads\/2023\/10\/FIFV-4-1280x855.jpg 1280w, https:\/\/dev.antudigital.cl\/sites\/vc\/wp-content\/uploads\/2023\/10\/FIFV-4-980x654.jpg 980w, https:\/\/dev.antudigital.cl\/sites\/vc\/wp-content\/uploads\/2023\/10\/FIFV-4-480x320.jpg 480w, https:\/\/dev.antudigital.cl\/sites\/vc\/wp-content\/uploads\/2023\/10\/FIFV-4-24x16.jpg 24w, https:\/\/dev.antudigital.cl\/sites\/vc\/wp-content\/uploads\/2023\/10\/FIFV-4-36x24.jpg 36w, https:\/\/dev.antudigital.cl\/sites\/vc\/wp-content\/uploads\/2023\/10\/FIFV-4-48x32.jpg 48w\" sizes=\"(max-width: 1024px) 100vw, 1024px\" \/><\/figure>\n\n\n\n<p><em>Exposiciones<\/em><\/p>\n\n\n\n<p>Las actividades abiertas al p\u00fablico comienzan el lunes 30 de octubre con la inauguraci\u00f3n de la Exposici\u00f3n \u201cColecci\u00f3n Valpara\u00edso\u201d en Espacio Rep\u00fablica 760 en la comuna de Limache (calle Rep\u00fablica 760, segundo piso, Limache Viejo). Durante el encuentro adem\u00e1s se realizar\u00e1 el lanzamiento del \u00faltimo libro de FIFV Ediciones \u201cQuerida Mar\u00eda\u201d con la presencia de Catalina Martin-Chico (Espa\u00f1a), autora de esta publicaci\u00f3n junto a Gisela Vol\u00e1 (Argentina), Mar\u00eda Santoyo (Espa\u00f1a) y Maya Goded (M\u00e9xico).<\/p>\n\n\n\n<p>A las 19:00 horas del mismo d\u00eda se realizar\u00e1 el lanzamiento de la Biblioteca Digital de Casa Espacio, organizaci\u00f3n que produce el FIFV, y el Di\u00e1logo Fotogr\u00e1fico de presentaci\u00f3n del libro \u201cSe\u00f1ales de ruta\u201d con el fot\u00f3grafo chileno Hugo \u00c1ngel. Ambos encuentros en la Escuela de Fotograf\u00eda Camaralucida de Valpara\u00edso (calle Almirante Montt 44, a pasos de plaza An\u00edbal Pinto).<\/p>\n\n\n\n<p>El martes 31 de octubre a la 18:00 horas la invitaci\u00f3n es a participar en el Acto Inaugural de la decimocuarta versi\u00f3n del FIFV en el Teatro del Parque Cultural de Valpara\u00edso (calle Cumming 590, cerro C\u00e1rcel). En el evento se dar\u00e1 el vamos a la Exposici\u00f3n \u201c\u00bfCu\u00e1l es el borde de tu mirada?\u201d, muestra central del festival que re\u00fane el trabajo de la fot\u00f3grafa belga Brigitte Grignet y del fot\u00f3grafo chileno, residente en Suecia, Nicol\u00e1s Wormull. Los artistas entregar\u00e1n su mirada autoral sobre la ciudad de Valpara\u00edso a trav\u00e9s de las fotograf\u00edas que realizaron en 2022 durante el proceso de Residencia Art\u00edstica de Creaci\u00f3n en Casa Espacio Buenos Aires 824, organizaci\u00f3n financiada por el Programa de Apoyo a Organizaciones Culturales Colaboradoras del Ministerio de las Artes, las Culturas y el Patrimonio.<\/p>\n\n\n\n<p>En la exhibici\u00f3n tambi\u00e9n se presentar\u00e1 el proyecto impulsado por Imagen Salvaje \u201cDi\u00e1logo Visual de Autor a Autor\u201d, una colecci\u00f3n de libros objeto resultado de la intervenci\u00f3n de ejemplares mal impresos de la Colecci\u00f3n Valpara\u00edso de FIFV Ediciones. En el proceso participan: Leonora Vicu\u00f1a, Mar\u00eda Clauss, Catalina Mena \u00dcrmenyi, Tatiana Sard\u00e1, Catalina de la Cruz, Claudio Bertoni, Crist\u00f3bal Olivares, Tom\u00e1s Quiroga, Nicol\u00e1s Wormull, Camilo Y\u00e1\u00f1ez, Sebasti\u00e1n Garrido y Javier \u00c1lvarez.<\/p>\n\n\n\n<p>Al proyecto de intervenci\u00f3n se suma el trabajo colectivo desarrollado por 17 comunidades de aprendizaje invitadas al programa Formador de Formadores de Imagen Salvaje provenientes de Colombia, Per\u00fa, Argentina, M\u00e9xico, Rep\u00fablica Dominicana, Estados Unidos y Chile.<\/p>\n\n\n\n<figure class=\"wp-block-image size-large\"><img decoding=\"async\" width=\"1024\" height=\"684\" src=\"https:\/\/www.valparaisocreativo.cl\/wp-content\/uploads\/2023\/10\/FIFV-3-1024x684.jpg\" alt=\"\" class=\"wp-image-17542\" srcset=\"https:\/\/dev.antudigital.cl\/sites\/vc\/wp-content\/uploads\/2023\/10\/FIFV-3-1024x684.jpg 1024w, https:\/\/dev.antudigital.cl\/sites\/vc\/wp-content\/uploads\/2023\/10\/FIFV-3-300x200.jpg 300w, https:\/\/dev.antudigital.cl\/sites\/vc\/wp-content\/uploads\/2023\/10\/FIFV-3-768x513.jpg 768w, https:\/\/dev.antudigital.cl\/sites\/vc\/wp-content\/uploads\/2023\/10\/FIFV-3-1536x1025.jpg 1536w, https:\/\/dev.antudigital.cl\/sites\/vc\/wp-content\/uploads\/2023\/10\/FIFV-3-2048x1367.jpg 2048w, https:\/\/dev.antudigital.cl\/sites\/vc\/wp-content\/uploads\/2023\/10\/FIFV-3-1080x721.jpg 1080w, https:\/\/dev.antudigital.cl\/sites\/vc\/wp-content\/uploads\/2023\/10\/FIFV-3-1280x855.jpg 1280w, https:\/\/dev.antudigital.cl\/sites\/vc\/wp-content\/uploads\/2023\/10\/FIFV-3-980x654.jpg 980w, https:\/\/dev.antudigital.cl\/sites\/vc\/wp-content\/uploads\/2023\/10\/FIFV-3-480x320.jpg 480w, https:\/\/dev.antudigital.cl\/sites\/vc\/wp-content\/uploads\/2023\/10\/FIFV-3-24x16.jpg 24w, https:\/\/dev.antudigital.cl\/sites\/vc\/wp-content\/uploads\/2023\/10\/FIFV-3-36x24.jpg 36w, https:\/\/dev.antudigital.cl\/sites\/vc\/wp-content\/uploads\/2023\/10\/FIFV-3-48x32.jpg 48w\" sizes=\"(max-width: 1024px) 100vw, 1024px\" \/><\/figure>\n\n\n\n<p>El recorrido por la Sala de Artes Visuales de la ex c\u00e1rcel incorpora a m\u00e1s de 25 autores de libros de fotograf\u00eda que conforman el cuerpo de obra de la editorial chilena LOM Ediciones. Los trabajos fotogr\u00e1ficos dan cuenta de los \u00faltimos 50 a\u00f1os de la historia de Chile.<\/p>\n\n\n\n<p>\u201cEn el festival hemos congregado a distintas fuerzas y sensibilidades que nos ha permitido construir un cuerpo de memoria entendiendo el valor de la imagen, el poder de la fotograf\u00eda y su relaci\u00f3n directa con la realidad. Pero la imagen luego sigue viajando, adquiriendo otros sentidos y lecturas. Eso es lo que quisimos hacer este a\u00f1o cuando se cumplen 50 a\u00f1os del golpe de Estado en Chile: poner en valor el rol esencial y central de la fotograf\u00eda en la historia\u201d, comenta G\u00f3mez Rovira.<\/p>\n\n\n\n<p>El 1 de noviembre a las 12:00 horas se inaugura la Exposici\u00f3n \u201c\u00a1Dime t\u00fa d\u00f3nde estamos!\u201d en el Mercado Puerto de Valpara\u00edso (calle Cochrane 117, frente a plaza Echaurren). La exhibici\u00f3n colectiva aborda la realidad latinoamericana en torno al agua, la inteligencia artificial, la p\u00e9rdida y desaparici\u00f3n violenta y la b\u00fasqueda de identidad con las obras de los fot\u00f3grafos Ganadores de Portafolio FIFV 2022: los chilenos Andr\u00e9s Larra\u00edn, Felipe Carrasco y Jorge Olave, el mexicano Leopoldo Farrera y el peruano Franco R\u00faa. El espacio tambi\u00e9n exhibir\u00e1 una serie de im\u00e1genes de panfletos de detenidos desaparecidos que la artista chilena Nancy Gew\u00f6lb rescat\u00f3 durante las protestas contra la dictadura que se produjeron en Chile durante la d\u00e9cada del 80.&nbsp;<\/p>\n\n\n\n<p><em>Di\u00e1logos fotogr\u00e1ficos<\/em><\/p>\n\n\n\n<p>Durante las tardes del 1 al 4 de noviembre, la Sala Estudio del Parque Cultural de Valpara\u00edso ser\u00e1 escenario de Di\u00e1logos Fotogr\u00e1ficos con presentaciones de libros y proyectos. El fot\u00f3grafo Klavdij Sluban (Francia) y las fot\u00f3grafas Anne Rearick (Estados Unidos), Julieta Escard\u00f3 (Argentina) y Leonora Vicu\u00f1a (Chile) -invitados de este a\u00f1o para realizar talleres de creaci\u00f3n- conversar\u00e1n sobre su obra y experiencia en estos encuentros con el p\u00fablico.&nbsp;<\/p>\n\n\n\n<p>Carla Yovane, Ver\u00f3nica Soto, Catalina de la Cruz, Carolina Ag\u00fcero, Rodolfo Mu\u00f1oz, H\u00e9ctor L\u00f3pez, John Y\u00e9venes, Cristobal Olivares, Fernando Ace\u00f1a, CAPTION Magazine, LOM Ediciones, Ediciones La Visita y el Centro de Estudios Fotogr\u00e1ficos de C\u00f3rdoba-Argentina (CEF) se suman al programa de Di\u00e1logos Fotogr\u00e1ficos en el Parque Cultural de Valpara\u00edso. Los encuentros parten a las 15:30 horas.\u00a0<\/p>\n\n\n\n<figure class=\"wp-block-image size-large\"><img decoding=\"async\" width=\"1024\" height=\"684\" src=\"https:\/\/www.valparaisocreativo.cl\/wp-content\/uploads\/2023\/10\/FIFV-1-1024x684.jpg\" alt=\"\" class=\"wp-image-17540\" srcset=\"https:\/\/dev.antudigital.cl\/sites\/vc\/wp-content\/uploads\/2023\/10\/FIFV-1-1024x684.jpg 1024w, https:\/\/dev.antudigital.cl\/sites\/vc\/wp-content\/uploads\/2023\/10\/FIFV-1-300x200.jpg 300w, https:\/\/dev.antudigital.cl\/sites\/vc\/wp-content\/uploads\/2023\/10\/FIFV-1-768x513.jpg 768w, https:\/\/dev.antudigital.cl\/sites\/vc\/wp-content\/uploads\/2023\/10\/FIFV-1-1536x1025.jpg 1536w, https:\/\/dev.antudigital.cl\/sites\/vc\/wp-content\/uploads\/2023\/10\/FIFV-1-2048x1367.jpg 2048w, https:\/\/dev.antudigital.cl\/sites\/vc\/wp-content\/uploads\/2023\/10\/FIFV-1-1080x721.jpg 1080w, https:\/\/dev.antudigital.cl\/sites\/vc\/wp-content\/uploads\/2023\/10\/FIFV-1-1280x855.jpg 1280w, https:\/\/dev.antudigital.cl\/sites\/vc\/wp-content\/uploads\/2023\/10\/FIFV-1-980x654.jpg 980w, https:\/\/dev.antudigital.cl\/sites\/vc\/wp-content\/uploads\/2023\/10\/FIFV-1-480x320.jpg 480w, https:\/\/dev.antudigital.cl\/sites\/vc\/wp-content\/uploads\/2023\/10\/FIFV-1-24x16.jpg 24w, https:\/\/dev.antudigital.cl\/sites\/vc\/wp-content\/uploads\/2023\/10\/FIFV-1-36x24.jpg 36w, https:\/\/dev.antudigital.cl\/sites\/vc\/wp-content\/uploads\/2023\/10\/FIFV-1-48x32.jpg 48w\" sizes=\"(max-width: 1024px) 100vw, 1024px\" \/><\/figure>\n\n\n\n<p>El 2, 3 y 4 de noviembre a contar de las 11:30 horas la terraza del segundo piso del parque ser\u00e1 el escenario de la Ronda de Publicaciones y Biblioteca Colectiva: un encuentro con autores, editores y el p\u00fablico para compartir proyectos editoriales. La actividad llega por primera vez al FIFV de la mano de CEF, creadores del espacio. Esta franja del programa es presentada por Valpara\u00edso Creativo Corfo.&nbsp;&nbsp;&nbsp;&nbsp;<\/p>\n\n\n\n<p>El Festival Internacional de Fotograf\u00eda de Valpara\u00edso culmina el 4 de noviembre con el encuentro \u201cTrilog\u00eda revelada sobre Jorge M\u00fcller\u201d con Soledad Abarca, Wayra Galland y Antonio Larrea, una conversaci\u00f3n sobre una colecci\u00f3n de libros de estudio que rescata una serie de cuadernos que pertenecieron a Jorge M\u00fcller, cineasta desaparecido durante la dictadura en Chile. En la jornada de cierre se inaugura la exposici\u00f3n que muestra el trabajo de los participantes de Workshops y Brigadas de este a\u00f1o y se realizar\u00e1 la entrega gratuita de la Revista FIFV 2023.<\/p>\n\n\n\n<p>La programaci\u00f3n completa del FIFV 2023 est\u00e1 disponible en <a href=\"http:\/\/www.fifv.cl\">www.fifv.cl<\/a><\/p>\n\n\n\n<figure class=\"wp-block-image size-full\"><img loading=\"lazy\" decoding=\"async\" width=\"594\" height=\"596\" src=\"https:\/\/www.valparaisocreativo.cl\/wp-content\/uploads\/2023\/10\/Captura-de-Pantalla-2023-10-23-a-las-23.15.52.png\" alt=\"\" class=\"wp-image-17544\" srcset=\"https:\/\/dev.antudigital.cl\/sites\/vc\/wp-content\/uploads\/2023\/10\/Captura-de-Pantalla-2023-10-23-a-las-23.15.52.png 594w, https:\/\/dev.antudigital.cl\/sites\/vc\/wp-content\/uploads\/2023\/10\/Captura-de-Pantalla-2023-10-23-a-las-23.15.52-300x300.png 300w, https:\/\/dev.antudigital.cl\/sites\/vc\/wp-content\/uploads\/2023\/10\/Captura-de-Pantalla-2023-10-23-a-las-23.15.52-150x150.png 150w, https:\/\/dev.antudigital.cl\/sites\/vc\/wp-content\/uploads\/2023\/10\/Captura-de-Pantalla-2023-10-23-a-las-23.15.52-480x482.png 480w, https:\/\/dev.antudigital.cl\/sites\/vc\/wp-content\/uploads\/2023\/10\/Captura-de-Pantalla-2023-10-23-a-las-23.15.52-24x24.png 24w, https:\/\/dev.antudigital.cl\/sites\/vc\/wp-content\/uploads\/2023\/10\/Captura-de-Pantalla-2023-10-23-a-las-23.15.52-36x36.png 36w, https:\/\/dev.antudigital.cl\/sites\/vc\/wp-content\/uploads\/2023\/10\/Captura-de-Pantalla-2023-10-23-a-las-23.15.52-48x48.png 48w\" sizes=\"(max-width: 594px) 100vw, 594px\" \/><\/figure>\n","protected":false},"excerpt":{"rendered":"<p>La decimocuarta versi\u00f3n del FIFV congregar\u00e1 a m\u00e1s de 100 artistas de Chile y el extranjero quienes durante nueve d\u00edas participar\u00e1n en distintos procesos creativos y encuentros en la ciudad de Valpara\u00edso reflexionando frente a la interrogante \u201c\u00bfCu\u00e1l es el borde de tu mirada?\u201d, tem\u00e1tica que este a\u00f1o atraviesa todo el quehacer art\u00edstico del festival.&nbsp; [&hellip;]<\/p>\n","protected":false},"author":1,"featured_media":17541,"comment_status":"closed","ping_status":"closed","sticky":false,"template":"","format":"standard","meta":{"_acf_changed":false,"footnotes":""},"categories":[1],"tags":[],"class_list":["post-17539","post","type-post","status-publish","format-standard","has-post-thumbnail","hentry","category-uncategorized"],"acf":[],"yoast_head":"<!-- This site is optimized with the Yoast SEO plugin v27.1.1 - https:\/\/yoast.com\/product\/yoast-seo-wordpress\/ -->\n<title>FIFV 2023: decenas de actividades abiertas al p\u00fablico ser\u00e1n parte de la decimocuarta edici\u00f3n del encuentro fotogr\u00e1fico - Valpara\u00ed\u00adso Creativo<\/title>\n<meta name=\"robots\" content=\"index, follow, max-snippet:-1, max-image-preview:large, max-video-preview:-1\" \/>\n<link rel=\"canonical\" href=\"https:\/\/dev.antudigital.cl\/sites\/vc\/fifv-2023-decenas-de-actividades-abiertas-al-publico-seran-parte-de-la-decimocuarta-edicion-del-encuentro-fotografico\/\" \/>\n<meta property=\"og:locale\" content=\"es_ES\" \/>\n<meta property=\"og:type\" content=\"article\" \/>\n<meta property=\"og:title\" content=\"FIFV 2023: decenas de actividades abiertas al p\u00fablico ser\u00e1n parte de la decimocuarta edici\u00f3n del encuentro fotogr\u00e1fico - Valpara\u00ed\u00adso Creativo\" \/>\n<meta property=\"og:description\" content=\"La decimocuarta versi\u00f3n del FIFV congregar\u00e1 a m\u00e1s de 100 artistas de Chile y el extranjero quienes durante nueve d\u00edas participar\u00e1n en distintos procesos creativos y encuentros en la ciudad de Valpara\u00edso reflexionando frente a la interrogante \u201c\u00bfCu\u00e1l es el borde de tu mirada?\u201d, tem\u00e1tica que este a\u00f1o atraviesa todo el quehacer art\u00edstico del festival.&nbsp; [&hellip;]\" \/>\n<meta property=\"og:url\" content=\"https:\/\/dev.antudigital.cl\/sites\/vc\/fifv-2023-decenas-de-actividades-abiertas-al-publico-seran-parte-de-la-decimocuarta-edicion-del-encuentro-fotografico\/\" \/>\n<meta property=\"og:site_name\" content=\"Valpara\u00ed\u00adso Creativo\" \/>\n<meta property=\"article:published_time\" content=\"2023-10-24T02:17:05+00:00\" \/>\n<meta property=\"article:modified_time\" content=\"2023-10-24T02:17:11+00:00\" \/>\n<meta property=\"og:image\" content=\"https:\/\/dev.antudigital.cl\/sites\/vc\/wp-content\/uploads\/2023\/10\/FIFV-2-scaled.jpg\" \/>\n\t<meta property=\"og:image:width\" content=\"2560\" \/>\n\t<meta property=\"og:image:height\" content=\"1709\" \/>\n\t<meta property=\"og:image:type\" content=\"image\/jpeg\" \/>\n<meta name=\"author\" content=\"Valpara\u00edso Creativo\" \/>\n<meta name=\"twitter:card\" content=\"summary_large_image\" \/>\n<meta name=\"twitter:label1\" content=\"Escrito por\" \/>\n\t<meta name=\"twitter:data1\" content=\"Valpara\u00edso Creativo\" \/>\n\t<meta name=\"twitter:label2\" content=\"Tiempo de lectura\" \/>\n\t<meta name=\"twitter:data2\" content=\"6 minutos\" \/>\n<script type=\"application\/ld+json\" class=\"yoast-schema-graph\">{\"@context\":\"https:\/\/schema.org\",\"@graph\":[{\"@type\":\"Article\",\"@id\":\"https:\/\/dev.antudigital.cl\/sites\/vc\/fifv-2023-decenas-de-actividades-abiertas-al-publico-seran-parte-de-la-decimocuarta-edicion-del-encuentro-fotografico\/#article\",\"isPartOf\":{\"@id\":\"https:\/\/dev.antudigital.cl\/sites\/vc\/fifv-2023-decenas-de-actividades-abiertas-al-publico-seran-parte-de-la-decimocuarta-edicion-del-encuentro-fotografico\/\"},\"author\":{\"name\":\"Valpara\u00edso Creativo\",\"@id\":\"https:\/\/dev.antudigital.cl\/sites\/vc\/#\/schema\/person\/c2b9da8dd545e27166fc5ab232837318\"},\"headline\":\"FIFV 2023: decenas de actividades abiertas al p\u00fablico ser\u00e1n parte de la decimocuarta edici\u00f3n del encuentro fotogr\u00e1fico\",\"datePublished\":\"2023-10-24T02:17:05+00:00\",\"dateModified\":\"2023-10-24T02:17:11+00:00\",\"mainEntityOfPage\":{\"@id\":\"https:\/\/dev.antudigital.cl\/sites\/vc\/fifv-2023-decenas-de-actividades-abiertas-al-publico-seran-parte-de-la-decimocuarta-edicion-del-encuentro-fotografico\/\"},\"wordCount\":1252,\"image\":{\"@id\":\"https:\/\/dev.antudigital.cl\/sites\/vc\/fifv-2023-decenas-de-actividades-abiertas-al-publico-seran-parte-de-la-decimocuarta-edicion-del-encuentro-fotografico\/#primaryimage\"},\"thumbnailUrl\":\"https:\/\/dev.antudigital.cl\/sites\/vc\/wp-content\/uploads\/2023\/10\/FIFV-2-scaled.jpg\",\"articleSection\":[\"Uncategorized\"],\"inLanguage\":\"es\"},{\"@type\":\"WebPage\",\"@id\":\"https:\/\/dev.antudigital.cl\/sites\/vc\/fifv-2023-decenas-de-actividades-abiertas-al-publico-seran-parte-de-la-decimocuarta-edicion-del-encuentro-fotografico\/\",\"url\":\"https:\/\/dev.antudigital.cl\/sites\/vc\/fifv-2023-decenas-de-actividades-abiertas-al-publico-seran-parte-de-la-decimocuarta-edicion-del-encuentro-fotografico\/\",\"name\":\"FIFV 2023: decenas de actividades abiertas al p\u00fablico ser\u00e1n parte de la decimocuarta edici\u00f3n del encuentro fotogr\u00e1fico - Valpara\u00ed\u00adso Creativo\",\"isPartOf\":{\"@id\":\"https:\/\/dev.antudigital.cl\/sites\/vc\/#website\"},\"primaryImageOfPage\":{\"@id\":\"https:\/\/dev.antudigital.cl\/sites\/vc\/fifv-2023-decenas-de-actividades-abiertas-al-publico-seran-parte-de-la-decimocuarta-edicion-del-encuentro-fotografico\/#primaryimage\"},\"image\":{\"@id\":\"https:\/\/dev.antudigital.cl\/sites\/vc\/fifv-2023-decenas-de-actividades-abiertas-al-publico-seran-parte-de-la-decimocuarta-edicion-del-encuentro-fotografico\/#primaryimage\"},\"thumbnailUrl\":\"https:\/\/dev.antudigital.cl\/sites\/vc\/wp-content\/uploads\/2023\/10\/FIFV-2-scaled.jpg\",\"datePublished\":\"2023-10-24T02:17:05+00:00\",\"dateModified\":\"2023-10-24T02:17:11+00:00\",\"author\":{\"@id\":\"https:\/\/dev.antudigital.cl\/sites\/vc\/#\/schema\/person\/c2b9da8dd545e27166fc5ab232837318\"},\"breadcrumb\":{\"@id\":\"https:\/\/dev.antudigital.cl\/sites\/vc\/fifv-2023-decenas-de-actividades-abiertas-al-publico-seran-parte-de-la-decimocuarta-edicion-del-encuentro-fotografico\/#breadcrumb\"},\"inLanguage\":\"es\",\"potentialAction\":[{\"@type\":\"ReadAction\",\"target\":[\"https:\/\/dev.antudigital.cl\/sites\/vc\/fifv-2023-decenas-de-actividades-abiertas-al-publico-seran-parte-de-la-decimocuarta-edicion-del-encuentro-fotografico\/\"]}]},{\"@type\":\"ImageObject\",\"inLanguage\":\"es\",\"@id\":\"https:\/\/dev.antudigital.cl\/sites\/vc\/fifv-2023-decenas-de-actividades-abiertas-al-publico-seran-parte-de-la-decimocuarta-edicion-del-encuentro-fotografico\/#primaryimage\",\"url\":\"https:\/\/dev.antudigital.cl\/sites\/vc\/wp-content\/uploads\/2023\/10\/FIFV-2-scaled.jpg\",\"contentUrl\":\"https:\/\/dev.antudigital.cl\/sites\/vc\/wp-content\/uploads\/2023\/10\/FIFV-2-scaled.jpg\",\"width\":2560,\"height\":1709},{\"@type\":\"BreadcrumbList\",\"@id\":\"https:\/\/dev.antudigital.cl\/sites\/vc\/fifv-2023-decenas-de-actividades-abiertas-al-publico-seran-parte-de-la-decimocuarta-edicion-del-encuentro-fotografico\/#breadcrumb\",\"itemListElement\":[{\"@type\":\"ListItem\",\"position\":1,\"name\":\"Home\",\"item\":\"https:\/\/dev.antudigital.cl\/sites\/vc\/\"},{\"@type\":\"ListItem\",\"position\":2,\"name\":\"FIFV 2023: decenas de actividades abiertas al p\u00fablico ser\u00e1n parte de la decimocuarta edici\u00f3n del encuentro fotogr\u00e1fico\"}]},{\"@type\":\"WebSite\",\"@id\":\"https:\/\/dev.antudigital.cl\/sites\/vc\/#website\",\"url\":\"https:\/\/dev.antudigital.cl\/sites\/vc\/\",\"name\":\"Valpara\u00ed\u00adso Creativo\",\"description\":\"\",\"potentialAction\":[{\"@type\":\"SearchAction\",\"target\":{\"@type\":\"EntryPoint\",\"urlTemplate\":\"https:\/\/dev.antudigital.cl\/sites\/vc\/?s={search_term_string}\"},\"query-input\":{\"@type\":\"PropertyValueSpecification\",\"valueRequired\":true,\"valueName\":\"search_term_string\"}}],\"inLanguage\":\"es\"},{\"@type\":\"Person\",\"@id\":\"https:\/\/dev.antudigital.cl\/sites\/vc\/#\/schema\/person\/c2b9da8dd545e27166fc5ab232837318\",\"name\":\"Valpara\u00edso Creativo\",\"description\":\"Periodista de cultura en la Regi\u00f3n de Valpara\u00edso.\",\"url\":\"https:\/\/dev.antudigital.cl\/sites\/vc\/author\/valpoadmin\/\"}]}<\/script>\n<!-- \/ Yoast SEO plugin. -->","yoast_head_json":{"title":"FIFV 2023: decenas de actividades abiertas al p\u00fablico ser\u00e1n parte de la decimocuarta edici\u00f3n del encuentro fotogr\u00e1fico - Valpara\u00ed\u00adso Creativo","robots":{"index":"index","follow":"follow","max-snippet":"max-snippet:-1","max-image-preview":"max-image-preview:large","max-video-preview":"max-video-preview:-1"},"canonical":"https:\/\/dev.antudigital.cl\/sites\/vc\/fifv-2023-decenas-de-actividades-abiertas-al-publico-seran-parte-de-la-decimocuarta-edicion-del-encuentro-fotografico\/","og_locale":"es_ES","og_type":"article","og_title":"FIFV 2023: decenas de actividades abiertas al p\u00fablico ser\u00e1n parte de la decimocuarta edici\u00f3n del encuentro fotogr\u00e1fico - Valpara\u00ed\u00adso Creativo","og_description":"La decimocuarta versi\u00f3n del FIFV congregar\u00e1 a m\u00e1s de 100 artistas de Chile y el extranjero quienes durante nueve d\u00edas participar\u00e1n en distintos procesos creativos y encuentros en la ciudad de Valpara\u00edso reflexionando frente a la interrogante \u201c\u00bfCu\u00e1l es el borde de tu mirada?\u201d, tem\u00e1tica que este a\u00f1o atraviesa todo el quehacer art\u00edstico del festival.&nbsp; [&hellip;]","og_url":"https:\/\/dev.antudigital.cl\/sites\/vc\/fifv-2023-decenas-de-actividades-abiertas-al-publico-seran-parte-de-la-decimocuarta-edicion-del-encuentro-fotografico\/","og_site_name":"Valpara\u00ed\u00adso Creativo","article_published_time":"2023-10-24T02:17:05+00:00","article_modified_time":"2023-10-24T02:17:11+00:00","og_image":[{"width":2560,"height":1709,"url":"https:\/\/dev.antudigital.cl\/sites\/vc\/wp-content\/uploads\/2023\/10\/FIFV-2-scaled.jpg","type":"image\/jpeg"}],"author":"Valpara\u00edso Creativo","twitter_card":"summary_large_image","twitter_misc":{"Escrito por":"Valpara\u00edso Creativo","Tiempo de lectura":"6 minutos"},"schema":{"@context":"https:\/\/schema.org","@graph":[{"@type":"Article","@id":"https:\/\/dev.antudigital.cl\/sites\/vc\/fifv-2023-decenas-de-actividades-abiertas-al-publico-seran-parte-de-la-decimocuarta-edicion-del-encuentro-fotografico\/#article","isPartOf":{"@id":"https:\/\/dev.antudigital.cl\/sites\/vc\/fifv-2023-decenas-de-actividades-abiertas-al-publico-seran-parte-de-la-decimocuarta-edicion-del-encuentro-fotografico\/"},"author":{"name":"Valpara\u00edso Creativo","@id":"https:\/\/dev.antudigital.cl\/sites\/vc\/#\/schema\/person\/c2b9da8dd545e27166fc5ab232837318"},"headline":"FIFV 2023: decenas de actividades abiertas al p\u00fablico ser\u00e1n parte de la decimocuarta edici\u00f3n del encuentro fotogr\u00e1fico","datePublished":"2023-10-24T02:17:05+00:00","dateModified":"2023-10-24T02:17:11+00:00","mainEntityOfPage":{"@id":"https:\/\/dev.antudigital.cl\/sites\/vc\/fifv-2023-decenas-de-actividades-abiertas-al-publico-seran-parte-de-la-decimocuarta-edicion-del-encuentro-fotografico\/"},"wordCount":1252,"image":{"@id":"https:\/\/dev.antudigital.cl\/sites\/vc\/fifv-2023-decenas-de-actividades-abiertas-al-publico-seran-parte-de-la-decimocuarta-edicion-del-encuentro-fotografico\/#primaryimage"},"thumbnailUrl":"https:\/\/dev.antudigital.cl\/sites\/vc\/wp-content\/uploads\/2023\/10\/FIFV-2-scaled.jpg","articleSection":["Uncategorized"],"inLanguage":"es"},{"@type":"WebPage","@id":"https:\/\/dev.antudigital.cl\/sites\/vc\/fifv-2023-decenas-de-actividades-abiertas-al-publico-seran-parte-de-la-decimocuarta-edicion-del-encuentro-fotografico\/","url":"https:\/\/dev.antudigital.cl\/sites\/vc\/fifv-2023-decenas-de-actividades-abiertas-al-publico-seran-parte-de-la-decimocuarta-edicion-del-encuentro-fotografico\/","name":"FIFV 2023: decenas de actividades abiertas al p\u00fablico ser\u00e1n parte de la decimocuarta edici\u00f3n del encuentro fotogr\u00e1fico - Valpara\u00ed\u00adso Creativo","isPartOf":{"@id":"https:\/\/dev.antudigital.cl\/sites\/vc\/#website"},"primaryImageOfPage":{"@id":"https:\/\/dev.antudigital.cl\/sites\/vc\/fifv-2023-decenas-de-actividades-abiertas-al-publico-seran-parte-de-la-decimocuarta-edicion-del-encuentro-fotografico\/#primaryimage"},"image":{"@id":"https:\/\/dev.antudigital.cl\/sites\/vc\/fifv-2023-decenas-de-actividades-abiertas-al-publico-seran-parte-de-la-decimocuarta-edicion-del-encuentro-fotografico\/#primaryimage"},"thumbnailUrl":"https:\/\/dev.antudigital.cl\/sites\/vc\/wp-content\/uploads\/2023\/10\/FIFV-2-scaled.jpg","datePublished":"2023-10-24T02:17:05+00:00","dateModified":"2023-10-24T02:17:11+00:00","author":{"@id":"https:\/\/dev.antudigital.cl\/sites\/vc\/#\/schema\/person\/c2b9da8dd545e27166fc5ab232837318"},"breadcrumb":{"@id":"https:\/\/dev.antudigital.cl\/sites\/vc\/fifv-2023-decenas-de-actividades-abiertas-al-publico-seran-parte-de-la-decimocuarta-edicion-del-encuentro-fotografico\/#breadcrumb"},"inLanguage":"es","potentialAction":[{"@type":"ReadAction","target":["https:\/\/dev.antudigital.cl\/sites\/vc\/fifv-2023-decenas-de-actividades-abiertas-al-publico-seran-parte-de-la-decimocuarta-edicion-del-encuentro-fotografico\/"]}]},{"@type":"ImageObject","inLanguage":"es","@id":"https:\/\/dev.antudigital.cl\/sites\/vc\/fifv-2023-decenas-de-actividades-abiertas-al-publico-seran-parte-de-la-decimocuarta-edicion-del-encuentro-fotografico\/#primaryimage","url":"https:\/\/dev.antudigital.cl\/sites\/vc\/wp-content\/uploads\/2023\/10\/FIFV-2-scaled.jpg","contentUrl":"https:\/\/dev.antudigital.cl\/sites\/vc\/wp-content\/uploads\/2023\/10\/FIFV-2-scaled.jpg","width":2560,"height":1709},{"@type":"BreadcrumbList","@id":"https:\/\/dev.antudigital.cl\/sites\/vc\/fifv-2023-decenas-de-actividades-abiertas-al-publico-seran-parte-de-la-decimocuarta-edicion-del-encuentro-fotografico\/#breadcrumb","itemListElement":[{"@type":"ListItem","position":1,"name":"Home","item":"https:\/\/dev.antudigital.cl\/sites\/vc\/"},{"@type":"ListItem","position":2,"name":"FIFV 2023: decenas de actividades abiertas al p\u00fablico ser\u00e1n parte de la decimocuarta edici\u00f3n del encuentro fotogr\u00e1fico"}]},{"@type":"WebSite","@id":"https:\/\/dev.antudigital.cl\/sites\/vc\/#website","url":"https:\/\/dev.antudigital.cl\/sites\/vc\/","name":"Valpara\u00ed\u00adso Creativo","description":"","potentialAction":[{"@type":"SearchAction","target":{"@type":"EntryPoint","urlTemplate":"https:\/\/dev.antudigital.cl\/sites\/vc\/?s={search_term_string}"},"query-input":{"@type":"PropertyValueSpecification","valueRequired":true,"valueName":"search_term_string"}}],"inLanguage":"es"},{"@type":"Person","@id":"https:\/\/dev.antudigital.cl\/sites\/vc\/#\/schema\/person\/c2b9da8dd545e27166fc5ab232837318","name":"Valpara\u00edso Creativo","description":"Periodista de cultura en la Regi\u00f3n de Valpara\u00edso.","url":"https:\/\/dev.antudigital.cl\/sites\/vc\/author\/valpoadmin\/"}]}},"_links":{"self":[{"href":"https:\/\/dev.antudigital.cl\/sites\/vc\/wp-json\/wp\/v2\/posts\/17539","targetHints":{"allow":["GET"]}}],"collection":[{"href":"https:\/\/dev.antudigital.cl\/sites\/vc\/wp-json\/wp\/v2\/posts"}],"about":[{"href":"https:\/\/dev.antudigital.cl\/sites\/vc\/wp-json\/wp\/v2\/types\/post"}],"author":[{"embeddable":true,"href":"https:\/\/dev.antudigital.cl\/sites\/vc\/wp-json\/wp\/v2\/users\/1"}],"replies":[{"embeddable":true,"href":"https:\/\/dev.antudigital.cl\/sites\/vc\/wp-json\/wp\/v2\/comments?post=17539"}],"version-history":[{"count":1,"href":"https:\/\/dev.antudigital.cl\/sites\/vc\/wp-json\/wp\/v2\/posts\/17539\/revisions"}],"predecessor-version":[{"id":17545,"href":"https:\/\/dev.antudigital.cl\/sites\/vc\/wp-json\/wp\/v2\/posts\/17539\/revisions\/17545"}],"wp:featuredmedia":[{"embeddable":true,"href":"https:\/\/dev.antudigital.cl\/sites\/vc\/wp-json\/wp\/v2\/media\/17541"}],"wp:attachment":[{"href":"https:\/\/dev.antudigital.cl\/sites\/vc\/wp-json\/wp\/v2\/media?parent=17539"}],"wp:term":[{"taxonomy":"category","embeddable":true,"href":"https:\/\/dev.antudigital.cl\/sites\/vc\/wp-json\/wp\/v2\/categories?post=17539"},{"taxonomy":"post_tag","embeddable":true,"href":"https:\/\/dev.antudigital.cl\/sites\/vc\/wp-json\/wp\/v2\/tags?post=17539"}],"curies":[{"name":"wp","href":"https:\/\/api.w.org\/{rel}","templated":true}]}}