{"id":17546,"date":"2023-10-24T02:22:57","date_gmt":"2023-10-24T02:22:57","guid":{"rendered":"https:\/\/www.valparaisocreativo.cl\/?p=17546"},"modified":"2023-10-24T02:23:03","modified_gmt":"2023-10-24T02:23:03","slug":"primer-encuentro-internacional-consciente-a-la-moda-en-el-palacio-vergara-de-vina-del-mar","status":"publish","type":"post","link":"https:\/\/dev.antudigital.cl\/sites\/vc\/primer-encuentro-internacional-consciente-a-la-moda-en-el-palacio-vergara-de-vina-del-mar\/","title":{"rendered":"Primer Encuentro Internacional \u00abConsciente a la Moda\u00bb en el Palacio Vergara de Vi\u00f1a del Mar"},"content":{"rendered":"\n<p>La moda sostenible y consciente tomar\u00e1 el centro del escenario en el primer Encuentro Internacional \u00abConsciente a la Moda\u00bb, organizado por Emprediem en un proyecto apoyado por Corfo. Este se llevar\u00e1 a cabo los d\u00edas 23 y 24 de noviembre en el majestuoso Palacio Vergara de Vi\u00f1a del Mar, un evento sin precedentes que conectar\u00e1 a l\u00edderes de la industria, expertos en sostenibilidad y entusiastas de la moda de todo el mundo en un esfuerzo por transformar la industria textil.&nbsp;<\/p>\n\n\n\n<p><strong>Valentina Lagos, Directora de Impacto de Emprediem, <\/strong>expres\u00f3 su entusiasmo por el evento, diciendo: \u201cLa colaboraci\u00f3n, el encuentro y las conversaciones entre diversos actores son de vital importancia para impulsar cambios significativos en la industria de la moda y en la sociedad en general. Estos intercambios no solo fomentan la creatividad y la innovaci\u00f3n, sino que tambi\u00e9n inspiran un cambio cultural m\u00e1s amplio hacia un estilo de vida m\u00e1s consciente y sostenible. Cuando dise\u00f1adores, emprendedores, empresas, autoridades, activistas, consumidores y expertos en sostenibilidad se re\u00fanen, se crea un espacio para compartir ideas, conocimientos y experiencias. Este di\u00e1logo interdisciplinario no solo desaf\u00eda las pr\u00e1cticas tradicionales, sino que tambi\u00e9n crea oportunidades para desarrollar nuevas tecnolog\u00edas, materiales y procesos que sean respetuosos con el medio ambiente y socialmente responsables\u00bb.&nbsp;<\/p>\n\n\n\n<p>El encuentro contar\u00e1 con la participaci\u00f3n de tres destacadas expertas en moda sostenible: Gema Gomez (Espa\u00f1a), Speaker, Formadora, Consultora, Directora Ejecutiva y Fundador de Slow Fashion Next; Valentina Su\u00e1rez (Colombia), Directora de Universo Mola, Sustainable Fashion Designer, Sustainability Advocate Internacional Speaker; y Laura Novik (Argentina), Dise\u00f1o e Futuros Sostenibles, Social de Blink Design Consulting y Directora Laboratorio Atl\u00e1ntida. Cada una de ellas aportar\u00e1 una perspectiva \u00fanica sobre la moda sostenible y compartir\u00e1 su vasta experiencia y recorrido en la transformaci\u00f3n de la industria.&nbsp;<\/p>\n\n\n\n<p>Los asistentes podr\u00e1n participar en una amplia gama de actividades, que incluyen workshops, paneles de debate, charlas magistrales inspiradoras y una Ronda de Negocios con Impacto. Estas actividades brindar\u00e1n a los participantes la oportunidad de aprender, conectarse y colaborar con otros apasionados por la moda sostenible.&nbsp;<\/p>\n\n\n\n<p>\u201cNos encontramos en un momento en que la industria de la moda est\u00e1 buscando nuevas formas de relacionarse en forma m\u00e1s sostenible con el planeta. Dise\u00f1adores y fabricantes ya est\u00e1n trabajando para avanzar en esa l\u00ednea, impulsados por usuarios m\u00e1s conscientes sobre el reciclaje y el impacto que est\u00e1 generando la industria de la moda. Por lo mismo, como Corfo destacamos y apoyamos la ejecuci\u00f3n del <strong>1\u00ba Encuentro Internacional \u201cConsciente a la Moda\u201d <\/strong>porque entregar\u00e1 nuevas herramientas y conocimientos en torno a una industria textil sostenible y alternativa\u201d, sostuvo el director regional de <strong>Corfo, Etienne Choupay.<\/strong><\/p>\n\n\n\n<p>El evento finalizar\u00e1 con una pasarela dedicada a la moda sostenible, donde dise\u00f1adores comprometidos con la sostenibilidad presentar\u00e1n sus creaciones innovadoras. Esta pasarela ser\u00e1 una vitrina para la moda \u00e9tica y responsable.&nbsp;<\/p>\n\n\n\n<p>El principal objetivo del Encuentro \u00abConsciente a la Moda\u00bb es crear un espacio de debate y reflexi\u00f3n sobre la industria textil. A trav\u00e9s de discusiones significativas, se explorar\u00e1n soluciones para los desaf\u00edos actuales que enfrenta la industria y se fomentar\u00e1 la adopci\u00f3n de pr\u00e1cticas m\u00e1s sostenibles.&nbsp;<\/p>\n\n\n\n<p>La invitaci\u00f3n es a inscribirse en el sitio oficial del evento <a href=\"http:\/\/www.Conscientealamoda.com\">www.Conscientealamoda.com<\/a> para que puedan asistir a este extraordinario y trascendente encuentro.<\/p>\n\n\n\n<figure class=\"wp-block-image size-full\"><img fetchpriority=\"high\" decoding=\"async\" width=\"631\" height=\"625\" src=\"https:\/\/www.valparaisocreativo.cl\/wp-content\/uploads\/2023\/10\/Captura-de-Pantalla-2023-10-23-a-las-23.21.48.png\" alt=\"\" class=\"wp-image-17548\" srcset=\"https:\/\/dev.antudigital.cl\/sites\/vc\/wp-content\/uploads\/2023\/10\/Captura-de-Pantalla-2023-10-23-a-las-23.21.48.png 631w, https:\/\/dev.antudigital.cl\/sites\/vc\/wp-content\/uploads\/2023\/10\/Captura-de-Pantalla-2023-10-23-a-las-23.21.48-300x297.png 300w, https:\/\/dev.antudigital.cl\/sites\/vc\/wp-content\/uploads\/2023\/10\/Captura-de-Pantalla-2023-10-23-a-las-23.21.48-150x150.png 150w, https:\/\/dev.antudigital.cl\/sites\/vc\/wp-content\/uploads\/2023\/10\/Captura-de-Pantalla-2023-10-23-a-las-23.21.48-480x475.png 480w, https:\/\/dev.antudigital.cl\/sites\/vc\/wp-content\/uploads\/2023\/10\/Captura-de-Pantalla-2023-10-23-a-las-23.21.48-24x24.png 24w, https:\/\/dev.antudigital.cl\/sites\/vc\/wp-content\/uploads\/2023\/10\/Captura-de-Pantalla-2023-10-23-a-las-23.21.48-36x36.png 36w, https:\/\/dev.antudigital.cl\/sites\/vc\/wp-content\/uploads\/2023\/10\/Captura-de-Pantalla-2023-10-23-a-las-23.21.48-48x48.png 48w\" sizes=\"(max-width: 631px) 100vw, 631px\" \/><\/figure>\n","protected":false},"excerpt":{"rendered":"<p>La moda sostenible y consciente tomar\u00e1 el centro del escenario en el primer Encuentro Internacional \u00abConsciente a la Moda\u00bb, organizado por Emprediem en un proyecto apoyado por Corfo. Este se llevar\u00e1 a cabo los d\u00edas 23 y 24 de noviembre en el majestuoso Palacio Vergara de Vi\u00f1a del Mar, un evento sin precedentes que conectar\u00e1 [&hellip;]<\/p>\n","protected":false},"author":1,"featured_media":17547,"comment_status":"closed","ping_status":"closed","sticky":false,"template":"","format":"standard","meta":{"_acf_changed":false,"footnotes":""},"categories":[1],"tags":[],"class_list":["post-17546","post","type-post","status-publish","format-standard","has-post-thumbnail","hentry","category-uncategorized"],"acf":[],"yoast_head":"<!-- This site is optimized with the Yoast SEO plugin v27.1.1 - https:\/\/yoast.com\/product\/yoast-seo-wordpress\/ -->\n<title>Primer Encuentro Internacional &quot;Consciente a la Moda&quot; en el Palacio Vergara de Vi\u00f1a del Mar - Valpara\u00ed\u00adso Creativo<\/title>\n<meta name=\"robots\" content=\"index, follow, max-snippet:-1, max-image-preview:large, max-video-preview:-1\" \/>\n<link rel=\"canonical\" href=\"https:\/\/dev.antudigital.cl\/sites\/vc\/primer-encuentro-internacional-consciente-a-la-moda-en-el-palacio-vergara-de-vina-del-mar\/\" \/>\n<meta property=\"og:locale\" content=\"es_ES\" \/>\n<meta property=\"og:type\" content=\"article\" \/>\n<meta property=\"og:title\" content=\"Primer Encuentro Internacional &quot;Consciente a la Moda&quot; en el Palacio Vergara de Vi\u00f1a del Mar - Valpara\u00ed\u00adso Creativo\" \/>\n<meta property=\"og:description\" content=\"La moda sostenible y consciente tomar\u00e1 el centro del escenario en el primer Encuentro Internacional \u00abConsciente a la Moda\u00bb, organizado por Emprediem en un proyecto apoyado por Corfo. Este se llevar\u00e1 a cabo los d\u00edas 23 y 24 de noviembre en el majestuoso Palacio Vergara de Vi\u00f1a del Mar, un evento sin precedentes que conectar\u00e1 [&hellip;]\" \/>\n<meta property=\"og:url\" content=\"https:\/\/dev.antudigital.cl\/sites\/vc\/primer-encuentro-internacional-consciente-a-la-moda-en-el-palacio-vergara-de-vina-del-mar\/\" \/>\n<meta property=\"og:site_name\" content=\"Valpara\u00ed\u00adso Creativo\" \/>\n<meta property=\"article:published_time\" content=\"2023-10-24T02:22:57+00:00\" \/>\n<meta property=\"article:modified_time\" content=\"2023-10-24T02:23:03+00:00\" \/>\n<meta property=\"og:image\" content=\"https:\/\/dev.antudigital.cl\/sites\/vc\/wp-content\/uploads\/2023\/10\/Grafica-Nota-de-prensa.png\" \/>\n\t<meta property=\"og:image:width\" content=\"1200\" \/>\n\t<meta property=\"og:image:height\" content=\"633\" \/>\n\t<meta property=\"og:image:type\" content=\"image\/png\" \/>\n<meta name=\"author\" content=\"Valpara\u00edso Creativo\" \/>\n<meta name=\"twitter:card\" content=\"summary_large_image\" \/>\n<meta name=\"twitter:label1\" content=\"Escrito por\" \/>\n\t<meta name=\"twitter:data1\" content=\"Valpara\u00edso Creativo\" \/>\n\t<meta name=\"twitter:label2\" content=\"Tiempo de lectura\" \/>\n\t<meta name=\"twitter:data2\" content=\"3 minutos\" \/>\n<script type=\"application\/ld+json\" class=\"yoast-schema-graph\">{\"@context\":\"https:\/\/schema.org\",\"@graph\":[{\"@type\":\"Article\",\"@id\":\"https:\/\/dev.antudigital.cl\/sites\/vc\/primer-encuentro-internacional-consciente-a-la-moda-en-el-palacio-vergara-de-vina-del-mar\/#article\",\"isPartOf\":{\"@id\":\"https:\/\/dev.antudigital.cl\/sites\/vc\/primer-encuentro-internacional-consciente-a-la-moda-en-el-palacio-vergara-de-vina-del-mar\/\"},\"author\":{\"name\":\"Valpara\u00edso Creativo\",\"@id\":\"https:\/\/dev.antudigital.cl\/sites\/vc\/#\/schema\/person\/c2b9da8dd545e27166fc5ab232837318\"},\"headline\":\"Primer Encuentro Internacional \u00abConsciente a la Moda\u00bb en el Palacio Vergara de Vi\u00f1a del Mar\",\"datePublished\":\"2023-10-24T02:22:57+00:00\",\"dateModified\":\"2023-10-24T02:23:03+00:00\",\"mainEntityOfPage\":{\"@id\":\"https:\/\/dev.antudigital.cl\/sites\/vc\/primer-encuentro-internacional-consciente-a-la-moda-en-el-palacio-vergara-de-vina-del-mar\/\"},\"wordCount\":591,\"image\":{\"@id\":\"https:\/\/dev.antudigital.cl\/sites\/vc\/primer-encuentro-internacional-consciente-a-la-moda-en-el-palacio-vergara-de-vina-del-mar\/#primaryimage\"},\"thumbnailUrl\":\"https:\/\/dev.antudigital.cl\/sites\/vc\/wp-content\/uploads\/2023\/10\/Grafica-Nota-de-prensa.png\",\"articleSection\":[\"Uncategorized\"],\"inLanguage\":\"es\"},{\"@type\":\"WebPage\",\"@id\":\"https:\/\/dev.antudigital.cl\/sites\/vc\/primer-encuentro-internacional-consciente-a-la-moda-en-el-palacio-vergara-de-vina-del-mar\/\",\"url\":\"https:\/\/dev.antudigital.cl\/sites\/vc\/primer-encuentro-internacional-consciente-a-la-moda-en-el-palacio-vergara-de-vina-del-mar\/\",\"name\":\"Primer Encuentro Internacional \\\"Consciente a la Moda\\\" en el Palacio Vergara de Vi\u00f1a del Mar - Valpara\u00ed\u00adso Creativo\",\"isPartOf\":{\"@id\":\"https:\/\/dev.antudigital.cl\/sites\/vc\/#website\"},\"primaryImageOfPage\":{\"@id\":\"https:\/\/dev.antudigital.cl\/sites\/vc\/primer-encuentro-internacional-consciente-a-la-moda-en-el-palacio-vergara-de-vina-del-mar\/#primaryimage\"},\"image\":{\"@id\":\"https:\/\/dev.antudigital.cl\/sites\/vc\/primer-encuentro-internacional-consciente-a-la-moda-en-el-palacio-vergara-de-vina-del-mar\/#primaryimage\"},\"thumbnailUrl\":\"https:\/\/dev.antudigital.cl\/sites\/vc\/wp-content\/uploads\/2023\/10\/Grafica-Nota-de-prensa.png\",\"datePublished\":\"2023-10-24T02:22:57+00:00\",\"dateModified\":\"2023-10-24T02:23:03+00:00\",\"author\":{\"@id\":\"https:\/\/dev.antudigital.cl\/sites\/vc\/#\/schema\/person\/c2b9da8dd545e27166fc5ab232837318\"},\"breadcrumb\":{\"@id\":\"https:\/\/dev.antudigital.cl\/sites\/vc\/primer-encuentro-internacional-consciente-a-la-moda-en-el-palacio-vergara-de-vina-del-mar\/#breadcrumb\"},\"inLanguage\":\"es\",\"potentialAction\":[{\"@type\":\"ReadAction\",\"target\":[\"https:\/\/dev.antudigital.cl\/sites\/vc\/primer-encuentro-internacional-consciente-a-la-moda-en-el-palacio-vergara-de-vina-del-mar\/\"]}]},{\"@type\":\"ImageObject\",\"inLanguage\":\"es\",\"@id\":\"https:\/\/dev.antudigital.cl\/sites\/vc\/primer-encuentro-internacional-consciente-a-la-moda-en-el-palacio-vergara-de-vina-del-mar\/#primaryimage\",\"url\":\"https:\/\/dev.antudigital.cl\/sites\/vc\/wp-content\/uploads\/2023\/10\/Grafica-Nota-de-prensa.png\",\"contentUrl\":\"https:\/\/dev.antudigital.cl\/sites\/vc\/wp-content\/uploads\/2023\/10\/Grafica-Nota-de-prensa.png\",\"width\":1200,\"height\":633},{\"@type\":\"BreadcrumbList\",\"@id\":\"https:\/\/dev.antudigital.cl\/sites\/vc\/primer-encuentro-internacional-consciente-a-la-moda-en-el-palacio-vergara-de-vina-del-mar\/#breadcrumb\",\"itemListElement\":[{\"@type\":\"ListItem\",\"position\":1,\"name\":\"Home\",\"item\":\"https:\/\/dev.antudigital.cl\/sites\/vc\/\"},{\"@type\":\"ListItem\",\"position\":2,\"name\":\"Primer Encuentro Internacional \u00abConsciente a la Moda\u00bb en el Palacio Vergara de Vi\u00f1a del Mar\"}]},{\"@type\":\"WebSite\",\"@id\":\"https:\/\/dev.antudigital.cl\/sites\/vc\/#website\",\"url\":\"https:\/\/dev.antudigital.cl\/sites\/vc\/\",\"name\":\"Valpara\u00ed\u00adso Creativo\",\"description\":\"\",\"potentialAction\":[{\"@type\":\"SearchAction\",\"target\":{\"@type\":\"EntryPoint\",\"urlTemplate\":\"https:\/\/dev.antudigital.cl\/sites\/vc\/?s={search_term_string}\"},\"query-input\":{\"@type\":\"PropertyValueSpecification\",\"valueRequired\":true,\"valueName\":\"search_term_string\"}}],\"inLanguage\":\"es\"},{\"@type\":\"Person\",\"@id\":\"https:\/\/dev.antudigital.cl\/sites\/vc\/#\/schema\/person\/c2b9da8dd545e27166fc5ab232837318\",\"name\":\"Valpara\u00edso Creativo\",\"description\":\"Periodista de cultura en la Regi\u00f3n de Valpara\u00edso.\",\"url\":\"https:\/\/dev.antudigital.cl\/sites\/vc\/author\/valpoadmin\/\"}]}<\/script>\n<!-- \/ Yoast SEO plugin. -->","yoast_head_json":{"title":"Primer Encuentro Internacional \"Consciente a la Moda\" en el Palacio Vergara de Vi\u00f1a del Mar - Valpara\u00ed\u00adso Creativo","robots":{"index":"index","follow":"follow","max-snippet":"max-snippet:-1","max-image-preview":"max-image-preview:large","max-video-preview":"max-video-preview:-1"},"canonical":"https:\/\/dev.antudigital.cl\/sites\/vc\/primer-encuentro-internacional-consciente-a-la-moda-en-el-palacio-vergara-de-vina-del-mar\/","og_locale":"es_ES","og_type":"article","og_title":"Primer Encuentro Internacional \"Consciente a la Moda\" en el Palacio Vergara de Vi\u00f1a del Mar - Valpara\u00ed\u00adso Creativo","og_description":"La moda sostenible y consciente tomar\u00e1 el centro del escenario en el primer Encuentro Internacional \u00abConsciente a la Moda\u00bb, organizado por Emprediem en un proyecto apoyado por Corfo. Este se llevar\u00e1 a cabo los d\u00edas 23 y 24 de noviembre en el majestuoso Palacio Vergara de Vi\u00f1a del Mar, un evento sin precedentes que conectar\u00e1 [&hellip;]","og_url":"https:\/\/dev.antudigital.cl\/sites\/vc\/primer-encuentro-internacional-consciente-a-la-moda-en-el-palacio-vergara-de-vina-del-mar\/","og_site_name":"Valpara\u00ed\u00adso Creativo","article_published_time":"2023-10-24T02:22:57+00:00","article_modified_time":"2023-10-24T02:23:03+00:00","og_image":[{"width":1200,"height":633,"url":"https:\/\/dev.antudigital.cl\/sites\/vc\/wp-content\/uploads\/2023\/10\/Grafica-Nota-de-prensa.png","type":"image\/png"}],"author":"Valpara\u00edso Creativo","twitter_card":"summary_large_image","twitter_misc":{"Escrito por":"Valpara\u00edso Creativo","Tiempo de lectura":"3 minutos"},"schema":{"@context":"https:\/\/schema.org","@graph":[{"@type":"Article","@id":"https:\/\/dev.antudigital.cl\/sites\/vc\/primer-encuentro-internacional-consciente-a-la-moda-en-el-palacio-vergara-de-vina-del-mar\/#article","isPartOf":{"@id":"https:\/\/dev.antudigital.cl\/sites\/vc\/primer-encuentro-internacional-consciente-a-la-moda-en-el-palacio-vergara-de-vina-del-mar\/"},"author":{"name":"Valpara\u00edso Creativo","@id":"https:\/\/dev.antudigital.cl\/sites\/vc\/#\/schema\/person\/c2b9da8dd545e27166fc5ab232837318"},"headline":"Primer Encuentro Internacional \u00abConsciente a la Moda\u00bb en el Palacio Vergara de Vi\u00f1a del Mar","datePublished":"2023-10-24T02:22:57+00:00","dateModified":"2023-10-24T02:23:03+00:00","mainEntityOfPage":{"@id":"https:\/\/dev.antudigital.cl\/sites\/vc\/primer-encuentro-internacional-consciente-a-la-moda-en-el-palacio-vergara-de-vina-del-mar\/"},"wordCount":591,"image":{"@id":"https:\/\/dev.antudigital.cl\/sites\/vc\/primer-encuentro-internacional-consciente-a-la-moda-en-el-palacio-vergara-de-vina-del-mar\/#primaryimage"},"thumbnailUrl":"https:\/\/dev.antudigital.cl\/sites\/vc\/wp-content\/uploads\/2023\/10\/Grafica-Nota-de-prensa.png","articleSection":["Uncategorized"],"inLanguage":"es"},{"@type":"WebPage","@id":"https:\/\/dev.antudigital.cl\/sites\/vc\/primer-encuentro-internacional-consciente-a-la-moda-en-el-palacio-vergara-de-vina-del-mar\/","url":"https:\/\/dev.antudigital.cl\/sites\/vc\/primer-encuentro-internacional-consciente-a-la-moda-en-el-palacio-vergara-de-vina-del-mar\/","name":"Primer Encuentro Internacional \"Consciente a la Moda\" en el Palacio Vergara de Vi\u00f1a del Mar - Valpara\u00ed\u00adso Creativo","isPartOf":{"@id":"https:\/\/dev.antudigital.cl\/sites\/vc\/#website"},"primaryImageOfPage":{"@id":"https:\/\/dev.antudigital.cl\/sites\/vc\/primer-encuentro-internacional-consciente-a-la-moda-en-el-palacio-vergara-de-vina-del-mar\/#primaryimage"},"image":{"@id":"https:\/\/dev.antudigital.cl\/sites\/vc\/primer-encuentro-internacional-consciente-a-la-moda-en-el-palacio-vergara-de-vina-del-mar\/#primaryimage"},"thumbnailUrl":"https:\/\/dev.antudigital.cl\/sites\/vc\/wp-content\/uploads\/2023\/10\/Grafica-Nota-de-prensa.png","datePublished":"2023-10-24T02:22:57+00:00","dateModified":"2023-10-24T02:23:03+00:00","author":{"@id":"https:\/\/dev.antudigital.cl\/sites\/vc\/#\/schema\/person\/c2b9da8dd545e27166fc5ab232837318"},"breadcrumb":{"@id":"https:\/\/dev.antudigital.cl\/sites\/vc\/primer-encuentro-internacional-consciente-a-la-moda-en-el-palacio-vergara-de-vina-del-mar\/#breadcrumb"},"inLanguage":"es","potentialAction":[{"@type":"ReadAction","target":["https:\/\/dev.antudigital.cl\/sites\/vc\/primer-encuentro-internacional-consciente-a-la-moda-en-el-palacio-vergara-de-vina-del-mar\/"]}]},{"@type":"ImageObject","inLanguage":"es","@id":"https:\/\/dev.antudigital.cl\/sites\/vc\/primer-encuentro-internacional-consciente-a-la-moda-en-el-palacio-vergara-de-vina-del-mar\/#primaryimage","url":"https:\/\/dev.antudigital.cl\/sites\/vc\/wp-content\/uploads\/2023\/10\/Grafica-Nota-de-prensa.png","contentUrl":"https:\/\/dev.antudigital.cl\/sites\/vc\/wp-content\/uploads\/2023\/10\/Grafica-Nota-de-prensa.png","width":1200,"height":633},{"@type":"BreadcrumbList","@id":"https:\/\/dev.antudigital.cl\/sites\/vc\/primer-encuentro-internacional-consciente-a-la-moda-en-el-palacio-vergara-de-vina-del-mar\/#breadcrumb","itemListElement":[{"@type":"ListItem","position":1,"name":"Home","item":"https:\/\/dev.antudigital.cl\/sites\/vc\/"},{"@type":"ListItem","position":2,"name":"Primer Encuentro Internacional \u00abConsciente a la Moda\u00bb en el Palacio Vergara de Vi\u00f1a del Mar"}]},{"@type":"WebSite","@id":"https:\/\/dev.antudigital.cl\/sites\/vc\/#website","url":"https:\/\/dev.antudigital.cl\/sites\/vc\/","name":"Valpara\u00ed\u00adso Creativo","description":"","potentialAction":[{"@type":"SearchAction","target":{"@type":"EntryPoint","urlTemplate":"https:\/\/dev.antudigital.cl\/sites\/vc\/?s={search_term_string}"},"query-input":{"@type":"PropertyValueSpecification","valueRequired":true,"valueName":"search_term_string"}}],"inLanguage":"es"},{"@type":"Person","@id":"https:\/\/dev.antudigital.cl\/sites\/vc\/#\/schema\/person\/c2b9da8dd545e27166fc5ab232837318","name":"Valpara\u00edso Creativo","description":"Periodista de cultura en la Regi\u00f3n de Valpara\u00edso.","url":"https:\/\/dev.antudigital.cl\/sites\/vc\/author\/valpoadmin\/"}]}},"_links":{"self":[{"href":"https:\/\/dev.antudigital.cl\/sites\/vc\/wp-json\/wp\/v2\/posts\/17546","targetHints":{"allow":["GET"]}}],"collection":[{"href":"https:\/\/dev.antudigital.cl\/sites\/vc\/wp-json\/wp\/v2\/posts"}],"about":[{"href":"https:\/\/dev.antudigital.cl\/sites\/vc\/wp-json\/wp\/v2\/types\/post"}],"author":[{"embeddable":true,"href":"https:\/\/dev.antudigital.cl\/sites\/vc\/wp-json\/wp\/v2\/users\/1"}],"replies":[{"embeddable":true,"href":"https:\/\/dev.antudigital.cl\/sites\/vc\/wp-json\/wp\/v2\/comments?post=17546"}],"version-history":[{"count":1,"href":"https:\/\/dev.antudigital.cl\/sites\/vc\/wp-json\/wp\/v2\/posts\/17546\/revisions"}],"predecessor-version":[{"id":17549,"href":"https:\/\/dev.antudigital.cl\/sites\/vc\/wp-json\/wp\/v2\/posts\/17546\/revisions\/17549"}],"wp:featuredmedia":[{"embeddable":true,"href":"https:\/\/dev.antudigital.cl\/sites\/vc\/wp-json\/wp\/v2\/media\/17547"}],"wp:attachment":[{"href":"https:\/\/dev.antudigital.cl\/sites\/vc\/wp-json\/wp\/v2\/media?parent=17546"}],"wp:term":[{"taxonomy":"category","embeddable":true,"href":"https:\/\/dev.antudigital.cl\/sites\/vc\/wp-json\/wp\/v2\/categories?post=17546"},{"taxonomy":"post_tag","embeddable":true,"href":"https:\/\/dev.antudigital.cl\/sites\/vc\/wp-json\/wp\/v2\/tags?post=17546"}],"curies":[{"name":"wp","href":"https:\/\/api.w.org\/{rel}","templated":true}]}}