{"id":17550,"date":"2023-10-24T02:28:40","date_gmt":"2023-10-24T02:28:40","guid":{"rendered":"https:\/\/www.valparaisocreativo.cl\/?p=17550"},"modified":"2023-10-24T02:31:53","modified_gmt":"2023-10-24T02:31:53","slug":"confirman-segunda-version-de-recpro-la-conferencia-de-la-industria-musical-de-biobio","status":"publish","type":"post","link":"https:\/\/dev.antudigital.cl\/sites\/vc\/confirman-segunda-version-de-recpro-la-conferencia-de-la-industria-musical-de-biobio\/","title":{"rendered":"Confirman segunda versi\u00f3n de RECPRO, la conferencia de la industria musical de Biob\u00edo"},"content":{"rendered":"\n<p>Durante octubre la Regi\u00f3n del Biob\u00edo nuevamente se transformar\u00e1 en el epicentro de la m\u00fasica chilena con la segunda edici\u00f3n de RECPRO. Esta conferencia, que se realizar\u00e1 los d\u00edas 25, 26 y 27 de octubre, previo al festival REC, reunir\u00e1 a los principales actores de la industria nacional, proporcionando un encuentro profesional que busca incidir en el desarrollo del sector en Chile y, a la vez, fortalecer el posicionamiento de la regi\u00f3n en el sector y el consiguiente impacto en la actividad econ\u00f3mica<\/p>\n\n\n\n<p>La primera edici\u00f3n de 2022 estableci\u00f3 un precedente, al abrir discusiones sobre los desaf\u00edos y proporcionando un espacio para el encuentro y el intercambio de ideas, centradas en la oferta musical y el desarrollo tur\u00edstico ligado a las industrias creativas, gracias a la participaci\u00f3n de productores, m\u00fasicos, sellos, autoridades, entre otros.&nbsp;<\/p>\n\n\n\n<p>Seg\u00fan coment\u00f3 el Gobernador Regional del Biob\u00edo, Rodrigo D\u00edaz, \u201cRECPRO no s\u00f3lo es una vitrina para nuestros talentos locales, sino tambi\u00e9n un lugar para el intercambio de ideas y tendencias respecto a la m\u00fasica. Es, sin duda, una ocasi\u00f3n relevante para la formaci\u00f3n de alianzas, que impulsar\u00e1n nuestro crecimiento sostenible en materias que nos interesan como son las industrias creativas y el turismo. La m\u00fasica es una parte integral de la identidad cultural de nuestra regi\u00f3n y, a trav\u00e9s del apoyo a este tipo de iniciativas, sabemos que estamos invirtiendo en el futuro\u201d.<\/p>\n\n\n\n<figure class=\"wp-block-image size-large\"><img fetchpriority=\"high\" decoding=\"async\" width=\"1024\" height=\"683\" src=\"https:\/\/www.valparaisocreativo.cl\/wp-content\/uploads\/2023\/10\/reppro5-1-1024x683.jpg\" alt=\"\" class=\"wp-image-17553\" srcset=\"https:\/\/dev.antudigital.cl\/sites\/vc\/wp-content\/uploads\/2023\/10\/reppro5-1-1024x683.jpg 1024w, https:\/\/dev.antudigital.cl\/sites\/vc\/wp-content\/uploads\/2023\/10\/reppro5-1-300x200.jpg 300w, https:\/\/dev.antudigital.cl\/sites\/vc\/wp-content\/uploads\/2023\/10\/reppro5-1-768x512.jpg 768w, https:\/\/dev.antudigital.cl\/sites\/vc\/wp-content\/uploads\/2023\/10\/reppro5-1-1536x1024.jpg 1536w, https:\/\/dev.antudigital.cl\/sites\/vc\/wp-content\/uploads\/2023\/10\/reppro5-1-2048x1365.jpg 2048w, https:\/\/dev.antudigital.cl\/sites\/vc\/wp-content\/uploads\/2023\/10\/reppro5-1-1080x720.jpg 1080w, https:\/\/dev.antudigital.cl\/sites\/vc\/wp-content\/uploads\/2023\/10\/reppro5-1-1280x854.jpg 1280w, https:\/\/dev.antudigital.cl\/sites\/vc\/wp-content\/uploads\/2023\/10\/reppro5-1-980x653.jpg 980w, https:\/\/dev.antudigital.cl\/sites\/vc\/wp-content\/uploads\/2023\/10\/reppro5-1-480x320.jpg 480w, https:\/\/dev.antudigital.cl\/sites\/vc\/wp-content\/uploads\/2023\/10\/reppro5-1-24x16.jpg 24w, https:\/\/dev.antudigital.cl\/sites\/vc\/wp-content\/uploads\/2023\/10\/reppro5-1-36x24.jpg 36w, https:\/\/dev.antudigital.cl\/sites\/vc\/wp-content\/uploads\/2023\/10\/reppro5-1-48x32.jpg 48w\" sizes=\"(max-width: 1024px) 100vw, 1024px\" \/><\/figure>\n\n\n\n<p>Para 2023, en tanto, esta segunda versi\u00f3n se proyecta como un evento que profundizar\u00e1 en el desarrollo profesional, pol\u00edtico y de proyectos culturales, con la aspiraci\u00f3n de consolidarse como una de las conferencias m\u00e1s importantes de la industria, cuyo proceso de inscripci\u00f3n se abrir\u00e1 en los pr\u00f3ximos d\u00edas en el sitio web www.recpro.cl<\/p>\n\n\n\n<p>Con dicho prop\u00f3sito, durante tres d\u00edas, el encuentro ofrecer\u00e1 una variedad de actividades. Seg\u00fan coment\u00f3 Raimundo Aguirre, director de RECPRO, \u201ceste a\u00f1o el trabajo busca ampliar su impacto para compartir y viabilizar ideas, proyectos y negocios en torno a la m\u00fasica. Si el a\u00f1o pasado fue un espacio de reflexi\u00f3n principalmente local, ahora pretendemos potenciar las relaciones interregionales e internacionales. Por otra parte, tambi\u00e9n queremos profundizar en los temas que aparecieron producto de las discusiones de la versi\u00f3n pasada y, en esta ocasi\u00f3n, contaremos con distintos actores del sector p\u00fablico y privado para llevar estas ideas a la pr\u00e1ctica, a trav\u00e9s de compromisos y propuestas concretas\u201d.<\/p>\n\n\n\n<p>Luis Delgado, director del Proyecto Biob\u00edo Turismo Creativo, manifest\u00f3 que con la realizaci\u00f3n del REC PRO se busca fortalecer al mundo musical regional, visibilizar el trabajo que est\u00e1n realizando y conocer los puntos de vista de los principales exponentes locales y nacionales del sector, a trav\u00e9s de la vinculaci\u00f3n con distintas \u00e1reas de las industrias creativas.&nbsp;<\/p>\n\n\n\n<p>\u201cEn su segunda versi\u00f3n, REC PRO permitir\u00e1 definir y promover un trabajo conjunto con todas y todos los l\u00edderes de las distintas aristas que comprende esta importante industria regional\u201d.<\/p>\n\n\n\n<figure class=\"wp-block-image size-large\"><img decoding=\"async\" width=\"819\" height=\"1024\" src=\"https:\/\/www.valparaisocreativo.cl\/wp-content\/uploads\/2023\/10\/btc_recpro_afiche_1350_sl-819x1024.png\" alt=\"\" class=\"wp-image-17551\" srcset=\"https:\/\/dev.antudigital.cl\/sites\/vc\/wp-content\/uploads\/2023\/10\/btc_recpro_afiche_1350_sl-819x1024.png 819w, https:\/\/dev.antudigital.cl\/sites\/vc\/wp-content\/uploads\/2023\/10\/btc_recpro_afiche_1350_sl-240x300.png 240w, https:\/\/dev.antudigital.cl\/sites\/vc\/wp-content\/uploads\/2023\/10\/btc_recpro_afiche_1350_sl-768x960.png 768w, https:\/\/dev.antudigital.cl\/sites\/vc\/wp-content\/uploads\/2023\/10\/btc_recpro_afiche_1350_sl-980x1225.png 980w, https:\/\/dev.antudigital.cl\/sites\/vc\/wp-content\/uploads\/2023\/10\/btc_recpro_afiche_1350_sl-480x600.png 480w, https:\/\/dev.antudigital.cl\/sites\/vc\/wp-content\/uploads\/2023\/10\/btc_recpro_afiche_1350_sl-19x24.png 19w, https:\/\/dev.antudigital.cl\/sites\/vc\/wp-content\/uploads\/2023\/10\/btc_recpro_afiche_1350_sl-29x36.png 29w, https:\/\/dev.antudigital.cl\/sites\/vc\/wp-content\/uploads\/2023\/10\/btc_recpro_afiche_1350_sl-38x48.png 38w, https:\/\/dev.antudigital.cl\/sites\/vc\/wp-content\/uploads\/2023\/10\/btc_recpro_afiche_1350_sl.png 1080w\" sizes=\"(max-width: 819px) 100vw, 819px\" \/><\/figure>\n\n\n\n<p>Adem\u00e1s, agreg\u00f3 Delgado, esta conferencia es una gran instancia para articular y facilitar las interacciones y conexiones entre creadores musicales de la Regi\u00f3n del Biob\u00edo, para alcanzar el desarrollo y producciones de alta calidad, generaci\u00f3n de nuevas plataformas y redes, adem\u00e1s de proyectos que permitan no tan solo la proyecci\u00f3n de la industria creativa del \u00e1rea, sino que tambi\u00e9n promover los talentos locales.<\/p>\n\n\n\n<p>Durante los pr\u00f3ximos d\u00edas se confirmar\u00e1 el programa completo, el que integrar\u00e1 charlas magistrales con invitados internacionales, paneles de discusi\u00f3n y debates sobre las problem\u00e1ticas actuales, talleres formativos con \u00e9nfasis en la profesionalizaci\u00f3n t\u00e9cnica y la producci\u00f3n musical, y un showcases de m\u00fasica en diferentes escenarios de la ciudad de Concepci\u00f3n.<\/p>\n\n\n\n<p>Cabe recordar que el festival REC se realizar\u00e1 los d\u00edas 28 y 29 de octubre, en escenarios dispuestos en el Parque Bicentenario, as\u00ed como en la explanada y sala principal del Teatro Biob\u00edo, los que en la versi\u00f3n del a\u00f1o pasado congregaron a m\u00e1s de 200 mil personas.<\/p>\n","protected":false},"excerpt":{"rendered":"<p>Durante octubre la Regi\u00f3n del Biob\u00edo nuevamente se transformar\u00e1 en el epicentro de la m\u00fasica chilena con la segunda edici\u00f3n de RECPRO. Esta conferencia, que se realizar\u00e1 los d\u00edas 25, 26 y 27 de octubre, previo al festival REC, reunir\u00e1 a los principales actores de la industria nacional, proporcionando un encuentro profesional que busca incidir [&hellip;]<\/p>\n","protected":false},"author":1,"featured_media":17552,"comment_status":"closed","ping_status":"closed","sticky":false,"template":"","format":"standard","meta":{"_acf_changed":false,"footnotes":""},"categories":[1],"tags":[],"class_list":["post-17550","post","type-post","status-publish","format-standard","has-post-thumbnail","hentry","category-uncategorized"],"acf":[],"yoast_head":"<!-- This site is optimized with the Yoast SEO plugin v27.1.1 - https:\/\/yoast.com\/product\/yoast-seo-wordpress\/ -->\n<title>Confirman segunda versi\u00f3n de RECPRO, la conferencia de la industria musical de Biob\u00edo - Valpara\u00ed\u00adso Creativo<\/title>\n<meta name=\"robots\" content=\"index, follow, max-snippet:-1, max-image-preview:large, max-video-preview:-1\" \/>\n<link rel=\"canonical\" href=\"https:\/\/dev.antudigital.cl\/sites\/vc\/confirman-segunda-version-de-recpro-la-conferencia-de-la-industria-musical-de-biobio\/\" \/>\n<meta property=\"og:locale\" content=\"es_ES\" \/>\n<meta property=\"og:type\" content=\"article\" \/>\n<meta property=\"og:title\" content=\"Confirman segunda versi\u00f3n de RECPRO, la conferencia de la industria musical de Biob\u00edo - Valpara\u00ed\u00adso Creativo\" \/>\n<meta property=\"og:description\" content=\"Durante octubre la Regi\u00f3n del Biob\u00edo nuevamente se transformar\u00e1 en el epicentro de la m\u00fasica chilena con la segunda edici\u00f3n de RECPRO. Esta conferencia, que se realizar\u00e1 los d\u00edas 25, 26 y 27 de octubre, previo al festival REC, reunir\u00e1 a los principales actores de la industria nacional, proporcionando un encuentro profesional que busca incidir [&hellip;]\" \/>\n<meta property=\"og:url\" content=\"https:\/\/dev.antudigital.cl\/sites\/vc\/confirman-segunda-version-de-recpro-la-conferencia-de-la-industria-musical-de-biobio\/\" \/>\n<meta property=\"og:site_name\" content=\"Valpara\u00ed\u00adso Creativo\" \/>\n<meta property=\"article:published_time\" content=\"2023-10-24T02:28:40+00:00\" \/>\n<meta property=\"article:modified_time\" content=\"2023-10-24T02:31:53+00:00\" \/>\n<meta property=\"og:image\" content=\"https:\/\/dev.antudigital.cl\/sites\/vc\/wp-content\/uploads\/2023\/10\/Panel-7-Musica-Urbana-Una-nueva-industria18-scaled.jpg\" \/>\n\t<meta property=\"og:image:width\" content=\"2560\" \/>\n\t<meta property=\"og:image:height\" content=\"1707\" \/>\n\t<meta property=\"og:image:type\" content=\"image\/jpeg\" \/>\n<meta name=\"author\" content=\"Valpara\u00edso Creativo\" \/>\n<meta name=\"twitter:card\" content=\"summary_large_image\" \/>\n<meta name=\"twitter:label1\" content=\"Escrito por\" \/>\n\t<meta name=\"twitter:data1\" content=\"Valpara\u00edso Creativo\" \/>\n\t<meta name=\"twitter:label2\" content=\"Tiempo de lectura\" \/>\n\t<meta name=\"twitter:data2\" content=\"4 minutos\" \/>\n<script type=\"application\/ld+json\" class=\"yoast-schema-graph\">{\"@context\":\"https:\/\/schema.org\",\"@graph\":[{\"@type\":\"Article\",\"@id\":\"https:\/\/dev.antudigital.cl\/sites\/vc\/confirman-segunda-version-de-recpro-la-conferencia-de-la-industria-musical-de-biobio\/#article\",\"isPartOf\":{\"@id\":\"https:\/\/dev.antudigital.cl\/sites\/vc\/confirman-segunda-version-de-recpro-la-conferencia-de-la-industria-musical-de-biobio\/\"},\"author\":{\"name\":\"Valpara\u00edso Creativo\",\"@id\":\"https:\/\/dev.antudigital.cl\/sites\/vc\/#\/schema\/person\/c2b9da8dd545e27166fc5ab232837318\"},\"headline\":\"Confirman segunda versi\u00f3n de RECPRO, la conferencia de la industria musical de Biob\u00edo\",\"datePublished\":\"2023-10-24T02:28:40+00:00\",\"dateModified\":\"2023-10-24T02:31:53+00:00\",\"mainEntityOfPage\":{\"@id\":\"https:\/\/dev.antudigital.cl\/sites\/vc\/confirman-segunda-version-de-recpro-la-conferencia-de-la-industria-musical-de-biobio\/\"},\"wordCount\":716,\"image\":{\"@id\":\"https:\/\/dev.antudigital.cl\/sites\/vc\/confirman-segunda-version-de-recpro-la-conferencia-de-la-industria-musical-de-biobio\/#primaryimage\"},\"thumbnailUrl\":\"https:\/\/dev.antudigital.cl\/sites\/vc\/wp-content\/uploads\/2023\/10\/Panel-7-Musica-Urbana-Una-nueva-industria18-scaled.jpg\",\"articleSection\":[\"Uncategorized\"],\"inLanguage\":\"es\"},{\"@type\":\"WebPage\",\"@id\":\"https:\/\/dev.antudigital.cl\/sites\/vc\/confirman-segunda-version-de-recpro-la-conferencia-de-la-industria-musical-de-biobio\/\",\"url\":\"https:\/\/dev.antudigital.cl\/sites\/vc\/confirman-segunda-version-de-recpro-la-conferencia-de-la-industria-musical-de-biobio\/\",\"name\":\"Confirman segunda versi\u00f3n de RECPRO, la conferencia de la industria musical de Biob\u00edo - Valpara\u00ed\u00adso Creativo\",\"isPartOf\":{\"@id\":\"https:\/\/dev.antudigital.cl\/sites\/vc\/#website\"},\"primaryImageOfPage\":{\"@id\":\"https:\/\/dev.antudigital.cl\/sites\/vc\/confirman-segunda-version-de-recpro-la-conferencia-de-la-industria-musical-de-biobio\/#primaryimage\"},\"image\":{\"@id\":\"https:\/\/dev.antudigital.cl\/sites\/vc\/confirman-segunda-version-de-recpro-la-conferencia-de-la-industria-musical-de-biobio\/#primaryimage\"},\"thumbnailUrl\":\"https:\/\/dev.antudigital.cl\/sites\/vc\/wp-content\/uploads\/2023\/10\/Panel-7-Musica-Urbana-Una-nueva-industria18-scaled.jpg\",\"datePublished\":\"2023-10-24T02:28:40+00:00\",\"dateModified\":\"2023-10-24T02:31:53+00:00\",\"author\":{\"@id\":\"https:\/\/dev.antudigital.cl\/sites\/vc\/#\/schema\/person\/c2b9da8dd545e27166fc5ab232837318\"},\"breadcrumb\":{\"@id\":\"https:\/\/dev.antudigital.cl\/sites\/vc\/confirman-segunda-version-de-recpro-la-conferencia-de-la-industria-musical-de-biobio\/#breadcrumb\"},\"inLanguage\":\"es\",\"potentialAction\":[{\"@type\":\"ReadAction\",\"target\":[\"https:\/\/dev.antudigital.cl\/sites\/vc\/confirman-segunda-version-de-recpro-la-conferencia-de-la-industria-musical-de-biobio\/\"]}]},{\"@type\":\"ImageObject\",\"inLanguage\":\"es\",\"@id\":\"https:\/\/dev.antudigital.cl\/sites\/vc\/confirman-segunda-version-de-recpro-la-conferencia-de-la-industria-musical-de-biobio\/#primaryimage\",\"url\":\"https:\/\/dev.antudigital.cl\/sites\/vc\/wp-content\/uploads\/2023\/10\/Panel-7-Musica-Urbana-Una-nueva-industria18-scaled.jpg\",\"contentUrl\":\"https:\/\/dev.antudigital.cl\/sites\/vc\/wp-content\/uploads\/2023\/10\/Panel-7-Musica-Urbana-Una-nueva-industria18-scaled.jpg\",\"width\":2560,\"height\":1707},{\"@type\":\"BreadcrumbList\",\"@id\":\"https:\/\/dev.antudigital.cl\/sites\/vc\/confirman-segunda-version-de-recpro-la-conferencia-de-la-industria-musical-de-biobio\/#breadcrumb\",\"itemListElement\":[{\"@type\":\"ListItem\",\"position\":1,\"name\":\"Home\",\"item\":\"https:\/\/dev.antudigital.cl\/sites\/vc\/\"},{\"@type\":\"ListItem\",\"position\":2,\"name\":\"Confirman segunda versi\u00f3n de RECPRO, la conferencia de la industria musical de Biob\u00edo\"}]},{\"@type\":\"WebSite\",\"@id\":\"https:\/\/dev.antudigital.cl\/sites\/vc\/#website\",\"url\":\"https:\/\/dev.antudigital.cl\/sites\/vc\/\",\"name\":\"Valpara\u00ed\u00adso Creativo\",\"description\":\"\",\"potentialAction\":[{\"@type\":\"SearchAction\",\"target\":{\"@type\":\"EntryPoint\",\"urlTemplate\":\"https:\/\/dev.antudigital.cl\/sites\/vc\/?s={search_term_string}\"},\"query-input\":{\"@type\":\"PropertyValueSpecification\",\"valueRequired\":true,\"valueName\":\"search_term_string\"}}],\"inLanguage\":\"es\"},{\"@type\":\"Person\",\"@id\":\"https:\/\/dev.antudigital.cl\/sites\/vc\/#\/schema\/person\/c2b9da8dd545e27166fc5ab232837318\",\"name\":\"Valpara\u00edso Creativo\",\"description\":\"Periodista de cultura en la Regi\u00f3n de Valpara\u00edso.\",\"url\":\"https:\/\/dev.antudigital.cl\/sites\/vc\/author\/valpoadmin\/\"}]}<\/script>\n<!-- \/ Yoast SEO plugin. -->","yoast_head_json":{"title":"Confirman segunda versi\u00f3n de RECPRO, la conferencia de la industria musical de Biob\u00edo - Valpara\u00ed\u00adso Creativo","robots":{"index":"index","follow":"follow","max-snippet":"max-snippet:-1","max-image-preview":"max-image-preview:large","max-video-preview":"max-video-preview:-1"},"canonical":"https:\/\/dev.antudigital.cl\/sites\/vc\/confirman-segunda-version-de-recpro-la-conferencia-de-la-industria-musical-de-biobio\/","og_locale":"es_ES","og_type":"article","og_title":"Confirman segunda versi\u00f3n de RECPRO, la conferencia de la industria musical de Biob\u00edo - Valpara\u00ed\u00adso Creativo","og_description":"Durante octubre la Regi\u00f3n del Biob\u00edo nuevamente se transformar\u00e1 en el epicentro de la m\u00fasica chilena con la segunda edici\u00f3n de RECPRO. Esta conferencia, que se realizar\u00e1 los d\u00edas 25, 26 y 27 de octubre, previo al festival REC, reunir\u00e1 a los principales actores de la industria nacional, proporcionando un encuentro profesional que busca incidir [&hellip;]","og_url":"https:\/\/dev.antudigital.cl\/sites\/vc\/confirman-segunda-version-de-recpro-la-conferencia-de-la-industria-musical-de-biobio\/","og_site_name":"Valpara\u00ed\u00adso Creativo","article_published_time":"2023-10-24T02:28:40+00:00","article_modified_time":"2023-10-24T02:31:53+00:00","og_image":[{"width":2560,"height":1707,"url":"https:\/\/dev.antudigital.cl\/sites\/vc\/wp-content\/uploads\/2023\/10\/Panel-7-Musica-Urbana-Una-nueva-industria18-scaled.jpg","type":"image\/jpeg"}],"author":"Valpara\u00edso Creativo","twitter_card":"summary_large_image","twitter_misc":{"Escrito por":"Valpara\u00edso Creativo","Tiempo de lectura":"4 minutos"},"schema":{"@context":"https:\/\/schema.org","@graph":[{"@type":"Article","@id":"https:\/\/dev.antudigital.cl\/sites\/vc\/confirman-segunda-version-de-recpro-la-conferencia-de-la-industria-musical-de-biobio\/#article","isPartOf":{"@id":"https:\/\/dev.antudigital.cl\/sites\/vc\/confirman-segunda-version-de-recpro-la-conferencia-de-la-industria-musical-de-biobio\/"},"author":{"name":"Valpara\u00edso Creativo","@id":"https:\/\/dev.antudigital.cl\/sites\/vc\/#\/schema\/person\/c2b9da8dd545e27166fc5ab232837318"},"headline":"Confirman segunda versi\u00f3n de RECPRO, la conferencia de la industria musical de Biob\u00edo","datePublished":"2023-10-24T02:28:40+00:00","dateModified":"2023-10-24T02:31:53+00:00","mainEntityOfPage":{"@id":"https:\/\/dev.antudigital.cl\/sites\/vc\/confirman-segunda-version-de-recpro-la-conferencia-de-la-industria-musical-de-biobio\/"},"wordCount":716,"image":{"@id":"https:\/\/dev.antudigital.cl\/sites\/vc\/confirman-segunda-version-de-recpro-la-conferencia-de-la-industria-musical-de-biobio\/#primaryimage"},"thumbnailUrl":"https:\/\/dev.antudigital.cl\/sites\/vc\/wp-content\/uploads\/2023\/10\/Panel-7-Musica-Urbana-Una-nueva-industria18-scaled.jpg","articleSection":["Uncategorized"],"inLanguage":"es"},{"@type":"WebPage","@id":"https:\/\/dev.antudigital.cl\/sites\/vc\/confirman-segunda-version-de-recpro-la-conferencia-de-la-industria-musical-de-biobio\/","url":"https:\/\/dev.antudigital.cl\/sites\/vc\/confirman-segunda-version-de-recpro-la-conferencia-de-la-industria-musical-de-biobio\/","name":"Confirman segunda versi\u00f3n de RECPRO, la conferencia de la industria musical de Biob\u00edo - Valpara\u00ed\u00adso Creativo","isPartOf":{"@id":"https:\/\/dev.antudigital.cl\/sites\/vc\/#website"},"primaryImageOfPage":{"@id":"https:\/\/dev.antudigital.cl\/sites\/vc\/confirman-segunda-version-de-recpro-la-conferencia-de-la-industria-musical-de-biobio\/#primaryimage"},"image":{"@id":"https:\/\/dev.antudigital.cl\/sites\/vc\/confirman-segunda-version-de-recpro-la-conferencia-de-la-industria-musical-de-biobio\/#primaryimage"},"thumbnailUrl":"https:\/\/dev.antudigital.cl\/sites\/vc\/wp-content\/uploads\/2023\/10\/Panel-7-Musica-Urbana-Una-nueva-industria18-scaled.jpg","datePublished":"2023-10-24T02:28:40+00:00","dateModified":"2023-10-24T02:31:53+00:00","author":{"@id":"https:\/\/dev.antudigital.cl\/sites\/vc\/#\/schema\/person\/c2b9da8dd545e27166fc5ab232837318"},"breadcrumb":{"@id":"https:\/\/dev.antudigital.cl\/sites\/vc\/confirman-segunda-version-de-recpro-la-conferencia-de-la-industria-musical-de-biobio\/#breadcrumb"},"inLanguage":"es","potentialAction":[{"@type":"ReadAction","target":["https:\/\/dev.antudigital.cl\/sites\/vc\/confirman-segunda-version-de-recpro-la-conferencia-de-la-industria-musical-de-biobio\/"]}]},{"@type":"ImageObject","inLanguage":"es","@id":"https:\/\/dev.antudigital.cl\/sites\/vc\/confirman-segunda-version-de-recpro-la-conferencia-de-la-industria-musical-de-biobio\/#primaryimage","url":"https:\/\/dev.antudigital.cl\/sites\/vc\/wp-content\/uploads\/2023\/10\/Panel-7-Musica-Urbana-Una-nueva-industria18-scaled.jpg","contentUrl":"https:\/\/dev.antudigital.cl\/sites\/vc\/wp-content\/uploads\/2023\/10\/Panel-7-Musica-Urbana-Una-nueva-industria18-scaled.jpg","width":2560,"height":1707},{"@type":"BreadcrumbList","@id":"https:\/\/dev.antudigital.cl\/sites\/vc\/confirman-segunda-version-de-recpro-la-conferencia-de-la-industria-musical-de-biobio\/#breadcrumb","itemListElement":[{"@type":"ListItem","position":1,"name":"Home","item":"https:\/\/dev.antudigital.cl\/sites\/vc\/"},{"@type":"ListItem","position":2,"name":"Confirman segunda versi\u00f3n de RECPRO, la conferencia de la industria musical de Biob\u00edo"}]},{"@type":"WebSite","@id":"https:\/\/dev.antudigital.cl\/sites\/vc\/#website","url":"https:\/\/dev.antudigital.cl\/sites\/vc\/","name":"Valpara\u00ed\u00adso Creativo","description":"","potentialAction":[{"@type":"SearchAction","target":{"@type":"EntryPoint","urlTemplate":"https:\/\/dev.antudigital.cl\/sites\/vc\/?s={search_term_string}"},"query-input":{"@type":"PropertyValueSpecification","valueRequired":true,"valueName":"search_term_string"}}],"inLanguage":"es"},{"@type":"Person","@id":"https:\/\/dev.antudigital.cl\/sites\/vc\/#\/schema\/person\/c2b9da8dd545e27166fc5ab232837318","name":"Valpara\u00edso Creativo","description":"Periodista de cultura en la Regi\u00f3n de Valpara\u00edso.","url":"https:\/\/dev.antudigital.cl\/sites\/vc\/author\/valpoadmin\/"}]}},"_links":{"self":[{"href":"https:\/\/dev.antudigital.cl\/sites\/vc\/wp-json\/wp\/v2\/posts\/17550","targetHints":{"allow":["GET"]}}],"collection":[{"href":"https:\/\/dev.antudigital.cl\/sites\/vc\/wp-json\/wp\/v2\/posts"}],"about":[{"href":"https:\/\/dev.antudigital.cl\/sites\/vc\/wp-json\/wp\/v2\/types\/post"}],"author":[{"embeddable":true,"href":"https:\/\/dev.antudigital.cl\/sites\/vc\/wp-json\/wp\/v2\/users\/1"}],"replies":[{"embeddable":true,"href":"https:\/\/dev.antudigital.cl\/sites\/vc\/wp-json\/wp\/v2\/comments?post=17550"}],"version-history":[{"count":2,"href":"https:\/\/dev.antudigital.cl\/sites\/vc\/wp-json\/wp\/v2\/posts\/17550\/revisions"}],"predecessor-version":[{"id":17555,"href":"https:\/\/dev.antudigital.cl\/sites\/vc\/wp-json\/wp\/v2\/posts\/17550\/revisions\/17555"}],"wp:featuredmedia":[{"embeddable":true,"href":"https:\/\/dev.antudigital.cl\/sites\/vc\/wp-json\/wp\/v2\/media\/17552"}],"wp:attachment":[{"href":"https:\/\/dev.antudigital.cl\/sites\/vc\/wp-json\/wp\/v2\/media?parent=17550"}],"wp:term":[{"taxonomy":"category","embeddable":true,"href":"https:\/\/dev.antudigital.cl\/sites\/vc\/wp-json\/wp\/v2\/categories?post=17550"},{"taxonomy":"post_tag","embeddable":true,"href":"https:\/\/dev.antudigital.cl\/sites\/vc\/wp-json\/wp\/v2\/tags?post=17550"}],"curies":[{"name":"wp","href":"https:\/\/api.w.org\/{rel}","templated":true}]}}