{"id":17556,"date":"2023-10-24T02:34:48","date_gmt":"2023-10-24T02:34:48","guid":{"rendered":"https:\/\/www.valparaisocreativo.cl\/?p=17556"},"modified":"2023-10-24T02:34:53","modified_gmt":"2023-10-24T02:34:53","slug":"antes-de-que-se-abran-los-cielos-muestra-de-daniel-marceli","status":"publish","type":"post","link":"https:\/\/dev.antudigital.cl\/sites\/vc\/antes-de-que-se-abran-los-cielos-muestra-de-daniel-marceli\/","title":{"rendered":"\u00abAntes de que se abran los cielos\u00bb, muestra de Daniel Marceli"},"content":{"rendered":"\n<p>El Arte lo disfrutamos y lo difundimos. En esta ocasi\u00f3n como protagonista de esta nueva muestra de arte, <a href=\"https:\/\/www.instagram.com\/daniel.marceli\/\">@daniel.marceli<\/a> .<br>Nos vemos pronto junto a los entra\u00f1ables <a href=\"https:\/\/www.instagram.com\/victor_castillo_art\/\">@victor_castillo_art<\/a><a href=\"https:\/\/www.instagram.com\/guillermogrezartistachiloe\/\">@guillermogrezartistachiloe<\/a> \u201c<br>&#x1f5e3; <a href=\"https:\/\/www.instagram.com\/daniel.marceli\/\">@daniel.marceli<\/a><\/p>\n\n\n\n<p>Apoyan:<br><a href=\"https:\/\/www.instagram.com\/rojo_galeria\/\">@rojo_galeria<\/a><br><a href=\"https:\/\/www.instagram.com\/municipiovalpo\/\">@municipiovalpo<\/a><br><a href=\"https:\/\/www.instagram.com\/salaelperal\/\">@salaelperal<\/a><br><a href=\"https:\/\/www.instagram.com\/totoralxr\/\">@totoralxr<\/a><br><a href=\"https:\/\/www.instagram.com\/artepapelchile\/\">@artepapelchile<\/a><br><a href=\"https:\/\/www.instagram.com\/valpocreativo\/\">@valpocreativo<\/a><br><a href=\"https:\/\/www.instagram.com\/latinwave.cl\/\">@latinwave.cl<\/a><br>Junta de vecinos N73 Cerro Alegre .<\/p>\n\n\n\n<p><a href=\"https:\/\/www.instagram.com\/explore\/tags\/arte\/\">#arte<\/a><a href=\"https:\/\/www.instagram.com\/explore\/tags\/expo\/\">#expo<\/a><a href=\"https:\/\/www.instagram.com\/explore\/tags\/valparaiso\/\">#valparaiso<\/a><a href=\"https:\/\/www.instagram.com\/explore\/tags\/chile\/\">#chile<\/a> | www.latinwave.cl &#x1f4bb;&#x1f4f2;<\/p>\n\n\n\n<p><\/p>\n\n\n\n<figure class=\"wp-block-image size-full\"><img fetchpriority=\"high\" decoding=\"async\" width=\"540\" height=\"596\" src=\"https:\/\/www.valparaisocreativo.cl\/wp-content\/uploads\/2023\/10\/Captura-de-Pantalla-2023-10-23-a-las-23.31.02.png\" alt=\"\" class=\"wp-image-17558\" srcset=\"https:\/\/dev.antudigital.cl\/sites\/vc\/wp-content\/uploads\/2023\/10\/Captura-de-Pantalla-2023-10-23-a-las-23.31.02.png 540w, https:\/\/dev.antudigital.cl\/sites\/vc\/wp-content\/uploads\/2023\/10\/Captura-de-Pantalla-2023-10-23-a-las-23.31.02-272x300.png 272w, https:\/\/dev.antudigital.cl\/sites\/vc\/wp-content\/uploads\/2023\/10\/Captura-de-Pantalla-2023-10-23-a-las-23.31.02-480x530.png 480w, https:\/\/dev.antudigital.cl\/sites\/vc\/wp-content\/uploads\/2023\/10\/Captura-de-Pantalla-2023-10-23-a-las-23.31.02-22x24.png 22w, https:\/\/dev.antudigital.cl\/sites\/vc\/wp-content\/uploads\/2023\/10\/Captura-de-Pantalla-2023-10-23-a-las-23.31.02-33x36.png 33w, https:\/\/dev.antudigital.cl\/sites\/vc\/wp-content\/uploads\/2023\/10\/Captura-de-Pantalla-2023-10-23-a-las-23.31.02-43x48.png 43w\" sizes=\"(max-width: 540px) 100vw, 540px\" \/><\/figure>\n","protected":false},"excerpt":{"rendered":"<p>El Arte lo disfrutamos y lo difundimos. En esta ocasi\u00f3n como protagonista de esta nueva muestra de arte, @daniel.marceli .Nos vemos pronto junto a los entra\u00f1ables @victor_castillo_art@guillermogrezartistachiloe \u201c&#x1f5e3; @daniel.marceli Apoyan:@rojo_galeria@municipiovalpo@salaelperal@totoralxr@artepapelchile@valpocreativo@latinwave.clJunta de vecinos N73 Cerro Alegre . #arte#expo#valparaiso#chile | www.latinwave.cl &#x1f4bb;&#x1f4f2;<\/p>\n","protected":false},"author":1,"featured_media":17557,"comment_status":"closed","ping_status":"closed","sticky":false,"template":"","format":"standard","meta":{"_acf_changed":false,"footnotes":""},"categories":[1],"tags":[],"class_list":["post-17556","post","type-post","status-publish","format-standard","has-post-thumbnail","hentry","category-uncategorized"],"acf":[],"yoast_head":"<!-- This site is optimized with the Yoast SEO plugin v27.1.1 - https:\/\/yoast.com\/product\/yoast-seo-wordpress\/ -->\n<title>&quot;Antes de que se abran los cielos&quot;, muestra de Daniel Marceli - Valpara\u00ed\u00adso Creativo<\/title>\n<meta name=\"robots\" content=\"index, follow, max-snippet:-1, max-image-preview:large, max-video-preview:-1\" \/>\n<link rel=\"canonical\" href=\"https:\/\/dev.antudigital.cl\/sites\/vc\/antes-de-que-se-abran-los-cielos-muestra-de-daniel-marceli\/\" \/>\n<meta property=\"og:locale\" content=\"es_ES\" \/>\n<meta property=\"og:type\" content=\"article\" \/>\n<meta property=\"og:title\" content=\"&quot;Antes de que se abran los cielos&quot;, muestra de Daniel Marceli - Valpara\u00ed\u00adso Creativo\" \/>\n<meta property=\"og:description\" content=\"El Arte lo disfrutamos y lo difundimos. En esta ocasi\u00f3n como protagonista de esta nueva muestra de arte, @daniel.marceli .Nos vemos pronto junto a los entra\u00f1ables @victor_castillo_art@guillermogrezartistachiloe \u201c&#x1f5e3; @daniel.marceli Apoyan:@rojo_galeria@municipiovalpo@salaelperal@totoralxr@artepapelchile@valpocreativo@latinwave.clJunta de vecinos N73 Cerro Alegre . #arte#expo#valparaiso#chile | www.latinwave.cl &#x1f4bb;&#x1f4f2;\" \/>\n<meta property=\"og:url\" content=\"https:\/\/dev.antudigital.cl\/sites\/vc\/antes-de-que-se-abran-los-cielos-muestra-de-daniel-marceli\/\" \/>\n<meta property=\"og:site_name\" content=\"Valpara\u00ed\u00adso Creativo\" \/>\n<meta property=\"article:published_time\" content=\"2023-10-24T02:34:48+00:00\" \/>\n<meta property=\"article:modified_time\" content=\"2023-10-24T02:34:53+00:00\" \/>\n<meta property=\"og:image\" content=\"https:\/\/dev.antudigital.cl\/sites\/vc\/wp-content\/uploads\/2023\/10\/Captura-de-Pantalla-2023-10-23-a-las-23.31.41.png\" \/>\n\t<meta property=\"og:image:width\" content=\"638\" \/>\n\t<meta property=\"og:image:height\" content=\"456\" \/>\n\t<meta property=\"og:image:type\" content=\"image\/png\" \/>\n<meta name=\"author\" content=\"Valpara\u00edso Creativo\" \/>\n<meta name=\"twitter:card\" content=\"summary_large_image\" \/>\n<meta name=\"twitter:label1\" content=\"Escrito por\" \/>\n\t<meta name=\"twitter:data1\" content=\"Valpara\u00edso Creativo\" \/>\n\t<meta name=\"twitter:label2\" content=\"Tiempo de lectura\" \/>\n\t<meta name=\"twitter:data2\" content=\"1 minuto\" \/>\n<script type=\"application\/ld+json\" class=\"yoast-schema-graph\">{\"@context\":\"https:\/\/schema.org\",\"@graph\":[{\"@type\":\"Article\",\"@id\":\"https:\/\/dev.antudigital.cl\/sites\/vc\/antes-de-que-se-abran-los-cielos-muestra-de-daniel-marceli\/#article\",\"isPartOf\":{\"@id\":\"https:\/\/dev.antudigital.cl\/sites\/vc\/antes-de-que-se-abran-los-cielos-muestra-de-daniel-marceli\/\"},\"author\":{\"name\":\"Valpara\u00edso Creativo\",\"@id\":\"https:\/\/dev.antudigital.cl\/sites\/vc\/#\/schema\/person\/c2b9da8dd545e27166fc5ab232837318\"},\"headline\":\"\u00abAntes de que se abran los cielos\u00bb, muestra de Daniel Marceli\",\"datePublished\":\"2023-10-24T02:34:48+00:00\",\"dateModified\":\"2023-10-24T02:34:53+00:00\",\"mainEntityOfPage\":{\"@id\":\"https:\/\/dev.antudigital.cl\/sites\/vc\/antes-de-que-se-abran-los-cielos-muestra-de-daniel-marceli\/\"},\"wordCount\":78,\"image\":{\"@id\":\"https:\/\/dev.antudigital.cl\/sites\/vc\/antes-de-que-se-abran-los-cielos-muestra-de-daniel-marceli\/#primaryimage\"},\"thumbnailUrl\":\"https:\/\/dev.antudigital.cl\/sites\/vc\/wp-content\/uploads\/2023\/10\/Captura-de-Pantalla-2023-10-23-a-las-23.31.41.png\",\"articleSection\":[\"Uncategorized\"],\"inLanguage\":\"es\"},{\"@type\":\"WebPage\",\"@id\":\"https:\/\/dev.antudigital.cl\/sites\/vc\/antes-de-que-se-abran-los-cielos-muestra-de-daniel-marceli\/\",\"url\":\"https:\/\/dev.antudigital.cl\/sites\/vc\/antes-de-que-se-abran-los-cielos-muestra-de-daniel-marceli\/\",\"name\":\"\\\"Antes de que se abran los cielos\\\", muestra de Daniel Marceli - Valpara\u00ed\u00adso Creativo\",\"isPartOf\":{\"@id\":\"https:\/\/dev.antudigital.cl\/sites\/vc\/#website\"},\"primaryImageOfPage\":{\"@id\":\"https:\/\/dev.antudigital.cl\/sites\/vc\/antes-de-que-se-abran-los-cielos-muestra-de-daniel-marceli\/#primaryimage\"},\"image\":{\"@id\":\"https:\/\/dev.antudigital.cl\/sites\/vc\/antes-de-que-se-abran-los-cielos-muestra-de-daniel-marceli\/#primaryimage\"},\"thumbnailUrl\":\"https:\/\/dev.antudigital.cl\/sites\/vc\/wp-content\/uploads\/2023\/10\/Captura-de-Pantalla-2023-10-23-a-las-23.31.41.png\",\"datePublished\":\"2023-10-24T02:34:48+00:00\",\"dateModified\":\"2023-10-24T02:34:53+00:00\",\"author\":{\"@id\":\"https:\/\/dev.antudigital.cl\/sites\/vc\/#\/schema\/person\/c2b9da8dd545e27166fc5ab232837318\"},\"breadcrumb\":{\"@id\":\"https:\/\/dev.antudigital.cl\/sites\/vc\/antes-de-que-se-abran-los-cielos-muestra-de-daniel-marceli\/#breadcrumb\"},\"inLanguage\":\"es\",\"potentialAction\":[{\"@type\":\"ReadAction\",\"target\":[\"https:\/\/dev.antudigital.cl\/sites\/vc\/antes-de-que-se-abran-los-cielos-muestra-de-daniel-marceli\/\"]}]},{\"@type\":\"ImageObject\",\"inLanguage\":\"es\",\"@id\":\"https:\/\/dev.antudigital.cl\/sites\/vc\/antes-de-que-se-abran-los-cielos-muestra-de-daniel-marceli\/#primaryimage\",\"url\":\"https:\/\/dev.antudigital.cl\/sites\/vc\/wp-content\/uploads\/2023\/10\/Captura-de-Pantalla-2023-10-23-a-las-23.31.41.png\",\"contentUrl\":\"https:\/\/dev.antudigital.cl\/sites\/vc\/wp-content\/uploads\/2023\/10\/Captura-de-Pantalla-2023-10-23-a-las-23.31.41.png\",\"width\":638,\"height\":456},{\"@type\":\"BreadcrumbList\",\"@id\":\"https:\/\/dev.antudigital.cl\/sites\/vc\/antes-de-que-se-abran-los-cielos-muestra-de-daniel-marceli\/#breadcrumb\",\"itemListElement\":[{\"@type\":\"ListItem\",\"position\":1,\"name\":\"Home\",\"item\":\"https:\/\/dev.antudigital.cl\/sites\/vc\/\"},{\"@type\":\"ListItem\",\"position\":2,\"name\":\"\u00abAntes de que se abran los cielos\u00bb, muestra de Daniel Marceli\"}]},{\"@type\":\"WebSite\",\"@id\":\"https:\/\/dev.antudigital.cl\/sites\/vc\/#website\",\"url\":\"https:\/\/dev.antudigital.cl\/sites\/vc\/\",\"name\":\"Valpara\u00ed\u00adso Creativo\",\"description\":\"\",\"potentialAction\":[{\"@type\":\"SearchAction\",\"target\":{\"@type\":\"EntryPoint\",\"urlTemplate\":\"https:\/\/dev.antudigital.cl\/sites\/vc\/?s={search_term_string}\"},\"query-input\":{\"@type\":\"PropertyValueSpecification\",\"valueRequired\":true,\"valueName\":\"search_term_string\"}}],\"inLanguage\":\"es\"},{\"@type\":\"Person\",\"@id\":\"https:\/\/dev.antudigital.cl\/sites\/vc\/#\/schema\/person\/c2b9da8dd545e27166fc5ab232837318\",\"name\":\"Valpara\u00edso Creativo\",\"description\":\"Periodista de cultura en la Regi\u00f3n de Valpara\u00edso.\",\"url\":\"https:\/\/dev.antudigital.cl\/sites\/vc\/author\/valpoadmin\/\"}]}<\/script>\n<!-- \/ Yoast SEO plugin. -->","yoast_head_json":{"title":"\"Antes de que se abran los cielos\", muestra de Daniel Marceli - Valpara\u00ed\u00adso Creativo","robots":{"index":"index","follow":"follow","max-snippet":"max-snippet:-1","max-image-preview":"max-image-preview:large","max-video-preview":"max-video-preview:-1"},"canonical":"https:\/\/dev.antudigital.cl\/sites\/vc\/antes-de-que-se-abran-los-cielos-muestra-de-daniel-marceli\/","og_locale":"es_ES","og_type":"article","og_title":"\"Antes de que se abran los cielos\", muestra de Daniel Marceli - Valpara\u00ed\u00adso Creativo","og_description":"El Arte lo disfrutamos y lo difundimos. En esta ocasi\u00f3n como protagonista de esta nueva muestra de arte, @daniel.marceli .Nos vemos pronto junto a los entra\u00f1ables @victor_castillo_art@guillermogrezartistachiloe \u201c&#x1f5e3; @daniel.marceli Apoyan:@rojo_galeria@municipiovalpo@salaelperal@totoralxr@artepapelchile@valpocreativo@latinwave.clJunta de vecinos N73 Cerro Alegre . #arte#expo#valparaiso#chile | www.latinwave.cl &#x1f4bb;&#x1f4f2;","og_url":"https:\/\/dev.antudigital.cl\/sites\/vc\/antes-de-que-se-abran-los-cielos-muestra-de-daniel-marceli\/","og_site_name":"Valpara\u00ed\u00adso Creativo","article_published_time":"2023-10-24T02:34:48+00:00","article_modified_time":"2023-10-24T02:34:53+00:00","og_image":[{"width":638,"height":456,"url":"https:\/\/dev.antudigital.cl\/sites\/vc\/wp-content\/uploads\/2023\/10\/Captura-de-Pantalla-2023-10-23-a-las-23.31.41.png","type":"image\/png"}],"author":"Valpara\u00edso Creativo","twitter_card":"summary_large_image","twitter_misc":{"Escrito por":"Valpara\u00edso Creativo","Tiempo de lectura":"1 minuto"},"schema":{"@context":"https:\/\/schema.org","@graph":[{"@type":"Article","@id":"https:\/\/dev.antudigital.cl\/sites\/vc\/antes-de-que-se-abran-los-cielos-muestra-de-daniel-marceli\/#article","isPartOf":{"@id":"https:\/\/dev.antudigital.cl\/sites\/vc\/antes-de-que-se-abran-los-cielos-muestra-de-daniel-marceli\/"},"author":{"name":"Valpara\u00edso Creativo","@id":"https:\/\/dev.antudigital.cl\/sites\/vc\/#\/schema\/person\/c2b9da8dd545e27166fc5ab232837318"},"headline":"\u00abAntes de que se abran los cielos\u00bb, muestra de Daniel Marceli","datePublished":"2023-10-24T02:34:48+00:00","dateModified":"2023-10-24T02:34:53+00:00","mainEntityOfPage":{"@id":"https:\/\/dev.antudigital.cl\/sites\/vc\/antes-de-que-se-abran-los-cielos-muestra-de-daniel-marceli\/"},"wordCount":78,"image":{"@id":"https:\/\/dev.antudigital.cl\/sites\/vc\/antes-de-que-se-abran-los-cielos-muestra-de-daniel-marceli\/#primaryimage"},"thumbnailUrl":"https:\/\/dev.antudigital.cl\/sites\/vc\/wp-content\/uploads\/2023\/10\/Captura-de-Pantalla-2023-10-23-a-las-23.31.41.png","articleSection":["Uncategorized"],"inLanguage":"es"},{"@type":"WebPage","@id":"https:\/\/dev.antudigital.cl\/sites\/vc\/antes-de-que-se-abran-los-cielos-muestra-de-daniel-marceli\/","url":"https:\/\/dev.antudigital.cl\/sites\/vc\/antes-de-que-se-abran-los-cielos-muestra-de-daniel-marceli\/","name":"\"Antes de que se abran los cielos\", muestra de Daniel Marceli - Valpara\u00ed\u00adso Creativo","isPartOf":{"@id":"https:\/\/dev.antudigital.cl\/sites\/vc\/#website"},"primaryImageOfPage":{"@id":"https:\/\/dev.antudigital.cl\/sites\/vc\/antes-de-que-se-abran-los-cielos-muestra-de-daniel-marceli\/#primaryimage"},"image":{"@id":"https:\/\/dev.antudigital.cl\/sites\/vc\/antes-de-que-se-abran-los-cielos-muestra-de-daniel-marceli\/#primaryimage"},"thumbnailUrl":"https:\/\/dev.antudigital.cl\/sites\/vc\/wp-content\/uploads\/2023\/10\/Captura-de-Pantalla-2023-10-23-a-las-23.31.41.png","datePublished":"2023-10-24T02:34:48+00:00","dateModified":"2023-10-24T02:34:53+00:00","author":{"@id":"https:\/\/dev.antudigital.cl\/sites\/vc\/#\/schema\/person\/c2b9da8dd545e27166fc5ab232837318"},"breadcrumb":{"@id":"https:\/\/dev.antudigital.cl\/sites\/vc\/antes-de-que-se-abran-los-cielos-muestra-de-daniel-marceli\/#breadcrumb"},"inLanguage":"es","potentialAction":[{"@type":"ReadAction","target":["https:\/\/dev.antudigital.cl\/sites\/vc\/antes-de-que-se-abran-los-cielos-muestra-de-daniel-marceli\/"]}]},{"@type":"ImageObject","inLanguage":"es","@id":"https:\/\/dev.antudigital.cl\/sites\/vc\/antes-de-que-se-abran-los-cielos-muestra-de-daniel-marceli\/#primaryimage","url":"https:\/\/dev.antudigital.cl\/sites\/vc\/wp-content\/uploads\/2023\/10\/Captura-de-Pantalla-2023-10-23-a-las-23.31.41.png","contentUrl":"https:\/\/dev.antudigital.cl\/sites\/vc\/wp-content\/uploads\/2023\/10\/Captura-de-Pantalla-2023-10-23-a-las-23.31.41.png","width":638,"height":456},{"@type":"BreadcrumbList","@id":"https:\/\/dev.antudigital.cl\/sites\/vc\/antes-de-que-se-abran-los-cielos-muestra-de-daniel-marceli\/#breadcrumb","itemListElement":[{"@type":"ListItem","position":1,"name":"Home","item":"https:\/\/dev.antudigital.cl\/sites\/vc\/"},{"@type":"ListItem","position":2,"name":"\u00abAntes de que se abran los cielos\u00bb, muestra de Daniel Marceli"}]},{"@type":"WebSite","@id":"https:\/\/dev.antudigital.cl\/sites\/vc\/#website","url":"https:\/\/dev.antudigital.cl\/sites\/vc\/","name":"Valpara\u00ed\u00adso Creativo","description":"","potentialAction":[{"@type":"SearchAction","target":{"@type":"EntryPoint","urlTemplate":"https:\/\/dev.antudigital.cl\/sites\/vc\/?s={search_term_string}"},"query-input":{"@type":"PropertyValueSpecification","valueRequired":true,"valueName":"search_term_string"}}],"inLanguage":"es"},{"@type":"Person","@id":"https:\/\/dev.antudigital.cl\/sites\/vc\/#\/schema\/person\/c2b9da8dd545e27166fc5ab232837318","name":"Valpara\u00edso Creativo","description":"Periodista de cultura en la Regi\u00f3n de Valpara\u00edso.","url":"https:\/\/dev.antudigital.cl\/sites\/vc\/author\/valpoadmin\/"}]}},"_links":{"self":[{"href":"https:\/\/dev.antudigital.cl\/sites\/vc\/wp-json\/wp\/v2\/posts\/17556","targetHints":{"allow":["GET"]}}],"collection":[{"href":"https:\/\/dev.antudigital.cl\/sites\/vc\/wp-json\/wp\/v2\/posts"}],"about":[{"href":"https:\/\/dev.antudigital.cl\/sites\/vc\/wp-json\/wp\/v2\/types\/post"}],"author":[{"embeddable":true,"href":"https:\/\/dev.antudigital.cl\/sites\/vc\/wp-json\/wp\/v2\/users\/1"}],"replies":[{"embeddable":true,"href":"https:\/\/dev.antudigital.cl\/sites\/vc\/wp-json\/wp\/v2\/comments?post=17556"}],"version-history":[{"count":1,"href":"https:\/\/dev.antudigital.cl\/sites\/vc\/wp-json\/wp\/v2\/posts\/17556\/revisions"}],"predecessor-version":[{"id":17559,"href":"https:\/\/dev.antudigital.cl\/sites\/vc\/wp-json\/wp\/v2\/posts\/17556\/revisions\/17559"}],"wp:featuredmedia":[{"embeddable":true,"href":"https:\/\/dev.antudigital.cl\/sites\/vc\/wp-json\/wp\/v2\/media\/17557"}],"wp:attachment":[{"href":"https:\/\/dev.antudigital.cl\/sites\/vc\/wp-json\/wp\/v2\/media?parent=17556"}],"wp:term":[{"taxonomy":"category","embeddable":true,"href":"https:\/\/dev.antudigital.cl\/sites\/vc\/wp-json\/wp\/v2\/categories?post=17556"},{"taxonomy":"post_tag","embeddable":true,"href":"https:\/\/dev.antudigital.cl\/sites\/vc\/wp-json\/wp\/v2\/tags?post=17556"}],"curies":[{"name":"wp","href":"https:\/\/api.w.org\/{rel}","templated":true}]}}