{"id":17560,"date":"2023-10-24T02:39:52","date_gmt":"2023-10-24T02:39:52","guid":{"rendered":"https:\/\/www.valparaisocreativo.cl\/?p=17560"},"modified":"2023-10-24T03:26:06","modified_gmt":"2023-10-24T03:26:06","slug":"el-circo-en-todo-su-esplendor-lanzamiento-de-congreso-internacional-de-malabarismo-y-artes-circenses","status":"publish","type":"post","link":"https:\/\/dev.antudigital.cl\/sites\/vc\/el-circo-en-todo-su-esplendor-lanzamiento-de-congreso-internacional-de-malabarismo-y-artes-circenses\/","title":{"rendered":"El circo en todo su esplendor: lanzamiento de congreso internacional de malabarismo y artes circenses"},"content":{"rendered":"\n<p>El circo es sin\u00f3nimo de tradici\u00f3n, colores, alegr\u00eda, dedicaci\u00f3n y mucho talento. Son 14 a\u00f1os consecutivos que se realiza CIMAC, una tremenda plataforma cultural internacional que posiciona a las artes circenses a un excelente nivel con exponentes regionales, nacionales e internacionales que se dan cita en Valpara\u00edso para otorgar espect\u00e1culos, experiencia, formaci\u00f3n y vinculaci\u00f3n con los diversos p\u00fablicos que congrega la instancia. El lanzamiento oficial de CIMAC 2023, se realiz\u00f3 en esta oportunidad en el Patio Recreativo de la Casa Central de Universidad de Playa Ancha, lugar que recibi\u00f3 la visita de establecimientos educacionales del sector, &nbsp;estudiantes de la UPLA, autoridades y docentes de la universidad.<\/p>\n\n\n\n<p>Para el equipo de CIMAC,este a\u00f1o es muy especial, hay un crecimiento notorio en la iniciativa que se ha visto reflejado en el respaldo que han recibido, las alianzas internacionales, la proyecci\u00f3n de la actividad y el reconocimiento de ser una de las iniciativas culturales m\u00e1s importantes del pa\u00eds. De hecho, el equipo celebra ser la \u00fanica manifestaci\u00f3n de circo en Chile en adjudicarse el Fondo de Trayectoria del Ministerio de las Artes las Culturas y el Patrimonio, siendo as\u00ed un proyecto financiado por el Fondo Nacional de Fomento y Desarrollo de las Artes Esc\u00e9nicas, convocatoria 2023.<\/p>\n\n\n\n<p>En la ocasi\u00f3n, estuvo presente la seremi de las Culturas, las Artes y el Patrimonio, Patricia Mix, quien destac\u00f3 la iniciativa por su conexi\u00f3n territorial y proyecci\u00f3n internacional,&nbsp;<em>\u00abes un festival que ha estado en los cerros, no s\u00f3lo en el centro de Valpara\u00edso &nbsp;y habla muy bien de la capacidad de articulaci\u00f3n de CIMAC, que en sus 14 a\u00f1os han logrado consolidarse como un propuesta internacional de mucho nivel, pero aquel nivel no los eleva por los aires lejos de la comunidad, y eso hace que tenga un doble valor, sigue arraigado en la ciudad de Valpara\u00edso, siguen conectados con las comunidades\u00bb.<\/em><\/p>\n\n\n\n<figure class=\"wp-block-image size-large\"><img fetchpriority=\"high\" decoding=\"async\" width=\"1024\" height=\"683\" src=\"https:\/\/www.valparaisocreativo.cl\/wp-content\/uploads\/2023\/10\/IMG_8223-1024x683.jpg\" alt=\"\" class=\"wp-image-17562\" srcset=\"https:\/\/dev.antudigital.cl\/sites\/vc\/wp-content\/uploads\/2023\/10\/IMG_8223-1024x683.jpg 1024w, https:\/\/dev.antudigital.cl\/sites\/vc\/wp-content\/uploads\/2023\/10\/IMG_8223-300x200.jpg 300w, https:\/\/dev.antudigital.cl\/sites\/vc\/wp-content\/uploads\/2023\/10\/IMG_8223-768x512.jpg 768w, https:\/\/dev.antudigital.cl\/sites\/vc\/wp-content\/uploads\/2023\/10\/IMG_8223-1536x1024.jpg 1536w, https:\/\/dev.antudigital.cl\/sites\/vc\/wp-content\/uploads\/2023\/10\/IMG_8223-2048x1365.jpg 2048w, https:\/\/dev.antudigital.cl\/sites\/vc\/wp-content\/uploads\/2023\/10\/IMG_8223-1080x720.jpg 1080w, https:\/\/dev.antudigital.cl\/sites\/vc\/wp-content\/uploads\/2023\/10\/IMG_8223-1280x854.jpg 1280w, https:\/\/dev.antudigital.cl\/sites\/vc\/wp-content\/uploads\/2023\/10\/IMG_8223-980x653.jpg 980w, https:\/\/dev.antudigital.cl\/sites\/vc\/wp-content\/uploads\/2023\/10\/IMG_8223-480x320.jpg 480w, https:\/\/dev.antudigital.cl\/sites\/vc\/wp-content\/uploads\/2023\/10\/IMG_8223-24x16.jpg 24w, https:\/\/dev.antudigital.cl\/sites\/vc\/wp-content\/uploads\/2023\/10\/IMG_8223-36x24.jpg 36w, https:\/\/dev.antudigital.cl\/sites\/vc\/wp-content\/uploads\/2023\/10\/IMG_8223-48x32.jpg 48w\" sizes=\"(max-width: 1024px) 100vw, 1024px\" \/><\/figure>\n\n\n\n<p>CIMAC trabaja en su l\u00ednea curatorial, la educaci\u00f3n y bienestar siendo estos dos pilares fundamentales para establecer la parrilla program\u00e1tica. Javier Morales, director art\u00edstico, dijo que, \u201clas instancias y artistas que escogemos tienen que dar respuesta a la innovaci\u00f3n, ciencia, deporte, y profesionalismo que queremos comunicar. El arte circense ya no es solo una expresi\u00f3n art\u00edstica, tambi\u00e9n est\u00e1 muy bien catalogado como un deporte muy completo. En Europa se usa mucho que las personas despu\u00e9s de ir a la oficina van a un centro de entrenamiento circense. Por otra parte, algunas t\u00e9cnicas de circo han sido estudiadas cient\u00edficamente, como lo es el malabarismo, entonces, al ser un congreso ponemos al servicio informaci\u00f3n valiosa de c\u00f3mo el circo se relaciona con otras \u00e1reas. Para nosotros es fundamental acercar el conocimiento a diversas personas, y las alianzas que hemos realizado justamente apuntan a generar nuevas audiencias. Estamos muy contentos por el respaldo que hemos recibido y la valoraci\u00f3n a nuestro intenso trabajo\u00bb.<\/p>\n\n\n\n<p>\u00abLo nuestro es la transversalidad al momento de trabajar, profesionalizamos nuestra \u00e1rea y logramos llevar el circo a otro nivel, alcanzando metas s\u00faper concretas, por ejemplo destacar la alianza p\u00fablico-privada, consiguiendo el inter\u00e9s de grandes empresarios para fomentar la cultura. Apostamos por la diversidad y la inclusi\u00f3n y somos unos convencidos que la cultura debe estar presente en los diversos barrios y conseguir el ansiado acceso que todos y todas deber\u00edamos tener. Es una tarea importante que nos hemos propuesto y con el paso de los a\u00f1os, la madurez del proyecto, lo hemos ido logrando con mucho orgullo y alegr\u00eda\u00bb, coment\u00f3 Wladimir Vel\u00e1squez, productor general de CIMAC.<\/p>\n\n\n\n<figure class=\"wp-block-image size-large\"><img decoding=\"async\" width=\"1024\" height=\"683\" src=\"https:\/\/www.valparaisocreativo.cl\/wp-content\/uploads\/2023\/10\/IMG_8293-1024x683.jpg\" alt=\"\" class=\"wp-image-17564\" srcset=\"https:\/\/dev.antudigital.cl\/sites\/vc\/wp-content\/uploads\/2023\/10\/IMG_8293-1024x683.jpg 1024w, https:\/\/dev.antudigital.cl\/sites\/vc\/wp-content\/uploads\/2023\/10\/IMG_8293-300x200.jpg 300w, https:\/\/dev.antudigital.cl\/sites\/vc\/wp-content\/uploads\/2023\/10\/IMG_8293-768x512.jpg 768w, https:\/\/dev.antudigital.cl\/sites\/vc\/wp-content\/uploads\/2023\/10\/IMG_8293-1536x1024.jpg 1536w, https:\/\/dev.antudigital.cl\/sites\/vc\/wp-content\/uploads\/2023\/10\/IMG_8293-2048x1365.jpg 2048w, https:\/\/dev.antudigital.cl\/sites\/vc\/wp-content\/uploads\/2023\/10\/IMG_8293-1080x720.jpg 1080w, https:\/\/dev.antudigital.cl\/sites\/vc\/wp-content\/uploads\/2023\/10\/IMG_8293-1280x854.jpg 1280w, https:\/\/dev.antudigital.cl\/sites\/vc\/wp-content\/uploads\/2023\/10\/IMG_8293-980x653.jpg 980w, https:\/\/dev.antudigital.cl\/sites\/vc\/wp-content\/uploads\/2023\/10\/IMG_8293-480x320.jpg 480w, https:\/\/dev.antudigital.cl\/sites\/vc\/wp-content\/uploads\/2023\/10\/IMG_8293-24x16.jpg 24w, https:\/\/dev.antudigital.cl\/sites\/vc\/wp-content\/uploads\/2023\/10\/IMG_8293-36x24.jpg 36w, https:\/\/dev.antudigital.cl\/sites\/vc\/wp-content\/uploads\/2023\/10\/IMG_8293-48x32.jpg 48w\" sizes=\"(max-width: 1024px) 100vw, 1024px\" \/><\/figure>\n\n\n\n<p><strong>MIRADAS INTERNACIONALES, USO DE ESPACIOS P\u00daBLICOS Y ALIANZAS<\/strong><\/p>\n\n\n\n<p>Una vez m\u00e1s el Parque Cultural de Valpara\u00edso, ser\u00e1 el epicentro de CIMAC, que se inicia el 25 de octubre y se extender\u00e1 hasta el 29 del mismo mes. Durante la semana se llevar\u00e1n a cabo m\u00e1s de 20 actividades gratuitas para artistas profesionales de circo, j\u00f3venes aficionados, iniciativas inclusivas para personas con discapacidad y p\u00fablico general. Se destaca la IRC (Internacional Region Competition ) que da lugar a la competencia deportiva y art\u00edstica m\u00e1s esperada para los malabaristas de Sudam\u00e9rica, esta versi\u00f3n contar\u00e1 con la presencia de su embajadora Erin Stephen (USA), qui\u00e9n adem\u00e1s expondr\u00e1 la historia de las mujeres en el malabarismo.<\/p>\n\n\n\n<p>Entre los artistas internacionales invitados se encuentra la Escuela Estatal de Artes Esc\u00e9nicas de Alemania , representada por una comisi\u00f3n de seis personas , cuatro de sus estudiantes de \u00faltimo a\u00f1o y dos docentes que forman parte del directorio. Ellos dictar\u00e1n clases magistrales, seminarios y se presentar\u00e1n en la gala. Cabe destacar que desde el 11 y hasta el 22 de octubre se est\u00e1n realizando espect\u00e1culos en los cerros: Larra\u00edn, Placilla, Playa Ancha, Merced, Cordillera, Las Ca\u00f1as, Monjas y la localidad de Laguna Verde, iniciativa financiada por el municipio de Valpara\u00edso.<\/p>\n\n\n\n<p>El equipo de CIMAC realiz\u00f3 una alianza con la Universidad de Playa Ancha y la carrera de Traducci\u00f3n e Interpretaci\u00f3n Ingl\u00e9s -espa\u00f1ol, en donde se contar\u00e1 con estudiantes de \u00faltimo a\u00f1o de la carrera.&nbsp; Jorge Guzm\u00e1n Jim\u00e9nez, Director de Deportes y Recreaci\u00f3n de la Universidad de Playa Ancha, mencion\u00f3 que,&nbsp;<em>\u00abnuestra universidad como instituci\u00f3n de educaci\u00f3n p\u00fablica y regional abre sus espacios a las artes y la cultura, para que la comunidad universitaria y territorial disfrute, por ser aspectos fundamentales en la formaci\u00f3n de las personas. En este congreso, adem\u00e1s, formamos alianza con CIMAC para que nuestros estudiantes de \u00faltimo a\u00f1o de Traducci\u00f3n e Interpretaci\u00f3n Ingl\u00e9s-Espa\u00f1ol faciliten, en los distintos espect\u00e1culos, la comunicaci\u00f3n entre los artistas invitados y el p\u00fablico<\/em>\u201d. La idea busca fortalecer la relaci\u00f3n cultural entre instituciones de Valpara\u00edso, Chile y Alemania. Adem\u00e1s, se van a generar mediaciones en establecimientos municipales con artistas alemanes, con la idea de ampliar las perspectivas globales de desarrollo art\u00edstico en los j\u00f3venes de la ciudad.<\/p>\n\n\n\n<p>Por otro lado, &nbsp;se firm\u00f3 un protocolo de trabajo entre el Instituto de Seguridad Laboral (ISL) y el Centro Cultural Malabicirco para capacitar a trabajadores y trabajadoras de CIMAC sobre el Seguro de Accidentes del Trabajo y Enfermedades Profesionales, \u00abdadas las conversaciones que hemos tenido con Malabicirco y con el CIMAC es que nos vimos en la necesidad de poder difundir que es lo significa seguridad y salud en el trabajo y cuales son los beneficios para los trabajadores de las artes esc\u00e9nicas, que muchas veces no se les considera en algunos espacios como trabajadores y lo que hoy d\u00eda estamos relevando es el rol del trabajo en el \u00e1mbito de las artes esc\u00e9nicas\u00bb, coment\u00f3 Maycol G\u00f3mez, &nbsp;Director Regional ISL.<\/p>\n\n\n\n<figure class=\"wp-block-image size-large\"><img decoding=\"async\" width=\"768\" height=\"1024\" src=\"https:\/\/www.valparaisocreativo.cl\/wp-content\/uploads\/2023\/10\/CIMAC_202343-768x1024.png\" alt=\"\" class=\"wp-image-17561\" srcset=\"https:\/\/dev.antudigital.cl\/sites\/vc\/wp-content\/uploads\/2023\/10\/CIMAC_202343-768x1024.png 768w, https:\/\/dev.antudigital.cl\/sites\/vc\/wp-content\/uploads\/2023\/10\/CIMAC_202343-225x300.png 225w, https:\/\/dev.antudigital.cl\/sites\/vc\/wp-content\/uploads\/2023\/10\/CIMAC_202343-1152x1536.png 1152w, https:\/\/dev.antudigital.cl\/sites\/vc\/wp-content\/uploads\/2023\/10\/CIMAC_202343-1536x2048.png 1536w, https:\/\/dev.antudigital.cl\/sites\/vc\/wp-content\/uploads\/2023\/10\/CIMAC_202343-1080x1440.png 1080w, https:\/\/dev.antudigital.cl\/sites\/vc\/wp-content\/uploads\/2023\/10\/CIMAC_202343-1280x1707.png 1280w, https:\/\/dev.antudigital.cl\/sites\/vc\/wp-content\/uploads\/2023\/10\/CIMAC_202343-980x1307.png 980w, https:\/\/dev.antudigital.cl\/sites\/vc\/wp-content\/uploads\/2023\/10\/CIMAC_202343-480x640.png 480w, https:\/\/dev.antudigital.cl\/sites\/vc\/wp-content\/uploads\/2023\/10\/CIMAC_202343-18x24.png 18w, https:\/\/dev.antudigital.cl\/sites\/vc\/wp-content\/uploads\/2023\/10\/CIMAC_202343-27x36.png 27w, https:\/\/dev.antudigital.cl\/sites\/vc\/wp-content\/uploads\/2023\/10\/CIMAC_202343-36x48.png 36w\" sizes=\"(max-width: 768px) 100vw, 768px\" \/><\/figure>\n\n\n\n<p><strong>GALA Y TALLERES GRATUITOS<\/strong><\/p>\n\n\n\n<p>El s\u00e1bado 28 de octubre a las 19hrs. est\u00e1 programada la gala en el teatro del Parque Cultural de Valpara\u00edso. Como todos los a\u00f1os el espect\u00e1culo es de gran nivel y re\u00fane diversos artistas que deslumbran en el escenario. La versi\u00f3n XIV del CIMAC, contempla los artistas alemanes invitados, Etienne Chauzy de Francia, la compa\u00f1\u00eda Enaires que est\u00e1 ubicada en la ex-maestranza Bar\u00f3n, el payaso Rudy Chaparro y otras sorpresas que est\u00e1n preparadas. La actividad tiene un costo de $5000 y las entradas se pueden adquirir en la boleter\u00eda del teatro el mismo d\u00eda del evento.<\/p>\n\n\n\n<p>La familia podr\u00e1 asistir a talleres gratuitos e inclusivos los d\u00edas s\u00e1bado 28 y domingo 29 donde podr\u00e1n participar de globoflexia, magia, a\u00e9reos, acrobacias de piso entre otros. Adem\u00e1s el d\u00eda domingo 29 se invita al p\u00fablico a participar en Parque de Circo d\u00f3nde podr\u00e1n encontrar juegos para desarrollar la motricidad fina y gruesa, muros de escalada, espect\u00e1culos al aire libre, m\u00fasica en vivo y narraci\u00f3n oral.<\/p>\n\n\n\n<p><strong>Para m\u00e1s informaci\u00f3n revisa&nbsp;<a href=\"http:\/\/www.cimacchile.com\/\" target=\"_blank\" rel=\"noreferrer noopener\">www.cimacchile.com<\/a><\/strong><\/p>\n","protected":false},"excerpt":{"rendered":"<p>El circo es sin\u00f3nimo de tradici\u00f3n, colores, alegr\u00eda, dedicaci\u00f3n y mucho talento. Son 14 a\u00f1os consecutivos que se realiza CIMAC, una tremenda plataforma cultural internacional que posiciona a las artes circenses a un excelente nivel con exponentes regionales, nacionales e internacionales que se dan cita en Valpara\u00edso para otorgar espect\u00e1culos, experiencia, formaci\u00f3n y vinculaci\u00f3n con [&hellip;]<\/p>\n","protected":false},"author":1,"featured_media":17563,"comment_status":"closed","ping_status":"closed","sticky":false,"template":"","format":"standard","meta":{"_acf_changed":false,"footnotes":""},"categories":[1],"tags":[],"class_list":["post-17560","post","type-post","status-publish","format-standard","has-post-thumbnail","hentry","category-uncategorized"],"acf":[],"yoast_head":"<!-- This site is optimized with the Yoast SEO plugin v27.1.1 - https:\/\/yoast.com\/product\/yoast-seo-wordpress\/ -->\n<title>El circo en todo su esplendor: lanzamiento de congreso internacional de malabarismo y artes circenses - Valpara\u00ed\u00adso Creativo<\/title>\n<meta name=\"robots\" content=\"index, follow, max-snippet:-1, max-image-preview:large, max-video-preview:-1\" \/>\n<link rel=\"canonical\" href=\"https:\/\/dev.antudigital.cl\/sites\/vc\/el-circo-en-todo-su-esplendor-lanzamiento-de-congreso-internacional-de-malabarismo-y-artes-circenses\/\" \/>\n<meta property=\"og:locale\" content=\"es_ES\" \/>\n<meta property=\"og:type\" content=\"article\" \/>\n<meta property=\"og:title\" content=\"El circo en todo su esplendor: lanzamiento de congreso internacional de malabarismo y artes circenses - Valpara\u00ed\u00adso Creativo\" \/>\n<meta property=\"og:description\" content=\"El circo es sin\u00f3nimo de tradici\u00f3n, colores, alegr\u00eda, dedicaci\u00f3n y mucho talento. Son 14 a\u00f1os consecutivos que se realiza CIMAC, una tremenda plataforma cultural internacional que posiciona a las artes circenses a un excelente nivel con exponentes regionales, nacionales e internacionales que se dan cita en Valpara\u00edso para otorgar espect\u00e1culos, experiencia, formaci\u00f3n y vinculaci\u00f3n con [&hellip;]\" \/>\n<meta property=\"og:url\" content=\"https:\/\/dev.antudigital.cl\/sites\/vc\/el-circo-en-todo-su-esplendor-lanzamiento-de-congreso-internacional-de-malabarismo-y-artes-circenses\/\" \/>\n<meta property=\"og:site_name\" content=\"Valpara\u00ed\u00adso Creativo\" \/>\n<meta property=\"article:published_time\" content=\"2023-10-24T02:39:52+00:00\" \/>\n<meta property=\"article:modified_time\" content=\"2023-10-24T03:26:06+00:00\" \/>\n<meta property=\"og:image\" content=\"https:\/\/dev.antudigital.cl\/sites\/vc\/wp-content\/uploads\/2023\/10\/IMG_8229-scaled.jpg\" \/>\n\t<meta property=\"og:image:width\" content=\"2560\" \/>\n\t<meta property=\"og:image:height\" content=\"1707\" \/>\n\t<meta property=\"og:image:type\" content=\"image\/jpeg\" \/>\n<meta name=\"author\" content=\"Valpara\u00edso Creativo\" \/>\n<meta name=\"twitter:card\" content=\"summary_large_image\" \/>\n<meta name=\"twitter:label1\" content=\"Escrito por\" \/>\n\t<meta name=\"twitter:data1\" content=\"Valpara\u00edso Creativo\" \/>\n\t<meta name=\"twitter:label2\" content=\"Tiempo de lectura\" \/>\n\t<meta name=\"twitter:data2\" content=\"7 minutos\" \/>\n<script type=\"application\/ld+json\" class=\"yoast-schema-graph\">{\"@context\":\"https:\/\/schema.org\",\"@graph\":[{\"@type\":\"Article\",\"@id\":\"https:\/\/dev.antudigital.cl\/sites\/vc\/el-circo-en-todo-su-esplendor-lanzamiento-de-congreso-internacional-de-malabarismo-y-artes-circenses\/#article\",\"isPartOf\":{\"@id\":\"https:\/\/dev.antudigital.cl\/sites\/vc\/el-circo-en-todo-su-esplendor-lanzamiento-de-congreso-internacional-de-malabarismo-y-artes-circenses\/\"},\"author\":{\"name\":\"Valpara\u00edso Creativo\",\"@id\":\"https:\/\/dev.antudigital.cl\/sites\/vc\/#\/schema\/person\/c2b9da8dd545e27166fc5ab232837318\"},\"headline\":\"El circo en todo su esplendor: lanzamiento de congreso internacional de malabarismo y artes circenses\",\"datePublished\":\"2023-10-24T02:39:52+00:00\",\"dateModified\":\"2023-10-24T03:26:06+00:00\",\"mainEntityOfPage\":{\"@id\":\"https:\/\/dev.antudigital.cl\/sites\/vc\/el-circo-en-todo-su-esplendor-lanzamiento-de-congreso-internacional-de-malabarismo-y-artes-circenses\/\"},\"wordCount\":1364,\"image\":{\"@id\":\"https:\/\/dev.antudigital.cl\/sites\/vc\/el-circo-en-todo-su-esplendor-lanzamiento-de-congreso-internacional-de-malabarismo-y-artes-circenses\/#primaryimage\"},\"thumbnailUrl\":\"https:\/\/dev.antudigital.cl\/sites\/vc\/wp-content\/uploads\/2023\/10\/IMG_8229-scaled.jpg\",\"articleSection\":[\"Uncategorized\"],\"inLanguage\":\"es\"},{\"@type\":\"WebPage\",\"@id\":\"https:\/\/dev.antudigital.cl\/sites\/vc\/el-circo-en-todo-su-esplendor-lanzamiento-de-congreso-internacional-de-malabarismo-y-artes-circenses\/\",\"url\":\"https:\/\/dev.antudigital.cl\/sites\/vc\/el-circo-en-todo-su-esplendor-lanzamiento-de-congreso-internacional-de-malabarismo-y-artes-circenses\/\",\"name\":\"El circo en todo su esplendor: lanzamiento de congreso internacional de malabarismo y artes circenses - Valpara\u00ed\u00adso Creativo\",\"isPartOf\":{\"@id\":\"https:\/\/dev.antudigital.cl\/sites\/vc\/#website\"},\"primaryImageOfPage\":{\"@id\":\"https:\/\/dev.antudigital.cl\/sites\/vc\/el-circo-en-todo-su-esplendor-lanzamiento-de-congreso-internacional-de-malabarismo-y-artes-circenses\/#primaryimage\"},\"image\":{\"@id\":\"https:\/\/dev.antudigital.cl\/sites\/vc\/el-circo-en-todo-su-esplendor-lanzamiento-de-congreso-internacional-de-malabarismo-y-artes-circenses\/#primaryimage\"},\"thumbnailUrl\":\"https:\/\/dev.antudigital.cl\/sites\/vc\/wp-content\/uploads\/2023\/10\/IMG_8229-scaled.jpg\",\"datePublished\":\"2023-10-24T02:39:52+00:00\",\"dateModified\":\"2023-10-24T03:26:06+00:00\",\"author\":{\"@id\":\"https:\/\/dev.antudigital.cl\/sites\/vc\/#\/schema\/person\/c2b9da8dd545e27166fc5ab232837318\"},\"breadcrumb\":{\"@id\":\"https:\/\/dev.antudigital.cl\/sites\/vc\/el-circo-en-todo-su-esplendor-lanzamiento-de-congreso-internacional-de-malabarismo-y-artes-circenses\/#breadcrumb\"},\"inLanguage\":\"es\",\"potentialAction\":[{\"@type\":\"ReadAction\",\"target\":[\"https:\/\/dev.antudigital.cl\/sites\/vc\/el-circo-en-todo-su-esplendor-lanzamiento-de-congreso-internacional-de-malabarismo-y-artes-circenses\/\"]}]},{\"@type\":\"ImageObject\",\"inLanguage\":\"es\",\"@id\":\"https:\/\/dev.antudigital.cl\/sites\/vc\/el-circo-en-todo-su-esplendor-lanzamiento-de-congreso-internacional-de-malabarismo-y-artes-circenses\/#primaryimage\",\"url\":\"https:\/\/dev.antudigital.cl\/sites\/vc\/wp-content\/uploads\/2023\/10\/IMG_8229-scaled.jpg\",\"contentUrl\":\"https:\/\/dev.antudigital.cl\/sites\/vc\/wp-content\/uploads\/2023\/10\/IMG_8229-scaled.jpg\",\"width\":2560,\"height\":1707},{\"@type\":\"BreadcrumbList\",\"@id\":\"https:\/\/dev.antudigital.cl\/sites\/vc\/el-circo-en-todo-su-esplendor-lanzamiento-de-congreso-internacional-de-malabarismo-y-artes-circenses\/#breadcrumb\",\"itemListElement\":[{\"@type\":\"ListItem\",\"position\":1,\"name\":\"Home\",\"item\":\"https:\/\/dev.antudigital.cl\/sites\/vc\/\"},{\"@type\":\"ListItem\",\"position\":2,\"name\":\"El circo en todo su esplendor: lanzamiento de congreso internacional de malabarismo y artes circenses\"}]},{\"@type\":\"WebSite\",\"@id\":\"https:\/\/dev.antudigital.cl\/sites\/vc\/#website\",\"url\":\"https:\/\/dev.antudigital.cl\/sites\/vc\/\",\"name\":\"Valpara\u00ed\u00adso Creativo\",\"description\":\"\",\"potentialAction\":[{\"@type\":\"SearchAction\",\"target\":{\"@type\":\"EntryPoint\",\"urlTemplate\":\"https:\/\/dev.antudigital.cl\/sites\/vc\/?s={search_term_string}\"},\"query-input\":{\"@type\":\"PropertyValueSpecification\",\"valueRequired\":true,\"valueName\":\"search_term_string\"}}],\"inLanguage\":\"es\"},{\"@type\":\"Person\",\"@id\":\"https:\/\/dev.antudigital.cl\/sites\/vc\/#\/schema\/person\/c2b9da8dd545e27166fc5ab232837318\",\"name\":\"Valpara\u00edso Creativo\",\"description\":\"Periodista de cultura en la Regi\u00f3n de Valpara\u00edso.\",\"url\":\"https:\/\/dev.antudigital.cl\/sites\/vc\/author\/valpoadmin\/\"}]}<\/script>\n<!-- \/ Yoast SEO plugin. -->","yoast_head_json":{"title":"El circo en todo su esplendor: lanzamiento de congreso internacional de malabarismo y artes circenses - Valpara\u00ed\u00adso Creativo","robots":{"index":"index","follow":"follow","max-snippet":"max-snippet:-1","max-image-preview":"max-image-preview:large","max-video-preview":"max-video-preview:-1"},"canonical":"https:\/\/dev.antudigital.cl\/sites\/vc\/el-circo-en-todo-su-esplendor-lanzamiento-de-congreso-internacional-de-malabarismo-y-artes-circenses\/","og_locale":"es_ES","og_type":"article","og_title":"El circo en todo su esplendor: lanzamiento de congreso internacional de malabarismo y artes circenses - Valpara\u00ed\u00adso Creativo","og_description":"El circo es sin\u00f3nimo de tradici\u00f3n, colores, alegr\u00eda, dedicaci\u00f3n y mucho talento. Son 14 a\u00f1os consecutivos que se realiza CIMAC, una tremenda plataforma cultural internacional que posiciona a las artes circenses a un excelente nivel con exponentes regionales, nacionales e internacionales que se dan cita en Valpara\u00edso para otorgar espect\u00e1culos, experiencia, formaci\u00f3n y vinculaci\u00f3n con [&hellip;]","og_url":"https:\/\/dev.antudigital.cl\/sites\/vc\/el-circo-en-todo-su-esplendor-lanzamiento-de-congreso-internacional-de-malabarismo-y-artes-circenses\/","og_site_name":"Valpara\u00ed\u00adso Creativo","article_published_time":"2023-10-24T02:39:52+00:00","article_modified_time":"2023-10-24T03:26:06+00:00","og_image":[{"width":2560,"height":1707,"url":"https:\/\/dev.antudigital.cl\/sites\/vc\/wp-content\/uploads\/2023\/10\/IMG_8229-scaled.jpg","type":"image\/jpeg"}],"author":"Valpara\u00edso Creativo","twitter_card":"summary_large_image","twitter_misc":{"Escrito por":"Valpara\u00edso Creativo","Tiempo de lectura":"7 minutos"},"schema":{"@context":"https:\/\/schema.org","@graph":[{"@type":"Article","@id":"https:\/\/dev.antudigital.cl\/sites\/vc\/el-circo-en-todo-su-esplendor-lanzamiento-de-congreso-internacional-de-malabarismo-y-artes-circenses\/#article","isPartOf":{"@id":"https:\/\/dev.antudigital.cl\/sites\/vc\/el-circo-en-todo-su-esplendor-lanzamiento-de-congreso-internacional-de-malabarismo-y-artes-circenses\/"},"author":{"name":"Valpara\u00edso Creativo","@id":"https:\/\/dev.antudigital.cl\/sites\/vc\/#\/schema\/person\/c2b9da8dd545e27166fc5ab232837318"},"headline":"El circo en todo su esplendor: lanzamiento de congreso internacional de malabarismo y artes circenses","datePublished":"2023-10-24T02:39:52+00:00","dateModified":"2023-10-24T03:26:06+00:00","mainEntityOfPage":{"@id":"https:\/\/dev.antudigital.cl\/sites\/vc\/el-circo-en-todo-su-esplendor-lanzamiento-de-congreso-internacional-de-malabarismo-y-artes-circenses\/"},"wordCount":1364,"image":{"@id":"https:\/\/dev.antudigital.cl\/sites\/vc\/el-circo-en-todo-su-esplendor-lanzamiento-de-congreso-internacional-de-malabarismo-y-artes-circenses\/#primaryimage"},"thumbnailUrl":"https:\/\/dev.antudigital.cl\/sites\/vc\/wp-content\/uploads\/2023\/10\/IMG_8229-scaled.jpg","articleSection":["Uncategorized"],"inLanguage":"es"},{"@type":"WebPage","@id":"https:\/\/dev.antudigital.cl\/sites\/vc\/el-circo-en-todo-su-esplendor-lanzamiento-de-congreso-internacional-de-malabarismo-y-artes-circenses\/","url":"https:\/\/dev.antudigital.cl\/sites\/vc\/el-circo-en-todo-su-esplendor-lanzamiento-de-congreso-internacional-de-malabarismo-y-artes-circenses\/","name":"El circo en todo su esplendor: lanzamiento de congreso internacional de malabarismo y artes circenses - Valpara\u00ed\u00adso Creativo","isPartOf":{"@id":"https:\/\/dev.antudigital.cl\/sites\/vc\/#website"},"primaryImageOfPage":{"@id":"https:\/\/dev.antudigital.cl\/sites\/vc\/el-circo-en-todo-su-esplendor-lanzamiento-de-congreso-internacional-de-malabarismo-y-artes-circenses\/#primaryimage"},"image":{"@id":"https:\/\/dev.antudigital.cl\/sites\/vc\/el-circo-en-todo-su-esplendor-lanzamiento-de-congreso-internacional-de-malabarismo-y-artes-circenses\/#primaryimage"},"thumbnailUrl":"https:\/\/dev.antudigital.cl\/sites\/vc\/wp-content\/uploads\/2023\/10\/IMG_8229-scaled.jpg","datePublished":"2023-10-24T02:39:52+00:00","dateModified":"2023-10-24T03:26:06+00:00","author":{"@id":"https:\/\/dev.antudigital.cl\/sites\/vc\/#\/schema\/person\/c2b9da8dd545e27166fc5ab232837318"},"breadcrumb":{"@id":"https:\/\/dev.antudigital.cl\/sites\/vc\/el-circo-en-todo-su-esplendor-lanzamiento-de-congreso-internacional-de-malabarismo-y-artes-circenses\/#breadcrumb"},"inLanguage":"es","potentialAction":[{"@type":"ReadAction","target":["https:\/\/dev.antudigital.cl\/sites\/vc\/el-circo-en-todo-su-esplendor-lanzamiento-de-congreso-internacional-de-malabarismo-y-artes-circenses\/"]}]},{"@type":"ImageObject","inLanguage":"es","@id":"https:\/\/dev.antudigital.cl\/sites\/vc\/el-circo-en-todo-su-esplendor-lanzamiento-de-congreso-internacional-de-malabarismo-y-artes-circenses\/#primaryimage","url":"https:\/\/dev.antudigital.cl\/sites\/vc\/wp-content\/uploads\/2023\/10\/IMG_8229-scaled.jpg","contentUrl":"https:\/\/dev.antudigital.cl\/sites\/vc\/wp-content\/uploads\/2023\/10\/IMG_8229-scaled.jpg","width":2560,"height":1707},{"@type":"BreadcrumbList","@id":"https:\/\/dev.antudigital.cl\/sites\/vc\/el-circo-en-todo-su-esplendor-lanzamiento-de-congreso-internacional-de-malabarismo-y-artes-circenses\/#breadcrumb","itemListElement":[{"@type":"ListItem","position":1,"name":"Home","item":"https:\/\/dev.antudigital.cl\/sites\/vc\/"},{"@type":"ListItem","position":2,"name":"El circo en todo su esplendor: lanzamiento de congreso internacional de malabarismo y artes circenses"}]},{"@type":"WebSite","@id":"https:\/\/dev.antudigital.cl\/sites\/vc\/#website","url":"https:\/\/dev.antudigital.cl\/sites\/vc\/","name":"Valpara\u00ed\u00adso Creativo","description":"","potentialAction":[{"@type":"SearchAction","target":{"@type":"EntryPoint","urlTemplate":"https:\/\/dev.antudigital.cl\/sites\/vc\/?s={search_term_string}"},"query-input":{"@type":"PropertyValueSpecification","valueRequired":true,"valueName":"search_term_string"}}],"inLanguage":"es"},{"@type":"Person","@id":"https:\/\/dev.antudigital.cl\/sites\/vc\/#\/schema\/person\/c2b9da8dd545e27166fc5ab232837318","name":"Valpara\u00edso Creativo","description":"Periodista de cultura en la Regi\u00f3n de Valpara\u00edso.","url":"https:\/\/dev.antudigital.cl\/sites\/vc\/author\/valpoadmin\/"}]}},"_links":{"self":[{"href":"https:\/\/dev.antudigital.cl\/sites\/vc\/wp-json\/wp\/v2\/posts\/17560","targetHints":{"allow":["GET"]}}],"collection":[{"href":"https:\/\/dev.antudigital.cl\/sites\/vc\/wp-json\/wp\/v2\/posts"}],"about":[{"href":"https:\/\/dev.antudigital.cl\/sites\/vc\/wp-json\/wp\/v2\/types\/post"}],"author":[{"embeddable":true,"href":"https:\/\/dev.antudigital.cl\/sites\/vc\/wp-json\/wp\/v2\/users\/1"}],"replies":[{"embeddable":true,"href":"https:\/\/dev.antudigital.cl\/sites\/vc\/wp-json\/wp\/v2\/comments?post=17560"}],"version-history":[{"count":2,"href":"https:\/\/dev.antudigital.cl\/sites\/vc\/wp-json\/wp\/v2\/posts\/17560\/revisions"}],"predecessor-version":[{"id":17576,"href":"https:\/\/dev.antudigital.cl\/sites\/vc\/wp-json\/wp\/v2\/posts\/17560\/revisions\/17576"}],"wp:featuredmedia":[{"embeddable":true,"href":"https:\/\/dev.antudigital.cl\/sites\/vc\/wp-json\/wp\/v2\/media\/17563"}],"wp:attachment":[{"href":"https:\/\/dev.antudigital.cl\/sites\/vc\/wp-json\/wp\/v2\/media?parent=17560"}],"wp:term":[{"taxonomy":"category","embeddable":true,"href":"https:\/\/dev.antudigital.cl\/sites\/vc\/wp-json\/wp\/v2\/categories?post=17560"},{"taxonomy":"post_tag","embeddable":true,"href":"https:\/\/dev.antudigital.cl\/sites\/vc\/wp-json\/wp\/v2\/tags?post=17560"}],"curies":[{"name":"wp","href":"https:\/\/api.w.org\/{rel}","templated":true}]}}