{"id":17566,"date":"2023-10-24T03:22:07","date_gmt":"2023-10-24T03:22:07","guid":{"rendered":"https:\/\/www.valparaisocreativo.cl\/?p=17566"},"modified":"2023-10-24T03:22:12","modified_gmt":"2023-10-24T03:22:12","slug":"la-formula-de-la-experimentacion","status":"publish","type":"post","link":"https:\/\/dev.antudigital.cl\/sites\/vc\/la-formula-de-la-experimentacion\/","title":{"rendered":"La f\u00f3rmula de la experimentaci\u00f3n"},"content":{"rendered":"\n<p>Lupe Gajardo se destaca por ser una dise\u00f1adora excepcional con una marca consolidada a nivel internacional. Desde el 2009 se dedica a crear en el \u00e1rea textil, con un foco en la sustentabilidad. Ha logrado establecerse actualmente en Vi\u00f1a del Mar, desde donde busca contribuir a la escena local y vincularse con otras entidades y organizaciones de la Regi\u00f3n.<\/p>\n\n\n\n<p>Conversamos con ella en torno a su creaci\u00f3n, los procesos que conlleva y c\u00f3mo ve el vestir en los chilenos y chilenas.<\/p>\n\n\n\n<figure class=\"wp-block-image size-large\"><img fetchpriority=\"high\" decoding=\"async\" width=\"1024\" height=\"683\" src=\"https:\/\/www.valparaisocreativo.cl\/wp-content\/uploads\/2023\/10\/Lupe-7-1024x683.png\" alt=\"\" class=\"wp-image-17572\" srcset=\"https:\/\/dev.antudigital.cl\/sites\/vc\/wp-content\/uploads\/2023\/10\/Lupe-7-1024x683.png 1024w, https:\/\/dev.antudigital.cl\/sites\/vc\/wp-content\/uploads\/2023\/10\/Lupe-7-300x200.png 300w, https:\/\/dev.antudigital.cl\/sites\/vc\/wp-content\/uploads\/2023\/10\/Lupe-7-768x512.png 768w, https:\/\/dev.antudigital.cl\/sites\/vc\/wp-content\/uploads\/2023\/10\/Lupe-7-1080x720.png 1080w, https:\/\/dev.antudigital.cl\/sites\/vc\/wp-content\/uploads\/2023\/10\/Lupe-7-980x653.png 980w, https:\/\/dev.antudigital.cl\/sites\/vc\/wp-content\/uploads\/2023\/10\/Lupe-7-480x320.png 480w, https:\/\/dev.antudigital.cl\/sites\/vc\/wp-content\/uploads\/2023\/10\/Lupe-7-24x16.png 24w, https:\/\/dev.antudigital.cl\/sites\/vc\/wp-content\/uploads\/2023\/10\/Lupe-7-36x24.png 36w, https:\/\/dev.antudigital.cl\/sites\/vc\/wp-content\/uploads\/2023\/10\/Lupe-7-48x32.png 48w, https:\/\/dev.antudigital.cl\/sites\/vc\/wp-content\/uploads\/2023\/10\/Lupe-7.png 1200w\" sizes=\"(max-width: 1024px) 100vw, 1024px\" \/><\/figure>\n\n\n\n<p><strong>\u00bfC\u00f3mo fue el proceso ahora desde que volviste a Vi\u00f1a del Mar? \u00bfC\u00f3mo fue esa decisi\u00f3n de apostar por volver y cambiar de Regi\u00f3n?<\/strong><\/p>\n\n\n\n<p>-La decisi\u00f3n fue un poco por la pandemia. Viv\u00eda desde el 2008 en Santiago y volv\u00ed el 2020. Estaba todo muy \u00e1lgido por lo que me vine de manera temporal, pero me fui aclimatando de vuelta en la playa y a los seis meses decid\u00ed quedarme y a armar todo ac\u00e1, pero fue una decisi\u00f3n muy espont\u00e1nea. y estoy contenta qued\u00e1ndome ac\u00e1.<\/p>\n\n\n\n<p><strong>Actualmente, \u00bfen qu\u00e9 est\u00e1s?<\/strong><\/p>\n\n\n\n<p>-Acabo de tener a mi primer hijo, por lo que estoy en postnatal, de todos modos actuando en varios proyectos. la pega de taller est\u00e1 en pausa, pero trabajo en proyectos m\u00e1s de direcci\u00f3n creativa, lo que puedo complementar ahora con mis tiempos. y meti\u00e9ndome como primeriza de vuelta en la regi\u00f3n, conociendo actores que impulsan las econom\u00edas creativas. En Santiago estaba muy movida en un cargo de Moda Chile, que me exig\u00eda mucho, haciendo de puente entre distintos actores p\u00fablico privados, y ac\u00e1 estoy conociendo gente, relacion\u00e1ndome, con la idea de impulsar la industria de la moda en la Regi\u00f3n.<\/p>\n\n\n\n<p><strong>\u00bfQu\u00e9 has observado en cuanto al estado de la moda en esta Regi\u00f3n?<\/strong><\/p>\n\n\n\n<p>-Creo que falta, que hay una deuda importante. Hay mucho talento, pero no se ven esos talentos, creo que falta visibilidad y difusi\u00f3n. A excepci\u00f3n de Pasarela Valpara\u00edso, claro, creo que ellos hacen un aporte. Observo que falta calidad en general, en c\u00f3mo nos exponemos o divulgamos y ah\u00ed siento que faltan espacios f\u00edsicos y virtuales de calidad para mostrarse, esa es la deuda. Pero en ning\u00fan caso hay una falencia en t\u00e9rminos de posibilidades y de creaci\u00f3n, creo que eso est\u00e1.\u00a0<\/p>\n\n\n\n<figure class=\"wp-block-image size-large\"><img decoding=\"async\" width=\"1024\" height=\"528\" src=\"https:\/\/www.valparaisocreativo.cl\/wp-content\/uploads\/2023\/10\/lupe-6-1024x528.jpeg\" alt=\"\" class=\"wp-image-17573\" srcset=\"https:\/\/dev.antudigital.cl\/sites\/vc\/wp-content\/uploads\/2023\/10\/lupe-6-1024x528.jpeg 1024w, https:\/\/dev.antudigital.cl\/sites\/vc\/wp-content\/uploads\/2023\/10\/lupe-6-300x155.jpeg 300w, https:\/\/dev.antudigital.cl\/sites\/vc\/wp-content\/uploads\/2023\/10\/lupe-6-768x396.jpeg 768w, https:\/\/dev.antudigital.cl\/sites\/vc\/wp-content\/uploads\/2023\/10\/lupe-6-1536x793.jpeg 1536w, https:\/\/dev.antudigital.cl\/sites\/vc\/wp-content\/uploads\/2023\/10\/lupe-6-1080x557.jpeg 1080w, https:\/\/dev.antudigital.cl\/sites\/vc\/wp-content\/uploads\/2023\/10\/lupe-6-1280x660.jpeg 1280w, https:\/\/dev.antudigital.cl\/sites\/vc\/wp-content\/uploads\/2023\/10\/lupe-6-980x506.jpeg 980w, https:\/\/dev.antudigital.cl\/sites\/vc\/wp-content\/uploads\/2023\/10\/lupe-6-480x248.jpeg 480w, https:\/\/dev.antudigital.cl\/sites\/vc\/wp-content\/uploads\/2023\/10\/lupe-6-24x12.jpeg 24w, https:\/\/dev.antudigital.cl\/sites\/vc\/wp-content\/uploads\/2023\/10\/lupe-6-36x19.jpeg 36w, https:\/\/dev.antudigital.cl\/sites\/vc\/wp-content\/uploads\/2023\/10\/lupe-6-48x25.jpeg 48w, https:\/\/dev.antudigital.cl\/sites\/vc\/wp-content\/uploads\/2023\/10\/lupe-6.jpeg 2000w\" sizes=\"(max-width: 1024px) 100vw, 1024px\" \/><\/figure>\n\n\n\n<p><strong>Con respecto a c\u00f3mo ves a la gente, en cu\u00e1nto a c\u00f3mo nos relacionamos los chilenos con la moda, \u00bfqu\u00e9 piensas?<\/strong><\/p>\n\n\n\n<p>-No hay mucha diferencia entre regiones y santiago, aunque ah\u00ed hay vanguardia &#8211; la poca que hay en Chile, al menos eso siento yo. S\u00ed creo que en Valpara\u00edso hay una vanguardia un poco m\u00e1s underground, pero tampoco llega a ser representativo. Creo que es un fen\u00f3meno sociol\u00f3gico de c\u00f3mo somos los chilenos, lo de la ropa, creo que tiene que ver con nuestra geograf\u00eda.&nbsp;<\/p>\n\n\n\n<p><strong>\u00bfQu\u00e9 te motiv\u00f3 a ingresar al mundo de la moda?<\/strong><\/p>\n\n\n\n<p>-Fue en la medida en la que fui creciendo, la verdad es que fue como un golazo el haber estudiado esta carrera. Yo sab\u00eda que quer\u00eda hacer algo con arte, manualidades, sociolog\u00eda que era por donde iban mis intereses, me met\u00ed a un t\u00e9cnico en vestuario porque sab\u00eda coser y era una carrera corta, aunque en el camino me enamor\u00e9 de la moda. Entend\u00ed que la ropa tiene un lado muy profundo, que es a lo que yo me he enfocado un poco, la creaci\u00f3n, el proceso creativo y qu\u00e9 significa el vestuario, en t\u00e9rminos de comunicaci\u00f3n, que es mi \u00e1rea fuerte, lo que me interesa: relacionado m\u00e1s a la psicolog\u00eda y sociolog\u00eda.<\/p>\n\n\n\n<p>Cuando notas que los textiles son tan trascendentales para el individuo como para las tribus sociales, se abre la mirada, y ah\u00ed me enamor\u00e9.<\/p>\n\n\n\n<figure class=\"wp-block-image size-full\"><img decoding=\"async\" width=\"913\" height=\"649\" src=\"https:\/\/www.valparaisocreativo.cl\/wp-content\/uploads\/2023\/10\/Captura-de-Pantalla-2023-10-23-a-las-23.42.21.png\" alt=\"\" class=\"wp-image-17567\" srcset=\"https:\/\/dev.antudigital.cl\/sites\/vc\/wp-content\/uploads\/2023\/10\/Captura-de-Pantalla-2023-10-23-a-las-23.42.21.png 913w, https:\/\/dev.antudigital.cl\/sites\/vc\/wp-content\/uploads\/2023\/10\/Captura-de-Pantalla-2023-10-23-a-las-23.42.21-300x213.png 300w, https:\/\/dev.antudigital.cl\/sites\/vc\/wp-content\/uploads\/2023\/10\/Captura-de-Pantalla-2023-10-23-a-las-23.42.21-768x546.png 768w, https:\/\/dev.antudigital.cl\/sites\/vc\/wp-content\/uploads\/2023\/10\/Captura-de-Pantalla-2023-10-23-a-las-23.42.21-400x284.png 400w, https:\/\/dev.antudigital.cl\/sites\/vc\/wp-content\/uploads\/2023\/10\/Captura-de-Pantalla-2023-10-23-a-las-23.42.21-480x341.png 480w, https:\/\/dev.antudigital.cl\/sites\/vc\/wp-content\/uploads\/2023\/10\/Captura-de-Pantalla-2023-10-23-a-las-23.42.21-24x17.png 24w, https:\/\/dev.antudigital.cl\/sites\/vc\/wp-content\/uploads\/2023\/10\/Captura-de-Pantalla-2023-10-23-a-las-23.42.21-36x26.png 36w, https:\/\/dev.antudigital.cl\/sites\/vc\/wp-content\/uploads\/2023\/10\/Captura-de-Pantalla-2023-10-23-a-las-23.42.21-48x34.png 48w\" sizes=\"(max-width: 913px) 100vw, 913px\" \/><\/figure>\n\n\n\n<p><strong>\u00bfC\u00f3mo llegaste al punto de definirte como marca?<\/strong><\/p>\n\n\n\n<p>-Ha sido muy org\u00e1nico mi camino desde que part\u00ed. Nunca planifiqu\u00e9 mucho a futuro, sino que viv\u00ed m\u00e1s el proceso presente. Un punto que marca el antes y despu\u00e9s de mi carrera fue la participaci\u00f3n en el New York Fashion Week del 2015, una invitaci\u00f3n que recib\u00ed y que me pareci\u00f3 \u201cwow\u201d. Ah\u00ed entend\u00ed que era una marca, lo que no hab\u00eda pensado mucho antes, s\u00f3lo le puse mi nombre. En un momento empieza todo a tener peso y recib\u00ed esta invitaci\u00f3n important\u00edsima y que marca un hito en la industria nacional, pues nunca hab\u00eda ido otra chilena. Comenc\u00e9 entonces a trabajar m\u00e1s mi concepto, pero antes de eso no le daba muchas vueltas.<\/p>\n\n\n\n<p><strong>\u00bfC\u00f3mo se sinti\u00f3 ese momento, aquella invitaci\u00f3n y participar en pasarelas internacionales tan importantes como \u00e9sta?<\/strong><\/p>\n\n\n\n<p>-Fue muy incre\u00edble, pues en otras pasarelas he participado solo de forma virtual por la pandemia, lo que es s\u00faper diferente. Fue una locura en verdad, yo era muy nueva, no ten\u00eda miedo en lo que estaba mostrando pero todo fue puro aprendizaje, ver c\u00f3mo se trabaja en ese contexto y tal. Armar una pasarela funciona similar en todas partes, pero all\u00e1 los invitados son muy importantes, quienes hablar\u00e1n de tu trabajo luego en los medios m\u00e1s le\u00eddos del mundo. Me siento muy orgullosa, fue muy bonito.<\/p>\n\n\n\n<p><strong>\u00bfQu\u00e9 buscas transmitir a trav\u00e9s de tus piezas?<\/strong><\/p>\n\n\n\n<p>-Busco transmitir una elegancia local, por as\u00ed decirlo. Una estampa que nace desde ac\u00e1, que no es importada. Ese ha sido mi trabajo m\u00e1s importante siento yo, al que yo me dedico m\u00e1s, lograr una propuesta muy autoral que habla desde el territorio y eso se traduce en ocupar materiales que son de ac\u00e1, una paleta de colores con la que me siento identificada y me hace sentido. Creo que hay muchas personas que han le\u00eddo el mensaje y lo han interpretado y eso es lo que busco. Igual mi marca y trabajo es s\u00faper experimental, siento que a\u00fan estoy aprendiendo y en el camino, si bien creo que tengo un sello, creo que parte de eso tambi\u00e9n es estar cambiando y experimentando: esa es mi f\u00f3rmula.<\/p>\n\n\n\n<figure class=\"wp-block-image size-large\"><img loading=\"lazy\" decoding=\"async\" width=\"683\" height=\"1024\" src=\"https:\/\/www.valparaisocreativo.cl\/wp-content\/uploads\/2023\/10\/Lupe-4-683x1024.jpeg\" alt=\"\" class=\"wp-image-17574\" srcset=\"https:\/\/dev.antudigital.cl\/sites\/vc\/wp-content\/uploads\/2023\/10\/Lupe-4-683x1024.jpeg 683w, https:\/\/dev.antudigital.cl\/sites\/vc\/wp-content\/uploads\/2023\/10\/Lupe-4-200x300.jpeg 200w, https:\/\/dev.antudigital.cl\/sites\/vc\/wp-content\/uploads\/2023\/10\/Lupe-4-768x1152.jpeg 768w, https:\/\/dev.antudigital.cl\/sites\/vc\/wp-content\/uploads\/2023\/10\/Lupe-4-480x720.jpeg 480w, https:\/\/dev.antudigital.cl\/sites\/vc\/wp-content\/uploads\/2023\/10\/Lupe-4-16x24.jpeg 16w, https:\/\/dev.antudigital.cl\/sites\/vc\/wp-content\/uploads\/2023\/10\/Lupe-4-24x36.jpeg 24w, https:\/\/dev.antudigital.cl\/sites\/vc\/wp-content\/uploads\/2023\/10\/Lupe-4-32x48.jpeg 32w, https:\/\/dev.antudigital.cl\/sites\/vc\/wp-content\/uploads\/2023\/10\/Lupe-4.jpeg 800w\" sizes=\"(max-width: 683px) 100vw, 683px\" \/><\/figure>\n\n\n\n<p><strong>\u00bfHaces otras cosas \u201ccreativas\u201d en tu vida personal?<\/strong><\/p>\n\n\n\n<p>-Hago mucho collage an\u00e1logo y part\u00ed en la pandemia, me encant\u00f3. Tiene mucho que ver con mis procesos mentales y me relaja. Hubo per\u00edodos en los que pint\u00e9, o he escrito, pero ahora eso.<\/p>\n\n\n\n<p><strong>\u00bfQu\u00e9 se viene para tu vida ahora?<\/strong><\/p>\n\n\n\n<p>-Hay un proyecto bien interesante que parti\u00f3 el a\u00f1o pasado, que se llama <strong>desierto circular, <\/strong>y que present\u00e9 a la municipalidad de Alto Hospicio para capacitar mujeres en t\u00e9cnicas de costura para reciclaje textil, esto a ra\u00edz de la crisis que viven con el vertedero, que es el segundo m\u00e1s grande del mundo. Eso result\u00f3 en dos habit\u00e1culos gigantescos que montamos en el Centro Cultural de Alto Hospicio, y estamos ahora haciendo merchandising para empresas con textiles reciclados y eso lo llevamos hace un tiempo, por lo que se est\u00e1 consolidando.<\/p>\n\n\n\n<p><strong>\u00bfHay marcas de la Regi\u00f3n que puedas recomendar?<\/strong>&#8211;<a href=\"https:\/\/www.instagram.com\/eme.demarias\/?hl=es-la\">Eme de Mar\u00edas<\/a>, del Cerro Alegre. Tambi\u00e9n <a href=\"https:\/\/www.instagram.com\/matriarca_cl\/?hl=es-la\">Matriarca<\/a>, quienes trabajan accesorios de cuero. <a href=\"https:\/\/www.instagram.com\/casakiro\/?hl=es-la\">Casa Kiro<\/a> de joyas es muy buena adem\u00e1s. Esas tres las recuerdo actualmente y son s\u00faper buenos exponentes dentro de muchos m\u00e1s.<\/p>\n","protected":false},"excerpt":{"rendered":"<p>Lupe Gajardo se destaca por ser una dise\u00f1adora excepcional con una marca consolidada a nivel internacional. Desde el 2009 se dedica a crear en el \u00e1rea textil, con un foco en la sustentabilidad. Ha logrado establecerse actualmente en Vi\u00f1a del Mar, desde donde busca contribuir a la escena local y vincularse con otras entidades y [&hellip;]<\/p>\n","protected":false},"author":1,"featured_media":17569,"comment_status":"closed","ping_status":"closed","sticky":false,"template":"","format":"standard","meta":{"_acf_changed":false,"footnotes":""},"categories":[218],"tags":[],"class_list":["post-17566","post","type-post","status-publish","format-standard","has-post-thumbnail","hentry","category-blog"],"acf":[],"yoast_head":"<!-- This site is optimized with the Yoast SEO plugin v27.1.1 - https:\/\/yoast.com\/product\/yoast-seo-wordpress\/ -->\n<title>La f\u00f3rmula de la experimentaci\u00f3n - Valpara\u00ed\u00adso Creativo<\/title>\n<meta name=\"robots\" content=\"index, follow, max-snippet:-1, max-image-preview:large, max-video-preview:-1\" \/>\n<link rel=\"canonical\" href=\"https:\/\/dev.antudigital.cl\/sites\/vc\/la-formula-de-la-experimentacion\/\" \/>\n<meta property=\"og:locale\" content=\"es_ES\" \/>\n<meta property=\"og:type\" content=\"article\" \/>\n<meta property=\"og:title\" content=\"La f\u00f3rmula de la experimentaci\u00f3n - Valpara\u00ed\u00adso Creativo\" \/>\n<meta property=\"og:description\" content=\"Lupe Gajardo se destaca por ser una dise\u00f1adora excepcional con una marca consolidada a nivel internacional. Desde el 2009 se dedica a crear en el \u00e1rea textil, con un foco en la sustentabilidad. Ha logrado establecerse actualmente en Vi\u00f1a del Mar, desde donde busca contribuir a la escena local y vincularse con otras entidades y [&hellip;]\" \/>\n<meta property=\"og:url\" content=\"https:\/\/dev.antudigital.cl\/sites\/vc\/la-formula-de-la-experimentacion\/\" \/>\n<meta property=\"og:site_name\" content=\"Valpara\u00ed\u00adso Creativo\" \/>\n<meta property=\"article:published_time\" content=\"2023-10-24T03:22:07+00:00\" \/>\n<meta property=\"article:modified_time\" content=\"2023-10-24T03:22:12+00:00\" \/>\n<meta property=\"og:image\" content=\"https:\/\/dev.antudigital.cl\/sites\/vc\/wp-content\/uploads\/2023\/10\/Captura-de-Pantalla-2023-10-23-a-las-23.44.23.png\" \/>\n\t<meta property=\"og:image:width\" content=\"1141\" \/>\n\t<meta property=\"og:image:height\" content=\"570\" \/>\n\t<meta property=\"og:image:type\" content=\"image\/png\" \/>\n<meta name=\"author\" content=\"Valpara\u00edso Creativo\" \/>\n<meta name=\"twitter:card\" content=\"summary_large_image\" \/>\n<meta name=\"twitter:label1\" content=\"Escrito por\" \/>\n\t<meta name=\"twitter:data1\" content=\"Valpara\u00edso Creativo\" \/>\n\t<meta name=\"twitter:label2\" content=\"Tiempo de lectura\" \/>\n\t<meta name=\"twitter:data2\" content=\"7 minutos\" \/>\n<script type=\"application\/ld+json\" class=\"yoast-schema-graph\">{\"@context\":\"https:\/\/schema.org\",\"@graph\":[{\"@type\":\"Article\",\"@id\":\"https:\/\/dev.antudigital.cl\/sites\/vc\/la-formula-de-la-experimentacion\/#article\",\"isPartOf\":{\"@id\":\"https:\/\/dev.antudigital.cl\/sites\/vc\/la-formula-de-la-experimentacion\/\"},\"author\":{\"name\":\"Valpara\u00edso Creativo\",\"@id\":\"https:\/\/dev.antudigital.cl\/sites\/vc\/#\/schema\/person\/c2b9da8dd545e27166fc5ab232837318\"},\"headline\":\"La f\u00f3rmula de la experimentaci\u00f3n\",\"datePublished\":\"2023-10-24T03:22:07+00:00\",\"dateModified\":\"2023-10-24T03:22:12+00:00\",\"mainEntityOfPage\":{\"@id\":\"https:\/\/dev.antudigital.cl\/sites\/vc\/la-formula-de-la-experimentacion\/\"},\"wordCount\":1243,\"image\":{\"@id\":\"https:\/\/dev.antudigital.cl\/sites\/vc\/la-formula-de-la-experimentacion\/#primaryimage\"},\"thumbnailUrl\":\"https:\/\/dev.antudigital.cl\/sites\/vc\/wp-content\/uploads\/2023\/10\/Captura-de-Pantalla-2023-10-23-a-las-23.44.23.png\",\"articleSection\":[\"Blog\"],\"inLanguage\":\"es\"},{\"@type\":\"WebPage\",\"@id\":\"https:\/\/dev.antudigital.cl\/sites\/vc\/la-formula-de-la-experimentacion\/\",\"url\":\"https:\/\/dev.antudigital.cl\/sites\/vc\/la-formula-de-la-experimentacion\/\",\"name\":\"La f\u00f3rmula de la experimentaci\u00f3n - Valpara\u00ed\u00adso Creativo\",\"isPartOf\":{\"@id\":\"https:\/\/dev.antudigital.cl\/sites\/vc\/#website\"},\"primaryImageOfPage\":{\"@id\":\"https:\/\/dev.antudigital.cl\/sites\/vc\/la-formula-de-la-experimentacion\/#primaryimage\"},\"image\":{\"@id\":\"https:\/\/dev.antudigital.cl\/sites\/vc\/la-formula-de-la-experimentacion\/#primaryimage\"},\"thumbnailUrl\":\"https:\/\/dev.antudigital.cl\/sites\/vc\/wp-content\/uploads\/2023\/10\/Captura-de-Pantalla-2023-10-23-a-las-23.44.23.png\",\"datePublished\":\"2023-10-24T03:22:07+00:00\",\"dateModified\":\"2023-10-24T03:22:12+00:00\",\"author\":{\"@id\":\"https:\/\/dev.antudigital.cl\/sites\/vc\/#\/schema\/person\/c2b9da8dd545e27166fc5ab232837318\"},\"breadcrumb\":{\"@id\":\"https:\/\/dev.antudigital.cl\/sites\/vc\/la-formula-de-la-experimentacion\/#breadcrumb\"},\"inLanguage\":\"es\",\"potentialAction\":[{\"@type\":\"ReadAction\",\"target\":[\"https:\/\/dev.antudigital.cl\/sites\/vc\/la-formula-de-la-experimentacion\/\"]}]},{\"@type\":\"ImageObject\",\"inLanguage\":\"es\",\"@id\":\"https:\/\/dev.antudigital.cl\/sites\/vc\/la-formula-de-la-experimentacion\/#primaryimage\",\"url\":\"https:\/\/dev.antudigital.cl\/sites\/vc\/wp-content\/uploads\/2023\/10\/Captura-de-Pantalla-2023-10-23-a-las-23.44.23.png\",\"contentUrl\":\"https:\/\/dev.antudigital.cl\/sites\/vc\/wp-content\/uploads\/2023\/10\/Captura-de-Pantalla-2023-10-23-a-las-23.44.23.png\",\"width\":1141,\"height\":570},{\"@type\":\"BreadcrumbList\",\"@id\":\"https:\/\/dev.antudigital.cl\/sites\/vc\/la-formula-de-la-experimentacion\/#breadcrumb\",\"itemListElement\":[{\"@type\":\"ListItem\",\"position\":1,\"name\":\"Home\",\"item\":\"https:\/\/dev.antudigital.cl\/sites\/vc\/\"},{\"@type\":\"ListItem\",\"position\":2,\"name\":\"La f\u00f3rmula de la experimentaci\u00f3n\"}]},{\"@type\":\"WebSite\",\"@id\":\"https:\/\/dev.antudigital.cl\/sites\/vc\/#website\",\"url\":\"https:\/\/dev.antudigital.cl\/sites\/vc\/\",\"name\":\"Valpara\u00ed\u00adso Creativo\",\"description\":\"\",\"potentialAction\":[{\"@type\":\"SearchAction\",\"target\":{\"@type\":\"EntryPoint\",\"urlTemplate\":\"https:\/\/dev.antudigital.cl\/sites\/vc\/?s={search_term_string}\"},\"query-input\":{\"@type\":\"PropertyValueSpecification\",\"valueRequired\":true,\"valueName\":\"search_term_string\"}}],\"inLanguage\":\"es\"},{\"@type\":\"Person\",\"@id\":\"https:\/\/dev.antudigital.cl\/sites\/vc\/#\/schema\/person\/c2b9da8dd545e27166fc5ab232837318\",\"name\":\"Valpara\u00edso Creativo\",\"description\":\"Periodista de cultura en la Regi\u00f3n de Valpara\u00edso.\",\"url\":\"https:\/\/dev.antudigital.cl\/sites\/vc\/author\/valpoadmin\/\"}]}<\/script>\n<!-- \/ Yoast SEO plugin. -->","yoast_head_json":{"title":"La f\u00f3rmula de la experimentaci\u00f3n - Valpara\u00ed\u00adso Creativo","robots":{"index":"index","follow":"follow","max-snippet":"max-snippet:-1","max-image-preview":"max-image-preview:large","max-video-preview":"max-video-preview:-1"},"canonical":"https:\/\/dev.antudigital.cl\/sites\/vc\/la-formula-de-la-experimentacion\/","og_locale":"es_ES","og_type":"article","og_title":"La f\u00f3rmula de la experimentaci\u00f3n - Valpara\u00ed\u00adso Creativo","og_description":"Lupe Gajardo se destaca por ser una dise\u00f1adora excepcional con una marca consolidada a nivel internacional. Desde el 2009 se dedica a crear en el \u00e1rea textil, con un foco en la sustentabilidad. Ha logrado establecerse actualmente en Vi\u00f1a del Mar, desde donde busca contribuir a la escena local y vincularse con otras entidades y [&hellip;]","og_url":"https:\/\/dev.antudigital.cl\/sites\/vc\/la-formula-de-la-experimentacion\/","og_site_name":"Valpara\u00ed\u00adso Creativo","article_published_time":"2023-10-24T03:22:07+00:00","article_modified_time":"2023-10-24T03:22:12+00:00","og_image":[{"width":1141,"height":570,"url":"https:\/\/dev.antudigital.cl\/sites\/vc\/wp-content\/uploads\/2023\/10\/Captura-de-Pantalla-2023-10-23-a-las-23.44.23.png","type":"image\/png"}],"author":"Valpara\u00edso Creativo","twitter_card":"summary_large_image","twitter_misc":{"Escrito por":"Valpara\u00edso Creativo","Tiempo de lectura":"7 minutos"},"schema":{"@context":"https:\/\/schema.org","@graph":[{"@type":"Article","@id":"https:\/\/dev.antudigital.cl\/sites\/vc\/la-formula-de-la-experimentacion\/#article","isPartOf":{"@id":"https:\/\/dev.antudigital.cl\/sites\/vc\/la-formula-de-la-experimentacion\/"},"author":{"name":"Valpara\u00edso Creativo","@id":"https:\/\/dev.antudigital.cl\/sites\/vc\/#\/schema\/person\/c2b9da8dd545e27166fc5ab232837318"},"headline":"La f\u00f3rmula de la experimentaci\u00f3n","datePublished":"2023-10-24T03:22:07+00:00","dateModified":"2023-10-24T03:22:12+00:00","mainEntityOfPage":{"@id":"https:\/\/dev.antudigital.cl\/sites\/vc\/la-formula-de-la-experimentacion\/"},"wordCount":1243,"image":{"@id":"https:\/\/dev.antudigital.cl\/sites\/vc\/la-formula-de-la-experimentacion\/#primaryimage"},"thumbnailUrl":"https:\/\/dev.antudigital.cl\/sites\/vc\/wp-content\/uploads\/2023\/10\/Captura-de-Pantalla-2023-10-23-a-las-23.44.23.png","articleSection":["Blog"],"inLanguage":"es"},{"@type":"WebPage","@id":"https:\/\/dev.antudigital.cl\/sites\/vc\/la-formula-de-la-experimentacion\/","url":"https:\/\/dev.antudigital.cl\/sites\/vc\/la-formula-de-la-experimentacion\/","name":"La f\u00f3rmula de la experimentaci\u00f3n - Valpara\u00ed\u00adso Creativo","isPartOf":{"@id":"https:\/\/dev.antudigital.cl\/sites\/vc\/#website"},"primaryImageOfPage":{"@id":"https:\/\/dev.antudigital.cl\/sites\/vc\/la-formula-de-la-experimentacion\/#primaryimage"},"image":{"@id":"https:\/\/dev.antudigital.cl\/sites\/vc\/la-formula-de-la-experimentacion\/#primaryimage"},"thumbnailUrl":"https:\/\/dev.antudigital.cl\/sites\/vc\/wp-content\/uploads\/2023\/10\/Captura-de-Pantalla-2023-10-23-a-las-23.44.23.png","datePublished":"2023-10-24T03:22:07+00:00","dateModified":"2023-10-24T03:22:12+00:00","author":{"@id":"https:\/\/dev.antudigital.cl\/sites\/vc\/#\/schema\/person\/c2b9da8dd545e27166fc5ab232837318"},"breadcrumb":{"@id":"https:\/\/dev.antudigital.cl\/sites\/vc\/la-formula-de-la-experimentacion\/#breadcrumb"},"inLanguage":"es","potentialAction":[{"@type":"ReadAction","target":["https:\/\/dev.antudigital.cl\/sites\/vc\/la-formula-de-la-experimentacion\/"]}]},{"@type":"ImageObject","inLanguage":"es","@id":"https:\/\/dev.antudigital.cl\/sites\/vc\/la-formula-de-la-experimentacion\/#primaryimage","url":"https:\/\/dev.antudigital.cl\/sites\/vc\/wp-content\/uploads\/2023\/10\/Captura-de-Pantalla-2023-10-23-a-las-23.44.23.png","contentUrl":"https:\/\/dev.antudigital.cl\/sites\/vc\/wp-content\/uploads\/2023\/10\/Captura-de-Pantalla-2023-10-23-a-las-23.44.23.png","width":1141,"height":570},{"@type":"BreadcrumbList","@id":"https:\/\/dev.antudigital.cl\/sites\/vc\/la-formula-de-la-experimentacion\/#breadcrumb","itemListElement":[{"@type":"ListItem","position":1,"name":"Home","item":"https:\/\/dev.antudigital.cl\/sites\/vc\/"},{"@type":"ListItem","position":2,"name":"La f\u00f3rmula de la experimentaci\u00f3n"}]},{"@type":"WebSite","@id":"https:\/\/dev.antudigital.cl\/sites\/vc\/#website","url":"https:\/\/dev.antudigital.cl\/sites\/vc\/","name":"Valpara\u00ed\u00adso Creativo","description":"","potentialAction":[{"@type":"SearchAction","target":{"@type":"EntryPoint","urlTemplate":"https:\/\/dev.antudigital.cl\/sites\/vc\/?s={search_term_string}"},"query-input":{"@type":"PropertyValueSpecification","valueRequired":true,"valueName":"search_term_string"}}],"inLanguage":"es"},{"@type":"Person","@id":"https:\/\/dev.antudigital.cl\/sites\/vc\/#\/schema\/person\/c2b9da8dd545e27166fc5ab232837318","name":"Valpara\u00edso Creativo","description":"Periodista de cultura en la Regi\u00f3n de Valpara\u00edso.","url":"https:\/\/dev.antudigital.cl\/sites\/vc\/author\/valpoadmin\/"}]}},"_links":{"self":[{"href":"https:\/\/dev.antudigital.cl\/sites\/vc\/wp-json\/wp\/v2\/posts\/17566","targetHints":{"allow":["GET"]}}],"collection":[{"href":"https:\/\/dev.antudigital.cl\/sites\/vc\/wp-json\/wp\/v2\/posts"}],"about":[{"href":"https:\/\/dev.antudigital.cl\/sites\/vc\/wp-json\/wp\/v2\/types\/post"}],"author":[{"embeddable":true,"href":"https:\/\/dev.antudigital.cl\/sites\/vc\/wp-json\/wp\/v2\/users\/1"}],"replies":[{"embeddable":true,"href":"https:\/\/dev.antudigital.cl\/sites\/vc\/wp-json\/wp\/v2\/comments?post=17566"}],"version-history":[{"count":1,"href":"https:\/\/dev.antudigital.cl\/sites\/vc\/wp-json\/wp\/v2\/posts\/17566\/revisions"}],"predecessor-version":[{"id":17575,"href":"https:\/\/dev.antudigital.cl\/sites\/vc\/wp-json\/wp\/v2\/posts\/17566\/revisions\/17575"}],"wp:featuredmedia":[{"embeddable":true,"href":"https:\/\/dev.antudigital.cl\/sites\/vc\/wp-json\/wp\/v2\/media\/17569"}],"wp:attachment":[{"href":"https:\/\/dev.antudigital.cl\/sites\/vc\/wp-json\/wp\/v2\/media?parent=17566"}],"wp:term":[{"taxonomy":"category","embeddable":true,"href":"https:\/\/dev.antudigital.cl\/sites\/vc\/wp-json\/wp\/v2\/categories?post=17566"},{"taxonomy":"post_tag","embeddable":true,"href":"https:\/\/dev.antudigital.cl\/sites\/vc\/wp-json\/wp\/v2\/tags?post=17566"}],"curies":[{"name":"wp","href":"https:\/\/api.w.org\/{rel}","templated":true}]}}